{"id":22429,"date":"2021-11-27T13:58:14","date_gmt":"2021-11-27T13:58:14","guid":{"rendered":"https:\/\/crees.org.do\/?p=22429"},"modified":"2021-11-29T14:05:16","modified_gmt":"2021-11-29T14:05:16","slug":"las-tasas-para-financiamientos-van-a-subir","status":"publish","type":"post","link":"https:\/\/crees.org.do\/?p=22429","title":{"rendered":"Las tasas para financiamientos van a subir"},"content":{"rendered":"<p style=\"text-align: justify;\">Autor: Patria Reyes Rodr\u00edguez<\/p>\n<p style=\"text-align: justify;\">Fecha: 27 de noviembre del 2021<\/p>\n<p style=\"text-align: justify;\">Extra\u00eddo de: <a href=\"https:\/\/listindiario.com\/economia\/2021\/11\/27\/698615\/las-tasas-para-financiamientos-van-a-subir\">List\u00edn Diario<\/a><\/p>\n<p style=\"text-align: justify;\">Los cambios que empe\u00adz\u00f3 a aplicar el Banco Cen\u00adtral en la pol\u00edtica moneta\u00adria, con el aumento de 50 puntos, se ver\u00e1n refleja\u00addos gradualmente en los pr\u00f3ximos meses en el in\u00adcremento de las tasas de inter\u00e9s de los financia\u00admientos, si se mantiene el nivel de recuperaci\u00f3n eco\u00adn\u00f3mica que hasta ahora exhibe el pa\u00eds.<\/p>\n<p style=\"text-align: justify;\">Economistas consulta\u00addos por el List\u00edn Diario ca\u00adlificaron como acertada la medida expresando que era de esperarse que las autoridades monetarias tomaran esa decisi\u00f3n pa\u00adra iniciar la regularizaci\u00f3n de la econom\u00eda y contro\u00adlar la inflaci\u00f3n.<\/p>\n<p style=\"text-align: justify;\">Para el economista Mi\u00adguel Collado Di Franco, del Centro Regional Estu\u00addios Econ\u00f3micos y Socia\u00adles (CREES), hay que es\u00adperar a ver c\u00f3mo y a qu\u00e9 ritmo el Banco Central manejar\u00e1 la tasa de pol\u00ed\u00adtica monetaria para saber c\u00f3mo se va a comportar la tasa de inter\u00e9s. Agreg\u00f3 que es importante tam\u00adbi\u00e9n observar el nivel de liquidez que mantienen los intermediarios finan\u00adcieros, el cual dijo todav\u00eda es muy alto.<\/p>\n<p style=\"text-align: justify;\"><strong>\u201cEsta medida era de es\u00adperar\u201d\u00a0<\/strong>explic\u00f3 v\u00eda telef\u00f3\u00adnica el economista Hen\u00adri Hebrard, quien indic\u00f3 que esta es una tenden\u00adcia que se viene observan\u00addo desde tres o cuatro me\u00adses atr\u00e1s en otros pa\u00edses del continente. Dijo que esto ocurre por la necesi\u00addad de controlar la infla\u00adci\u00f3n, lo que no se ve a cor\u00adto plazo.<\/p>\n<p style=\"text-align: justify;\">Expuso que este proceso de regularizar la econom\u00eda podr\u00eda verse afectado aho\u00adra por la ca\u00edda brusca de los mercados financieros ante la amenaza que representa una nueva variante del Co\u00advid-19. Esto Hebrard lo in\u00adterpreta como una buena y mala noticia, pues aunque representa un ca\u00edda en los precios del petr\u00f3leo, y con esto podr\u00eda disminuir el costo de los combustibles, se prev\u00e9 una complicaci\u00f3n grave de la econom\u00eda mun\u00addial que se ve amenazada con un nuevo cierre.<\/p>\n<p style=\"text-align: justify;\">Como otro elemento im\u00adportante, Hebrard advirti\u00f3 que Estados Unidos tiene pautado subir las tasas de inter\u00e9s, lo que tendr\u00e1 un im\u00adpacto adicional en la econo\u00adm\u00eda. Dijo que\u00a0<strong>se espera que las tasas para el segundo tri\u00admestre del 2022 se ubiquen cerca de 12%<\/strong>, como era an\u00adtes de la pandemia.<\/p>\n<p style=\"text-align: justify;\">De manera coinciden\u00adte, el economista y docente Antonio Ciriaco Cruz, ma\u00adnifest\u00f3 que la decisi\u00f3n de endurecer la pol\u00edtica mo\u00adnetaria obedece al hecho de que la inflaci\u00f3n importa\u00adda amenaza con desanclar las expectativas de estabi\u00adlidad que la meta de infla\u00adci\u00f3n ya hab\u00eda creado. \u201cCon la medida del banco, este trata de acelerar la ca\u00edda de la inflaci\u00f3n para que pue\u00adde acercarse a la inflaci\u00f3n meta. Yo pienso que es co\u00adrrecta la medida, aunque perjudicar\u00e1 a los deudores de pr\u00e9stamos con tasas de inter\u00e9s variables y benefi\u00adciar\u00e1 aquellos que ahorren e inviertan en certificados financieros y otros produc\u00adtos de inversi\u00f3n, ya que ta\u00adsas m\u00e1s alta mejoran el ren\u00addimiento de los ahorros\u201d, apunta Ciriaco.<\/p>\n<p style=\"text-align: justify;\"><strong>ABA saluda<\/strong><\/p>\n<p style=\"text-align: justify;\">La Asociaci\u00f3n de Bancos M\u00faltiples (ABA) aplau\u00addi\u00f3 la medida del BC y se\u00ad\u00f1al\u00f3 que este aumento de la tasa de pol\u00edtica moneta\u00adria acompa\u00f1ada del retiro gradual de la liquidez que se ha venido operando tie\u00adne un canal de transmisi\u00f3n en las tasas de inter\u00e9s ban\u00adcarias, que se ir\u00e1 reflejando gradualmente.<\/p>\n<p style=\"text-align: justify;\">No obstante, la ABA indic\u00f3 que la banca m\u00faltiple man\u00adtiene excelentes niveles de liquidez que avizoran un horizonte de gradualidad en el incremento de los cos\u00adtos financieros.<\/p>\n<p style=\"text-align: justify;\"><strong>SEPA M\u00c1S<\/strong><\/p>\n<p style=\"text-align: justify;\"><strong>Consecuencia para la gente<\/strong><\/p>\n<p style=\"text-align: justify;\"><strong>Alzas en pr\u00e9stamos<\/strong><\/p>\n<p style=\"text-align: justify;\">El economista Henri Hebrard, indic\u00f3 que una consecuentcia directa del aumento de la tasa de pol\u00edtica monetaria que va ver la gente es que l<strong>es van a subir las cuotas de los pr\u00e9stamos\u00a0<\/strong>y tambi\u00e9n frenar\u00e1 la devaluaci\u00f3n del peso, por lo que la tasa de cambio podr\u00eda ubicarse en RD$57.00 al finalizar el a\u00f1o, lo que dijo estaba en las metas de este a\u00f1o.<\/p>\n<p style=\"text-align: justify;\">Al principio de 2021 el peso se fortaleci\u00f3 pasando de RD$58.00 a RD$56.00.<\/p>\n<div class=\"pvc_clear\"><\/div>\n<p class=\"pvc_stats all \" data-element-id=\"22429\" style=\"\"><i class=\"pvc-stats-icon medium\" aria-hidden=\"true\"><svg aria-hidden=\"true\" focusable=\"false\" data-prefix=\"far\" data-icon=\"chart-bar\" role=\"img\" xmlns=\"http:\/\/www.w3.org\/2000\/svg\" viewBox=\"0 0 512 512\" class=\"svg-inline--fa fa-chart-bar fa-w-16 fa-2x\"><path fill=\"currentColor\" d=\"M396.8 352h22.4c6.4 0 12.8-6.4 12.8-12.8V108.8c0-6.4-6.4-12.8-12.8-12.8h-22.4c-6.4 0-12.8 6.4-12.8 12.8v230.4c0 6.4 6.4 12.8 12.8 12.8zm-192 0h22.4c6.4 0 12.8-6.4 12.8-12.8V140.8c0-6.4-6.4-12.8-12.8-12.8h-22.4c-6.4 0-12.8 6.4-12.8 12.8v198.4c0 6.4 6.4 12.8 12.8 12.8zm96 0h22.4c6.4 0 12.8-6.4 12.8-12.8V204.8c0-6.4-6.4-12.8-12.8-12.8h-22.4c-6.4 0-12.8 6.4-12.8 12.8v134.4c0 6.4 6.4 12.8 12.8 12.8zM496 400H48V80c0-8.84-7.16-16-16-16H16C7.16 64 0 71.16 0 80v336c0 17.67 14.33 32 32 32h464c8.84 0 16-7.16 16-16v-16c0-8.84-7.16-16-16-16zm-387.2-48h22.4c6.4 0 12.8-6.4 12.8-12.8v-70.4c0-6.4-6.4-12.8-12.8-12.8h-22.4c-6.4 0-12.8 6.4-12.8 12.8v70.4c0 6.4 6.4 12.8 12.8 12.8z\" class=\"\"><\/path><\/svg><\/i> Vistas Totales&nbsp;1,072&nbsp;<\/p>\n<div class=\"pvc_clear\"><\/div>\n","protected":false},"excerpt":{"rendered":"<p>Autor: Patria Reyes Rodr\u00edguez Fecha: 27 de noviembre del 2021 Extra\u00eddo de: List\u00edn Diario Los cambios que empe\u00adz\u00f3 a aplicar el Banco Cen\u00adtral en la pol\u00edtica moneta\u00adria, con el aumento de 50 puntos, se ver\u00e1n refleja\u00addos gradualmente en los pr\u00f3ximos meses en el in\u00adcremento de las tasas de inter\u00e9s de los financia\u00admientos, si se mantiene&#8230;<\/p>\n<div class=\"pvc_clear\"><\/div>\n<p class=\"pvc_stats all \" data-element-id=\"22429\" style=\"\"><i class=\"pvc-stats-icon medium\" aria-hidden=\"true\"><svg aria-hidden=\"true\" focusable=\"false\" data-prefix=\"far\" data-icon=\"chart-bar\" role=\"img\" xmlns=\"http:\/\/www.w3.org\/2000\/svg\" viewBox=\"0 0 512 512\" class=\"svg-inline--fa fa-chart-bar fa-w-16 fa-2x\"><path fill=\"currentColor\" d=\"M396.8 352h22.4c6.4 0 12.8-6.4 12.8-12.8V108.8c0-6.4-6.4-12.8-12.8-12.8h-22.4c-6.4 0-12.8 6.4-12.8 12.8v230.4c0 6.4 6.4 12.8 12.8 12.8zm-192 0h22.4c6.4 0 12.8-6.4 12.8-12.8V140.8c0-6.4-6.4-12.8-12.8-12.8h-22.4c-6.4 0-12.8 6.4-12.8 12.8v198.4c0 6.4 6.4 12.8 12.8 12.8zm96 0h22.4c6.4 0 12.8-6.4 12.8-12.8V204.8c0-6.4-6.4-12.8-12.8-12.8h-22.4c-6.4 0-12.8 6.4-12.8 12.8v134.4c0 6.4 6.4 12.8 12.8 12.8zM496 400H48V80c0-8.84-7.16-16-16-16H16C7.16 64 0 71.16 0 80v336c0 17.67 14.33 32 32 32h464c8.84 0 16-7.16 16-16v-16c0-8.84-7.16-16-16-16zm-387.2-48h22.4c6.4 0 12.8-6.4 12.8-12.8v-70.4c0-6.4-6.4-12.8-12.8-12.8h-22.4c-6.4 0-12.8 6.4-12.8 12.8v70.4c0 6.4 6.4 12.8 12.8 12.8z\" class=\"\"><\/path><\/svg><\/i> Vistas Totales&nbsp;1,072&nbsp;<\/p>\n<div class=\"pvc_clear\"><\/div>\n","protected":false},"author":2,"featured_media":22431,"comment_status":"closed","ping_status":"closed","sticky":false,"template":"","format":"standard","meta":{"footnotes":""},"categories":[19],"tags":[],"class_list":["post-22429","post","type-post","status-publish","format-standard","has-post-thumbnail","hentry","category-actualidad"],"yoast_head":"<!-- This site is optimized with the Yoast SEO plugin v25.2 - https:\/\/yoast.com\/wordpress\/plugins\/seo\/ -->\n<title>Las tasas para financiamientos van a subir | CREES<\/title>\n<meta name=\"robots\" content=\"index, follow, max-snippet:-1, max-image-preview:large, max-video-preview:-1\" \/>\n<link rel=\"canonical\" href=\"https:\/\/crees.org.do\/?p=22429\" \/>\n<meta property=\"og:locale\" content=\"es_ES\" \/>\n<meta property=\"og:type\" content=\"article\" \/>\n<meta property=\"og:title\" content=\"Las tasas para financiamientos van a subir | CREES\" \/>\n<meta property=\"og:description\" content=\"Autor: Patria Reyes Rodr\u00edguez Fecha: 27 de noviembre del 2021 Extra\u00eddo de: List\u00edn Diario Los cambios que empe\u00adz\u00f3 a aplicar el Banco Cen\u00adtral en la pol\u00edtica moneta\u00adria, con el aumento de 50 puntos, se ver\u00e1n refleja\u00addos gradualmente en los pr\u00f3ximos meses en el in\u00adcremento de las tasas de inter\u00e9s de los financia\u00admientos, si se mantiene...\" \/>\n<meta property=\"og:url\" content=\"https:\/\/crees.org.do\/?p=22429\" \/>\n<meta property=\"og:site_name\" content=\"CREES\" \/>\n<meta property=\"article:publisher\" content=\"https:\/\/www.facebook.com\/CREESRD\/\" \/>\n<meta property=\"article:published_time\" content=\"2021-11-27T13:58:14+00:00\" \/>\n<meta property=\"article:modified_time\" content=\"2021-11-29T14:05:16+00:00\" \/>\n<meta property=\"og:image\" content=\"https:\/\/crees.org.do\/wp-content\/uploads\/2021\/11\/202111270335061.jpg\" \/>\n\t<meta property=\"og:image:width\" content=\"361\" \/>\n\t<meta property=\"og:image:height\" content=\"460\" \/>\n\t<meta property=\"og:image:type\" content=\"image\/jpeg\" \/>\n<meta name=\"author\" content=\"Crees\" \/>\n<meta name=\"twitter:card\" content=\"summary_large_image\" \/>\n<meta name=\"twitter:creator\" content=\"@CREESRD\" \/>\n<meta name=\"twitter:site\" content=\"@CREESRD\" \/>\n<meta name=\"twitter:label1\" content=\"Escrito por\" \/>\n\t<meta name=\"twitter:data1\" content=\"Crees\" \/>\n\t<meta name=\"twitter:label2\" content=\"Tiempo de lectura\" \/>\n\t<meta name=\"twitter:data2\" content=\"4 minutos\" \/>\n<script type=\"application\/ld+json\" class=\"yoast-schema-graph\">{\"@context\":\"https:\/\/schema.org\",\"@graph\":[{\"@type\":\"Article\",\"@id\":\"https:\/\/crees.org.do\/?p=22429#article\",\"isPartOf\":{\"@id\":\"https:\/\/crees.org.do\/?p=22429\"},\"author\":{\"name\":\"Crees\",\"@id\":\"https:\/\/crees.org.do\/#\/schema\/person\/e7f97cd94d7bf9cd0e0ce30acb7d56b8\"},\"headline\":\"Las tasas para financiamientos van a subir\",\"datePublished\":\"2021-11-27T13:58:14+00:00\",\"dateModified\":\"2021-11-29T14:05:16+00:00\",\"mainEntityOfPage\":{\"@id\":\"https:\/\/crees.org.do\/?p=22429\"},\"wordCount\":742,\"publisher\":{\"@id\":\"https:\/\/crees.org.do\/#organization\"},\"image\":{\"@id\":\"https:\/\/crees.org.do\/?p=22429#primaryimage\"},\"thumbnailUrl\":\"https:\/\/crees.org.do\/wp-content\/uploads\/2021\/11\/202111270335061.jpg\",\"articleSection\":[\"Actualidad\"],\"inLanguage\":\"es\"},{\"@type\":\"WebPage\",\"@id\":\"https:\/\/crees.org.do\/?p=22429\",\"url\":\"https:\/\/crees.org.do\/?p=22429\",\"name\":\"Las tasas para financiamientos van a subir | CREES\",\"isPartOf\":{\"@id\":\"https:\/\/crees.org.do\/#website\"},\"primaryImageOfPage\":{\"@id\":\"https:\/\/crees.org.do\/?p=22429#primaryimage\"},\"image\":{\"@id\":\"https:\/\/crees.org.do\/?p=22429#primaryimage\"},\"thumbnailUrl\":\"https:\/\/crees.org.do\/wp-content\/uploads\/2021\/11\/202111270335061.jpg\",\"datePublished\":\"2021-11-27T13:58:14+00:00\",\"dateModified\":\"2021-11-29T14:05:16+00:00\",\"breadcrumb\":{\"@id\":\"https:\/\/crees.org.do\/?p=22429#breadcrumb\"},\"inLanguage\":\"es\",\"potentialAction\":[{\"@type\":\"ReadAction\",\"target\":[\"https:\/\/crees.org.do\/?p=22429\"]}]},{\"@type\":\"ImageObject\",\"inLanguage\":\"es\",\"@id\":\"https:\/\/crees.org.do\/?p=22429#primaryimage\",\"url\":\"https:\/\/crees.org.do\/wp-content\/uploads\/2021\/11\/202111270335061.jpg\",\"contentUrl\":\"https:\/\/crees.org.do\/wp-content\/uploads\/2021\/11\/202111270335061.jpg\",\"width\":361,\"height\":460},{\"@type\":\"BreadcrumbList\",\"@id\":\"https:\/\/crees.org.do\/?p=22429#breadcrumb\",\"itemListElement\":[{\"@type\":\"ListItem\",\"position\":1,\"name\":\"Portada\",\"item\":\"https:\/\/crees.org.do\/\"},{\"@type\":\"ListItem\",\"position\":2,\"name\":\"Las tasas para financiamientos van a subir\"}]},{\"@type\":\"WebSite\",\"@id\":\"https:\/\/crees.org.do\/#website\",\"url\":\"https:\/\/crees.org.do\/\",\"name\":\"CREES\",\"description\":\"Centro Regional de Estrategias Econ\u00f3micas Sostenibles\",\"publisher\":{\"@id\":\"https:\/\/crees.org.do\/#organization\"},\"potentialAction\":[{\"@type\":\"SearchAction\",\"target\":{\"@type\":\"EntryPoint\",\"urlTemplate\":\"https:\/\/crees.org.do\/?s={search_term_string}\"},\"query-input\":{\"@type\":\"PropertyValueSpecification\",\"valueRequired\":true,\"valueName\":\"search_term_string\"}}],\"inLanguage\":\"es\"},{\"@type\":\"Organization\",\"@id\":\"https:\/\/crees.org.do\/#organization\",\"name\":\"CREES | Centro Regional de Estrategias Econ\u00f3micas Sostenibles\",\"url\":\"https:\/\/crees.org.do\/\",\"logo\":{\"@type\":\"ImageObject\",\"inLanguage\":\"es\",\"@id\":\"https:\/\/crees.org.do\/#\/schema\/logo\/image\/\",\"url\":\"https:\/\/crees.org.do\/wp-content\/uploads\/2022\/03\/crees-logo-1.jpg\",\"contentUrl\":\"https:\/\/crees.org.do\/wp-content\/uploads\/2022\/03\/crees-logo-1.jpg\",\"width\":244,\"height\":71,\"caption\":\"CREES | Centro Regional de Estrategias Econ\u00f3micas Sostenibles\"},\"image\":{\"@id\":\"https:\/\/crees.org.do\/#\/schema\/logo\/image\/\"},\"sameAs\":[\"https:\/\/www.facebook.com\/CREESRD\/\",\"https:\/\/x.com\/CREESRD\"]},{\"@type\":\"Person\",\"@id\":\"https:\/\/crees.org.do\/#\/schema\/person\/e7f97cd94d7bf9cd0e0ce30acb7d56b8\",\"name\":\"Crees\",\"image\":{\"@type\":\"ImageObject\",\"inLanguage\":\"es\",\"@id\":\"https:\/\/crees.org.do\/#\/schema\/person\/image\/\",\"url\":\"https:\/\/secure.gravatar.com\/avatar\/390ac8f0be5d9aa046152553e2dd7011b59a512d89c150f5e5f28bb8d9a0b165?s=96&d=mm&r=g\",\"contentUrl\":\"https:\/\/secure.gravatar.com\/avatar\/390ac8f0be5d9aa046152553e2dd7011b59a512d89c150f5e5f28bb8d9a0b165?s=96&d=mm&r=g\",\"caption\":\"Crees\"},\"url\":\"https:\/\/crees.org.do\/?author=2\"}]}<\/script>\n<!-- \/ Yoast SEO plugin. -->","yoast_head_json":{"title":"Las tasas para financiamientos van a subir | CREES","robots":{"index":"index","follow":"follow","max-snippet":"max-snippet:-1","max-image-preview":"max-image-preview:large","max-video-preview":"max-video-preview:-1"},"canonical":"https:\/\/crees.org.do\/?p=22429","og_locale":"es_ES","og_type":"article","og_title":"Las tasas para financiamientos van a subir | CREES","og_description":"Autor: Patria Reyes Rodr\u00edguez Fecha: 27 de noviembre del 2021 Extra\u00eddo de: List\u00edn Diario Los cambios que empe\u00adz\u00f3 a aplicar el Banco Cen\u00adtral en la pol\u00edtica moneta\u00adria, con el aumento de 50 puntos, se ver\u00e1n refleja\u00addos gradualmente en los pr\u00f3ximos meses en el in\u00adcremento de las tasas de inter\u00e9s de los financia\u00admientos, si se mantiene...","og_url":"https:\/\/crees.org.do\/?p=22429","og_site_name":"CREES","article_publisher":"https:\/\/www.facebook.com\/CREESRD\/","article_published_time":"2021-11-27T13:58:14+00:00","article_modified_time":"2021-11-29T14:05:16+00:00","og_image":[{"width":361,"height":460,"url":"https:\/\/crees.org.do\/wp-content\/uploads\/2021\/11\/202111270335061.jpg","type":"image\/jpeg"}],"author":"Crees","twitter_card":"summary_large_image","twitter_creator":"@CREESRD","twitter_site":"@CREESRD","twitter_misc":{"Escrito por":"Crees","Tiempo de lectura":"4 minutos"},"schema":{"@context":"https:\/\/schema.org","@graph":[{"@type":"Article","@id":"https:\/\/crees.org.do\/?p=22429#article","isPartOf":{"@id":"https:\/\/crees.org.do\/?p=22429"},"author":{"name":"Crees","@id":"https:\/\/crees.org.do\/#\/schema\/person\/e7f97cd94d7bf9cd0e0ce30acb7d56b8"},"headline":"Las tasas para financiamientos van a subir","datePublished":"2021-11-27T13:58:14+00:00","dateModified":"2021-11-29T14:05:16+00:00","mainEntityOfPage":{"@id":"https:\/\/crees.org.do\/?p=22429"},"wordCount":742,"publisher":{"@id":"https:\/\/crees.org.do\/#organization"},"image":{"@id":"https:\/\/crees.org.do\/?p=22429#primaryimage"},"thumbnailUrl":"https:\/\/crees.org.do\/wp-content\/uploads\/2021\/11\/202111270335061.jpg","articleSection":["Actualidad"],"inLanguage":"es"},{"@type":"WebPage","@id":"https:\/\/crees.org.do\/?p=22429","url":"https:\/\/crees.org.do\/?p=22429","name":"Las tasas para financiamientos van a subir | CREES","isPartOf":{"@id":"https:\/\/crees.org.do\/#website"},"primaryImageOfPage":{"@id":"https:\/\/crees.org.do\/?p=22429#primaryimage"},"image":{"@id":"https:\/\/crees.org.do\/?p=22429#primaryimage"},"thumbnailUrl":"https:\/\/crees.org.do\/wp-content\/uploads\/2021\/11\/202111270335061.jpg","datePublished":"2021-11-27T13:58:14+00:00","dateModified":"2021-11-29T14:05:16+00:00","breadcrumb":{"@id":"https:\/\/crees.org.do\/?p=22429#breadcrumb"},"inLanguage":"es","potentialAction":[{"@type":"ReadAction","target":["https:\/\/crees.org.do\/?p=22429"]}]},{"@type":"ImageObject","inLanguage":"es","@id":"https:\/\/crees.org.do\/?p=22429#primaryimage","url":"https:\/\/crees.org.do\/wp-content\/uploads\/2021\/11\/202111270335061.jpg","contentUrl":"https:\/\/crees.org.do\/wp-content\/uploads\/2021\/11\/202111270335061.jpg","width":361,"height":460},{"@type":"BreadcrumbList","@id":"https:\/\/crees.org.do\/?p=22429#breadcrumb","itemListElement":[{"@type":"ListItem","position":1,"name":"Portada","item":"https:\/\/crees.org.do\/"},{"@type":"ListItem","position":2,"name":"Las tasas para financiamientos van a subir"}]},{"@type":"WebSite","@id":"https:\/\/crees.org.do\/#website","url":"https:\/\/crees.org.do\/","name":"CREES","description":"Centro Regional de Estrategias Econ\u00f3micas Sostenibles","publisher":{"@id":"https:\/\/crees.org.do\/#organization"},"potentialAction":[{"@type":"SearchAction","target":{"@type":"EntryPoint","urlTemplate":"https:\/\/crees.org.do\/?s={search_term_string}"},"query-input":{"@type":"PropertyValueSpecification","valueRequired":true,"valueName":"search_term_string"}}],"inLanguage":"es"},{"@type":"Organization","@id":"https:\/\/crees.org.do\/#organization","name":"CREES | Centro Regional de Estrategias Econ\u00f3micas Sostenibles","url":"https:\/\/crees.org.do\/","logo":{"@type":"ImageObject","inLanguage":"es","@id":"https:\/\/crees.org.do\/#\/schema\/logo\/image\/","url":"https:\/\/crees.org.do\/wp-content\/uploads\/2022\/03\/crees-logo-1.jpg","contentUrl":"https:\/\/crees.org.do\/wp-content\/uploads\/2022\/03\/crees-logo-1.jpg","width":244,"height":71,"caption":"CREES | Centro Regional de Estrategias Econ\u00f3micas Sostenibles"},"image":{"@id":"https:\/\/crees.org.do\/#\/schema\/logo\/image\/"},"sameAs":["https:\/\/www.facebook.com\/CREESRD\/","https:\/\/x.com\/CREESRD"]},{"@type":"Person","@id":"https:\/\/crees.org.do\/#\/schema\/person\/e7f97cd94d7bf9cd0e0ce30acb7d56b8","name":"Crees","image":{"@type":"ImageObject","inLanguage":"es","@id":"https:\/\/crees.org.do\/#\/schema\/person\/image\/","url":"https:\/\/secure.gravatar.com\/avatar\/390ac8f0be5d9aa046152553e2dd7011b59a512d89c150f5e5f28bb8d9a0b165?s=96&d=mm&r=g","contentUrl":"https:\/\/secure.gravatar.com\/avatar\/390ac8f0be5d9aa046152553e2dd7011b59a512d89c150f5e5f28bb8d9a0b165?s=96&d=mm&r=g","caption":"Crees"},"url":"https:\/\/crees.org.do\/?author=2"}]}},"_links":{"self":[{"href":"https:\/\/crees.org.do\/index.php?rest_route=\/wp\/v2\/posts\/22429","targetHints":{"allow":["GET"]}}],"collection":[{"href":"https:\/\/crees.org.do\/index.php?rest_route=\/wp\/v2\/posts"}],"about":[{"href":"https:\/\/crees.org.do\/index.php?rest_route=\/wp\/v2\/types\/post"}],"author":[{"embeddable":true,"href":"https:\/\/crees.org.do\/index.php?rest_route=\/wp\/v2\/users\/2"}],"replies":[{"embeddable":true,"href":"https:\/\/crees.org.do\/index.php?rest_route=%2Fwp%2Fv2%2Fcomments&post=22429"}],"version-history":[{"count":2,"href":"https:\/\/crees.org.do\/index.php?rest_route=\/wp\/v2\/posts\/22429\/revisions"}],"predecessor-version":[{"id":22438,"href":"https:\/\/crees.org.do\/index.php?rest_route=\/wp\/v2\/posts\/22429\/revisions\/22438"}],"wp:featuredmedia":[{"embeddable":true,"href":"https:\/\/crees.org.do\/index.php?rest_route=\/wp\/v2\/media\/22431"}],"wp:attachment":[{"href":"https:\/\/crees.org.do\/index.php?rest_route=%2Fwp%2Fv2%2Fmedia&parent=22429"}],"wp:term":[{"taxonomy":"category","embeddable":true,"href":"https:\/\/crees.org.do\/index.php?rest_route=%2Fwp%2Fv2%2Fcategories&post=22429"},{"taxonomy":"post_tag","embeddable":true,"href":"https:\/\/crees.org.do\/index.php?rest_route=%2Fwp%2Fv2%2Ftags&post=22429"}],"curies":[{"name":"wp","href":"https:\/\/api.w.org\/{rel}","templated":true}]}}