{"id":22447,"date":"2021-12-02T10:25:30","date_gmt":"2021-12-02T10:25:30","guid":{"rendered":"https:\/\/crees.org.do\/?p=22447"},"modified":"2021-12-02T19:24:19","modified_gmt":"2021-12-02T19:24:19","slug":"sistema-tributario-contra-el-progreso","status":"publish","type":"post","link":"https:\/\/crees.org.do\/?p=22447","title":{"rendered":"Sistema tributario contra el progreso"},"content":{"rendered":"<p>Autor: Gabriela Calder\u00f3n de Burgos<\/p>\n<p>Publicado originalmente: 28 de noviembre de 2021<\/p>\n<p>Extra\u00eddo de: elcato.org<\/p>\n<p style=\"text-align: justify;\">Una peque\u00f1\u00edsima minor\u00eda de ecuatorianos pagan impuestos: solo 8 de cada 100 empresas cumple con las retenciones, declaraciones y anticipos del impuesto sobre la renta, menos de la mitad de los ecuatorianos con un empleo formal pagan el impuesto sobre la renta (40%) y estos ya son una minor\u00eda de la Poblaci\u00f3n Econ\u00f3micamente Activa (PEA). De los 1.137.000 contribuyentes que pagan IR, 100.000 aportan m\u00e1s de la mitad de lo recaudado por este impuesto.<\/p>\n<p style=\"text-align: justify;\">Todos pagamos impuestos indirectamente, pero muy pocos los soportan directamente y, por lo tanto, esos pocos son los que est\u00e1n m\u00e1s o menos conscientes de la pesada carga del aparato p\u00fablico. Hasta cierto punto sorprende que los que m\u00e1s pagan no se opongan con mayor ferocidad e incluso algunas veces apoyen las alzas de impuestos. Pero eso \u00faltimo se debe a que el postureo para exhibir una supuesta solidaridad al pagar impuestos desde hace mucho es parte de nuestra cultura. No importa que la solidaridad por definici\u00f3n es un acto voluntario y los impuestos son lo contrario. Otra raz\u00f3n ser\u00eda que debido al inmenso poder concentrado en el Estado, muchos se vean alentados a querer mantener buenas relaciones con quienes administran el fisco, esto es, \u201cpara que no molesten\u201d. Esto es comprensible, sobre todo en pa\u00edses con una institucionalidad d\u00e9bil donde no hace muchos a\u00f1os atr\u00e1s el Sistema de Rentas Internas era utilizado para la persecuci\u00f3n de enemigos pol\u00edticos.<\/p>\n<p style=\"text-align: justify;\">Por otro lado, est\u00e1n aquellos que reciben migajas de aquello que recauda el fisco en la forma de obras y servicios p\u00fablicos y no tiene voz ni voto en cuanto a la calidad y condiciones de estos por aquello de que \u201ca caballo regalado no se le mira el diente\u201d. Algunas elites contin\u00faan desconfiando de los individuos de a pie y consideran que es mejor que usted no decida qu\u00e9 hacer con su propia vida y recursos, sino que ellos decidan por usted.<\/p>\n<p style=\"text-align: justify;\">Todos soportamos el peso muerto de los impuestos y el gasto p\u00fablico excesivos. Primero, por la incertidumbre que se genera en torno a un sistema tributario que no es igual para todos, porque castiga a quienes m\u00e1s producen y ahorran, espantando as\u00ed el capital, desalentando inversiones y disminuyendo el aumento de la producci\u00f3n y empleo. Segundo, porque se generan costosas distorsiones en la econom\u00eda que nos llevan a tomar decisiones de gasto e incurrir en costos que de otra manera no tendr\u00edan sentido. Tercero, porque se pospone el ajuste en el sector p\u00fablicomientras se contin\u00faa sangrando al sector productivo que lo sostiene.<\/p>\n<p style=\"text-align: justify;\">La soluci\u00f3n no es f\u00e1cil y no por ello hay que dejar de hacerlo. Debemos desarrollar instituciones m\u00e1s inclusivas y un Estado cuya carga sea compartida, de tal manera que sea el conjunto de la sociedad la que exija una mejor rendici\u00f3n de cuentas y aprenda a demandar pol\u00edticas p\u00fablicas m\u00e1s responsables y menos perjudiciales para el crecimiento econ\u00f3mico del pa\u00eds.<\/p>\n<p style=\"text-align: justify;\">Los verdaderos problemas e injusticias, como tener un sistema tributario en el cual pocos sostienen al aparato p\u00fablico que se supone debe proveer servicios para todos, no se abordan ni discuten.<\/p>\n<p style=\"text-align: justify;\">La finalidad del sistema tributario no es hacernos m\u00e1s virtuosos a la fuerza, poniendo a los pol\u00edticos a quitarles a unos para darles a otros. Eso no es justo ni conduce al progreso. Castiga a quienes ahorran e invierten.<\/p>\n<div class=\"pvc_clear\"><\/div>\n<p class=\"pvc_stats all \" data-element-id=\"22447\" style=\"\"><i class=\"pvc-stats-icon medium\" aria-hidden=\"true\"><svg aria-hidden=\"true\" focusable=\"false\" data-prefix=\"far\" data-icon=\"chart-bar\" role=\"img\" xmlns=\"http:\/\/www.w3.org\/2000\/svg\" viewBox=\"0 0 512 512\" class=\"svg-inline--fa fa-chart-bar fa-w-16 fa-2x\"><path fill=\"currentColor\" d=\"M396.8 352h22.4c6.4 0 12.8-6.4 12.8-12.8V108.8c0-6.4-6.4-12.8-12.8-12.8h-22.4c-6.4 0-12.8 6.4-12.8 12.8v230.4c0 6.4 6.4 12.8 12.8 12.8zm-192 0h22.4c6.4 0 12.8-6.4 12.8-12.8V140.8c0-6.4-6.4-12.8-12.8-12.8h-22.4c-6.4 0-12.8 6.4-12.8 12.8v198.4c0 6.4 6.4 12.8 12.8 12.8zm96 0h22.4c6.4 0 12.8-6.4 12.8-12.8V204.8c0-6.4-6.4-12.8-12.8-12.8h-22.4c-6.4 0-12.8 6.4-12.8 12.8v134.4c0 6.4 6.4 12.8 12.8 12.8zM496 400H48V80c0-8.84-7.16-16-16-16H16C7.16 64 0 71.16 0 80v336c0 17.67 14.33 32 32 32h464c8.84 0 16-7.16 16-16v-16c0-8.84-7.16-16-16-16zm-387.2-48h22.4c6.4 0 12.8-6.4 12.8-12.8v-70.4c0-6.4-6.4-12.8-12.8-12.8h-22.4c-6.4 0-12.8 6.4-12.8 12.8v70.4c0 6.4 6.4 12.8 12.8 12.8z\" class=\"\"><\/path><\/svg><\/i> Vistas Totales&nbsp;1,282&nbsp;<\/p>\n<div class=\"pvc_clear\"><\/div>\n","protected":false},"excerpt":{"rendered":"<p>Autor: Gabriela Calder\u00f3n de Burgos Publicado originalmente: 28 de noviembre de 2021 Extra\u00eddo de: elcato.org Una peque\u00f1\u00edsima minor\u00eda de ecuatorianos pagan impuestos: solo 8 de cada 100 empresas cumple con las retenciones, declaraciones y anticipos del impuesto sobre la renta, menos de la mitad de los ecuatorianos con un empleo formal pagan el impuesto sobre&#8230;<\/p>\n<div class=\"pvc_clear\"><\/div>\n<p class=\"pvc_stats all \" data-element-id=\"22447\" style=\"\"><i class=\"pvc-stats-icon medium\" aria-hidden=\"true\"><svg aria-hidden=\"true\" focusable=\"false\" data-prefix=\"far\" data-icon=\"chart-bar\" role=\"img\" xmlns=\"http:\/\/www.w3.org\/2000\/svg\" viewBox=\"0 0 512 512\" class=\"svg-inline--fa fa-chart-bar fa-w-16 fa-2x\"><path fill=\"currentColor\" d=\"M396.8 352h22.4c6.4 0 12.8-6.4 12.8-12.8V108.8c0-6.4-6.4-12.8-12.8-12.8h-22.4c-6.4 0-12.8 6.4-12.8 12.8v230.4c0 6.4 6.4 12.8 12.8 12.8zm-192 0h22.4c6.4 0 12.8-6.4 12.8-12.8V140.8c0-6.4-6.4-12.8-12.8-12.8h-22.4c-6.4 0-12.8 6.4-12.8 12.8v198.4c0 6.4 6.4 12.8 12.8 12.8zm96 0h22.4c6.4 0 12.8-6.4 12.8-12.8V204.8c0-6.4-6.4-12.8-12.8-12.8h-22.4c-6.4 0-12.8 6.4-12.8 12.8v134.4c0 6.4 6.4 12.8 12.8 12.8zM496 400H48V80c0-8.84-7.16-16-16-16H16C7.16 64 0 71.16 0 80v336c0 17.67 14.33 32 32 32h464c8.84 0 16-7.16 16-16v-16c0-8.84-7.16-16-16-16zm-387.2-48h22.4c6.4 0 12.8-6.4 12.8-12.8v-70.4c0-6.4-6.4-12.8-12.8-12.8h-22.4c-6.4 0-12.8 6.4-12.8 12.8v70.4c0 6.4 6.4 12.8 12.8 12.8z\" class=\"\"><\/path><\/svg><\/i> Vistas Totales&nbsp;1,282&nbsp;<\/p>\n<div class=\"pvc_clear\"><\/div>\n","protected":false},"author":2,"featured_media":22448,"comment_status":"closed","ping_status":"closed","sticky":false,"template":"","format":"standard","meta":{"footnotes":""},"categories":[22],"tags":[],"class_list":["post-22447","post","type-post","status-publish","format-standard","has-post-thumbnail","hentry","category-articulos"],"yoast_head":"<!-- This site is optimized with the Yoast SEO plugin v25.2 - https:\/\/yoast.com\/wordpress\/plugins\/seo\/ -->\n<title>Sistema tributario contra el progreso | CREES<\/title>\n<meta name=\"robots\" content=\"index, follow, max-snippet:-1, max-image-preview:large, max-video-preview:-1\" \/>\n<link rel=\"canonical\" href=\"https:\/\/crees.org.do\/?p=22447\" \/>\n<meta property=\"og:locale\" content=\"es_ES\" \/>\n<meta property=\"og:type\" content=\"article\" \/>\n<meta property=\"og:title\" content=\"Sistema tributario contra el progreso | CREES\" \/>\n<meta property=\"og:description\" content=\"Autor: Gabriela Calder\u00f3n de Burgos Publicado originalmente: 28 de noviembre de 2021 Extra\u00eddo de: elcato.org Una peque\u00f1\u00edsima minor\u00eda de ecuatorianos pagan impuestos: solo 8 de cada 100 empresas cumple con las retenciones, declaraciones y anticipos del impuesto sobre la renta, menos de la mitad de los ecuatorianos con un empleo formal pagan el impuesto sobre...\" \/>\n<meta property=\"og:url\" content=\"https:\/\/crees.org.do\/?p=22447\" \/>\n<meta property=\"og:site_name\" content=\"CREES\" \/>\n<meta property=\"article:publisher\" content=\"https:\/\/www.facebook.com\/CREESRD\/\" \/>\n<meta property=\"article:published_time\" content=\"2021-12-02T10:25:30+00:00\" \/>\n<meta property=\"article:modified_time\" content=\"2021-12-02T19:24:19+00:00\" \/>\n<meta property=\"og:image\" content=\"https:\/\/crees.org.do\/wp-content\/uploads\/2021\/12\/o77c5v7agraefpumow67gnkcpi-scaled.jpeg\" \/>\n\t<meta property=\"og:image:width\" content=\"1200\" \/>\n\t<meta property=\"og:image:height\" content=\"641\" \/>\n\t<meta property=\"og:image:type\" content=\"image\/jpeg\" \/>\n<meta name=\"author\" content=\"Crees\" \/>\n<meta name=\"twitter:card\" content=\"summary_large_image\" \/>\n<meta name=\"twitter:creator\" content=\"@CREESRD\" \/>\n<meta name=\"twitter:site\" content=\"@CREESRD\" \/>\n<meta name=\"twitter:label1\" content=\"Escrito por\" \/>\n\t<meta name=\"twitter:data1\" content=\"Crees\" \/>\n\t<meta name=\"twitter:label2\" content=\"Tiempo de lectura\" \/>\n\t<meta name=\"twitter:data2\" content=\"3 minutos\" \/>\n<script type=\"application\/ld+json\" class=\"yoast-schema-graph\">{\"@context\":\"https:\/\/schema.org\",\"@graph\":[{\"@type\":\"Article\",\"@id\":\"https:\/\/crees.org.do\/?p=22447#article\",\"isPartOf\":{\"@id\":\"https:\/\/crees.org.do\/?p=22447\"},\"author\":{\"name\":\"Crees\",\"@id\":\"https:\/\/crees.org.do\/#\/schema\/person\/e7f97cd94d7bf9cd0e0ce30acb7d56b8\"},\"headline\":\"Sistema tributario contra el progreso\",\"datePublished\":\"2021-12-02T10:25:30+00:00\",\"dateModified\":\"2021-12-02T19:24:19+00:00\",\"mainEntityOfPage\":{\"@id\":\"https:\/\/crees.org.do\/?p=22447\"},\"wordCount\":606,\"publisher\":{\"@id\":\"https:\/\/crees.org.do\/#organization\"},\"image\":{\"@id\":\"https:\/\/crees.org.do\/?p=22447#primaryimage\"},\"thumbnailUrl\":\"https:\/\/crees.org.do\/wp-content\/uploads\/2021\/12\/o77c5v7agraefpumow67gnkcpi-scaled.jpeg\",\"articleSection\":[\"Art\u00edculos\"],\"inLanguage\":\"es\"},{\"@type\":\"WebPage\",\"@id\":\"https:\/\/crees.org.do\/?p=22447\",\"url\":\"https:\/\/crees.org.do\/?p=22447\",\"name\":\"Sistema tributario contra el progreso | CREES\",\"isPartOf\":{\"@id\":\"https:\/\/crees.org.do\/#website\"},\"primaryImageOfPage\":{\"@id\":\"https:\/\/crees.org.do\/?p=22447#primaryimage\"},\"image\":{\"@id\":\"https:\/\/crees.org.do\/?p=22447#primaryimage\"},\"thumbnailUrl\":\"https:\/\/crees.org.do\/wp-content\/uploads\/2021\/12\/o77c5v7agraefpumow67gnkcpi-scaled.jpeg\",\"datePublished\":\"2021-12-02T10:25:30+00:00\",\"dateModified\":\"2021-12-02T19:24:19+00:00\",\"breadcrumb\":{\"@id\":\"https:\/\/crees.org.do\/?p=22447#breadcrumb\"},\"inLanguage\":\"es\",\"potentialAction\":[{\"@type\":\"ReadAction\",\"target\":[\"https:\/\/crees.org.do\/?p=22447\"]}]},{\"@type\":\"ImageObject\",\"inLanguage\":\"es\",\"@id\":\"https:\/\/crees.org.do\/?p=22447#primaryimage\",\"url\":\"https:\/\/crees.org.do\/wp-content\/uploads\/2021\/12\/o77c5v7agraefpumow67gnkcpi-scaled.jpeg\",\"contentUrl\":\"https:\/\/crees.org.do\/wp-content\/uploads\/2021\/12\/o77c5v7agraefpumow67gnkcpi-scaled.jpeg\",\"width\":1200,\"height\":641},{\"@type\":\"BreadcrumbList\",\"@id\":\"https:\/\/crees.org.do\/?p=22447#breadcrumb\",\"itemListElement\":[{\"@type\":\"ListItem\",\"position\":1,\"name\":\"Portada\",\"item\":\"https:\/\/crees.org.do\/\"},{\"@type\":\"ListItem\",\"position\":2,\"name\":\"Sistema tributario contra el progreso\"}]},{\"@type\":\"WebSite\",\"@id\":\"https:\/\/crees.org.do\/#website\",\"url\":\"https:\/\/crees.org.do\/\",\"name\":\"CREES\",\"description\":\"Centro Regional de Estrategias Econ\u00f3micas Sostenibles\",\"publisher\":{\"@id\":\"https:\/\/crees.org.do\/#organization\"},\"potentialAction\":[{\"@type\":\"SearchAction\",\"target\":{\"@type\":\"EntryPoint\",\"urlTemplate\":\"https:\/\/crees.org.do\/?s={search_term_string}\"},\"query-input\":{\"@type\":\"PropertyValueSpecification\",\"valueRequired\":true,\"valueName\":\"search_term_string\"}}],\"inLanguage\":\"es\"},{\"@type\":\"Organization\",\"@id\":\"https:\/\/crees.org.do\/#organization\",\"name\":\"CREES | Centro Regional de Estrategias Econ\u00f3micas Sostenibles\",\"url\":\"https:\/\/crees.org.do\/\",\"logo\":{\"@type\":\"ImageObject\",\"inLanguage\":\"es\",\"@id\":\"https:\/\/crees.org.do\/#\/schema\/logo\/image\/\",\"url\":\"https:\/\/crees.org.do\/wp-content\/uploads\/2022\/03\/crees-logo-1.jpg\",\"contentUrl\":\"https:\/\/crees.org.do\/wp-content\/uploads\/2022\/03\/crees-logo-1.jpg\",\"width\":244,\"height\":71,\"caption\":\"CREES | Centro Regional de Estrategias Econ\u00f3micas Sostenibles\"},\"image\":{\"@id\":\"https:\/\/crees.org.do\/#\/schema\/logo\/image\/\"},\"sameAs\":[\"https:\/\/www.facebook.com\/CREESRD\/\",\"https:\/\/x.com\/CREESRD\"]},{\"@type\":\"Person\",\"@id\":\"https:\/\/crees.org.do\/#\/schema\/person\/e7f97cd94d7bf9cd0e0ce30acb7d56b8\",\"name\":\"Crees\",\"image\":{\"@type\":\"ImageObject\",\"inLanguage\":\"es\",\"@id\":\"https:\/\/crees.org.do\/#\/schema\/person\/image\/\",\"url\":\"https:\/\/secure.gravatar.com\/avatar\/390ac8f0be5d9aa046152553e2dd7011b59a512d89c150f5e5f28bb8d9a0b165?s=96&d=mm&r=g\",\"contentUrl\":\"https:\/\/secure.gravatar.com\/avatar\/390ac8f0be5d9aa046152553e2dd7011b59a512d89c150f5e5f28bb8d9a0b165?s=96&d=mm&r=g\",\"caption\":\"Crees\"},\"url\":\"https:\/\/crees.org.do\/?author=2\"}]}<\/script>\n<!-- \/ Yoast SEO plugin. -->","yoast_head_json":{"title":"Sistema tributario contra el progreso | CREES","robots":{"index":"index","follow":"follow","max-snippet":"max-snippet:-1","max-image-preview":"max-image-preview:large","max-video-preview":"max-video-preview:-1"},"canonical":"https:\/\/crees.org.do\/?p=22447","og_locale":"es_ES","og_type":"article","og_title":"Sistema tributario contra el progreso | CREES","og_description":"Autor: Gabriela Calder\u00f3n de Burgos Publicado originalmente: 28 de noviembre de 2021 Extra\u00eddo de: elcato.org Una peque\u00f1\u00edsima minor\u00eda de ecuatorianos pagan impuestos: solo 8 de cada 100 empresas cumple con las retenciones, declaraciones y anticipos del impuesto sobre la renta, menos de la mitad de los ecuatorianos con un empleo formal pagan el impuesto sobre...","og_url":"https:\/\/crees.org.do\/?p=22447","og_site_name":"CREES","article_publisher":"https:\/\/www.facebook.com\/CREESRD\/","article_published_time":"2021-12-02T10:25:30+00:00","article_modified_time":"2021-12-02T19:24:19+00:00","og_image":[{"width":1200,"height":641,"url":"https:\/\/crees.org.do\/wp-content\/uploads\/2021\/12\/o77c5v7agraefpumow67gnkcpi-scaled.jpeg","type":"image\/jpeg"}],"author":"Crees","twitter_card":"summary_large_image","twitter_creator":"@CREESRD","twitter_site":"@CREESRD","twitter_misc":{"Escrito por":"Crees","Tiempo de lectura":"3 minutos"},"schema":{"@context":"https:\/\/schema.org","@graph":[{"@type":"Article","@id":"https:\/\/crees.org.do\/?p=22447#article","isPartOf":{"@id":"https:\/\/crees.org.do\/?p=22447"},"author":{"name":"Crees","@id":"https:\/\/crees.org.do\/#\/schema\/person\/e7f97cd94d7bf9cd0e0ce30acb7d56b8"},"headline":"Sistema tributario contra el progreso","datePublished":"2021-12-02T10:25:30+00:00","dateModified":"2021-12-02T19:24:19+00:00","mainEntityOfPage":{"@id":"https:\/\/crees.org.do\/?p=22447"},"wordCount":606,"publisher":{"@id":"https:\/\/crees.org.do\/#organization"},"image":{"@id":"https:\/\/crees.org.do\/?p=22447#primaryimage"},"thumbnailUrl":"https:\/\/crees.org.do\/wp-content\/uploads\/2021\/12\/o77c5v7agraefpumow67gnkcpi-scaled.jpeg","articleSection":["Art\u00edculos"],"inLanguage":"es"},{"@type":"WebPage","@id":"https:\/\/crees.org.do\/?p=22447","url":"https:\/\/crees.org.do\/?p=22447","name":"Sistema tributario contra el progreso | CREES","isPartOf":{"@id":"https:\/\/crees.org.do\/#website"},"primaryImageOfPage":{"@id":"https:\/\/crees.org.do\/?p=22447#primaryimage"},"image":{"@id":"https:\/\/crees.org.do\/?p=22447#primaryimage"},"thumbnailUrl":"https:\/\/crees.org.do\/wp-content\/uploads\/2021\/12\/o77c5v7agraefpumow67gnkcpi-scaled.jpeg","datePublished":"2021-12-02T10:25:30+00:00","dateModified":"2021-12-02T19:24:19+00:00","breadcrumb":{"@id":"https:\/\/crees.org.do\/?p=22447#breadcrumb"},"inLanguage":"es","potentialAction":[{"@type":"ReadAction","target":["https:\/\/crees.org.do\/?p=22447"]}]},{"@type":"ImageObject","inLanguage":"es","@id":"https:\/\/crees.org.do\/?p=22447#primaryimage","url":"https:\/\/crees.org.do\/wp-content\/uploads\/2021\/12\/o77c5v7agraefpumow67gnkcpi-scaled.jpeg","contentUrl":"https:\/\/crees.org.do\/wp-content\/uploads\/2021\/12\/o77c5v7agraefpumow67gnkcpi-scaled.jpeg","width":1200,"height":641},{"@type":"BreadcrumbList","@id":"https:\/\/crees.org.do\/?p=22447#breadcrumb","itemListElement":[{"@type":"ListItem","position":1,"name":"Portada","item":"https:\/\/crees.org.do\/"},{"@type":"ListItem","position":2,"name":"Sistema tributario contra el progreso"}]},{"@type":"WebSite","@id":"https:\/\/crees.org.do\/#website","url":"https:\/\/crees.org.do\/","name":"CREES","description":"Centro Regional de Estrategias Econ\u00f3micas Sostenibles","publisher":{"@id":"https:\/\/crees.org.do\/#organization"},"potentialAction":[{"@type":"SearchAction","target":{"@type":"EntryPoint","urlTemplate":"https:\/\/crees.org.do\/?s={search_term_string}"},"query-input":{"@type":"PropertyValueSpecification","valueRequired":true,"valueName":"search_term_string"}}],"inLanguage":"es"},{"@type":"Organization","@id":"https:\/\/crees.org.do\/#organization","name":"CREES | Centro Regional de Estrategias Econ\u00f3micas Sostenibles","url":"https:\/\/crees.org.do\/","logo":{"@type":"ImageObject","inLanguage":"es","@id":"https:\/\/crees.org.do\/#\/schema\/logo\/image\/","url":"https:\/\/crees.org.do\/wp-content\/uploads\/2022\/03\/crees-logo-1.jpg","contentUrl":"https:\/\/crees.org.do\/wp-content\/uploads\/2022\/03\/crees-logo-1.jpg","width":244,"height":71,"caption":"CREES | Centro Regional de Estrategias Econ\u00f3micas Sostenibles"},"image":{"@id":"https:\/\/crees.org.do\/#\/schema\/logo\/image\/"},"sameAs":["https:\/\/www.facebook.com\/CREESRD\/","https:\/\/x.com\/CREESRD"]},{"@type":"Person","@id":"https:\/\/crees.org.do\/#\/schema\/person\/e7f97cd94d7bf9cd0e0ce30acb7d56b8","name":"Crees","image":{"@type":"ImageObject","inLanguage":"es","@id":"https:\/\/crees.org.do\/#\/schema\/person\/image\/","url":"https:\/\/secure.gravatar.com\/avatar\/390ac8f0be5d9aa046152553e2dd7011b59a512d89c150f5e5f28bb8d9a0b165?s=96&d=mm&r=g","contentUrl":"https:\/\/secure.gravatar.com\/avatar\/390ac8f0be5d9aa046152553e2dd7011b59a512d89c150f5e5f28bb8d9a0b165?s=96&d=mm&r=g","caption":"Crees"},"url":"https:\/\/crees.org.do\/?author=2"}]}},"_links":{"self":[{"href":"https:\/\/crees.org.do\/index.php?rest_route=\/wp\/v2\/posts\/22447","targetHints":{"allow":["GET"]}}],"collection":[{"href":"https:\/\/crees.org.do\/index.php?rest_route=\/wp\/v2\/posts"}],"about":[{"href":"https:\/\/crees.org.do\/index.php?rest_route=\/wp\/v2\/types\/post"}],"author":[{"embeddable":true,"href":"https:\/\/crees.org.do\/index.php?rest_route=\/wp\/v2\/users\/2"}],"replies":[{"embeddable":true,"href":"https:\/\/crees.org.do\/index.php?rest_route=%2Fwp%2Fv2%2Fcomments&post=22447"}],"version-history":[{"count":3,"href":"https:\/\/crees.org.do\/index.php?rest_route=\/wp\/v2\/posts\/22447\/revisions"}],"predecessor-version":[{"id":22462,"href":"https:\/\/crees.org.do\/index.php?rest_route=\/wp\/v2\/posts\/22447\/revisions\/22462"}],"wp:featuredmedia":[{"embeddable":true,"href":"https:\/\/crees.org.do\/index.php?rest_route=\/wp\/v2\/media\/22448"}],"wp:attachment":[{"href":"https:\/\/crees.org.do\/index.php?rest_route=%2Fwp%2Fv2%2Fmedia&parent=22447"}],"wp:term":[{"taxonomy":"category","embeddable":true,"href":"https:\/\/crees.org.do\/index.php?rest_route=%2Fwp%2Fv2%2Fcategories&post=22447"},{"taxonomy":"post_tag","embeddable":true,"href":"https:\/\/crees.org.do\/index.php?rest_route=%2Fwp%2Fv2%2Ftags&post=22447"}],"curies":[{"name":"wp","href":"https:\/\/api.w.org\/{rel}","templated":true}]}}