{"id":22450,"date":"2021-12-02T10:30:37","date_gmt":"2021-12-02T10:30:37","guid":{"rendered":"https:\/\/crees.org.do\/?p=22450"},"modified":"2021-12-02T19:38:12","modified_gmt":"2021-12-02T19:38:12","slug":"el-gasto-publico-sin-evaluacion-no-da-garantia-de-su-calidad","status":"publish","type":"post","link":"https:\/\/crees.org.do\/?p=22450","title":{"rendered":"El gasto p\u00fablico sin evaluaci\u00f3n no da garant\u00eda de su calidad"},"content":{"rendered":"<p style=\"text-align: justify;\">Autor: Miguel Collado Di Franco<\/p>\n<p style=\"text-align: justify;\">Fecha: 2 de diciembre del 2021<\/p>\n<p style=\"text-align: justify;\">La democracia es entendida como la expresi\u00f3n popular a trav\u00e9s de las urnas. La conclusi\u00f3n a la que se ha llegado es que un gobierno elegido de forma democr\u00e1tica ejecutar\u00e1 el mandato recibido del pueblo. Se asume, en consecuencia, que las decisiones emanadas de un gobierno democr\u00e1tico promueven el inter\u00e9s p\u00fablico.<\/p>\n<p style=\"text-align: justify;\">Los resultados de las pol\u00edticas p\u00fablicas suelen ser distintos a los deseos de los votantes. Los programas de gobierno no se desarrollan como se prometen, o los objetivos no son evaluados de ante mano; o en los casos de realizarse evaluaciones, los resultados no son contrastados con estas.<\/p>\n<p style=\"text-align: justify;\">Con el fin de que los gobernantes ejerzan la menor cantidad de fallos en el cumplimiento de sus mandatos, y para que la sociedad civil pueda monitorear el cumplimiento de las acciones p\u00fablicas, es necesario establecer normas de evaluaci\u00f3n, ex ante y ex post, de pol\u00edticas p\u00fablicas, de programas y de proyectos.<\/p>\n<p style=\"text-align: justify;\">Mientras menos recursos tienen los ciudadanos de un pa\u00eds, es m\u00e1s costoso financiar la administraci\u00f3n p\u00fablica. El costo de oportunidad de los recursos de los habitantes de una econom\u00eda en v\u00edas de desarrollo es alto. En consecuencia, el sacrificio individual amerita que se eval\u00fae con mucho cuidado el destino que reciben sus recursos.<\/p>\n<p style=\"text-align: justify;\">El an\u00e1lisis costo-beneficio permite la evaluaci\u00f3n de pol\u00edticas p\u00fablicas y proyectos en el sentido m\u00e1s amplio. Cuando existe un buen sistema que eval\u00fae los costos, los riesgos y los posibles beneficios relacionados con el gasto p\u00fablico, los impuestos, las modificaciones en las regulaciones, y los cambios en el uso y destino de los activos p\u00fablicos; es m\u00e1s f\u00e1cil acercarse al objetivo de optimizar el valor de las acciones de un gobierno.<\/p>\n<p style=\"text-align: justify;\">En adici\u00f3n, un sistema de evaluaci\u00f3n de la gesti\u00f3n p\u00fablica fundamentado en el an\u00e1lisis costo-beneficio puede ayudar en la transparencia de las acciones p\u00fablicas. Una gesti\u00f3n p\u00fablica basada en evaluaciones hace que el proceso de toma de decisiones deba ser transparentado, &#8220;exigiendo que quienes toman las decisiones den a conocer sus datos, sus supuestos y expectativas, y que los an\u00e1lisis sean sometidos al escrutinio y cr\u00edtica de expertos.&#8221;<a href=\"#_ftn1\" name=\"_ftnref1\">[1]<\/a><\/p>\n<p style=\"text-align: justify;\">Desde el CREES hemos manifestado la importancia de que el Congreso Nacional cuente con una Oficina Congresual de Presupuesto y An\u00e1lisis Econ\u00f3micos (OCPAE) con la finalidad de analizar los presupuestos p\u00fablicos y su ejecuci\u00f3n, as\u00ed como evaluar los proyectos de ley y rendir informes sobre su impacto en base a an\u00e1lisis socioecon\u00f3micos<a href=\"#_ftn2\" name=\"_ftnref2\">[2]<\/a>. Entendemos que el Congreso, como \u00f3rgano de contrapeso del Ejecutivo, debe fortalecer sus competencias t\u00e9cnicas para evaluar el desempe\u00f1o de la ejecuci\u00f3n p\u00fablica. De igual forma, debe poder rendir informes que sustenten, en base a an\u00e1lisis que contemplen riesgos, costos y beneficios, las bases que fundamentan sus decisiones legislativas.<\/p>\n<p style=\"text-align: justify;\">En adici\u00f3n, sugerimos que dentro de la administraci\u00f3n p\u00fablica exista un ente que sirva de soporte t\u00e9cnico para la implementaci\u00f3n de un sistema de evaluaci\u00f3n de pol\u00edticas, programas y proyectos. El objetivo es institucionalizar la evaluaci\u00f3n, para que sea una pr\u00e1ctica continua: previa al dise\u00f1o de pol\u00edticas p\u00fablicas, programas y proyectos; y en la fase de implementaci\u00f3n para medir resultados.<\/p>\n<p style=\"text-align: justify;\">La institucionalizaci\u00f3n de la evaluaci\u00f3n p\u00fablica es una decisi\u00f3n que requiere voluntad pol\u00edtica. La decisi\u00f3n de la institucionalizaci\u00f3n puede recorrer diferentes caminos y tener distintas bases legales.<\/p>\n<p style=\"text-align: justify;\">En Costa Rica, por ejemplo, la constituci\u00f3n establece la evaluaci\u00f3n del uso de los fondos p\u00fablicos dentro del art\u00edculo 11 de esta. En Estados Unidos, la institucionalizaci\u00f3n del an\u00e1lisis costo-beneficio en materia regulatoria inici\u00f3 con la Orden Ejecutiva 12291 en el a\u00f1o 1981. Otras \u00f3rdenes ejecutivas han modificado la original, manteniendo la institucionalizaci\u00f3n. En el caso de Chile, el Ministerio de Hacienda, a trav\u00e9s de la Direcci\u00f3n de Presupuestos (Dipres), realiza las evaluaciones de los resultados de los programas gubernamentales, y tambi\u00e9n realiza evaluaciones ex ante de determinados programas. Junto a ese ministerio, el Ministerio de Desarrollo Social y el Ministerio Secretar\u00eda General de la Presidencia tambi\u00e9n realizan evaluaciones ex ante<a href=\"#_ftn3\" name=\"_ftnref3\">[3]<\/a>.<\/p>\n<p style=\"text-align: justify;\">El caso de la Dipres de Chile ha sido estudiado internacionalmente por la forma como esta instituci\u00f3n ha estructurado el sistema de evaluaciones. Dipres no se limita a la implementaci\u00f3n de presupuestos por resultados, como ha sido la norma en muchos pa\u00edses, incluyendo Rep\u00fablica Dominicana. Las evaluaciones realizadas por Dipres son p\u00fablicas y son realizadas por profesionales independientes, contratados mediante concursos p\u00fablicos.<\/p>\n<p style=\"text-align: justify;\">En Rep\u00fablica Dominicana, la institucionalizaci\u00f3n de las evaluaciones podr\u00eda empezar por la Direcci\u00f3n General de Presupuesto (DIGEPRES). Esta instituci\u00f3n podr\u00eda realizar evaluaciones de los programas ex ante y ex post. Para las evaluaciones ex post deber\u00eda institucionalizarse el sistema de licitaciones para contratar evaluadores independientes. De esta forma, se separar\u00edan a los equipos evaluadores.<\/p>\n<p style=\"text-align: justify;\">De igual forma, las evaluaciones de los proyectos de inversi\u00f3n deber\u00edan ser realizados por personal del Ministerio de Econom\u00eda, Planificaci\u00f3n y Desarrollo. Una funci\u00f3n adicional ser\u00eda realizar las evaluaciones costo-beneficio de las regulaciones implementadas por los dem\u00e1s ministerios y direcciones generales, antes de ser implementadas. Porque es que las pol\u00edticas p\u00fablicas necesitan ser evaluadas. Existen normas y regulaciones que dificultan realizar negocios o encarecen, en sentido general, la vida en sociedad.<\/p>\n<p style=\"text-align: justify;\">En adici\u00f3n a la evaluaci\u00f3n de programas, DIGEPRES deber\u00eda encargarse de realizar las evaluaciones ex post de los proyectos de inversi\u00f3n y de las regulaciones. Estas evaluaciones tambi\u00e9n deber\u00edan ser realizadas por evaluadores externos, contratados por concursos.<\/p>\n<p style=\"text-align: justify;\">El gasto p\u00fablico sin evaluaci\u00f3n no proporciona indicios de su calidad; es decir, de su efectividad. Tampoco proporciona garant\u00edas de que es eficiente. Es necesario, en consecuencia, la institucionalizaci\u00f3n, en toda la administraci\u00f3n p\u00fablica dominicana, de un sistema de evaluaci\u00f3n del gasto p\u00fablico. As\u00ed como es necesario que se eval\u00faen las pol\u00edticas p\u00fablicas y sus consecuencias sobre el desarrollo econ\u00f3mico.<\/p>\n<p style=\"text-align: justify;\"><a href=\"#_ftnref1\" name=\"_ftn1\">[1]<\/a> A. Livermore, M. (2010). An\u00e1lisis costo-beneficio de las pol\u00edticas medioambientales en pa\u00edses en desarrollo. <em>Estudios P\u00fablicos<\/em>, <em>117<\/em>. https:\/\/doi.org\/10.38178\/cep.vi117.409<\/p>\n<p style=\"text-align: justify;\"><a href=\"#_ftnref2\" name=\"_ftn2\">[2]<\/a> Centro Regional de Estrat\u00e9gias Econ\u00f3micas Sostenibles. (2021). <em>Proyecto<\/em><em> de<\/em><em> Ley<\/em><em> de<\/em><em> Responsabilidad<\/em><em> yTransparencia<\/em><em> Fiscal<\/em>. Crees. Org.Do. Recuperado noviembre 29, 2021, de https:\/\/crees.org.do\/download\/texto-anteproyecto-de-ley-de-responsabilidad-y-transparencia-fiscal\/<\/p>\n<p style=\"text-align: justify;\"><a href=\"#_ftnref3\" name=\"_ftn3\">[3]<\/a> Irarr\u00e1zaval Boris De Los R\u00edos, I. (2014). Monitoreo y evaluaci\u00f3n de pol\u00edticas p\u00fablicas: Contribuciones de la experiencia internacional para la institucionalidad chilena. <em>Notas P\u00fablicas<\/em>, <em>2<\/em>.<\/p>\n<p style=\"text-align: justify;\">\n<div class=\"pvc_clear\"><\/div>\n<p class=\"pvc_stats all \" data-element-id=\"22450\" style=\"\"><i class=\"pvc-stats-icon medium\" aria-hidden=\"true\"><svg aria-hidden=\"true\" focusable=\"false\" data-prefix=\"far\" data-icon=\"chart-bar\" role=\"img\" xmlns=\"http:\/\/www.w3.org\/2000\/svg\" viewBox=\"0 0 512 512\" class=\"svg-inline--fa fa-chart-bar fa-w-16 fa-2x\"><path fill=\"currentColor\" d=\"M396.8 352h22.4c6.4 0 12.8-6.4 12.8-12.8V108.8c0-6.4-6.4-12.8-12.8-12.8h-22.4c-6.4 0-12.8 6.4-12.8 12.8v230.4c0 6.4 6.4 12.8 12.8 12.8zm-192 0h22.4c6.4 0 12.8-6.4 12.8-12.8V140.8c0-6.4-6.4-12.8-12.8-12.8h-22.4c-6.4 0-12.8 6.4-12.8 12.8v198.4c0 6.4 6.4 12.8 12.8 12.8zm96 0h22.4c6.4 0 12.8-6.4 12.8-12.8V204.8c0-6.4-6.4-12.8-12.8-12.8h-22.4c-6.4 0-12.8 6.4-12.8 12.8v134.4c0 6.4 6.4 12.8 12.8 12.8zM496 400H48V80c0-8.84-7.16-16-16-16H16C7.16 64 0 71.16 0 80v336c0 17.67 14.33 32 32 32h464c8.84 0 16-7.16 16-16v-16c0-8.84-7.16-16-16-16zm-387.2-48h22.4c6.4 0 12.8-6.4 12.8-12.8v-70.4c0-6.4-6.4-12.8-12.8-12.8h-22.4c-6.4 0-12.8 6.4-12.8 12.8v70.4c0 6.4 6.4 12.8 12.8 12.8z\" class=\"\"><\/path><\/svg><\/i> Vistas Totales&nbsp;1,511&nbsp;, Vistas Hoy&nbsp;4&nbsp;<\/p>\n<div class=\"pvc_clear\"><\/div>\n","protected":false},"excerpt":{"rendered":"<p>Autor: Miguel Collado Di Franco Fecha: 2 de diciembre del 2021 La democracia es entendida como la expresi\u00f3n popular a trav\u00e9s de las urnas. La conclusi\u00f3n a la que se ha llegado es que un gobierno elegido de forma democr\u00e1tica ejecutar\u00e1 el mandato recibido del pueblo. Se asume, en consecuencia, que las decisiones emanadas de&#8230;<\/p>\n<div class=\"pvc_clear\"><\/div>\n<p class=\"pvc_stats all \" data-element-id=\"22450\" style=\"\"><i class=\"pvc-stats-icon medium\" aria-hidden=\"true\"><svg aria-hidden=\"true\" focusable=\"false\" data-prefix=\"far\" data-icon=\"chart-bar\" role=\"img\" xmlns=\"http:\/\/www.w3.org\/2000\/svg\" viewBox=\"0 0 512 512\" class=\"svg-inline--fa fa-chart-bar fa-w-16 fa-2x\"><path fill=\"currentColor\" d=\"M396.8 352h22.4c6.4 0 12.8-6.4 12.8-12.8V108.8c0-6.4-6.4-12.8-12.8-12.8h-22.4c-6.4 0-12.8 6.4-12.8 12.8v230.4c0 6.4 6.4 12.8 12.8 12.8zm-192 0h22.4c6.4 0 12.8-6.4 12.8-12.8V140.8c0-6.4-6.4-12.8-12.8-12.8h-22.4c-6.4 0-12.8 6.4-12.8 12.8v198.4c0 6.4 6.4 12.8 12.8 12.8zm96 0h22.4c6.4 0 12.8-6.4 12.8-12.8V204.8c0-6.4-6.4-12.8-12.8-12.8h-22.4c-6.4 0-12.8 6.4-12.8 12.8v134.4c0 6.4 6.4 12.8 12.8 12.8zM496 400H48V80c0-8.84-7.16-16-16-16H16C7.16 64 0 71.16 0 80v336c0 17.67 14.33 32 32 32h464c8.84 0 16-7.16 16-16v-16c0-8.84-7.16-16-16-16zm-387.2-48h22.4c6.4 0 12.8-6.4 12.8-12.8v-70.4c0-6.4-6.4-12.8-12.8-12.8h-22.4c-6.4 0-12.8 6.4-12.8 12.8v70.4c0 6.4 6.4 12.8 12.8 12.8z\" class=\"\"><\/path><\/svg><\/i> Vistas Totales&nbsp;1,511&nbsp;, Vistas Hoy&nbsp;4&nbsp;<\/p>\n<div class=\"pvc_clear\"><\/div>\n","protected":false},"author":2,"featured_media":22458,"comment_status":"closed","ping_status":"closed","sticky":false,"template":"","format":"standard","meta":{"footnotes":""},"categories":[22],"tags":[],"class_list":["post-22450","post","type-post","status-publish","format-standard","has-post-thumbnail","hentry","category-articulos"],"yoast_head":"<!-- This site is optimized with the Yoast SEO plugin v25.2 - https:\/\/yoast.com\/wordpress\/plugins\/seo\/ -->\n<title>El gasto p\u00fablico sin evaluaci\u00f3n no da garant\u00eda de su calidad | CREES<\/title>\n<meta name=\"robots\" content=\"index, follow, max-snippet:-1, max-image-preview:large, max-video-preview:-1\" \/>\n<link rel=\"canonical\" href=\"https:\/\/crees.org.do\/?p=22450\" \/>\n<meta property=\"og:locale\" content=\"es_ES\" \/>\n<meta property=\"og:type\" content=\"article\" \/>\n<meta property=\"og:title\" content=\"El gasto p\u00fablico sin evaluaci\u00f3n no da garant\u00eda de su calidad | CREES\" \/>\n<meta property=\"og:description\" content=\"Autor: Miguel Collado Di Franco Fecha: 2 de diciembre del 2021 La democracia es entendida como la expresi\u00f3n popular a trav\u00e9s de las urnas. La conclusi\u00f3n a la que se ha llegado es que un gobierno elegido de forma democr\u00e1tica ejecutar\u00e1 el mandato recibido del pueblo. Se asume, en consecuencia, que las decisiones emanadas de...\" \/>\n<meta property=\"og:url\" content=\"https:\/\/crees.org.do\/?p=22450\" \/>\n<meta property=\"og:site_name\" content=\"CREES\" \/>\n<meta property=\"article:publisher\" content=\"https:\/\/www.facebook.com\/CREESRD\/\" \/>\n<meta property=\"article:published_time\" content=\"2021-12-02T10:30:37+00:00\" \/>\n<meta property=\"article:modified_time\" content=\"2021-12-02T19:38:12+00:00\" \/>\n<meta property=\"og:image\" content=\"https:\/\/crees.org.do\/wp-content\/uploads\/2021\/12\/1-Slide-1-copy-1.png\" \/>\n\t<meta property=\"og:image:width\" content=\"800\" \/>\n\t<meta property=\"og:image:height\" content=\"570\" \/>\n\t<meta property=\"og:image:type\" content=\"image\/png\" \/>\n<meta name=\"author\" content=\"Crees\" \/>\n<meta name=\"twitter:card\" content=\"summary_large_image\" \/>\n<meta name=\"twitter:creator\" content=\"@CREESRD\" \/>\n<meta name=\"twitter:site\" content=\"@CREESRD\" \/>\n<meta name=\"twitter:label1\" content=\"Escrito por\" \/>\n\t<meta name=\"twitter:data1\" content=\"Crees\" \/>\n\t<meta name=\"twitter:label2\" content=\"Tiempo de lectura\" \/>\n\t<meta name=\"twitter:data2\" content=\"6 minutos\" \/>\n<script type=\"application\/ld+json\" class=\"yoast-schema-graph\">{\"@context\":\"https:\/\/schema.org\",\"@graph\":[{\"@type\":\"Article\",\"@id\":\"https:\/\/crees.org.do\/?p=22450#article\",\"isPartOf\":{\"@id\":\"https:\/\/crees.org.do\/?p=22450\"},\"author\":{\"name\":\"Crees\",\"@id\":\"https:\/\/crees.org.do\/#\/schema\/person\/e7f97cd94d7bf9cd0e0ce30acb7d56b8\"},\"headline\":\"El gasto p\u00fablico sin evaluaci\u00f3n no da garant\u00eda de su calidad\",\"datePublished\":\"2021-12-02T10:30:37+00:00\",\"dateModified\":\"2021-12-02T19:38:12+00:00\",\"mainEntityOfPage\":{\"@id\":\"https:\/\/crees.org.do\/?p=22450\"},\"wordCount\":1151,\"publisher\":{\"@id\":\"https:\/\/crees.org.do\/#organization\"},\"image\":{\"@id\":\"https:\/\/crees.org.do\/?p=22450#primaryimage\"},\"thumbnailUrl\":\"https:\/\/crees.org.do\/wp-content\/uploads\/2021\/12\/1-Slide-1-copy-1.png\",\"articleSection\":[\"Art\u00edculos\"],\"inLanguage\":\"es\"},{\"@type\":\"WebPage\",\"@id\":\"https:\/\/crees.org.do\/?p=22450\",\"url\":\"https:\/\/crees.org.do\/?p=22450\",\"name\":\"El gasto p\u00fablico sin evaluaci\u00f3n no da garant\u00eda de su calidad | CREES\",\"isPartOf\":{\"@id\":\"https:\/\/crees.org.do\/#website\"},\"primaryImageOfPage\":{\"@id\":\"https:\/\/crees.org.do\/?p=22450#primaryimage\"},\"image\":{\"@id\":\"https:\/\/crees.org.do\/?p=22450#primaryimage\"},\"thumbnailUrl\":\"https:\/\/crees.org.do\/wp-content\/uploads\/2021\/12\/1-Slide-1-copy-1.png\",\"datePublished\":\"2021-12-02T10:30:37+00:00\",\"dateModified\":\"2021-12-02T19:38:12+00:00\",\"breadcrumb\":{\"@id\":\"https:\/\/crees.org.do\/?p=22450#breadcrumb\"},\"inLanguage\":\"es\",\"potentialAction\":[{\"@type\":\"ReadAction\",\"target\":[\"https:\/\/crees.org.do\/?p=22450\"]}]},{\"@type\":\"ImageObject\",\"inLanguage\":\"es\",\"@id\":\"https:\/\/crees.org.do\/?p=22450#primaryimage\",\"url\":\"https:\/\/crees.org.do\/wp-content\/uploads\/2021\/12\/1-Slide-1-copy-1.png\",\"contentUrl\":\"https:\/\/crees.org.do\/wp-content\/uploads\/2021\/12\/1-Slide-1-copy-1.png\",\"width\":800,\"height\":570},{\"@type\":\"BreadcrumbList\",\"@id\":\"https:\/\/crees.org.do\/?p=22450#breadcrumb\",\"itemListElement\":[{\"@type\":\"ListItem\",\"position\":1,\"name\":\"Portada\",\"item\":\"https:\/\/crees.org.do\/\"},{\"@type\":\"ListItem\",\"position\":2,\"name\":\"El gasto p\u00fablico sin evaluaci\u00f3n no da garant\u00eda de su calidad\"}]},{\"@type\":\"WebSite\",\"@id\":\"https:\/\/crees.org.do\/#website\",\"url\":\"https:\/\/crees.org.do\/\",\"name\":\"CREES\",\"description\":\"Centro Regional de Estrategias Econ\u00f3micas Sostenibles\",\"publisher\":{\"@id\":\"https:\/\/crees.org.do\/#organization\"},\"potentialAction\":[{\"@type\":\"SearchAction\",\"target\":{\"@type\":\"EntryPoint\",\"urlTemplate\":\"https:\/\/crees.org.do\/?s={search_term_string}\"},\"query-input\":{\"@type\":\"PropertyValueSpecification\",\"valueRequired\":true,\"valueName\":\"search_term_string\"}}],\"inLanguage\":\"es\"},{\"@type\":\"Organization\",\"@id\":\"https:\/\/crees.org.do\/#organization\",\"name\":\"CREES | Centro Regional de Estrategias Econ\u00f3micas Sostenibles\",\"url\":\"https:\/\/crees.org.do\/\",\"logo\":{\"@type\":\"ImageObject\",\"inLanguage\":\"es\",\"@id\":\"https:\/\/crees.org.do\/#\/schema\/logo\/image\/\",\"url\":\"https:\/\/crees.org.do\/wp-content\/uploads\/2022\/03\/crees-logo-1.jpg\",\"contentUrl\":\"https:\/\/crees.org.do\/wp-content\/uploads\/2022\/03\/crees-logo-1.jpg\",\"width\":244,\"height\":71,\"caption\":\"CREES | Centro Regional de Estrategias Econ\u00f3micas Sostenibles\"},\"image\":{\"@id\":\"https:\/\/crees.org.do\/#\/schema\/logo\/image\/\"},\"sameAs\":[\"https:\/\/www.facebook.com\/CREESRD\/\",\"https:\/\/x.com\/CREESRD\"]},{\"@type\":\"Person\",\"@id\":\"https:\/\/crees.org.do\/#\/schema\/person\/e7f97cd94d7bf9cd0e0ce30acb7d56b8\",\"name\":\"Crees\",\"image\":{\"@type\":\"ImageObject\",\"inLanguage\":\"es\",\"@id\":\"https:\/\/crees.org.do\/#\/schema\/person\/image\/\",\"url\":\"https:\/\/secure.gravatar.com\/avatar\/390ac8f0be5d9aa046152553e2dd7011b59a512d89c150f5e5f28bb8d9a0b165?s=96&d=mm&r=g\",\"contentUrl\":\"https:\/\/secure.gravatar.com\/avatar\/390ac8f0be5d9aa046152553e2dd7011b59a512d89c150f5e5f28bb8d9a0b165?s=96&d=mm&r=g\",\"caption\":\"Crees\"},\"url\":\"https:\/\/crees.org.do\/?author=2\"}]}<\/script>\n<!-- \/ Yoast SEO plugin. -->","yoast_head_json":{"title":"El gasto p\u00fablico sin evaluaci\u00f3n no da garant\u00eda de su calidad | CREES","robots":{"index":"index","follow":"follow","max-snippet":"max-snippet:-1","max-image-preview":"max-image-preview:large","max-video-preview":"max-video-preview:-1"},"canonical":"https:\/\/crees.org.do\/?p=22450","og_locale":"es_ES","og_type":"article","og_title":"El gasto p\u00fablico sin evaluaci\u00f3n no da garant\u00eda de su calidad | CREES","og_description":"Autor: Miguel Collado Di Franco Fecha: 2 de diciembre del 2021 La democracia es entendida como la expresi\u00f3n popular a trav\u00e9s de las urnas. La conclusi\u00f3n a la que se ha llegado es que un gobierno elegido de forma democr\u00e1tica ejecutar\u00e1 el mandato recibido del pueblo. Se asume, en consecuencia, que las decisiones emanadas de...","og_url":"https:\/\/crees.org.do\/?p=22450","og_site_name":"CREES","article_publisher":"https:\/\/www.facebook.com\/CREESRD\/","article_published_time":"2021-12-02T10:30:37+00:00","article_modified_time":"2021-12-02T19:38:12+00:00","og_image":[{"width":800,"height":570,"url":"https:\/\/crees.org.do\/wp-content\/uploads\/2021\/12\/1-Slide-1-copy-1.png","type":"image\/png"}],"author":"Crees","twitter_card":"summary_large_image","twitter_creator":"@CREESRD","twitter_site":"@CREESRD","twitter_misc":{"Escrito por":"Crees","Tiempo de lectura":"6 minutos"},"schema":{"@context":"https:\/\/schema.org","@graph":[{"@type":"Article","@id":"https:\/\/crees.org.do\/?p=22450#article","isPartOf":{"@id":"https:\/\/crees.org.do\/?p=22450"},"author":{"name":"Crees","@id":"https:\/\/crees.org.do\/#\/schema\/person\/e7f97cd94d7bf9cd0e0ce30acb7d56b8"},"headline":"El gasto p\u00fablico sin evaluaci\u00f3n no da garant\u00eda de su calidad","datePublished":"2021-12-02T10:30:37+00:00","dateModified":"2021-12-02T19:38:12+00:00","mainEntityOfPage":{"@id":"https:\/\/crees.org.do\/?p=22450"},"wordCount":1151,"publisher":{"@id":"https:\/\/crees.org.do\/#organization"},"image":{"@id":"https:\/\/crees.org.do\/?p=22450#primaryimage"},"thumbnailUrl":"https:\/\/crees.org.do\/wp-content\/uploads\/2021\/12\/1-Slide-1-copy-1.png","articleSection":["Art\u00edculos"],"inLanguage":"es"},{"@type":"WebPage","@id":"https:\/\/crees.org.do\/?p=22450","url":"https:\/\/crees.org.do\/?p=22450","name":"El gasto p\u00fablico sin evaluaci\u00f3n no da garant\u00eda de su calidad | CREES","isPartOf":{"@id":"https:\/\/crees.org.do\/#website"},"primaryImageOfPage":{"@id":"https:\/\/crees.org.do\/?p=22450#primaryimage"},"image":{"@id":"https:\/\/crees.org.do\/?p=22450#primaryimage"},"thumbnailUrl":"https:\/\/crees.org.do\/wp-content\/uploads\/2021\/12\/1-Slide-1-copy-1.png","datePublished":"2021-12-02T10:30:37+00:00","dateModified":"2021-12-02T19:38:12+00:00","breadcrumb":{"@id":"https:\/\/crees.org.do\/?p=22450#breadcrumb"},"inLanguage":"es","potentialAction":[{"@type":"ReadAction","target":["https:\/\/crees.org.do\/?p=22450"]}]},{"@type":"ImageObject","inLanguage":"es","@id":"https:\/\/crees.org.do\/?p=22450#primaryimage","url":"https:\/\/crees.org.do\/wp-content\/uploads\/2021\/12\/1-Slide-1-copy-1.png","contentUrl":"https:\/\/crees.org.do\/wp-content\/uploads\/2021\/12\/1-Slide-1-copy-1.png","width":800,"height":570},{"@type":"BreadcrumbList","@id":"https:\/\/crees.org.do\/?p=22450#breadcrumb","itemListElement":[{"@type":"ListItem","position":1,"name":"Portada","item":"https:\/\/crees.org.do\/"},{"@type":"ListItem","position":2,"name":"El gasto p\u00fablico sin evaluaci\u00f3n no da garant\u00eda de su calidad"}]},{"@type":"WebSite","@id":"https:\/\/crees.org.do\/#website","url":"https:\/\/crees.org.do\/","name":"CREES","description":"Centro Regional de Estrategias Econ\u00f3micas Sostenibles","publisher":{"@id":"https:\/\/crees.org.do\/#organization"},"potentialAction":[{"@type":"SearchAction","target":{"@type":"EntryPoint","urlTemplate":"https:\/\/crees.org.do\/?s={search_term_string}"},"query-input":{"@type":"PropertyValueSpecification","valueRequired":true,"valueName":"search_term_string"}}],"inLanguage":"es"},{"@type":"Organization","@id":"https:\/\/crees.org.do\/#organization","name":"CREES | Centro Regional de Estrategias Econ\u00f3micas Sostenibles","url":"https:\/\/crees.org.do\/","logo":{"@type":"ImageObject","inLanguage":"es","@id":"https:\/\/crees.org.do\/#\/schema\/logo\/image\/","url":"https:\/\/crees.org.do\/wp-content\/uploads\/2022\/03\/crees-logo-1.jpg","contentUrl":"https:\/\/crees.org.do\/wp-content\/uploads\/2022\/03\/crees-logo-1.jpg","width":244,"height":71,"caption":"CREES | Centro Regional de Estrategias Econ\u00f3micas Sostenibles"},"image":{"@id":"https:\/\/crees.org.do\/#\/schema\/logo\/image\/"},"sameAs":["https:\/\/www.facebook.com\/CREESRD\/","https:\/\/x.com\/CREESRD"]},{"@type":"Person","@id":"https:\/\/crees.org.do\/#\/schema\/person\/e7f97cd94d7bf9cd0e0ce30acb7d56b8","name":"Crees","image":{"@type":"ImageObject","inLanguage":"es","@id":"https:\/\/crees.org.do\/#\/schema\/person\/image\/","url":"https:\/\/secure.gravatar.com\/avatar\/390ac8f0be5d9aa046152553e2dd7011b59a512d89c150f5e5f28bb8d9a0b165?s=96&d=mm&r=g","contentUrl":"https:\/\/secure.gravatar.com\/avatar\/390ac8f0be5d9aa046152553e2dd7011b59a512d89c150f5e5f28bb8d9a0b165?s=96&d=mm&r=g","caption":"Crees"},"url":"https:\/\/crees.org.do\/?author=2"}]}},"_links":{"self":[{"href":"https:\/\/crees.org.do\/index.php?rest_route=\/wp\/v2\/posts\/22450","targetHints":{"allow":["GET"]}}],"collection":[{"href":"https:\/\/crees.org.do\/index.php?rest_route=\/wp\/v2\/posts"}],"about":[{"href":"https:\/\/crees.org.do\/index.php?rest_route=\/wp\/v2\/types\/post"}],"author":[{"embeddable":true,"href":"https:\/\/crees.org.do\/index.php?rest_route=\/wp\/v2\/users\/2"}],"replies":[{"embeddable":true,"href":"https:\/\/crees.org.do\/index.php?rest_route=%2Fwp%2Fv2%2Fcomments&post=22450"}],"version-history":[{"count":3,"href":"https:\/\/crees.org.do\/index.php?rest_route=\/wp\/v2\/posts\/22450\/revisions"}],"predecessor-version":[{"id":22460,"href":"https:\/\/crees.org.do\/index.php?rest_route=\/wp\/v2\/posts\/22450\/revisions\/22460"}],"wp:featuredmedia":[{"embeddable":true,"href":"https:\/\/crees.org.do\/index.php?rest_route=\/wp\/v2\/media\/22458"}],"wp:attachment":[{"href":"https:\/\/crees.org.do\/index.php?rest_route=%2Fwp%2Fv2%2Fmedia&parent=22450"}],"wp:term":[{"taxonomy":"category","embeddable":true,"href":"https:\/\/crees.org.do\/index.php?rest_route=%2Fwp%2Fv2%2Fcategories&post=22450"},{"taxonomy":"post_tag","embeddable":true,"href":"https:\/\/crees.org.do\/index.php?rest_route=%2Fwp%2Fv2%2Ftags&post=22450"}],"curies":[{"name":"wp","href":"https:\/\/api.w.org\/{rel}","templated":true}]}}