{"id":22451,"date":"2021-12-02T10:30:11","date_gmt":"2021-12-02T10:30:11","guid":{"rendered":"https:\/\/crees.org.do\/?p=22451"},"modified":"2021-12-03T13:50:37","modified_gmt":"2021-12-03T13:50:37","slug":"titulo","status":"publish","type":"post","link":"https:\/\/crees.org.do\/?p=22451","title":{"rendered":"La nobleza detr\u00e1s de los emprendedores"},"content":{"rendered":"<p style=\"text-align: justify;\">Autor: Rolando Mart\u00ednez Ag\u00fcero<\/p>\n<p style=\"text-align: justify;\">Fecha: 2 de diciembre de 2021<\/p>\n<blockquote>\n<p style=\"text-align: justify;\">\u201c\u2026no nos equivoquemos sobre c\u00f3mo hemos llegado hasta aqu\u00ed: no por los gobiernos o quit\u00e1ndole dinero a los ricos, sino a trav\u00e9s del innovismo que empuja a millones de personas normales y corrientes a aventurarse en un nuevo trabajo o en una nueva empresa.\u201d<a href=\"#_ftn1\" name=\"_ftnref1\">[1]<\/a><\/p>\n<p style=\"text-align: justify;\">&#8211; Deirdre McCloskey<\/p>\n<\/blockquote>\n<p style=\"text-align: justify;\">La funci\u00f3n empresarial consiste en el descubrimiento que tiene una persona de una oportunidad de obtener una ganancia y act\u00faa para aprovecharse de ella<a href=\"#_ftn2\" name=\"_ftnref2\">[2]<\/a>. Cuando se introducen las interacciones con m\u00e1s agentes de la econom\u00eda se da lo que es el comercio voluntario, es decir, sin uso de violencia o abuso, y estas interacciones resultan beneficiosas para todos. Aquellos empresario o emprendedores que logran ejercer la funci\u00f3n empresarial de manera exitosa obtienen un beneficio mayor que los otros, es decir, son m\u00e1s rico. Pero independiente del \u00e9xito de sus emprendimientos hay que reconocer la valent\u00eda y la nobleza de estos individuos que se empoderaron y lograron crear algo que resulta beneficioso para todos.<\/p>\n<p style=\"text-align: justify;\">Un discurso que se ha vuelto popular \u2013y que por ejemplo est\u00e1 incluido en el plan de gobierno estadounidense actual\u2013 es el que promueve la idea de que los adinerados, que no son m\u00e1s que emprendedores exitosos, pueden pagar m\u00e1s que la tasa de impuesto a los ingresos establecida y que deben pagar \u201csu cuota justa\u201d<a href=\"#_ftn3\" name=\"_ftnref3\">[3]<\/a>. Esto no tiene sentido econ\u00f3mico porque significar\u00eda castigar el esfuerzo de muchos hombres y mujeres que han sido libres de desarrollar sus talentos, habilidades y capacidades, y han trabajado duro para obtener algo que tiene valor y mejora la vida de los dem\u00e1s. Es oportuno se\u00f1alar que en este art\u00edculo se excluyen aquellos emprendedores que se han beneficiado de pol\u00edticas estatales, en forma de privilegios para sus industrias o empresas.<\/p>\n<p style=\"text-align: justify;\">Los due\u00f1os de negocios y los emprendedores son motor de la econom\u00eda. Todos confiamos en la labor de estos creadores de bienestar para obtener los bienes o servicios que satisfacen nuestras necesidades. Si vamos en contra de ellos, estar\u00edamos yendo en contra de las manos que nos dan de comer alimentos de calidad, que nos permiten estar comunicados, que nos brindan entretenimiento, que no dan acceso r\u00e1pido y sencillo a otros bienes y\/o servicios, entre otros.<\/p>\n<p style=\"text-align: justify;\">Cuando un empresario o emprendedor decide invertir su capital en un negocio que ser\u00e1 beneficioso para la sociedad, este asume el riesgo de que su negocio no resulte fruct\u00edfero. \u201cEl empresario trata de estimar, lo mejor posible, la rotaci\u00f3n de sus ventas con el fin de poder calcular el capital de trabajo que necesitar\u00e1. De igual forma, estima los activos que necesita para saber el capital fijo que requiere su emprendimiento. Tambi\u00e9n deber\u00e1 prever cu\u00e1les son las tendencias del mercado a futuro para tratar de determinar cambios en los gustos de las personas y el efecto que estos podr\u00edan tener en la demanda de sus bienes (o servicios), y anticipar si los precios subir\u00e1n o bajar\u00e1n con el tiempo. Todo lo anterior es una labor tit\u00e1nica que conlleva estimaciones del capital que debe ser invertido; y, por ende, de la magnitud de los recursos que pone en juego el emprendedor\u201d<a href=\"#_ftn4\" name=\"_ftnref4\">[4]<\/a>.<\/p>\n<p style=\"text-align: justify;\">La idea de exigirle a emprendedores que se arriesgaron y triunfaron \u2013enriqueci\u00e9ndose a partir de sus negocios\u2013 que paguen excesivas tasas impositivas, es penalizar la inversi\u00f3n y reprimir la innovaci\u00f3n.<\/p>\n<p style=\"text-align: justify;\">Hoy en d\u00eda es gracias emprendedores exitosos se han creado formas de vivir nuestras vidas de sin tener que hacer da\u00f1o al medioambiente; con invenciones como los veh\u00edculos el\u00e9ctricos, por ejemplo. Incluso, se ha transformado la forma en la que un individuo puede trabajar; con la creaci\u00f3n de plataformas como Uber o Airbnb, por citar solo dos ejemplos. Tambi\u00e9n se ha innovado en productos que salvan vidas, como las vacunas. En general, se ha creado m\u00e1s y mejores fuentes empleo, mejorando la capacidad de generar ingresos de las personas y reduciendo la pobreza.<\/p>\n<p style=\"text-align: justify;\">El capitalismo o \u201cinnovismo voluntario\u201d, como lo llama la economista e historiadora Deirdre McCloskey, ha permitido que hombres y mujeres sean libres de beneficiarse de su propio esfuerzo, al mismo tipo que benefician al pr\u00f3jimo. Nos ha permitido desarrollar lo mejor de nosotros mismo: nuestra creatividad, nuestro intelecto, nuestra ambici\u00f3n, nuestra curiosidad, entre otros.<\/p>\n<p style=\"text-align: justify;\">Es importante reconocer el beneficio social que ha resultado del proceso de generaci\u00f3n de riqueza de muchos emprendedores. Hay que reconocer que el acto m\u00e1s noble que puede hacer un individuo es empoderarse, trabajar duro y actuar por su propio inter\u00e9s, produciendo algo de valor para otros. Hay que respetar los derechos individuales y la propiedad privada. Hay que promover la cultura del esfuerzo y trabajo duro, y no la cultura del subsidio y la ayuda del gobierno. Los gobiernos, por su parte, solo deben limitarse a asegurar la igualdad ante la ley y el cumplimiento de contratos, a promover la cooperaci\u00f3n y a realizar las reformas necesarias para crear un clima de orden que incentive las iniciativas de los emprendedores.<\/p>\n<p style=\"text-align: justify;\">En general, tenemos que celebrar el \u00e9xito de los emprendedores y promover la inversi\u00f3n e innovaci\u00f3n para incentivar a que otros se sumen. Esto es imprescindible para lograr el desarrollo econ\u00f3mico.<\/p>\n<p style=\"text-align: justify;\"><a href=\"#_ftnref1\" name=\"_ftn1\">[1]<\/a> Hern\u00e1ndez Velasco, I. (2019, 30 enero). Deirdre McCloskey: \u00abLas mejoras comerciales han salvado a los desdichados de la tierra y continuar\u00e1n haci\u00e9ndolo si no lo estropeamos con fantas\u00edas sobre el socialismo\u00bb. BBC Mundo. Recuperado 1 de diciembre de 2021, de https:\/\/www.bbc.com\/mundo\/noticias-46807454<\/p>\n<p style=\"text-align: justify;\"><a href=\"#_ftnref2\" name=\"_ftn2\">[2]<\/a> Ver la idea m\u00e1s desarrollada en: Huerta De Soto, J. (2000, 1 septiembre). 2. La capacidad coordinadora de la funci\u00f3n empresarial 110. Jes\u00fas Huerta de Soto. Recuperado 1 de diciembre de 2021, de https:\/\/www.jesushuertadesoto.com\/articulos\/articulos-en-espanol\/proyecto-docente\/2-la-capacidad-coordinadora-de-la-funcion-empresarial-110\/<\/p>\n<p style=\"text-align: justify;\"><a href=\"#_ftnref3\" name=\"_ftn3\">[3]<\/a> The White House. (2021, 3 noviembre). The Build Back Better Framework. https:\/\/www.whitehouse.gov\/build-back-better\/<\/p>\n<p style=\"text-align: justify;\"><a href=\"#_ftnref4\" name=\"_ftn4\">[4]<\/a> Collado Di Franco, M. (2021, 10 junio). La creaci\u00f3n de riqueza nos beneficia a todos. CREES. Recuperado 10 de junio de 2021, de https:\/\/crees.org.do\/la-creacion-de-riqueza-nos-beneficia-a-todos\/<\/p>\n<div class=\"pvc_clear\"><\/div>\n<p class=\"pvc_stats all \" data-element-id=\"22451\" style=\"\"><i class=\"pvc-stats-icon medium\" aria-hidden=\"true\"><svg aria-hidden=\"true\" focusable=\"false\" data-prefix=\"far\" data-icon=\"chart-bar\" role=\"img\" xmlns=\"http:\/\/www.w3.org\/2000\/svg\" viewBox=\"0 0 512 512\" class=\"svg-inline--fa fa-chart-bar fa-w-16 fa-2x\"><path fill=\"currentColor\" d=\"M396.8 352h22.4c6.4 0 12.8-6.4 12.8-12.8V108.8c0-6.4-6.4-12.8-12.8-12.8h-22.4c-6.4 0-12.8 6.4-12.8 12.8v230.4c0 6.4 6.4 12.8 12.8 12.8zm-192 0h22.4c6.4 0 12.8-6.4 12.8-12.8V140.8c0-6.4-6.4-12.8-12.8-12.8h-22.4c-6.4 0-12.8 6.4-12.8 12.8v198.4c0 6.4 6.4 12.8 12.8 12.8zm96 0h22.4c6.4 0 12.8-6.4 12.8-12.8V204.8c0-6.4-6.4-12.8-12.8-12.8h-22.4c-6.4 0-12.8 6.4-12.8 12.8v134.4c0 6.4 6.4 12.8 12.8 12.8zM496 400H48V80c0-8.84-7.16-16-16-16H16C7.16 64 0 71.16 0 80v336c0 17.67 14.33 32 32 32h464c8.84 0 16-7.16 16-16v-16c0-8.84-7.16-16-16-16zm-387.2-48h22.4c6.4 0 12.8-6.4 12.8-12.8v-70.4c0-6.4-6.4-12.8-12.8-12.8h-22.4c-6.4 0-12.8 6.4-12.8 12.8v70.4c0 6.4 6.4 12.8 12.8 12.8z\" class=\"\"><\/path><\/svg><\/i> Vistas Totales&nbsp;1,424&nbsp;, Vistas Hoy&nbsp;2&nbsp;<\/p>\n<div class=\"pvc_clear\"><\/div>\n","protected":false},"excerpt":{"rendered":"<p>Autor: Rolando Mart\u00ednez Ag\u00fcero Fecha: 2 de diciembre de 2021 \u201c\u2026no nos equivoquemos sobre c\u00f3mo hemos llegado hasta aqu\u00ed: no por los gobiernos o quit\u00e1ndole dinero a los ricos, sino a trav\u00e9s del innovismo que empuja a millones de personas normales y corrientes a aventurarse en un nuevo trabajo o en una nueva empresa.\u201d[1] &#8211;&#8230;<\/p>\n<div class=\"pvc_clear\"><\/div>\n<p class=\"pvc_stats all \" data-element-id=\"22451\" style=\"\"><i class=\"pvc-stats-icon medium\" aria-hidden=\"true\"><svg aria-hidden=\"true\" focusable=\"false\" data-prefix=\"far\" data-icon=\"chart-bar\" role=\"img\" xmlns=\"http:\/\/www.w3.org\/2000\/svg\" viewBox=\"0 0 512 512\" class=\"svg-inline--fa fa-chart-bar fa-w-16 fa-2x\"><path fill=\"currentColor\" d=\"M396.8 352h22.4c6.4 0 12.8-6.4 12.8-12.8V108.8c0-6.4-6.4-12.8-12.8-12.8h-22.4c-6.4 0-12.8 6.4-12.8 12.8v230.4c0 6.4 6.4 12.8 12.8 12.8zm-192 0h22.4c6.4 0 12.8-6.4 12.8-12.8V140.8c0-6.4-6.4-12.8-12.8-12.8h-22.4c-6.4 0-12.8 6.4-12.8 12.8v198.4c0 6.4 6.4 12.8 12.8 12.8zm96 0h22.4c6.4 0 12.8-6.4 12.8-12.8V204.8c0-6.4-6.4-12.8-12.8-12.8h-22.4c-6.4 0-12.8 6.4-12.8 12.8v134.4c0 6.4 6.4 12.8 12.8 12.8zM496 400H48V80c0-8.84-7.16-16-16-16H16C7.16 64 0 71.16 0 80v336c0 17.67 14.33 32 32 32h464c8.84 0 16-7.16 16-16v-16c0-8.84-7.16-16-16-16zm-387.2-48h22.4c6.4 0 12.8-6.4 12.8-12.8v-70.4c0-6.4-6.4-12.8-12.8-12.8h-22.4c-6.4 0-12.8 6.4-12.8 12.8v70.4c0 6.4 6.4 12.8 12.8 12.8z\" class=\"\"><\/path><\/svg><\/i> Vistas Totales&nbsp;1,424&nbsp;, Vistas Hoy&nbsp;2&nbsp;<\/p>\n<div class=\"pvc_clear\"><\/div>\n","protected":false},"author":2,"featured_media":22459,"comment_status":"closed","ping_status":"closed","sticky":false,"template":"","format":"standard","meta":{"footnotes":""},"categories":[22],"tags":[],"class_list":["post-22451","post","type-post","status-publish","format-standard","has-post-thumbnail","hentry","category-articulos"],"yoast_head":"<!-- This site is optimized with the Yoast SEO plugin v25.2 - https:\/\/yoast.com\/wordpress\/plugins\/seo\/ -->\n<title>La nobleza detr\u00e1s de los emprendedores | CREES<\/title>\n<meta name=\"robots\" content=\"index, follow, max-snippet:-1, max-image-preview:large, max-video-preview:-1\" \/>\n<link rel=\"canonical\" href=\"https:\/\/crees.org.do\/?p=22451\" \/>\n<meta property=\"og:locale\" content=\"es_ES\" \/>\n<meta property=\"og:type\" content=\"article\" \/>\n<meta property=\"og:title\" content=\"La nobleza detr\u00e1s de los emprendedores | CREES\" \/>\n<meta property=\"og:description\" content=\"Autor: Rolando Mart\u00ednez Ag\u00fcero Fecha: 2 de diciembre de 2021 \u201c\u2026no nos equivoquemos sobre c\u00f3mo hemos llegado hasta aqu\u00ed: no por los gobiernos o quit\u00e1ndole dinero a los ricos, sino a trav\u00e9s del innovismo que empuja a millones de personas normales y corrientes a aventurarse en un nuevo trabajo o en una nueva empresa.\u201d[1] &#8211;...\" \/>\n<meta property=\"og:url\" content=\"https:\/\/crees.org.do\/?p=22451\" \/>\n<meta property=\"og:site_name\" content=\"CREES\" \/>\n<meta property=\"article:publisher\" content=\"https:\/\/www.facebook.com\/CREESRD\/\" \/>\n<meta property=\"article:published_time\" content=\"2021-12-02T10:30:11+00:00\" \/>\n<meta property=\"article:modified_time\" content=\"2021-12-03T13:50:37+00:00\" \/>\n<meta property=\"og:image\" content=\"https:\/\/crees.org.do\/wp-content\/uploads\/2021\/12\/2-Untitled-copy-1.png\" \/>\n\t<meta property=\"og:image:width\" content=\"800\" \/>\n\t<meta property=\"og:image:height\" content=\"570\" \/>\n\t<meta property=\"og:image:type\" content=\"image\/png\" \/>\n<meta name=\"author\" content=\"Crees\" \/>\n<meta name=\"twitter:card\" content=\"summary_large_image\" \/>\n<meta name=\"twitter:creator\" content=\"@CREESRD\" \/>\n<meta name=\"twitter:site\" content=\"@CREESRD\" \/>\n<meta name=\"twitter:label1\" content=\"Escrito por\" \/>\n\t<meta name=\"twitter:data1\" content=\"Crees\" \/>\n\t<meta name=\"twitter:label2\" content=\"Tiempo de lectura\" \/>\n\t<meta name=\"twitter:data2\" content=\"5 minutos\" \/>\n<script type=\"application\/ld+json\" class=\"yoast-schema-graph\">{\"@context\":\"https:\/\/schema.org\",\"@graph\":[{\"@type\":\"Article\",\"@id\":\"https:\/\/crees.org.do\/?p=22451#article\",\"isPartOf\":{\"@id\":\"https:\/\/crees.org.do\/?p=22451\"},\"author\":{\"name\":\"Crees\",\"@id\":\"https:\/\/crees.org.do\/#\/schema\/person\/e7f97cd94d7bf9cd0e0ce30acb7d56b8\"},\"headline\":\"La nobleza detr\u00e1s de los emprendedores\",\"datePublished\":\"2021-12-02T10:30:11+00:00\",\"dateModified\":\"2021-12-03T13:50:37+00:00\",\"mainEntityOfPage\":{\"@id\":\"https:\/\/crees.org.do\/?p=22451\"},\"wordCount\":1031,\"publisher\":{\"@id\":\"https:\/\/crees.org.do\/#organization\"},\"image\":{\"@id\":\"https:\/\/crees.org.do\/?p=22451#primaryimage\"},\"thumbnailUrl\":\"https:\/\/crees.org.do\/wp-content\/uploads\/2021\/12\/2-Untitled-copy-1.png\",\"articleSection\":[\"Art\u00edculos\"],\"inLanguage\":\"es\"},{\"@type\":\"WebPage\",\"@id\":\"https:\/\/crees.org.do\/?p=22451\",\"url\":\"https:\/\/crees.org.do\/?p=22451\",\"name\":\"La nobleza detr\u00e1s de los emprendedores | CREES\",\"isPartOf\":{\"@id\":\"https:\/\/crees.org.do\/#website\"},\"primaryImageOfPage\":{\"@id\":\"https:\/\/crees.org.do\/?p=22451#primaryimage\"},\"image\":{\"@id\":\"https:\/\/crees.org.do\/?p=22451#primaryimage\"},\"thumbnailUrl\":\"https:\/\/crees.org.do\/wp-content\/uploads\/2021\/12\/2-Untitled-copy-1.png\",\"datePublished\":\"2021-12-02T10:30:11+00:00\",\"dateModified\":\"2021-12-03T13:50:37+00:00\",\"breadcrumb\":{\"@id\":\"https:\/\/crees.org.do\/?p=22451#breadcrumb\"},\"inLanguage\":\"es\",\"potentialAction\":[{\"@type\":\"ReadAction\",\"target\":[\"https:\/\/crees.org.do\/?p=22451\"]}]},{\"@type\":\"ImageObject\",\"inLanguage\":\"es\",\"@id\":\"https:\/\/crees.org.do\/?p=22451#primaryimage\",\"url\":\"https:\/\/crees.org.do\/wp-content\/uploads\/2021\/12\/2-Untitled-copy-1.png\",\"contentUrl\":\"https:\/\/crees.org.do\/wp-content\/uploads\/2021\/12\/2-Untitled-copy-1.png\",\"width\":800,\"height\":570},{\"@type\":\"BreadcrumbList\",\"@id\":\"https:\/\/crees.org.do\/?p=22451#breadcrumb\",\"itemListElement\":[{\"@type\":\"ListItem\",\"position\":1,\"name\":\"Portada\",\"item\":\"https:\/\/crees.org.do\/\"},{\"@type\":\"ListItem\",\"position\":2,\"name\":\"La nobleza detr\u00e1s de los emprendedores\"}]},{\"@type\":\"WebSite\",\"@id\":\"https:\/\/crees.org.do\/#website\",\"url\":\"https:\/\/crees.org.do\/\",\"name\":\"CREES\",\"description\":\"Centro Regional de Estrategias Econ\u00f3micas Sostenibles\",\"publisher\":{\"@id\":\"https:\/\/crees.org.do\/#organization\"},\"potentialAction\":[{\"@type\":\"SearchAction\",\"target\":{\"@type\":\"EntryPoint\",\"urlTemplate\":\"https:\/\/crees.org.do\/?s={search_term_string}\"},\"query-input\":{\"@type\":\"PropertyValueSpecification\",\"valueRequired\":true,\"valueName\":\"search_term_string\"}}],\"inLanguage\":\"es\"},{\"@type\":\"Organization\",\"@id\":\"https:\/\/crees.org.do\/#organization\",\"name\":\"CREES | Centro Regional de Estrategias Econ\u00f3micas Sostenibles\",\"url\":\"https:\/\/crees.org.do\/\",\"logo\":{\"@type\":\"ImageObject\",\"inLanguage\":\"es\",\"@id\":\"https:\/\/crees.org.do\/#\/schema\/logo\/image\/\",\"url\":\"https:\/\/crees.org.do\/wp-content\/uploads\/2022\/03\/crees-logo-1.jpg\",\"contentUrl\":\"https:\/\/crees.org.do\/wp-content\/uploads\/2022\/03\/crees-logo-1.jpg\",\"width\":244,\"height\":71,\"caption\":\"CREES | Centro Regional de Estrategias Econ\u00f3micas Sostenibles\"},\"image\":{\"@id\":\"https:\/\/crees.org.do\/#\/schema\/logo\/image\/\"},\"sameAs\":[\"https:\/\/www.facebook.com\/CREESRD\/\",\"https:\/\/x.com\/CREESRD\"]},{\"@type\":\"Person\",\"@id\":\"https:\/\/crees.org.do\/#\/schema\/person\/e7f97cd94d7bf9cd0e0ce30acb7d56b8\",\"name\":\"Crees\",\"image\":{\"@type\":\"ImageObject\",\"inLanguage\":\"es\",\"@id\":\"https:\/\/crees.org.do\/#\/schema\/person\/image\/\",\"url\":\"https:\/\/secure.gravatar.com\/avatar\/390ac8f0be5d9aa046152553e2dd7011b59a512d89c150f5e5f28bb8d9a0b165?s=96&d=mm&r=g\",\"contentUrl\":\"https:\/\/secure.gravatar.com\/avatar\/390ac8f0be5d9aa046152553e2dd7011b59a512d89c150f5e5f28bb8d9a0b165?s=96&d=mm&r=g\",\"caption\":\"Crees\"},\"url\":\"https:\/\/crees.org.do\/?author=2\"}]}<\/script>\n<!-- \/ Yoast SEO plugin. -->","yoast_head_json":{"title":"La nobleza detr\u00e1s de los emprendedores | CREES","robots":{"index":"index","follow":"follow","max-snippet":"max-snippet:-1","max-image-preview":"max-image-preview:large","max-video-preview":"max-video-preview:-1"},"canonical":"https:\/\/crees.org.do\/?p=22451","og_locale":"es_ES","og_type":"article","og_title":"La nobleza detr\u00e1s de los emprendedores | CREES","og_description":"Autor: Rolando Mart\u00ednez Ag\u00fcero Fecha: 2 de diciembre de 2021 \u201c\u2026no nos equivoquemos sobre c\u00f3mo hemos llegado hasta aqu\u00ed: no por los gobiernos o quit\u00e1ndole dinero a los ricos, sino a trav\u00e9s del innovismo que empuja a millones de personas normales y corrientes a aventurarse en un nuevo trabajo o en una nueva empresa.\u201d[1] &#8211;...","og_url":"https:\/\/crees.org.do\/?p=22451","og_site_name":"CREES","article_publisher":"https:\/\/www.facebook.com\/CREESRD\/","article_published_time":"2021-12-02T10:30:11+00:00","article_modified_time":"2021-12-03T13:50:37+00:00","og_image":[{"width":800,"height":570,"url":"https:\/\/crees.org.do\/wp-content\/uploads\/2021\/12\/2-Untitled-copy-1.png","type":"image\/png"}],"author":"Crees","twitter_card":"summary_large_image","twitter_creator":"@CREESRD","twitter_site":"@CREESRD","twitter_misc":{"Escrito por":"Crees","Tiempo de lectura":"5 minutos"},"schema":{"@context":"https:\/\/schema.org","@graph":[{"@type":"Article","@id":"https:\/\/crees.org.do\/?p=22451#article","isPartOf":{"@id":"https:\/\/crees.org.do\/?p=22451"},"author":{"name":"Crees","@id":"https:\/\/crees.org.do\/#\/schema\/person\/e7f97cd94d7bf9cd0e0ce30acb7d56b8"},"headline":"La nobleza detr\u00e1s de los emprendedores","datePublished":"2021-12-02T10:30:11+00:00","dateModified":"2021-12-03T13:50:37+00:00","mainEntityOfPage":{"@id":"https:\/\/crees.org.do\/?p=22451"},"wordCount":1031,"publisher":{"@id":"https:\/\/crees.org.do\/#organization"},"image":{"@id":"https:\/\/crees.org.do\/?p=22451#primaryimage"},"thumbnailUrl":"https:\/\/crees.org.do\/wp-content\/uploads\/2021\/12\/2-Untitled-copy-1.png","articleSection":["Art\u00edculos"],"inLanguage":"es"},{"@type":"WebPage","@id":"https:\/\/crees.org.do\/?p=22451","url":"https:\/\/crees.org.do\/?p=22451","name":"La nobleza detr\u00e1s de los emprendedores | CREES","isPartOf":{"@id":"https:\/\/crees.org.do\/#website"},"primaryImageOfPage":{"@id":"https:\/\/crees.org.do\/?p=22451#primaryimage"},"image":{"@id":"https:\/\/crees.org.do\/?p=22451#primaryimage"},"thumbnailUrl":"https:\/\/crees.org.do\/wp-content\/uploads\/2021\/12\/2-Untitled-copy-1.png","datePublished":"2021-12-02T10:30:11+00:00","dateModified":"2021-12-03T13:50:37+00:00","breadcrumb":{"@id":"https:\/\/crees.org.do\/?p=22451#breadcrumb"},"inLanguage":"es","potentialAction":[{"@type":"ReadAction","target":["https:\/\/crees.org.do\/?p=22451"]}]},{"@type":"ImageObject","inLanguage":"es","@id":"https:\/\/crees.org.do\/?p=22451#primaryimage","url":"https:\/\/crees.org.do\/wp-content\/uploads\/2021\/12\/2-Untitled-copy-1.png","contentUrl":"https:\/\/crees.org.do\/wp-content\/uploads\/2021\/12\/2-Untitled-copy-1.png","width":800,"height":570},{"@type":"BreadcrumbList","@id":"https:\/\/crees.org.do\/?p=22451#breadcrumb","itemListElement":[{"@type":"ListItem","position":1,"name":"Portada","item":"https:\/\/crees.org.do\/"},{"@type":"ListItem","position":2,"name":"La nobleza detr\u00e1s de los emprendedores"}]},{"@type":"WebSite","@id":"https:\/\/crees.org.do\/#website","url":"https:\/\/crees.org.do\/","name":"CREES","description":"Centro Regional de Estrategias Econ\u00f3micas Sostenibles","publisher":{"@id":"https:\/\/crees.org.do\/#organization"},"potentialAction":[{"@type":"SearchAction","target":{"@type":"EntryPoint","urlTemplate":"https:\/\/crees.org.do\/?s={search_term_string}"},"query-input":{"@type":"PropertyValueSpecification","valueRequired":true,"valueName":"search_term_string"}}],"inLanguage":"es"},{"@type":"Organization","@id":"https:\/\/crees.org.do\/#organization","name":"CREES | Centro Regional de Estrategias Econ\u00f3micas Sostenibles","url":"https:\/\/crees.org.do\/","logo":{"@type":"ImageObject","inLanguage":"es","@id":"https:\/\/crees.org.do\/#\/schema\/logo\/image\/","url":"https:\/\/crees.org.do\/wp-content\/uploads\/2022\/03\/crees-logo-1.jpg","contentUrl":"https:\/\/crees.org.do\/wp-content\/uploads\/2022\/03\/crees-logo-1.jpg","width":244,"height":71,"caption":"CREES | Centro Regional de Estrategias Econ\u00f3micas Sostenibles"},"image":{"@id":"https:\/\/crees.org.do\/#\/schema\/logo\/image\/"},"sameAs":["https:\/\/www.facebook.com\/CREESRD\/","https:\/\/x.com\/CREESRD"]},{"@type":"Person","@id":"https:\/\/crees.org.do\/#\/schema\/person\/e7f97cd94d7bf9cd0e0ce30acb7d56b8","name":"Crees","image":{"@type":"ImageObject","inLanguage":"es","@id":"https:\/\/crees.org.do\/#\/schema\/person\/image\/","url":"https:\/\/secure.gravatar.com\/avatar\/390ac8f0be5d9aa046152553e2dd7011b59a512d89c150f5e5f28bb8d9a0b165?s=96&d=mm&r=g","contentUrl":"https:\/\/secure.gravatar.com\/avatar\/390ac8f0be5d9aa046152553e2dd7011b59a512d89c150f5e5f28bb8d9a0b165?s=96&d=mm&r=g","caption":"Crees"},"url":"https:\/\/crees.org.do\/?author=2"}]}},"_links":{"self":[{"href":"https:\/\/crees.org.do\/index.php?rest_route=\/wp\/v2\/posts\/22451","targetHints":{"allow":["GET"]}}],"collection":[{"href":"https:\/\/crees.org.do\/index.php?rest_route=\/wp\/v2\/posts"}],"about":[{"href":"https:\/\/crees.org.do\/index.php?rest_route=\/wp\/v2\/types\/post"}],"author":[{"embeddable":true,"href":"https:\/\/crees.org.do\/index.php?rest_route=\/wp\/v2\/users\/2"}],"replies":[{"embeddable":true,"href":"https:\/\/crees.org.do\/index.php?rest_route=%2Fwp%2Fv2%2Fcomments&post=22451"}],"version-history":[{"count":4,"href":"https:\/\/crees.org.do\/index.php?rest_route=\/wp\/v2\/posts\/22451\/revisions"}],"predecessor-version":[{"id":22465,"href":"https:\/\/crees.org.do\/index.php?rest_route=\/wp\/v2\/posts\/22451\/revisions\/22465"}],"wp:featuredmedia":[{"embeddable":true,"href":"https:\/\/crees.org.do\/index.php?rest_route=\/wp\/v2\/media\/22459"}],"wp:attachment":[{"href":"https:\/\/crees.org.do\/index.php?rest_route=%2Fwp%2Fv2%2Fmedia&parent=22451"}],"wp:term":[{"taxonomy":"category","embeddable":true,"href":"https:\/\/crees.org.do\/index.php?rest_route=%2Fwp%2Fv2%2Fcategories&post=22451"},{"taxonomy":"post_tag","embeddable":true,"href":"https:\/\/crees.org.do\/index.php?rest_route=%2Fwp%2Fv2%2Ftags&post=22451"}],"curies":[{"name":"wp","href":"https:\/\/api.w.org\/{rel}","templated":true}]}}