{"id":22466,"date":"2021-12-03T15:15:20","date_gmt":"2021-12-03T15:15:20","guid":{"rendered":"https:\/\/crees.org.do\/?p=22466"},"modified":"2021-12-03T15:16:22","modified_gmt":"2021-12-03T15:16:22","slug":"la-tasa-de-interes-activa-promedio-fue-de-9-9-mientras-que-la-pasiva-promedio-fue-de-2-1-en-noviembre-del-2021","status":"publish","type":"post","link":"https:\/\/crees.org.do\/?p=22466","title":{"rendered":"La tasa de inter\u00e9s activa promedio fue de 9.9%, mientras que la pasiva promedio fue de 2.1%, en noviembre del 2021"},"content":{"rendered":"<p style=\"text-align: justify;\">En noviembre del 2021, la tasa de inter\u00e9s activa promedio ponderada de los Bancos M\u00faltiples fue de 9.9%, mientras que la tasa de inter\u00e9s pasiva promedio ponderada de los Bancos M\u00faltiples fue de 2.1%, lo que equivale a un margen de intermediaci\u00f3n de 7.8 puntos porcentuales. Se entiende como tasa de inter\u00e9s activa al porcentaje cobrado por las entidades financieras sobre el dinero que prestan y como tasa de inter\u00e9s pasiva al porcentaje que pagan los entidades financieras a los ahorrantes por mantener sus fondos en las cuentas del banco.<\/p>\n<p style=\"text-align: justify;\">Con respecto a noviembre del 2020, la tasa de inter\u00e9s activa aument\u00f3 0.1 puntos porcentuales, mientras que la pasiva disminuy\u00f3 en 1.2 puntos porcentuales.<\/p>\n<p style=\"text-align: justify;\">Como consecuencia de la medida restrictiva que ha tomado el Banco Central de la Rep\u00fablica Dominicana (BCRD) de reducci\u00f3n de tasa de pol\u00edtica monetaria \u2013que a su vez va acorde con las se\u00f1ales que ha dado la la Reserva Federal de Estados Unidos (FED)\u2013, se esperar\u00eda que la tendencia de las tasas de inter\u00e9s en Rep\u00fablica Dominicana sea de aumento en el mediano plazo.<\/p>\n<p style=\"text-align: justify;\">Sin embargo, a\u00fan m\u00e1s importante es observar el nivel de liquidez que mantienen los intermediarios finan\u00adcieros, el cual a\u00fan se encontraba alto al cierre de noviembre de 2021. Una disminuci\u00f3n en el nivel de liquidez significar\u00eda una menor cantidad de recursos que pueden ser prestados, lo que provocar\u00eda un aumento en las tasas.<\/p>\n<div class=\"pvc_clear\"><\/div>\n<p class=\"pvc_stats all \" data-element-id=\"22466\" style=\"\"><i class=\"pvc-stats-icon medium\" aria-hidden=\"true\"><svg aria-hidden=\"true\" focusable=\"false\" data-prefix=\"far\" data-icon=\"chart-bar\" role=\"img\" xmlns=\"http:\/\/www.w3.org\/2000\/svg\" viewBox=\"0 0 512 512\" class=\"svg-inline--fa fa-chart-bar fa-w-16 fa-2x\"><path fill=\"currentColor\" d=\"M396.8 352h22.4c6.4 0 12.8-6.4 12.8-12.8V108.8c0-6.4-6.4-12.8-12.8-12.8h-22.4c-6.4 0-12.8 6.4-12.8 12.8v230.4c0 6.4 6.4 12.8 12.8 12.8zm-192 0h22.4c6.4 0 12.8-6.4 12.8-12.8V140.8c0-6.4-6.4-12.8-12.8-12.8h-22.4c-6.4 0-12.8 6.4-12.8 12.8v198.4c0 6.4 6.4 12.8 12.8 12.8zm96 0h22.4c6.4 0 12.8-6.4 12.8-12.8V204.8c0-6.4-6.4-12.8-12.8-12.8h-22.4c-6.4 0-12.8 6.4-12.8 12.8v134.4c0 6.4 6.4 12.8 12.8 12.8zM496 400H48V80c0-8.84-7.16-16-16-16H16C7.16 64 0 71.16 0 80v336c0 17.67 14.33 32 32 32h464c8.84 0 16-7.16 16-16v-16c0-8.84-7.16-16-16-16zm-387.2-48h22.4c6.4 0 12.8-6.4 12.8-12.8v-70.4c0-6.4-6.4-12.8-12.8-12.8h-22.4c-6.4 0-12.8 6.4-12.8 12.8v70.4c0 6.4 6.4 12.8 12.8 12.8z\" class=\"\"><\/path><\/svg><\/i> Vistas Totales&nbsp;1,497&nbsp;, Vistas Hoy&nbsp;2&nbsp;<\/p>\n<div class=\"pvc_clear\"><\/div>\n","protected":false},"excerpt":{"rendered":"<p>En noviembre del 2021, la tasa de inter\u00e9s activa promedio ponderada de los Bancos M\u00faltiples fue de 9.9%, mientras que la tasa de inter\u00e9s pasiva promedio ponderada de los Bancos M\u00faltiples fue de 2.1%, lo que equivale a un margen de intermediaci\u00f3n de 7.8 puntos porcentuales. Se entiende como tasa de inter\u00e9s activa al porcentaje&#8230;<\/p>\n<div class=\"pvc_clear\"><\/div>\n<p class=\"pvc_stats all \" data-element-id=\"22466\" style=\"\"><i class=\"pvc-stats-icon medium\" aria-hidden=\"true\"><svg aria-hidden=\"true\" focusable=\"false\" data-prefix=\"far\" data-icon=\"chart-bar\" role=\"img\" xmlns=\"http:\/\/www.w3.org\/2000\/svg\" viewBox=\"0 0 512 512\" class=\"svg-inline--fa fa-chart-bar fa-w-16 fa-2x\"><path fill=\"currentColor\" d=\"M396.8 352h22.4c6.4 0 12.8-6.4 12.8-12.8V108.8c0-6.4-6.4-12.8-12.8-12.8h-22.4c-6.4 0-12.8 6.4-12.8 12.8v230.4c0 6.4 6.4 12.8 12.8 12.8zm-192 0h22.4c6.4 0 12.8-6.4 12.8-12.8V140.8c0-6.4-6.4-12.8-12.8-12.8h-22.4c-6.4 0-12.8 6.4-12.8 12.8v198.4c0 6.4 6.4 12.8 12.8 12.8zm96 0h22.4c6.4 0 12.8-6.4 12.8-12.8V204.8c0-6.4-6.4-12.8-12.8-12.8h-22.4c-6.4 0-12.8 6.4-12.8 12.8v134.4c0 6.4 6.4 12.8 12.8 12.8zM496 400H48V80c0-8.84-7.16-16-16-16H16C7.16 64 0 71.16 0 80v336c0 17.67 14.33 32 32 32h464c8.84 0 16-7.16 16-16v-16c0-8.84-7.16-16-16-16zm-387.2-48h22.4c6.4 0 12.8-6.4 12.8-12.8v-70.4c0-6.4-6.4-12.8-12.8-12.8h-22.4c-6.4 0-12.8 6.4-12.8 12.8v70.4c0 6.4 6.4 12.8 12.8 12.8z\" class=\"\"><\/path><\/svg><\/i> Vistas Totales&nbsp;1,497&nbsp;, Vistas Hoy&nbsp;2&nbsp;<\/p>\n<div class=\"pvc_clear\"><\/div>\n","protected":false},"author":2,"featured_media":22467,"comment_status":"closed","ping_status":"closed","sticky":false,"template":"","format":"standard","meta":{"footnotes":""},"categories":[21],"tags":[],"class_list":["post-22466","post","type-post","status-publish","format-standard","has-post-thumbnail","hentry","category-blog"],"yoast_head":"<!-- This site is optimized with the Yoast SEO plugin v25.2 - https:\/\/yoast.com\/wordpress\/plugins\/seo\/ -->\n<title>La tasa de inter\u00e9s activa promedio fue de 9.9%, mientras que la pasiva promedio fue de 2.1%, en noviembre del 2021 | CREES<\/title>\n<meta name=\"robots\" content=\"index, follow, max-snippet:-1, max-image-preview:large, max-video-preview:-1\" \/>\n<link rel=\"canonical\" href=\"https:\/\/crees.org.do\/?p=22466\" \/>\n<meta property=\"og:locale\" content=\"es_ES\" \/>\n<meta property=\"og:type\" content=\"article\" \/>\n<meta property=\"og:title\" content=\"La tasa de inter\u00e9s activa promedio fue de 9.9%, mientras que la pasiva promedio fue de 2.1%, en noviembre del 2021 | CREES\" \/>\n<meta property=\"og:description\" content=\"En noviembre del 2021, la tasa de inter\u00e9s activa promedio ponderada de los Bancos M\u00faltiples fue de 9.9%, mientras que la tasa de inter\u00e9s pasiva promedio ponderada de los Bancos M\u00faltiples fue de 2.1%, lo que equivale a un margen de intermediaci\u00f3n de 7.8 puntos porcentuales. Se entiende como tasa de inter\u00e9s activa al porcentaje...\" \/>\n<meta property=\"og:url\" content=\"https:\/\/crees.org.do\/?p=22466\" \/>\n<meta property=\"og:site_name\" content=\"CREES\" \/>\n<meta property=\"article:publisher\" content=\"https:\/\/www.facebook.com\/CREESRD\/\" \/>\n<meta property=\"article:published_time\" content=\"2021-12-03T15:15:20+00:00\" \/>\n<meta property=\"article:modified_time\" content=\"2021-12-03T15:16:22+00:00\" \/>\n<meta property=\"og:image\" content=\"https:\/\/crees.org.do\/wp-content\/uploads\/2021\/12\/Screen-Shot-2021-12-03-at-10.59.19-AM.png\" \/>\n\t<meta property=\"og:image:width\" content=\"1452\" \/>\n\t<meta property=\"og:image:height\" content=\"1452\" \/>\n\t<meta property=\"og:image:type\" content=\"image\/png\" \/>\n<meta name=\"author\" content=\"Crees\" \/>\n<meta name=\"twitter:card\" content=\"summary_large_image\" \/>\n<meta name=\"twitter:creator\" content=\"@CREESRD\" \/>\n<meta name=\"twitter:site\" content=\"@CREESRD\" \/>\n<meta name=\"twitter:label1\" content=\"Escrito por\" \/>\n\t<meta name=\"twitter:data1\" content=\"Crees\" \/>\n\t<meta name=\"twitter:label2\" content=\"Tiempo de lectura\" \/>\n\t<meta name=\"twitter:data2\" content=\"1 minuto\" \/>\n<script type=\"application\/ld+json\" class=\"yoast-schema-graph\">{\"@context\":\"https:\/\/schema.org\",\"@graph\":[{\"@type\":\"Article\",\"@id\":\"https:\/\/crees.org.do\/?p=22466#article\",\"isPartOf\":{\"@id\":\"https:\/\/crees.org.do\/?p=22466\"},\"author\":{\"name\":\"Crees\",\"@id\":\"https:\/\/crees.org.do\/#\/schema\/person\/e7f97cd94d7bf9cd0e0ce30acb7d56b8\"},\"headline\":\"La tasa de inter\u00e9s activa promedio fue de 9.9%, mientras que la pasiva promedio fue de 2.1%, en noviembre del 2021\",\"datePublished\":\"2021-12-03T15:15:20+00:00\",\"dateModified\":\"2021-12-03T15:16:22+00:00\",\"mainEntityOfPage\":{\"@id\":\"https:\/\/crees.org.do\/?p=22466\"},\"wordCount\":264,\"publisher\":{\"@id\":\"https:\/\/crees.org.do\/#organization\"},\"image\":{\"@id\":\"https:\/\/crees.org.do\/?p=22466#primaryimage\"},\"thumbnailUrl\":\"https:\/\/crees.org.do\/wp-content\/uploads\/2021\/12\/Screen-Shot-2021-12-03-at-10.59.19-AM.png\",\"articleSection\":[\"Blog\"],\"inLanguage\":\"es\"},{\"@type\":\"WebPage\",\"@id\":\"https:\/\/crees.org.do\/?p=22466\",\"url\":\"https:\/\/crees.org.do\/?p=22466\",\"name\":\"La tasa de inter\u00e9s activa promedio fue de 9.9%, mientras que la pasiva promedio fue de 2.1%, en noviembre del 2021 | CREES\",\"isPartOf\":{\"@id\":\"https:\/\/crees.org.do\/#website\"},\"primaryImageOfPage\":{\"@id\":\"https:\/\/crees.org.do\/?p=22466#primaryimage\"},\"image\":{\"@id\":\"https:\/\/crees.org.do\/?p=22466#primaryimage\"},\"thumbnailUrl\":\"https:\/\/crees.org.do\/wp-content\/uploads\/2021\/12\/Screen-Shot-2021-12-03-at-10.59.19-AM.png\",\"datePublished\":\"2021-12-03T15:15:20+00:00\",\"dateModified\":\"2021-12-03T15:16:22+00:00\",\"breadcrumb\":{\"@id\":\"https:\/\/crees.org.do\/?p=22466#breadcrumb\"},\"inLanguage\":\"es\",\"potentialAction\":[{\"@type\":\"ReadAction\",\"target\":[\"https:\/\/crees.org.do\/?p=22466\"]}]},{\"@type\":\"ImageObject\",\"inLanguage\":\"es\",\"@id\":\"https:\/\/crees.org.do\/?p=22466#primaryimage\",\"url\":\"https:\/\/crees.org.do\/wp-content\/uploads\/2021\/12\/Screen-Shot-2021-12-03-at-10.59.19-AM.png\",\"contentUrl\":\"https:\/\/crees.org.do\/wp-content\/uploads\/2021\/12\/Screen-Shot-2021-12-03-at-10.59.19-AM.png\",\"width\":1452,\"height\":1452},{\"@type\":\"BreadcrumbList\",\"@id\":\"https:\/\/crees.org.do\/?p=22466#breadcrumb\",\"itemListElement\":[{\"@type\":\"ListItem\",\"position\":1,\"name\":\"Portada\",\"item\":\"https:\/\/crees.org.do\/\"},{\"@type\":\"ListItem\",\"position\":2,\"name\":\"La tasa de inter\u00e9s activa promedio fue de 9.9%, mientras que la pasiva promedio fue de 2.1%, en noviembre del 2021\"}]},{\"@type\":\"WebSite\",\"@id\":\"https:\/\/crees.org.do\/#website\",\"url\":\"https:\/\/crees.org.do\/\",\"name\":\"CREES\",\"description\":\"Centro Regional de Estrategias Econ\u00f3micas Sostenibles\",\"publisher\":{\"@id\":\"https:\/\/crees.org.do\/#organization\"},\"potentialAction\":[{\"@type\":\"SearchAction\",\"target\":{\"@type\":\"EntryPoint\",\"urlTemplate\":\"https:\/\/crees.org.do\/?s={search_term_string}\"},\"query-input\":{\"@type\":\"PropertyValueSpecification\",\"valueRequired\":true,\"valueName\":\"search_term_string\"}}],\"inLanguage\":\"es\"},{\"@type\":\"Organization\",\"@id\":\"https:\/\/crees.org.do\/#organization\",\"name\":\"CREES | Centro Regional de Estrategias Econ\u00f3micas Sostenibles\",\"url\":\"https:\/\/crees.org.do\/\",\"logo\":{\"@type\":\"ImageObject\",\"inLanguage\":\"es\",\"@id\":\"https:\/\/crees.org.do\/#\/schema\/logo\/image\/\",\"url\":\"https:\/\/crees.org.do\/wp-content\/uploads\/2022\/03\/crees-logo-1.jpg\",\"contentUrl\":\"https:\/\/crees.org.do\/wp-content\/uploads\/2022\/03\/crees-logo-1.jpg\",\"width\":244,\"height\":71,\"caption\":\"CREES | Centro Regional de Estrategias Econ\u00f3micas Sostenibles\"},\"image\":{\"@id\":\"https:\/\/crees.org.do\/#\/schema\/logo\/image\/\"},\"sameAs\":[\"https:\/\/www.facebook.com\/CREESRD\/\",\"https:\/\/x.com\/CREESRD\"]},{\"@type\":\"Person\",\"@id\":\"https:\/\/crees.org.do\/#\/schema\/person\/e7f97cd94d7bf9cd0e0ce30acb7d56b8\",\"name\":\"Crees\",\"image\":{\"@type\":\"ImageObject\",\"inLanguage\":\"es\",\"@id\":\"https:\/\/crees.org.do\/#\/schema\/person\/image\/\",\"url\":\"https:\/\/secure.gravatar.com\/avatar\/390ac8f0be5d9aa046152553e2dd7011b59a512d89c150f5e5f28bb8d9a0b165?s=96&d=mm&r=g\",\"contentUrl\":\"https:\/\/secure.gravatar.com\/avatar\/390ac8f0be5d9aa046152553e2dd7011b59a512d89c150f5e5f28bb8d9a0b165?s=96&d=mm&r=g\",\"caption\":\"Crees\"},\"url\":\"https:\/\/crees.org.do\/?author=2\"}]}<\/script>\n<!-- \/ Yoast SEO plugin. -->","yoast_head_json":{"title":"La tasa de inter\u00e9s activa promedio fue de 9.9%, mientras que la pasiva promedio fue de 2.1%, en noviembre del 2021 | CREES","robots":{"index":"index","follow":"follow","max-snippet":"max-snippet:-1","max-image-preview":"max-image-preview:large","max-video-preview":"max-video-preview:-1"},"canonical":"https:\/\/crees.org.do\/?p=22466","og_locale":"es_ES","og_type":"article","og_title":"La tasa de inter\u00e9s activa promedio fue de 9.9%, mientras que la pasiva promedio fue de 2.1%, en noviembre del 2021 | CREES","og_description":"En noviembre del 2021, la tasa de inter\u00e9s activa promedio ponderada de los Bancos M\u00faltiples fue de 9.9%, mientras que la tasa de inter\u00e9s pasiva promedio ponderada de los Bancos M\u00faltiples fue de 2.1%, lo que equivale a un margen de intermediaci\u00f3n de 7.8 puntos porcentuales. Se entiende como tasa de inter\u00e9s activa al porcentaje...","og_url":"https:\/\/crees.org.do\/?p=22466","og_site_name":"CREES","article_publisher":"https:\/\/www.facebook.com\/CREESRD\/","article_published_time":"2021-12-03T15:15:20+00:00","article_modified_time":"2021-12-03T15:16:22+00:00","og_image":[{"width":1452,"height":1452,"url":"https:\/\/crees.org.do\/wp-content\/uploads\/2021\/12\/Screen-Shot-2021-12-03-at-10.59.19-AM.png","type":"image\/png"}],"author":"Crees","twitter_card":"summary_large_image","twitter_creator":"@CREESRD","twitter_site":"@CREESRD","twitter_misc":{"Escrito por":"Crees","Tiempo de lectura":"1 minuto"},"schema":{"@context":"https:\/\/schema.org","@graph":[{"@type":"Article","@id":"https:\/\/crees.org.do\/?p=22466#article","isPartOf":{"@id":"https:\/\/crees.org.do\/?p=22466"},"author":{"name":"Crees","@id":"https:\/\/crees.org.do\/#\/schema\/person\/e7f97cd94d7bf9cd0e0ce30acb7d56b8"},"headline":"La tasa de inter\u00e9s activa promedio fue de 9.9%, mientras que la pasiva promedio fue de 2.1%, en noviembre del 2021","datePublished":"2021-12-03T15:15:20+00:00","dateModified":"2021-12-03T15:16:22+00:00","mainEntityOfPage":{"@id":"https:\/\/crees.org.do\/?p=22466"},"wordCount":264,"publisher":{"@id":"https:\/\/crees.org.do\/#organization"},"image":{"@id":"https:\/\/crees.org.do\/?p=22466#primaryimage"},"thumbnailUrl":"https:\/\/crees.org.do\/wp-content\/uploads\/2021\/12\/Screen-Shot-2021-12-03-at-10.59.19-AM.png","articleSection":["Blog"],"inLanguage":"es"},{"@type":"WebPage","@id":"https:\/\/crees.org.do\/?p=22466","url":"https:\/\/crees.org.do\/?p=22466","name":"La tasa de inter\u00e9s activa promedio fue de 9.9%, mientras que la pasiva promedio fue de 2.1%, en noviembre del 2021 | CREES","isPartOf":{"@id":"https:\/\/crees.org.do\/#website"},"primaryImageOfPage":{"@id":"https:\/\/crees.org.do\/?p=22466#primaryimage"},"image":{"@id":"https:\/\/crees.org.do\/?p=22466#primaryimage"},"thumbnailUrl":"https:\/\/crees.org.do\/wp-content\/uploads\/2021\/12\/Screen-Shot-2021-12-03-at-10.59.19-AM.png","datePublished":"2021-12-03T15:15:20+00:00","dateModified":"2021-12-03T15:16:22+00:00","breadcrumb":{"@id":"https:\/\/crees.org.do\/?p=22466#breadcrumb"},"inLanguage":"es","potentialAction":[{"@type":"ReadAction","target":["https:\/\/crees.org.do\/?p=22466"]}]},{"@type":"ImageObject","inLanguage":"es","@id":"https:\/\/crees.org.do\/?p=22466#primaryimage","url":"https:\/\/crees.org.do\/wp-content\/uploads\/2021\/12\/Screen-Shot-2021-12-03-at-10.59.19-AM.png","contentUrl":"https:\/\/crees.org.do\/wp-content\/uploads\/2021\/12\/Screen-Shot-2021-12-03-at-10.59.19-AM.png","width":1452,"height":1452},{"@type":"BreadcrumbList","@id":"https:\/\/crees.org.do\/?p=22466#breadcrumb","itemListElement":[{"@type":"ListItem","position":1,"name":"Portada","item":"https:\/\/crees.org.do\/"},{"@type":"ListItem","position":2,"name":"La tasa de inter\u00e9s activa promedio fue de 9.9%, mientras que la pasiva promedio fue de 2.1%, en noviembre del 2021"}]},{"@type":"WebSite","@id":"https:\/\/crees.org.do\/#website","url":"https:\/\/crees.org.do\/","name":"CREES","description":"Centro Regional de Estrategias Econ\u00f3micas Sostenibles","publisher":{"@id":"https:\/\/crees.org.do\/#organization"},"potentialAction":[{"@type":"SearchAction","target":{"@type":"EntryPoint","urlTemplate":"https:\/\/crees.org.do\/?s={search_term_string}"},"query-input":{"@type":"PropertyValueSpecification","valueRequired":true,"valueName":"search_term_string"}}],"inLanguage":"es"},{"@type":"Organization","@id":"https:\/\/crees.org.do\/#organization","name":"CREES | Centro Regional de Estrategias Econ\u00f3micas Sostenibles","url":"https:\/\/crees.org.do\/","logo":{"@type":"ImageObject","inLanguage":"es","@id":"https:\/\/crees.org.do\/#\/schema\/logo\/image\/","url":"https:\/\/crees.org.do\/wp-content\/uploads\/2022\/03\/crees-logo-1.jpg","contentUrl":"https:\/\/crees.org.do\/wp-content\/uploads\/2022\/03\/crees-logo-1.jpg","width":244,"height":71,"caption":"CREES | Centro Regional de Estrategias Econ\u00f3micas Sostenibles"},"image":{"@id":"https:\/\/crees.org.do\/#\/schema\/logo\/image\/"},"sameAs":["https:\/\/www.facebook.com\/CREESRD\/","https:\/\/x.com\/CREESRD"]},{"@type":"Person","@id":"https:\/\/crees.org.do\/#\/schema\/person\/e7f97cd94d7bf9cd0e0ce30acb7d56b8","name":"Crees","image":{"@type":"ImageObject","inLanguage":"es","@id":"https:\/\/crees.org.do\/#\/schema\/person\/image\/","url":"https:\/\/secure.gravatar.com\/avatar\/390ac8f0be5d9aa046152553e2dd7011b59a512d89c150f5e5f28bb8d9a0b165?s=96&d=mm&r=g","contentUrl":"https:\/\/secure.gravatar.com\/avatar\/390ac8f0be5d9aa046152553e2dd7011b59a512d89c150f5e5f28bb8d9a0b165?s=96&d=mm&r=g","caption":"Crees"},"url":"https:\/\/crees.org.do\/?author=2"}]}},"_links":{"self":[{"href":"https:\/\/crees.org.do\/index.php?rest_route=\/wp\/v2\/posts\/22466","targetHints":{"allow":["GET"]}}],"collection":[{"href":"https:\/\/crees.org.do\/index.php?rest_route=\/wp\/v2\/posts"}],"about":[{"href":"https:\/\/crees.org.do\/index.php?rest_route=\/wp\/v2\/types\/post"}],"author":[{"embeddable":true,"href":"https:\/\/crees.org.do\/index.php?rest_route=\/wp\/v2\/users\/2"}],"replies":[{"embeddable":true,"href":"https:\/\/crees.org.do\/index.php?rest_route=%2Fwp%2Fv2%2Fcomments&post=22466"}],"version-history":[{"count":2,"href":"https:\/\/crees.org.do\/index.php?rest_route=\/wp\/v2\/posts\/22466\/revisions"}],"predecessor-version":[{"id":22469,"href":"https:\/\/crees.org.do\/index.php?rest_route=\/wp\/v2\/posts\/22466\/revisions\/22469"}],"wp:featuredmedia":[{"embeddable":true,"href":"https:\/\/crees.org.do\/index.php?rest_route=\/wp\/v2\/media\/22467"}],"wp:attachment":[{"href":"https:\/\/crees.org.do\/index.php?rest_route=%2Fwp%2Fv2%2Fmedia&parent=22466"}],"wp:term":[{"taxonomy":"category","embeddable":true,"href":"https:\/\/crees.org.do\/index.php?rest_route=%2Fwp%2Fv2%2Fcategories&post=22466"},{"taxonomy":"post_tag","embeddable":true,"href":"https:\/\/crees.org.do\/index.php?rest_route=%2Fwp%2Fv2%2Ftags&post=22466"}],"curies":[{"name":"wp","href":"https:\/\/api.w.org\/{rel}","templated":true}]}}