{"id":22475,"date":"2021-12-08T02:29:45","date_gmt":"2021-12-08T02:29:45","guid":{"rendered":"https:\/\/crees.org.do\/?p=22475"},"modified":"2021-12-08T16:39:05","modified_gmt":"2021-12-08T16:39:05","slug":"reformas-estructurales-el-proximo-paso-que-debe-dar-republica-dominicana-en-2022","status":"publish","type":"post","link":"https:\/\/crees.org.do\/?p=22475","title":{"rendered":"Reformas estructurales: El pr\u00f3ximo paso que debe dar Rep\u00fablica Dominicana en 2022"},"content":{"rendered":"<p>Autor: Irmgard De la Cruz<\/p>\n<p>Fecha: 7 de diciembre del 2021<\/p>\n<p>Extra\u00eddo de:\u00a0<a href=\"https:\/\/eldinero.com.do\/181901\/reformas-estructurales-el-proximo-paso-que-debe-dar-republica-dominicana-en-2022\/\">El Dinero<\/a><\/p>\n<p style=\"text-align: justify;\">Las pol\u00edticas monetaria y fiscal implementadas para reactivar las actividades comerciales luego del covid-19, as\u00ed como la reapertura de mercados internacionales como el estadounidense, influyeron en el crecimiento de la econom\u00eda dominicana. Agentes econ\u00f3micos han resaltado el cierre del producto interno bruto (PIB) en dos cifras como el indicador m\u00e1s claro de la recuperaci\u00f3n. Ahora, \u00bfqu\u00e9 sigue?<\/p>\n<p style=\"text-align: justify;\">El economista s\u00e9nior del Centro Regional de Estrategias Econ\u00f3micas Sostenibles (CREES), Miguel Collado Di Franco, considera que la respuesta a esta interrogante se encuentra en las estimaciones de mejora que prometen las reformas estructurales que deben implementarse, en conjunto con todos los actores involucrados en el proceso.<\/p>\n<p style=\"text-align: justify;\">\u201c\u00bfQueremos, en el 2022, empezar a parecernos a lo que era la econom\u00eda en el 2019, o queremos ir m\u00e1s all\u00e1? Obviamente queremos ir m\u00e1s all\u00e1 (\u2026) (por lo que) el 2022 nos brinda una oportunidad ante la agenda que se ha planteado de reformas estructurales para ser discutida en el escenario del CES (Consejo Econ\u00f3mico y Social). Yo creo que ah\u00ed estar\u00eda la clave\u201d, explic\u00f3 durante su participaci\u00f3n en el Primer Foro Econ\u00f3mico elDinero 2021.<\/p>\n<p style=\"text-align: justify;\">Puntualiz\u00f3 que las estad\u00edsticas previas a la pandemia en indicadores como las exportaciones respecto al PIB o la inversi\u00f3n extranjera directa se encontraban \u201cestancadas\u201d. Sin embargo, entiende que esta realidad puede mejorar de ser aprovechadas las discusiones para que las reformas estructurales planteadas \u201cnos lleven a un crecimiento mayor, a una din\u00e1mica productiva superior (\u2026) y que el crecimiento que la naci\u00f3n necesita sea verdaderamente sostenible en el tiempo y palpable para todos\u201d.<\/p>\n<p style=\"text-align: justify;\">Como ejecutivo del CREES, Di Franco comparti\u00f3 su parecer sobre las perspectivas econ\u00f3micas de cara al 2022 junto a la presidenta de la Asociaci\u00f3n de Bancos M\u00faltiples (ABA), Rosanna Ruiz y el consultor de DASA, Roberto Despradel, en un panel moderado por el subdirector del peri\u00f3dico elDinero, Esteban Delgado.<\/p>\n<p style=\"text-align: justify;\">Organizado junto a Medi\u00e1ticos Consultores, el Foro Econ\u00f3mico elDinero es una actividad que se celebrar\u00e1 anualmente con el objetivo de plantear ideas, enfoques y propuestas \u00fatiles para la toma de decisiones de los agentes econ\u00f3micos del sector p\u00fablico y privado. Los contenidos del panel ser\u00e1n luego rese\u00f1ados en una edici\u00f3n impresa de consulta en el cierre de cada a\u00f1o.<\/p>\n<div class=\"pvc_clear\"><\/div>\n<p class=\"pvc_stats all \" data-element-id=\"22475\" style=\"\"><i class=\"pvc-stats-icon medium\" aria-hidden=\"true\"><svg aria-hidden=\"true\" focusable=\"false\" data-prefix=\"far\" data-icon=\"chart-bar\" role=\"img\" xmlns=\"http:\/\/www.w3.org\/2000\/svg\" viewBox=\"0 0 512 512\" class=\"svg-inline--fa fa-chart-bar fa-w-16 fa-2x\"><path fill=\"currentColor\" d=\"M396.8 352h22.4c6.4 0 12.8-6.4 12.8-12.8V108.8c0-6.4-6.4-12.8-12.8-12.8h-22.4c-6.4 0-12.8 6.4-12.8 12.8v230.4c0 6.4 6.4 12.8 12.8 12.8zm-192 0h22.4c6.4 0 12.8-6.4 12.8-12.8V140.8c0-6.4-6.4-12.8-12.8-12.8h-22.4c-6.4 0-12.8 6.4-12.8 12.8v198.4c0 6.4 6.4 12.8 12.8 12.8zm96 0h22.4c6.4 0 12.8-6.4 12.8-12.8V204.8c0-6.4-6.4-12.8-12.8-12.8h-22.4c-6.4 0-12.8 6.4-12.8 12.8v134.4c0 6.4 6.4 12.8 12.8 12.8zM496 400H48V80c0-8.84-7.16-16-16-16H16C7.16 64 0 71.16 0 80v336c0 17.67 14.33 32 32 32h464c8.84 0 16-7.16 16-16v-16c0-8.84-7.16-16-16-16zm-387.2-48h22.4c6.4 0 12.8-6.4 12.8-12.8v-70.4c0-6.4-6.4-12.8-12.8-12.8h-22.4c-6.4 0-12.8 6.4-12.8 12.8v70.4c0 6.4 6.4 12.8 12.8 12.8z\" class=\"\"><\/path><\/svg><\/i> Vistas Totales&nbsp;1,148&nbsp;, Vistas Hoy&nbsp;6&nbsp;<\/p>\n<div class=\"pvc_clear\"><\/div>\n","protected":false},"excerpt":{"rendered":"<p>Autor: Irmgard De la Cruz Fecha: 7 de diciembre del 2021 Extra\u00eddo de:\u00a0El Dinero Las pol\u00edticas monetaria y fiscal implementadas para reactivar las actividades comerciales luego del covid-19, as\u00ed como la reapertura de mercados internacionales como el estadounidense, influyeron en el crecimiento de la econom\u00eda dominicana. Agentes econ\u00f3micos han resaltado el cierre del producto interno&#8230;<\/p>\n<div class=\"pvc_clear\"><\/div>\n<p class=\"pvc_stats all \" data-element-id=\"22475\" style=\"\"><i class=\"pvc-stats-icon medium\" aria-hidden=\"true\"><svg aria-hidden=\"true\" focusable=\"false\" data-prefix=\"far\" data-icon=\"chart-bar\" role=\"img\" xmlns=\"http:\/\/www.w3.org\/2000\/svg\" viewBox=\"0 0 512 512\" class=\"svg-inline--fa fa-chart-bar fa-w-16 fa-2x\"><path fill=\"currentColor\" d=\"M396.8 352h22.4c6.4 0 12.8-6.4 12.8-12.8V108.8c0-6.4-6.4-12.8-12.8-12.8h-22.4c-6.4 0-12.8 6.4-12.8 12.8v230.4c0 6.4 6.4 12.8 12.8 12.8zm-192 0h22.4c6.4 0 12.8-6.4 12.8-12.8V140.8c0-6.4-6.4-12.8-12.8-12.8h-22.4c-6.4 0-12.8 6.4-12.8 12.8v198.4c0 6.4 6.4 12.8 12.8 12.8zm96 0h22.4c6.4 0 12.8-6.4 12.8-12.8V204.8c0-6.4-6.4-12.8-12.8-12.8h-22.4c-6.4 0-12.8 6.4-12.8 12.8v134.4c0 6.4 6.4 12.8 12.8 12.8zM496 400H48V80c0-8.84-7.16-16-16-16H16C7.16 64 0 71.16 0 80v336c0 17.67 14.33 32 32 32h464c8.84 0 16-7.16 16-16v-16c0-8.84-7.16-16-16-16zm-387.2-48h22.4c6.4 0 12.8-6.4 12.8-12.8v-70.4c0-6.4-6.4-12.8-12.8-12.8h-22.4c-6.4 0-12.8 6.4-12.8 12.8v70.4c0 6.4 6.4 12.8 12.8 12.8z\" class=\"\"><\/path><\/svg><\/i> Vistas Totales&nbsp;1,148&nbsp;, Vistas Hoy&nbsp;6&nbsp;<\/p>\n<div class=\"pvc_clear\"><\/div>\n","protected":false},"author":2,"featured_media":22477,"comment_status":"closed","ping_status":"closed","sticky":false,"template":"","format":"standard","meta":{"footnotes":""},"categories":[19],"tags":[],"class_list":["post-22475","post","type-post","status-publish","format-standard","has-post-thumbnail","hentry","category-actualidad"],"yoast_head":"<!-- This site is optimized with the Yoast SEO plugin v25.2 - https:\/\/yoast.com\/wordpress\/plugins\/seo\/ -->\n<title>Reformas estructurales: El pr\u00f3ximo paso que debe dar Rep\u00fablica Dominicana en 2022 | CREES<\/title>\n<meta name=\"robots\" content=\"index, follow, max-snippet:-1, max-image-preview:large, max-video-preview:-1\" \/>\n<link rel=\"canonical\" href=\"https:\/\/crees.org.do\/?p=22475\" \/>\n<meta property=\"og:locale\" content=\"es_ES\" \/>\n<meta property=\"og:type\" content=\"article\" \/>\n<meta property=\"og:title\" content=\"Reformas estructurales: El pr\u00f3ximo paso que debe dar Rep\u00fablica Dominicana en 2022 | CREES\" \/>\n<meta property=\"og:description\" content=\"Autor: Irmgard De la Cruz Fecha: 7 de diciembre del 2021 Extra\u00eddo de:\u00a0El Dinero Las pol\u00edticas monetaria y fiscal implementadas para reactivar las actividades comerciales luego del covid-19, as\u00ed como la reapertura de mercados internacionales como el estadounidense, influyeron en el crecimiento de la econom\u00eda dominicana. Agentes econ\u00f3micos han resaltado el cierre del producto interno...\" \/>\n<meta property=\"og:url\" content=\"https:\/\/crees.org.do\/?p=22475\" \/>\n<meta property=\"og:site_name\" content=\"CREES\" \/>\n<meta property=\"article:publisher\" content=\"https:\/\/www.facebook.com\/CREESRD\/\" \/>\n<meta property=\"article:published_time\" content=\"2021-12-08T02:29:45+00:00\" \/>\n<meta property=\"article:modified_time\" content=\"2021-12-08T16:39:05+00:00\" \/>\n<meta property=\"og:image\" content=\"https:\/\/crees.org.do\/wp-content\/uploads\/2021\/12\/Miguel-Collado-.jpeg\" \/>\n\t<meta property=\"og:image:width\" content=\"750\" \/>\n\t<meta property=\"og:image:height\" content=\"375\" \/>\n\t<meta property=\"og:image:type\" content=\"image\/jpeg\" \/>\n<meta name=\"author\" content=\"Crees\" \/>\n<meta name=\"twitter:card\" content=\"summary_large_image\" \/>\n<meta name=\"twitter:creator\" content=\"@CREESRD\" \/>\n<meta name=\"twitter:site\" content=\"@CREESRD\" \/>\n<meta name=\"twitter:label1\" content=\"Escrito por\" \/>\n\t<meta name=\"twitter:data1\" content=\"Crees\" \/>\n\t<meta name=\"twitter:label2\" content=\"Tiempo de lectura\" \/>\n\t<meta name=\"twitter:data2\" content=\"2 minutos\" \/>\n<script type=\"application\/ld+json\" class=\"yoast-schema-graph\">{\"@context\":\"https:\/\/schema.org\",\"@graph\":[{\"@type\":\"Article\",\"@id\":\"https:\/\/crees.org.do\/?p=22475#article\",\"isPartOf\":{\"@id\":\"https:\/\/crees.org.do\/?p=22475\"},\"author\":{\"name\":\"Crees\",\"@id\":\"https:\/\/crees.org.do\/#\/schema\/person\/e7f97cd94d7bf9cd0e0ce30acb7d56b8\"},\"headline\":\"Reformas estructurales: El pr\u00f3ximo paso que debe dar Rep\u00fablica Dominicana en 2022\",\"datePublished\":\"2021-12-08T02:29:45+00:00\",\"dateModified\":\"2021-12-08T16:39:05+00:00\",\"mainEntityOfPage\":{\"@id\":\"https:\/\/crees.org.do\/?p=22475\"},\"wordCount\":411,\"publisher\":{\"@id\":\"https:\/\/crees.org.do\/#organization\"},\"image\":{\"@id\":\"https:\/\/crees.org.do\/?p=22475#primaryimage\"},\"thumbnailUrl\":\"https:\/\/crees.org.do\/wp-content\/uploads\/2021\/12\/Miguel-Collado-.jpeg\",\"articleSection\":[\"Actualidad\"],\"inLanguage\":\"es\"},{\"@type\":\"WebPage\",\"@id\":\"https:\/\/crees.org.do\/?p=22475\",\"url\":\"https:\/\/crees.org.do\/?p=22475\",\"name\":\"Reformas estructurales: El pr\u00f3ximo paso que debe dar Rep\u00fablica Dominicana en 2022 | CREES\",\"isPartOf\":{\"@id\":\"https:\/\/crees.org.do\/#website\"},\"primaryImageOfPage\":{\"@id\":\"https:\/\/crees.org.do\/?p=22475#primaryimage\"},\"image\":{\"@id\":\"https:\/\/crees.org.do\/?p=22475#primaryimage\"},\"thumbnailUrl\":\"https:\/\/crees.org.do\/wp-content\/uploads\/2021\/12\/Miguel-Collado-.jpeg\",\"datePublished\":\"2021-12-08T02:29:45+00:00\",\"dateModified\":\"2021-12-08T16:39:05+00:00\",\"breadcrumb\":{\"@id\":\"https:\/\/crees.org.do\/?p=22475#breadcrumb\"},\"inLanguage\":\"es\",\"potentialAction\":[{\"@type\":\"ReadAction\",\"target\":[\"https:\/\/crees.org.do\/?p=22475\"]}]},{\"@type\":\"ImageObject\",\"inLanguage\":\"es\",\"@id\":\"https:\/\/crees.org.do\/?p=22475#primaryimage\",\"url\":\"https:\/\/crees.org.do\/wp-content\/uploads\/2021\/12\/Miguel-Collado-.jpeg\",\"contentUrl\":\"https:\/\/crees.org.do\/wp-content\/uploads\/2021\/12\/Miguel-Collado-.jpeg\",\"width\":750,\"height\":375},{\"@type\":\"BreadcrumbList\",\"@id\":\"https:\/\/crees.org.do\/?p=22475#breadcrumb\",\"itemListElement\":[{\"@type\":\"ListItem\",\"position\":1,\"name\":\"Portada\",\"item\":\"https:\/\/crees.org.do\/\"},{\"@type\":\"ListItem\",\"position\":2,\"name\":\"Reformas estructurales: El pr\u00f3ximo paso que debe dar Rep\u00fablica Dominicana en 2022\"}]},{\"@type\":\"WebSite\",\"@id\":\"https:\/\/crees.org.do\/#website\",\"url\":\"https:\/\/crees.org.do\/\",\"name\":\"CREES\",\"description\":\"Centro Regional de Estrategias Econ\u00f3micas Sostenibles\",\"publisher\":{\"@id\":\"https:\/\/crees.org.do\/#organization\"},\"potentialAction\":[{\"@type\":\"SearchAction\",\"target\":{\"@type\":\"EntryPoint\",\"urlTemplate\":\"https:\/\/crees.org.do\/?s={search_term_string}\"},\"query-input\":{\"@type\":\"PropertyValueSpecification\",\"valueRequired\":true,\"valueName\":\"search_term_string\"}}],\"inLanguage\":\"es\"},{\"@type\":\"Organization\",\"@id\":\"https:\/\/crees.org.do\/#organization\",\"name\":\"CREES | Centro Regional de Estrategias Econ\u00f3micas Sostenibles\",\"url\":\"https:\/\/crees.org.do\/\",\"logo\":{\"@type\":\"ImageObject\",\"inLanguage\":\"es\",\"@id\":\"https:\/\/crees.org.do\/#\/schema\/logo\/image\/\",\"url\":\"https:\/\/crees.org.do\/wp-content\/uploads\/2022\/03\/crees-logo-1.jpg\",\"contentUrl\":\"https:\/\/crees.org.do\/wp-content\/uploads\/2022\/03\/crees-logo-1.jpg\",\"width\":244,\"height\":71,\"caption\":\"CREES | Centro Regional de Estrategias Econ\u00f3micas Sostenibles\"},\"image\":{\"@id\":\"https:\/\/crees.org.do\/#\/schema\/logo\/image\/\"},\"sameAs\":[\"https:\/\/www.facebook.com\/CREESRD\/\",\"https:\/\/x.com\/CREESRD\"]},{\"@type\":\"Person\",\"@id\":\"https:\/\/crees.org.do\/#\/schema\/person\/e7f97cd94d7bf9cd0e0ce30acb7d56b8\",\"name\":\"Crees\",\"image\":{\"@type\":\"ImageObject\",\"inLanguage\":\"es\",\"@id\":\"https:\/\/crees.org.do\/#\/schema\/person\/image\/\",\"url\":\"https:\/\/secure.gravatar.com\/avatar\/390ac8f0be5d9aa046152553e2dd7011b59a512d89c150f5e5f28bb8d9a0b165?s=96&d=mm&r=g\",\"contentUrl\":\"https:\/\/secure.gravatar.com\/avatar\/390ac8f0be5d9aa046152553e2dd7011b59a512d89c150f5e5f28bb8d9a0b165?s=96&d=mm&r=g\",\"caption\":\"Crees\"},\"url\":\"https:\/\/crees.org.do\/?author=2\"}]}<\/script>\n<!-- \/ Yoast SEO plugin. -->","yoast_head_json":{"title":"Reformas estructurales: El pr\u00f3ximo paso que debe dar Rep\u00fablica Dominicana en 2022 | CREES","robots":{"index":"index","follow":"follow","max-snippet":"max-snippet:-1","max-image-preview":"max-image-preview:large","max-video-preview":"max-video-preview:-1"},"canonical":"https:\/\/crees.org.do\/?p=22475","og_locale":"es_ES","og_type":"article","og_title":"Reformas estructurales: El pr\u00f3ximo paso que debe dar Rep\u00fablica Dominicana en 2022 | CREES","og_description":"Autor: Irmgard De la Cruz Fecha: 7 de diciembre del 2021 Extra\u00eddo de:\u00a0El Dinero Las pol\u00edticas monetaria y fiscal implementadas para reactivar las actividades comerciales luego del covid-19, as\u00ed como la reapertura de mercados internacionales como el estadounidense, influyeron en el crecimiento de la econom\u00eda dominicana. Agentes econ\u00f3micos han resaltado el cierre del producto interno...","og_url":"https:\/\/crees.org.do\/?p=22475","og_site_name":"CREES","article_publisher":"https:\/\/www.facebook.com\/CREESRD\/","article_published_time":"2021-12-08T02:29:45+00:00","article_modified_time":"2021-12-08T16:39:05+00:00","og_image":[{"width":750,"height":375,"url":"https:\/\/crees.org.do\/wp-content\/uploads\/2021\/12\/Miguel-Collado-.jpeg","type":"image\/jpeg"}],"author":"Crees","twitter_card":"summary_large_image","twitter_creator":"@CREESRD","twitter_site":"@CREESRD","twitter_misc":{"Escrito por":"Crees","Tiempo de lectura":"2 minutos"},"schema":{"@context":"https:\/\/schema.org","@graph":[{"@type":"Article","@id":"https:\/\/crees.org.do\/?p=22475#article","isPartOf":{"@id":"https:\/\/crees.org.do\/?p=22475"},"author":{"name":"Crees","@id":"https:\/\/crees.org.do\/#\/schema\/person\/e7f97cd94d7bf9cd0e0ce30acb7d56b8"},"headline":"Reformas estructurales: El pr\u00f3ximo paso que debe dar Rep\u00fablica Dominicana en 2022","datePublished":"2021-12-08T02:29:45+00:00","dateModified":"2021-12-08T16:39:05+00:00","mainEntityOfPage":{"@id":"https:\/\/crees.org.do\/?p=22475"},"wordCount":411,"publisher":{"@id":"https:\/\/crees.org.do\/#organization"},"image":{"@id":"https:\/\/crees.org.do\/?p=22475#primaryimage"},"thumbnailUrl":"https:\/\/crees.org.do\/wp-content\/uploads\/2021\/12\/Miguel-Collado-.jpeg","articleSection":["Actualidad"],"inLanguage":"es"},{"@type":"WebPage","@id":"https:\/\/crees.org.do\/?p=22475","url":"https:\/\/crees.org.do\/?p=22475","name":"Reformas estructurales: El pr\u00f3ximo paso que debe dar Rep\u00fablica Dominicana en 2022 | CREES","isPartOf":{"@id":"https:\/\/crees.org.do\/#website"},"primaryImageOfPage":{"@id":"https:\/\/crees.org.do\/?p=22475#primaryimage"},"image":{"@id":"https:\/\/crees.org.do\/?p=22475#primaryimage"},"thumbnailUrl":"https:\/\/crees.org.do\/wp-content\/uploads\/2021\/12\/Miguel-Collado-.jpeg","datePublished":"2021-12-08T02:29:45+00:00","dateModified":"2021-12-08T16:39:05+00:00","breadcrumb":{"@id":"https:\/\/crees.org.do\/?p=22475#breadcrumb"},"inLanguage":"es","potentialAction":[{"@type":"ReadAction","target":["https:\/\/crees.org.do\/?p=22475"]}]},{"@type":"ImageObject","inLanguage":"es","@id":"https:\/\/crees.org.do\/?p=22475#primaryimage","url":"https:\/\/crees.org.do\/wp-content\/uploads\/2021\/12\/Miguel-Collado-.jpeg","contentUrl":"https:\/\/crees.org.do\/wp-content\/uploads\/2021\/12\/Miguel-Collado-.jpeg","width":750,"height":375},{"@type":"BreadcrumbList","@id":"https:\/\/crees.org.do\/?p=22475#breadcrumb","itemListElement":[{"@type":"ListItem","position":1,"name":"Portada","item":"https:\/\/crees.org.do\/"},{"@type":"ListItem","position":2,"name":"Reformas estructurales: El pr\u00f3ximo paso que debe dar Rep\u00fablica Dominicana en 2022"}]},{"@type":"WebSite","@id":"https:\/\/crees.org.do\/#website","url":"https:\/\/crees.org.do\/","name":"CREES","description":"Centro Regional de Estrategias Econ\u00f3micas Sostenibles","publisher":{"@id":"https:\/\/crees.org.do\/#organization"},"potentialAction":[{"@type":"SearchAction","target":{"@type":"EntryPoint","urlTemplate":"https:\/\/crees.org.do\/?s={search_term_string}"},"query-input":{"@type":"PropertyValueSpecification","valueRequired":true,"valueName":"search_term_string"}}],"inLanguage":"es"},{"@type":"Organization","@id":"https:\/\/crees.org.do\/#organization","name":"CREES | Centro Regional de Estrategias Econ\u00f3micas Sostenibles","url":"https:\/\/crees.org.do\/","logo":{"@type":"ImageObject","inLanguage":"es","@id":"https:\/\/crees.org.do\/#\/schema\/logo\/image\/","url":"https:\/\/crees.org.do\/wp-content\/uploads\/2022\/03\/crees-logo-1.jpg","contentUrl":"https:\/\/crees.org.do\/wp-content\/uploads\/2022\/03\/crees-logo-1.jpg","width":244,"height":71,"caption":"CREES | Centro Regional de Estrategias Econ\u00f3micas Sostenibles"},"image":{"@id":"https:\/\/crees.org.do\/#\/schema\/logo\/image\/"},"sameAs":["https:\/\/www.facebook.com\/CREESRD\/","https:\/\/x.com\/CREESRD"]},{"@type":"Person","@id":"https:\/\/crees.org.do\/#\/schema\/person\/e7f97cd94d7bf9cd0e0ce30acb7d56b8","name":"Crees","image":{"@type":"ImageObject","inLanguage":"es","@id":"https:\/\/crees.org.do\/#\/schema\/person\/image\/","url":"https:\/\/secure.gravatar.com\/avatar\/390ac8f0be5d9aa046152553e2dd7011b59a512d89c150f5e5f28bb8d9a0b165?s=96&d=mm&r=g","contentUrl":"https:\/\/secure.gravatar.com\/avatar\/390ac8f0be5d9aa046152553e2dd7011b59a512d89c150f5e5f28bb8d9a0b165?s=96&d=mm&r=g","caption":"Crees"},"url":"https:\/\/crees.org.do\/?author=2"}]}},"_links":{"self":[{"href":"https:\/\/crees.org.do\/index.php?rest_route=\/wp\/v2\/posts\/22475","targetHints":{"allow":["GET"]}}],"collection":[{"href":"https:\/\/crees.org.do\/index.php?rest_route=\/wp\/v2\/posts"}],"about":[{"href":"https:\/\/crees.org.do\/index.php?rest_route=\/wp\/v2\/types\/post"}],"author":[{"embeddable":true,"href":"https:\/\/crees.org.do\/index.php?rest_route=\/wp\/v2\/users\/2"}],"replies":[{"embeddable":true,"href":"https:\/\/crees.org.do\/index.php?rest_route=%2Fwp%2Fv2%2Fcomments&post=22475"}],"version-history":[{"count":1,"href":"https:\/\/crees.org.do\/index.php?rest_route=\/wp\/v2\/posts\/22475\/revisions"}],"predecessor-version":[{"id":22476,"href":"https:\/\/crees.org.do\/index.php?rest_route=\/wp\/v2\/posts\/22475\/revisions\/22476"}],"wp:featuredmedia":[{"embeddable":true,"href":"https:\/\/crees.org.do\/index.php?rest_route=\/wp\/v2\/media\/22477"}],"wp:attachment":[{"href":"https:\/\/crees.org.do\/index.php?rest_route=%2Fwp%2Fv2%2Fmedia&parent=22475"}],"wp:term":[{"taxonomy":"category","embeddable":true,"href":"https:\/\/crees.org.do\/index.php?rest_route=%2Fwp%2Fv2%2Fcategories&post=22475"},{"taxonomy":"post_tag","embeddable":true,"href":"https:\/\/crees.org.do\/index.php?rest_route=%2Fwp%2Fv2%2Ftags&post=22475"}],"curies":[{"name":"wp","href":"https:\/\/api.w.org\/{rel}","templated":true}]}}