{"id":22495,"date":"2021-12-17T15:33:23","date_gmt":"2021-12-17T15:33:23","guid":{"rendered":"https:\/\/crees.org.do\/?p=22495"},"modified":"2021-12-17T15:33:23","modified_gmt":"2021-12-17T15:33:23","slug":"en-noviembre-de-2021-republica-dominicana-fue-el-cuarto-pais-de-america-latina-con-mayor-inflacion-interanual","status":"publish","type":"post","link":"https:\/\/crees.org.do\/?p=22495","title":{"rendered":"En noviembre de 2021 Rep\u00fablica Dominicana fue el cuarto* pa\u00eds de Am\u00e9rica Latina con mayor inflaci\u00f3n interanual"},"content":{"rendered":"<p style=\"text-align: justify;\">En noviembre de 2021, la inflaci\u00f3n interanual, es decir, la variaci\u00f3n del \u00cdndice del Precios al Consumidor (IPC) con respecto a noviembre de 2020 en Rep\u00fablica Dominicana fue de 8.2%, ubic\u00e1ndose como el cuarto pa\u00eds en la regi\u00f3n con mayor incremento interanual en sus precios; superado solo por Brasil (10.1%), Argentina (51.2%) y, aunque no se incluye en la gr\u00e1fica, Venezuela (769.0%). Bolivia y Ecuador fueron los pa\u00eds con menor incremento en sus precios, con un 1.0% y 1.8%, respectivamente.<\/p>\n<p style=\"text-align: justify;\">Como se ha mencionado anteriormente, la inflaci\u00f3n es un fen\u00f3meno de origen monetario, y como tal refleja los aumentos en los agregados monetarios. Como resultado de las pol\u00edticas de est\u00edmulos artificiales adoptadas por los estados del mundo para hacerle frente a la pandemia de COVID-19, diferentes econom\u00edas, de pa\u00edses desarrollados como emergentes, est\u00e1n evidenciando mayores incrementos en sus precios que los que se produc\u00edan antes de la pandemia.<\/p>\n<p style=\"text-align: justify;\">Es preciso mencionar que, luego de que la Reserva Federal de Estados Unidos (FED) \u2013el banco que m\u00e1s impacta los precios a nivel mundial por la emisi\u00f3n del d\u00f3lar\u2013 ha reconocido que la inflaci\u00f3n no ser\u00e1 transitoria y haber asumido una pol\u00edtica m\u00e1s restrictiva desde noviembre \u2013reduciendo la compra de bonos del tesoro en el mercado secundario (quantitative easing o QE)\u2013, se esperar\u00eda que, tal como lo hizo el Banco Central de la Rep\u00fablica Dominicana (BCRD) con la reducci\u00f3n de la tasa de pol\u00edtica monetaria, los bancos centrales de Am\u00e9rica Latina tambi\u00e9n tomen medidas m\u00e1s restrictivas en los pr\u00f3ximos meses. A\u00fan m\u00e1s con la noticia de esta semana de la FED de que acelerar\u00e1 la reducci\u00f3n del QE a partir de enero de 2022.<\/p>\n<div class=\"pvc_clear\"><\/div>\n<p class=\"pvc_stats all \" data-element-id=\"22495\" style=\"\"><i class=\"pvc-stats-icon medium\" aria-hidden=\"true\"><svg aria-hidden=\"true\" focusable=\"false\" data-prefix=\"far\" data-icon=\"chart-bar\" role=\"img\" xmlns=\"http:\/\/www.w3.org\/2000\/svg\" viewBox=\"0 0 512 512\" class=\"svg-inline--fa fa-chart-bar fa-w-16 fa-2x\"><path fill=\"currentColor\" d=\"M396.8 352h22.4c6.4 0 12.8-6.4 12.8-12.8V108.8c0-6.4-6.4-12.8-12.8-12.8h-22.4c-6.4 0-12.8 6.4-12.8 12.8v230.4c0 6.4 6.4 12.8 12.8 12.8zm-192 0h22.4c6.4 0 12.8-6.4 12.8-12.8V140.8c0-6.4-6.4-12.8-12.8-12.8h-22.4c-6.4 0-12.8 6.4-12.8 12.8v198.4c0 6.4 6.4 12.8 12.8 12.8zm96 0h22.4c6.4 0 12.8-6.4 12.8-12.8V204.8c0-6.4-6.4-12.8-12.8-12.8h-22.4c-6.4 0-12.8 6.4-12.8 12.8v134.4c0 6.4 6.4 12.8 12.8 12.8zM496 400H48V80c0-8.84-7.16-16-16-16H16C7.16 64 0 71.16 0 80v336c0 17.67 14.33 32 32 32h464c8.84 0 16-7.16 16-16v-16c0-8.84-7.16-16-16-16zm-387.2-48h22.4c6.4 0 12.8-6.4 12.8-12.8v-70.4c0-6.4-6.4-12.8-12.8-12.8h-22.4c-6.4 0-12.8 6.4-12.8 12.8v70.4c0 6.4 6.4 12.8 12.8 12.8z\" class=\"\"><\/path><\/svg><\/i> Vistas Totales&nbsp;1,286&nbsp;, Vistas Hoy&nbsp;4&nbsp;<\/p>\n<div class=\"pvc_clear\"><\/div>\n","protected":false},"excerpt":{"rendered":"<p>En noviembre de 2021, la inflaci\u00f3n interanual, es decir, la variaci\u00f3n del \u00cdndice del Precios al Consumidor (IPC) con respecto a noviembre de 2020 en Rep\u00fablica Dominicana fue de 8.2%, ubic\u00e1ndose como el cuarto pa\u00eds en la regi\u00f3n con mayor incremento interanual en sus precios; superado solo por Brasil (10.1%), Argentina (51.2%) y, aunque no&#8230;<\/p>\n<div class=\"pvc_clear\"><\/div>\n<p class=\"pvc_stats all \" data-element-id=\"22495\" style=\"\"><i class=\"pvc-stats-icon medium\" aria-hidden=\"true\"><svg aria-hidden=\"true\" focusable=\"false\" data-prefix=\"far\" data-icon=\"chart-bar\" role=\"img\" xmlns=\"http:\/\/www.w3.org\/2000\/svg\" viewBox=\"0 0 512 512\" class=\"svg-inline--fa fa-chart-bar fa-w-16 fa-2x\"><path fill=\"currentColor\" d=\"M396.8 352h22.4c6.4 0 12.8-6.4 12.8-12.8V108.8c0-6.4-6.4-12.8-12.8-12.8h-22.4c-6.4 0-12.8 6.4-12.8 12.8v230.4c0 6.4 6.4 12.8 12.8 12.8zm-192 0h22.4c6.4 0 12.8-6.4 12.8-12.8V140.8c0-6.4-6.4-12.8-12.8-12.8h-22.4c-6.4 0-12.8 6.4-12.8 12.8v198.4c0 6.4 6.4 12.8 12.8 12.8zm96 0h22.4c6.4 0 12.8-6.4 12.8-12.8V204.8c0-6.4-6.4-12.8-12.8-12.8h-22.4c-6.4 0-12.8 6.4-12.8 12.8v134.4c0 6.4 6.4 12.8 12.8 12.8zM496 400H48V80c0-8.84-7.16-16-16-16H16C7.16 64 0 71.16 0 80v336c0 17.67 14.33 32 32 32h464c8.84 0 16-7.16 16-16v-16c0-8.84-7.16-16-16-16zm-387.2-48h22.4c6.4 0 12.8-6.4 12.8-12.8v-70.4c0-6.4-6.4-12.8-12.8-12.8h-22.4c-6.4 0-12.8 6.4-12.8 12.8v70.4c0 6.4 6.4 12.8 12.8 12.8z\" class=\"\"><\/path><\/svg><\/i> Vistas Totales&nbsp;1,286&nbsp;, Vistas Hoy&nbsp;4&nbsp;<\/p>\n<div class=\"pvc_clear\"><\/div>\n","protected":false},"author":2,"featured_media":22496,"comment_status":"closed","ping_status":"closed","sticky":false,"template":"","format":"standard","meta":{"footnotes":""},"categories":[21],"tags":[],"class_list":["post-22495","post","type-post","status-publish","format-standard","has-post-thumbnail","hentry","category-blog"],"yoast_head":"<!-- This site is optimized with the Yoast SEO plugin v25.2 - https:\/\/yoast.com\/wordpress\/plugins\/seo\/ -->\n<title>En noviembre de 2021 Rep\u00fablica Dominicana fue el cuarto* pa\u00eds de Am\u00e9rica Latina con mayor inflaci\u00f3n interanual | CREES<\/title>\n<meta name=\"robots\" content=\"index, follow, max-snippet:-1, max-image-preview:large, max-video-preview:-1\" \/>\n<link rel=\"canonical\" href=\"https:\/\/crees.org.do\/?p=22495\" \/>\n<meta property=\"og:locale\" content=\"es_ES\" \/>\n<meta property=\"og:type\" content=\"article\" \/>\n<meta property=\"og:title\" content=\"En noviembre de 2021 Rep\u00fablica Dominicana fue el cuarto* pa\u00eds de Am\u00e9rica Latina con mayor inflaci\u00f3n interanual | CREES\" \/>\n<meta property=\"og:description\" content=\"En noviembre de 2021, la inflaci\u00f3n interanual, es decir, la variaci\u00f3n del \u00cdndice del Precios al Consumidor (IPC) con respecto a noviembre de 2020 en Rep\u00fablica Dominicana fue de 8.2%, ubic\u00e1ndose como el cuarto pa\u00eds en la regi\u00f3n con mayor incremento interanual en sus precios; superado solo por Brasil (10.1%), Argentina (51.2%) y, aunque no...\" \/>\n<meta property=\"og:url\" content=\"https:\/\/crees.org.do\/?p=22495\" \/>\n<meta property=\"og:site_name\" content=\"CREES\" \/>\n<meta property=\"article:publisher\" content=\"https:\/\/www.facebook.com\/CREESRD\/\" \/>\n<meta property=\"article:published_time\" content=\"2021-12-17T15:33:23+00:00\" \/>\n<meta property=\"og:image\" content=\"https:\/\/crees.org.do\/wp-content\/uploads\/2021\/12\/project-2021-12-17_09-12_AM-1.png\" \/>\n\t<meta property=\"og:image:width\" content=\"1200\" \/>\n\t<meta property=\"og:image:height\" content=\"1200\" \/>\n\t<meta property=\"og:image:type\" content=\"image\/png\" \/>\n<meta name=\"author\" content=\"Crees\" \/>\n<meta name=\"twitter:card\" content=\"summary_large_image\" \/>\n<meta name=\"twitter:creator\" content=\"@CREESRD\" \/>\n<meta name=\"twitter:site\" content=\"@CREESRD\" \/>\n<meta name=\"twitter:label1\" content=\"Escrito por\" \/>\n\t<meta name=\"twitter:data1\" content=\"Crees\" \/>\n\t<meta name=\"twitter:label2\" content=\"Tiempo de lectura\" \/>\n\t<meta name=\"twitter:data2\" content=\"1 minuto\" \/>\n<script type=\"application\/ld+json\" class=\"yoast-schema-graph\">{\"@context\":\"https:\/\/schema.org\",\"@graph\":[{\"@type\":\"Article\",\"@id\":\"https:\/\/crees.org.do\/?p=22495#article\",\"isPartOf\":{\"@id\":\"https:\/\/crees.org.do\/?p=22495\"},\"author\":{\"name\":\"Crees\",\"@id\":\"https:\/\/crees.org.do\/#\/schema\/person\/e7f97cd94d7bf9cd0e0ce30acb7d56b8\"},\"headline\":\"En noviembre de 2021 Rep\u00fablica Dominicana fue el cuarto* pa\u00eds de Am\u00e9rica Latina con mayor inflaci\u00f3n interanual\",\"datePublished\":\"2021-12-17T15:33:23+00:00\",\"mainEntityOfPage\":{\"@id\":\"https:\/\/crees.org.do\/?p=22495\"},\"wordCount\":316,\"publisher\":{\"@id\":\"https:\/\/crees.org.do\/#organization\"},\"image\":{\"@id\":\"https:\/\/crees.org.do\/?p=22495#primaryimage\"},\"thumbnailUrl\":\"https:\/\/crees.org.do\/wp-content\/uploads\/2021\/12\/project-2021-12-17_09-12_AM-1.png\",\"articleSection\":[\"Blog\"],\"inLanguage\":\"es\"},{\"@type\":\"WebPage\",\"@id\":\"https:\/\/crees.org.do\/?p=22495\",\"url\":\"https:\/\/crees.org.do\/?p=22495\",\"name\":\"En noviembre de 2021 Rep\u00fablica Dominicana fue el cuarto* pa\u00eds de Am\u00e9rica Latina con mayor inflaci\u00f3n interanual | CREES\",\"isPartOf\":{\"@id\":\"https:\/\/crees.org.do\/#website\"},\"primaryImageOfPage\":{\"@id\":\"https:\/\/crees.org.do\/?p=22495#primaryimage\"},\"image\":{\"@id\":\"https:\/\/crees.org.do\/?p=22495#primaryimage\"},\"thumbnailUrl\":\"https:\/\/crees.org.do\/wp-content\/uploads\/2021\/12\/project-2021-12-17_09-12_AM-1.png\",\"datePublished\":\"2021-12-17T15:33:23+00:00\",\"breadcrumb\":{\"@id\":\"https:\/\/crees.org.do\/?p=22495#breadcrumb\"},\"inLanguage\":\"es\",\"potentialAction\":[{\"@type\":\"ReadAction\",\"target\":[\"https:\/\/crees.org.do\/?p=22495\"]}]},{\"@type\":\"ImageObject\",\"inLanguage\":\"es\",\"@id\":\"https:\/\/crees.org.do\/?p=22495#primaryimage\",\"url\":\"https:\/\/crees.org.do\/wp-content\/uploads\/2021\/12\/project-2021-12-17_09-12_AM-1.png\",\"contentUrl\":\"https:\/\/crees.org.do\/wp-content\/uploads\/2021\/12\/project-2021-12-17_09-12_AM-1.png\",\"width\":1200,\"height\":1200},{\"@type\":\"BreadcrumbList\",\"@id\":\"https:\/\/crees.org.do\/?p=22495#breadcrumb\",\"itemListElement\":[{\"@type\":\"ListItem\",\"position\":1,\"name\":\"Portada\",\"item\":\"https:\/\/crees.org.do\/\"},{\"@type\":\"ListItem\",\"position\":2,\"name\":\"En noviembre de 2021 Rep\u00fablica Dominicana fue el cuarto* pa\u00eds de Am\u00e9rica Latina con mayor inflaci\u00f3n interanual\"}]},{\"@type\":\"WebSite\",\"@id\":\"https:\/\/crees.org.do\/#website\",\"url\":\"https:\/\/crees.org.do\/\",\"name\":\"CREES\",\"description\":\"Centro Regional de Estrategias Econ\u00f3micas Sostenibles\",\"publisher\":{\"@id\":\"https:\/\/crees.org.do\/#organization\"},\"potentialAction\":[{\"@type\":\"SearchAction\",\"target\":{\"@type\":\"EntryPoint\",\"urlTemplate\":\"https:\/\/crees.org.do\/?s={search_term_string}\"},\"query-input\":{\"@type\":\"PropertyValueSpecification\",\"valueRequired\":true,\"valueName\":\"search_term_string\"}}],\"inLanguage\":\"es\"},{\"@type\":\"Organization\",\"@id\":\"https:\/\/crees.org.do\/#organization\",\"name\":\"CREES | Centro Regional de Estrategias Econ\u00f3micas Sostenibles\",\"url\":\"https:\/\/crees.org.do\/\",\"logo\":{\"@type\":\"ImageObject\",\"inLanguage\":\"es\",\"@id\":\"https:\/\/crees.org.do\/#\/schema\/logo\/image\/\",\"url\":\"https:\/\/crees.org.do\/wp-content\/uploads\/2022\/03\/crees-logo-1.jpg\",\"contentUrl\":\"https:\/\/crees.org.do\/wp-content\/uploads\/2022\/03\/crees-logo-1.jpg\",\"width\":244,\"height\":71,\"caption\":\"CREES | Centro Regional de Estrategias Econ\u00f3micas Sostenibles\"},\"image\":{\"@id\":\"https:\/\/crees.org.do\/#\/schema\/logo\/image\/\"},\"sameAs\":[\"https:\/\/www.facebook.com\/CREESRD\/\",\"https:\/\/x.com\/CREESRD\"]},{\"@type\":\"Person\",\"@id\":\"https:\/\/crees.org.do\/#\/schema\/person\/e7f97cd94d7bf9cd0e0ce30acb7d56b8\",\"name\":\"Crees\",\"image\":{\"@type\":\"ImageObject\",\"inLanguage\":\"es\",\"@id\":\"https:\/\/crees.org.do\/#\/schema\/person\/image\/\",\"url\":\"https:\/\/secure.gravatar.com\/avatar\/390ac8f0be5d9aa046152553e2dd7011b59a512d89c150f5e5f28bb8d9a0b165?s=96&d=mm&r=g\",\"contentUrl\":\"https:\/\/secure.gravatar.com\/avatar\/390ac8f0be5d9aa046152553e2dd7011b59a512d89c150f5e5f28bb8d9a0b165?s=96&d=mm&r=g\",\"caption\":\"Crees\"},\"url\":\"https:\/\/crees.org.do\/?author=2\"}]}<\/script>\n<!-- \/ Yoast SEO plugin. -->","yoast_head_json":{"title":"En noviembre de 2021 Rep\u00fablica Dominicana fue el cuarto* pa\u00eds de Am\u00e9rica Latina con mayor inflaci\u00f3n interanual | CREES","robots":{"index":"index","follow":"follow","max-snippet":"max-snippet:-1","max-image-preview":"max-image-preview:large","max-video-preview":"max-video-preview:-1"},"canonical":"https:\/\/crees.org.do\/?p=22495","og_locale":"es_ES","og_type":"article","og_title":"En noviembre de 2021 Rep\u00fablica Dominicana fue el cuarto* pa\u00eds de Am\u00e9rica Latina con mayor inflaci\u00f3n interanual | CREES","og_description":"En noviembre de 2021, la inflaci\u00f3n interanual, es decir, la variaci\u00f3n del \u00cdndice del Precios al Consumidor (IPC) con respecto a noviembre de 2020 en Rep\u00fablica Dominicana fue de 8.2%, ubic\u00e1ndose como el cuarto pa\u00eds en la regi\u00f3n con mayor incremento interanual en sus precios; superado solo por Brasil (10.1%), Argentina (51.2%) y, aunque no...","og_url":"https:\/\/crees.org.do\/?p=22495","og_site_name":"CREES","article_publisher":"https:\/\/www.facebook.com\/CREESRD\/","article_published_time":"2021-12-17T15:33:23+00:00","og_image":[{"width":1200,"height":1200,"url":"https:\/\/crees.org.do\/wp-content\/uploads\/2021\/12\/project-2021-12-17_09-12_AM-1.png","type":"image\/png"}],"author":"Crees","twitter_card":"summary_large_image","twitter_creator":"@CREESRD","twitter_site":"@CREESRD","twitter_misc":{"Escrito por":"Crees","Tiempo de lectura":"1 minuto"},"schema":{"@context":"https:\/\/schema.org","@graph":[{"@type":"Article","@id":"https:\/\/crees.org.do\/?p=22495#article","isPartOf":{"@id":"https:\/\/crees.org.do\/?p=22495"},"author":{"name":"Crees","@id":"https:\/\/crees.org.do\/#\/schema\/person\/e7f97cd94d7bf9cd0e0ce30acb7d56b8"},"headline":"En noviembre de 2021 Rep\u00fablica Dominicana fue el cuarto* pa\u00eds de Am\u00e9rica Latina con mayor inflaci\u00f3n interanual","datePublished":"2021-12-17T15:33:23+00:00","mainEntityOfPage":{"@id":"https:\/\/crees.org.do\/?p=22495"},"wordCount":316,"publisher":{"@id":"https:\/\/crees.org.do\/#organization"},"image":{"@id":"https:\/\/crees.org.do\/?p=22495#primaryimage"},"thumbnailUrl":"https:\/\/crees.org.do\/wp-content\/uploads\/2021\/12\/project-2021-12-17_09-12_AM-1.png","articleSection":["Blog"],"inLanguage":"es"},{"@type":"WebPage","@id":"https:\/\/crees.org.do\/?p=22495","url":"https:\/\/crees.org.do\/?p=22495","name":"En noviembre de 2021 Rep\u00fablica Dominicana fue el cuarto* pa\u00eds de Am\u00e9rica Latina con mayor inflaci\u00f3n interanual | CREES","isPartOf":{"@id":"https:\/\/crees.org.do\/#website"},"primaryImageOfPage":{"@id":"https:\/\/crees.org.do\/?p=22495#primaryimage"},"image":{"@id":"https:\/\/crees.org.do\/?p=22495#primaryimage"},"thumbnailUrl":"https:\/\/crees.org.do\/wp-content\/uploads\/2021\/12\/project-2021-12-17_09-12_AM-1.png","datePublished":"2021-12-17T15:33:23+00:00","breadcrumb":{"@id":"https:\/\/crees.org.do\/?p=22495#breadcrumb"},"inLanguage":"es","potentialAction":[{"@type":"ReadAction","target":["https:\/\/crees.org.do\/?p=22495"]}]},{"@type":"ImageObject","inLanguage":"es","@id":"https:\/\/crees.org.do\/?p=22495#primaryimage","url":"https:\/\/crees.org.do\/wp-content\/uploads\/2021\/12\/project-2021-12-17_09-12_AM-1.png","contentUrl":"https:\/\/crees.org.do\/wp-content\/uploads\/2021\/12\/project-2021-12-17_09-12_AM-1.png","width":1200,"height":1200},{"@type":"BreadcrumbList","@id":"https:\/\/crees.org.do\/?p=22495#breadcrumb","itemListElement":[{"@type":"ListItem","position":1,"name":"Portada","item":"https:\/\/crees.org.do\/"},{"@type":"ListItem","position":2,"name":"En noviembre de 2021 Rep\u00fablica Dominicana fue el cuarto* pa\u00eds de Am\u00e9rica Latina con mayor inflaci\u00f3n interanual"}]},{"@type":"WebSite","@id":"https:\/\/crees.org.do\/#website","url":"https:\/\/crees.org.do\/","name":"CREES","description":"Centro Regional de Estrategias Econ\u00f3micas Sostenibles","publisher":{"@id":"https:\/\/crees.org.do\/#organization"},"potentialAction":[{"@type":"SearchAction","target":{"@type":"EntryPoint","urlTemplate":"https:\/\/crees.org.do\/?s={search_term_string}"},"query-input":{"@type":"PropertyValueSpecification","valueRequired":true,"valueName":"search_term_string"}}],"inLanguage":"es"},{"@type":"Organization","@id":"https:\/\/crees.org.do\/#organization","name":"CREES | Centro Regional de Estrategias Econ\u00f3micas Sostenibles","url":"https:\/\/crees.org.do\/","logo":{"@type":"ImageObject","inLanguage":"es","@id":"https:\/\/crees.org.do\/#\/schema\/logo\/image\/","url":"https:\/\/crees.org.do\/wp-content\/uploads\/2022\/03\/crees-logo-1.jpg","contentUrl":"https:\/\/crees.org.do\/wp-content\/uploads\/2022\/03\/crees-logo-1.jpg","width":244,"height":71,"caption":"CREES | Centro Regional de Estrategias Econ\u00f3micas Sostenibles"},"image":{"@id":"https:\/\/crees.org.do\/#\/schema\/logo\/image\/"},"sameAs":["https:\/\/www.facebook.com\/CREESRD\/","https:\/\/x.com\/CREESRD"]},{"@type":"Person","@id":"https:\/\/crees.org.do\/#\/schema\/person\/e7f97cd94d7bf9cd0e0ce30acb7d56b8","name":"Crees","image":{"@type":"ImageObject","inLanguage":"es","@id":"https:\/\/crees.org.do\/#\/schema\/person\/image\/","url":"https:\/\/secure.gravatar.com\/avatar\/390ac8f0be5d9aa046152553e2dd7011b59a512d89c150f5e5f28bb8d9a0b165?s=96&d=mm&r=g","contentUrl":"https:\/\/secure.gravatar.com\/avatar\/390ac8f0be5d9aa046152553e2dd7011b59a512d89c150f5e5f28bb8d9a0b165?s=96&d=mm&r=g","caption":"Crees"},"url":"https:\/\/crees.org.do\/?author=2"}]}},"_links":{"self":[{"href":"https:\/\/crees.org.do\/index.php?rest_route=\/wp\/v2\/posts\/22495","targetHints":{"allow":["GET"]}}],"collection":[{"href":"https:\/\/crees.org.do\/index.php?rest_route=\/wp\/v2\/posts"}],"about":[{"href":"https:\/\/crees.org.do\/index.php?rest_route=\/wp\/v2\/types\/post"}],"author":[{"embeddable":true,"href":"https:\/\/crees.org.do\/index.php?rest_route=\/wp\/v2\/users\/2"}],"replies":[{"embeddable":true,"href":"https:\/\/crees.org.do\/index.php?rest_route=%2Fwp%2Fv2%2Fcomments&post=22495"}],"version-history":[{"count":1,"href":"https:\/\/crees.org.do\/index.php?rest_route=\/wp\/v2\/posts\/22495\/revisions"}],"predecessor-version":[{"id":22497,"href":"https:\/\/crees.org.do\/index.php?rest_route=\/wp\/v2\/posts\/22495\/revisions\/22497"}],"wp:featuredmedia":[{"embeddable":true,"href":"https:\/\/crees.org.do\/index.php?rest_route=\/wp\/v2\/media\/22496"}],"wp:attachment":[{"href":"https:\/\/crees.org.do\/index.php?rest_route=%2Fwp%2Fv2%2Fmedia&parent=22495"}],"wp:term":[{"taxonomy":"category","embeddable":true,"href":"https:\/\/crees.org.do\/index.php?rest_route=%2Fwp%2Fv2%2Fcategories&post=22495"},{"taxonomy":"post_tag","embeddable":true,"href":"https:\/\/crees.org.do\/index.php?rest_route=%2Fwp%2Fv2%2Ftags&post=22495"}],"curies":[{"name":"wp","href":"https:\/\/api.w.org\/{rel}","templated":true}]}}