{"id":22500,"date":"2021-12-07T23:24:18","date_gmt":"2021-12-07T23:24:18","guid":{"rendered":"https:\/\/crees.org.do\/?p=22500"},"modified":"2022-01-05T23:24:41","modified_gmt":"2022-01-05T23:24:41","slug":"vea-aqui-las-claves-en-la-recuperacion-economica","status":"publish","type":"post","link":"https:\/\/crees.org.do\/?p=22500","title":{"rendered":"Vea aqu\u00ed las claves en la recuperaci\u00f3n econ\u00f3mica"},"content":{"rendered":"<p>Autor: Hoy<\/p>\n<p>Fecha: 7 de diciembre del 2021<\/p>\n<p>Extra\u00eddo de: <a href=\"https:\/\/hoy.com.do\/vea-aqui-las-claves-en-la-recuperacion-economica\/\">Peri\u00f3dico Hoy<\/a><\/p>\n<p style=\"text-align: justify;\">El sistema financiero y la industria han sido dos soportes fundamentales para ayudar a la econom\u00eda a levantarse frente al impacto de la crisis sanitaria provocada por la pandemia COVID-19 desde marzo de 2020.<\/p>\n<p style=\"text-align: justify;\">Funcionarios del gobierno, dirigentes empresariales y profesionales de la econom\u00eda abordaron esta realidad, desde distintas perspectivas, durante el desarrollo del Primer Foro Econ\u00f3mico elDinero bajo el tema \u201cLa pol\u00edtica fiscal y monetaria en un contexto de pandemia: perspectiva 2022\u201d.<\/p>\n<p style=\"text-align: justify;\">En la actividad participaron como expositores el Superintendente de Bancos, Alejandro Fern\u00e1ndez W.; el administrador del Banco de Reservas, Samuel Pereyra Rojas, el economista Pavel Isa Contreras, viceministro de Planificaci\u00f3n del Ministerio de Econom\u00eda y el Intendente de la Superintendencia de Mercado de Valores, Juan Ernesto Jim\u00e9nez.<\/p>\n<p style=\"text-align: justify;\">La pol\u00edtica monetaria, las decisiones regulatorias, medidas fiscales y tributarias, as\u00ed como el acompa\u00f1amiento a los sectores productivos con cr\u00e9ditos y m\u00faltiples facilidades, fueron claves para el resurgimiento de la econom\u00eda, seg\u00fan los juicios externados en el foro por los representantes del gobierno.<\/p>\n<p style=\"text-align: justify;\">La industria, que ha mostrado su capacidad de resiliencia, respald\u00f3 tambi\u00e9n el despertar de la econom\u00eda y durante el confinamiento evit\u00f3 desabastecimiento en los canales de consumo. Circe Alm\u00e1nzar, vicepresidenta ejecutiva de la Asociaci\u00f3n de Industrias de la Rep\u00fablica Dominicana (AIRD), se refiri\u00f3 al rol del tejido industrial durante la pandemia.<\/p>\n<p style=\"text-align: justify;\">En el evento, que cont\u00f3 con el apoyo de la firma Medi\u00e1ticos Consultores en Comunicaci\u00f3n, tambi\u00e9n se llev\u00f3 a cabo un panel en el que participaron Rosanna Ruiz, presidenta ejecutiva de la Asociaci\u00f3n de Bancos M\u00faltiples de la Rep\u00fablica Dominicana (ABA); Roberto Despradel, consultor privado de la firma DASA y Miguel Collado Di Franco, vicepresidente ejecutivo del CREES.\u00a0 El panel fue coordinado por el periodista Esteban Delgado.<\/p>\n<p style=\"text-align: justify;\">En el foro fue tributado un reconocimiento al Gobierno dominicano por la manera en que ha manejado la pol\u00edtica monetaria y fiscal para ayudar al pa\u00eds a recuperarse r\u00e1pidamente de la crisis.<\/p>\n<p style=\"text-align: justify;\">El reconocimiento fue recibido por el Ministro de la Presidencia, Lissandro Macarrulla de manos del presidente del Consejo de Directores de la Editora El Dinero, Carlos Jos\u00e9 Mart\u00ed, y el director del medio, Jairon Severino.<\/p>\n<p style=\"text-align: justify;\">La actividad cont\u00f3 con el patrocinio de reconocidas marcas del pa\u00eds como Superintendencia de Bancos, Ministerio de Industria y Comercio y Mipymes, Banreservas, Superintendencia de Mercado de Valores, Banco Popular Dominicano y Barrick Pueblo Viejo.<\/p>\n<p style=\"text-align: justify;\">Asimismo, Cap Cana, Grupo Mart\u00ed, Grupo M, Asociaci\u00f3n Cibao de Ahorros y Pr\u00e9stamos, Multiquimica Dominicana, VIVA, Banco BHD Le\u00f3n, Grupo Rica,\u00a0Asociaci\u00f3n Popular de Ahorros y Pr\u00e9stamos, Banco Lafise, Mapfre BHD Seguros, Asociaci\u00f3n La Nacional de Ahorros y Pr\u00e9stamos y Zero Emisi\u00f3n.<\/p>\n<div class=\"pvc_clear\"><\/div>\n<p class=\"pvc_stats all \" data-element-id=\"22500\" style=\"\"><i class=\"pvc-stats-icon medium\" aria-hidden=\"true\"><svg aria-hidden=\"true\" focusable=\"false\" data-prefix=\"far\" data-icon=\"chart-bar\" role=\"img\" xmlns=\"http:\/\/www.w3.org\/2000\/svg\" viewBox=\"0 0 512 512\" class=\"svg-inline--fa fa-chart-bar fa-w-16 fa-2x\"><path fill=\"currentColor\" d=\"M396.8 352h22.4c6.4 0 12.8-6.4 12.8-12.8V108.8c0-6.4-6.4-12.8-12.8-12.8h-22.4c-6.4 0-12.8 6.4-12.8 12.8v230.4c0 6.4 6.4 12.8 12.8 12.8zm-192 0h22.4c6.4 0 12.8-6.4 12.8-12.8V140.8c0-6.4-6.4-12.8-12.8-12.8h-22.4c-6.4 0-12.8 6.4-12.8 12.8v198.4c0 6.4 6.4 12.8 12.8 12.8zm96 0h22.4c6.4 0 12.8-6.4 12.8-12.8V204.8c0-6.4-6.4-12.8-12.8-12.8h-22.4c-6.4 0-12.8 6.4-12.8 12.8v134.4c0 6.4 6.4 12.8 12.8 12.8zM496 400H48V80c0-8.84-7.16-16-16-16H16C7.16 64 0 71.16 0 80v336c0 17.67 14.33 32 32 32h464c8.84 0 16-7.16 16-16v-16c0-8.84-7.16-16-16-16zm-387.2-48h22.4c6.4 0 12.8-6.4 12.8-12.8v-70.4c0-6.4-6.4-12.8-12.8-12.8h-22.4c-6.4 0-12.8 6.4-12.8 12.8v70.4c0 6.4 6.4 12.8 12.8 12.8z\" class=\"\"><\/path><\/svg><\/i> Vistas Totales&nbsp;1,119&nbsp;, Vistas Hoy&nbsp;4&nbsp;<\/p>\n<div class=\"pvc_clear\"><\/div>\n","protected":false},"excerpt":{"rendered":"<p>Autor: Hoy Fecha: 7 de diciembre del 2021 Extra\u00eddo de: Peri\u00f3dico Hoy El sistema financiero y la industria han sido dos soportes fundamentales para ayudar a la econom\u00eda a levantarse frente al impacto de la crisis sanitaria provocada por la pandemia COVID-19 desde marzo de 2020. Funcionarios del gobierno, dirigentes empresariales y profesionales de la&#8230;<\/p>\n<div class=\"pvc_clear\"><\/div>\n<p class=\"pvc_stats all \" data-element-id=\"22500\" style=\"\"><i class=\"pvc-stats-icon medium\" aria-hidden=\"true\"><svg aria-hidden=\"true\" focusable=\"false\" data-prefix=\"far\" data-icon=\"chart-bar\" role=\"img\" xmlns=\"http:\/\/www.w3.org\/2000\/svg\" viewBox=\"0 0 512 512\" class=\"svg-inline--fa fa-chart-bar fa-w-16 fa-2x\"><path fill=\"currentColor\" d=\"M396.8 352h22.4c6.4 0 12.8-6.4 12.8-12.8V108.8c0-6.4-6.4-12.8-12.8-12.8h-22.4c-6.4 0-12.8 6.4-12.8 12.8v230.4c0 6.4 6.4 12.8 12.8 12.8zm-192 0h22.4c6.4 0 12.8-6.4 12.8-12.8V140.8c0-6.4-6.4-12.8-12.8-12.8h-22.4c-6.4 0-12.8 6.4-12.8 12.8v198.4c0 6.4 6.4 12.8 12.8 12.8zm96 0h22.4c6.4 0 12.8-6.4 12.8-12.8V204.8c0-6.4-6.4-12.8-12.8-12.8h-22.4c-6.4 0-12.8 6.4-12.8 12.8v134.4c0 6.4 6.4 12.8 12.8 12.8zM496 400H48V80c0-8.84-7.16-16-16-16H16C7.16 64 0 71.16 0 80v336c0 17.67 14.33 32 32 32h464c8.84 0 16-7.16 16-16v-16c0-8.84-7.16-16-16-16zm-387.2-48h22.4c6.4 0 12.8-6.4 12.8-12.8v-70.4c0-6.4-6.4-12.8-12.8-12.8h-22.4c-6.4 0-12.8 6.4-12.8 12.8v70.4c0 6.4 6.4 12.8 12.8 12.8z\" class=\"\"><\/path><\/svg><\/i> Vistas Totales&nbsp;1,119&nbsp;, Vistas Hoy&nbsp;4&nbsp;<\/p>\n<div class=\"pvc_clear\"><\/div>\n","protected":false},"author":2,"featured_media":0,"comment_status":"closed","ping_status":"closed","sticky":false,"template":"","format":"standard","meta":{"footnotes":""},"categories":[19],"tags":[],"class_list":["post-22500","post","type-post","status-publish","format-standard","hentry","category-actualidad"],"yoast_head":"<!-- This site is optimized with the Yoast SEO plugin v25.2 - https:\/\/yoast.com\/wordpress\/plugins\/seo\/ -->\n<title>Vea aqu\u00ed las claves en la recuperaci\u00f3n econ\u00f3mica | CREES<\/title>\n<meta name=\"robots\" content=\"index, follow, max-snippet:-1, max-image-preview:large, max-video-preview:-1\" \/>\n<link rel=\"canonical\" href=\"https:\/\/crees.org.do\/?p=22500\" \/>\n<meta property=\"og:locale\" content=\"es_ES\" \/>\n<meta property=\"og:type\" content=\"article\" \/>\n<meta property=\"og:title\" content=\"Vea aqu\u00ed las claves en la recuperaci\u00f3n econ\u00f3mica | CREES\" \/>\n<meta property=\"og:description\" content=\"Autor: Hoy Fecha: 7 de diciembre del 2021 Extra\u00eddo de: Peri\u00f3dico Hoy El sistema financiero y la industria han sido dos soportes fundamentales para ayudar a la econom\u00eda a levantarse frente al impacto de la crisis sanitaria provocada por la pandemia COVID-19 desde marzo de 2020. Funcionarios del gobierno, dirigentes empresariales y profesionales de la...\" \/>\n<meta property=\"og:url\" content=\"https:\/\/crees.org.do\/?p=22500\" \/>\n<meta property=\"og:site_name\" content=\"CREES\" \/>\n<meta property=\"article:publisher\" content=\"https:\/\/www.facebook.com\/CREESRD\/\" \/>\n<meta property=\"article:published_time\" content=\"2021-12-07T23:24:18+00:00\" \/>\n<meta property=\"article:modified_time\" content=\"2022-01-05T23:24:41+00:00\" \/>\n<meta property=\"og:image\" content=\"https:\/\/crees.org.do\/wp-content\/uploads\/2022\/03\/crees-logo-1.jpg\" \/>\n\t<meta property=\"og:image:width\" content=\"244\" \/>\n\t<meta property=\"og:image:height\" content=\"71\" \/>\n\t<meta property=\"og:image:type\" content=\"image\/jpeg\" \/>\n<meta name=\"author\" content=\"Crees\" \/>\n<meta name=\"twitter:card\" content=\"summary_large_image\" \/>\n<meta name=\"twitter:creator\" content=\"@CREESRD\" \/>\n<meta name=\"twitter:site\" content=\"@CREESRD\" \/>\n<meta name=\"twitter:label1\" content=\"Escrito por\" \/>\n\t<meta name=\"twitter:data1\" content=\"Crees\" \/>\n\t<meta name=\"twitter:label2\" content=\"Tiempo de lectura\" \/>\n\t<meta name=\"twitter:data2\" content=\"2 minutos\" \/>\n<script type=\"application\/ld+json\" class=\"yoast-schema-graph\">{\"@context\":\"https:\/\/schema.org\",\"@graph\":[{\"@type\":\"Article\",\"@id\":\"https:\/\/crees.org.do\/?p=22500#article\",\"isPartOf\":{\"@id\":\"https:\/\/crees.org.do\/?p=22500\"},\"author\":{\"name\":\"Crees\",\"@id\":\"https:\/\/crees.org.do\/#\/schema\/person\/e7f97cd94d7bf9cd0e0ce30acb7d56b8\"},\"headline\":\"Vea aqu\u00ed las claves en la recuperaci\u00f3n econ\u00f3mica\",\"datePublished\":\"2021-12-07T23:24:18+00:00\",\"dateModified\":\"2022-01-05T23:24:41+00:00\",\"mainEntityOfPage\":{\"@id\":\"https:\/\/crees.org.do\/?p=22500\"},\"wordCount\":482,\"publisher\":{\"@id\":\"https:\/\/crees.org.do\/#organization\"},\"articleSection\":[\"Actualidad\"],\"inLanguage\":\"es\"},{\"@type\":\"WebPage\",\"@id\":\"https:\/\/crees.org.do\/?p=22500\",\"url\":\"https:\/\/crees.org.do\/?p=22500\",\"name\":\"Vea aqu\u00ed las claves en la recuperaci\u00f3n econ\u00f3mica | CREES\",\"isPartOf\":{\"@id\":\"https:\/\/crees.org.do\/#website\"},\"datePublished\":\"2021-12-07T23:24:18+00:00\",\"dateModified\":\"2022-01-05T23:24:41+00:00\",\"breadcrumb\":{\"@id\":\"https:\/\/crees.org.do\/?p=22500#breadcrumb\"},\"inLanguage\":\"es\",\"potentialAction\":[{\"@type\":\"ReadAction\",\"target\":[\"https:\/\/crees.org.do\/?p=22500\"]}]},{\"@type\":\"BreadcrumbList\",\"@id\":\"https:\/\/crees.org.do\/?p=22500#breadcrumb\",\"itemListElement\":[{\"@type\":\"ListItem\",\"position\":1,\"name\":\"Portada\",\"item\":\"https:\/\/crees.org.do\/\"},{\"@type\":\"ListItem\",\"position\":2,\"name\":\"Vea aqu\u00ed las claves en la recuperaci\u00f3n econ\u00f3mica\"}]},{\"@type\":\"WebSite\",\"@id\":\"https:\/\/crees.org.do\/#website\",\"url\":\"https:\/\/crees.org.do\/\",\"name\":\"CREES\",\"description\":\"Centro Regional de Estrategias Econ\u00f3micas Sostenibles\",\"publisher\":{\"@id\":\"https:\/\/crees.org.do\/#organization\"},\"potentialAction\":[{\"@type\":\"SearchAction\",\"target\":{\"@type\":\"EntryPoint\",\"urlTemplate\":\"https:\/\/crees.org.do\/?s={search_term_string}\"},\"query-input\":{\"@type\":\"PropertyValueSpecification\",\"valueRequired\":true,\"valueName\":\"search_term_string\"}}],\"inLanguage\":\"es\"},{\"@type\":\"Organization\",\"@id\":\"https:\/\/crees.org.do\/#organization\",\"name\":\"CREES | Centro Regional de Estrategias Econ\u00f3micas Sostenibles\",\"url\":\"https:\/\/crees.org.do\/\",\"logo\":{\"@type\":\"ImageObject\",\"inLanguage\":\"es\",\"@id\":\"https:\/\/crees.org.do\/#\/schema\/logo\/image\/\",\"url\":\"https:\/\/crees.org.do\/wp-content\/uploads\/2022\/03\/crees-logo-1.jpg\",\"contentUrl\":\"https:\/\/crees.org.do\/wp-content\/uploads\/2022\/03\/crees-logo-1.jpg\",\"width\":244,\"height\":71,\"caption\":\"CREES | Centro Regional de Estrategias Econ\u00f3micas Sostenibles\"},\"image\":{\"@id\":\"https:\/\/crees.org.do\/#\/schema\/logo\/image\/\"},\"sameAs\":[\"https:\/\/www.facebook.com\/CREESRD\/\",\"https:\/\/x.com\/CREESRD\"]},{\"@type\":\"Person\",\"@id\":\"https:\/\/crees.org.do\/#\/schema\/person\/e7f97cd94d7bf9cd0e0ce30acb7d56b8\",\"name\":\"Crees\",\"image\":{\"@type\":\"ImageObject\",\"inLanguage\":\"es\",\"@id\":\"https:\/\/crees.org.do\/#\/schema\/person\/image\/\",\"url\":\"https:\/\/secure.gravatar.com\/avatar\/390ac8f0be5d9aa046152553e2dd7011b59a512d89c150f5e5f28bb8d9a0b165?s=96&d=mm&r=g\",\"contentUrl\":\"https:\/\/secure.gravatar.com\/avatar\/390ac8f0be5d9aa046152553e2dd7011b59a512d89c150f5e5f28bb8d9a0b165?s=96&d=mm&r=g\",\"caption\":\"Crees\"},\"url\":\"https:\/\/crees.org.do\/?author=2\"}]}<\/script>\n<!-- \/ Yoast SEO plugin. -->","yoast_head_json":{"title":"Vea aqu\u00ed las claves en la recuperaci\u00f3n econ\u00f3mica | CREES","robots":{"index":"index","follow":"follow","max-snippet":"max-snippet:-1","max-image-preview":"max-image-preview:large","max-video-preview":"max-video-preview:-1"},"canonical":"https:\/\/crees.org.do\/?p=22500","og_locale":"es_ES","og_type":"article","og_title":"Vea aqu\u00ed las claves en la recuperaci\u00f3n econ\u00f3mica | CREES","og_description":"Autor: Hoy Fecha: 7 de diciembre del 2021 Extra\u00eddo de: Peri\u00f3dico Hoy El sistema financiero y la industria han sido dos soportes fundamentales para ayudar a la econom\u00eda a levantarse frente al impacto de la crisis sanitaria provocada por la pandemia COVID-19 desde marzo de 2020. Funcionarios del gobierno, dirigentes empresariales y profesionales de la...","og_url":"https:\/\/crees.org.do\/?p=22500","og_site_name":"CREES","article_publisher":"https:\/\/www.facebook.com\/CREESRD\/","article_published_time":"2021-12-07T23:24:18+00:00","article_modified_time":"2022-01-05T23:24:41+00:00","og_image":[{"width":244,"height":71,"url":"https:\/\/crees.org.do\/wp-content\/uploads\/2022\/03\/crees-logo-1.jpg","type":"image\/jpeg"}],"author":"Crees","twitter_card":"summary_large_image","twitter_creator":"@CREESRD","twitter_site":"@CREESRD","twitter_misc":{"Escrito por":"Crees","Tiempo de lectura":"2 minutos"},"schema":{"@context":"https:\/\/schema.org","@graph":[{"@type":"Article","@id":"https:\/\/crees.org.do\/?p=22500#article","isPartOf":{"@id":"https:\/\/crees.org.do\/?p=22500"},"author":{"name":"Crees","@id":"https:\/\/crees.org.do\/#\/schema\/person\/e7f97cd94d7bf9cd0e0ce30acb7d56b8"},"headline":"Vea aqu\u00ed las claves en la recuperaci\u00f3n econ\u00f3mica","datePublished":"2021-12-07T23:24:18+00:00","dateModified":"2022-01-05T23:24:41+00:00","mainEntityOfPage":{"@id":"https:\/\/crees.org.do\/?p=22500"},"wordCount":482,"publisher":{"@id":"https:\/\/crees.org.do\/#organization"},"articleSection":["Actualidad"],"inLanguage":"es"},{"@type":"WebPage","@id":"https:\/\/crees.org.do\/?p=22500","url":"https:\/\/crees.org.do\/?p=22500","name":"Vea aqu\u00ed las claves en la recuperaci\u00f3n econ\u00f3mica | CREES","isPartOf":{"@id":"https:\/\/crees.org.do\/#website"},"datePublished":"2021-12-07T23:24:18+00:00","dateModified":"2022-01-05T23:24:41+00:00","breadcrumb":{"@id":"https:\/\/crees.org.do\/?p=22500#breadcrumb"},"inLanguage":"es","potentialAction":[{"@type":"ReadAction","target":["https:\/\/crees.org.do\/?p=22500"]}]},{"@type":"BreadcrumbList","@id":"https:\/\/crees.org.do\/?p=22500#breadcrumb","itemListElement":[{"@type":"ListItem","position":1,"name":"Portada","item":"https:\/\/crees.org.do\/"},{"@type":"ListItem","position":2,"name":"Vea aqu\u00ed las claves en la recuperaci\u00f3n econ\u00f3mica"}]},{"@type":"WebSite","@id":"https:\/\/crees.org.do\/#website","url":"https:\/\/crees.org.do\/","name":"CREES","description":"Centro Regional de Estrategias Econ\u00f3micas Sostenibles","publisher":{"@id":"https:\/\/crees.org.do\/#organization"},"potentialAction":[{"@type":"SearchAction","target":{"@type":"EntryPoint","urlTemplate":"https:\/\/crees.org.do\/?s={search_term_string}"},"query-input":{"@type":"PropertyValueSpecification","valueRequired":true,"valueName":"search_term_string"}}],"inLanguage":"es"},{"@type":"Organization","@id":"https:\/\/crees.org.do\/#organization","name":"CREES | Centro Regional de Estrategias Econ\u00f3micas Sostenibles","url":"https:\/\/crees.org.do\/","logo":{"@type":"ImageObject","inLanguage":"es","@id":"https:\/\/crees.org.do\/#\/schema\/logo\/image\/","url":"https:\/\/crees.org.do\/wp-content\/uploads\/2022\/03\/crees-logo-1.jpg","contentUrl":"https:\/\/crees.org.do\/wp-content\/uploads\/2022\/03\/crees-logo-1.jpg","width":244,"height":71,"caption":"CREES | Centro Regional de Estrategias Econ\u00f3micas Sostenibles"},"image":{"@id":"https:\/\/crees.org.do\/#\/schema\/logo\/image\/"},"sameAs":["https:\/\/www.facebook.com\/CREESRD\/","https:\/\/x.com\/CREESRD"]},{"@type":"Person","@id":"https:\/\/crees.org.do\/#\/schema\/person\/e7f97cd94d7bf9cd0e0ce30acb7d56b8","name":"Crees","image":{"@type":"ImageObject","inLanguage":"es","@id":"https:\/\/crees.org.do\/#\/schema\/person\/image\/","url":"https:\/\/secure.gravatar.com\/avatar\/390ac8f0be5d9aa046152553e2dd7011b59a512d89c150f5e5f28bb8d9a0b165?s=96&d=mm&r=g","contentUrl":"https:\/\/secure.gravatar.com\/avatar\/390ac8f0be5d9aa046152553e2dd7011b59a512d89c150f5e5f28bb8d9a0b165?s=96&d=mm&r=g","caption":"Crees"},"url":"https:\/\/crees.org.do\/?author=2"}]}},"_links":{"self":[{"href":"https:\/\/crees.org.do\/index.php?rest_route=\/wp\/v2\/posts\/22500","targetHints":{"allow":["GET"]}}],"collection":[{"href":"https:\/\/crees.org.do\/index.php?rest_route=\/wp\/v2\/posts"}],"about":[{"href":"https:\/\/crees.org.do\/index.php?rest_route=\/wp\/v2\/types\/post"}],"author":[{"embeddable":true,"href":"https:\/\/crees.org.do\/index.php?rest_route=\/wp\/v2\/users\/2"}],"replies":[{"embeddable":true,"href":"https:\/\/crees.org.do\/index.php?rest_route=%2Fwp%2Fv2%2Fcomments&post=22500"}],"version-history":[{"count":1,"href":"https:\/\/crees.org.do\/index.php?rest_route=\/wp\/v2\/posts\/22500\/revisions"}],"predecessor-version":[{"id":22501,"href":"https:\/\/crees.org.do\/index.php?rest_route=\/wp\/v2\/posts\/22500\/revisions\/22501"}],"wp:attachment":[{"href":"https:\/\/crees.org.do\/index.php?rest_route=%2Fwp%2Fv2%2Fmedia&parent=22500"}],"wp:term":[{"taxonomy":"category","embeddable":true,"href":"https:\/\/crees.org.do\/index.php?rest_route=%2Fwp%2Fv2%2Fcategories&post=22500"},{"taxonomy":"post_tag","embeddable":true,"href":"https:\/\/crees.org.do\/index.php?rest_route=%2Fwp%2Fv2%2Ftags&post=22500"}],"curies":[{"name":"wp","href":"https:\/\/api.w.org\/{rel}","templated":true}]}}