{"id":22502,"date":"2021-12-09T23:34:19","date_gmt":"2021-12-09T23:34:19","guid":{"rendered":"https:\/\/crees.org.do\/?p=22502"},"modified":"2022-01-05T23:34:53","modified_gmt":"2022-01-05T23:34:53","slug":"reformas-para-la-recuperacion-explosiva","status":"publish","type":"post","link":"https:\/\/crees.org.do\/?p=22502","title":{"rendered":"Reformas para la \u201crecuperaci\u00f3n explosiva\u201d"},"content":{"rendered":"<p>Autor: Jaime M. Senior Fern\u00e1ndez<\/p>\n<p>Fecha: 9 de diciembre del 2021<\/p>\n<p>Extra\u00eddo de:\u00a0<a href=\"https:\/\/eldinero.com.do\/182095\/reformas-para-la-recuperacion-explosiva\/\">El Dinero<\/a><\/p>\n<p>En el\u00a0<a href=\"https:\/\/eldinero.com.do\/foro-economico-2021\/\">Foro Econ\u00f3mico elDinero 2021<\/a>\u00a0celebrado esta semana se destac\u00f3 la recuperaci\u00f3n econ\u00f3mica de Rep\u00fablica Dominicana, la que un invitado tild\u00f3 de \u201cexplosiva\u201d, siendo puntera en Am\u00e9rica Latina e impresionante respecto al resto del mundo.<\/p>\n<p>Sin embargo, de cara al a\u00f1o 2022, deben continuar las reformas estructurales necesarias para que esta recuperaci\u00f3n se extienda en el tiempo y se convierta en un verdadero crecimiento econ\u00f3mico.<\/p>\n<p>Para iniciar, es necesario recalcar que en el mismo Foro se coment\u00f3 que esta recuperaci\u00f3n ha sido encabezada por el crecimiento de la inversi\u00f3n del sector privado, la cual ha permitido mejorar la calidad estructural econ\u00f3mica del pa\u00eds.<\/p>\n<p>Aunque tambi\u00e9n ha habido otros factores importantes que han aportado a este repunte. Precisamente, debemos apostar e incentivar a que el sector privado contin\u00fae creando empleos y nuevas inversiones en el pa\u00eds.<\/p>\n<p>De hecho, las autoridades actuales hab\u00edan reconocido la necesidad de una serie de reformas estructurales, por lo que el presidente propuso un di\u00e1logo sobre aproximadamente 16 temas de inter\u00e9s para el pa\u00eds. No obstante, este di\u00e1logo se encuentra actualmente en espera de continuar su definici\u00f3n y reanudaci\u00f3n, aunque cuenta con un amplio respaldo de diversos sectores de la vida nacional.<\/p>\n<p>Uno de los aspectos que requiere urgente revisi\u00f3n -sin dejar de ser un tema de cierta sensibilidad- es la reforma laboral. Como se ha comentado en numerosas ocasiones, nuestra econom\u00eda ahora es principalmente una econom\u00eda de servicios, en pleno Siglo XXI, mientras que nuestro C\u00f3digo de Trabajo tiene una visi\u00f3n anticuada del mercado laboral que no nos da la competitividad necesaria. Aunque es un tema que ciertamente es espinoso, urge modernizar este marco legal para que podamos seguir creando nuevos y mejores puestos de trabajo.<\/p>\n<p>En otro orden, un elemento que m\u00e1s que reforma es implementar de manera sensata y completa son las reformas que ya han sido acordadas respecto al sector el\u00e9ctrico. La electricidad es un importante costo para la industria nacional y la estabilidad del suministro el\u00e9ctrico es un marcador del desarrollo nacional y el bienestar de los dominicanos, por lo que asegurar que el Pacto El\u00e9ctrico sea puesto en marcha es clave.<\/p>\n<p>Hay una serie de reformas que tendr\u00e1n un impacto a largo plazo para Rep\u00fablica Dominicana, mejorando el clima de negocios, y por ende, la confianza para invertir en el pa\u00eds, como lo son las propuestas de reformas de transparencia e institucionalidad y de modernizaci\u00f3n del Estado. Por igual la propuesta de reforma de la calidad educativa es otro cuyo efecto no es inmediato, pero es necesario para la sostenibilidad a largo plazo. En estos casos, aunque los efectos sean indirectos, no dejan de ser importantes para asegurar que el pa\u00eds contin\u00fae avanzando.<\/p>\n<p>Finalmente, no podemos dejar de mencionar la reforma fiscal integral, que aunque tambi\u00e9n es un tema engorroso, quiz\u00e1s tiene un impacto directo e inmediato mayor que cualquier otra reforma que pudiera ser adoptada en lo inmediato, y por eso se hace el llamado de simplificar y mejorar nuestro sistema tributario. En fin, para continuar avanzando en nuestra recuperaci\u00f3n \u201cexplosiva\u201d, en el a\u00f1o 2022 nos debemos abocar a la dif\u00edcil tarea de dialogar y consensuar una serie de necesarias reformas.<\/p>\n<div class=\"pvc_clear\"><\/div>\n<p class=\"pvc_stats all \" data-element-id=\"22502\" style=\"\"><i class=\"pvc-stats-icon medium\" aria-hidden=\"true\"><svg aria-hidden=\"true\" focusable=\"false\" data-prefix=\"far\" data-icon=\"chart-bar\" role=\"img\" xmlns=\"http:\/\/www.w3.org\/2000\/svg\" viewBox=\"0 0 512 512\" class=\"svg-inline--fa fa-chart-bar fa-w-16 fa-2x\"><path fill=\"currentColor\" d=\"M396.8 352h22.4c6.4 0 12.8-6.4 12.8-12.8V108.8c0-6.4-6.4-12.8-12.8-12.8h-22.4c-6.4 0-12.8 6.4-12.8 12.8v230.4c0 6.4 6.4 12.8 12.8 12.8zm-192 0h22.4c6.4 0 12.8-6.4 12.8-12.8V140.8c0-6.4-6.4-12.8-12.8-12.8h-22.4c-6.4 0-12.8 6.4-12.8 12.8v198.4c0 6.4 6.4 12.8 12.8 12.8zm96 0h22.4c6.4 0 12.8-6.4 12.8-12.8V204.8c0-6.4-6.4-12.8-12.8-12.8h-22.4c-6.4 0-12.8 6.4-12.8 12.8v134.4c0 6.4 6.4 12.8 12.8 12.8zM496 400H48V80c0-8.84-7.16-16-16-16H16C7.16 64 0 71.16 0 80v336c0 17.67 14.33 32 32 32h464c8.84 0 16-7.16 16-16v-16c0-8.84-7.16-16-16-16zm-387.2-48h22.4c6.4 0 12.8-6.4 12.8-12.8v-70.4c0-6.4-6.4-12.8-12.8-12.8h-22.4c-6.4 0-12.8 6.4-12.8 12.8v70.4c0 6.4 6.4 12.8 12.8 12.8z\" class=\"\"><\/path><\/svg><\/i> Vistas Totales&nbsp;990&nbsp;, Vistas Hoy&nbsp;6&nbsp;<\/p>\n<div class=\"pvc_clear\"><\/div>\n","protected":false},"excerpt":{"rendered":"<p>Autor: Jaime M. Senior Fern\u00e1ndez Fecha: 9 de diciembre del 2021 Extra\u00eddo de:\u00a0El Dinero En el\u00a0Foro Econ\u00f3mico elDinero 2021\u00a0celebrado esta semana se destac\u00f3 la recuperaci\u00f3n econ\u00f3mica de Rep\u00fablica Dominicana, la que un invitado tild\u00f3 de \u201cexplosiva\u201d, siendo puntera en Am\u00e9rica Latina e impresionante respecto al resto del mundo. Sin embargo, de cara al a\u00f1o 2022,&#8230;<\/p>\n<div class=\"pvc_clear\"><\/div>\n<p class=\"pvc_stats all \" data-element-id=\"22502\" style=\"\"><i class=\"pvc-stats-icon medium\" aria-hidden=\"true\"><svg aria-hidden=\"true\" focusable=\"false\" data-prefix=\"far\" data-icon=\"chart-bar\" role=\"img\" xmlns=\"http:\/\/www.w3.org\/2000\/svg\" viewBox=\"0 0 512 512\" class=\"svg-inline--fa fa-chart-bar fa-w-16 fa-2x\"><path fill=\"currentColor\" d=\"M396.8 352h22.4c6.4 0 12.8-6.4 12.8-12.8V108.8c0-6.4-6.4-12.8-12.8-12.8h-22.4c-6.4 0-12.8 6.4-12.8 12.8v230.4c0 6.4 6.4 12.8 12.8 12.8zm-192 0h22.4c6.4 0 12.8-6.4 12.8-12.8V140.8c0-6.4-6.4-12.8-12.8-12.8h-22.4c-6.4 0-12.8 6.4-12.8 12.8v198.4c0 6.4 6.4 12.8 12.8 12.8zm96 0h22.4c6.4 0 12.8-6.4 12.8-12.8V204.8c0-6.4-6.4-12.8-12.8-12.8h-22.4c-6.4 0-12.8 6.4-12.8 12.8v134.4c0 6.4 6.4 12.8 12.8 12.8zM496 400H48V80c0-8.84-7.16-16-16-16H16C7.16 64 0 71.16 0 80v336c0 17.67 14.33 32 32 32h464c8.84 0 16-7.16 16-16v-16c0-8.84-7.16-16-16-16zm-387.2-48h22.4c6.4 0 12.8-6.4 12.8-12.8v-70.4c0-6.4-6.4-12.8-12.8-12.8h-22.4c-6.4 0-12.8 6.4-12.8 12.8v70.4c0 6.4 6.4 12.8 12.8 12.8z\" class=\"\"><\/path><\/svg><\/i> Vistas Totales&nbsp;990&nbsp;, Vistas Hoy&nbsp;6&nbsp;<\/p>\n<div class=\"pvc_clear\"><\/div>\n","protected":false},"author":2,"featured_media":22503,"comment_status":"closed","ping_status":"closed","sticky":false,"template":"","format":"standard","meta":{"footnotes":""},"categories":[19],"tags":[],"class_list":["post-22502","post","type-post","status-publish","format-standard","has-post-thumbnail","hentry","category-actualidad"],"yoast_head":"<!-- This site is optimized with the Yoast SEO plugin v25.2 - https:\/\/yoast.com\/wordpress\/plugins\/seo\/ -->\n<title>Reformas para la \u201crecuperaci\u00f3n explosiva\u201d | CREES<\/title>\n<meta name=\"robots\" content=\"index, follow, max-snippet:-1, max-image-preview:large, max-video-preview:-1\" \/>\n<link rel=\"canonical\" href=\"https:\/\/crees.org.do\/?p=22502\" \/>\n<meta property=\"og:locale\" content=\"es_ES\" \/>\n<meta property=\"og:type\" content=\"article\" \/>\n<meta property=\"og:title\" content=\"Reformas para la \u201crecuperaci\u00f3n explosiva\u201d | CREES\" \/>\n<meta property=\"og:description\" content=\"Autor: Jaime M. Senior Fern\u00e1ndez Fecha: 9 de diciembre del 2021 Extra\u00eddo de:\u00a0El Dinero En el\u00a0Foro Econ\u00f3mico elDinero 2021\u00a0celebrado esta semana se destac\u00f3 la recuperaci\u00f3n econ\u00f3mica de Rep\u00fablica Dominicana, la que un invitado tild\u00f3 de \u201cexplosiva\u201d, siendo puntera en Am\u00e9rica Latina e impresionante respecto al resto del mundo. Sin embargo, de cara al a\u00f1o 2022,...\" \/>\n<meta property=\"og:url\" content=\"https:\/\/crees.org.do\/?p=22502\" \/>\n<meta property=\"og:site_name\" content=\"CREES\" \/>\n<meta property=\"article:publisher\" content=\"https:\/\/www.facebook.com\/CREESRD\/\" \/>\n<meta property=\"article:published_time\" content=\"2021-12-09T23:34:19+00:00\" \/>\n<meta property=\"article:modified_time\" content=\"2022-01-05T23:34:53+00:00\" \/>\n<meta property=\"og:image\" content=\"https:\/\/crees.org.do\/wp-content\/uploads\/2022\/01\/WhatsApp-Image-2021-12-04-at-11.48.55-PM.jpeg\" \/>\n\t<meta property=\"og:image:width\" content=\"1080\" \/>\n\t<meta property=\"og:image:height\" content=\"1080\" \/>\n\t<meta property=\"og:image:type\" content=\"image\/jpeg\" \/>\n<meta name=\"author\" content=\"Crees\" \/>\n<meta name=\"twitter:card\" content=\"summary_large_image\" \/>\n<meta name=\"twitter:creator\" content=\"@CREESRD\" \/>\n<meta name=\"twitter:site\" content=\"@CREESRD\" \/>\n<meta name=\"twitter:label1\" content=\"Escrito por\" \/>\n\t<meta name=\"twitter:data1\" content=\"Crees\" \/>\n\t<meta name=\"twitter:label2\" content=\"Tiempo de lectura\" \/>\n\t<meta name=\"twitter:data2\" content=\"3 minutos\" \/>\n<script type=\"application\/ld+json\" class=\"yoast-schema-graph\">{\"@context\":\"https:\/\/schema.org\",\"@graph\":[{\"@type\":\"Article\",\"@id\":\"https:\/\/crees.org.do\/?p=22502#article\",\"isPartOf\":{\"@id\":\"https:\/\/crees.org.do\/?p=22502\"},\"author\":{\"name\":\"Crees\",\"@id\":\"https:\/\/crees.org.do\/#\/schema\/person\/e7f97cd94d7bf9cd0e0ce30acb7d56b8\"},\"headline\":\"Reformas para la \u201crecuperaci\u00f3n explosiva\u201d\",\"datePublished\":\"2021-12-09T23:34:19+00:00\",\"dateModified\":\"2022-01-05T23:34:53+00:00\",\"mainEntityOfPage\":{\"@id\":\"https:\/\/crees.org.do\/?p=22502\"},\"wordCount\":581,\"publisher\":{\"@id\":\"https:\/\/crees.org.do\/#organization\"},\"image\":{\"@id\":\"https:\/\/crees.org.do\/?p=22502#primaryimage\"},\"thumbnailUrl\":\"https:\/\/crees.org.do\/wp-content\/uploads\/2022\/01\/WhatsApp-Image-2021-12-04-at-11.48.55-PM.jpeg\",\"articleSection\":[\"Actualidad\"],\"inLanguage\":\"es\"},{\"@type\":\"WebPage\",\"@id\":\"https:\/\/crees.org.do\/?p=22502\",\"url\":\"https:\/\/crees.org.do\/?p=22502\",\"name\":\"Reformas para la \u201crecuperaci\u00f3n explosiva\u201d | CREES\",\"isPartOf\":{\"@id\":\"https:\/\/crees.org.do\/#website\"},\"primaryImageOfPage\":{\"@id\":\"https:\/\/crees.org.do\/?p=22502#primaryimage\"},\"image\":{\"@id\":\"https:\/\/crees.org.do\/?p=22502#primaryimage\"},\"thumbnailUrl\":\"https:\/\/crees.org.do\/wp-content\/uploads\/2022\/01\/WhatsApp-Image-2021-12-04-at-11.48.55-PM.jpeg\",\"datePublished\":\"2021-12-09T23:34:19+00:00\",\"dateModified\":\"2022-01-05T23:34:53+00:00\",\"breadcrumb\":{\"@id\":\"https:\/\/crees.org.do\/?p=22502#breadcrumb\"},\"inLanguage\":\"es\",\"potentialAction\":[{\"@type\":\"ReadAction\",\"target\":[\"https:\/\/crees.org.do\/?p=22502\"]}]},{\"@type\":\"ImageObject\",\"inLanguage\":\"es\",\"@id\":\"https:\/\/crees.org.do\/?p=22502#primaryimage\",\"url\":\"https:\/\/crees.org.do\/wp-content\/uploads\/2022\/01\/WhatsApp-Image-2021-12-04-at-11.48.55-PM.jpeg\",\"contentUrl\":\"https:\/\/crees.org.do\/wp-content\/uploads\/2022\/01\/WhatsApp-Image-2021-12-04-at-11.48.55-PM.jpeg\",\"width\":1080,\"height\":1080},{\"@type\":\"BreadcrumbList\",\"@id\":\"https:\/\/crees.org.do\/?p=22502#breadcrumb\",\"itemListElement\":[{\"@type\":\"ListItem\",\"position\":1,\"name\":\"Portada\",\"item\":\"https:\/\/crees.org.do\/\"},{\"@type\":\"ListItem\",\"position\":2,\"name\":\"Reformas para la \u201crecuperaci\u00f3n explosiva\u201d\"}]},{\"@type\":\"WebSite\",\"@id\":\"https:\/\/crees.org.do\/#website\",\"url\":\"https:\/\/crees.org.do\/\",\"name\":\"CREES\",\"description\":\"Centro Regional de Estrategias Econ\u00f3micas Sostenibles\",\"publisher\":{\"@id\":\"https:\/\/crees.org.do\/#organization\"},\"potentialAction\":[{\"@type\":\"SearchAction\",\"target\":{\"@type\":\"EntryPoint\",\"urlTemplate\":\"https:\/\/crees.org.do\/?s={search_term_string}\"},\"query-input\":{\"@type\":\"PropertyValueSpecification\",\"valueRequired\":true,\"valueName\":\"search_term_string\"}}],\"inLanguage\":\"es\"},{\"@type\":\"Organization\",\"@id\":\"https:\/\/crees.org.do\/#organization\",\"name\":\"CREES | Centro Regional de Estrategias Econ\u00f3micas Sostenibles\",\"url\":\"https:\/\/crees.org.do\/\",\"logo\":{\"@type\":\"ImageObject\",\"inLanguage\":\"es\",\"@id\":\"https:\/\/crees.org.do\/#\/schema\/logo\/image\/\",\"url\":\"https:\/\/crees.org.do\/wp-content\/uploads\/2022\/03\/crees-logo-1.jpg\",\"contentUrl\":\"https:\/\/crees.org.do\/wp-content\/uploads\/2022\/03\/crees-logo-1.jpg\",\"width\":244,\"height\":71,\"caption\":\"CREES | Centro Regional de Estrategias Econ\u00f3micas Sostenibles\"},\"image\":{\"@id\":\"https:\/\/crees.org.do\/#\/schema\/logo\/image\/\"},\"sameAs\":[\"https:\/\/www.facebook.com\/CREESRD\/\",\"https:\/\/x.com\/CREESRD\"]},{\"@type\":\"Person\",\"@id\":\"https:\/\/crees.org.do\/#\/schema\/person\/e7f97cd94d7bf9cd0e0ce30acb7d56b8\",\"name\":\"Crees\",\"image\":{\"@type\":\"ImageObject\",\"inLanguage\":\"es\",\"@id\":\"https:\/\/crees.org.do\/#\/schema\/person\/image\/\",\"url\":\"https:\/\/secure.gravatar.com\/avatar\/390ac8f0be5d9aa046152553e2dd7011b59a512d89c150f5e5f28bb8d9a0b165?s=96&d=mm&r=g\",\"contentUrl\":\"https:\/\/secure.gravatar.com\/avatar\/390ac8f0be5d9aa046152553e2dd7011b59a512d89c150f5e5f28bb8d9a0b165?s=96&d=mm&r=g\",\"caption\":\"Crees\"},\"url\":\"https:\/\/crees.org.do\/?author=2\"}]}<\/script>\n<!-- \/ Yoast SEO plugin. -->","yoast_head_json":{"title":"Reformas para la \u201crecuperaci\u00f3n explosiva\u201d | CREES","robots":{"index":"index","follow":"follow","max-snippet":"max-snippet:-1","max-image-preview":"max-image-preview:large","max-video-preview":"max-video-preview:-1"},"canonical":"https:\/\/crees.org.do\/?p=22502","og_locale":"es_ES","og_type":"article","og_title":"Reformas para la \u201crecuperaci\u00f3n explosiva\u201d | CREES","og_description":"Autor: Jaime M. Senior Fern\u00e1ndez Fecha: 9 de diciembre del 2021 Extra\u00eddo de:\u00a0El Dinero En el\u00a0Foro Econ\u00f3mico elDinero 2021\u00a0celebrado esta semana se destac\u00f3 la recuperaci\u00f3n econ\u00f3mica de Rep\u00fablica Dominicana, la que un invitado tild\u00f3 de \u201cexplosiva\u201d, siendo puntera en Am\u00e9rica Latina e impresionante respecto al resto del mundo. Sin embargo, de cara al a\u00f1o 2022,...","og_url":"https:\/\/crees.org.do\/?p=22502","og_site_name":"CREES","article_publisher":"https:\/\/www.facebook.com\/CREESRD\/","article_published_time":"2021-12-09T23:34:19+00:00","article_modified_time":"2022-01-05T23:34:53+00:00","og_image":[{"width":1080,"height":1080,"url":"https:\/\/crees.org.do\/wp-content\/uploads\/2022\/01\/WhatsApp-Image-2021-12-04-at-11.48.55-PM.jpeg","type":"image\/jpeg"}],"author":"Crees","twitter_card":"summary_large_image","twitter_creator":"@CREESRD","twitter_site":"@CREESRD","twitter_misc":{"Escrito por":"Crees","Tiempo de lectura":"3 minutos"},"schema":{"@context":"https:\/\/schema.org","@graph":[{"@type":"Article","@id":"https:\/\/crees.org.do\/?p=22502#article","isPartOf":{"@id":"https:\/\/crees.org.do\/?p=22502"},"author":{"name":"Crees","@id":"https:\/\/crees.org.do\/#\/schema\/person\/e7f97cd94d7bf9cd0e0ce30acb7d56b8"},"headline":"Reformas para la \u201crecuperaci\u00f3n explosiva\u201d","datePublished":"2021-12-09T23:34:19+00:00","dateModified":"2022-01-05T23:34:53+00:00","mainEntityOfPage":{"@id":"https:\/\/crees.org.do\/?p=22502"},"wordCount":581,"publisher":{"@id":"https:\/\/crees.org.do\/#organization"},"image":{"@id":"https:\/\/crees.org.do\/?p=22502#primaryimage"},"thumbnailUrl":"https:\/\/crees.org.do\/wp-content\/uploads\/2022\/01\/WhatsApp-Image-2021-12-04-at-11.48.55-PM.jpeg","articleSection":["Actualidad"],"inLanguage":"es"},{"@type":"WebPage","@id":"https:\/\/crees.org.do\/?p=22502","url":"https:\/\/crees.org.do\/?p=22502","name":"Reformas para la \u201crecuperaci\u00f3n explosiva\u201d | CREES","isPartOf":{"@id":"https:\/\/crees.org.do\/#website"},"primaryImageOfPage":{"@id":"https:\/\/crees.org.do\/?p=22502#primaryimage"},"image":{"@id":"https:\/\/crees.org.do\/?p=22502#primaryimage"},"thumbnailUrl":"https:\/\/crees.org.do\/wp-content\/uploads\/2022\/01\/WhatsApp-Image-2021-12-04-at-11.48.55-PM.jpeg","datePublished":"2021-12-09T23:34:19+00:00","dateModified":"2022-01-05T23:34:53+00:00","breadcrumb":{"@id":"https:\/\/crees.org.do\/?p=22502#breadcrumb"},"inLanguage":"es","potentialAction":[{"@type":"ReadAction","target":["https:\/\/crees.org.do\/?p=22502"]}]},{"@type":"ImageObject","inLanguage":"es","@id":"https:\/\/crees.org.do\/?p=22502#primaryimage","url":"https:\/\/crees.org.do\/wp-content\/uploads\/2022\/01\/WhatsApp-Image-2021-12-04-at-11.48.55-PM.jpeg","contentUrl":"https:\/\/crees.org.do\/wp-content\/uploads\/2022\/01\/WhatsApp-Image-2021-12-04-at-11.48.55-PM.jpeg","width":1080,"height":1080},{"@type":"BreadcrumbList","@id":"https:\/\/crees.org.do\/?p=22502#breadcrumb","itemListElement":[{"@type":"ListItem","position":1,"name":"Portada","item":"https:\/\/crees.org.do\/"},{"@type":"ListItem","position":2,"name":"Reformas para la \u201crecuperaci\u00f3n explosiva\u201d"}]},{"@type":"WebSite","@id":"https:\/\/crees.org.do\/#website","url":"https:\/\/crees.org.do\/","name":"CREES","description":"Centro Regional de Estrategias Econ\u00f3micas Sostenibles","publisher":{"@id":"https:\/\/crees.org.do\/#organization"},"potentialAction":[{"@type":"SearchAction","target":{"@type":"EntryPoint","urlTemplate":"https:\/\/crees.org.do\/?s={search_term_string}"},"query-input":{"@type":"PropertyValueSpecification","valueRequired":true,"valueName":"search_term_string"}}],"inLanguage":"es"},{"@type":"Organization","@id":"https:\/\/crees.org.do\/#organization","name":"CREES | Centro Regional de Estrategias Econ\u00f3micas Sostenibles","url":"https:\/\/crees.org.do\/","logo":{"@type":"ImageObject","inLanguage":"es","@id":"https:\/\/crees.org.do\/#\/schema\/logo\/image\/","url":"https:\/\/crees.org.do\/wp-content\/uploads\/2022\/03\/crees-logo-1.jpg","contentUrl":"https:\/\/crees.org.do\/wp-content\/uploads\/2022\/03\/crees-logo-1.jpg","width":244,"height":71,"caption":"CREES | Centro Regional de Estrategias Econ\u00f3micas Sostenibles"},"image":{"@id":"https:\/\/crees.org.do\/#\/schema\/logo\/image\/"},"sameAs":["https:\/\/www.facebook.com\/CREESRD\/","https:\/\/x.com\/CREESRD"]},{"@type":"Person","@id":"https:\/\/crees.org.do\/#\/schema\/person\/e7f97cd94d7bf9cd0e0ce30acb7d56b8","name":"Crees","image":{"@type":"ImageObject","inLanguage":"es","@id":"https:\/\/crees.org.do\/#\/schema\/person\/image\/","url":"https:\/\/secure.gravatar.com\/avatar\/390ac8f0be5d9aa046152553e2dd7011b59a512d89c150f5e5f28bb8d9a0b165?s=96&d=mm&r=g","contentUrl":"https:\/\/secure.gravatar.com\/avatar\/390ac8f0be5d9aa046152553e2dd7011b59a512d89c150f5e5f28bb8d9a0b165?s=96&d=mm&r=g","caption":"Crees"},"url":"https:\/\/crees.org.do\/?author=2"}]}},"_links":{"self":[{"href":"https:\/\/crees.org.do\/index.php?rest_route=\/wp\/v2\/posts\/22502","targetHints":{"allow":["GET"]}}],"collection":[{"href":"https:\/\/crees.org.do\/index.php?rest_route=\/wp\/v2\/posts"}],"about":[{"href":"https:\/\/crees.org.do\/index.php?rest_route=\/wp\/v2\/types\/post"}],"author":[{"embeddable":true,"href":"https:\/\/crees.org.do\/index.php?rest_route=\/wp\/v2\/users\/2"}],"replies":[{"embeddable":true,"href":"https:\/\/crees.org.do\/index.php?rest_route=%2Fwp%2Fv2%2Fcomments&post=22502"}],"version-history":[{"count":1,"href":"https:\/\/crees.org.do\/index.php?rest_route=\/wp\/v2\/posts\/22502\/revisions"}],"predecessor-version":[{"id":22504,"href":"https:\/\/crees.org.do\/index.php?rest_route=\/wp\/v2\/posts\/22502\/revisions\/22504"}],"wp:featuredmedia":[{"embeddable":true,"href":"https:\/\/crees.org.do\/index.php?rest_route=\/wp\/v2\/media\/22503"}],"wp:attachment":[{"href":"https:\/\/crees.org.do\/index.php?rest_route=%2Fwp%2Fv2%2Fmedia&parent=22502"}],"wp:term":[{"taxonomy":"category","embeddable":true,"href":"https:\/\/crees.org.do\/index.php?rest_route=%2Fwp%2Fv2%2Fcategories&post=22502"},{"taxonomy":"post_tag","embeddable":true,"href":"https:\/\/crees.org.do\/index.php?rest_route=%2Fwp%2Fv2%2Ftags&post=22502"}],"curies":[{"name":"wp","href":"https:\/\/api.w.org\/{rel}","templated":true}]}}