{"id":22505,"date":"2021-12-28T23:40:28","date_gmt":"2021-12-28T23:40:28","guid":{"rendered":"https:\/\/crees.org.do\/?p=22505"},"modified":"2022-01-05T23:41:06","modified_gmt":"2022-01-05T23:41:06","slug":"rd-fue-cuarto-pais-de-al-con-mayor-inflacion-interanual-en-noviembre","status":"publish","type":"post","link":"https:\/\/crees.org.do\/?p=22505","title":{"rendered":"RD fue cuarto pa\u00eds de AL con mayor inflaci\u00f3n interanual en noviembre"},"content":{"rendered":"<p>Autor: Ubaldo Guzm\u00e1n Molina<\/p>\n<p>Fecha: 28 de diciembre del 2021<\/p>\n<p>Extra\u00eddo de: Peri\u00f3dico Hoy<\/p>\n<p style=\"text-align: justify;\">En noviembre pasado, la inflaci\u00f3n interanual, es decir, la variaci\u00f3n del \u00edndice de precios al consumidor (IPC) con respecto a noviembre de 2020 en Rep\u00fablica Dominicana fue de 8.2%, ubic\u00e1ndose como el cuarto pa\u00eds en la regi\u00f3n con mayor incremento interanual en sus precios.<\/p>\n<p style=\"text-align: justify;\">As\u00ed lo establece el Centro Regional de Estrategias Econ\u00f3micas Sostenibles CREES) bas\u00e1ndose en informaciones de la Organizaci\u00f3n para la Cooperaci\u00f3n y el Desarrollo Econ\u00f3mico (OCDE) y los distintos bancos centrales e institutos de estad\u00edstica de la regi\u00f3n.<\/p>\n<p style=\"text-align: justify;\">La Rep\u00fablica Dominicana fue superada solo por Venezuela (769.0%), Argentina (51.2%) y Brasil (10.1%). Le siguen al pa\u00eds Uruguay (7.9%), Paraguay (7.4%), M\u00e9xico (7.4%), Nicaragua (6.2%), El Salvador (6.2%), Per\u00fa (5.7%), Colombia (5.3% y Honduras (5%).<\/p>\n<p style=\"text-align: justify;\">Los pa\u00edses que registraron menores incrementos en los precios fueron cinco: Panam\u00e1 (3.4%), Costa Rica (3.4%), Guatemala (2.9%), Ecuador (1.8%) y Bolivia (1%).<\/p>\n<p style=\"text-align: justify;\">Seg\u00fan el CREES, la inflaci\u00f3n es un fen\u00f3meno de origen monetario y, como tal, refleja los aumentos en los agregados monetarios, o sea, el total de dinero que est\u00e1 circulando en una econom\u00eda.<br \/>\nMientras la variaci\u00f3n del IPC en noviembre fue de 1.08%, seg\u00fan el Banco Central.<br \/>\nLas variaciones del IPC m\u00e1s importantes de este a\u00f1o se registraron en junio y julio, con un 1.70% y 1.88%, respectivamente.<\/p>\n<div class=\"pvc_clear\"><\/div>\n<p class=\"pvc_stats all \" data-element-id=\"22505\" style=\"\"><i class=\"pvc-stats-icon medium\" aria-hidden=\"true\"><svg aria-hidden=\"true\" focusable=\"false\" data-prefix=\"far\" data-icon=\"chart-bar\" role=\"img\" xmlns=\"http:\/\/www.w3.org\/2000\/svg\" viewBox=\"0 0 512 512\" class=\"svg-inline--fa fa-chart-bar fa-w-16 fa-2x\"><path fill=\"currentColor\" d=\"M396.8 352h22.4c6.4 0 12.8-6.4 12.8-12.8V108.8c0-6.4-6.4-12.8-12.8-12.8h-22.4c-6.4 0-12.8 6.4-12.8 12.8v230.4c0 6.4 6.4 12.8 12.8 12.8zm-192 0h22.4c6.4 0 12.8-6.4 12.8-12.8V140.8c0-6.4-6.4-12.8-12.8-12.8h-22.4c-6.4 0-12.8 6.4-12.8 12.8v198.4c0 6.4 6.4 12.8 12.8 12.8zm96 0h22.4c6.4 0 12.8-6.4 12.8-12.8V204.8c0-6.4-6.4-12.8-12.8-12.8h-22.4c-6.4 0-12.8 6.4-12.8 12.8v134.4c0 6.4 6.4 12.8 12.8 12.8zM496 400H48V80c0-8.84-7.16-16-16-16H16C7.16 64 0 71.16 0 80v336c0 17.67 14.33 32 32 32h464c8.84 0 16-7.16 16-16v-16c0-8.84-7.16-16-16-16zm-387.2-48h22.4c6.4 0 12.8-6.4 12.8-12.8v-70.4c0-6.4-6.4-12.8-12.8-12.8h-22.4c-6.4 0-12.8 6.4-12.8 12.8v70.4c0 6.4 6.4 12.8 12.8 12.8z\" class=\"\"><\/path><\/svg><\/i> Vistas Totales&nbsp;1,002&nbsp;<\/p>\n<div class=\"pvc_clear\"><\/div>\n","protected":false},"excerpt":{"rendered":"<p>Autor: Ubaldo Guzm\u00e1n Molina Fecha: 28 de diciembre del 2021 Extra\u00eddo de: Peri\u00f3dico Hoy En noviembre pasado, la inflaci\u00f3n interanual, es decir, la variaci\u00f3n del \u00edndice de precios al consumidor (IPC) con respecto a noviembre de 2020 en Rep\u00fablica Dominicana fue de 8.2%, ubic\u00e1ndose como el cuarto pa\u00eds en la regi\u00f3n con mayor incremento interanual&#8230;<\/p>\n<div class=\"pvc_clear\"><\/div>\n<p class=\"pvc_stats all \" data-element-id=\"22505\" style=\"\"><i class=\"pvc-stats-icon medium\" aria-hidden=\"true\"><svg aria-hidden=\"true\" focusable=\"false\" data-prefix=\"far\" data-icon=\"chart-bar\" role=\"img\" xmlns=\"http:\/\/www.w3.org\/2000\/svg\" viewBox=\"0 0 512 512\" class=\"svg-inline--fa fa-chart-bar fa-w-16 fa-2x\"><path fill=\"currentColor\" d=\"M396.8 352h22.4c6.4 0 12.8-6.4 12.8-12.8V108.8c0-6.4-6.4-12.8-12.8-12.8h-22.4c-6.4 0-12.8 6.4-12.8 12.8v230.4c0 6.4 6.4 12.8 12.8 12.8zm-192 0h22.4c6.4 0 12.8-6.4 12.8-12.8V140.8c0-6.4-6.4-12.8-12.8-12.8h-22.4c-6.4 0-12.8 6.4-12.8 12.8v198.4c0 6.4 6.4 12.8 12.8 12.8zm96 0h22.4c6.4 0 12.8-6.4 12.8-12.8V204.8c0-6.4-6.4-12.8-12.8-12.8h-22.4c-6.4 0-12.8 6.4-12.8 12.8v134.4c0 6.4 6.4 12.8 12.8 12.8zM496 400H48V80c0-8.84-7.16-16-16-16H16C7.16 64 0 71.16 0 80v336c0 17.67 14.33 32 32 32h464c8.84 0 16-7.16 16-16v-16c0-8.84-7.16-16-16-16zm-387.2-48h22.4c6.4 0 12.8-6.4 12.8-12.8v-70.4c0-6.4-6.4-12.8-12.8-12.8h-22.4c-6.4 0-12.8 6.4-12.8 12.8v70.4c0 6.4 6.4 12.8 12.8 12.8z\" class=\"\"><\/path><\/svg><\/i> Vistas Totales&nbsp;1,002&nbsp;<\/p>\n<div class=\"pvc_clear\"><\/div>\n","protected":false},"author":2,"featured_media":22506,"comment_status":"closed","ping_status":"closed","sticky":false,"template":"","format":"standard","meta":{"footnotes":""},"categories":[19],"tags":[],"class_list":["post-22505","post","type-post","status-publish","format-standard","has-post-thumbnail","hentry","category-actualidad"],"yoast_head":"<!-- This site is optimized with the Yoast SEO plugin v25.2 - https:\/\/yoast.com\/wordpress\/plugins\/seo\/ -->\n<title>RD fue cuarto pa\u00eds de AL con mayor inflaci\u00f3n interanual en noviembre | CREES<\/title>\n<meta name=\"robots\" content=\"index, follow, max-snippet:-1, max-image-preview:large, max-video-preview:-1\" \/>\n<link rel=\"canonical\" href=\"https:\/\/crees.org.do\/?p=22505\" \/>\n<meta property=\"og:locale\" content=\"es_ES\" \/>\n<meta property=\"og:type\" content=\"article\" \/>\n<meta property=\"og:title\" content=\"RD fue cuarto pa\u00eds de AL con mayor inflaci\u00f3n interanual en noviembre | CREES\" \/>\n<meta property=\"og:description\" content=\"Autor: Ubaldo Guzm\u00e1n Molina Fecha: 28 de diciembre del 2021 Extra\u00eddo de: Peri\u00f3dico Hoy En noviembre pasado, la inflaci\u00f3n interanual, es decir, la variaci\u00f3n del \u00edndice de precios al consumidor (IPC) con respecto a noviembre de 2020 en Rep\u00fablica Dominicana fue de 8.2%, ubic\u00e1ndose como el cuarto pa\u00eds en la regi\u00f3n con mayor incremento interanual...\" \/>\n<meta property=\"og:url\" content=\"https:\/\/crees.org.do\/?p=22505\" \/>\n<meta property=\"og:site_name\" content=\"CREES\" \/>\n<meta property=\"article:publisher\" content=\"https:\/\/www.facebook.com\/CREESRD\/\" \/>\n<meta property=\"article:published_time\" content=\"2021-12-28T23:40:28+00:00\" \/>\n<meta property=\"article:modified_time\" content=\"2022-01-05T23:41:06+00:00\" \/>\n<meta property=\"og:image\" content=\"https:\/\/crees.org.do\/wp-content\/uploads\/2022\/01\/16_Economia_28_1p01.jpeg\" \/>\n\t<meta property=\"og:image:width\" content=\"816\" \/>\n\t<meta property=\"og:image:height\" content=\"780\" \/>\n\t<meta property=\"og:image:type\" content=\"image\/jpeg\" \/>\n<meta name=\"author\" content=\"Crees\" \/>\n<meta name=\"twitter:card\" content=\"summary_large_image\" \/>\n<meta name=\"twitter:creator\" content=\"@CREESRD\" \/>\n<meta name=\"twitter:site\" content=\"@CREESRD\" \/>\n<meta name=\"twitter:label1\" content=\"Escrito por\" \/>\n\t<meta name=\"twitter:data1\" content=\"Crees\" \/>\n\t<meta name=\"twitter:label2\" content=\"Tiempo de lectura\" \/>\n\t<meta name=\"twitter:data2\" content=\"1 minuto\" \/>\n<script type=\"application\/ld+json\" class=\"yoast-schema-graph\">{\"@context\":\"https:\/\/schema.org\",\"@graph\":[{\"@type\":\"Article\",\"@id\":\"https:\/\/crees.org.do\/?p=22505#article\",\"isPartOf\":{\"@id\":\"https:\/\/crees.org.do\/?p=22505\"},\"author\":{\"name\":\"Crees\",\"@id\":\"https:\/\/crees.org.do\/#\/schema\/person\/e7f97cd94d7bf9cd0e0ce30acb7d56b8\"},\"headline\":\"RD fue cuarto pa\u00eds de AL con mayor inflaci\u00f3n interanual en noviembre\",\"datePublished\":\"2021-12-28T23:40:28+00:00\",\"dateModified\":\"2022-01-05T23:41:06+00:00\",\"mainEntityOfPage\":{\"@id\":\"https:\/\/crees.org.do\/?p=22505\"},\"wordCount\":241,\"publisher\":{\"@id\":\"https:\/\/crees.org.do\/#organization\"},\"image\":{\"@id\":\"https:\/\/crees.org.do\/?p=22505#primaryimage\"},\"thumbnailUrl\":\"https:\/\/crees.org.do\/wp-content\/uploads\/2022\/01\/16_Economia_28_1p01.jpeg\",\"articleSection\":[\"Actualidad\"],\"inLanguage\":\"es\"},{\"@type\":\"WebPage\",\"@id\":\"https:\/\/crees.org.do\/?p=22505\",\"url\":\"https:\/\/crees.org.do\/?p=22505\",\"name\":\"RD fue cuarto pa\u00eds de AL con mayor inflaci\u00f3n interanual en noviembre | CREES\",\"isPartOf\":{\"@id\":\"https:\/\/crees.org.do\/#website\"},\"primaryImageOfPage\":{\"@id\":\"https:\/\/crees.org.do\/?p=22505#primaryimage\"},\"image\":{\"@id\":\"https:\/\/crees.org.do\/?p=22505#primaryimage\"},\"thumbnailUrl\":\"https:\/\/crees.org.do\/wp-content\/uploads\/2022\/01\/16_Economia_28_1p01.jpeg\",\"datePublished\":\"2021-12-28T23:40:28+00:00\",\"dateModified\":\"2022-01-05T23:41:06+00:00\",\"breadcrumb\":{\"@id\":\"https:\/\/crees.org.do\/?p=22505#breadcrumb\"},\"inLanguage\":\"es\",\"potentialAction\":[{\"@type\":\"ReadAction\",\"target\":[\"https:\/\/crees.org.do\/?p=22505\"]}]},{\"@type\":\"ImageObject\",\"inLanguage\":\"es\",\"@id\":\"https:\/\/crees.org.do\/?p=22505#primaryimage\",\"url\":\"https:\/\/crees.org.do\/wp-content\/uploads\/2022\/01\/16_Economia_28_1p01.jpeg\",\"contentUrl\":\"https:\/\/crees.org.do\/wp-content\/uploads\/2022\/01\/16_Economia_28_1p01.jpeg\",\"width\":816,\"height\":780},{\"@type\":\"BreadcrumbList\",\"@id\":\"https:\/\/crees.org.do\/?p=22505#breadcrumb\",\"itemListElement\":[{\"@type\":\"ListItem\",\"position\":1,\"name\":\"Portada\",\"item\":\"https:\/\/crees.org.do\/\"},{\"@type\":\"ListItem\",\"position\":2,\"name\":\"RD fue cuarto pa\u00eds de AL con mayor inflaci\u00f3n interanual en noviembre\"}]},{\"@type\":\"WebSite\",\"@id\":\"https:\/\/crees.org.do\/#website\",\"url\":\"https:\/\/crees.org.do\/\",\"name\":\"CREES\",\"description\":\"Centro Regional de Estrategias Econ\u00f3micas Sostenibles\",\"publisher\":{\"@id\":\"https:\/\/crees.org.do\/#organization\"},\"potentialAction\":[{\"@type\":\"SearchAction\",\"target\":{\"@type\":\"EntryPoint\",\"urlTemplate\":\"https:\/\/crees.org.do\/?s={search_term_string}\"},\"query-input\":{\"@type\":\"PropertyValueSpecification\",\"valueRequired\":true,\"valueName\":\"search_term_string\"}}],\"inLanguage\":\"es\"},{\"@type\":\"Organization\",\"@id\":\"https:\/\/crees.org.do\/#organization\",\"name\":\"CREES | Centro Regional de Estrategias Econ\u00f3micas Sostenibles\",\"url\":\"https:\/\/crees.org.do\/\",\"logo\":{\"@type\":\"ImageObject\",\"inLanguage\":\"es\",\"@id\":\"https:\/\/crees.org.do\/#\/schema\/logo\/image\/\",\"url\":\"https:\/\/crees.org.do\/wp-content\/uploads\/2022\/03\/crees-logo-1.jpg\",\"contentUrl\":\"https:\/\/crees.org.do\/wp-content\/uploads\/2022\/03\/crees-logo-1.jpg\",\"width\":244,\"height\":71,\"caption\":\"CREES | Centro Regional de Estrategias Econ\u00f3micas Sostenibles\"},\"image\":{\"@id\":\"https:\/\/crees.org.do\/#\/schema\/logo\/image\/\"},\"sameAs\":[\"https:\/\/www.facebook.com\/CREESRD\/\",\"https:\/\/x.com\/CREESRD\"]},{\"@type\":\"Person\",\"@id\":\"https:\/\/crees.org.do\/#\/schema\/person\/e7f97cd94d7bf9cd0e0ce30acb7d56b8\",\"name\":\"Crees\",\"image\":{\"@type\":\"ImageObject\",\"inLanguage\":\"es\",\"@id\":\"https:\/\/crees.org.do\/#\/schema\/person\/image\/\",\"url\":\"https:\/\/secure.gravatar.com\/avatar\/390ac8f0be5d9aa046152553e2dd7011b59a512d89c150f5e5f28bb8d9a0b165?s=96&d=mm&r=g\",\"contentUrl\":\"https:\/\/secure.gravatar.com\/avatar\/390ac8f0be5d9aa046152553e2dd7011b59a512d89c150f5e5f28bb8d9a0b165?s=96&d=mm&r=g\",\"caption\":\"Crees\"},\"url\":\"https:\/\/crees.org.do\/?author=2\"}]}<\/script>\n<!-- \/ Yoast SEO plugin. -->","yoast_head_json":{"title":"RD fue cuarto pa\u00eds de AL con mayor inflaci\u00f3n interanual en noviembre | CREES","robots":{"index":"index","follow":"follow","max-snippet":"max-snippet:-1","max-image-preview":"max-image-preview:large","max-video-preview":"max-video-preview:-1"},"canonical":"https:\/\/crees.org.do\/?p=22505","og_locale":"es_ES","og_type":"article","og_title":"RD fue cuarto pa\u00eds de AL con mayor inflaci\u00f3n interanual en noviembre | CREES","og_description":"Autor: Ubaldo Guzm\u00e1n Molina Fecha: 28 de diciembre del 2021 Extra\u00eddo de: Peri\u00f3dico Hoy En noviembre pasado, la inflaci\u00f3n interanual, es decir, la variaci\u00f3n del \u00edndice de precios al consumidor (IPC) con respecto a noviembre de 2020 en Rep\u00fablica Dominicana fue de 8.2%, ubic\u00e1ndose como el cuarto pa\u00eds en la regi\u00f3n con mayor incremento interanual...","og_url":"https:\/\/crees.org.do\/?p=22505","og_site_name":"CREES","article_publisher":"https:\/\/www.facebook.com\/CREESRD\/","article_published_time":"2021-12-28T23:40:28+00:00","article_modified_time":"2022-01-05T23:41:06+00:00","og_image":[{"width":816,"height":780,"url":"https:\/\/crees.org.do\/wp-content\/uploads\/2022\/01\/16_Economia_28_1p01.jpeg","type":"image\/jpeg"}],"author":"Crees","twitter_card":"summary_large_image","twitter_creator":"@CREESRD","twitter_site":"@CREESRD","twitter_misc":{"Escrito por":"Crees","Tiempo de lectura":"1 minuto"},"schema":{"@context":"https:\/\/schema.org","@graph":[{"@type":"Article","@id":"https:\/\/crees.org.do\/?p=22505#article","isPartOf":{"@id":"https:\/\/crees.org.do\/?p=22505"},"author":{"name":"Crees","@id":"https:\/\/crees.org.do\/#\/schema\/person\/e7f97cd94d7bf9cd0e0ce30acb7d56b8"},"headline":"RD fue cuarto pa\u00eds de AL con mayor inflaci\u00f3n interanual en noviembre","datePublished":"2021-12-28T23:40:28+00:00","dateModified":"2022-01-05T23:41:06+00:00","mainEntityOfPage":{"@id":"https:\/\/crees.org.do\/?p=22505"},"wordCount":241,"publisher":{"@id":"https:\/\/crees.org.do\/#organization"},"image":{"@id":"https:\/\/crees.org.do\/?p=22505#primaryimage"},"thumbnailUrl":"https:\/\/crees.org.do\/wp-content\/uploads\/2022\/01\/16_Economia_28_1p01.jpeg","articleSection":["Actualidad"],"inLanguage":"es"},{"@type":"WebPage","@id":"https:\/\/crees.org.do\/?p=22505","url":"https:\/\/crees.org.do\/?p=22505","name":"RD fue cuarto pa\u00eds de AL con mayor inflaci\u00f3n interanual en noviembre | CREES","isPartOf":{"@id":"https:\/\/crees.org.do\/#website"},"primaryImageOfPage":{"@id":"https:\/\/crees.org.do\/?p=22505#primaryimage"},"image":{"@id":"https:\/\/crees.org.do\/?p=22505#primaryimage"},"thumbnailUrl":"https:\/\/crees.org.do\/wp-content\/uploads\/2022\/01\/16_Economia_28_1p01.jpeg","datePublished":"2021-12-28T23:40:28+00:00","dateModified":"2022-01-05T23:41:06+00:00","breadcrumb":{"@id":"https:\/\/crees.org.do\/?p=22505#breadcrumb"},"inLanguage":"es","potentialAction":[{"@type":"ReadAction","target":["https:\/\/crees.org.do\/?p=22505"]}]},{"@type":"ImageObject","inLanguage":"es","@id":"https:\/\/crees.org.do\/?p=22505#primaryimage","url":"https:\/\/crees.org.do\/wp-content\/uploads\/2022\/01\/16_Economia_28_1p01.jpeg","contentUrl":"https:\/\/crees.org.do\/wp-content\/uploads\/2022\/01\/16_Economia_28_1p01.jpeg","width":816,"height":780},{"@type":"BreadcrumbList","@id":"https:\/\/crees.org.do\/?p=22505#breadcrumb","itemListElement":[{"@type":"ListItem","position":1,"name":"Portada","item":"https:\/\/crees.org.do\/"},{"@type":"ListItem","position":2,"name":"RD fue cuarto pa\u00eds de AL con mayor inflaci\u00f3n interanual en noviembre"}]},{"@type":"WebSite","@id":"https:\/\/crees.org.do\/#website","url":"https:\/\/crees.org.do\/","name":"CREES","description":"Centro Regional de Estrategias Econ\u00f3micas Sostenibles","publisher":{"@id":"https:\/\/crees.org.do\/#organization"},"potentialAction":[{"@type":"SearchAction","target":{"@type":"EntryPoint","urlTemplate":"https:\/\/crees.org.do\/?s={search_term_string}"},"query-input":{"@type":"PropertyValueSpecification","valueRequired":true,"valueName":"search_term_string"}}],"inLanguage":"es"},{"@type":"Organization","@id":"https:\/\/crees.org.do\/#organization","name":"CREES | Centro Regional de Estrategias Econ\u00f3micas Sostenibles","url":"https:\/\/crees.org.do\/","logo":{"@type":"ImageObject","inLanguage":"es","@id":"https:\/\/crees.org.do\/#\/schema\/logo\/image\/","url":"https:\/\/crees.org.do\/wp-content\/uploads\/2022\/03\/crees-logo-1.jpg","contentUrl":"https:\/\/crees.org.do\/wp-content\/uploads\/2022\/03\/crees-logo-1.jpg","width":244,"height":71,"caption":"CREES | Centro Regional de Estrategias Econ\u00f3micas Sostenibles"},"image":{"@id":"https:\/\/crees.org.do\/#\/schema\/logo\/image\/"},"sameAs":["https:\/\/www.facebook.com\/CREESRD\/","https:\/\/x.com\/CREESRD"]},{"@type":"Person","@id":"https:\/\/crees.org.do\/#\/schema\/person\/e7f97cd94d7bf9cd0e0ce30acb7d56b8","name":"Crees","image":{"@type":"ImageObject","inLanguage":"es","@id":"https:\/\/crees.org.do\/#\/schema\/person\/image\/","url":"https:\/\/secure.gravatar.com\/avatar\/390ac8f0be5d9aa046152553e2dd7011b59a512d89c150f5e5f28bb8d9a0b165?s=96&d=mm&r=g","contentUrl":"https:\/\/secure.gravatar.com\/avatar\/390ac8f0be5d9aa046152553e2dd7011b59a512d89c150f5e5f28bb8d9a0b165?s=96&d=mm&r=g","caption":"Crees"},"url":"https:\/\/crees.org.do\/?author=2"}]}},"_links":{"self":[{"href":"https:\/\/crees.org.do\/index.php?rest_route=\/wp\/v2\/posts\/22505","targetHints":{"allow":["GET"]}}],"collection":[{"href":"https:\/\/crees.org.do\/index.php?rest_route=\/wp\/v2\/posts"}],"about":[{"href":"https:\/\/crees.org.do\/index.php?rest_route=\/wp\/v2\/types\/post"}],"author":[{"embeddable":true,"href":"https:\/\/crees.org.do\/index.php?rest_route=\/wp\/v2\/users\/2"}],"replies":[{"embeddable":true,"href":"https:\/\/crees.org.do\/index.php?rest_route=%2Fwp%2Fv2%2Fcomments&post=22505"}],"version-history":[{"count":1,"href":"https:\/\/crees.org.do\/index.php?rest_route=\/wp\/v2\/posts\/22505\/revisions"}],"predecessor-version":[{"id":22507,"href":"https:\/\/crees.org.do\/index.php?rest_route=\/wp\/v2\/posts\/22505\/revisions\/22507"}],"wp:featuredmedia":[{"embeddable":true,"href":"https:\/\/crees.org.do\/index.php?rest_route=\/wp\/v2\/media\/22506"}],"wp:attachment":[{"href":"https:\/\/crees.org.do\/index.php?rest_route=%2Fwp%2Fv2%2Fmedia&parent=22505"}],"wp:term":[{"taxonomy":"category","embeddable":true,"href":"https:\/\/crees.org.do\/index.php?rest_route=%2Fwp%2Fv2%2Fcategories&post=22505"},{"taxonomy":"post_tag","embeddable":true,"href":"https:\/\/crees.org.do\/index.php?rest_route=%2Fwp%2Fv2%2Ftags&post=22505"}],"curies":[{"name":"wp","href":"https:\/\/api.w.org\/{rel}","templated":true}]}}