{"id":22536,"date":"2022-01-19T16:55:34","date_gmt":"2022-01-19T16:55:34","guid":{"rendered":"https:\/\/crees.org.do\/?p=22536"},"modified":"2022-01-19T16:56:19","modified_gmt":"2022-01-19T16:56:19","slug":"en-el-2021-las-horas-trabajadas-en-republica-dominicana-estuvieron-un-7-8-por-debajo-de-los-niveles-previos-a-la-pandemia","status":"publish","type":"post","link":"https:\/\/crees.org.do\/?p=22536","title":{"rendered":"En el 2021 las horas trabajadas en Rep\u00fablica Dominicana estuvieron un 7.8% por debajo de los niveles previos a la pandemia"},"content":{"rendered":"<p style=\"text-align: justify;\">La pandemia de COVID-19 ha impactado la productividad, los trabajadores y las empresas a nivel mundial. Gracias a la reactivaci\u00f3n de la actividad econ\u00f3mica, el levantamiento de medidas de restricci\u00f3n de movilidad y los avances en la vacunaci\u00f3n en el 2021 el n\u00famero de horas trabajadas a nivel mundial fue superior que el de 2020, sin embargo a\u00fan estamos debajo de los niveles prepand\u00e9micos.<\/p>\n<p style=\"text-align: justify;\">De acuerdo con las estimaciones de la Organizaci\u00f3n Internacional del Trabajo (OIT), en el 2021 las horas trabajadas en Rep\u00fablica Dominicana estuvieron un 7.8% por debajo de los niveles previos a la pandemia. Esto significa unos 6.9 puntos porcentuales menos que la p\u00e9rdida de horas trabajadas estimada para 2020 (-14.7%).<\/p>\n<p style=\"text-align: justify;\">En 2021 el porcentaje de p\u00e9rdida de horas de trabajo en Rep\u00fablica Dominicana super\u00f3 promedio de la regi\u00f3n (-5.7%) por 2.1 puntos porcentuales. Per\u00fa y Costa Rica lideraron la lista entre los pa\u00edses de la regi\u00f3n con mayor p\u00e9rdida de horas de trabajo; mientras que Bolivia y Uruguay son los \u00fanicos pa\u00edses de la regi\u00f3n en donde aumentaron las horas trabajadas, en comparaci\u00f3n al valor de referencia.<\/p>\n<p style=\"text-align: justify;\">El indicador mostrado en la gr\u00e1fica representa el porcentaje de horas perdidas en comparaci\u00f3n con un valor de referencia del \u00faltimo trimestre anterior a la pandemia, es decir, el cuarto trimestre de 2019. Entre las informaciones que emplea la OIT para sus estimaciones se encuentran: datos de la poblaci\u00f3n econ\u00f3micamente activa, datos administrativos sobre el mercado laboral como el desempleo, datos sobre la movilidad de las personas, el \u00edndice de rigor de respuesta gubernamental al COVID-19 de Oxford y datos sobre la incidencia del COVID-19.<\/p>\n<p style=\"text-align: justify;\">Cabe agregar que, a nivel mundial la OIT estima que las horas trabajadas en 2021 estuvieron un 4.3% por debajo de los niveles previos a la pandemia.<\/p>\n<div class=\"pvc_clear\"><\/div>\n<p class=\"pvc_stats all \" data-element-id=\"22536\" style=\"\"><i class=\"pvc-stats-icon medium\" aria-hidden=\"true\"><svg aria-hidden=\"true\" focusable=\"false\" data-prefix=\"far\" data-icon=\"chart-bar\" role=\"img\" xmlns=\"http:\/\/www.w3.org\/2000\/svg\" viewBox=\"0 0 512 512\" class=\"svg-inline--fa fa-chart-bar fa-w-16 fa-2x\"><path fill=\"currentColor\" d=\"M396.8 352h22.4c6.4 0 12.8-6.4 12.8-12.8V108.8c0-6.4-6.4-12.8-12.8-12.8h-22.4c-6.4 0-12.8 6.4-12.8 12.8v230.4c0 6.4 6.4 12.8 12.8 12.8zm-192 0h22.4c6.4 0 12.8-6.4 12.8-12.8V140.8c0-6.4-6.4-12.8-12.8-12.8h-22.4c-6.4 0-12.8 6.4-12.8 12.8v198.4c0 6.4 6.4 12.8 12.8 12.8zm96 0h22.4c6.4 0 12.8-6.4 12.8-12.8V204.8c0-6.4-6.4-12.8-12.8-12.8h-22.4c-6.4 0-12.8 6.4-12.8 12.8v134.4c0 6.4 6.4 12.8 12.8 12.8zM496 400H48V80c0-8.84-7.16-16-16-16H16C7.16 64 0 71.16 0 80v336c0 17.67 14.33 32 32 32h464c8.84 0 16-7.16 16-16v-16c0-8.84-7.16-16-16-16zm-387.2-48h22.4c6.4 0 12.8-6.4 12.8-12.8v-70.4c0-6.4-6.4-12.8-12.8-12.8h-22.4c-6.4 0-12.8 6.4-12.8 12.8v70.4c0 6.4 6.4 12.8 12.8 12.8z\" class=\"\"><\/path><\/svg><\/i> Vistas Totales&nbsp;1,105&nbsp;, Vistas Hoy&nbsp;2&nbsp;<\/p>\n<div class=\"pvc_clear\"><\/div>\n","protected":false},"excerpt":{"rendered":"<p>La pandemia de COVID-19 ha impactado la productividad, los trabajadores y las empresas a nivel mundial. Gracias a la reactivaci\u00f3n de la actividad econ\u00f3mica, el levantamiento de medidas de restricci\u00f3n de movilidad y los avances en la vacunaci\u00f3n en el 2021 el n\u00famero de horas trabajadas a nivel mundial fue superior que el de 2020,&#8230;<\/p>\n<div class=\"pvc_clear\"><\/div>\n<p class=\"pvc_stats all \" data-element-id=\"22536\" style=\"\"><i class=\"pvc-stats-icon medium\" aria-hidden=\"true\"><svg aria-hidden=\"true\" focusable=\"false\" data-prefix=\"far\" data-icon=\"chart-bar\" role=\"img\" xmlns=\"http:\/\/www.w3.org\/2000\/svg\" viewBox=\"0 0 512 512\" class=\"svg-inline--fa fa-chart-bar fa-w-16 fa-2x\"><path fill=\"currentColor\" d=\"M396.8 352h22.4c6.4 0 12.8-6.4 12.8-12.8V108.8c0-6.4-6.4-12.8-12.8-12.8h-22.4c-6.4 0-12.8 6.4-12.8 12.8v230.4c0 6.4 6.4 12.8 12.8 12.8zm-192 0h22.4c6.4 0 12.8-6.4 12.8-12.8V140.8c0-6.4-6.4-12.8-12.8-12.8h-22.4c-6.4 0-12.8 6.4-12.8 12.8v198.4c0 6.4 6.4 12.8 12.8 12.8zm96 0h22.4c6.4 0 12.8-6.4 12.8-12.8V204.8c0-6.4-6.4-12.8-12.8-12.8h-22.4c-6.4 0-12.8 6.4-12.8 12.8v134.4c0 6.4 6.4 12.8 12.8 12.8zM496 400H48V80c0-8.84-7.16-16-16-16H16C7.16 64 0 71.16 0 80v336c0 17.67 14.33 32 32 32h464c8.84 0 16-7.16 16-16v-16c0-8.84-7.16-16-16-16zm-387.2-48h22.4c6.4 0 12.8-6.4 12.8-12.8v-70.4c0-6.4-6.4-12.8-12.8-12.8h-22.4c-6.4 0-12.8 6.4-12.8 12.8v70.4c0 6.4 6.4 12.8 12.8 12.8z\" class=\"\"><\/path><\/svg><\/i> Vistas Totales&nbsp;1,105&nbsp;, Vistas Hoy&nbsp;2&nbsp;<\/p>\n<div class=\"pvc_clear\"><\/div>\n","protected":false},"author":2,"featured_media":22537,"comment_status":"closed","ping_status":"closed","sticky":false,"template":"","format":"standard","meta":{"footnotes":""},"categories":[21],"tags":[],"class_list":["post-22536","post","type-post","status-publish","format-standard","has-post-thumbnail","hentry","category-blog"],"yoast_head":"<!-- This site is optimized with the Yoast SEO plugin v25.2 - https:\/\/yoast.com\/wordpress\/plugins\/seo\/ -->\n<title>En el 2021 las horas trabajadas en Rep\u00fablica Dominicana estuvieron un 7.8% por debajo de los niveles previos a la pandemia | CREES<\/title>\n<meta name=\"robots\" content=\"index, follow, max-snippet:-1, max-image-preview:large, max-video-preview:-1\" \/>\n<link rel=\"canonical\" href=\"https:\/\/crees.org.do\/?p=22536\" \/>\n<meta property=\"og:locale\" content=\"es_ES\" \/>\n<meta property=\"og:type\" content=\"article\" \/>\n<meta property=\"og:title\" content=\"En el 2021 las horas trabajadas en Rep\u00fablica Dominicana estuvieron un 7.8% por debajo de los niveles previos a la pandemia | CREES\" \/>\n<meta property=\"og:description\" content=\"La pandemia de COVID-19 ha impactado la productividad, los trabajadores y las empresas a nivel mundial. Gracias a la reactivaci\u00f3n de la actividad econ\u00f3mica, el levantamiento de medidas de restricci\u00f3n de movilidad y los avances en la vacunaci\u00f3n en el 2021 el n\u00famero de horas trabajadas a nivel mundial fue superior que el de 2020,...\" \/>\n<meta property=\"og:url\" content=\"https:\/\/crees.org.do\/?p=22536\" \/>\n<meta property=\"og:site_name\" content=\"CREES\" \/>\n<meta property=\"article:publisher\" content=\"https:\/\/www.facebook.com\/CREESRD\/\" \/>\n<meta property=\"article:published_time\" content=\"2022-01-19T16:55:34+00:00\" \/>\n<meta property=\"article:modified_time\" content=\"2022-01-19T16:56:19+00:00\" \/>\n<meta property=\"og:image\" content=\"https:\/\/crees.org.do\/wp-content\/uploads\/2022\/01\/Slide-1-copy-2-2.png\" \/>\n\t<meta property=\"og:image:width\" content=\"1080\" \/>\n\t<meta property=\"og:image:height\" content=\"1080\" \/>\n\t<meta property=\"og:image:type\" content=\"image\/png\" \/>\n<meta name=\"author\" content=\"Crees\" \/>\n<meta name=\"twitter:card\" content=\"summary_large_image\" \/>\n<meta name=\"twitter:creator\" content=\"@CREESRD\" \/>\n<meta name=\"twitter:site\" content=\"@CREESRD\" \/>\n<meta name=\"twitter:label1\" content=\"Escrito por\" \/>\n\t<meta name=\"twitter:data1\" content=\"Crees\" \/>\n\t<meta name=\"twitter:label2\" content=\"Tiempo de lectura\" \/>\n\t<meta name=\"twitter:data2\" content=\"2 minutos\" \/>\n<script type=\"application\/ld+json\" class=\"yoast-schema-graph\">{\"@context\":\"https:\/\/schema.org\",\"@graph\":[{\"@type\":\"Article\",\"@id\":\"https:\/\/crees.org.do\/?p=22536#article\",\"isPartOf\":{\"@id\":\"https:\/\/crees.org.do\/?p=22536\"},\"author\":{\"name\":\"Crees\",\"@id\":\"https:\/\/crees.org.do\/#\/schema\/person\/e7f97cd94d7bf9cd0e0ce30acb7d56b8\"},\"headline\":\"En el 2021 las horas trabajadas en Rep\u00fablica Dominicana estuvieron un 7.8% por debajo de los niveles previos a la pandemia\",\"datePublished\":\"2022-01-19T16:55:34+00:00\",\"dateModified\":\"2022-01-19T16:56:19+00:00\",\"mainEntityOfPage\":{\"@id\":\"https:\/\/crees.org.do\/?p=22536\"},\"wordCount\":325,\"publisher\":{\"@id\":\"https:\/\/crees.org.do\/#organization\"},\"image\":{\"@id\":\"https:\/\/crees.org.do\/?p=22536#primaryimage\"},\"thumbnailUrl\":\"https:\/\/crees.org.do\/wp-content\/uploads\/2022\/01\/Slide-1-copy-2-2.png\",\"articleSection\":[\"Blog\"],\"inLanguage\":\"es\"},{\"@type\":\"WebPage\",\"@id\":\"https:\/\/crees.org.do\/?p=22536\",\"url\":\"https:\/\/crees.org.do\/?p=22536\",\"name\":\"En el 2021 las horas trabajadas en Rep\u00fablica Dominicana estuvieron un 7.8% por debajo de los niveles previos a la pandemia | CREES\",\"isPartOf\":{\"@id\":\"https:\/\/crees.org.do\/#website\"},\"primaryImageOfPage\":{\"@id\":\"https:\/\/crees.org.do\/?p=22536#primaryimage\"},\"image\":{\"@id\":\"https:\/\/crees.org.do\/?p=22536#primaryimage\"},\"thumbnailUrl\":\"https:\/\/crees.org.do\/wp-content\/uploads\/2022\/01\/Slide-1-copy-2-2.png\",\"datePublished\":\"2022-01-19T16:55:34+00:00\",\"dateModified\":\"2022-01-19T16:56:19+00:00\",\"breadcrumb\":{\"@id\":\"https:\/\/crees.org.do\/?p=22536#breadcrumb\"},\"inLanguage\":\"es\",\"potentialAction\":[{\"@type\":\"ReadAction\",\"target\":[\"https:\/\/crees.org.do\/?p=22536\"]}]},{\"@type\":\"ImageObject\",\"inLanguage\":\"es\",\"@id\":\"https:\/\/crees.org.do\/?p=22536#primaryimage\",\"url\":\"https:\/\/crees.org.do\/wp-content\/uploads\/2022\/01\/Slide-1-copy-2-2.png\",\"contentUrl\":\"https:\/\/crees.org.do\/wp-content\/uploads\/2022\/01\/Slide-1-copy-2-2.png\",\"width\":1080,\"height\":1080},{\"@type\":\"BreadcrumbList\",\"@id\":\"https:\/\/crees.org.do\/?p=22536#breadcrumb\",\"itemListElement\":[{\"@type\":\"ListItem\",\"position\":1,\"name\":\"Portada\",\"item\":\"https:\/\/crees.org.do\/\"},{\"@type\":\"ListItem\",\"position\":2,\"name\":\"En el 2021 las horas trabajadas en Rep\u00fablica Dominicana estuvieron un 7.8% por debajo de los niveles previos a la pandemia\"}]},{\"@type\":\"WebSite\",\"@id\":\"https:\/\/crees.org.do\/#website\",\"url\":\"https:\/\/crees.org.do\/\",\"name\":\"CREES\",\"description\":\"Centro Regional de Estrategias Econ\u00f3micas Sostenibles\",\"publisher\":{\"@id\":\"https:\/\/crees.org.do\/#organization\"},\"potentialAction\":[{\"@type\":\"SearchAction\",\"target\":{\"@type\":\"EntryPoint\",\"urlTemplate\":\"https:\/\/crees.org.do\/?s={search_term_string}\"},\"query-input\":{\"@type\":\"PropertyValueSpecification\",\"valueRequired\":true,\"valueName\":\"search_term_string\"}}],\"inLanguage\":\"es\"},{\"@type\":\"Organization\",\"@id\":\"https:\/\/crees.org.do\/#organization\",\"name\":\"CREES | Centro Regional de Estrategias Econ\u00f3micas Sostenibles\",\"url\":\"https:\/\/crees.org.do\/\",\"logo\":{\"@type\":\"ImageObject\",\"inLanguage\":\"es\",\"@id\":\"https:\/\/crees.org.do\/#\/schema\/logo\/image\/\",\"url\":\"https:\/\/crees.org.do\/wp-content\/uploads\/2022\/03\/crees-logo-1.jpg\",\"contentUrl\":\"https:\/\/crees.org.do\/wp-content\/uploads\/2022\/03\/crees-logo-1.jpg\",\"width\":244,\"height\":71,\"caption\":\"CREES | Centro Regional de Estrategias Econ\u00f3micas Sostenibles\"},\"image\":{\"@id\":\"https:\/\/crees.org.do\/#\/schema\/logo\/image\/\"},\"sameAs\":[\"https:\/\/www.facebook.com\/CREESRD\/\",\"https:\/\/x.com\/CREESRD\"]},{\"@type\":\"Person\",\"@id\":\"https:\/\/crees.org.do\/#\/schema\/person\/e7f97cd94d7bf9cd0e0ce30acb7d56b8\",\"name\":\"Crees\",\"image\":{\"@type\":\"ImageObject\",\"inLanguage\":\"es\",\"@id\":\"https:\/\/crees.org.do\/#\/schema\/person\/image\/\",\"url\":\"https:\/\/secure.gravatar.com\/avatar\/390ac8f0be5d9aa046152553e2dd7011b59a512d89c150f5e5f28bb8d9a0b165?s=96&d=mm&r=g\",\"contentUrl\":\"https:\/\/secure.gravatar.com\/avatar\/390ac8f0be5d9aa046152553e2dd7011b59a512d89c150f5e5f28bb8d9a0b165?s=96&d=mm&r=g\",\"caption\":\"Crees\"},\"url\":\"https:\/\/crees.org.do\/?author=2\"}]}<\/script>\n<!-- \/ Yoast SEO plugin. -->","yoast_head_json":{"title":"En el 2021 las horas trabajadas en Rep\u00fablica Dominicana estuvieron un 7.8% por debajo de los niveles previos a la pandemia | CREES","robots":{"index":"index","follow":"follow","max-snippet":"max-snippet:-1","max-image-preview":"max-image-preview:large","max-video-preview":"max-video-preview:-1"},"canonical":"https:\/\/crees.org.do\/?p=22536","og_locale":"es_ES","og_type":"article","og_title":"En el 2021 las horas trabajadas en Rep\u00fablica Dominicana estuvieron un 7.8% por debajo de los niveles previos a la pandemia | CREES","og_description":"La pandemia de COVID-19 ha impactado la productividad, los trabajadores y las empresas a nivel mundial. Gracias a la reactivaci\u00f3n de la actividad econ\u00f3mica, el levantamiento de medidas de restricci\u00f3n de movilidad y los avances en la vacunaci\u00f3n en el 2021 el n\u00famero de horas trabajadas a nivel mundial fue superior que el de 2020,...","og_url":"https:\/\/crees.org.do\/?p=22536","og_site_name":"CREES","article_publisher":"https:\/\/www.facebook.com\/CREESRD\/","article_published_time":"2022-01-19T16:55:34+00:00","article_modified_time":"2022-01-19T16:56:19+00:00","og_image":[{"width":1080,"height":1080,"url":"https:\/\/crees.org.do\/wp-content\/uploads\/2022\/01\/Slide-1-copy-2-2.png","type":"image\/png"}],"author":"Crees","twitter_card":"summary_large_image","twitter_creator":"@CREESRD","twitter_site":"@CREESRD","twitter_misc":{"Escrito por":"Crees","Tiempo de lectura":"2 minutos"},"schema":{"@context":"https:\/\/schema.org","@graph":[{"@type":"Article","@id":"https:\/\/crees.org.do\/?p=22536#article","isPartOf":{"@id":"https:\/\/crees.org.do\/?p=22536"},"author":{"name":"Crees","@id":"https:\/\/crees.org.do\/#\/schema\/person\/e7f97cd94d7bf9cd0e0ce30acb7d56b8"},"headline":"En el 2021 las horas trabajadas en Rep\u00fablica Dominicana estuvieron un 7.8% por debajo de los niveles previos a la pandemia","datePublished":"2022-01-19T16:55:34+00:00","dateModified":"2022-01-19T16:56:19+00:00","mainEntityOfPage":{"@id":"https:\/\/crees.org.do\/?p=22536"},"wordCount":325,"publisher":{"@id":"https:\/\/crees.org.do\/#organization"},"image":{"@id":"https:\/\/crees.org.do\/?p=22536#primaryimage"},"thumbnailUrl":"https:\/\/crees.org.do\/wp-content\/uploads\/2022\/01\/Slide-1-copy-2-2.png","articleSection":["Blog"],"inLanguage":"es"},{"@type":"WebPage","@id":"https:\/\/crees.org.do\/?p=22536","url":"https:\/\/crees.org.do\/?p=22536","name":"En el 2021 las horas trabajadas en Rep\u00fablica Dominicana estuvieron un 7.8% por debajo de los niveles previos a la pandemia | CREES","isPartOf":{"@id":"https:\/\/crees.org.do\/#website"},"primaryImageOfPage":{"@id":"https:\/\/crees.org.do\/?p=22536#primaryimage"},"image":{"@id":"https:\/\/crees.org.do\/?p=22536#primaryimage"},"thumbnailUrl":"https:\/\/crees.org.do\/wp-content\/uploads\/2022\/01\/Slide-1-copy-2-2.png","datePublished":"2022-01-19T16:55:34+00:00","dateModified":"2022-01-19T16:56:19+00:00","breadcrumb":{"@id":"https:\/\/crees.org.do\/?p=22536#breadcrumb"},"inLanguage":"es","potentialAction":[{"@type":"ReadAction","target":["https:\/\/crees.org.do\/?p=22536"]}]},{"@type":"ImageObject","inLanguage":"es","@id":"https:\/\/crees.org.do\/?p=22536#primaryimage","url":"https:\/\/crees.org.do\/wp-content\/uploads\/2022\/01\/Slide-1-copy-2-2.png","contentUrl":"https:\/\/crees.org.do\/wp-content\/uploads\/2022\/01\/Slide-1-copy-2-2.png","width":1080,"height":1080},{"@type":"BreadcrumbList","@id":"https:\/\/crees.org.do\/?p=22536#breadcrumb","itemListElement":[{"@type":"ListItem","position":1,"name":"Portada","item":"https:\/\/crees.org.do\/"},{"@type":"ListItem","position":2,"name":"En el 2021 las horas trabajadas en Rep\u00fablica Dominicana estuvieron un 7.8% por debajo de los niveles previos a la pandemia"}]},{"@type":"WebSite","@id":"https:\/\/crees.org.do\/#website","url":"https:\/\/crees.org.do\/","name":"CREES","description":"Centro Regional de Estrategias Econ\u00f3micas Sostenibles","publisher":{"@id":"https:\/\/crees.org.do\/#organization"},"potentialAction":[{"@type":"SearchAction","target":{"@type":"EntryPoint","urlTemplate":"https:\/\/crees.org.do\/?s={search_term_string}"},"query-input":{"@type":"PropertyValueSpecification","valueRequired":true,"valueName":"search_term_string"}}],"inLanguage":"es"},{"@type":"Organization","@id":"https:\/\/crees.org.do\/#organization","name":"CREES | Centro Regional de Estrategias Econ\u00f3micas Sostenibles","url":"https:\/\/crees.org.do\/","logo":{"@type":"ImageObject","inLanguage":"es","@id":"https:\/\/crees.org.do\/#\/schema\/logo\/image\/","url":"https:\/\/crees.org.do\/wp-content\/uploads\/2022\/03\/crees-logo-1.jpg","contentUrl":"https:\/\/crees.org.do\/wp-content\/uploads\/2022\/03\/crees-logo-1.jpg","width":244,"height":71,"caption":"CREES | Centro Regional de Estrategias Econ\u00f3micas Sostenibles"},"image":{"@id":"https:\/\/crees.org.do\/#\/schema\/logo\/image\/"},"sameAs":["https:\/\/www.facebook.com\/CREESRD\/","https:\/\/x.com\/CREESRD"]},{"@type":"Person","@id":"https:\/\/crees.org.do\/#\/schema\/person\/e7f97cd94d7bf9cd0e0ce30acb7d56b8","name":"Crees","image":{"@type":"ImageObject","inLanguage":"es","@id":"https:\/\/crees.org.do\/#\/schema\/person\/image\/","url":"https:\/\/secure.gravatar.com\/avatar\/390ac8f0be5d9aa046152553e2dd7011b59a512d89c150f5e5f28bb8d9a0b165?s=96&d=mm&r=g","contentUrl":"https:\/\/secure.gravatar.com\/avatar\/390ac8f0be5d9aa046152553e2dd7011b59a512d89c150f5e5f28bb8d9a0b165?s=96&d=mm&r=g","caption":"Crees"},"url":"https:\/\/crees.org.do\/?author=2"}]}},"_links":{"self":[{"href":"https:\/\/crees.org.do\/index.php?rest_route=\/wp\/v2\/posts\/22536","targetHints":{"allow":["GET"]}}],"collection":[{"href":"https:\/\/crees.org.do\/index.php?rest_route=\/wp\/v2\/posts"}],"about":[{"href":"https:\/\/crees.org.do\/index.php?rest_route=\/wp\/v2\/types\/post"}],"author":[{"embeddable":true,"href":"https:\/\/crees.org.do\/index.php?rest_route=\/wp\/v2\/users\/2"}],"replies":[{"embeddable":true,"href":"https:\/\/crees.org.do\/index.php?rest_route=%2Fwp%2Fv2%2Fcomments&post=22536"}],"version-history":[{"count":2,"href":"https:\/\/crees.org.do\/index.php?rest_route=\/wp\/v2\/posts\/22536\/revisions"}],"predecessor-version":[{"id":22539,"href":"https:\/\/crees.org.do\/index.php?rest_route=\/wp\/v2\/posts\/22536\/revisions\/22539"}],"wp:featuredmedia":[{"embeddable":true,"href":"https:\/\/crees.org.do\/index.php?rest_route=\/wp\/v2\/media\/22537"}],"wp:attachment":[{"href":"https:\/\/crees.org.do\/index.php?rest_route=%2Fwp%2Fv2%2Fmedia&parent=22536"}],"wp:term":[{"taxonomy":"category","embeddable":true,"href":"https:\/\/crees.org.do\/index.php?rest_route=%2Fwp%2Fv2%2Fcategories&post=22536"},{"taxonomy":"post_tag","embeddable":true,"href":"https:\/\/crees.org.do\/index.php?rest_route=%2Fwp%2Fv2%2Ftags&post=22536"}],"curies":[{"name":"wp","href":"https:\/\/api.w.org\/{rel}","templated":true}]}}