{"id":22607,"date":"2022-02-02T19:48:42","date_gmt":"2022-02-02T19:48:42","guid":{"rendered":"https:\/\/crees.org.do\/?p=22607"},"modified":"2022-02-02T19:48:42","modified_gmt":"2022-02-02T19:48:42","slug":"indicadores-del-turismo-en-republica-dominicana-en-el-ano-2021","status":"publish","type":"post","link":"https:\/\/crees.org.do\/?p=22607","title":{"rendered":"Indicadores del turismo en Rep\u00fablica Dominicana en el a\u00f1o 2021"},"content":{"rendered":"<p style=\"text-align: justify;\">En el a\u00f1o 2021, como consecuencia del levantamiento de las medidas de restricci\u00f3n de movilidad, los avances en la inmunizaci\u00f3n de la poblaci\u00f3n, los cambios en las preferencias de viaje de las personas y las medidas adoptadas por las autoridades dominicanas para impulsar la atracci\u00f3n de personas, la industria tur\u00edstica dominicana inici\u00f3 su recuperaci\u00f3n.<\/p>\n<p style=\"text-align: justify;\">De acuerdo con los datos del Banco Central de la Rep\u00fablica Dominicana (BCRD), en el a\u00f1o 2021 la llegada acumulada de pasajeros no residentes, es decir, tanto extranjeros como dominicanos que ingresaron al pa\u00eds por los diferentes aeropuertos internacionales fue de 4,994,309. Esta cifra significa una diferencia de 2,588,994 visitantes m\u00e1s con respecto al mismo periodo del 2020 y una diferencia de 1,451,727 menos con respecto al mismo periodo del 2019.<\/p>\n<p style=\"text-align: justify;\">La llegada acumulada de visitantes dominicanos no residentes fue de 1,339,092, lo que equivale a unos 632,971 visitantes m\u00e1s que en el mismo periodo del a\u00f1o 2020 y unos 250,675 visitantes m\u00e1s que en el a\u00f1o 2019.<\/p>\n<p style=\"text-align: justify;\">En cuanto a los extranjeros no residentes la llegada fue de 3,655,217, que equivalen a unos 1,956,023 turistas m\u00e1s que en el mismo periodo del a\u00f1o 2020 y 1,702,402 viajeros menos que en el a\u00f1o 2019. En particular, la llegada acumulada de turistas estadounidenses \u2013que representaron un 45.3% del total de visitantes extranjeros en 2021\u2013 ascendi\u00f3 a 1,655,324; un incremento de 170.3% con respecto al mismo periodo del a\u00f1o 2020, lo que equivale a unos 1,042,891 visitantes m\u00e1s.<\/p>\n<p style=\"text-align: justify;\">En 2021 la tasa promedio de ocupaci\u00f3n en establecimientos de alojamientos tur\u00edsticos fue de 51.0%, un aumento de 10.5 puntos porcentuales en comparaci\u00f3n con la tasa promedio de 2020 y una disminuci\u00f3n de 20.6 puntos porcentuales en comparaci\u00f3n con la tasa de 2019. Cabe mencionar que, conforme a las disposiciones de las autoridades, a partir del 16 agosto de 2021 los establecimientos de alojamiento estuvieron autorizados a ocupar el 100% de su capacidad para recibir hu\u00e9spedes y clientes.<\/p>\n<div class=\"pvc_clear\"><\/div>\n<p class=\"pvc_stats all \" data-element-id=\"22607\" style=\"\"><i class=\"pvc-stats-icon medium\" aria-hidden=\"true\"><svg aria-hidden=\"true\" focusable=\"false\" data-prefix=\"far\" data-icon=\"chart-bar\" role=\"img\" xmlns=\"http:\/\/www.w3.org\/2000\/svg\" viewBox=\"0 0 512 512\" class=\"svg-inline--fa fa-chart-bar fa-w-16 fa-2x\"><path fill=\"currentColor\" d=\"M396.8 352h22.4c6.4 0 12.8-6.4 12.8-12.8V108.8c0-6.4-6.4-12.8-12.8-12.8h-22.4c-6.4 0-12.8 6.4-12.8 12.8v230.4c0 6.4 6.4 12.8 12.8 12.8zm-192 0h22.4c6.4 0 12.8-6.4 12.8-12.8V140.8c0-6.4-6.4-12.8-12.8-12.8h-22.4c-6.4 0-12.8 6.4-12.8 12.8v198.4c0 6.4 6.4 12.8 12.8 12.8zm96 0h22.4c6.4 0 12.8-6.4 12.8-12.8V204.8c0-6.4-6.4-12.8-12.8-12.8h-22.4c-6.4 0-12.8 6.4-12.8 12.8v134.4c0 6.4 6.4 12.8 12.8 12.8zM496 400H48V80c0-8.84-7.16-16-16-16H16C7.16 64 0 71.16 0 80v336c0 17.67 14.33 32 32 32h464c8.84 0 16-7.16 16-16v-16c0-8.84-7.16-16-16-16zm-387.2-48h22.4c6.4 0 12.8-6.4 12.8-12.8v-70.4c0-6.4-6.4-12.8-12.8-12.8h-22.4c-6.4 0-12.8 6.4-12.8 12.8v70.4c0 6.4 6.4 12.8 12.8 12.8z\" class=\"\"><\/path><\/svg><\/i> Vistas Totales&nbsp;1,814&nbsp;, Vistas Hoy&nbsp;4&nbsp;<\/p>\n<div class=\"pvc_clear\"><\/div>\n","protected":false},"excerpt":{"rendered":"<p>En el a\u00f1o 2021, como consecuencia del levantamiento de las medidas de restricci\u00f3n de movilidad, los avances en la inmunizaci\u00f3n de la poblaci\u00f3n, los cambios en las preferencias de viaje de las personas y las medidas adoptadas por las autoridades dominicanas para impulsar la atracci\u00f3n de personas, la industria tur\u00edstica dominicana inici\u00f3 su recuperaci\u00f3n. De&#8230;<\/p>\n<div class=\"pvc_clear\"><\/div>\n<p class=\"pvc_stats all \" data-element-id=\"22607\" style=\"\"><i class=\"pvc-stats-icon medium\" aria-hidden=\"true\"><svg aria-hidden=\"true\" focusable=\"false\" data-prefix=\"far\" data-icon=\"chart-bar\" role=\"img\" xmlns=\"http:\/\/www.w3.org\/2000\/svg\" viewBox=\"0 0 512 512\" class=\"svg-inline--fa fa-chart-bar fa-w-16 fa-2x\"><path fill=\"currentColor\" d=\"M396.8 352h22.4c6.4 0 12.8-6.4 12.8-12.8V108.8c0-6.4-6.4-12.8-12.8-12.8h-22.4c-6.4 0-12.8 6.4-12.8 12.8v230.4c0 6.4 6.4 12.8 12.8 12.8zm-192 0h22.4c6.4 0 12.8-6.4 12.8-12.8V140.8c0-6.4-6.4-12.8-12.8-12.8h-22.4c-6.4 0-12.8 6.4-12.8 12.8v198.4c0 6.4 6.4 12.8 12.8 12.8zm96 0h22.4c6.4 0 12.8-6.4 12.8-12.8V204.8c0-6.4-6.4-12.8-12.8-12.8h-22.4c-6.4 0-12.8 6.4-12.8 12.8v134.4c0 6.4 6.4 12.8 12.8 12.8zM496 400H48V80c0-8.84-7.16-16-16-16H16C7.16 64 0 71.16 0 80v336c0 17.67 14.33 32 32 32h464c8.84 0 16-7.16 16-16v-16c0-8.84-7.16-16-16-16zm-387.2-48h22.4c6.4 0 12.8-6.4 12.8-12.8v-70.4c0-6.4-6.4-12.8-12.8-12.8h-22.4c-6.4 0-12.8 6.4-12.8 12.8v70.4c0 6.4 6.4 12.8 12.8 12.8z\" class=\"\"><\/path><\/svg><\/i> Vistas Totales&nbsp;1,814&nbsp;, Vistas Hoy&nbsp;4&nbsp;<\/p>\n<div class=\"pvc_clear\"><\/div>\n","protected":false},"author":2,"featured_media":22608,"comment_status":"closed","ping_status":"closed","sticky":false,"template":"","format":"standard","meta":{"footnotes":""},"categories":[21],"tags":[],"class_list":["post-22607","post","type-post","status-publish","format-standard","has-post-thumbnail","hentry","category-blog"],"yoast_head":"<!-- This site is optimized with the Yoast SEO plugin v25.2 - https:\/\/yoast.com\/wordpress\/plugins\/seo\/ -->\n<title>Indicadores del turismo en Rep\u00fablica Dominicana en el a\u00f1o 2021 | CREES<\/title>\n<meta name=\"robots\" content=\"index, follow, max-snippet:-1, max-image-preview:large, max-video-preview:-1\" \/>\n<link rel=\"canonical\" href=\"https:\/\/crees.org.do\/?p=22607\" \/>\n<meta property=\"og:locale\" content=\"es_ES\" \/>\n<meta property=\"og:type\" content=\"article\" \/>\n<meta property=\"og:title\" content=\"Indicadores del turismo en Rep\u00fablica Dominicana en el a\u00f1o 2021 | CREES\" \/>\n<meta property=\"og:description\" content=\"En el a\u00f1o 2021, como consecuencia del levantamiento de las medidas de restricci\u00f3n de movilidad, los avances en la inmunizaci\u00f3n de la poblaci\u00f3n, los cambios en las preferencias de viaje de las personas y las medidas adoptadas por las autoridades dominicanas para impulsar la atracci\u00f3n de personas, la industria tur\u00edstica dominicana inici\u00f3 su recuperaci\u00f3n. De...\" \/>\n<meta property=\"og:url\" content=\"https:\/\/crees.org.do\/?p=22607\" \/>\n<meta property=\"og:site_name\" content=\"CREES\" \/>\n<meta property=\"article:publisher\" content=\"https:\/\/www.facebook.com\/CREESRD\/\" \/>\n<meta property=\"article:published_time\" content=\"2022-02-02T19:48:42+00:00\" \/>\n<meta property=\"og:image\" content=\"https:\/\/crees.org.do\/wp-content\/uploads\/2022\/02\/Screen-Shot-2022-02-02-at-2.40.48-PM.png\" \/>\n\t<meta property=\"og:image:width\" content=\"1442\" \/>\n\t<meta property=\"og:image:height\" content=\"1442\" \/>\n\t<meta property=\"og:image:type\" content=\"image\/png\" \/>\n<meta name=\"author\" content=\"Crees\" \/>\n<meta name=\"twitter:card\" content=\"summary_large_image\" \/>\n<meta name=\"twitter:creator\" content=\"@CREESRD\" \/>\n<meta name=\"twitter:site\" content=\"@CREESRD\" \/>\n<meta name=\"twitter:label1\" content=\"Escrito por\" \/>\n\t<meta name=\"twitter:data1\" content=\"Crees\" \/>\n\t<meta name=\"twitter:label2\" content=\"Tiempo de lectura\" \/>\n\t<meta name=\"twitter:data2\" content=\"2 minutos\" \/>\n<script type=\"application\/ld+json\" class=\"yoast-schema-graph\">{\"@context\":\"https:\/\/schema.org\",\"@graph\":[{\"@type\":\"Article\",\"@id\":\"https:\/\/crees.org.do\/?p=22607#article\",\"isPartOf\":{\"@id\":\"https:\/\/crees.org.do\/?p=22607\"},\"author\":{\"name\":\"Crees\",\"@id\":\"https:\/\/crees.org.do\/#\/schema\/person\/e7f97cd94d7bf9cd0e0ce30acb7d56b8\"},\"headline\":\"Indicadores del turismo en Rep\u00fablica Dominicana en el a\u00f1o 2021\",\"datePublished\":\"2022-02-02T19:48:42+00:00\",\"mainEntityOfPage\":{\"@id\":\"https:\/\/crees.org.do\/?p=22607\"},\"wordCount\":323,\"publisher\":{\"@id\":\"https:\/\/crees.org.do\/#organization\"},\"image\":{\"@id\":\"https:\/\/crees.org.do\/?p=22607#primaryimage\"},\"thumbnailUrl\":\"https:\/\/crees.org.do\/wp-content\/uploads\/2022\/02\/Screen-Shot-2022-02-02-at-2.40.48-PM.png\",\"articleSection\":[\"Blog\"],\"inLanguage\":\"es\"},{\"@type\":\"WebPage\",\"@id\":\"https:\/\/crees.org.do\/?p=22607\",\"url\":\"https:\/\/crees.org.do\/?p=22607\",\"name\":\"Indicadores del turismo en Rep\u00fablica Dominicana en el a\u00f1o 2021 | CREES\",\"isPartOf\":{\"@id\":\"https:\/\/crees.org.do\/#website\"},\"primaryImageOfPage\":{\"@id\":\"https:\/\/crees.org.do\/?p=22607#primaryimage\"},\"image\":{\"@id\":\"https:\/\/crees.org.do\/?p=22607#primaryimage\"},\"thumbnailUrl\":\"https:\/\/crees.org.do\/wp-content\/uploads\/2022\/02\/Screen-Shot-2022-02-02-at-2.40.48-PM.png\",\"datePublished\":\"2022-02-02T19:48:42+00:00\",\"breadcrumb\":{\"@id\":\"https:\/\/crees.org.do\/?p=22607#breadcrumb\"},\"inLanguage\":\"es\",\"potentialAction\":[{\"@type\":\"ReadAction\",\"target\":[\"https:\/\/crees.org.do\/?p=22607\"]}]},{\"@type\":\"ImageObject\",\"inLanguage\":\"es\",\"@id\":\"https:\/\/crees.org.do\/?p=22607#primaryimage\",\"url\":\"https:\/\/crees.org.do\/wp-content\/uploads\/2022\/02\/Screen-Shot-2022-02-02-at-2.40.48-PM.png\",\"contentUrl\":\"https:\/\/crees.org.do\/wp-content\/uploads\/2022\/02\/Screen-Shot-2022-02-02-at-2.40.48-PM.png\",\"width\":1442,\"height\":1442},{\"@type\":\"BreadcrumbList\",\"@id\":\"https:\/\/crees.org.do\/?p=22607#breadcrumb\",\"itemListElement\":[{\"@type\":\"ListItem\",\"position\":1,\"name\":\"Portada\",\"item\":\"https:\/\/crees.org.do\/\"},{\"@type\":\"ListItem\",\"position\":2,\"name\":\"Indicadores del turismo en Rep\u00fablica Dominicana en el a\u00f1o 2021\"}]},{\"@type\":\"WebSite\",\"@id\":\"https:\/\/crees.org.do\/#website\",\"url\":\"https:\/\/crees.org.do\/\",\"name\":\"CREES\",\"description\":\"Centro Regional de Estrategias Econ\u00f3micas Sostenibles\",\"publisher\":{\"@id\":\"https:\/\/crees.org.do\/#organization\"},\"potentialAction\":[{\"@type\":\"SearchAction\",\"target\":{\"@type\":\"EntryPoint\",\"urlTemplate\":\"https:\/\/crees.org.do\/?s={search_term_string}\"},\"query-input\":{\"@type\":\"PropertyValueSpecification\",\"valueRequired\":true,\"valueName\":\"search_term_string\"}}],\"inLanguage\":\"es\"},{\"@type\":\"Organization\",\"@id\":\"https:\/\/crees.org.do\/#organization\",\"name\":\"CREES | Centro Regional de Estrategias Econ\u00f3micas Sostenibles\",\"url\":\"https:\/\/crees.org.do\/\",\"logo\":{\"@type\":\"ImageObject\",\"inLanguage\":\"es\",\"@id\":\"https:\/\/crees.org.do\/#\/schema\/logo\/image\/\",\"url\":\"https:\/\/crees.org.do\/wp-content\/uploads\/2022\/03\/crees-logo-1.jpg\",\"contentUrl\":\"https:\/\/crees.org.do\/wp-content\/uploads\/2022\/03\/crees-logo-1.jpg\",\"width\":244,\"height\":71,\"caption\":\"CREES | Centro Regional de Estrategias Econ\u00f3micas Sostenibles\"},\"image\":{\"@id\":\"https:\/\/crees.org.do\/#\/schema\/logo\/image\/\"},\"sameAs\":[\"https:\/\/www.facebook.com\/CREESRD\/\",\"https:\/\/x.com\/CREESRD\"]},{\"@type\":\"Person\",\"@id\":\"https:\/\/crees.org.do\/#\/schema\/person\/e7f97cd94d7bf9cd0e0ce30acb7d56b8\",\"name\":\"Crees\",\"image\":{\"@type\":\"ImageObject\",\"inLanguage\":\"es\",\"@id\":\"https:\/\/crees.org.do\/#\/schema\/person\/image\/\",\"url\":\"https:\/\/secure.gravatar.com\/avatar\/390ac8f0be5d9aa046152553e2dd7011b59a512d89c150f5e5f28bb8d9a0b165?s=96&d=mm&r=g\",\"contentUrl\":\"https:\/\/secure.gravatar.com\/avatar\/390ac8f0be5d9aa046152553e2dd7011b59a512d89c150f5e5f28bb8d9a0b165?s=96&d=mm&r=g\",\"caption\":\"Crees\"},\"url\":\"https:\/\/crees.org.do\/?author=2\"}]}<\/script>\n<!-- \/ Yoast SEO plugin. -->","yoast_head_json":{"title":"Indicadores del turismo en Rep\u00fablica Dominicana en el a\u00f1o 2021 | CREES","robots":{"index":"index","follow":"follow","max-snippet":"max-snippet:-1","max-image-preview":"max-image-preview:large","max-video-preview":"max-video-preview:-1"},"canonical":"https:\/\/crees.org.do\/?p=22607","og_locale":"es_ES","og_type":"article","og_title":"Indicadores del turismo en Rep\u00fablica Dominicana en el a\u00f1o 2021 | CREES","og_description":"En el a\u00f1o 2021, como consecuencia del levantamiento de las medidas de restricci\u00f3n de movilidad, los avances en la inmunizaci\u00f3n de la poblaci\u00f3n, los cambios en las preferencias de viaje de las personas y las medidas adoptadas por las autoridades dominicanas para impulsar la atracci\u00f3n de personas, la industria tur\u00edstica dominicana inici\u00f3 su recuperaci\u00f3n. De...","og_url":"https:\/\/crees.org.do\/?p=22607","og_site_name":"CREES","article_publisher":"https:\/\/www.facebook.com\/CREESRD\/","article_published_time":"2022-02-02T19:48:42+00:00","og_image":[{"width":1442,"height":1442,"url":"https:\/\/crees.org.do\/wp-content\/uploads\/2022\/02\/Screen-Shot-2022-02-02-at-2.40.48-PM.png","type":"image\/png"}],"author":"Crees","twitter_card":"summary_large_image","twitter_creator":"@CREESRD","twitter_site":"@CREESRD","twitter_misc":{"Escrito por":"Crees","Tiempo de lectura":"2 minutos"},"schema":{"@context":"https:\/\/schema.org","@graph":[{"@type":"Article","@id":"https:\/\/crees.org.do\/?p=22607#article","isPartOf":{"@id":"https:\/\/crees.org.do\/?p=22607"},"author":{"name":"Crees","@id":"https:\/\/crees.org.do\/#\/schema\/person\/e7f97cd94d7bf9cd0e0ce30acb7d56b8"},"headline":"Indicadores del turismo en Rep\u00fablica Dominicana en el a\u00f1o 2021","datePublished":"2022-02-02T19:48:42+00:00","mainEntityOfPage":{"@id":"https:\/\/crees.org.do\/?p=22607"},"wordCount":323,"publisher":{"@id":"https:\/\/crees.org.do\/#organization"},"image":{"@id":"https:\/\/crees.org.do\/?p=22607#primaryimage"},"thumbnailUrl":"https:\/\/crees.org.do\/wp-content\/uploads\/2022\/02\/Screen-Shot-2022-02-02-at-2.40.48-PM.png","articleSection":["Blog"],"inLanguage":"es"},{"@type":"WebPage","@id":"https:\/\/crees.org.do\/?p=22607","url":"https:\/\/crees.org.do\/?p=22607","name":"Indicadores del turismo en Rep\u00fablica Dominicana en el a\u00f1o 2021 | CREES","isPartOf":{"@id":"https:\/\/crees.org.do\/#website"},"primaryImageOfPage":{"@id":"https:\/\/crees.org.do\/?p=22607#primaryimage"},"image":{"@id":"https:\/\/crees.org.do\/?p=22607#primaryimage"},"thumbnailUrl":"https:\/\/crees.org.do\/wp-content\/uploads\/2022\/02\/Screen-Shot-2022-02-02-at-2.40.48-PM.png","datePublished":"2022-02-02T19:48:42+00:00","breadcrumb":{"@id":"https:\/\/crees.org.do\/?p=22607#breadcrumb"},"inLanguage":"es","potentialAction":[{"@type":"ReadAction","target":["https:\/\/crees.org.do\/?p=22607"]}]},{"@type":"ImageObject","inLanguage":"es","@id":"https:\/\/crees.org.do\/?p=22607#primaryimage","url":"https:\/\/crees.org.do\/wp-content\/uploads\/2022\/02\/Screen-Shot-2022-02-02-at-2.40.48-PM.png","contentUrl":"https:\/\/crees.org.do\/wp-content\/uploads\/2022\/02\/Screen-Shot-2022-02-02-at-2.40.48-PM.png","width":1442,"height":1442},{"@type":"BreadcrumbList","@id":"https:\/\/crees.org.do\/?p=22607#breadcrumb","itemListElement":[{"@type":"ListItem","position":1,"name":"Portada","item":"https:\/\/crees.org.do\/"},{"@type":"ListItem","position":2,"name":"Indicadores del turismo en Rep\u00fablica Dominicana en el a\u00f1o 2021"}]},{"@type":"WebSite","@id":"https:\/\/crees.org.do\/#website","url":"https:\/\/crees.org.do\/","name":"CREES","description":"Centro Regional de Estrategias Econ\u00f3micas Sostenibles","publisher":{"@id":"https:\/\/crees.org.do\/#organization"},"potentialAction":[{"@type":"SearchAction","target":{"@type":"EntryPoint","urlTemplate":"https:\/\/crees.org.do\/?s={search_term_string}"},"query-input":{"@type":"PropertyValueSpecification","valueRequired":true,"valueName":"search_term_string"}}],"inLanguage":"es"},{"@type":"Organization","@id":"https:\/\/crees.org.do\/#organization","name":"CREES | Centro Regional de Estrategias Econ\u00f3micas Sostenibles","url":"https:\/\/crees.org.do\/","logo":{"@type":"ImageObject","inLanguage":"es","@id":"https:\/\/crees.org.do\/#\/schema\/logo\/image\/","url":"https:\/\/crees.org.do\/wp-content\/uploads\/2022\/03\/crees-logo-1.jpg","contentUrl":"https:\/\/crees.org.do\/wp-content\/uploads\/2022\/03\/crees-logo-1.jpg","width":244,"height":71,"caption":"CREES | Centro Regional de Estrategias Econ\u00f3micas Sostenibles"},"image":{"@id":"https:\/\/crees.org.do\/#\/schema\/logo\/image\/"},"sameAs":["https:\/\/www.facebook.com\/CREESRD\/","https:\/\/x.com\/CREESRD"]},{"@type":"Person","@id":"https:\/\/crees.org.do\/#\/schema\/person\/e7f97cd94d7bf9cd0e0ce30acb7d56b8","name":"Crees","image":{"@type":"ImageObject","inLanguage":"es","@id":"https:\/\/crees.org.do\/#\/schema\/person\/image\/","url":"https:\/\/secure.gravatar.com\/avatar\/390ac8f0be5d9aa046152553e2dd7011b59a512d89c150f5e5f28bb8d9a0b165?s=96&d=mm&r=g","contentUrl":"https:\/\/secure.gravatar.com\/avatar\/390ac8f0be5d9aa046152553e2dd7011b59a512d89c150f5e5f28bb8d9a0b165?s=96&d=mm&r=g","caption":"Crees"},"url":"https:\/\/crees.org.do\/?author=2"}]}},"_links":{"self":[{"href":"https:\/\/crees.org.do\/index.php?rest_route=\/wp\/v2\/posts\/22607","targetHints":{"allow":["GET"]}}],"collection":[{"href":"https:\/\/crees.org.do\/index.php?rest_route=\/wp\/v2\/posts"}],"about":[{"href":"https:\/\/crees.org.do\/index.php?rest_route=\/wp\/v2\/types\/post"}],"author":[{"embeddable":true,"href":"https:\/\/crees.org.do\/index.php?rest_route=\/wp\/v2\/users\/2"}],"replies":[{"embeddable":true,"href":"https:\/\/crees.org.do\/index.php?rest_route=%2Fwp%2Fv2%2Fcomments&post=22607"}],"version-history":[{"count":1,"href":"https:\/\/crees.org.do\/index.php?rest_route=\/wp\/v2\/posts\/22607\/revisions"}],"predecessor-version":[{"id":22609,"href":"https:\/\/crees.org.do\/index.php?rest_route=\/wp\/v2\/posts\/22607\/revisions\/22609"}],"wp:featuredmedia":[{"embeddable":true,"href":"https:\/\/crees.org.do\/index.php?rest_route=\/wp\/v2\/media\/22608"}],"wp:attachment":[{"href":"https:\/\/crees.org.do\/index.php?rest_route=%2Fwp%2Fv2%2Fmedia&parent=22607"}],"wp:term":[{"taxonomy":"category","embeddable":true,"href":"https:\/\/crees.org.do\/index.php?rest_route=%2Fwp%2Fv2%2Fcategories&post=22607"},{"taxonomy":"post_tag","embeddable":true,"href":"https:\/\/crees.org.do\/index.php?rest_route=%2Fwp%2Fv2%2Ftags&post=22607"}],"curies":[{"name":"wp","href":"https:\/\/api.w.org\/{rel}","templated":true}]}}