{"id":22763,"date":"2022-02-23T13:54:18","date_gmt":"2022-02-23T13:54:18","guid":{"rendered":"https:\/\/crees.org.do\/?p=22763"},"modified":"2022-03-03T13:54:35","modified_gmt":"2022-03-03T13:54:35","slug":"luis-abinader-rinde-cuentas-con-una-economia-en-repunte-y-la-sombra-de-la-inflacion","status":"publish","type":"post","link":"https:\/\/crees.org.do\/?p=22763","title":{"rendered":"Luis Abinader rinde cuentas con una econom\u00eda en repunte y la sombra de la inflaci\u00f3n"},"content":{"rendered":"<p>Autor: Natali Faxas<\/p>\n<p>Fecha: 23 de febrero del 2022<\/p>\n<p>Extra\u00eddo de:\u00a0<a href=\"https:\/\/acento.com.do\/el-financiero\/luis-abinader-rinde-cuentas-con-una-economia-en-repunte-y-la-sombra-de-la-inflacion-9035180.html\">Acento<\/a><\/p>\n<p>La segunda rendici\u00f3n de cuentas del presidente Luis Abinader halla a la Rep\u00fablica Dominicana en pleno repunte de una econom\u00eda que va dejando atr\u00e1s los achaques de la pandemia de la COVID-19 en el \u00e1mbito local, aunque, como secuela internacional, la inflaci\u00f3n importada se alza como el mayor reto por delante.<\/p>\n<p>En efecto, el Plan Nacional de Vacunaci\u00f3n que prioriz\u00f3 el Gobierno, y que ha alcanzado a casi seis millones de ciudadanos con dos dosis aplicadas, impuls\u00f3 las condiciones de reactivaci\u00f3n de la econom\u00eda a tal punto que el 2021 se despidi\u00f3 con un crecimiento econ\u00f3mico de 12.3%, por encima de los pron\u00f3sticos del mismo Banco Central dominicano.<\/p>\n<p>Menores restricciones para la entrada de turistas y un ambiente m\u00e1s seguro fueron elementos positivos para el aumento de la llegada de visitantes&#8221;, Miguel Collado Di Franco<\/p>\n<p>Turismo, que en plena pandemia del 2020 fue el sector m\u00e1s golpeado, en este 2021 ya arrojaba n\u00fameros de entrada de visitantes muy similares al tiempo de prepandemia, lo que tambi\u00e9n contribuy\u00f3 -conjuntamente con las exportaciones y remesas- a mantener el valor del d\u00f3lar.<\/p>\n<p>&#8220;Un logro importante habr\u00e1 sido la estabilizaci\u00f3n del tipo de cambio, que hasta se ha caracterizado por una revaluaci\u00f3n del peso frente al d\u00f3lar&#8221;, reconoce el economista Henri Hebrard, y destaca que mientras se hab\u00eda presupuestado cerrar 2021 en 64 pesos por d\u00f3lar, el a\u00f1o pasado termin\u00f3 en RD$57.4, y sigue bajando por lo que va de a\u00f1o.<\/p>\n<p>Otro logro que se anota como promesa cumplida para esta rendici\u00f3n de cuentas, alude a la negociaci\u00f3n acordada en el contrato de concesi\u00f3n de la Autov\u00eda del Nordeste y su famoso &#8220;peaje sombra&#8221;. En su primera rendici\u00f3n de cuentas el a\u00f1o pasado, fue el anuncio de la b\u00fasqueda de una negociaci\u00f3n del peaje sombra lo que levant\u00f3 de la silla con aplausos a los asamble\u00edstas.<\/p>\n<p>De otro lado, agrega el economista Hebrard, tambi\u00e9n se alza como un logro econ\u00f3mico la gesti\u00f3n fiscal pues, del lado de los ingresos, las recaudaciones se dispararon en 2021 y &#8220;superaron los estimados m\u00e1s optimistas lo que, con una pol\u00edtica de mayor control de los gastos, ha permitido que el nivel de d\u00e9ficit termine en 2.7%&#8221;.<\/p>\n<p>Antonio Ciriaco, vicedecano de la Facultad de Econom\u00eda de la Universidad Aut\u00f3noma de Santo Domingo (UASD), apunta un logro m\u00e1s: la mejora de la gesti\u00f3n de partidas presupuestarias, gracias a la cual se priorizaron gastos productivos, como la inversi\u00f3n en salud. &#8220;Si bien es cierto que se han dado retrasos en la inversi\u00f3n p\u00fablica, quiz\u00e1s por un proceso de aprendizaje, no menos cierto es que hay partidas presupuestarias de muy baja productividad que ten\u00edan un alto monto, como la publicidad&#8230;&#8221;.<\/p>\n<p>Pero&#8230;<\/p>\n<p>En materia econ\u00f3mica, el principal reto que tiene por delante este Gobierno se encuentra en la inflaci\u00f3n, que cerr\u00f3 este 2021 en 8.50 %, es decir, m\u00e1s del doble del rango meta de 4% estimado por el Banco Central. El incremento del costo de los alimentos y combustibles por efecto de la inflaci\u00f3n tiene su origen esencialmente en eventos internacionales, como el aumento del petr\u00f3leo y las cadenas de suministro.<\/p>\n<p>Este a\u00f1o es posible que, si sigue la tendencia, la inflaci\u00f3n pueda ser de dos d\u00edgitos y es un gran reto que tiene el gobierno&#8221;, Antonio Ciriaco.<\/p>\n<p>Otra promesa que fue mencionada en la rendici\u00f3n de cuentas del 2021 y qued\u00f3 pendiente fue la revisi\u00f3n a la Ley de Hidrocarburos. &#8220;La situaci\u00f3n actual de altos costos y precios finales hacen necesaria la revisi\u00f3n de la estructura de precios e impuestos de los hidrocarburos&#8221;, puntualiza el economista Miguel Collado Di Franco, titular de la Vicepresidencia Ejecutiva del Centro Regional de Estrategias Econ\u00f3micas Sostenibles (CREES).<\/p>\n<p>Otro asunto que sigue pendiente en la agenda de este Gobierno, agrega Collado Di Franco, es una reforma tributariaque reduzca tasas impositivas y simplifique el sistema tributario con la finalidad de reducir incentivos a la evasi\u00f3n fiscal y a la informalidad, as\u00ed como distribuir mejor la carga de impuestos y aumentar las bases tributarias, eliminando exenciones.<\/p>\n<p>El pa\u00eds necesita reglas fiscales claras para reducir el ritmo de endeudamiento p\u00fablico. Esa ley debe establecer consecuencias en caso de ser incumplidas&#8221;, Miguel Collado Di Franco<\/p>\n<p>Otro tema asimismo pendiente, apunta el ejecutivo de CREES, es la mejora en la administraci\u00f3n de las empresas del sector el\u00e9ctrico. &#8220;El pasado a\u00f1o se plante\u00f3 en un momento realizar alianzas p\u00fablico-privadas para la administraci\u00f3n de las distribuidoras. Las Ede, as\u00ed como las plantas de generaci\u00f3n de Punta Catalina, necesitan ser manejadas de forma m\u00e1s eficiente, ya sea por medio de la contrataci\u00f3n de empresas que las administren o dando participaci\u00f3n en la propiedad a la sociedad civil&#8221;<\/p>\n<div class=\"pvc_clear\"><\/div>\n<p class=\"pvc_stats all \" data-element-id=\"22763\" style=\"\"><i class=\"pvc-stats-icon medium\" aria-hidden=\"true\"><svg aria-hidden=\"true\" focusable=\"false\" data-prefix=\"far\" data-icon=\"chart-bar\" role=\"img\" xmlns=\"http:\/\/www.w3.org\/2000\/svg\" viewBox=\"0 0 512 512\" class=\"svg-inline--fa fa-chart-bar fa-w-16 fa-2x\"><path fill=\"currentColor\" d=\"M396.8 352h22.4c6.4 0 12.8-6.4 12.8-12.8V108.8c0-6.4-6.4-12.8-12.8-12.8h-22.4c-6.4 0-12.8 6.4-12.8 12.8v230.4c0 6.4 6.4 12.8 12.8 12.8zm-192 0h22.4c6.4 0 12.8-6.4 12.8-12.8V140.8c0-6.4-6.4-12.8-12.8-12.8h-22.4c-6.4 0-12.8 6.4-12.8 12.8v198.4c0 6.4 6.4 12.8 12.8 12.8zm96 0h22.4c6.4 0 12.8-6.4 12.8-12.8V204.8c0-6.4-6.4-12.8-12.8-12.8h-22.4c-6.4 0-12.8 6.4-12.8 12.8v134.4c0 6.4 6.4 12.8 12.8 12.8zM496 400H48V80c0-8.84-7.16-16-16-16H16C7.16 64 0 71.16 0 80v336c0 17.67 14.33 32 32 32h464c8.84 0 16-7.16 16-16v-16c0-8.84-7.16-16-16-16zm-387.2-48h22.4c6.4 0 12.8-6.4 12.8-12.8v-70.4c0-6.4-6.4-12.8-12.8-12.8h-22.4c-6.4 0-12.8 6.4-12.8 12.8v70.4c0 6.4 6.4 12.8 12.8 12.8z\" class=\"\"><\/path><\/svg><\/i> Vistas Totales&nbsp;1,043&nbsp;, Vistas Hoy&nbsp;4&nbsp;<\/p>\n<div class=\"pvc_clear\"><\/div>\n","protected":false},"excerpt":{"rendered":"<p>Autor: Natali Faxas Fecha: 23 de febrero del 2022 Extra\u00eddo de:\u00a0Acento La segunda rendici\u00f3n de cuentas del presidente Luis Abinader halla a la Rep\u00fablica Dominicana en pleno repunte de una econom\u00eda que va dejando atr\u00e1s los achaques de la pandemia de la COVID-19 en el \u00e1mbito local, aunque, como secuela internacional, la inflaci\u00f3n importada se&#8230;<\/p>\n<div class=\"pvc_clear\"><\/div>\n<p class=\"pvc_stats all \" data-element-id=\"22763\" style=\"\"><i class=\"pvc-stats-icon medium\" aria-hidden=\"true\"><svg aria-hidden=\"true\" focusable=\"false\" data-prefix=\"far\" data-icon=\"chart-bar\" role=\"img\" xmlns=\"http:\/\/www.w3.org\/2000\/svg\" viewBox=\"0 0 512 512\" class=\"svg-inline--fa fa-chart-bar fa-w-16 fa-2x\"><path fill=\"currentColor\" d=\"M396.8 352h22.4c6.4 0 12.8-6.4 12.8-12.8V108.8c0-6.4-6.4-12.8-12.8-12.8h-22.4c-6.4 0-12.8 6.4-12.8 12.8v230.4c0 6.4 6.4 12.8 12.8 12.8zm-192 0h22.4c6.4 0 12.8-6.4 12.8-12.8V140.8c0-6.4-6.4-12.8-12.8-12.8h-22.4c-6.4 0-12.8 6.4-12.8 12.8v198.4c0 6.4 6.4 12.8 12.8 12.8zm96 0h22.4c6.4 0 12.8-6.4 12.8-12.8V204.8c0-6.4-6.4-12.8-12.8-12.8h-22.4c-6.4 0-12.8 6.4-12.8 12.8v134.4c0 6.4 6.4 12.8 12.8 12.8zM496 400H48V80c0-8.84-7.16-16-16-16H16C7.16 64 0 71.16 0 80v336c0 17.67 14.33 32 32 32h464c8.84 0 16-7.16 16-16v-16c0-8.84-7.16-16-16-16zm-387.2-48h22.4c6.4 0 12.8-6.4 12.8-12.8v-70.4c0-6.4-6.4-12.8-12.8-12.8h-22.4c-6.4 0-12.8 6.4-12.8 12.8v70.4c0 6.4 6.4 12.8 12.8 12.8z\" class=\"\"><\/path><\/svg><\/i> Vistas Totales&nbsp;1,043&nbsp;, Vistas Hoy&nbsp;4&nbsp;<\/p>\n<div class=\"pvc_clear\"><\/div>\n","protected":false},"author":2,"featured_media":22764,"comment_status":"closed","ping_status":"closed","sticky":false,"template":"","format":"standard","meta":{"footnotes":""},"categories":[19],"tags":[],"class_list":["post-22763","post","type-post","status-publish","format-standard","has-post-thumbnail","hentry","category-actualidad"],"yoast_head":"<!-- This site is optimized with the Yoast SEO plugin v25.2 - https:\/\/yoast.com\/wordpress\/plugins\/seo\/ -->\n<title>Luis Abinader rinde cuentas con una econom\u00eda en repunte y la sombra de la inflaci\u00f3n | CREES<\/title>\n<meta name=\"robots\" content=\"index, follow, max-snippet:-1, max-image-preview:large, max-video-preview:-1\" \/>\n<link rel=\"canonical\" href=\"https:\/\/crees.org.do\/?p=22763\" \/>\n<meta property=\"og:locale\" content=\"es_ES\" \/>\n<meta property=\"og:type\" content=\"article\" \/>\n<meta property=\"og:title\" content=\"Luis Abinader rinde cuentas con una econom\u00eda en repunte y la sombra de la inflaci\u00f3n | CREES\" \/>\n<meta property=\"og:description\" content=\"Autor: Natali Faxas Fecha: 23 de febrero del 2022 Extra\u00eddo de:\u00a0Acento La segunda rendici\u00f3n de cuentas del presidente Luis Abinader halla a la Rep\u00fablica Dominicana en pleno repunte de una econom\u00eda que va dejando atr\u00e1s los achaques de la pandemia de la COVID-19 en el \u00e1mbito local, aunque, como secuela internacional, la inflaci\u00f3n importada se...\" \/>\n<meta property=\"og:url\" content=\"https:\/\/crees.org.do\/?p=22763\" \/>\n<meta property=\"og:site_name\" content=\"CREES\" \/>\n<meta property=\"article:publisher\" content=\"https:\/\/www.facebook.com\/CREESRD\/\" \/>\n<meta property=\"article:published_time\" content=\"2022-02-23T13:54:18+00:00\" \/>\n<meta property=\"article:modified_time\" content=\"2022-03-03T13:54:35+00:00\" \/>\n<meta property=\"og:image\" content=\"https:\/\/crees.org.do\/wp-content\/uploads\/2022\/03\/presidencia-y-funcionarios-1-728x410-1.jpg\" \/>\n\t<meta property=\"og:image:width\" content=\"728\" \/>\n\t<meta property=\"og:image:height\" content=\"410\" \/>\n\t<meta property=\"og:image:type\" content=\"image\/jpeg\" \/>\n<meta name=\"author\" content=\"Crees\" \/>\n<meta name=\"twitter:card\" content=\"summary_large_image\" \/>\n<meta name=\"twitter:creator\" content=\"@CREESRD\" \/>\n<meta name=\"twitter:site\" content=\"@CREESRD\" \/>\n<meta name=\"twitter:label1\" content=\"Escrito por\" \/>\n\t<meta name=\"twitter:data1\" content=\"Crees\" \/>\n\t<meta name=\"twitter:label2\" content=\"Tiempo de lectura\" \/>\n\t<meta name=\"twitter:data2\" content=\"4 minutos\" \/>\n<script type=\"application\/ld+json\" class=\"yoast-schema-graph\">{\"@context\":\"https:\/\/schema.org\",\"@graph\":[{\"@type\":\"Article\",\"@id\":\"https:\/\/crees.org.do\/?p=22763#article\",\"isPartOf\":{\"@id\":\"https:\/\/crees.org.do\/?p=22763\"},\"author\":{\"name\":\"Crees\",\"@id\":\"https:\/\/crees.org.do\/#\/schema\/person\/e7f97cd94d7bf9cd0e0ce30acb7d56b8\"},\"headline\":\"Luis Abinader rinde cuentas con una econom\u00eda en repunte y la sombra de la inflaci\u00f3n\",\"datePublished\":\"2022-02-23T13:54:18+00:00\",\"dateModified\":\"2022-03-03T13:54:35+00:00\",\"mainEntityOfPage\":{\"@id\":\"https:\/\/crees.org.do\/?p=22763\"},\"wordCount\":849,\"publisher\":{\"@id\":\"https:\/\/crees.org.do\/#organization\"},\"image\":{\"@id\":\"https:\/\/crees.org.do\/?p=22763#primaryimage\"},\"thumbnailUrl\":\"https:\/\/crees.org.do\/wp-content\/uploads\/2022\/03\/presidencia-y-funcionarios-1-728x410-1.jpg\",\"articleSection\":[\"Actualidad\"],\"inLanguage\":\"es\"},{\"@type\":\"WebPage\",\"@id\":\"https:\/\/crees.org.do\/?p=22763\",\"url\":\"https:\/\/crees.org.do\/?p=22763\",\"name\":\"Luis Abinader rinde cuentas con una econom\u00eda en repunte y la sombra de la inflaci\u00f3n | CREES\",\"isPartOf\":{\"@id\":\"https:\/\/crees.org.do\/#website\"},\"primaryImageOfPage\":{\"@id\":\"https:\/\/crees.org.do\/?p=22763#primaryimage\"},\"image\":{\"@id\":\"https:\/\/crees.org.do\/?p=22763#primaryimage\"},\"thumbnailUrl\":\"https:\/\/crees.org.do\/wp-content\/uploads\/2022\/03\/presidencia-y-funcionarios-1-728x410-1.jpg\",\"datePublished\":\"2022-02-23T13:54:18+00:00\",\"dateModified\":\"2022-03-03T13:54:35+00:00\",\"breadcrumb\":{\"@id\":\"https:\/\/crees.org.do\/?p=22763#breadcrumb\"},\"inLanguage\":\"es\",\"potentialAction\":[{\"@type\":\"ReadAction\",\"target\":[\"https:\/\/crees.org.do\/?p=22763\"]}]},{\"@type\":\"ImageObject\",\"inLanguage\":\"es\",\"@id\":\"https:\/\/crees.org.do\/?p=22763#primaryimage\",\"url\":\"https:\/\/crees.org.do\/wp-content\/uploads\/2022\/03\/presidencia-y-funcionarios-1-728x410-1.jpg\",\"contentUrl\":\"https:\/\/crees.org.do\/wp-content\/uploads\/2022\/03\/presidencia-y-funcionarios-1-728x410-1.jpg\",\"width\":728,\"height\":410},{\"@type\":\"BreadcrumbList\",\"@id\":\"https:\/\/crees.org.do\/?p=22763#breadcrumb\",\"itemListElement\":[{\"@type\":\"ListItem\",\"position\":1,\"name\":\"Portada\",\"item\":\"https:\/\/crees.org.do\/\"},{\"@type\":\"ListItem\",\"position\":2,\"name\":\"Luis Abinader rinde cuentas con una econom\u00eda en repunte y la sombra de la inflaci\u00f3n\"}]},{\"@type\":\"WebSite\",\"@id\":\"https:\/\/crees.org.do\/#website\",\"url\":\"https:\/\/crees.org.do\/\",\"name\":\"CREES\",\"description\":\"Centro Regional de Estrategias Econ\u00f3micas Sostenibles\",\"publisher\":{\"@id\":\"https:\/\/crees.org.do\/#organization\"},\"potentialAction\":[{\"@type\":\"SearchAction\",\"target\":{\"@type\":\"EntryPoint\",\"urlTemplate\":\"https:\/\/crees.org.do\/?s={search_term_string}\"},\"query-input\":{\"@type\":\"PropertyValueSpecification\",\"valueRequired\":true,\"valueName\":\"search_term_string\"}}],\"inLanguage\":\"es\"},{\"@type\":\"Organization\",\"@id\":\"https:\/\/crees.org.do\/#organization\",\"name\":\"CREES | Centro Regional de Estrategias Econ\u00f3micas Sostenibles\",\"url\":\"https:\/\/crees.org.do\/\",\"logo\":{\"@type\":\"ImageObject\",\"inLanguage\":\"es\",\"@id\":\"https:\/\/crees.org.do\/#\/schema\/logo\/image\/\",\"url\":\"https:\/\/crees.org.do\/wp-content\/uploads\/2022\/03\/crees-logo-1.jpg\",\"contentUrl\":\"https:\/\/crees.org.do\/wp-content\/uploads\/2022\/03\/crees-logo-1.jpg\",\"width\":244,\"height\":71,\"caption\":\"CREES | Centro Regional de Estrategias Econ\u00f3micas Sostenibles\"},\"image\":{\"@id\":\"https:\/\/crees.org.do\/#\/schema\/logo\/image\/\"},\"sameAs\":[\"https:\/\/www.facebook.com\/CREESRD\/\",\"https:\/\/x.com\/CREESRD\"]},{\"@type\":\"Person\",\"@id\":\"https:\/\/crees.org.do\/#\/schema\/person\/e7f97cd94d7bf9cd0e0ce30acb7d56b8\",\"name\":\"Crees\",\"image\":{\"@type\":\"ImageObject\",\"inLanguage\":\"es\",\"@id\":\"https:\/\/crees.org.do\/#\/schema\/person\/image\/\",\"url\":\"https:\/\/secure.gravatar.com\/avatar\/390ac8f0be5d9aa046152553e2dd7011b59a512d89c150f5e5f28bb8d9a0b165?s=96&d=mm&r=g\",\"contentUrl\":\"https:\/\/secure.gravatar.com\/avatar\/390ac8f0be5d9aa046152553e2dd7011b59a512d89c150f5e5f28bb8d9a0b165?s=96&d=mm&r=g\",\"caption\":\"Crees\"},\"url\":\"https:\/\/crees.org.do\/?author=2\"}]}<\/script>\n<!-- \/ Yoast SEO plugin. -->","yoast_head_json":{"title":"Luis Abinader rinde cuentas con una econom\u00eda en repunte y la sombra de la inflaci\u00f3n | CREES","robots":{"index":"index","follow":"follow","max-snippet":"max-snippet:-1","max-image-preview":"max-image-preview:large","max-video-preview":"max-video-preview:-1"},"canonical":"https:\/\/crees.org.do\/?p=22763","og_locale":"es_ES","og_type":"article","og_title":"Luis Abinader rinde cuentas con una econom\u00eda en repunte y la sombra de la inflaci\u00f3n | CREES","og_description":"Autor: Natali Faxas Fecha: 23 de febrero del 2022 Extra\u00eddo de:\u00a0Acento La segunda rendici\u00f3n de cuentas del presidente Luis Abinader halla a la Rep\u00fablica Dominicana en pleno repunte de una econom\u00eda que va dejando atr\u00e1s los achaques de la pandemia de la COVID-19 en el \u00e1mbito local, aunque, como secuela internacional, la inflaci\u00f3n importada se...","og_url":"https:\/\/crees.org.do\/?p=22763","og_site_name":"CREES","article_publisher":"https:\/\/www.facebook.com\/CREESRD\/","article_published_time":"2022-02-23T13:54:18+00:00","article_modified_time":"2022-03-03T13:54:35+00:00","og_image":[{"width":728,"height":410,"url":"https:\/\/crees.org.do\/wp-content\/uploads\/2022\/03\/presidencia-y-funcionarios-1-728x410-1.jpg","type":"image\/jpeg"}],"author":"Crees","twitter_card":"summary_large_image","twitter_creator":"@CREESRD","twitter_site":"@CREESRD","twitter_misc":{"Escrito por":"Crees","Tiempo de lectura":"4 minutos"},"schema":{"@context":"https:\/\/schema.org","@graph":[{"@type":"Article","@id":"https:\/\/crees.org.do\/?p=22763#article","isPartOf":{"@id":"https:\/\/crees.org.do\/?p=22763"},"author":{"name":"Crees","@id":"https:\/\/crees.org.do\/#\/schema\/person\/e7f97cd94d7bf9cd0e0ce30acb7d56b8"},"headline":"Luis Abinader rinde cuentas con una econom\u00eda en repunte y la sombra de la inflaci\u00f3n","datePublished":"2022-02-23T13:54:18+00:00","dateModified":"2022-03-03T13:54:35+00:00","mainEntityOfPage":{"@id":"https:\/\/crees.org.do\/?p=22763"},"wordCount":849,"publisher":{"@id":"https:\/\/crees.org.do\/#organization"},"image":{"@id":"https:\/\/crees.org.do\/?p=22763#primaryimage"},"thumbnailUrl":"https:\/\/crees.org.do\/wp-content\/uploads\/2022\/03\/presidencia-y-funcionarios-1-728x410-1.jpg","articleSection":["Actualidad"],"inLanguage":"es"},{"@type":"WebPage","@id":"https:\/\/crees.org.do\/?p=22763","url":"https:\/\/crees.org.do\/?p=22763","name":"Luis Abinader rinde cuentas con una econom\u00eda en repunte y la sombra de la inflaci\u00f3n | CREES","isPartOf":{"@id":"https:\/\/crees.org.do\/#website"},"primaryImageOfPage":{"@id":"https:\/\/crees.org.do\/?p=22763#primaryimage"},"image":{"@id":"https:\/\/crees.org.do\/?p=22763#primaryimage"},"thumbnailUrl":"https:\/\/crees.org.do\/wp-content\/uploads\/2022\/03\/presidencia-y-funcionarios-1-728x410-1.jpg","datePublished":"2022-02-23T13:54:18+00:00","dateModified":"2022-03-03T13:54:35+00:00","breadcrumb":{"@id":"https:\/\/crees.org.do\/?p=22763#breadcrumb"},"inLanguage":"es","potentialAction":[{"@type":"ReadAction","target":["https:\/\/crees.org.do\/?p=22763"]}]},{"@type":"ImageObject","inLanguage":"es","@id":"https:\/\/crees.org.do\/?p=22763#primaryimage","url":"https:\/\/crees.org.do\/wp-content\/uploads\/2022\/03\/presidencia-y-funcionarios-1-728x410-1.jpg","contentUrl":"https:\/\/crees.org.do\/wp-content\/uploads\/2022\/03\/presidencia-y-funcionarios-1-728x410-1.jpg","width":728,"height":410},{"@type":"BreadcrumbList","@id":"https:\/\/crees.org.do\/?p=22763#breadcrumb","itemListElement":[{"@type":"ListItem","position":1,"name":"Portada","item":"https:\/\/crees.org.do\/"},{"@type":"ListItem","position":2,"name":"Luis Abinader rinde cuentas con una econom\u00eda en repunte y la sombra de la inflaci\u00f3n"}]},{"@type":"WebSite","@id":"https:\/\/crees.org.do\/#website","url":"https:\/\/crees.org.do\/","name":"CREES","description":"Centro Regional de Estrategias Econ\u00f3micas Sostenibles","publisher":{"@id":"https:\/\/crees.org.do\/#organization"},"potentialAction":[{"@type":"SearchAction","target":{"@type":"EntryPoint","urlTemplate":"https:\/\/crees.org.do\/?s={search_term_string}"},"query-input":{"@type":"PropertyValueSpecification","valueRequired":true,"valueName":"search_term_string"}}],"inLanguage":"es"},{"@type":"Organization","@id":"https:\/\/crees.org.do\/#organization","name":"CREES | Centro Regional de Estrategias Econ\u00f3micas Sostenibles","url":"https:\/\/crees.org.do\/","logo":{"@type":"ImageObject","inLanguage":"es","@id":"https:\/\/crees.org.do\/#\/schema\/logo\/image\/","url":"https:\/\/crees.org.do\/wp-content\/uploads\/2022\/03\/crees-logo-1.jpg","contentUrl":"https:\/\/crees.org.do\/wp-content\/uploads\/2022\/03\/crees-logo-1.jpg","width":244,"height":71,"caption":"CREES | Centro Regional de Estrategias Econ\u00f3micas Sostenibles"},"image":{"@id":"https:\/\/crees.org.do\/#\/schema\/logo\/image\/"},"sameAs":["https:\/\/www.facebook.com\/CREESRD\/","https:\/\/x.com\/CREESRD"]},{"@type":"Person","@id":"https:\/\/crees.org.do\/#\/schema\/person\/e7f97cd94d7bf9cd0e0ce30acb7d56b8","name":"Crees","image":{"@type":"ImageObject","inLanguage":"es","@id":"https:\/\/crees.org.do\/#\/schema\/person\/image\/","url":"https:\/\/secure.gravatar.com\/avatar\/390ac8f0be5d9aa046152553e2dd7011b59a512d89c150f5e5f28bb8d9a0b165?s=96&d=mm&r=g","contentUrl":"https:\/\/secure.gravatar.com\/avatar\/390ac8f0be5d9aa046152553e2dd7011b59a512d89c150f5e5f28bb8d9a0b165?s=96&d=mm&r=g","caption":"Crees"},"url":"https:\/\/crees.org.do\/?author=2"}]}},"_links":{"self":[{"href":"https:\/\/crees.org.do\/index.php?rest_route=\/wp\/v2\/posts\/22763","targetHints":{"allow":["GET"]}}],"collection":[{"href":"https:\/\/crees.org.do\/index.php?rest_route=\/wp\/v2\/posts"}],"about":[{"href":"https:\/\/crees.org.do\/index.php?rest_route=\/wp\/v2\/types\/post"}],"author":[{"embeddable":true,"href":"https:\/\/crees.org.do\/index.php?rest_route=\/wp\/v2\/users\/2"}],"replies":[{"embeddable":true,"href":"https:\/\/crees.org.do\/index.php?rest_route=%2Fwp%2Fv2%2Fcomments&post=22763"}],"version-history":[{"count":1,"href":"https:\/\/crees.org.do\/index.php?rest_route=\/wp\/v2\/posts\/22763\/revisions"}],"predecessor-version":[{"id":22765,"href":"https:\/\/crees.org.do\/index.php?rest_route=\/wp\/v2\/posts\/22763\/revisions\/22765"}],"wp:featuredmedia":[{"embeddable":true,"href":"https:\/\/crees.org.do\/index.php?rest_route=\/wp\/v2\/media\/22764"}],"wp:attachment":[{"href":"https:\/\/crees.org.do\/index.php?rest_route=%2Fwp%2Fv2%2Fmedia&parent=22763"}],"wp:term":[{"taxonomy":"category","embeddable":true,"href":"https:\/\/crees.org.do\/index.php?rest_route=%2Fwp%2Fv2%2Fcategories&post=22763"},{"taxonomy":"post_tag","embeddable":true,"href":"https:\/\/crees.org.do\/index.php?rest_route=%2Fwp%2Fv2%2Ftags&post=22763"}],"curies":[{"name":"wp","href":"https:\/\/api.w.org\/{rel}","templated":true}]}}