{"id":22766,"date":"2022-02-23T14:02:58","date_gmt":"2022-02-23T14:02:58","guid":{"rendered":"https:\/\/crees.org.do\/?p=22766"},"modified":"2022-03-03T14:04:02","modified_gmt":"2022-03-03T14:04:02","slug":"el-pais-fue-el-cuarto-con-mayor-inflacion","status":"publish","type":"post","link":"https:\/\/crees.org.do\/?p=22766","title":{"rendered":"El pa\u00eds fue el cuarto con mayor inflaci\u00f3n"},"content":{"rendered":"<p>Autor: List\u00edn Diario<\/p>\n<p>Fecha: 23 de febrero del 2022<\/p>\n<p>Extra\u00eddo de: <a href=\"https:\/\/listindiario.com\/la-republica\/2022\/02\/23\/710213\/el-pais-fue-el-cuarto-con-mayor-inflacion\">List\u00edn Diario\u00a0<\/a><\/p>\n<p style=\"text-align: justify;\">En enero de 2022, la in\u00adflaci\u00f3n interanual, es de\u00adcir, la variaci\u00f3n del \u00cdndice de Precios al Consumidor (IPC) con respecto a ene\u00adro de 2021 en Rep\u00fablica Dominicana fue de 8.7%, ubic\u00e1ndose como el cuarto pa\u00eds en la regi\u00f3n con ma\u00adyor incremento interanual en sus precios; supera\u00addo solo por Brasil (10.4%), Argentina (50.7%) y Ve\u00adnezuela (405.0%). Bolivia (0.7%), Ecuador (2.6%) y Panam\u00e1 (2.6%) fueron los pa\u00edses con menor incre\u00admento en sus precios.<\/p>\n<p style=\"text-align: justify;\">La informaci\u00f3n corres\u00adponde a una investigaci\u00f3n del CREES (Centro Regio\u00adnal de Estrategias Econ\u00f3\u00admicas Sostenibles) en base a informaci\u00f3n de la OCDE (Organizaci\u00f3n para la Co\u00adoperaci\u00f3n y el Desarrollo Econ\u00f3micos) y bancos cen\u00adtrales. \u00bfPor qu\u00e9 diferentes econom\u00edas del mundo es\u00adt\u00e1n evidenciando mayores incrementos en sus precios que los que se produc\u00edan antes de la pandemia de Co\u00advid-19? Las econom\u00edas del mundo est\u00e1n experimen\u00adtando un per\u00edodo de infla\u00adci\u00f3n que tiene sus or\u00edgenes en las medidas expansionis\u00adtas de los bancos centrales.<\/p>\n<p style=\"text-align: justify;\">La Reserva Federal de Es\u00adtados Unidos, al igual que otros bancos centrales im\u00adportantes del mundo, ha re\u00adconocido que la inflaci\u00f3n no es temporal. El argumen\u00adto de que los cuellos de bo\u00adtella en las cadenas de pro\u00adducci\u00f3n eran la principal causa del incremento en los precios empieza a perder importancia y cada vez re\u00adsulta m\u00e1s evidente que un incremento generalizado y sostenido de precios se debe al aumento de la can\u00adtidad de moneda. Si bien los bancos centrales han empezado a reaccionar es importante aclarar que las condiciones internacio\u00adnales a\u00fan est\u00e1n dadas para que se sigan incrementos en los precios.<\/p>\n<p style=\"text-align: justify;\"><strong>AM\u00c9RICA LATINA<\/strong><br \/>\n<strong>Tiempo.<\/strong><br \/>\nLa normalizaci\u00f3n monetaria a nivel mundial tomar\u00e1 tiempo y hasta que esto no ocurra y no se absorba la cantidad de dinero ya creada, los aumentos de precios seguir\u00e1n afectando a los ciudadanos del mundo. Ya que las condiciones monetarias est\u00e1n determinando los costos.<\/p>\n<div class=\"pvc_clear\"><\/div>\n<p class=\"pvc_stats all \" data-element-id=\"22766\" style=\"\"><i class=\"pvc-stats-icon medium\" aria-hidden=\"true\"><svg aria-hidden=\"true\" focusable=\"false\" data-prefix=\"far\" data-icon=\"chart-bar\" role=\"img\" xmlns=\"http:\/\/www.w3.org\/2000\/svg\" viewBox=\"0 0 512 512\" class=\"svg-inline--fa fa-chart-bar fa-w-16 fa-2x\"><path fill=\"currentColor\" d=\"M396.8 352h22.4c6.4 0 12.8-6.4 12.8-12.8V108.8c0-6.4-6.4-12.8-12.8-12.8h-22.4c-6.4 0-12.8 6.4-12.8 12.8v230.4c0 6.4 6.4 12.8 12.8 12.8zm-192 0h22.4c6.4 0 12.8-6.4 12.8-12.8V140.8c0-6.4-6.4-12.8-12.8-12.8h-22.4c-6.4 0-12.8 6.4-12.8 12.8v198.4c0 6.4 6.4 12.8 12.8 12.8zm96 0h22.4c6.4 0 12.8-6.4 12.8-12.8V204.8c0-6.4-6.4-12.8-12.8-12.8h-22.4c-6.4 0-12.8 6.4-12.8 12.8v134.4c0 6.4 6.4 12.8 12.8 12.8zM496 400H48V80c0-8.84-7.16-16-16-16H16C7.16 64 0 71.16 0 80v336c0 17.67 14.33 32 32 32h464c8.84 0 16-7.16 16-16v-16c0-8.84-7.16-16-16-16zm-387.2-48h22.4c6.4 0 12.8-6.4 12.8-12.8v-70.4c0-6.4-6.4-12.8-12.8-12.8h-22.4c-6.4 0-12.8 6.4-12.8 12.8v70.4c0 6.4 6.4 12.8 12.8 12.8z\" class=\"\"><\/path><\/svg><\/i> Vistas Totales&nbsp;1,029&nbsp;, Vistas Hoy&nbsp;2&nbsp;<\/p>\n<div class=\"pvc_clear\"><\/div>\n","protected":false},"excerpt":{"rendered":"<p>Autor: List\u00edn Diario Fecha: 23 de febrero del 2022 Extra\u00eddo de: List\u00edn Diario\u00a0 En enero de 2022, la in\u00adflaci\u00f3n interanual, es de\u00adcir, la variaci\u00f3n del \u00cdndice de Precios al Consumidor (IPC) con respecto a ene\u00adro de 2021 en Rep\u00fablica Dominicana fue de 8.7%, ubic\u00e1ndose como el cuarto pa\u00eds en la regi\u00f3n con ma\u00adyor incremento interanual&#8230;<\/p>\n<div class=\"pvc_clear\"><\/div>\n<p class=\"pvc_stats all \" data-element-id=\"22766\" style=\"\"><i class=\"pvc-stats-icon medium\" aria-hidden=\"true\"><svg aria-hidden=\"true\" focusable=\"false\" data-prefix=\"far\" data-icon=\"chart-bar\" role=\"img\" xmlns=\"http:\/\/www.w3.org\/2000\/svg\" viewBox=\"0 0 512 512\" class=\"svg-inline--fa fa-chart-bar fa-w-16 fa-2x\"><path fill=\"currentColor\" d=\"M396.8 352h22.4c6.4 0 12.8-6.4 12.8-12.8V108.8c0-6.4-6.4-12.8-12.8-12.8h-22.4c-6.4 0-12.8 6.4-12.8 12.8v230.4c0 6.4 6.4 12.8 12.8 12.8zm-192 0h22.4c6.4 0 12.8-6.4 12.8-12.8V140.8c0-6.4-6.4-12.8-12.8-12.8h-22.4c-6.4 0-12.8 6.4-12.8 12.8v198.4c0 6.4 6.4 12.8 12.8 12.8zm96 0h22.4c6.4 0 12.8-6.4 12.8-12.8V204.8c0-6.4-6.4-12.8-12.8-12.8h-22.4c-6.4 0-12.8 6.4-12.8 12.8v134.4c0 6.4 6.4 12.8 12.8 12.8zM496 400H48V80c0-8.84-7.16-16-16-16H16C7.16 64 0 71.16 0 80v336c0 17.67 14.33 32 32 32h464c8.84 0 16-7.16 16-16v-16c0-8.84-7.16-16-16-16zm-387.2-48h22.4c6.4 0 12.8-6.4 12.8-12.8v-70.4c0-6.4-6.4-12.8-12.8-12.8h-22.4c-6.4 0-12.8 6.4-12.8 12.8v70.4c0 6.4 6.4 12.8 12.8 12.8z\" class=\"\"><\/path><\/svg><\/i> Vistas Totales&nbsp;1,029&nbsp;, Vistas Hoy&nbsp;2&nbsp;<\/p>\n<div class=\"pvc_clear\"><\/div>\n","protected":false},"author":2,"featured_media":22767,"comment_status":"closed","ping_status":"closed","sticky":false,"template":"","format":"standard","meta":{"footnotes":""},"categories":[19],"tags":[],"class_list":["post-22766","post","type-post","status-publish","format-standard","has-post-thumbnail","hentry","category-actualidad"],"yoast_head":"<!-- This site is optimized with the Yoast SEO plugin v25.2 - https:\/\/yoast.com\/wordpress\/plugins\/seo\/ -->\n<title>El pa\u00eds fue el cuarto con mayor inflaci\u00f3n | CREES<\/title>\n<meta name=\"robots\" content=\"index, follow, max-snippet:-1, max-image-preview:large, max-video-preview:-1\" \/>\n<link rel=\"canonical\" href=\"https:\/\/crees.org.do\/?p=22766\" \/>\n<meta property=\"og:locale\" content=\"es_ES\" \/>\n<meta property=\"og:type\" content=\"article\" \/>\n<meta property=\"og:title\" content=\"El pa\u00eds fue el cuarto con mayor inflaci\u00f3n | CREES\" \/>\n<meta property=\"og:description\" content=\"Autor: List\u00edn Diario Fecha: 23 de febrero del 2022 Extra\u00eddo de: List\u00edn Diario\u00a0 En enero de 2022, la in\u00adflaci\u00f3n interanual, es de\u00adcir, la variaci\u00f3n del \u00cdndice de Precios al Consumidor (IPC) con respecto a ene\u00adro de 2021 en Rep\u00fablica Dominicana fue de 8.7%, ubic\u00e1ndose como el cuarto pa\u00eds en la regi\u00f3n con ma\u00adyor incremento interanual...\" \/>\n<meta property=\"og:url\" content=\"https:\/\/crees.org.do\/?p=22766\" \/>\n<meta property=\"og:site_name\" content=\"CREES\" \/>\n<meta property=\"article:publisher\" content=\"https:\/\/www.facebook.com\/CREESRD\/\" \/>\n<meta property=\"article:published_time\" content=\"2022-02-23T14:02:58+00:00\" \/>\n<meta property=\"article:modified_time\" content=\"2022-03-03T14:04:02+00:00\" \/>\n<meta property=\"og:image\" content=\"https:\/\/crees.org.do\/wp-content\/uploads\/2022\/03\/202202230444311.jpg\" \/>\n\t<meta property=\"og:image:width\" content=\"595\" \/>\n\t<meta property=\"og:image:height\" content=\"460\" \/>\n\t<meta property=\"og:image:type\" content=\"image\/jpeg\" \/>\n<meta name=\"author\" content=\"Crees\" \/>\n<meta name=\"twitter:card\" content=\"summary_large_image\" \/>\n<meta name=\"twitter:creator\" content=\"@CREESRD\" \/>\n<meta name=\"twitter:site\" content=\"@CREESRD\" \/>\n<meta name=\"twitter:label1\" content=\"Escrito por\" \/>\n\t<meta name=\"twitter:data1\" content=\"Crees\" \/>\n\t<meta name=\"twitter:label2\" content=\"Tiempo de lectura\" \/>\n\t<meta name=\"twitter:data2\" content=\"2 minutos\" \/>\n<script type=\"application\/ld+json\" class=\"yoast-schema-graph\">{\"@context\":\"https:\/\/schema.org\",\"@graph\":[{\"@type\":\"Article\",\"@id\":\"https:\/\/crees.org.do\/?p=22766#article\",\"isPartOf\":{\"@id\":\"https:\/\/crees.org.do\/?p=22766\"},\"author\":{\"name\":\"Crees\",\"@id\":\"https:\/\/crees.org.do\/#\/schema\/person\/e7f97cd94d7bf9cd0e0ce30acb7d56b8\"},\"headline\":\"El pa\u00eds fue el cuarto con mayor inflaci\u00f3n\",\"datePublished\":\"2022-02-23T14:02:58+00:00\",\"dateModified\":\"2022-03-03T14:04:02+00:00\",\"mainEntityOfPage\":{\"@id\":\"https:\/\/crees.org.do\/?p=22766\"},\"wordCount\":366,\"publisher\":{\"@id\":\"https:\/\/crees.org.do\/#organization\"},\"image\":{\"@id\":\"https:\/\/crees.org.do\/?p=22766#primaryimage\"},\"thumbnailUrl\":\"https:\/\/crees.org.do\/wp-content\/uploads\/2022\/03\/202202230444311.jpg\",\"articleSection\":[\"Actualidad\"],\"inLanguage\":\"es\"},{\"@type\":\"WebPage\",\"@id\":\"https:\/\/crees.org.do\/?p=22766\",\"url\":\"https:\/\/crees.org.do\/?p=22766\",\"name\":\"El pa\u00eds fue el cuarto con mayor inflaci\u00f3n | CREES\",\"isPartOf\":{\"@id\":\"https:\/\/crees.org.do\/#website\"},\"primaryImageOfPage\":{\"@id\":\"https:\/\/crees.org.do\/?p=22766#primaryimage\"},\"image\":{\"@id\":\"https:\/\/crees.org.do\/?p=22766#primaryimage\"},\"thumbnailUrl\":\"https:\/\/crees.org.do\/wp-content\/uploads\/2022\/03\/202202230444311.jpg\",\"datePublished\":\"2022-02-23T14:02:58+00:00\",\"dateModified\":\"2022-03-03T14:04:02+00:00\",\"breadcrumb\":{\"@id\":\"https:\/\/crees.org.do\/?p=22766#breadcrumb\"},\"inLanguage\":\"es\",\"potentialAction\":[{\"@type\":\"ReadAction\",\"target\":[\"https:\/\/crees.org.do\/?p=22766\"]}]},{\"@type\":\"ImageObject\",\"inLanguage\":\"es\",\"@id\":\"https:\/\/crees.org.do\/?p=22766#primaryimage\",\"url\":\"https:\/\/crees.org.do\/wp-content\/uploads\/2022\/03\/202202230444311.jpg\",\"contentUrl\":\"https:\/\/crees.org.do\/wp-content\/uploads\/2022\/03\/202202230444311.jpg\",\"width\":595,\"height\":460},{\"@type\":\"BreadcrumbList\",\"@id\":\"https:\/\/crees.org.do\/?p=22766#breadcrumb\",\"itemListElement\":[{\"@type\":\"ListItem\",\"position\":1,\"name\":\"Portada\",\"item\":\"https:\/\/crees.org.do\/\"},{\"@type\":\"ListItem\",\"position\":2,\"name\":\"El pa\u00eds fue el cuarto con mayor inflaci\u00f3n\"}]},{\"@type\":\"WebSite\",\"@id\":\"https:\/\/crees.org.do\/#website\",\"url\":\"https:\/\/crees.org.do\/\",\"name\":\"CREES\",\"description\":\"Centro Regional de Estrategias Econ\u00f3micas Sostenibles\",\"publisher\":{\"@id\":\"https:\/\/crees.org.do\/#organization\"},\"potentialAction\":[{\"@type\":\"SearchAction\",\"target\":{\"@type\":\"EntryPoint\",\"urlTemplate\":\"https:\/\/crees.org.do\/?s={search_term_string}\"},\"query-input\":{\"@type\":\"PropertyValueSpecification\",\"valueRequired\":true,\"valueName\":\"search_term_string\"}}],\"inLanguage\":\"es\"},{\"@type\":\"Organization\",\"@id\":\"https:\/\/crees.org.do\/#organization\",\"name\":\"CREES | Centro Regional de Estrategias Econ\u00f3micas Sostenibles\",\"url\":\"https:\/\/crees.org.do\/\",\"logo\":{\"@type\":\"ImageObject\",\"inLanguage\":\"es\",\"@id\":\"https:\/\/crees.org.do\/#\/schema\/logo\/image\/\",\"url\":\"https:\/\/crees.org.do\/wp-content\/uploads\/2022\/03\/crees-logo-1.jpg\",\"contentUrl\":\"https:\/\/crees.org.do\/wp-content\/uploads\/2022\/03\/crees-logo-1.jpg\",\"width\":244,\"height\":71,\"caption\":\"CREES | Centro Regional de Estrategias Econ\u00f3micas Sostenibles\"},\"image\":{\"@id\":\"https:\/\/crees.org.do\/#\/schema\/logo\/image\/\"},\"sameAs\":[\"https:\/\/www.facebook.com\/CREESRD\/\",\"https:\/\/x.com\/CREESRD\"]},{\"@type\":\"Person\",\"@id\":\"https:\/\/crees.org.do\/#\/schema\/person\/e7f97cd94d7bf9cd0e0ce30acb7d56b8\",\"name\":\"Crees\",\"image\":{\"@type\":\"ImageObject\",\"inLanguage\":\"es\",\"@id\":\"https:\/\/crees.org.do\/#\/schema\/person\/image\/\",\"url\":\"https:\/\/secure.gravatar.com\/avatar\/390ac8f0be5d9aa046152553e2dd7011b59a512d89c150f5e5f28bb8d9a0b165?s=96&d=mm&r=g\",\"contentUrl\":\"https:\/\/secure.gravatar.com\/avatar\/390ac8f0be5d9aa046152553e2dd7011b59a512d89c150f5e5f28bb8d9a0b165?s=96&d=mm&r=g\",\"caption\":\"Crees\"},\"url\":\"https:\/\/crees.org.do\/?author=2\"}]}<\/script>\n<!-- \/ Yoast SEO plugin. -->","yoast_head_json":{"title":"El pa\u00eds fue el cuarto con mayor inflaci\u00f3n | CREES","robots":{"index":"index","follow":"follow","max-snippet":"max-snippet:-1","max-image-preview":"max-image-preview:large","max-video-preview":"max-video-preview:-1"},"canonical":"https:\/\/crees.org.do\/?p=22766","og_locale":"es_ES","og_type":"article","og_title":"El pa\u00eds fue el cuarto con mayor inflaci\u00f3n | CREES","og_description":"Autor: List\u00edn Diario Fecha: 23 de febrero del 2022 Extra\u00eddo de: List\u00edn Diario\u00a0 En enero de 2022, la in\u00adflaci\u00f3n interanual, es de\u00adcir, la variaci\u00f3n del \u00cdndice de Precios al Consumidor (IPC) con respecto a ene\u00adro de 2021 en Rep\u00fablica Dominicana fue de 8.7%, ubic\u00e1ndose como el cuarto pa\u00eds en la regi\u00f3n con ma\u00adyor incremento interanual...","og_url":"https:\/\/crees.org.do\/?p=22766","og_site_name":"CREES","article_publisher":"https:\/\/www.facebook.com\/CREESRD\/","article_published_time":"2022-02-23T14:02:58+00:00","article_modified_time":"2022-03-03T14:04:02+00:00","og_image":[{"width":595,"height":460,"url":"https:\/\/crees.org.do\/wp-content\/uploads\/2022\/03\/202202230444311.jpg","type":"image\/jpeg"}],"author":"Crees","twitter_card":"summary_large_image","twitter_creator":"@CREESRD","twitter_site":"@CREESRD","twitter_misc":{"Escrito por":"Crees","Tiempo de lectura":"2 minutos"},"schema":{"@context":"https:\/\/schema.org","@graph":[{"@type":"Article","@id":"https:\/\/crees.org.do\/?p=22766#article","isPartOf":{"@id":"https:\/\/crees.org.do\/?p=22766"},"author":{"name":"Crees","@id":"https:\/\/crees.org.do\/#\/schema\/person\/e7f97cd94d7bf9cd0e0ce30acb7d56b8"},"headline":"El pa\u00eds fue el cuarto con mayor inflaci\u00f3n","datePublished":"2022-02-23T14:02:58+00:00","dateModified":"2022-03-03T14:04:02+00:00","mainEntityOfPage":{"@id":"https:\/\/crees.org.do\/?p=22766"},"wordCount":366,"publisher":{"@id":"https:\/\/crees.org.do\/#organization"},"image":{"@id":"https:\/\/crees.org.do\/?p=22766#primaryimage"},"thumbnailUrl":"https:\/\/crees.org.do\/wp-content\/uploads\/2022\/03\/202202230444311.jpg","articleSection":["Actualidad"],"inLanguage":"es"},{"@type":"WebPage","@id":"https:\/\/crees.org.do\/?p=22766","url":"https:\/\/crees.org.do\/?p=22766","name":"El pa\u00eds fue el cuarto con mayor inflaci\u00f3n | CREES","isPartOf":{"@id":"https:\/\/crees.org.do\/#website"},"primaryImageOfPage":{"@id":"https:\/\/crees.org.do\/?p=22766#primaryimage"},"image":{"@id":"https:\/\/crees.org.do\/?p=22766#primaryimage"},"thumbnailUrl":"https:\/\/crees.org.do\/wp-content\/uploads\/2022\/03\/202202230444311.jpg","datePublished":"2022-02-23T14:02:58+00:00","dateModified":"2022-03-03T14:04:02+00:00","breadcrumb":{"@id":"https:\/\/crees.org.do\/?p=22766#breadcrumb"},"inLanguage":"es","potentialAction":[{"@type":"ReadAction","target":["https:\/\/crees.org.do\/?p=22766"]}]},{"@type":"ImageObject","inLanguage":"es","@id":"https:\/\/crees.org.do\/?p=22766#primaryimage","url":"https:\/\/crees.org.do\/wp-content\/uploads\/2022\/03\/202202230444311.jpg","contentUrl":"https:\/\/crees.org.do\/wp-content\/uploads\/2022\/03\/202202230444311.jpg","width":595,"height":460},{"@type":"BreadcrumbList","@id":"https:\/\/crees.org.do\/?p=22766#breadcrumb","itemListElement":[{"@type":"ListItem","position":1,"name":"Portada","item":"https:\/\/crees.org.do\/"},{"@type":"ListItem","position":2,"name":"El pa\u00eds fue el cuarto con mayor inflaci\u00f3n"}]},{"@type":"WebSite","@id":"https:\/\/crees.org.do\/#website","url":"https:\/\/crees.org.do\/","name":"CREES","description":"Centro Regional de Estrategias Econ\u00f3micas Sostenibles","publisher":{"@id":"https:\/\/crees.org.do\/#organization"},"potentialAction":[{"@type":"SearchAction","target":{"@type":"EntryPoint","urlTemplate":"https:\/\/crees.org.do\/?s={search_term_string}"},"query-input":{"@type":"PropertyValueSpecification","valueRequired":true,"valueName":"search_term_string"}}],"inLanguage":"es"},{"@type":"Organization","@id":"https:\/\/crees.org.do\/#organization","name":"CREES | Centro Regional de Estrategias Econ\u00f3micas Sostenibles","url":"https:\/\/crees.org.do\/","logo":{"@type":"ImageObject","inLanguage":"es","@id":"https:\/\/crees.org.do\/#\/schema\/logo\/image\/","url":"https:\/\/crees.org.do\/wp-content\/uploads\/2022\/03\/crees-logo-1.jpg","contentUrl":"https:\/\/crees.org.do\/wp-content\/uploads\/2022\/03\/crees-logo-1.jpg","width":244,"height":71,"caption":"CREES | Centro Regional de Estrategias Econ\u00f3micas Sostenibles"},"image":{"@id":"https:\/\/crees.org.do\/#\/schema\/logo\/image\/"},"sameAs":["https:\/\/www.facebook.com\/CREESRD\/","https:\/\/x.com\/CREESRD"]},{"@type":"Person","@id":"https:\/\/crees.org.do\/#\/schema\/person\/e7f97cd94d7bf9cd0e0ce30acb7d56b8","name":"Crees","image":{"@type":"ImageObject","inLanguage":"es","@id":"https:\/\/crees.org.do\/#\/schema\/person\/image\/","url":"https:\/\/secure.gravatar.com\/avatar\/390ac8f0be5d9aa046152553e2dd7011b59a512d89c150f5e5f28bb8d9a0b165?s=96&d=mm&r=g","contentUrl":"https:\/\/secure.gravatar.com\/avatar\/390ac8f0be5d9aa046152553e2dd7011b59a512d89c150f5e5f28bb8d9a0b165?s=96&d=mm&r=g","caption":"Crees"},"url":"https:\/\/crees.org.do\/?author=2"}]}},"_links":{"self":[{"href":"https:\/\/crees.org.do\/index.php?rest_route=\/wp\/v2\/posts\/22766","targetHints":{"allow":["GET"]}}],"collection":[{"href":"https:\/\/crees.org.do\/index.php?rest_route=\/wp\/v2\/posts"}],"about":[{"href":"https:\/\/crees.org.do\/index.php?rest_route=\/wp\/v2\/types\/post"}],"author":[{"embeddable":true,"href":"https:\/\/crees.org.do\/index.php?rest_route=\/wp\/v2\/users\/2"}],"replies":[{"embeddable":true,"href":"https:\/\/crees.org.do\/index.php?rest_route=%2Fwp%2Fv2%2Fcomments&post=22766"}],"version-history":[{"count":2,"href":"https:\/\/crees.org.do\/index.php?rest_route=\/wp\/v2\/posts\/22766\/revisions"}],"predecessor-version":[{"id":22769,"href":"https:\/\/crees.org.do\/index.php?rest_route=\/wp\/v2\/posts\/22766\/revisions\/22769"}],"wp:featuredmedia":[{"embeddable":true,"href":"https:\/\/crees.org.do\/index.php?rest_route=\/wp\/v2\/media\/22767"}],"wp:attachment":[{"href":"https:\/\/crees.org.do\/index.php?rest_route=%2Fwp%2Fv2%2Fmedia&parent=22766"}],"wp:term":[{"taxonomy":"category","embeddable":true,"href":"https:\/\/crees.org.do\/index.php?rest_route=%2Fwp%2Fv2%2Fcategories&post=22766"},{"taxonomy":"post_tag","embeddable":true,"href":"https:\/\/crees.org.do\/index.php?rest_route=%2Fwp%2Fv2%2Ftags&post=22766"}],"curies":[{"name":"wp","href":"https:\/\/api.w.org\/{rel}","templated":true}]}}