{"id":22773,"date":"2022-03-01T14:20:31","date_gmt":"2022-03-01T14:20:31","guid":{"rendered":"https:\/\/crees.org.do\/?p=22773"},"modified":"2022-03-03T14:21:01","modified_gmt":"2022-03-03T14:21:01","slug":"por-que-la-inflacion-dominicana-es-la-cuarta-mas-alta-de-los-grandes-paises-de-al","status":"publish","type":"post","link":"https:\/\/crees.org.do\/?p=22773","title":{"rendered":"Por qu\u00e9 la inflaci\u00f3n dominicana es la cuarta m\u00e1s alta de los grandes pa\u00edses de AL"},"content":{"rendered":"<p style=\"text-align: justify;\">Autor: Natali Faxas<\/p>\n<p style=\"text-align: justify;\">Fecha: 1 de marzo del 2022<\/p>\n<p style=\"text-align: justify;\">Extra\u00eddo de: <a href=\"https:\/\/acento.com.do\/el-financiero\/por-que-la-inflacion-dominicana-es-la-cuarta-mas-alta-de-los-grandes-paises-de-al-9037700.html\">Acento<\/a><\/p>\n<p style=\"text-align: justify;\">Si se miran los registros de inflaci\u00f3n agrupados por la Comisi\u00f3n Econ\u00f3mica para Am\u00e9rica Latina y el Caribe (Cepal) de los pa\u00edses de la regi\u00f3n, en su reciente &#8220;Balance Preliminar de las Econom\u00edas de Am\u00e9rica Latina y el Caribe&#8221;, la Rep\u00fablica Dominicana se encuentra entre los pa\u00edses con mayor inflaci\u00f3n, solo detr\u00e1s de vecinos estados con situaci\u00f3n de &#8220;inflaci\u00f3n cr\u00f3nica&#8221;.<\/p>\n<p style=\"text-align: justify;\">De 14 pa\u00edses de la regi\u00f3n en los que se ha reflejado el comportamiento de la inflaci\u00f3n entre diciembre del 2020 y septiembre del 2021, la Rep\u00fablica Dominicana, con una inflaci\u00f3n interanual de 8.5%, queda en cuarta posici\u00f3n, detr\u00e1s de Venezuela, que registr\u00f3 una exorbitante inflaci\u00f3n interanual de 686.4%; Argentina, con 50.9%, y Brasil, con 10%. Fuera de estos tres pa\u00edses, la Cepal ubic\u00f3 la inflaci\u00f3n general para la regi\u00f3n en 7.2%, quedando el pa\u00eds todav\u00eda por encima de la media.<\/p>\n<p style=\"text-align: justify;\">El gr\u00e1fico a continuaci\u00f3n, excluye los grandes pa\u00edses de Am\u00e9rica Latina que registraron una inflaci\u00f3n por encima del 10% (Venezuela y Argentina).<\/p>\n<p style=\"text-align: justify;\">Inflaci\u00f3n en latinoam\u00e9rica<\/p>\n<p style=\"text-align: justify;\">Una de las razones por las cuales el pa\u00eds sobrepasa el promedio generalizado de inflaci\u00f3n, la otorga el economista Miguel Collado Di Franco, titular de la Vicepresidencia Ejecutiva del Centro Regional de Estrategias Econ\u00f3micas Sostenibles (CREES). El profesional explica que apenas sobre tres grupos de bienes recae el 53.47% de ponderaci\u00f3n de \u00cdndice del Precio al Consumidor (IPC), que son Alimentos y bebidas no alcoh\u00f3licas, transporte y vivienda.<\/p>\n<p style=\"text-align: justify;\">Cada pa\u00eds, agrega Collado Di Franco, tiene ponderaciones diferentes y diferencias en los grupos de bienes. &#8220;En Rep\u00fablica Dominicana, de acuerdo al patr\u00f3n de consumo determinado por las autoridades, esos tres grupos tienen alta incidencia por lo que representan para los hogares. y por tanto, para medir la inflaci\u00f3n&#8221;.<\/p>\n<p style=\"text-align: justify;\">Antonio Ciriaco, vicedecano de la Facultad de Econom\u00eda de la Universidad Aut\u00f3noma de Santo Domingo (UASD), coincide en la alta incidencia que tienen los alimentos, transporte y vivienda para reflejar los niveles de inflaci\u00f3n que tiene la econom\u00eda dominicana, y a su vez, agrega otros factores m\u00e1s puntuales, como es la alta intermediaci\u00f3n y la poca competencia que interviene en la producci\u00f3n y distribuci\u00f3n de alimentos, para fijar el precio final.<\/p>\n<p style=\"text-align: justify;\">En el caso de los combustibles, agrega Ciriaco, hay pocos oferentes, poca competencia y adem\u00e1s, existe una alta carga impositiva que no tienen otros pa\u00edses. Sobre las viviendas, se\u00f1al\u00f3 el acad\u00e9mico de la UASD, estas se cotizan en d\u00f3lares y el mercado est\u00e1 muy dirigido al dominicano que vive en extranjero y quiere invertir.<\/p>\n<p style=\"text-align: justify;\">Un factor que ha sido determinante para registrar estos niveles de inflaci\u00f3n, recuerda el economista Nelson Suarez, es el impacto que tiene el precio de los combustibles en la econom\u00eda local, por ser la dominicana una econom\u00eda muy abierta, con alta dependencia de insumos importados. &#8220;Y esto favorece que en la situaci\u00f3n de alteraciones en las cadenas de suministro seamos muy vulnerables a los aumentos de los fletes y el transporte&#8221;, indica Suarez.<\/p>\n<p style=\"text-align: justify;\">Tenemos muchos factores de riesgos inflacionarios que quiz\u00e1 otros pa\u00edses no tienen&#8221;, Nelson Suarez<\/p>\n<p style=\"text-align: justify;\">A eso, comenta Suarez, se le agrega los efectos del est\u00edmulo monetario implementado por el Banco Central.<\/p>\n<p style=\"text-align: justify;\"><strong>Los aumentos<\/strong><\/p>\n<p style=\"text-align: justify;\">El &#8220;Balance Preliminar de las Econom\u00edas de Am\u00e9rica Latina y el Caribe&#8221; de CEPAL recoge las variaciones de precios entre diciembre del 2020 y septiembre del 2021 de las principales materias primas: el petr\u00f3leo West Texas Intermediate (WTI) que se toma como referencia para fijar los precios de las gasolinas cada viernes en el pa\u00eds, se increment\u00f3 un 54.6% y el trigo subi\u00f3 un 13.3% su valor.<\/p>\n<p style=\"text-align: justify;\">Este 27 de Febrero, D\u00eda de la Independencia, el presidente Luis Abinader rindi\u00f3 cuentas al pa\u00eds, y dio a conocer las medidas de car\u00e1cter econ\u00f3mico a tomar para reducir los efectos locales del conflicto internacional Rusia-Ucrania, que se suman a los ya arrastrado por la pandemia del COVID-19. La inclusi\u00f3n a partir de la semana pr\u00f3xima de 300,000 nuevos beneficiarios al programa de asistencia social Sup\u00e9rate, form\u00f3 parte de los anuncios. Y es que el propio Abinader explic\u00f3 c\u00f3mo este conflicto militar, terminar\u00eda afectando la econom\u00eda local, debido a la inestabilidad de los precios de estas materias primas en el mercado internacional.<\/p>\n<p style=\"text-align: justify;\"><strong>Qu\u00e9 dice CEPAL<\/strong><\/p>\n<p style=\"text-align: justify;\">El &#8220;Balance Preliminar de las Econom\u00edas de Am\u00e9rica Latina y el Caribe&#8221; de Cepal apunta que este a\u00f1o 2022 se espera que la regi\u00f3n enfrente un escenario externo m\u00e1s complejo, con un menor dinamismo econ\u00f3mico y mayor volatilidad monetaria y financiera. Y esto debido a la incertidumbre que todav\u00eda se mueve en torno a la din\u00e1mica de la pandemia del COVID-19, el crecimiento e inflaci\u00f3n, siendo esta \u00faltima cifra para septiembre del 2021 , una de las mayores observadas en varios a\u00f1os en la regi\u00f3n.<\/p>\n<p style=\"text-align: justify;\">&#8220;En el contexto de los pa\u00edses de la regi\u00f3n, la coyuntura macroecon\u00f3mica tambi\u00e9n se volver\u00e1 m\u00e1s incierta y compleja en 2022, con un crecimiento econ\u00f3mico y una recuperaci\u00f3n del empleo m\u00e1s lenta de lo anticipado, mayores presiones inflacionarias y una elevada volatilidad cambiaria, que se sumar\u00e1n a los bajos niveles de inversi\u00f3n y productividad, y los altos niveles de informalidad, desigualdad y pobreza&#8221;, advierte Cepal<\/p>\n<div class=\"pvc_clear\"><\/div>\n<p class=\"pvc_stats all \" data-element-id=\"22773\" style=\"\"><i class=\"pvc-stats-icon medium\" aria-hidden=\"true\"><svg aria-hidden=\"true\" focusable=\"false\" data-prefix=\"far\" data-icon=\"chart-bar\" role=\"img\" xmlns=\"http:\/\/www.w3.org\/2000\/svg\" viewBox=\"0 0 512 512\" class=\"svg-inline--fa fa-chart-bar fa-w-16 fa-2x\"><path fill=\"currentColor\" d=\"M396.8 352h22.4c6.4 0 12.8-6.4 12.8-12.8V108.8c0-6.4-6.4-12.8-12.8-12.8h-22.4c-6.4 0-12.8 6.4-12.8 12.8v230.4c0 6.4 6.4 12.8 12.8 12.8zm-192 0h22.4c6.4 0 12.8-6.4 12.8-12.8V140.8c0-6.4-6.4-12.8-12.8-12.8h-22.4c-6.4 0-12.8 6.4-12.8 12.8v198.4c0 6.4 6.4 12.8 12.8 12.8zm96 0h22.4c6.4 0 12.8-6.4 12.8-12.8V204.8c0-6.4-6.4-12.8-12.8-12.8h-22.4c-6.4 0-12.8 6.4-12.8 12.8v134.4c0 6.4 6.4 12.8 12.8 12.8zM496 400H48V80c0-8.84-7.16-16-16-16H16C7.16 64 0 71.16 0 80v336c0 17.67 14.33 32 32 32h464c8.84 0 16-7.16 16-16v-16c0-8.84-7.16-16-16-16zm-387.2-48h22.4c6.4 0 12.8-6.4 12.8-12.8v-70.4c0-6.4-6.4-12.8-12.8-12.8h-22.4c-6.4 0-12.8 6.4-12.8 12.8v70.4c0 6.4 6.4 12.8 12.8 12.8z\" class=\"\"><\/path><\/svg><\/i> Vistas Totales&nbsp;1,319&nbsp;, Vistas Hoy&nbsp;4&nbsp;<\/p>\n<div class=\"pvc_clear\"><\/div>\n","protected":false},"excerpt":{"rendered":"<p>Autor: Natali Faxas Fecha: 1 de marzo del 2022 Extra\u00eddo de: Acento Si se miran los registros de inflaci\u00f3n agrupados por la Comisi\u00f3n Econ\u00f3mica para Am\u00e9rica Latina y el Caribe (Cepal) de los pa\u00edses de la regi\u00f3n, en su reciente &#8220;Balance Preliminar de las Econom\u00edas de Am\u00e9rica Latina y el Caribe&#8221;, la Rep\u00fablica Dominicana se&#8230;<\/p>\n<div class=\"pvc_clear\"><\/div>\n<p class=\"pvc_stats all \" data-element-id=\"22773\" style=\"\"><i class=\"pvc-stats-icon medium\" aria-hidden=\"true\"><svg aria-hidden=\"true\" focusable=\"false\" data-prefix=\"far\" data-icon=\"chart-bar\" role=\"img\" xmlns=\"http:\/\/www.w3.org\/2000\/svg\" viewBox=\"0 0 512 512\" class=\"svg-inline--fa fa-chart-bar fa-w-16 fa-2x\"><path fill=\"currentColor\" d=\"M396.8 352h22.4c6.4 0 12.8-6.4 12.8-12.8V108.8c0-6.4-6.4-12.8-12.8-12.8h-22.4c-6.4 0-12.8 6.4-12.8 12.8v230.4c0 6.4 6.4 12.8 12.8 12.8zm-192 0h22.4c6.4 0 12.8-6.4 12.8-12.8V140.8c0-6.4-6.4-12.8-12.8-12.8h-22.4c-6.4 0-12.8 6.4-12.8 12.8v198.4c0 6.4 6.4 12.8 12.8 12.8zm96 0h22.4c6.4 0 12.8-6.4 12.8-12.8V204.8c0-6.4-6.4-12.8-12.8-12.8h-22.4c-6.4 0-12.8 6.4-12.8 12.8v134.4c0 6.4 6.4 12.8 12.8 12.8zM496 400H48V80c0-8.84-7.16-16-16-16H16C7.16 64 0 71.16 0 80v336c0 17.67 14.33 32 32 32h464c8.84 0 16-7.16 16-16v-16c0-8.84-7.16-16-16-16zm-387.2-48h22.4c6.4 0 12.8-6.4 12.8-12.8v-70.4c0-6.4-6.4-12.8-12.8-12.8h-22.4c-6.4 0-12.8 6.4-12.8 12.8v70.4c0 6.4 6.4 12.8 12.8 12.8z\" class=\"\"><\/path><\/svg><\/i> Vistas Totales&nbsp;1,319&nbsp;, Vistas Hoy&nbsp;4&nbsp;<\/p>\n<div class=\"pvc_clear\"><\/div>\n","protected":false},"author":2,"featured_media":22774,"comment_status":"closed","ping_status":"closed","sticky":false,"template":"","format":"standard","meta":{"footnotes":""},"categories":[19],"tags":[],"class_list":["post-22773","post","type-post","status-publish","format-standard","has-post-thumbnail","hentry","category-actualidad"],"yoast_head":"<!-- This site is optimized with the Yoast SEO plugin v25.2 - https:\/\/yoast.com\/wordpress\/plugins\/seo\/ -->\n<title>Por qu\u00e9 la inflaci\u00f3n dominicana es la cuarta m\u00e1s alta de los grandes pa\u00edses de AL | CREES<\/title>\n<meta name=\"robots\" content=\"index, follow, max-snippet:-1, max-image-preview:large, max-video-preview:-1\" \/>\n<link rel=\"canonical\" href=\"https:\/\/crees.org.do\/?p=22773\" \/>\n<meta property=\"og:locale\" content=\"es_ES\" \/>\n<meta property=\"og:type\" content=\"article\" \/>\n<meta property=\"og:title\" content=\"Por qu\u00e9 la inflaci\u00f3n dominicana es la cuarta m\u00e1s alta de los grandes pa\u00edses de AL | CREES\" \/>\n<meta property=\"og:description\" content=\"Autor: Natali Faxas Fecha: 1 de marzo del 2022 Extra\u00eddo de: Acento Si se miran los registros de inflaci\u00f3n agrupados por la Comisi\u00f3n Econ\u00f3mica para Am\u00e9rica Latina y el Caribe (Cepal) de los pa\u00edses de la regi\u00f3n, en su reciente &#8220;Balance Preliminar de las Econom\u00edas de Am\u00e9rica Latina y el Caribe&#8221;, la Rep\u00fablica Dominicana se...\" \/>\n<meta property=\"og:url\" content=\"https:\/\/crees.org.do\/?p=22773\" \/>\n<meta property=\"og:site_name\" content=\"CREES\" \/>\n<meta property=\"article:publisher\" content=\"https:\/\/www.facebook.com\/CREESRD\/\" \/>\n<meta property=\"article:published_time\" content=\"2022-03-01T14:20:31+00:00\" \/>\n<meta property=\"article:modified_time\" content=\"2022-03-03T14:21:01+00:00\" \/>\n<meta property=\"og:image\" content=\"https:\/\/crees.org.do\/wp-content\/uploads\/2022\/03\/colmado-12-2-728x410-1.jpg\" \/>\n\t<meta property=\"og:image:width\" content=\"728\" \/>\n\t<meta property=\"og:image:height\" content=\"410\" \/>\n\t<meta property=\"og:image:type\" content=\"image\/jpeg\" \/>\n<meta name=\"author\" content=\"Crees\" \/>\n<meta name=\"twitter:card\" content=\"summary_large_image\" \/>\n<meta name=\"twitter:creator\" content=\"@CREESRD\" \/>\n<meta name=\"twitter:site\" content=\"@CREESRD\" \/>\n<meta name=\"twitter:label1\" content=\"Escrito por\" \/>\n\t<meta name=\"twitter:data1\" content=\"Crees\" \/>\n\t<meta name=\"twitter:label2\" content=\"Tiempo de lectura\" \/>\n\t<meta name=\"twitter:data2\" content=\"5 minutos\" \/>\n<script type=\"application\/ld+json\" class=\"yoast-schema-graph\">{\"@context\":\"https:\/\/schema.org\",\"@graph\":[{\"@type\":\"Article\",\"@id\":\"https:\/\/crees.org.do\/?p=22773#article\",\"isPartOf\":{\"@id\":\"https:\/\/crees.org.do\/?p=22773\"},\"author\":{\"name\":\"Crees\",\"@id\":\"https:\/\/crees.org.do\/#\/schema\/person\/e7f97cd94d7bf9cd0e0ce30acb7d56b8\"},\"headline\":\"Por qu\u00e9 la inflaci\u00f3n dominicana es la cuarta m\u00e1s alta de los grandes pa\u00edses de AL\",\"datePublished\":\"2022-03-01T14:20:31+00:00\",\"dateModified\":\"2022-03-03T14:21:01+00:00\",\"mainEntityOfPage\":{\"@id\":\"https:\/\/crees.org.do\/?p=22773\"},\"wordCount\":944,\"publisher\":{\"@id\":\"https:\/\/crees.org.do\/#organization\"},\"image\":{\"@id\":\"https:\/\/crees.org.do\/?p=22773#primaryimage\"},\"thumbnailUrl\":\"https:\/\/crees.org.do\/wp-content\/uploads\/2022\/03\/colmado-12-2-728x410-1.jpg\",\"articleSection\":[\"Actualidad\"],\"inLanguage\":\"es\"},{\"@type\":\"WebPage\",\"@id\":\"https:\/\/crees.org.do\/?p=22773\",\"url\":\"https:\/\/crees.org.do\/?p=22773\",\"name\":\"Por qu\u00e9 la inflaci\u00f3n dominicana es la cuarta m\u00e1s alta de los grandes pa\u00edses de AL | CREES\",\"isPartOf\":{\"@id\":\"https:\/\/crees.org.do\/#website\"},\"primaryImageOfPage\":{\"@id\":\"https:\/\/crees.org.do\/?p=22773#primaryimage\"},\"image\":{\"@id\":\"https:\/\/crees.org.do\/?p=22773#primaryimage\"},\"thumbnailUrl\":\"https:\/\/crees.org.do\/wp-content\/uploads\/2022\/03\/colmado-12-2-728x410-1.jpg\",\"datePublished\":\"2022-03-01T14:20:31+00:00\",\"dateModified\":\"2022-03-03T14:21:01+00:00\",\"breadcrumb\":{\"@id\":\"https:\/\/crees.org.do\/?p=22773#breadcrumb\"},\"inLanguage\":\"es\",\"potentialAction\":[{\"@type\":\"ReadAction\",\"target\":[\"https:\/\/crees.org.do\/?p=22773\"]}]},{\"@type\":\"ImageObject\",\"inLanguage\":\"es\",\"@id\":\"https:\/\/crees.org.do\/?p=22773#primaryimage\",\"url\":\"https:\/\/crees.org.do\/wp-content\/uploads\/2022\/03\/colmado-12-2-728x410-1.jpg\",\"contentUrl\":\"https:\/\/crees.org.do\/wp-content\/uploads\/2022\/03\/colmado-12-2-728x410-1.jpg\",\"width\":728,\"height\":410},{\"@type\":\"BreadcrumbList\",\"@id\":\"https:\/\/crees.org.do\/?p=22773#breadcrumb\",\"itemListElement\":[{\"@type\":\"ListItem\",\"position\":1,\"name\":\"Portada\",\"item\":\"https:\/\/crees.org.do\/\"},{\"@type\":\"ListItem\",\"position\":2,\"name\":\"Por qu\u00e9 la inflaci\u00f3n dominicana es la cuarta m\u00e1s alta de los grandes pa\u00edses de AL\"}]},{\"@type\":\"WebSite\",\"@id\":\"https:\/\/crees.org.do\/#website\",\"url\":\"https:\/\/crees.org.do\/\",\"name\":\"CREES\",\"description\":\"Centro Regional de Estrategias Econ\u00f3micas Sostenibles\",\"publisher\":{\"@id\":\"https:\/\/crees.org.do\/#organization\"},\"potentialAction\":[{\"@type\":\"SearchAction\",\"target\":{\"@type\":\"EntryPoint\",\"urlTemplate\":\"https:\/\/crees.org.do\/?s={search_term_string}\"},\"query-input\":{\"@type\":\"PropertyValueSpecification\",\"valueRequired\":true,\"valueName\":\"search_term_string\"}}],\"inLanguage\":\"es\"},{\"@type\":\"Organization\",\"@id\":\"https:\/\/crees.org.do\/#organization\",\"name\":\"CREES | Centro Regional de Estrategias Econ\u00f3micas Sostenibles\",\"url\":\"https:\/\/crees.org.do\/\",\"logo\":{\"@type\":\"ImageObject\",\"inLanguage\":\"es\",\"@id\":\"https:\/\/crees.org.do\/#\/schema\/logo\/image\/\",\"url\":\"https:\/\/crees.org.do\/wp-content\/uploads\/2022\/03\/crees-logo-1.jpg\",\"contentUrl\":\"https:\/\/crees.org.do\/wp-content\/uploads\/2022\/03\/crees-logo-1.jpg\",\"width\":244,\"height\":71,\"caption\":\"CREES | Centro Regional de Estrategias Econ\u00f3micas Sostenibles\"},\"image\":{\"@id\":\"https:\/\/crees.org.do\/#\/schema\/logo\/image\/\"},\"sameAs\":[\"https:\/\/www.facebook.com\/CREESRD\/\",\"https:\/\/x.com\/CREESRD\"]},{\"@type\":\"Person\",\"@id\":\"https:\/\/crees.org.do\/#\/schema\/person\/e7f97cd94d7bf9cd0e0ce30acb7d56b8\",\"name\":\"Crees\",\"image\":{\"@type\":\"ImageObject\",\"inLanguage\":\"es\",\"@id\":\"https:\/\/crees.org.do\/#\/schema\/person\/image\/\",\"url\":\"https:\/\/secure.gravatar.com\/avatar\/390ac8f0be5d9aa046152553e2dd7011b59a512d89c150f5e5f28bb8d9a0b165?s=96&d=mm&r=g\",\"contentUrl\":\"https:\/\/secure.gravatar.com\/avatar\/390ac8f0be5d9aa046152553e2dd7011b59a512d89c150f5e5f28bb8d9a0b165?s=96&d=mm&r=g\",\"caption\":\"Crees\"},\"url\":\"https:\/\/crees.org.do\/?author=2\"}]}<\/script>\n<!-- \/ Yoast SEO plugin. -->","yoast_head_json":{"title":"Por qu\u00e9 la inflaci\u00f3n dominicana es la cuarta m\u00e1s alta de los grandes pa\u00edses de AL | CREES","robots":{"index":"index","follow":"follow","max-snippet":"max-snippet:-1","max-image-preview":"max-image-preview:large","max-video-preview":"max-video-preview:-1"},"canonical":"https:\/\/crees.org.do\/?p=22773","og_locale":"es_ES","og_type":"article","og_title":"Por qu\u00e9 la inflaci\u00f3n dominicana es la cuarta m\u00e1s alta de los grandes pa\u00edses de AL | CREES","og_description":"Autor: Natali Faxas Fecha: 1 de marzo del 2022 Extra\u00eddo de: Acento Si se miran los registros de inflaci\u00f3n agrupados por la Comisi\u00f3n Econ\u00f3mica para Am\u00e9rica Latina y el Caribe (Cepal) de los pa\u00edses de la regi\u00f3n, en su reciente &#8220;Balance Preliminar de las Econom\u00edas de Am\u00e9rica Latina y el Caribe&#8221;, la Rep\u00fablica Dominicana se...","og_url":"https:\/\/crees.org.do\/?p=22773","og_site_name":"CREES","article_publisher":"https:\/\/www.facebook.com\/CREESRD\/","article_published_time":"2022-03-01T14:20:31+00:00","article_modified_time":"2022-03-03T14:21:01+00:00","og_image":[{"width":728,"height":410,"url":"https:\/\/crees.org.do\/wp-content\/uploads\/2022\/03\/colmado-12-2-728x410-1.jpg","type":"image\/jpeg"}],"author":"Crees","twitter_card":"summary_large_image","twitter_creator":"@CREESRD","twitter_site":"@CREESRD","twitter_misc":{"Escrito por":"Crees","Tiempo de lectura":"5 minutos"},"schema":{"@context":"https:\/\/schema.org","@graph":[{"@type":"Article","@id":"https:\/\/crees.org.do\/?p=22773#article","isPartOf":{"@id":"https:\/\/crees.org.do\/?p=22773"},"author":{"name":"Crees","@id":"https:\/\/crees.org.do\/#\/schema\/person\/e7f97cd94d7bf9cd0e0ce30acb7d56b8"},"headline":"Por qu\u00e9 la inflaci\u00f3n dominicana es la cuarta m\u00e1s alta de los grandes pa\u00edses de AL","datePublished":"2022-03-01T14:20:31+00:00","dateModified":"2022-03-03T14:21:01+00:00","mainEntityOfPage":{"@id":"https:\/\/crees.org.do\/?p=22773"},"wordCount":944,"publisher":{"@id":"https:\/\/crees.org.do\/#organization"},"image":{"@id":"https:\/\/crees.org.do\/?p=22773#primaryimage"},"thumbnailUrl":"https:\/\/crees.org.do\/wp-content\/uploads\/2022\/03\/colmado-12-2-728x410-1.jpg","articleSection":["Actualidad"],"inLanguage":"es"},{"@type":"WebPage","@id":"https:\/\/crees.org.do\/?p=22773","url":"https:\/\/crees.org.do\/?p=22773","name":"Por qu\u00e9 la inflaci\u00f3n dominicana es la cuarta m\u00e1s alta de los grandes pa\u00edses de AL | CREES","isPartOf":{"@id":"https:\/\/crees.org.do\/#website"},"primaryImageOfPage":{"@id":"https:\/\/crees.org.do\/?p=22773#primaryimage"},"image":{"@id":"https:\/\/crees.org.do\/?p=22773#primaryimage"},"thumbnailUrl":"https:\/\/crees.org.do\/wp-content\/uploads\/2022\/03\/colmado-12-2-728x410-1.jpg","datePublished":"2022-03-01T14:20:31+00:00","dateModified":"2022-03-03T14:21:01+00:00","breadcrumb":{"@id":"https:\/\/crees.org.do\/?p=22773#breadcrumb"},"inLanguage":"es","potentialAction":[{"@type":"ReadAction","target":["https:\/\/crees.org.do\/?p=22773"]}]},{"@type":"ImageObject","inLanguage":"es","@id":"https:\/\/crees.org.do\/?p=22773#primaryimage","url":"https:\/\/crees.org.do\/wp-content\/uploads\/2022\/03\/colmado-12-2-728x410-1.jpg","contentUrl":"https:\/\/crees.org.do\/wp-content\/uploads\/2022\/03\/colmado-12-2-728x410-1.jpg","width":728,"height":410},{"@type":"BreadcrumbList","@id":"https:\/\/crees.org.do\/?p=22773#breadcrumb","itemListElement":[{"@type":"ListItem","position":1,"name":"Portada","item":"https:\/\/crees.org.do\/"},{"@type":"ListItem","position":2,"name":"Por qu\u00e9 la inflaci\u00f3n dominicana es la cuarta m\u00e1s alta de los grandes pa\u00edses de AL"}]},{"@type":"WebSite","@id":"https:\/\/crees.org.do\/#website","url":"https:\/\/crees.org.do\/","name":"CREES","description":"Centro Regional de Estrategias Econ\u00f3micas Sostenibles","publisher":{"@id":"https:\/\/crees.org.do\/#organization"},"potentialAction":[{"@type":"SearchAction","target":{"@type":"EntryPoint","urlTemplate":"https:\/\/crees.org.do\/?s={search_term_string}"},"query-input":{"@type":"PropertyValueSpecification","valueRequired":true,"valueName":"search_term_string"}}],"inLanguage":"es"},{"@type":"Organization","@id":"https:\/\/crees.org.do\/#organization","name":"CREES | Centro Regional de Estrategias Econ\u00f3micas Sostenibles","url":"https:\/\/crees.org.do\/","logo":{"@type":"ImageObject","inLanguage":"es","@id":"https:\/\/crees.org.do\/#\/schema\/logo\/image\/","url":"https:\/\/crees.org.do\/wp-content\/uploads\/2022\/03\/crees-logo-1.jpg","contentUrl":"https:\/\/crees.org.do\/wp-content\/uploads\/2022\/03\/crees-logo-1.jpg","width":244,"height":71,"caption":"CREES | Centro Regional de Estrategias Econ\u00f3micas Sostenibles"},"image":{"@id":"https:\/\/crees.org.do\/#\/schema\/logo\/image\/"},"sameAs":["https:\/\/www.facebook.com\/CREESRD\/","https:\/\/x.com\/CREESRD"]},{"@type":"Person","@id":"https:\/\/crees.org.do\/#\/schema\/person\/e7f97cd94d7bf9cd0e0ce30acb7d56b8","name":"Crees","image":{"@type":"ImageObject","inLanguage":"es","@id":"https:\/\/crees.org.do\/#\/schema\/person\/image\/","url":"https:\/\/secure.gravatar.com\/avatar\/390ac8f0be5d9aa046152553e2dd7011b59a512d89c150f5e5f28bb8d9a0b165?s=96&d=mm&r=g","contentUrl":"https:\/\/secure.gravatar.com\/avatar\/390ac8f0be5d9aa046152553e2dd7011b59a512d89c150f5e5f28bb8d9a0b165?s=96&d=mm&r=g","caption":"Crees"},"url":"https:\/\/crees.org.do\/?author=2"}]}},"_links":{"self":[{"href":"https:\/\/crees.org.do\/index.php?rest_route=\/wp\/v2\/posts\/22773","targetHints":{"allow":["GET"]}}],"collection":[{"href":"https:\/\/crees.org.do\/index.php?rest_route=\/wp\/v2\/posts"}],"about":[{"href":"https:\/\/crees.org.do\/index.php?rest_route=\/wp\/v2\/types\/post"}],"author":[{"embeddable":true,"href":"https:\/\/crees.org.do\/index.php?rest_route=\/wp\/v2\/users\/2"}],"replies":[{"embeddable":true,"href":"https:\/\/crees.org.do\/index.php?rest_route=%2Fwp%2Fv2%2Fcomments&post=22773"}],"version-history":[{"count":2,"href":"https:\/\/crees.org.do\/index.php?rest_route=\/wp\/v2\/posts\/22773\/revisions"}],"predecessor-version":[{"id":22776,"href":"https:\/\/crees.org.do\/index.php?rest_route=\/wp\/v2\/posts\/22773\/revisions\/22776"}],"wp:featuredmedia":[{"embeddable":true,"href":"https:\/\/crees.org.do\/index.php?rest_route=\/wp\/v2\/media\/22774"}],"wp:attachment":[{"href":"https:\/\/crees.org.do\/index.php?rest_route=%2Fwp%2Fv2%2Fmedia&parent=22773"}],"wp:term":[{"taxonomy":"category","embeddable":true,"href":"https:\/\/crees.org.do\/index.php?rest_route=%2Fwp%2Fv2%2Fcategories&post=22773"},{"taxonomy":"post_tag","embeddable":true,"href":"https:\/\/crees.org.do\/index.php?rest_route=%2Fwp%2Fv2%2Ftags&post=22773"}],"curies":[{"name":"wp","href":"https:\/\/api.w.org\/{rel}","templated":true}]}}