{"id":22781,"date":"2022-03-03T15:03:46","date_gmt":"2022-03-03T15:03:46","guid":{"rendered":"https:\/\/crees.org.do\/?p=22781"},"modified":"2022-03-03T15:03:46","modified_gmt":"2022-03-03T15:03:46","slug":"el-rebote-estadistico-fue-normal-en-todas-las-economias","status":"publish","type":"post","link":"https:\/\/crees.org.do\/?p=22781","title":{"rendered":"El \u201crebote estad\u00edstico\u201d fue normal en todas las econom\u00edas"},"content":{"rendered":"<p>Autor: C\u00e1ndida Acosta<\/p>\n<p>Fecha: 3 de marzo del 2022<\/p>\n<p>Extra\u00eddo de: <a href=\"https:\/\/listindiario.com\/economia\/2022\/03\/03\/711449\/el-rebote-estadistico-fue-normal-en-todas-las-economias\">List\u00edn Diario<\/a><\/p>\n<div id=\"article_zone\">\n<div id=\"ArticleBody\">\n<p style=\"text-align: justify;\">El vicepresidente ejecu\u00adtivo del Centro Regional de Estrategias Econ\u00f3mi\u00adcas Sostenibles (CREES), Miguel Collado Di Fran\u00adco, afirma que el a\u00f1o pa\u00adsado fue normal en todas las econom\u00edas un rebo\u00adte estad\u00edstico, y que co\u00admo no se tiene la certeza de cu\u00e1nto fue aqu\u00ed, abo\u00adga por la aprobaci\u00f3n del proyecto de ley que crea el instituto nacional de estad\u00edsticas para que ma\u00adneje las cuentas naciona\u00adles del pa\u00eds y que reposa en el Congreso.<\/p>\n<p style=\"text-align: justify;\">Considera necesario dejar al BC dedicarse a las pol\u00edti\u00adcas monetarias, adem\u00e1s de que esto traer\u00e1 mayor con\u00adfianza a los agentes econ\u00f3\u00admicos y a toda la sociedad.<\/p>\n<p style=\"text-align: justify;\">El expresidente Leonel Fer\u00adn\u00e1ndez expres\u00f3 que \u201ccon es\u00adte Gobierno no vamos a sa\u00adlir de la crisis, porque vive en una burbuja\u201d, en una entre\u00advista a El Caribe.<\/p>\n<p style=\"text-align: justify;\">Collado Di Franco afirm\u00f3 que las discusiones p\u00fablicas deben encaminarse a instau\u00adrar un instituto nacional de estad\u00edsticas que lleve con in\u00addependencia todas las esta\u00add\u00edsticas econ\u00f3micas del PIB y la inflaci\u00f3n, sobre la cual la pol\u00edtica monetaria influye.<\/p>\n<p style=\"text-align: justify;\">Para Rafael Espinal, pre\u00adsidente el Colegio Domini\u00adcano de Economistas (Co\u00addeco) las cifras del Banco Central son cuestionadas cuando se est\u00e1 en la oposi\u00adci\u00f3n. El Banco Central solo ha mostrado el crecimiento del 2022 de 12.3 % en com\u00adparaci\u00f3n con 2021, que es extraordinario con relaci\u00f3n al resto de pa\u00edses de Am\u00e9ri\u00adca Latina, lo que muestra la solidez y diversificaci\u00f3n de la econom\u00eda dominicana.<\/p>\n<p style=\"text-align: justify;\">Al compararlo con 2019, el propio expresidente Fer\u00adn\u00e1ndez afirma que el creci\u00admiento fue de 4.7%, que no es despreciable, incluso que es superior a los dos a\u00f1os de su gobierno posterior a la crisis mundial de 2008, que fueron inferiores al 3.5 % anual. Cuestionar las ci\u00adfras del BC no tiene senti\u00addo. Las mismas cifras de in\u00adflaci\u00f3n que usa Fern\u00e1ndez son las del organismo y res\u00adpecto a esas no hay cuestio\u00adnamientos. El economista Luis H. Vargas, presidente de CEDIESA (Centro Domi\u00adnicano de Investigaciones de Econom\u00eda, Sociedad y Ambiente) dijo que Fern\u00e1n\u00addez no argumenta las cau\u00adsas de que la actual admi\u00adnistraci\u00f3n es presa de una burbuja.<\/p>\n<p style=\"text-align: justify;\">Mientras que el economis\u00adta Fabrizio G\u00f3mez Mazara dijo entender las razones pol\u00edticas que leg\u00edtimamen\u00adte tiene el expresidente Fer\u00adn\u00e1ndez para intentar po\u00adsicionarse en el mercado electoral en su condici\u00f3n de candidato para las eleccio\u00adnes de 2024.<\/p>\n<p style=\"text-align: justify;\">\u201cDicho esto, pienso que las cifras del Banco Cen\u00adtral no s\u00f3lo son las correc\u00adtas sino que est\u00e1n avaladas por el Fondo Monetario In\u00adternacional (FMI) debido a que utilizan la metodo\u00adlog\u00eda recomendada por es\u00adte organismo internacio\u00adnal\u201d, enfatiz\u00f3. Las cifras macroecon\u00f3micas de 2021 son evidenciables en t\u00e9rmi\u00adnos de crecimiento del PIB, empleo, remesas, inversi\u00f3n extranjera, entre otras va\u00adriables, sostuvo al explicar que el manejo de la pol\u00edtica monetaria desde mediados de 2020 ayud\u00f3 a la recupe\u00adraci\u00f3n por medio de incen\u00adtivos, v\u00eda reducci\u00f3n de la tasa de pol\u00edtica monetaria-dirigiendo m\u00e1s de 215,000 millones para pr\u00e9stamos a las Mipymes. Antonio Cruz Ciriaco, decano de la Fa\u00adcultad de Econom\u00eda de la UASD, sostiene que si la in\u00adflaci\u00f3n mundial persiste se ralentizar\u00e1 el crecimiento mundial y tambi\u00e9n la do\u00adminicana. Explic\u00f3 que una inflaci\u00f3n conjunta con una ralentizaci\u00f3n ser\u00eda una es\u00adtanflaci\u00f3n en el panorama internacional de persistir la tendencia alcista del precio del petr\u00f3leo y en las mate\u00adrias primas agr\u00edcolas, la dis\u00adrupci\u00f3n en la cadena de su\u00administros y la guerra entre Rusia y Ucrania.<\/p>\n<p style=\"text-align: justify;\"><strong>CIFRAS<br \/>\nReacciones<\/strong><br \/>\nCollado Di Franco afir\u00adma que todas las econo\u00adm\u00edas muestraron rebote y aboga por el instituto de estad\u00edsticas que gene\u00adre confianza, mientras Ciriaco, Espinal y G\u00f3mez Mazara dicen que las ci\u00adfras del BC son correctas. Luis Vargas dice faltan argumentos.<\/p>\n<p style=\"text-align: justify;\"><strong>Planteamiento LF<\/strong><br \/>\nLeonel Fern\u00e1ndez expre\u00ads\u00f3 que con \u201ceste Gobier\u00adno no vamos a salir de la crisis, porque vive en una burbuja\u201d, bas\u00e1ndose en que el crecimiento del PBI real alcanz\u00f3 4.7% en 2021y no 12.3% fruto de un rebote estad\u00edstico.<\/p>\n<\/div>\n<\/div>\n<div class=\"pvc_clear\"><\/div>\n<p class=\"pvc_stats all \" data-element-id=\"22781\" style=\"\"><i class=\"pvc-stats-icon medium\" aria-hidden=\"true\"><svg aria-hidden=\"true\" focusable=\"false\" data-prefix=\"far\" data-icon=\"chart-bar\" role=\"img\" xmlns=\"http:\/\/www.w3.org\/2000\/svg\" viewBox=\"0 0 512 512\" class=\"svg-inline--fa fa-chart-bar fa-w-16 fa-2x\"><path fill=\"currentColor\" d=\"M396.8 352h22.4c6.4 0 12.8-6.4 12.8-12.8V108.8c0-6.4-6.4-12.8-12.8-12.8h-22.4c-6.4 0-12.8 6.4-12.8 12.8v230.4c0 6.4 6.4 12.8 12.8 12.8zm-192 0h22.4c6.4 0 12.8-6.4 12.8-12.8V140.8c0-6.4-6.4-12.8-12.8-12.8h-22.4c-6.4 0-12.8 6.4-12.8 12.8v198.4c0 6.4 6.4 12.8 12.8 12.8zm96 0h22.4c6.4 0 12.8-6.4 12.8-12.8V204.8c0-6.4-6.4-12.8-12.8-12.8h-22.4c-6.4 0-12.8 6.4-12.8 12.8v134.4c0 6.4 6.4 12.8 12.8 12.8zM496 400H48V80c0-8.84-7.16-16-16-16H16C7.16 64 0 71.16 0 80v336c0 17.67 14.33 32 32 32h464c8.84 0 16-7.16 16-16v-16c0-8.84-7.16-16-16-16zm-387.2-48h22.4c6.4 0 12.8-6.4 12.8-12.8v-70.4c0-6.4-6.4-12.8-12.8-12.8h-22.4c-6.4 0-12.8 6.4-12.8 12.8v70.4c0 6.4 6.4 12.8 12.8 12.8z\" class=\"\"><\/path><\/svg><\/i> Vistas Totales&nbsp;1,006&nbsp;, Vistas Hoy&nbsp;2&nbsp;<\/p>\n<div class=\"pvc_clear\"><\/div>\n","protected":false},"excerpt":{"rendered":"<p>Autor: C\u00e1ndida Acosta Fecha: 3 de marzo del 2022 Extra\u00eddo de: List\u00edn Diario El vicepresidente ejecu\u00adtivo del Centro Regional de Estrategias Econ\u00f3mi\u00adcas Sostenibles (CREES), Miguel Collado Di Fran\u00adco, afirma que el a\u00f1o pa\u00adsado fue normal en todas las econom\u00edas un rebo\u00adte estad\u00edstico, y que co\u00admo no se tiene la certeza de cu\u00e1nto fue aqu\u00ed, abo\u00adga&#8230;<\/p>\n<div class=\"pvc_clear\"><\/div>\n<p class=\"pvc_stats all \" data-element-id=\"22781\" style=\"\"><i class=\"pvc-stats-icon medium\" aria-hidden=\"true\"><svg aria-hidden=\"true\" focusable=\"false\" data-prefix=\"far\" data-icon=\"chart-bar\" role=\"img\" xmlns=\"http:\/\/www.w3.org\/2000\/svg\" viewBox=\"0 0 512 512\" class=\"svg-inline--fa fa-chart-bar fa-w-16 fa-2x\"><path fill=\"currentColor\" d=\"M396.8 352h22.4c6.4 0 12.8-6.4 12.8-12.8V108.8c0-6.4-6.4-12.8-12.8-12.8h-22.4c-6.4 0-12.8 6.4-12.8 12.8v230.4c0 6.4 6.4 12.8 12.8 12.8zm-192 0h22.4c6.4 0 12.8-6.4 12.8-12.8V140.8c0-6.4-6.4-12.8-12.8-12.8h-22.4c-6.4 0-12.8 6.4-12.8 12.8v198.4c0 6.4 6.4 12.8 12.8 12.8zm96 0h22.4c6.4 0 12.8-6.4 12.8-12.8V204.8c0-6.4-6.4-12.8-12.8-12.8h-22.4c-6.4 0-12.8 6.4-12.8 12.8v134.4c0 6.4 6.4 12.8 12.8 12.8zM496 400H48V80c0-8.84-7.16-16-16-16H16C7.16 64 0 71.16 0 80v336c0 17.67 14.33 32 32 32h464c8.84 0 16-7.16 16-16v-16c0-8.84-7.16-16-16-16zm-387.2-48h22.4c6.4 0 12.8-6.4 12.8-12.8v-70.4c0-6.4-6.4-12.8-12.8-12.8h-22.4c-6.4 0-12.8 6.4-12.8 12.8v70.4c0 6.4 6.4 12.8 12.8 12.8z\" class=\"\"><\/path><\/svg><\/i> Vistas Totales&nbsp;1,006&nbsp;, Vistas Hoy&nbsp;2&nbsp;<\/p>\n<div class=\"pvc_clear\"><\/div>\n","protected":false},"author":2,"featured_media":22782,"comment_status":"closed","ping_status":"closed","sticky":false,"template":"","format":"standard","meta":{"footnotes":""},"categories":[19],"tags":[],"class_list":["post-22781","post","type-post","status-publish","format-standard","has-post-thumbnail","hentry","category-actualidad"],"yoast_head":"<!-- This site is optimized with the Yoast SEO plugin v25.2 - https:\/\/yoast.com\/wordpress\/plugins\/seo\/ -->\n<title>El \u201crebote estad\u00edstico\u201d fue normal en todas las econom\u00edas | CREES<\/title>\n<meta name=\"robots\" content=\"index, follow, max-snippet:-1, max-image-preview:large, max-video-preview:-1\" \/>\n<link rel=\"canonical\" href=\"https:\/\/crees.org.do\/?p=22781\" \/>\n<meta property=\"og:locale\" content=\"es_ES\" \/>\n<meta property=\"og:type\" content=\"article\" \/>\n<meta property=\"og:title\" content=\"El \u201crebote estad\u00edstico\u201d fue normal en todas las econom\u00edas | CREES\" \/>\n<meta property=\"og:description\" content=\"Autor: C\u00e1ndida Acosta Fecha: 3 de marzo del 2022 Extra\u00eddo de: List\u00edn Diario El vicepresidente ejecu\u00adtivo del Centro Regional de Estrategias Econ\u00f3mi\u00adcas Sostenibles (CREES), Miguel Collado Di Fran\u00adco, afirma que el a\u00f1o pa\u00adsado fue normal en todas las econom\u00edas un rebo\u00adte estad\u00edstico, y que co\u00admo no se tiene la certeza de cu\u00e1nto fue aqu\u00ed, abo\u00adga...\" \/>\n<meta property=\"og:url\" content=\"https:\/\/crees.org.do\/?p=22781\" \/>\n<meta property=\"og:site_name\" content=\"CREES\" \/>\n<meta property=\"article:publisher\" content=\"https:\/\/www.facebook.com\/CREESRD\/\" \/>\n<meta property=\"article:published_time\" content=\"2022-03-03T15:03:46+00:00\" \/>\n<meta property=\"og:image\" content=\"https:\/\/crees.org.do\/wp-content\/uploads\/2022\/03\/202203030305371.jpg\" \/>\n\t<meta property=\"og:image:width\" content=\"680\" \/>\n\t<meta property=\"og:image:height\" content=\"339\" \/>\n\t<meta property=\"og:image:type\" content=\"image\/jpeg\" \/>\n<meta name=\"author\" content=\"Crees\" \/>\n<meta name=\"twitter:card\" content=\"summary_large_image\" \/>\n<meta name=\"twitter:creator\" content=\"@CREESRD\" \/>\n<meta name=\"twitter:site\" content=\"@CREESRD\" \/>\n<meta name=\"twitter:label1\" content=\"Escrito por\" \/>\n\t<meta name=\"twitter:data1\" content=\"Crees\" \/>\n\t<meta name=\"twitter:label2\" content=\"Tiempo de lectura\" \/>\n\t<meta name=\"twitter:data2\" content=\"4 minutos\" \/>\n<script type=\"application\/ld+json\" class=\"yoast-schema-graph\">{\"@context\":\"https:\/\/schema.org\",\"@graph\":[{\"@type\":\"Article\",\"@id\":\"https:\/\/crees.org.do\/?p=22781#article\",\"isPartOf\":{\"@id\":\"https:\/\/crees.org.do\/?p=22781\"},\"author\":{\"name\":\"Crees\",\"@id\":\"https:\/\/crees.org.do\/#\/schema\/person\/e7f97cd94d7bf9cd0e0ce30acb7d56b8\"},\"headline\":\"El \u201crebote estad\u00edstico\u201d fue normal en todas las econom\u00edas\",\"datePublished\":\"2022-03-03T15:03:46+00:00\",\"mainEntityOfPage\":{\"@id\":\"https:\/\/crees.org.do\/?p=22781\"},\"wordCount\":750,\"publisher\":{\"@id\":\"https:\/\/crees.org.do\/#organization\"},\"image\":{\"@id\":\"https:\/\/crees.org.do\/?p=22781#primaryimage\"},\"thumbnailUrl\":\"https:\/\/crees.org.do\/wp-content\/uploads\/2022\/03\/202203030305371.jpg\",\"articleSection\":[\"Actualidad\"],\"inLanguage\":\"es\"},{\"@type\":\"WebPage\",\"@id\":\"https:\/\/crees.org.do\/?p=22781\",\"url\":\"https:\/\/crees.org.do\/?p=22781\",\"name\":\"El \u201crebote estad\u00edstico\u201d fue normal en todas las econom\u00edas | CREES\",\"isPartOf\":{\"@id\":\"https:\/\/crees.org.do\/#website\"},\"primaryImageOfPage\":{\"@id\":\"https:\/\/crees.org.do\/?p=22781#primaryimage\"},\"image\":{\"@id\":\"https:\/\/crees.org.do\/?p=22781#primaryimage\"},\"thumbnailUrl\":\"https:\/\/crees.org.do\/wp-content\/uploads\/2022\/03\/202203030305371.jpg\",\"datePublished\":\"2022-03-03T15:03:46+00:00\",\"breadcrumb\":{\"@id\":\"https:\/\/crees.org.do\/?p=22781#breadcrumb\"},\"inLanguage\":\"es\",\"potentialAction\":[{\"@type\":\"ReadAction\",\"target\":[\"https:\/\/crees.org.do\/?p=22781\"]}]},{\"@type\":\"ImageObject\",\"inLanguage\":\"es\",\"@id\":\"https:\/\/crees.org.do\/?p=22781#primaryimage\",\"url\":\"https:\/\/crees.org.do\/wp-content\/uploads\/2022\/03\/202203030305371.jpg\",\"contentUrl\":\"https:\/\/crees.org.do\/wp-content\/uploads\/2022\/03\/202203030305371.jpg\",\"width\":680,\"height\":339},{\"@type\":\"BreadcrumbList\",\"@id\":\"https:\/\/crees.org.do\/?p=22781#breadcrumb\",\"itemListElement\":[{\"@type\":\"ListItem\",\"position\":1,\"name\":\"Portada\",\"item\":\"https:\/\/crees.org.do\/\"},{\"@type\":\"ListItem\",\"position\":2,\"name\":\"El \u201crebote estad\u00edstico\u201d fue normal en todas las econom\u00edas\"}]},{\"@type\":\"WebSite\",\"@id\":\"https:\/\/crees.org.do\/#website\",\"url\":\"https:\/\/crees.org.do\/\",\"name\":\"CREES\",\"description\":\"Centro Regional de Estrategias Econ\u00f3micas Sostenibles\",\"publisher\":{\"@id\":\"https:\/\/crees.org.do\/#organization\"},\"potentialAction\":[{\"@type\":\"SearchAction\",\"target\":{\"@type\":\"EntryPoint\",\"urlTemplate\":\"https:\/\/crees.org.do\/?s={search_term_string}\"},\"query-input\":{\"@type\":\"PropertyValueSpecification\",\"valueRequired\":true,\"valueName\":\"search_term_string\"}}],\"inLanguage\":\"es\"},{\"@type\":\"Organization\",\"@id\":\"https:\/\/crees.org.do\/#organization\",\"name\":\"CREES | Centro Regional de Estrategias Econ\u00f3micas Sostenibles\",\"url\":\"https:\/\/crees.org.do\/\",\"logo\":{\"@type\":\"ImageObject\",\"inLanguage\":\"es\",\"@id\":\"https:\/\/crees.org.do\/#\/schema\/logo\/image\/\",\"url\":\"https:\/\/crees.org.do\/wp-content\/uploads\/2022\/03\/crees-logo-1.jpg\",\"contentUrl\":\"https:\/\/crees.org.do\/wp-content\/uploads\/2022\/03\/crees-logo-1.jpg\",\"width\":244,\"height\":71,\"caption\":\"CREES | Centro Regional de Estrategias Econ\u00f3micas Sostenibles\"},\"image\":{\"@id\":\"https:\/\/crees.org.do\/#\/schema\/logo\/image\/\"},\"sameAs\":[\"https:\/\/www.facebook.com\/CREESRD\/\",\"https:\/\/x.com\/CREESRD\"]},{\"@type\":\"Person\",\"@id\":\"https:\/\/crees.org.do\/#\/schema\/person\/e7f97cd94d7bf9cd0e0ce30acb7d56b8\",\"name\":\"Crees\",\"image\":{\"@type\":\"ImageObject\",\"inLanguage\":\"es\",\"@id\":\"https:\/\/crees.org.do\/#\/schema\/person\/image\/\",\"url\":\"https:\/\/secure.gravatar.com\/avatar\/390ac8f0be5d9aa046152553e2dd7011b59a512d89c150f5e5f28bb8d9a0b165?s=96&d=mm&r=g\",\"contentUrl\":\"https:\/\/secure.gravatar.com\/avatar\/390ac8f0be5d9aa046152553e2dd7011b59a512d89c150f5e5f28bb8d9a0b165?s=96&d=mm&r=g\",\"caption\":\"Crees\"},\"url\":\"https:\/\/crees.org.do\/?author=2\"}]}<\/script>\n<!-- \/ Yoast SEO plugin. -->","yoast_head_json":{"title":"El \u201crebote estad\u00edstico\u201d fue normal en todas las econom\u00edas | CREES","robots":{"index":"index","follow":"follow","max-snippet":"max-snippet:-1","max-image-preview":"max-image-preview:large","max-video-preview":"max-video-preview:-1"},"canonical":"https:\/\/crees.org.do\/?p=22781","og_locale":"es_ES","og_type":"article","og_title":"El \u201crebote estad\u00edstico\u201d fue normal en todas las econom\u00edas | CREES","og_description":"Autor: C\u00e1ndida Acosta Fecha: 3 de marzo del 2022 Extra\u00eddo de: List\u00edn Diario El vicepresidente ejecu\u00adtivo del Centro Regional de Estrategias Econ\u00f3mi\u00adcas Sostenibles (CREES), Miguel Collado Di Fran\u00adco, afirma que el a\u00f1o pa\u00adsado fue normal en todas las econom\u00edas un rebo\u00adte estad\u00edstico, y que co\u00admo no se tiene la certeza de cu\u00e1nto fue aqu\u00ed, abo\u00adga...","og_url":"https:\/\/crees.org.do\/?p=22781","og_site_name":"CREES","article_publisher":"https:\/\/www.facebook.com\/CREESRD\/","article_published_time":"2022-03-03T15:03:46+00:00","og_image":[{"width":680,"height":339,"url":"https:\/\/crees.org.do\/wp-content\/uploads\/2022\/03\/202203030305371.jpg","type":"image\/jpeg"}],"author":"Crees","twitter_card":"summary_large_image","twitter_creator":"@CREESRD","twitter_site":"@CREESRD","twitter_misc":{"Escrito por":"Crees","Tiempo de lectura":"4 minutos"},"schema":{"@context":"https:\/\/schema.org","@graph":[{"@type":"Article","@id":"https:\/\/crees.org.do\/?p=22781#article","isPartOf":{"@id":"https:\/\/crees.org.do\/?p=22781"},"author":{"name":"Crees","@id":"https:\/\/crees.org.do\/#\/schema\/person\/e7f97cd94d7bf9cd0e0ce30acb7d56b8"},"headline":"El \u201crebote estad\u00edstico\u201d fue normal en todas las econom\u00edas","datePublished":"2022-03-03T15:03:46+00:00","mainEntityOfPage":{"@id":"https:\/\/crees.org.do\/?p=22781"},"wordCount":750,"publisher":{"@id":"https:\/\/crees.org.do\/#organization"},"image":{"@id":"https:\/\/crees.org.do\/?p=22781#primaryimage"},"thumbnailUrl":"https:\/\/crees.org.do\/wp-content\/uploads\/2022\/03\/202203030305371.jpg","articleSection":["Actualidad"],"inLanguage":"es"},{"@type":"WebPage","@id":"https:\/\/crees.org.do\/?p=22781","url":"https:\/\/crees.org.do\/?p=22781","name":"El \u201crebote estad\u00edstico\u201d fue normal en todas las econom\u00edas | CREES","isPartOf":{"@id":"https:\/\/crees.org.do\/#website"},"primaryImageOfPage":{"@id":"https:\/\/crees.org.do\/?p=22781#primaryimage"},"image":{"@id":"https:\/\/crees.org.do\/?p=22781#primaryimage"},"thumbnailUrl":"https:\/\/crees.org.do\/wp-content\/uploads\/2022\/03\/202203030305371.jpg","datePublished":"2022-03-03T15:03:46+00:00","breadcrumb":{"@id":"https:\/\/crees.org.do\/?p=22781#breadcrumb"},"inLanguage":"es","potentialAction":[{"@type":"ReadAction","target":["https:\/\/crees.org.do\/?p=22781"]}]},{"@type":"ImageObject","inLanguage":"es","@id":"https:\/\/crees.org.do\/?p=22781#primaryimage","url":"https:\/\/crees.org.do\/wp-content\/uploads\/2022\/03\/202203030305371.jpg","contentUrl":"https:\/\/crees.org.do\/wp-content\/uploads\/2022\/03\/202203030305371.jpg","width":680,"height":339},{"@type":"BreadcrumbList","@id":"https:\/\/crees.org.do\/?p=22781#breadcrumb","itemListElement":[{"@type":"ListItem","position":1,"name":"Portada","item":"https:\/\/crees.org.do\/"},{"@type":"ListItem","position":2,"name":"El \u201crebote estad\u00edstico\u201d fue normal en todas las econom\u00edas"}]},{"@type":"WebSite","@id":"https:\/\/crees.org.do\/#website","url":"https:\/\/crees.org.do\/","name":"CREES","description":"Centro Regional de Estrategias Econ\u00f3micas Sostenibles","publisher":{"@id":"https:\/\/crees.org.do\/#organization"},"potentialAction":[{"@type":"SearchAction","target":{"@type":"EntryPoint","urlTemplate":"https:\/\/crees.org.do\/?s={search_term_string}"},"query-input":{"@type":"PropertyValueSpecification","valueRequired":true,"valueName":"search_term_string"}}],"inLanguage":"es"},{"@type":"Organization","@id":"https:\/\/crees.org.do\/#organization","name":"CREES | Centro Regional de Estrategias Econ\u00f3micas Sostenibles","url":"https:\/\/crees.org.do\/","logo":{"@type":"ImageObject","inLanguage":"es","@id":"https:\/\/crees.org.do\/#\/schema\/logo\/image\/","url":"https:\/\/crees.org.do\/wp-content\/uploads\/2022\/03\/crees-logo-1.jpg","contentUrl":"https:\/\/crees.org.do\/wp-content\/uploads\/2022\/03\/crees-logo-1.jpg","width":244,"height":71,"caption":"CREES | Centro Regional de Estrategias Econ\u00f3micas Sostenibles"},"image":{"@id":"https:\/\/crees.org.do\/#\/schema\/logo\/image\/"},"sameAs":["https:\/\/www.facebook.com\/CREESRD\/","https:\/\/x.com\/CREESRD"]},{"@type":"Person","@id":"https:\/\/crees.org.do\/#\/schema\/person\/e7f97cd94d7bf9cd0e0ce30acb7d56b8","name":"Crees","image":{"@type":"ImageObject","inLanguage":"es","@id":"https:\/\/crees.org.do\/#\/schema\/person\/image\/","url":"https:\/\/secure.gravatar.com\/avatar\/390ac8f0be5d9aa046152553e2dd7011b59a512d89c150f5e5f28bb8d9a0b165?s=96&d=mm&r=g","contentUrl":"https:\/\/secure.gravatar.com\/avatar\/390ac8f0be5d9aa046152553e2dd7011b59a512d89c150f5e5f28bb8d9a0b165?s=96&d=mm&r=g","caption":"Crees"},"url":"https:\/\/crees.org.do\/?author=2"}]}},"_links":{"self":[{"href":"https:\/\/crees.org.do\/index.php?rest_route=\/wp\/v2\/posts\/22781","targetHints":{"allow":["GET"]}}],"collection":[{"href":"https:\/\/crees.org.do\/index.php?rest_route=\/wp\/v2\/posts"}],"about":[{"href":"https:\/\/crees.org.do\/index.php?rest_route=\/wp\/v2\/types\/post"}],"author":[{"embeddable":true,"href":"https:\/\/crees.org.do\/index.php?rest_route=\/wp\/v2\/users\/2"}],"replies":[{"embeddable":true,"href":"https:\/\/crees.org.do\/index.php?rest_route=%2Fwp%2Fv2%2Fcomments&post=22781"}],"version-history":[{"count":1,"href":"https:\/\/crees.org.do\/index.php?rest_route=\/wp\/v2\/posts\/22781\/revisions"}],"predecessor-version":[{"id":22783,"href":"https:\/\/crees.org.do\/index.php?rest_route=\/wp\/v2\/posts\/22781\/revisions\/22783"}],"wp:featuredmedia":[{"embeddable":true,"href":"https:\/\/crees.org.do\/index.php?rest_route=\/wp\/v2\/media\/22782"}],"wp:attachment":[{"href":"https:\/\/crees.org.do\/index.php?rest_route=%2Fwp%2Fv2%2Fmedia&parent=22781"}],"wp:term":[{"taxonomy":"category","embeddable":true,"href":"https:\/\/crees.org.do\/index.php?rest_route=%2Fwp%2Fv2%2Fcategories&post=22781"},{"taxonomy":"post_tag","embeddable":true,"href":"https:\/\/crees.org.do\/index.php?rest_route=%2Fwp%2Fv2%2Ftags&post=22781"}],"curies":[{"name":"wp","href":"https:\/\/api.w.org\/{rel}","templated":true}]}}