{"id":22787,"date":"2022-03-02T11:58:16","date_gmt":"2022-03-02T11:58:16","guid":{"rendered":"https:\/\/crees.org.do\/?p=22787"},"modified":"2022-03-07T11:58:31","modified_gmt":"2022-03-07T11:58:31","slug":"economista-miguel-collado-urge-retomar-discusion-de-pacto-fiscal-ante-lo-onerosa-de-la-actual-carga-impositiva-video-entrevista","status":"publish","type":"post","link":"https:\/\/crees.org.do\/?p=22787","title":{"rendered":"Economista Miguel Collado urge retomar discusi\u00f3n de  Pacto Fiscal ante lo onerosa de la actual carga impositiva (Video entrevista)"},"content":{"rendered":"<p>Autor: Propuesta Digital<\/p>\n<p>Fecha: 2 de marzo del 2022<\/p>\n<p>Extra\u00eddo de: <a href=\"https:\/\/lapropuestadigital.com\/economista-miguel-collado-urge-retomar-discusion-de-pacto-fiscal-ante-lo-onerosa-de-la-actual-carga-impositiva-video-entrevista\/\">Propuesta Digital<\/a><\/p>\n<p>&nbsp;<\/p>\n<p>Santo Domingo, 2 marzo \u2013 El vicepresidente ejecutivo del Centro Regional de Estrategias Econ\u00f3micas Sostenibles (CREES), Miguel Collado Di Franco, plante\u00f3 la urgencia y necesidad de\u00a0 que en la Rep\u00fablica Dominicana se lleve a cabo un \u201cPacto Fiscal\u201d, ya que resulta muy onerosa la actual carga impositiva del pa\u00eds.<\/p>\n<p>Consider\u00f3 lamentable que cada vez que se toca este tema, el mismo es dejado de lado, pero entiende que urge tomar decisiones valientes en ese sentido, por lo que cree llegado el momento para que el \u201cPacto Fiscal\u201d sea una realidad.<\/p>\n<p>\u201cPorque entendemos que no solamente en cumplimiento de la ley deber\u00eda de llevarse a cabo el pacto fiscal, sino por las mismas necesidades que tiene el pa\u00eds de su cumplimiento, de su implementaci\u00f3n\u201d, expres\u00f3 el economista Miguel Collado Di Franco al ser entrevistado por Manuel Jim\u00e9nez y Yulibelis Walderpool en el programa Propuesta de la Noche que se produce por Digital 15 del Grupo Telemicro.<\/p>\n<p>Consider\u00f3 que el \u201cPacto Fiscal\u201d conlleva una Ley de Responsabilidad Fiscal, calificado por el economista Miguel Collado como \u201cun elemento importante que ha sido dejado la mayor\u00eda de las veces que se menciona este tema a un lado, no se trata mucho\u201d.<\/p>\n<p>\u201cPero necesitamos en el pa\u00eds, las reglas fiscales que deber\u00eda tener una ley de responsabilidad fiscal para tener mayor control en el presupuesto y que esto se le reflejar\u00eda en el endeudamiento p\u00fablico, con reglas espec\u00edficas de d\u00e9ficit fiscales y de endeudamiento p\u00fablico, son necesarias\u201d, expres\u00f3.<\/p>\n<p>Favorece nueva Ley de Hidrocarburos.- Por otro lado, el vicepresidente ejecutivo del Centro Regional de Estrategias Econ\u00f3micas Sostenibles (CREES), Miguel Collado Di Franco, calific\u00f3 como positiva la introducci\u00f3n en el Congreso Nacional del anteproyecto de Ley de Reforma a la Ley 112-01 de Hidrocarburos.<\/p>\n<p>\u201cYo creo que ahora mismo hay una oportunidad, por ejemplo, con la ley de hidrocarburos si se dise\u00f1a de una forma que oportunamente pueda incidir en la estructura del mercado de los hidrocarburos en el pa\u00eds\u201d, dijo.<\/p>\n<p>Consider\u00f3 que esto no se reflejar\u00e1 solamente en esta coyuntura, sino que posteriormente, independientemente de las condiciones que tengamos en el futuro, desde el mercado de hidrocarburos, se beneficie a los consumidores dominicanos.<\/p>\n<p><a href=\"https:\/\/youtu.be\/dTnLBnHbxQc\">[Video]<\/a><\/p>\n<p>&nbsp;<\/p>\n<div class=\"pvc_clear\"><\/div>\n<p class=\"pvc_stats all \" data-element-id=\"22787\" style=\"\"><i class=\"pvc-stats-icon medium\" aria-hidden=\"true\"><svg aria-hidden=\"true\" focusable=\"false\" data-prefix=\"far\" data-icon=\"chart-bar\" role=\"img\" xmlns=\"http:\/\/www.w3.org\/2000\/svg\" viewBox=\"0 0 512 512\" class=\"svg-inline--fa fa-chart-bar fa-w-16 fa-2x\"><path fill=\"currentColor\" d=\"M396.8 352h22.4c6.4 0 12.8-6.4 12.8-12.8V108.8c0-6.4-6.4-12.8-12.8-12.8h-22.4c-6.4 0-12.8 6.4-12.8 12.8v230.4c0 6.4 6.4 12.8 12.8 12.8zm-192 0h22.4c6.4 0 12.8-6.4 12.8-12.8V140.8c0-6.4-6.4-12.8-12.8-12.8h-22.4c-6.4 0-12.8 6.4-12.8 12.8v198.4c0 6.4 6.4 12.8 12.8 12.8zm96 0h22.4c6.4 0 12.8-6.4 12.8-12.8V204.8c0-6.4-6.4-12.8-12.8-12.8h-22.4c-6.4 0-12.8 6.4-12.8 12.8v134.4c0 6.4 6.4 12.8 12.8 12.8zM496 400H48V80c0-8.84-7.16-16-16-16H16C7.16 64 0 71.16 0 80v336c0 17.67 14.33 32 32 32h464c8.84 0 16-7.16 16-16v-16c0-8.84-7.16-16-16-16zm-387.2-48h22.4c6.4 0 12.8-6.4 12.8-12.8v-70.4c0-6.4-6.4-12.8-12.8-12.8h-22.4c-6.4 0-12.8 6.4-12.8 12.8v70.4c0 6.4 6.4 12.8 12.8 12.8z\" class=\"\"><\/path><\/svg><\/i> Vistas Totales&nbsp;1,162&nbsp;, Vistas Hoy&nbsp;4&nbsp;<\/p>\n<div class=\"pvc_clear\"><\/div>\n","protected":false},"excerpt":{"rendered":"<p>Autor: Propuesta Digital Fecha: 2 de marzo del 2022 Extra\u00eddo de: Propuesta Digital &nbsp; Santo Domingo, 2 marzo \u2013 El vicepresidente ejecutivo del Centro Regional de Estrategias Econ\u00f3micas Sostenibles (CREES), Miguel Collado Di Franco, plante\u00f3 la urgencia y necesidad de\u00a0 que en la Rep\u00fablica Dominicana se lleve a cabo un \u201cPacto Fiscal\u201d, ya que resulta&#8230;<\/p>\n<div class=\"pvc_clear\"><\/div>\n<p class=\"pvc_stats all \" data-element-id=\"22787\" style=\"\"><i class=\"pvc-stats-icon medium\" aria-hidden=\"true\"><svg aria-hidden=\"true\" focusable=\"false\" data-prefix=\"far\" data-icon=\"chart-bar\" role=\"img\" xmlns=\"http:\/\/www.w3.org\/2000\/svg\" viewBox=\"0 0 512 512\" class=\"svg-inline--fa fa-chart-bar fa-w-16 fa-2x\"><path fill=\"currentColor\" d=\"M396.8 352h22.4c6.4 0 12.8-6.4 12.8-12.8V108.8c0-6.4-6.4-12.8-12.8-12.8h-22.4c-6.4 0-12.8 6.4-12.8 12.8v230.4c0 6.4 6.4 12.8 12.8 12.8zm-192 0h22.4c6.4 0 12.8-6.4 12.8-12.8V140.8c0-6.4-6.4-12.8-12.8-12.8h-22.4c-6.4 0-12.8 6.4-12.8 12.8v198.4c0 6.4 6.4 12.8 12.8 12.8zm96 0h22.4c6.4 0 12.8-6.4 12.8-12.8V204.8c0-6.4-6.4-12.8-12.8-12.8h-22.4c-6.4 0-12.8 6.4-12.8 12.8v134.4c0 6.4 6.4 12.8 12.8 12.8zM496 400H48V80c0-8.84-7.16-16-16-16H16C7.16 64 0 71.16 0 80v336c0 17.67 14.33 32 32 32h464c8.84 0 16-7.16 16-16v-16c0-8.84-7.16-16-16-16zm-387.2-48h22.4c6.4 0 12.8-6.4 12.8-12.8v-70.4c0-6.4-6.4-12.8-12.8-12.8h-22.4c-6.4 0-12.8 6.4-12.8 12.8v70.4c0 6.4 6.4 12.8 12.8 12.8z\" class=\"\"><\/path><\/svg><\/i> Vistas Totales&nbsp;1,162&nbsp;, Vistas Hoy&nbsp;4&nbsp;<\/p>\n<div class=\"pvc_clear\"><\/div>\n","protected":false},"author":2,"featured_media":22788,"comment_status":"closed","ping_status":"closed","sticky":false,"template":"","format":"standard","meta":{"footnotes":""},"categories":[19],"tags":[],"class_list":["post-22787","post","type-post","status-publish","format-standard","has-post-thumbnail","hentry","category-actualidad"],"yoast_head":"<!-- This site is optimized with the Yoast SEO plugin v25.2 - https:\/\/yoast.com\/wordpress\/plugins\/seo\/ -->\n<title>Economista Miguel Collado urge retomar discusi\u00f3n de Pacto Fiscal ante lo onerosa de la actual carga impositiva (Video entrevista) | CREES<\/title>\n<meta name=\"robots\" content=\"index, follow, max-snippet:-1, max-image-preview:large, max-video-preview:-1\" \/>\n<link rel=\"canonical\" href=\"https:\/\/crees.org.do\/?p=22787\" \/>\n<meta property=\"og:locale\" content=\"es_ES\" \/>\n<meta property=\"og:type\" content=\"article\" \/>\n<meta property=\"og:title\" content=\"Economista Miguel Collado urge retomar discusi\u00f3n de Pacto Fiscal ante lo onerosa de la actual carga impositiva (Video entrevista) | CREES\" \/>\n<meta property=\"og:description\" content=\"Autor: Propuesta Digital Fecha: 2 de marzo del 2022 Extra\u00eddo de: Propuesta Digital &nbsp; Santo Domingo, 2 marzo \u2013 El vicepresidente ejecutivo del Centro Regional de Estrategias Econ\u00f3micas Sostenibles (CREES), Miguel Collado Di Franco, plante\u00f3 la urgencia y necesidad de\u00a0 que en la Rep\u00fablica Dominicana se lleve a cabo un \u201cPacto Fiscal\u201d, ya que resulta...\" \/>\n<meta property=\"og:url\" content=\"https:\/\/crees.org.do\/?p=22787\" \/>\n<meta property=\"og:site_name\" content=\"CREES\" \/>\n<meta property=\"article:publisher\" content=\"https:\/\/www.facebook.com\/CREESRD\/\" \/>\n<meta property=\"article:published_time\" content=\"2022-03-02T11:58:16+00:00\" \/>\n<meta property=\"article:modified_time\" content=\"2022-03-07T11:58:31+00:00\" \/>\n<meta property=\"og:image\" content=\"https:\/\/crees.org.do\/wp-content\/uploads\/2022\/03\/Miguel-Collado-Di-Franco-680x445-1.jpeg\" \/>\n\t<meta property=\"og:image:width\" content=\"680\" \/>\n\t<meta property=\"og:image:height\" content=\"445\" \/>\n\t<meta property=\"og:image:type\" content=\"image\/jpeg\" \/>\n<meta name=\"author\" content=\"Crees\" \/>\n<meta name=\"twitter:card\" content=\"summary_large_image\" \/>\n<meta name=\"twitter:creator\" content=\"@CREESRD\" \/>\n<meta name=\"twitter:site\" content=\"@CREESRD\" \/>\n<meta name=\"twitter:label1\" content=\"Escrito por\" \/>\n\t<meta name=\"twitter:data1\" content=\"Crees\" \/>\n\t<meta name=\"twitter:label2\" content=\"Tiempo de lectura\" \/>\n\t<meta name=\"twitter:data2\" content=\"2 minutos\" \/>\n<script type=\"application\/ld+json\" class=\"yoast-schema-graph\">{\"@context\":\"https:\/\/schema.org\",\"@graph\":[{\"@type\":\"Article\",\"@id\":\"https:\/\/crees.org.do\/?p=22787#article\",\"isPartOf\":{\"@id\":\"https:\/\/crees.org.do\/?p=22787\"},\"author\":{\"name\":\"Crees\",\"@id\":\"https:\/\/crees.org.do\/#\/schema\/person\/e7f97cd94d7bf9cd0e0ce30acb7d56b8\"},\"headline\":\"Economista Miguel Collado urge retomar discusi\u00f3n de Pacto Fiscal ante lo onerosa de la actual carga impositiva (Video entrevista)\",\"datePublished\":\"2022-03-02T11:58:16+00:00\",\"dateModified\":\"2022-03-07T11:58:31+00:00\",\"mainEntityOfPage\":{\"@id\":\"https:\/\/crees.org.do\/?p=22787\"},\"wordCount\":409,\"publisher\":{\"@id\":\"https:\/\/crees.org.do\/#organization\"},\"image\":{\"@id\":\"https:\/\/crees.org.do\/?p=22787#primaryimage\"},\"thumbnailUrl\":\"https:\/\/crees.org.do\/wp-content\/uploads\/2022\/03\/Miguel-Collado-Di-Franco-680x445-1.jpeg\",\"articleSection\":[\"Actualidad\"],\"inLanguage\":\"es\"},{\"@type\":\"WebPage\",\"@id\":\"https:\/\/crees.org.do\/?p=22787\",\"url\":\"https:\/\/crees.org.do\/?p=22787\",\"name\":\"Economista Miguel Collado urge retomar discusi\u00f3n de Pacto Fiscal ante lo onerosa de la actual carga impositiva (Video entrevista) | CREES\",\"isPartOf\":{\"@id\":\"https:\/\/crees.org.do\/#website\"},\"primaryImageOfPage\":{\"@id\":\"https:\/\/crees.org.do\/?p=22787#primaryimage\"},\"image\":{\"@id\":\"https:\/\/crees.org.do\/?p=22787#primaryimage\"},\"thumbnailUrl\":\"https:\/\/crees.org.do\/wp-content\/uploads\/2022\/03\/Miguel-Collado-Di-Franco-680x445-1.jpeg\",\"datePublished\":\"2022-03-02T11:58:16+00:00\",\"dateModified\":\"2022-03-07T11:58:31+00:00\",\"breadcrumb\":{\"@id\":\"https:\/\/crees.org.do\/?p=22787#breadcrumb\"},\"inLanguage\":\"es\",\"potentialAction\":[{\"@type\":\"ReadAction\",\"target\":[\"https:\/\/crees.org.do\/?p=22787\"]}]},{\"@type\":\"ImageObject\",\"inLanguage\":\"es\",\"@id\":\"https:\/\/crees.org.do\/?p=22787#primaryimage\",\"url\":\"https:\/\/crees.org.do\/wp-content\/uploads\/2022\/03\/Miguel-Collado-Di-Franco-680x445-1.jpeg\",\"contentUrl\":\"https:\/\/crees.org.do\/wp-content\/uploads\/2022\/03\/Miguel-Collado-Di-Franco-680x445-1.jpeg\",\"width\":680,\"height\":445},{\"@type\":\"BreadcrumbList\",\"@id\":\"https:\/\/crees.org.do\/?p=22787#breadcrumb\",\"itemListElement\":[{\"@type\":\"ListItem\",\"position\":1,\"name\":\"Portada\",\"item\":\"https:\/\/crees.org.do\/\"},{\"@type\":\"ListItem\",\"position\":2,\"name\":\"Economista Miguel Collado urge retomar discusi\u00f3n de Pacto Fiscal ante lo onerosa de la actual carga impositiva (Video entrevista)\"}]},{\"@type\":\"WebSite\",\"@id\":\"https:\/\/crees.org.do\/#website\",\"url\":\"https:\/\/crees.org.do\/\",\"name\":\"CREES\",\"description\":\"Centro Regional de Estrategias Econ\u00f3micas Sostenibles\",\"publisher\":{\"@id\":\"https:\/\/crees.org.do\/#organization\"},\"potentialAction\":[{\"@type\":\"SearchAction\",\"target\":{\"@type\":\"EntryPoint\",\"urlTemplate\":\"https:\/\/crees.org.do\/?s={search_term_string}\"},\"query-input\":{\"@type\":\"PropertyValueSpecification\",\"valueRequired\":true,\"valueName\":\"search_term_string\"}}],\"inLanguage\":\"es\"},{\"@type\":\"Organization\",\"@id\":\"https:\/\/crees.org.do\/#organization\",\"name\":\"CREES | Centro Regional de Estrategias Econ\u00f3micas Sostenibles\",\"url\":\"https:\/\/crees.org.do\/\",\"logo\":{\"@type\":\"ImageObject\",\"inLanguage\":\"es\",\"@id\":\"https:\/\/crees.org.do\/#\/schema\/logo\/image\/\",\"url\":\"https:\/\/crees.org.do\/wp-content\/uploads\/2022\/03\/crees-logo-1.jpg\",\"contentUrl\":\"https:\/\/crees.org.do\/wp-content\/uploads\/2022\/03\/crees-logo-1.jpg\",\"width\":244,\"height\":71,\"caption\":\"CREES | Centro Regional de Estrategias Econ\u00f3micas Sostenibles\"},\"image\":{\"@id\":\"https:\/\/crees.org.do\/#\/schema\/logo\/image\/\"},\"sameAs\":[\"https:\/\/www.facebook.com\/CREESRD\/\",\"https:\/\/x.com\/CREESRD\"]},{\"@type\":\"Person\",\"@id\":\"https:\/\/crees.org.do\/#\/schema\/person\/e7f97cd94d7bf9cd0e0ce30acb7d56b8\",\"name\":\"Crees\",\"image\":{\"@type\":\"ImageObject\",\"inLanguage\":\"es\",\"@id\":\"https:\/\/crees.org.do\/#\/schema\/person\/image\/\",\"url\":\"https:\/\/secure.gravatar.com\/avatar\/390ac8f0be5d9aa046152553e2dd7011b59a512d89c150f5e5f28bb8d9a0b165?s=96&d=mm&r=g\",\"contentUrl\":\"https:\/\/secure.gravatar.com\/avatar\/390ac8f0be5d9aa046152553e2dd7011b59a512d89c150f5e5f28bb8d9a0b165?s=96&d=mm&r=g\",\"caption\":\"Crees\"},\"url\":\"https:\/\/crees.org.do\/?author=2\"}]}<\/script>\n<!-- \/ Yoast SEO plugin. -->","yoast_head_json":{"title":"Economista Miguel Collado urge retomar discusi\u00f3n de Pacto Fiscal ante lo onerosa de la actual carga impositiva (Video entrevista) | CREES","robots":{"index":"index","follow":"follow","max-snippet":"max-snippet:-1","max-image-preview":"max-image-preview:large","max-video-preview":"max-video-preview:-1"},"canonical":"https:\/\/crees.org.do\/?p=22787","og_locale":"es_ES","og_type":"article","og_title":"Economista Miguel Collado urge retomar discusi\u00f3n de Pacto Fiscal ante lo onerosa de la actual carga impositiva (Video entrevista) | CREES","og_description":"Autor: Propuesta Digital Fecha: 2 de marzo del 2022 Extra\u00eddo de: Propuesta Digital &nbsp; Santo Domingo, 2 marzo \u2013 El vicepresidente ejecutivo del Centro Regional de Estrategias Econ\u00f3micas Sostenibles (CREES), Miguel Collado Di Franco, plante\u00f3 la urgencia y necesidad de\u00a0 que en la Rep\u00fablica Dominicana se lleve a cabo un \u201cPacto Fiscal\u201d, ya que resulta...","og_url":"https:\/\/crees.org.do\/?p=22787","og_site_name":"CREES","article_publisher":"https:\/\/www.facebook.com\/CREESRD\/","article_published_time":"2022-03-02T11:58:16+00:00","article_modified_time":"2022-03-07T11:58:31+00:00","og_image":[{"width":680,"height":445,"url":"https:\/\/crees.org.do\/wp-content\/uploads\/2022\/03\/Miguel-Collado-Di-Franco-680x445-1.jpeg","type":"image\/jpeg"}],"author":"Crees","twitter_card":"summary_large_image","twitter_creator":"@CREESRD","twitter_site":"@CREESRD","twitter_misc":{"Escrito por":"Crees","Tiempo de lectura":"2 minutos"},"schema":{"@context":"https:\/\/schema.org","@graph":[{"@type":"Article","@id":"https:\/\/crees.org.do\/?p=22787#article","isPartOf":{"@id":"https:\/\/crees.org.do\/?p=22787"},"author":{"name":"Crees","@id":"https:\/\/crees.org.do\/#\/schema\/person\/e7f97cd94d7bf9cd0e0ce30acb7d56b8"},"headline":"Economista Miguel Collado urge retomar discusi\u00f3n de Pacto Fiscal ante lo onerosa de la actual carga impositiva (Video entrevista)","datePublished":"2022-03-02T11:58:16+00:00","dateModified":"2022-03-07T11:58:31+00:00","mainEntityOfPage":{"@id":"https:\/\/crees.org.do\/?p=22787"},"wordCount":409,"publisher":{"@id":"https:\/\/crees.org.do\/#organization"},"image":{"@id":"https:\/\/crees.org.do\/?p=22787#primaryimage"},"thumbnailUrl":"https:\/\/crees.org.do\/wp-content\/uploads\/2022\/03\/Miguel-Collado-Di-Franco-680x445-1.jpeg","articleSection":["Actualidad"],"inLanguage":"es"},{"@type":"WebPage","@id":"https:\/\/crees.org.do\/?p=22787","url":"https:\/\/crees.org.do\/?p=22787","name":"Economista Miguel Collado urge retomar discusi\u00f3n de Pacto Fiscal ante lo onerosa de la actual carga impositiva (Video entrevista) | CREES","isPartOf":{"@id":"https:\/\/crees.org.do\/#website"},"primaryImageOfPage":{"@id":"https:\/\/crees.org.do\/?p=22787#primaryimage"},"image":{"@id":"https:\/\/crees.org.do\/?p=22787#primaryimage"},"thumbnailUrl":"https:\/\/crees.org.do\/wp-content\/uploads\/2022\/03\/Miguel-Collado-Di-Franco-680x445-1.jpeg","datePublished":"2022-03-02T11:58:16+00:00","dateModified":"2022-03-07T11:58:31+00:00","breadcrumb":{"@id":"https:\/\/crees.org.do\/?p=22787#breadcrumb"},"inLanguage":"es","potentialAction":[{"@type":"ReadAction","target":["https:\/\/crees.org.do\/?p=22787"]}]},{"@type":"ImageObject","inLanguage":"es","@id":"https:\/\/crees.org.do\/?p=22787#primaryimage","url":"https:\/\/crees.org.do\/wp-content\/uploads\/2022\/03\/Miguel-Collado-Di-Franco-680x445-1.jpeg","contentUrl":"https:\/\/crees.org.do\/wp-content\/uploads\/2022\/03\/Miguel-Collado-Di-Franco-680x445-1.jpeg","width":680,"height":445},{"@type":"BreadcrumbList","@id":"https:\/\/crees.org.do\/?p=22787#breadcrumb","itemListElement":[{"@type":"ListItem","position":1,"name":"Portada","item":"https:\/\/crees.org.do\/"},{"@type":"ListItem","position":2,"name":"Economista Miguel Collado urge retomar discusi\u00f3n de Pacto Fiscal ante lo onerosa de la actual carga impositiva (Video entrevista)"}]},{"@type":"WebSite","@id":"https:\/\/crees.org.do\/#website","url":"https:\/\/crees.org.do\/","name":"CREES","description":"Centro Regional de Estrategias Econ\u00f3micas Sostenibles","publisher":{"@id":"https:\/\/crees.org.do\/#organization"},"potentialAction":[{"@type":"SearchAction","target":{"@type":"EntryPoint","urlTemplate":"https:\/\/crees.org.do\/?s={search_term_string}"},"query-input":{"@type":"PropertyValueSpecification","valueRequired":true,"valueName":"search_term_string"}}],"inLanguage":"es"},{"@type":"Organization","@id":"https:\/\/crees.org.do\/#organization","name":"CREES | Centro Regional de Estrategias Econ\u00f3micas Sostenibles","url":"https:\/\/crees.org.do\/","logo":{"@type":"ImageObject","inLanguage":"es","@id":"https:\/\/crees.org.do\/#\/schema\/logo\/image\/","url":"https:\/\/crees.org.do\/wp-content\/uploads\/2022\/03\/crees-logo-1.jpg","contentUrl":"https:\/\/crees.org.do\/wp-content\/uploads\/2022\/03\/crees-logo-1.jpg","width":244,"height":71,"caption":"CREES | Centro Regional de Estrategias Econ\u00f3micas Sostenibles"},"image":{"@id":"https:\/\/crees.org.do\/#\/schema\/logo\/image\/"},"sameAs":["https:\/\/www.facebook.com\/CREESRD\/","https:\/\/x.com\/CREESRD"]},{"@type":"Person","@id":"https:\/\/crees.org.do\/#\/schema\/person\/e7f97cd94d7bf9cd0e0ce30acb7d56b8","name":"Crees","image":{"@type":"ImageObject","inLanguage":"es","@id":"https:\/\/crees.org.do\/#\/schema\/person\/image\/","url":"https:\/\/secure.gravatar.com\/avatar\/390ac8f0be5d9aa046152553e2dd7011b59a512d89c150f5e5f28bb8d9a0b165?s=96&d=mm&r=g","contentUrl":"https:\/\/secure.gravatar.com\/avatar\/390ac8f0be5d9aa046152553e2dd7011b59a512d89c150f5e5f28bb8d9a0b165?s=96&d=mm&r=g","caption":"Crees"},"url":"https:\/\/crees.org.do\/?author=2"}]}},"_links":{"self":[{"href":"https:\/\/crees.org.do\/index.php?rest_route=\/wp\/v2\/posts\/22787","targetHints":{"allow":["GET"]}}],"collection":[{"href":"https:\/\/crees.org.do\/index.php?rest_route=\/wp\/v2\/posts"}],"about":[{"href":"https:\/\/crees.org.do\/index.php?rest_route=\/wp\/v2\/types\/post"}],"author":[{"embeddable":true,"href":"https:\/\/crees.org.do\/index.php?rest_route=\/wp\/v2\/users\/2"}],"replies":[{"embeddable":true,"href":"https:\/\/crees.org.do\/index.php?rest_route=%2Fwp%2Fv2%2Fcomments&post=22787"}],"version-history":[{"count":1,"href":"https:\/\/crees.org.do\/index.php?rest_route=\/wp\/v2\/posts\/22787\/revisions"}],"predecessor-version":[{"id":22789,"href":"https:\/\/crees.org.do\/index.php?rest_route=\/wp\/v2\/posts\/22787\/revisions\/22789"}],"wp:featuredmedia":[{"embeddable":true,"href":"https:\/\/crees.org.do\/index.php?rest_route=\/wp\/v2\/media\/22788"}],"wp:attachment":[{"href":"https:\/\/crees.org.do\/index.php?rest_route=%2Fwp%2Fv2%2Fmedia&parent=22787"}],"wp:term":[{"taxonomy":"category","embeddable":true,"href":"https:\/\/crees.org.do\/index.php?rest_route=%2Fwp%2Fv2%2Fcategories&post=22787"},{"taxonomy":"post_tag","embeddable":true,"href":"https:\/\/crees.org.do\/index.php?rest_route=%2Fwp%2Fv2%2Ftags&post=22787"}],"curies":[{"name":"wp","href":"https:\/\/api.w.org\/{rel}","templated":true}]}}