{"id":22793,"date":"2022-03-07T12:29:16","date_gmt":"2022-03-07T12:29:16","guid":{"rendered":"https:\/\/crees.org.do\/?p=22793"},"modified":"2022-03-07T12:29:48","modified_gmt":"2022-03-07T12:29:48","slug":"la-crees-critica-que-la-dgii-haga-reformas-administrativas","status":"publish","type":"post","link":"https:\/\/crees.org.do\/?p=22793","title":{"rendered":"La CREES critica que la DGII haga reformas administrativas"},"content":{"rendered":"<p style=\"text-align: justify;\">Autor: Mayelin Acosta Guzm\u00e1n<\/p>\n<p style=\"text-align: justify;\">Fecha: 7 de marzo del 2022<\/p>\n<p style=\"text-align: justify;\">Extra\u00eddo de: <a href=\"https:\/\/hoy.com.do\/la-crees-critica-que-la-dgii-haga-reformas-administrativas\/\">Peri\u00f3dico Hoy<\/a><\/p>\n<p style=\"text-align: justify;\">CREES explica que la DGII busca hacer reformas de tipo administrativos a trav\u00e9s de normas y reglamentos que tratan de aumentar los tributos<br \/>\nEl Centro Regional de Estrategias Econ\u00f3micas Sostenibles (CREES) cuestion\u00f3 los cambios impositivos que propone la Direcci\u00f3n General de Impuestos Internos (DGII) porque encarecer\u00eda el vivir y hacer negocios en el pa\u00eds. Explic\u00f3 que la DGII busca hacer reformas de tipo administrativas a trav\u00e9s de normas y reglamentos que tratan de aumentar los tributos, tanto creando nuevos como ampliando los existentes.<\/p>\n<p style=\"text-align: justify;\">\u201cPreocupan estos parches. Y distorsiona el sistema. Ahora no es el momento para tratar de aumentar las recaudaciones con modificaciones como estas, porque encarecer\u00eda los costos de vivir y hacer negocios en el pa\u00eds. Cuando por el contrario lo que se debe hacer es simplificar el sistema tributario\u201d, expuso el vicepresidente ejecutivo del CREES, Miguel Collado Di Franco.<\/p>\n<p style=\"text-align: justify;\">La DGII convoc\u00f3 a la consulta p\u00fablica el borrador de la \u201cNorma General para la determinaci\u00f3n del Impuesto Sobre la Renta por concepto de Ganancia de Capital\u201d, y tambi\u00e9n el \u201cReglamento que regula el procedimiento para la aplicaci\u00f3n del ITBIS a los servicios digitales captados en la Rep\u00fablica Dominicana y que son prestados por proveedores del exterior\u201d.<\/p>\n<p style=\"text-align: justify;\">Leer tambi\u00e9n: Cien millonarios proponen riqueza pague m\u00e1s impuestos<\/p>\n<p style=\"text-align: justify;\">Rolando Mart\u00ednez y Miguel Collado<br \/>\nCollado explic\u00f3 que la primera plantea que una persona vendedora sea agente de retenci\u00f3n y que reporte a la DGII, pero si esta no conoce c\u00f3mo hacerlo deber\u00e1 contratar a alguien , como contable, encareciendo al final sus costos. Destac\u00f3 que sobre el segundo reglamento estos impuestos terminar\u00e1 pag\u00e1ndolo el consumidor final y las empresas proveedoras ser\u00e1n solo agentes de retenci\u00f3n.<\/p>\n<p style=\"text-align: justify;\">\u201cFalta hacer una reforma tributaria verdadera y esta se debi\u00f3 hacer en el 2021. Una reforma que reduzcan costos, haga m\u00e1s competitivo al pa\u00eds y mejore la asignaci\u00f3n de recursos\u201d, expres\u00f3.<\/p>\n<p style=\"text-align: justify;\">Agreg\u00f3 que en el pa\u00eds se ha encarecido el hacer negocios y esto lleva a la informalidad, adem\u00e1s crea incentivo para la evasi\u00f3n y elusi\u00f3n de impuestos, incrementa los costos y en consecuencia afecta los costos finales de los bienes de consumo.<\/p>\n<p style=\"text-align: justify;\">Dijo que los dominicanos pagan m\u00e1s impuestos ahora que antes, porque aunque las tasas son iguales las bases son mayores.<\/p>\n<p style=\"text-align: justify;\">La CREES ha expuesto que tras dos a\u00f1os de pandemia se debe crear un ambiente en el que los ciudadanos puedan generar mayores ingresos disponibles reales y esto se alcanza mediante mayor productividad. La entidad aboga por pol\u00edticas reformadoras que no penalicen a\u00fan m\u00e1s a los contribuyentes, con menores tasas impositivas y sistemas tributarios menos complejos. Y que se aseguren una mayor eficiencia en el gasto p\u00fablico, brindando mejores servicios con menos recursos.<\/p>\n<p style=\"text-align: justify;\">Le puede interesar: Dejarse de cuentos: A pagar los impuestos seg\u00fan el nivel de ingreso<br \/>\n6.3 por ciento en enero, Creci\u00f3 la econom\u00eda en el mes de enero 2022 en comparaci\u00f3n con 2021. El Programa Monetario del Banco Central proyecta que el crecimiento se ubique en torno a 5.5%-6.0% en el a\u00f1o 2022.<\/p>\n<p style=\"text-align: justify;\"><strong>Los protagonistas<\/strong><\/p>\n<p style=\"text-align: justify;\">Miguel Collado, Vicepresidente ejecutivo:<br \/>\nEconomista con un postgrado en Finanzas Corporativas de la PUCMM, del cual tambi\u00e9n fue profesor. Como becario Fulbright realiz\u00f3 la Maestr\u00eda en Negocios Internacionales (MIBS) de la Moore School of Business de la Universidad de Carolina del Sur.<\/p>\n<p style=\"text-align: justify;\">Rolando Mart\u00ednez, economista:<br \/>\nEconomista de la PUCMM. Posee experiencia en el \u00e1rea de an\u00e1lisis, investigaci\u00f3n y capacitaci\u00f3n econ\u00f3mica. Cuenta con una certificaci\u00f3n de Microsoft Office Specialist. Ha colaborado en la realizaci\u00f3n de art\u00edculos, estudios, informes y libros sobre diversos temas.<\/p>\n<div class=\"pvc_clear\"><\/div>\n<p class=\"pvc_stats all \" data-element-id=\"22793\" style=\"\"><i class=\"pvc-stats-icon medium\" aria-hidden=\"true\"><svg aria-hidden=\"true\" focusable=\"false\" data-prefix=\"far\" data-icon=\"chart-bar\" role=\"img\" xmlns=\"http:\/\/www.w3.org\/2000\/svg\" viewBox=\"0 0 512 512\" class=\"svg-inline--fa fa-chart-bar fa-w-16 fa-2x\"><path fill=\"currentColor\" d=\"M396.8 352h22.4c6.4 0 12.8-6.4 12.8-12.8V108.8c0-6.4-6.4-12.8-12.8-12.8h-22.4c-6.4 0-12.8 6.4-12.8 12.8v230.4c0 6.4 6.4 12.8 12.8 12.8zm-192 0h22.4c6.4 0 12.8-6.4 12.8-12.8V140.8c0-6.4-6.4-12.8-12.8-12.8h-22.4c-6.4 0-12.8 6.4-12.8 12.8v198.4c0 6.4 6.4 12.8 12.8 12.8zm96 0h22.4c6.4 0 12.8-6.4 12.8-12.8V204.8c0-6.4-6.4-12.8-12.8-12.8h-22.4c-6.4 0-12.8 6.4-12.8 12.8v134.4c0 6.4 6.4 12.8 12.8 12.8zM496 400H48V80c0-8.84-7.16-16-16-16H16C7.16 64 0 71.16 0 80v336c0 17.67 14.33 32 32 32h464c8.84 0 16-7.16 16-16v-16c0-8.84-7.16-16-16-16zm-387.2-48h22.4c6.4 0 12.8-6.4 12.8-12.8v-70.4c0-6.4-6.4-12.8-12.8-12.8h-22.4c-6.4 0-12.8 6.4-12.8 12.8v70.4c0 6.4 6.4 12.8 12.8 12.8z\" class=\"\"><\/path><\/svg><\/i> Vistas Totales&nbsp;1,076&nbsp;, Vistas Hoy&nbsp;4&nbsp;<\/p>\n<div class=\"pvc_clear\"><\/div>\n","protected":false},"excerpt":{"rendered":"<p>Autor: Mayelin Acosta Guzm\u00e1n Fecha: 7 de marzo del 2022 Extra\u00eddo de: Peri\u00f3dico Hoy CREES explica que la DGII busca hacer reformas de tipo administrativos a trav\u00e9s de normas y reglamentos que tratan de aumentar los tributos El Centro Regional de Estrategias Econ\u00f3micas Sostenibles (CREES) cuestion\u00f3 los cambios impositivos que propone la Direcci\u00f3n General de&#8230;<\/p>\n<div class=\"pvc_clear\"><\/div>\n<p class=\"pvc_stats all \" data-element-id=\"22793\" style=\"\"><i class=\"pvc-stats-icon medium\" aria-hidden=\"true\"><svg aria-hidden=\"true\" focusable=\"false\" data-prefix=\"far\" data-icon=\"chart-bar\" role=\"img\" xmlns=\"http:\/\/www.w3.org\/2000\/svg\" viewBox=\"0 0 512 512\" class=\"svg-inline--fa fa-chart-bar fa-w-16 fa-2x\"><path fill=\"currentColor\" d=\"M396.8 352h22.4c6.4 0 12.8-6.4 12.8-12.8V108.8c0-6.4-6.4-12.8-12.8-12.8h-22.4c-6.4 0-12.8 6.4-12.8 12.8v230.4c0 6.4 6.4 12.8 12.8 12.8zm-192 0h22.4c6.4 0 12.8-6.4 12.8-12.8V140.8c0-6.4-6.4-12.8-12.8-12.8h-22.4c-6.4 0-12.8 6.4-12.8 12.8v198.4c0 6.4 6.4 12.8 12.8 12.8zm96 0h22.4c6.4 0 12.8-6.4 12.8-12.8V204.8c0-6.4-6.4-12.8-12.8-12.8h-22.4c-6.4 0-12.8 6.4-12.8 12.8v134.4c0 6.4 6.4 12.8 12.8 12.8zM496 400H48V80c0-8.84-7.16-16-16-16H16C7.16 64 0 71.16 0 80v336c0 17.67 14.33 32 32 32h464c8.84 0 16-7.16 16-16v-16c0-8.84-7.16-16-16-16zm-387.2-48h22.4c6.4 0 12.8-6.4 12.8-12.8v-70.4c0-6.4-6.4-12.8-12.8-12.8h-22.4c-6.4 0-12.8 6.4-12.8 12.8v70.4c0 6.4 6.4 12.8 12.8 12.8z\" class=\"\"><\/path><\/svg><\/i> Vistas Totales&nbsp;1,076&nbsp;, Vistas Hoy&nbsp;4&nbsp;<\/p>\n<div class=\"pvc_clear\"><\/div>\n","protected":false},"author":2,"featured_media":22794,"comment_status":"closed","ping_status":"closed","sticky":false,"template":"","format":"standard","meta":{"footnotes":""},"categories":[19],"tags":[],"class_list":["post-22793","post","type-post","status-publish","format-standard","has-post-thumbnail","hentry","category-actualidad"],"yoast_head":"<!-- This site is optimized with the Yoast SEO plugin v25.2 - https:\/\/yoast.com\/wordpress\/plugins\/seo\/ -->\n<title>La CREES critica que la DGII haga reformas administrativas | CREES<\/title>\n<meta name=\"robots\" content=\"index, follow, max-snippet:-1, max-image-preview:large, max-video-preview:-1\" \/>\n<link rel=\"canonical\" href=\"https:\/\/crees.org.do\/?p=22793\" \/>\n<meta property=\"og:locale\" content=\"es_ES\" \/>\n<meta property=\"og:type\" content=\"article\" \/>\n<meta property=\"og:title\" content=\"La CREES critica que la DGII haga reformas administrativas | CREES\" \/>\n<meta property=\"og:description\" content=\"Autor: Mayelin Acosta Guzm\u00e1n Fecha: 7 de marzo del 2022 Extra\u00eddo de: Peri\u00f3dico Hoy CREES explica que la DGII busca hacer reformas de tipo administrativos a trav\u00e9s de normas y reglamentos que tratan de aumentar los tributos El Centro Regional de Estrategias Econ\u00f3micas Sostenibles (CREES) cuestion\u00f3 los cambios impositivos que propone la Direcci\u00f3n General de...\" \/>\n<meta property=\"og:url\" content=\"https:\/\/crees.org.do\/?p=22793\" \/>\n<meta property=\"og:site_name\" content=\"CREES\" \/>\n<meta property=\"article:publisher\" content=\"https:\/\/www.facebook.com\/CREESRD\/\" \/>\n<meta property=\"article:published_time\" content=\"2022-03-07T12:29:16+00:00\" \/>\n<meta property=\"article:modified_time\" content=\"2022-03-07T12:29:48+00:00\" \/>\n<meta property=\"og:image\" content=\"https:\/\/crees.org.do\/wp-content\/uploads\/2022\/03\/WhatsApp-Image-2022-03-06-at-6.14.38-PM.jpeg\" \/>\n\t<meta property=\"og:image:width\" content=\"400\" \/>\n\t<meta property=\"og:image:height\" content=\"400\" \/>\n\t<meta property=\"og:image:type\" content=\"image\/jpeg\" \/>\n<meta name=\"author\" content=\"Crees\" \/>\n<meta name=\"twitter:card\" content=\"summary_large_image\" \/>\n<meta name=\"twitter:creator\" content=\"@CREESRD\" \/>\n<meta name=\"twitter:site\" content=\"@CREESRD\" \/>\n<meta name=\"twitter:label1\" content=\"Escrito por\" \/>\n\t<meta name=\"twitter:data1\" content=\"Crees\" \/>\n\t<meta name=\"twitter:label2\" content=\"Tiempo de lectura\" \/>\n\t<meta name=\"twitter:data2\" content=\"3 minutos\" \/>\n<script type=\"application\/ld+json\" class=\"yoast-schema-graph\">{\"@context\":\"https:\/\/schema.org\",\"@graph\":[{\"@type\":\"Article\",\"@id\":\"https:\/\/crees.org.do\/?p=22793#article\",\"isPartOf\":{\"@id\":\"https:\/\/crees.org.do\/?p=22793\"},\"author\":{\"name\":\"Crees\",\"@id\":\"https:\/\/crees.org.do\/#\/schema\/person\/e7f97cd94d7bf9cd0e0ce30acb7d56b8\"},\"headline\":\"La CREES critica que la DGII haga reformas administrativas\",\"datePublished\":\"2022-03-07T12:29:16+00:00\",\"dateModified\":\"2022-03-07T12:29:48+00:00\",\"mainEntityOfPage\":{\"@id\":\"https:\/\/crees.org.do\/?p=22793\"},\"wordCount\":642,\"publisher\":{\"@id\":\"https:\/\/crees.org.do\/#organization\"},\"image\":{\"@id\":\"https:\/\/crees.org.do\/?p=22793#primaryimage\"},\"thumbnailUrl\":\"https:\/\/crees.org.do\/wp-content\/uploads\/2022\/03\/WhatsApp-Image-2022-03-06-at-6.14.38-PM.jpeg\",\"articleSection\":[\"Actualidad\"],\"inLanguage\":\"es\"},{\"@type\":\"WebPage\",\"@id\":\"https:\/\/crees.org.do\/?p=22793\",\"url\":\"https:\/\/crees.org.do\/?p=22793\",\"name\":\"La CREES critica que la DGII haga reformas administrativas | CREES\",\"isPartOf\":{\"@id\":\"https:\/\/crees.org.do\/#website\"},\"primaryImageOfPage\":{\"@id\":\"https:\/\/crees.org.do\/?p=22793#primaryimage\"},\"image\":{\"@id\":\"https:\/\/crees.org.do\/?p=22793#primaryimage\"},\"thumbnailUrl\":\"https:\/\/crees.org.do\/wp-content\/uploads\/2022\/03\/WhatsApp-Image-2022-03-06-at-6.14.38-PM.jpeg\",\"datePublished\":\"2022-03-07T12:29:16+00:00\",\"dateModified\":\"2022-03-07T12:29:48+00:00\",\"breadcrumb\":{\"@id\":\"https:\/\/crees.org.do\/?p=22793#breadcrumb\"},\"inLanguage\":\"es\",\"potentialAction\":[{\"@type\":\"ReadAction\",\"target\":[\"https:\/\/crees.org.do\/?p=22793\"]}]},{\"@type\":\"ImageObject\",\"inLanguage\":\"es\",\"@id\":\"https:\/\/crees.org.do\/?p=22793#primaryimage\",\"url\":\"https:\/\/crees.org.do\/wp-content\/uploads\/2022\/03\/WhatsApp-Image-2022-03-06-at-6.14.38-PM.jpeg\",\"contentUrl\":\"https:\/\/crees.org.do\/wp-content\/uploads\/2022\/03\/WhatsApp-Image-2022-03-06-at-6.14.38-PM.jpeg\",\"width\":400,\"height\":400},{\"@type\":\"BreadcrumbList\",\"@id\":\"https:\/\/crees.org.do\/?p=22793#breadcrumb\",\"itemListElement\":[{\"@type\":\"ListItem\",\"position\":1,\"name\":\"Portada\",\"item\":\"https:\/\/crees.org.do\/\"},{\"@type\":\"ListItem\",\"position\":2,\"name\":\"La CREES critica que la DGII haga reformas administrativas\"}]},{\"@type\":\"WebSite\",\"@id\":\"https:\/\/crees.org.do\/#website\",\"url\":\"https:\/\/crees.org.do\/\",\"name\":\"CREES\",\"description\":\"Centro Regional de Estrategias Econ\u00f3micas Sostenibles\",\"publisher\":{\"@id\":\"https:\/\/crees.org.do\/#organization\"},\"potentialAction\":[{\"@type\":\"SearchAction\",\"target\":{\"@type\":\"EntryPoint\",\"urlTemplate\":\"https:\/\/crees.org.do\/?s={search_term_string}\"},\"query-input\":{\"@type\":\"PropertyValueSpecification\",\"valueRequired\":true,\"valueName\":\"search_term_string\"}}],\"inLanguage\":\"es\"},{\"@type\":\"Organization\",\"@id\":\"https:\/\/crees.org.do\/#organization\",\"name\":\"CREES | Centro Regional de Estrategias Econ\u00f3micas Sostenibles\",\"url\":\"https:\/\/crees.org.do\/\",\"logo\":{\"@type\":\"ImageObject\",\"inLanguage\":\"es\",\"@id\":\"https:\/\/crees.org.do\/#\/schema\/logo\/image\/\",\"url\":\"https:\/\/crees.org.do\/wp-content\/uploads\/2022\/03\/crees-logo-1.jpg\",\"contentUrl\":\"https:\/\/crees.org.do\/wp-content\/uploads\/2022\/03\/crees-logo-1.jpg\",\"width\":244,\"height\":71,\"caption\":\"CREES | Centro Regional de Estrategias Econ\u00f3micas Sostenibles\"},\"image\":{\"@id\":\"https:\/\/crees.org.do\/#\/schema\/logo\/image\/\"},\"sameAs\":[\"https:\/\/www.facebook.com\/CREESRD\/\",\"https:\/\/x.com\/CREESRD\"]},{\"@type\":\"Person\",\"@id\":\"https:\/\/crees.org.do\/#\/schema\/person\/e7f97cd94d7bf9cd0e0ce30acb7d56b8\",\"name\":\"Crees\",\"image\":{\"@type\":\"ImageObject\",\"inLanguage\":\"es\",\"@id\":\"https:\/\/crees.org.do\/#\/schema\/person\/image\/\",\"url\":\"https:\/\/secure.gravatar.com\/avatar\/390ac8f0be5d9aa046152553e2dd7011b59a512d89c150f5e5f28bb8d9a0b165?s=96&d=mm&r=g\",\"contentUrl\":\"https:\/\/secure.gravatar.com\/avatar\/390ac8f0be5d9aa046152553e2dd7011b59a512d89c150f5e5f28bb8d9a0b165?s=96&d=mm&r=g\",\"caption\":\"Crees\"},\"url\":\"https:\/\/crees.org.do\/?author=2\"}]}<\/script>\n<!-- \/ Yoast SEO plugin. -->","yoast_head_json":{"title":"La CREES critica que la DGII haga reformas administrativas | CREES","robots":{"index":"index","follow":"follow","max-snippet":"max-snippet:-1","max-image-preview":"max-image-preview:large","max-video-preview":"max-video-preview:-1"},"canonical":"https:\/\/crees.org.do\/?p=22793","og_locale":"es_ES","og_type":"article","og_title":"La CREES critica que la DGII haga reformas administrativas | CREES","og_description":"Autor: Mayelin Acosta Guzm\u00e1n Fecha: 7 de marzo del 2022 Extra\u00eddo de: Peri\u00f3dico Hoy CREES explica que la DGII busca hacer reformas de tipo administrativos a trav\u00e9s de normas y reglamentos que tratan de aumentar los tributos El Centro Regional de Estrategias Econ\u00f3micas Sostenibles (CREES) cuestion\u00f3 los cambios impositivos que propone la Direcci\u00f3n General de...","og_url":"https:\/\/crees.org.do\/?p=22793","og_site_name":"CREES","article_publisher":"https:\/\/www.facebook.com\/CREESRD\/","article_published_time":"2022-03-07T12:29:16+00:00","article_modified_time":"2022-03-07T12:29:48+00:00","og_image":[{"width":400,"height":400,"url":"https:\/\/crees.org.do\/wp-content\/uploads\/2022\/03\/WhatsApp-Image-2022-03-06-at-6.14.38-PM.jpeg","type":"image\/jpeg"}],"author":"Crees","twitter_card":"summary_large_image","twitter_creator":"@CREESRD","twitter_site":"@CREESRD","twitter_misc":{"Escrito por":"Crees","Tiempo de lectura":"3 minutos"},"schema":{"@context":"https:\/\/schema.org","@graph":[{"@type":"Article","@id":"https:\/\/crees.org.do\/?p=22793#article","isPartOf":{"@id":"https:\/\/crees.org.do\/?p=22793"},"author":{"name":"Crees","@id":"https:\/\/crees.org.do\/#\/schema\/person\/e7f97cd94d7bf9cd0e0ce30acb7d56b8"},"headline":"La CREES critica que la DGII haga reformas administrativas","datePublished":"2022-03-07T12:29:16+00:00","dateModified":"2022-03-07T12:29:48+00:00","mainEntityOfPage":{"@id":"https:\/\/crees.org.do\/?p=22793"},"wordCount":642,"publisher":{"@id":"https:\/\/crees.org.do\/#organization"},"image":{"@id":"https:\/\/crees.org.do\/?p=22793#primaryimage"},"thumbnailUrl":"https:\/\/crees.org.do\/wp-content\/uploads\/2022\/03\/WhatsApp-Image-2022-03-06-at-6.14.38-PM.jpeg","articleSection":["Actualidad"],"inLanguage":"es"},{"@type":"WebPage","@id":"https:\/\/crees.org.do\/?p=22793","url":"https:\/\/crees.org.do\/?p=22793","name":"La CREES critica que la DGII haga reformas administrativas | CREES","isPartOf":{"@id":"https:\/\/crees.org.do\/#website"},"primaryImageOfPage":{"@id":"https:\/\/crees.org.do\/?p=22793#primaryimage"},"image":{"@id":"https:\/\/crees.org.do\/?p=22793#primaryimage"},"thumbnailUrl":"https:\/\/crees.org.do\/wp-content\/uploads\/2022\/03\/WhatsApp-Image-2022-03-06-at-6.14.38-PM.jpeg","datePublished":"2022-03-07T12:29:16+00:00","dateModified":"2022-03-07T12:29:48+00:00","breadcrumb":{"@id":"https:\/\/crees.org.do\/?p=22793#breadcrumb"},"inLanguage":"es","potentialAction":[{"@type":"ReadAction","target":["https:\/\/crees.org.do\/?p=22793"]}]},{"@type":"ImageObject","inLanguage":"es","@id":"https:\/\/crees.org.do\/?p=22793#primaryimage","url":"https:\/\/crees.org.do\/wp-content\/uploads\/2022\/03\/WhatsApp-Image-2022-03-06-at-6.14.38-PM.jpeg","contentUrl":"https:\/\/crees.org.do\/wp-content\/uploads\/2022\/03\/WhatsApp-Image-2022-03-06-at-6.14.38-PM.jpeg","width":400,"height":400},{"@type":"BreadcrumbList","@id":"https:\/\/crees.org.do\/?p=22793#breadcrumb","itemListElement":[{"@type":"ListItem","position":1,"name":"Portada","item":"https:\/\/crees.org.do\/"},{"@type":"ListItem","position":2,"name":"La CREES critica que la DGII haga reformas administrativas"}]},{"@type":"WebSite","@id":"https:\/\/crees.org.do\/#website","url":"https:\/\/crees.org.do\/","name":"CREES","description":"Centro Regional de Estrategias Econ\u00f3micas Sostenibles","publisher":{"@id":"https:\/\/crees.org.do\/#organization"},"potentialAction":[{"@type":"SearchAction","target":{"@type":"EntryPoint","urlTemplate":"https:\/\/crees.org.do\/?s={search_term_string}"},"query-input":{"@type":"PropertyValueSpecification","valueRequired":true,"valueName":"search_term_string"}}],"inLanguage":"es"},{"@type":"Organization","@id":"https:\/\/crees.org.do\/#organization","name":"CREES | Centro Regional de Estrategias Econ\u00f3micas Sostenibles","url":"https:\/\/crees.org.do\/","logo":{"@type":"ImageObject","inLanguage":"es","@id":"https:\/\/crees.org.do\/#\/schema\/logo\/image\/","url":"https:\/\/crees.org.do\/wp-content\/uploads\/2022\/03\/crees-logo-1.jpg","contentUrl":"https:\/\/crees.org.do\/wp-content\/uploads\/2022\/03\/crees-logo-1.jpg","width":244,"height":71,"caption":"CREES | Centro Regional de Estrategias Econ\u00f3micas Sostenibles"},"image":{"@id":"https:\/\/crees.org.do\/#\/schema\/logo\/image\/"},"sameAs":["https:\/\/www.facebook.com\/CREESRD\/","https:\/\/x.com\/CREESRD"]},{"@type":"Person","@id":"https:\/\/crees.org.do\/#\/schema\/person\/e7f97cd94d7bf9cd0e0ce30acb7d56b8","name":"Crees","image":{"@type":"ImageObject","inLanguage":"es","@id":"https:\/\/crees.org.do\/#\/schema\/person\/image\/","url":"https:\/\/secure.gravatar.com\/avatar\/390ac8f0be5d9aa046152553e2dd7011b59a512d89c150f5e5f28bb8d9a0b165?s=96&d=mm&r=g","contentUrl":"https:\/\/secure.gravatar.com\/avatar\/390ac8f0be5d9aa046152553e2dd7011b59a512d89c150f5e5f28bb8d9a0b165?s=96&d=mm&r=g","caption":"Crees"},"url":"https:\/\/crees.org.do\/?author=2"}]}},"_links":{"self":[{"href":"https:\/\/crees.org.do\/index.php?rest_route=\/wp\/v2\/posts\/22793","targetHints":{"allow":["GET"]}}],"collection":[{"href":"https:\/\/crees.org.do\/index.php?rest_route=\/wp\/v2\/posts"}],"about":[{"href":"https:\/\/crees.org.do\/index.php?rest_route=\/wp\/v2\/types\/post"}],"author":[{"embeddable":true,"href":"https:\/\/crees.org.do\/index.php?rest_route=\/wp\/v2\/users\/2"}],"replies":[{"embeddable":true,"href":"https:\/\/crees.org.do\/index.php?rest_route=%2Fwp%2Fv2%2Fcomments&post=22793"}],"version-history":[{"count":2,"href":"https:\/\/crees.org.do\/index.php?rest_route=\/wp\/v2\/posts\/22793\/revisions"}],"predecessor-version":[{"id":22796,"href":"https:\/\/crees.org.do\/index.php?rest_route=\/wp\/v2\/posts\/22793\/revisions\/22796"}],"wp:featuredmedia":[{"embeddable":true,"href":"https:\/\/crees.org.do\/index.php?rest_route=\/wp\/v2\/media\/22794"}],"wp:attachment":[{"href":"https:\/\/crees.org.do\/index.php?rest_route=%2Fwp%2Fv2%2Fmedia&parent=22793"}],"wp:term":[{"taxonomy":"category","embeddable":true,"href":"https:\/\/crees.org.do\/index.php?rest_route=%2Fwp%2Fv2%2Fcategories&post=22793"},{"taxonomy":"post_tag","embeddable":true,"href":"https:\/\/crees.org.do\/index.php?rest_route=%2Fwp%2Fv2%2Ftags&post=22793"}],"curies":[{"name":"wp","href":"https:\/\/api.w.org\/{rel}","templated":true}]}}