{"id":22800,"date":"2022-03-07T14:51:43","date_gmt":"2022-03-07T14:51:43","guid":{"rendered":"https:\/\/crees.org.do\/?p=22800"},"modified":"2022-03-07T14:51:43","modified_gmt":"2022-03-07T14:51:43","slug":"la-deuda-publica-consolidada-se-ubico-en-64-6-del-pib-en-enero-del-2022","status":"publish","type":"post","link":"https:\/\/crees.org.do\/?p=22800","title":{"rendered":"La deuda p\u00fablica consolidada se ubic\u00f3 en 64.6% del PIB en enero del 2022"},"content":{"rendered":"<p style=\"text-align: justify;\">De acuerdo con los datos de la Direcci\u00f3n General de Cr\u00e9dito P\u00fablico y el Banco Central de la Rep\u00fablica Dominicana (BCRD), en enero de 2022 la deuda p\u00fablica consolidada de Rep\u00fablica Dominicana (incluyendo deuda intergubernamental) se ubic\u00f3 en 64.6% del PIB. Esto significa una reducci\u00f3n de 2.1 puntos porcentuales en comparaci\u00f3n la ejecuci\u00f3n en el a\u00f1o 2021 y una reducci\u00f3n de 8.0 puntos porcentuales con respecto al 2020. Sin embargo, \u00bfc\u00f3mo se ve esto en t\u00e9rminos absolutos en lugar de relativos?<\/p>\n<p style=\"text-align: justify;\">A enero de 2022, la deuda p\u00fablica consolidada ascendi\u00f3 a US$64,204.8\u00a0 millones, de los cuales US$47,815.9\u00a0 millones corresponden a la deuda del sector p\u00fablico no financiero (SPNF) y los US$16,388.9 millones restantes corresponden a la deuda del Banco Central de la Rep\u00fablica Dominicana (BCRD); unos RD$817,518.7 millones de la deuda del BCRD corresponden a los valores en circulaci\u00f3n y los RD$87,543.3 millones restantes a los dem\u00e1s pasivos no monetarios del BCRD a enero de 2022.<\/p>\n<p style=\"text-align: justify;\">Es decir que, en comparaci\u00f3n con el nivel de endeudamiento al cierre de 2021 de US$62,036.8 millones y de 2020 de US$57,266.4 millones, la deuda p\u00fablica consolidada creci\u00f3 en US$2,168.0 y US$6,938.4 millones, respectivamente. Un incremento neto de 3.4% en comparaci\u00f3n con el cierre de 2021 (compuesto por un aumento de la deuda del SPNF de US$141.8\u00a0 millones m\u00e1s US$2,026.2\u00a0 millones de la deuda del BCRD); y un incremento neto de 12.1% en comparaci\u00f3n con el cierre de 2020 (compuesto por un aumento de la deuda del SPNF de US$3,193.6\u00a0 millones m\u00e1s US$3,744.9 millones de la deuda del BCRD).<\/p>\n<p style=\"text-align: justify;\">Cabe mencionar que, entre diciembre de 2022 y enero de 2022 los desembolsos recibidos por el SPNF fueron US$307.8 millones. Sin embargo, luego de restar US$42.0 millones de pago de capital de la deuda, y otros ajustes como el aumento del saldo por apreciaci\u00f3n del tipo de cambio entre 2021 y 2022, el incremento neto de la deuda p\u00fablica del SPNF se ubic\u00f3 en US$141.8 millones.<\/p>\n<p style=\"text-align: justify;\">Es importante reducir el ritmo de endeudamiento del Estado dominicano de una forma sostenible. Para lograr esto es necesario controlar el gasto p\u00fablico y hacerlo m\u00e1s eficiente, es decir, obtener mejores resultados con los recursos de los contribuyentes.<\/p>\n<div class=\"pvc_clear\"><\/div>\n<p class=\"pvc_stats all \" data-element-id=\"22800\" style=\"\"><i class=\"pvc-stats-icon medium\" aria-hidden=\"true\"><svg aria-hidden=\"true\" focusable=\"false\" data-prefix=\"far\" data-icon=\"chart-bar\" role=\"img\" xmlns=\"http:\/\/www.w3.org\/2000\/svg\" viewBox=\"0 0 512 512\" class=\"svg-inline--fa fa-chart-bar fa-w-16 fa-2x\"><path fill=\"currentColor\" d=\"M396.8 352h22.4c6.4 0 12.8-6.4 12.8-12.8V108.8c0-6.4-6.4-12.8-12.8-12.8h-22.4c-6.4 0-12.8 6.4-12.8 12.8v230.4c0 6.4 6.4 12.8 12.8 12.8zm-192 0h22.4c6.4 0 12.8-6.4 12.8-12.8V140.8c0-6.4-6.4-12.8-12.8-12.8h-22.4c-6.4 0-12.8 6.4-12.8 12.8v198.4c0 6.4 6.4 12.8 12.8 12.8zm96 0h22.4c6.4 0 12.8-6.4 12.8-12.8V204.8c0-6.4-6.4-12.8-12.8-12.8h-22.4c-6.4 0-12.8 6.4-12.8 12.8v134.4c0 6.4 6.4 12.8 12.8 12.8zM496 400H48V80c0-8.84-7.16-16-16-16H16C7.16 64 0 71.16 0 80v336c0 17.67 14.33 32 32 32h464c8.84 0 16-7.16 16-16v-16c0-8.84-7.16-16-16-16zm-387.2-48h22.4c6.4 0 12.8-6.4 12.8-12.8v-70.4c0-6.4-6.4-12.8-12.8-12.8h-22.4c-6.4 0-12.8 6.4-12.8 12.8v70.4c0 6.4 6.4 12.8 12.8 12.8z\" class=\"\"><\/path><\/svg><\/i> Vistas Totales&nbsp;1,078&nbsp;, Vistas Hoy&nbsp;2&nbsp;<\/p>\n<div class=\"pvc_clear\"><\/div>\n","protected":false},"excerpt":{"rendered":"<p>De acuerdo con los datos de la Direcci\u00f3n General de Cr\u00e9dito P\u00fablico y el Banco Central de la Rep\u00fablica Dominicana (BCRD), en enero de 2022 la deuda p\u00fablica consolidada de Rep\u00fablica Dominicana (incluyendo deuda intergubernamental) se ubic\u00f3 en 64.6% del PIB. Esto significa una reducci\u00f3n de 2.1 puntos porcentuales en comparaci\u00f3n la ejecuci\u00f3n en el&#8230;<\/p>\n<div class=\"pvc_clear\"><\/div>\n<p class=\"pvc_stats all \" data-element-id=\"22800\" style=\"\"><i class=\"pvc-stats-icon medium\" aria-hidden=\"true\"><svg aria-hidden=\"true\" focusable=\"false\" data-prefix=\"far\" data-icon=\"chart-bar\" role=\"img\" xmlns=\"http:\/\/www.w3.org\/2000\/svg\" viewBox=\"0 0 512 512\" class=\"svg-inline--fa fa-chart-bar fa-w-16 fa-2x\"><path fill=\"currentColor\" d=\"M396.8 352h22.4c6.4 0 12.8-6.4 12.8-12.8V108.8c0-6.4-6.4-12.8-12.8-12.8h-22.4c-6.4 0-12.8 6.4-12.8 12.8v230.4c0 6.4 6.4 12.8 12.8 12.8zm-192 0h22.4c6.4 0 12.8-6.4 12.8-12.8V140.8c0-6.4-6.4-12.8-12.8-12.8h-22.4c-6.4 0-12.8 6.4-12.8 12.8v198.4c0 6.4 6.4 12.8 12.8 12.8zm96 0h22.4c6.4 0 12.8-6.4 12.8-12.8V204.8c0-6.4-6.4-12.8-12.8-12.8h-22.4c-6.4 0-12.8 6.4-12.8 12.8v134.4c0 6.4 6.4 12.8 12.8 12.8zM496 400H48V80c0-8.84-7.16-16-16-16H16C7.16 64 0 71.16 0 80v336c0 17.67 14.33 32 32 32h464c8.84 0 16-7.16 16-16v-16c0-8.84-7.16-16-16-16zm-387.2-48h22.4c6.4 0 12.8-6.4 12.8-12.8v-70.4c0-6.4-6.4-12.8-12.8-12.8h-22.4c-6.4 0-12.8 6.4-12.8 12.8v70.4c0 6.4 6.4 12.8 12.8 12.8z\" class=\"\"><\/path><\/svg><\/i> Vistas Totales&nbsp;1,078&nbsp;, Vistas Hoy&nbsp;2&nbsp;<\/p>\n<div class=\"pvc_clear\"><\/div>\n","protected":false},"author":2,"featured_media":22801,"comment_status":"closed","ping_status":"closed","sticky":false,"template":"","format":"standard","meta":{"footnotes":""},"categories":[21],"tags":[],"class_list":["post-22800","post","type-post","status-publish","format-standard","has-post-thumbnail","hentry","category-blog"],"yoast_head":"<!-- This site is optimized with the Yoast SEO plugin v25.2 - https:\/\/yoast.com\/wordpress\/plugins\/seo\/ -->\n<title>La deuda p\u00fablica consolidada se ubic\u00f3 en 64.6% del PIB en enero del 2022 | CREES<\/title>\n<meta name=\"robots\" content=\"index, follow, max-snippet:-1, max-image-preview:large, max-video-preview:-1\" \/>\n<link rel=\"canonical\" href=\"https:\/\/crees.org.do\/?p=22800\" \/>\n<meta property=\"og:locale\" content=\"es_ES\" \/>\n<meta property=\"og:type\" content=\"article\" \/>\n<meta property=\"og:title\" content=\"La deuda p\u00fablica consolidada se ubic\u00f3 en 64.6% del PIB en enero del 2022 | CREES\" \/>\n<meta property=\"og:description\" content=\"De acuerdo con los datos de la Direcci\u00f3n General de Cr\u00e9dito P\u00fablico y el Banco Central de la Rep\u00fablica Dominicana (BCRD), en enero de 2022 la deuda p\u00fablica consolidada de Rep\u00fablica Dominicana (incluyendo deuda intergubernamental) se ubic\u00f3 en 64.6% del PIB. Esto significa una reducci\u00f3n de 2.1 puntos porcentuales en comparaci\u00f3n la ejecuci\u00f3n en el...\" \/>\n<meta property=\"og:url\" content=\"https:\/\/crees.org.do\/?p=22800\" \/>\n<meta property=\"og:site_name\" content=\"CREES\" \/>\n<meta property=\"article:publisher\" content=\"https:\/\/www.facebook.com\/CREESRD\/\" \/>\n<meta property=\"article:published_time\" content=\"2022-03-07T14:51:43+00:00\" \/>\n<meta property=\"og:image\" content=\"https:\/\/crees.org.do\/wp-content\/uploads\/2022\/03\/Screen-Shot-2022-03-07-at-10.49.48-AM.png\" \/>\n\t<meta property=\"og:image:width\" content=\"1444\" \/>\n\t<meta property=\"og:image:height\" content=\"1444\" \/>\n\t<meta property=\"og:image:type\" content=\"image\/png\" \/>\n<meta name=\"author\" content=\"Crees\" \/>\n<meta name=\"twitter:card\" content=\"summary_large_image\" \/>\n<meta name=\"twitter:creator\" content=\"@CREESRD\" \/>\n<meta name=\"twitter:site\" content=\"@CREESRD\" \/>\n<meta name=\"twitter:label1\" content=\"Escrito por\" \/>\n\t<meta name=\"twitter:data1\" content=\"Crees\" \/>\n\t<meta name=\"twitter:label2\" content=\"Tiempo de lectura\" \/>\n\t<meta name=\"twitter:data2\" content=\"2 minutos\" \/>\n<script type=\"application\/ld+json\" class=\"yoast-schema-graph\">{\"@context\":\"https:\/\/schema.org\",\"@graph\":[{\"@type\":\"Article\",\"@id\":\"https:\/\/crees.org.do\/?p=22800#article\",\"isPartOf\":{\"@id\":\"https:\/\/crees.org.do\/?p=22800\"},\"author\":{\"name\":\"Crees\",\"@id\":\"https:\/\/crees.org.do\/#\/schema\/person\/e7f97cd94d7bf9cd0e0ce30acb7d56b8\"},\"headline\":\"La deuda p\u00fablica consolidada se ubic\u00f3 en 64.6% del PIB en enero del 2022\",\"datePublished\":\"2022-03-07T14:51:43+00:00\",\"mainEntityOfPage\":{\"@id\":\"https:\/\/crees.org.do\/?p=22800\"},\"wordCount\":382,\"publisher\":{\"@id\":\"https:\/\/crees.org.do\/#organization\"},\"image\":{\"@id\":\"https:\/\/crees.org.do\/?p=22800#primaryimage\"},\"thumbnailUrl\":\"https:\/\/crees.org.do\/wp-content\/uploads\/2022\/03\/Screen-Shot-2022-03-07-at-10.49.48-AM.png\",\"articleSection\":[\"Blog\"],\"inLanguage\":\"es\"},{\"@type\":\"WebPage\",\"@id\":\"https:\/\/crees.org.do\/?p=22800\",\"url\":\"https:\/\/crees.org.do\/?p=22800\",\"name\":\"La deuda p\u00fablica consolidada se ubic\u00f3 en 64.6% del PIB en enero del 2022 | CREES\",\"isPartOf\":{\"@id\":\"https:\/\/crees.org.do\/#website\"},\"primaryImageOfPage\":{\"@id\":\"https:\/\/crees.org.do\/?p=22800#primaryimage\"},\"image\":{\"@id\":\"https:\/\/crees.org.do\/?p=22800#primaryimage\"},\"thumbnailUrl\":\"https:\/\/crees.org.do\/wp-content\/uploads\/2022\/03\/Screen-Shot-2022-03-07-at-10.49.48-AM.png\",\"datePublished\":\"2022-03-07T14:51:43+00:00\",\"breadcrumb\":{\"@id\":\"https:\/\/crees.org.do\/?p=22800#breadcrumb\"},\"inLanguage\":\"es\",\"potentialAction\":[{\"@type\":\"ReadAction\",\"target\":[\"https:\/\/crees.org.do\/?p=22800\"]}]},{\"@type\":\"ImageObject\",\"inLanguage\":\"es\",\"@id\":\"https:\/\/crees.org.do\/?p=22800#primaryimage\",\"url\":\"https:\/\/crees.org.do\/wp-content\/uploads\/2022\/03\/Screen-Shot-2022-03-07-at-10.49.48-AM.png\",\"contentUrl\":\"https:\/\/crees.org.do\/wp-content\/uploads\/2022\/03\/Screen-Shot-2022-03-07-at-10.49.48-AM.png\",\"width\":1444,\"height\":1444},{\"@type\":\"BreadcrumbList\",\"@id\":\"https:\/\/crees.org.do\/?p=22800#breadcrumb\",\"itemListElement\":[{\"@type\":\"ListItem\",\"position\":1,\"name\":\"Portada\",\"item\":\"https:\/\/crees.org.do\/\"},{\"@type\":\"ListItem\",\"position\":2,\"name\":\"La deuda p\u00fablica consolidada se ubic\u00f3 en 64.6% del PIB en enero del 2022\"}]},{\"@type\":\"WebSite\",\"@id\":\"https:\/\/crees.org.do\/#website\",\"url\":\"https:\/\/crees.org.do\/\",\"name\":\"CREES\",\"description\":\"Centro Regional de Estrategias Econ\u00f3micas Sostenibles\",\"publisher\":{\"@id\":\"https:\/\/crees.org.do\/#organization\"},\"potentialAction\":[{\"@type\":\"SearchAction\",\"target\":{\"@type\":\"EntryPoint\",\"urlTemplate\":\"https:\/\/crees.org.do\/?s={search_term_string}\"},\"query-input\":{\"@type\":\"PropertyValueSpecification\",\"valueRequired\":true,\"valueName\":\"search_term_string\"}}],\"inLanguage\":\"es\"},{\"@type\":\"Organization\",\"@id\":\"https:\/\/crees.org.do\/#organization\",\"name\":\"CREES | Centro Regional de Estrategias Econ\u00f3micas Sostenibles\",\"url\":\"https:\/\/crees.org.do\/\",\"logo\":{\"@type\":\"ImageObject\",\"inLanguage\":\"es\",\"@id\":\"https:\/\/crees.org.do\/#\/schema\/logo\/image\/\",\"url\":\"https:\/\/crees.org.do\/wp-content\/uploads\/2022\/03\/crees-logo-1.jpg\",\"contentUrl\":\"https:\/\/crees.org.do\/wp-content\/uploads\/2022\/03\/crees-logo-1.jpg\",\"width\":244,\"height\":71,\"caption\":\"CREES | Centro Regional de Estrategias Econ\u00f3micas Sostenibles\"},\"image\":{\"@id\":\"https:\/\/crees.org.do\/#\/schema\/logo\/image\/\"},\"sameAs\":[\"https:\/\/www.facebook.com\/CREESRD\/\",\"https:\/\/x.com\/CREESRD\"]},{\"@type\":\"Person\",\"@id\":\"https:\/\/crees.org.do\/#\/schema\/person\/e7f97cd94d7bf9cd0e0ce30acb7d56b8\",\"name\":\"Crees\",\"image\":{\"@type\":\"ImageObject\",\"inLanguage\":\"es\",\"@id\":\"https:\/\/crees.org.do\/#\/schema\/person\/image\/\",\"url\":\"https:\/\/secure.gravatar.com\/avatar\/390ac8f0be5d9aa046152553e2dd7011b59a512d89c150f5e5f28bb8d9a0b165?s=96&d=mm&r=g\",\"contentUrl\":\"https:\/\/secure.gravatar.com\/avatar\/390ac8f0be5d9aa046152553e2dd7011b59a512d89c150f5e5f28bb8d9a0b165?s=96&d=mm&r=g\",\"caption\":\"Crees\"},\"url\":\"https:\/\/crees.org.do\/?author=2\"}]}<\/script>\n<!-- \/ Yoast SEO plugin. -->","yoast_head_json":{"title":"La deuda p\u00fablica consolidada se ubic\u00f3 en 64.6% del PIB en enero del 2022 | CREES","robots":{"index":"index","follow":"follow","max-snippet":"max-snippet:-1","max-image-preview":"max-image-preview:large","max-video-preview":"max-video-preview:-1"},"canonical":"https:\/\/crees.org.do\/?p=22800","og_locale":"es_ES","og_type":"article","og_title":"La deuda p\u00fablica consolidada se ubic\u00f3 en 64.6% del PIB en enero del 2022 | CREES","og_description":"De acuerdo con los datos de la Direcci\u00f3n General de Cr\u00e9dito P\u00fablico y el Banco Central de la Rep\u00fablica Dominicana (BCRD), en enero de 2022 la deuda p\u00fablica consolidada de Rep\u00fablica Dominicana (incluyendo deuda intergubernamental) se ubic\u00f3 en 64.6% del PIB. Esto significa una reducci\u00f3n de 2.1 puntos porcentuales en comparaci\u00f3n la ejecuci\u00f3n en el...","og_url":"https:\/\/crees.org.do\/?p=22800","og_site_name":"CREES","article_publisher":"https:\/\/www.facebook.com\/CREESRD\/","article_published_time":"2022-03-07T14:51:43+00:00","og_image":[{"width":1444,"height":1444,"url":"https:\/\/crees.org.do\/wp-content\/uploads\/2022\/03\/Screen-Shot-2022-03-07-at-10.49.48-AM.png","type":"image\/png"}],"author":"Crees","twitter_card":"summary_large_image","twitter_creator":"@CREESRD","twitter_site":"@CREESRD","twitter_misc":{"Escrito por":"Crees","Tiempo de lectura":"2 minutos"},"schema":{"@context":"https:\/\/schema.org","@graph":[{"@type":"Article","@id":"https:\/\/crees.org.do\/?p=22800#article","isPartOf":{"@id":"https:\/\/crees.org.do\/?p=22800"},"author":{"name":"Crees","@id":"https:\/\/crees.org.do\/#\/schema\/person\/e7f97cd94d7bf9cd0e0ce30acb7d56b8"},"headline":"La deuda p\u00fablica consolidada se ubic\u00f3 en 64.6% del PIB en enero del 2022","datePublished":"2022-03-07T14:51:43+00:00","mainEntityOfPage":{"@id":"https:\/\/crees.org.do\/?p=22800"},"wordCount":382,"publisher":{"@id":"https:\/\/crees.org.do\/#organization"},"image":{"@id":"https:\/\/crees.org.do\/?p=22800#primaryimage"},"thumbnailUrl":"https:\/\/crees.org.do\/wp-content\/uploads\/2022\/03\/Screen-Shot-2022-03-07-at-10.49.48-AM.png","articleSection":["Blog"],"inLanguage":"es"},{"@type":"WebPage","@id":"https:\/\/crees.org.do\/?p=22800","url":"https:\/\/crees.org.do\/?p=22800","name":"La deuda p\u00fablica consolidada se ubic\u00f3 en 64.6% del PIB en enero del 2022 | CREES","isPartOf":{"@id":"https:\/\/crees.org.do\/#website"},"primaryImageOfPage":{"@id":"https:\/\/crees.org.do\/?p=22800#primaryimage"},"image":{"@id":"https:\/\/crees.org.do\/?p=22800#primaryimage"},"thumbnailUrl":"https:\/\/crees.org.do\/wp-content\/uploads\/2022\/03\/Screen-Shot-2022-03-07-at-10.49.48-AM.png","datePublished":"2022-03-07T14:51:43+00:00","breadcrumb":{"@id":"https:\/\/crees.org.do\/?p=22800#breadcrumb"},"inLanguage":"es","potentialAction":[{"@type":"ReadAction","target":["https:\/\/crees.org.do\/?p=22800"]}]},{"@type":"ImageObject","inLanguage":"es","@id":"https:\/\/crees.org.do\/?p=22800#primaryimage","url":"https:\/\/crees.org.do\/wp-content\/uploads\/2022\/03\/Screen-Shot-2022-03-07-at-10.49.48-AM.png","contentUrl":"https:\/\/crees.org.do\/wp-content\/uploads\/2022\/03\/Screen-Shot-2022-03-07-at-10.49.48-AM.png","width":1444,"height":1444},{"@type":"BreadcrumbList","@id":"https:\/\/crees.org.do\/?p=22800#breadcrumb","itemListElement":[{"@type":"ListItem","position":1,"name":"Portada","item":"https:\/\/crees.org.do\/"},{"@type":"ListItem","position":2,"name":"La deuda p\u00fablica consolidada se ubic\u00f3 en 64.6% del PIB en enero del 2022"}]},{"@type":"WebSite","@id":"https:\/\/crees.org.do\/#website","url":"https:\/\/crees.org.do\/","name":"CREES","description":"Centro Regional de Estrategias Econ\u00f3micas Sostenibles","publisher":{"@id":"https:\/\/crees.org.do\/#organization"},"potentialAction":[{"@type":"SearchAction","target":{"@type":"EntryPoint","urlTemplate":"https:\/\/crees.org.do\/?s={search_term_string}"},"query-input":{"@type":"PropertyValueSpecification","valueRequired":true,"valueName":"search_term_string"}}],"inLanguage":"es"},{"@type":"Organization","@id":"https:\/\/crees.org.do\/#organization","name":"CREES | Centro Regional de Estrategias Econ\u00f3micas Sostenibles","url":"https:\/\/crees.org.do\/","logo":{"@type":"ImageObject","inLanguage":"es","@id":"https:\/\/crees.org.do\/#\/schema\/logo\/image\/","url":"https:\/\/crees.org.do\/wp-content\/uploads\/2022\/03\/crees-logo-1.jpg","contentUrl":"https:\/\/crees.org.do\/wp-content\/uploads\/2022\/03\/crees-logo-1.jpg","width":244,"height":71,"caption":"CREES | Centro Regional de Estrategias Econ\u00f3micas Sostenibles"},"image":{"@id":"https:\/\/crees.org.do\/#\/schema\/logo\/image\/"},"sameAs":["https:\/\/www.facebook.com\/CREESRD\/","https:\/\/x.com\/CREESRD"]},{"@type":"Person","@id":"https:\/\/crees.org.do\/#\/schema\/person\/e7f97cd94d7bf9cd0e0ce30acb7d56b8","name":"Crees","image":{"@type":"ImageObject","inLanguage":"es","@id":"https:\/\/crees.org.do\/#\/schema\/person\/image\/","url":"https:\/\/secure.gravatar.com\/avatar\/390ac8f0be5d9aa046152553e2dd7011b59a512d89c150f5e5f28bb8d9a0b165?s=96&d=mm&r=g","contentUrl":"https:\/\/secure.gravatar.com\/avatar\/390ac8f0be5d9aa046152553e2dd7011b59a512d89c150f5e5f28bb8d9a0b165?s=96&d=mm&r=g","caption":"Crees"},"url":"https:\/\/crees.org.do\/?author=2"}]}},"_links":{"self":[{"href":"https:\/\/crees.org.do\/index.php?rest_route=\/wp\/v2\/posts\/22800","targetHints":{"allow":["GET"]}}],"collection":[{"href":"https:\/\/crees.org.do\/index.php?rest_route=\/wp\/v2\/posts"}],"about":[{"href":"https:\/\/crees.org.do\/index.php?rest_route=\/wp\/v2\/types\/post"}],"author":[{"embeddable":true,"href":"https:\/\/crees.org.do\/index.php?rest_route=\/wp\/v2\/users\/2"}],"replies":[{"embeddable":true,"href":"https:\/\/crees.org.do\/index.php?rest_route=%2Fwp%2Fv2%2Fcomments&post=22800"}],"version-history":[{"count":1,"href":"https:\/\/crees.org.do\/index.php?rest_route=\/wp\/v2\/posts\/22800\/revisions"}],"predecessor-version":[{"id":22802,"href":"https:\/\/crees.org.do\/index.php?rest_route=\/wp\/v2\/posts\/22800\/revisions\/22802"}],"wp:featuredmedia":[{"embeddable":true,"href":"https:\/\/crees.org.do\/index.php?rest_route=\/wp\/v2\/media\/22801"}],"wp:attachment":[{"href":"https:\/\/crees.org.do\/index.php?rest_route=%2Fwp%2Fv2%2Fmedia&parent=22800"}],"wp:term":[{"taxonomy":"category","embeddable":true,"href":"https:\/\/crees.org.do\/index.php?rest_route=%2Fwp%2Fv2%2Fcategories&post=22800"},{"taxonomy":"post_tag","embeddable":true,"href":"https:\/\/crees.org.do\/index.php?rest_route=%2Fwp%2Fv2%2Ftags&post=22800"}],"curies":[{"name":"wp","href":"https:\/\/api.w.org\/{rel}","templated":true}]}}