{"id":22823,"date":"2022-03-07T19:41:01","date_gmt":"2022-03-07T19:41:01","guid":{"rendered":"https:\/\/crees.org.do\/?p=22823"},"modified":"2022-03-10T15:37:09","modified_gmt":"2022-03-10T15:37:09","slug":"medidas-economicas-anunciadas-por-el-presidente-abinader-dejaron-fuera-a-la-clase-media","status":"publish","type":"post","link":"https:\/\/crees.org.do\/?p=22823","title":{"rendered":"Medidas econ\u00f3micas anunciadas por el presidente Abinader dejaron fuera a la clase media"},"content":{"rendered":"<p style=\"text-align: justify;\">Autor: Jos\u00e9 Luis Ram\u00edrez<\/p>\n<p style=\"text-align: justify;\">Fecha: 7 de marzo del 2022<\/p>\n<p style=\"text-align: justify;\">Extra\u00eddo de:\u00a0<a href=\"https:\/\/eldinero.com.do\/189988\/medidas-economicas-anunciadas-por-el-presidente-abinader-dejaron-fuera-a-la-clase-media\/\">El Dinero<\/a><\/p>\n<p style=\"text-align: justify;\">El Gobierno dominicano implementar\u00e1 diversas medidas econ\u00f3micas para responder a la distorsi\u00f3n de precios en el mercado internacional, debido al conflicto b\u00e9lico entre Rusia y Ucrania que impacta a las econom\u00edas en el \u00e1mbito global.<\/p>\n<p style=\"text-align: justify;\">Entre las medidas anunciadas por el presidente Luis Abinader, en su segunda rendici\u00f3n de cuentas, est\u00e1n la ampliaci\u00f3n de beneficiarios de la tarjeta social Sup\u00e9rate, y al Bono Gas. \u00c9ste \u00faltimo con un aumento que duplica la partida entregada hasta ahora.<\/p>\n<p style=\"text-align: justify;\">Tambi\u00e9n, el aumento de los locales de comedores econ\u00f3micos, la ampliaci\u00f3n del programa de ventas del Instituto de Estabilizaci\u00f3n de Precios (Inespre) y el subsidio hasta un 10% de los aumentos que sufran las materias primas para la agropecuaria, como el trigo, la soya y el ma\u00edz a consecuencia del enfrentamiento b\u00e9lico Rusia-Ucrania.<\/p>\n<p style=\"text-align: justify;\">Los economistas Henry Hebrard, Antonio Ciriaco y Miguel Collado Di Franco coinciden en que las medidas econ\u00f3micas anunciadas por el presidente de la Rep\u00fablica fueron \u201catinadas\u201d en beneficio de la clase m\u00e1s vulnerable de Rep\u00fablica Dominicana. Sin embargo, aseguran que la clase media queda como el segmento del pa\u00eds menos apoyado.<\/p>\n<p style=\"text-align: justify;\">Hebrard puntualiz\u00f3 que aumentar los subsidios a los programas de ayuda social es \u201catinado\u201d, pues van en beneficio directo de los m\u00e1s vulnerables de la naci\u00f3n.<\/p>\n<p style=\"text-align: justify;\">Indic\u00f3 que, aunque la clase media del pa\u00eds posee un estatus econ\u00f3mico con mayor nivel adquisitivo, el mandatario debi\u00f3 tomar algunas medidas en beneficio a este segmento, entendiendo que tambi\u00e9n sufre los efectos de la crisis inflacionaria.<\/p>\n<p style=\"text-align: justify;\">\u201cSe entiende que las necesidades de la clase media son menos y la prioridad est\u00e1 fijada en los m\u00e1s pobres de la naci\u00f3n\u201d, expres\u00f3 Hebrard, quien reiter\u00f3 que la clase media tendr\u00e1 que seguir enfrentando los efectos econ\u00f3micos de la crisis.<\/p>\n<p style=\"text-align: justify;\">Con este planteamiento concuerda el vicedecano de la Facultad de Econom\u00eda de la Universidad Aut\u00f3noma de Santo Domingo (UASD), Antonio Ciriaco, quien cataloga la clase media como el segmento de la poblaci\u00f3n ausente del discurso.<\/p>\n<p style=\"text-align: justify;\">\u201cLa clase que lleva la vanguardia en las protestas sociales es la clase media. Sin embargo, no present\u00f3 ninguna acci\u00f3n que pueda minimizar los cambios en los efectos de la crisis para este sector\u201d, explic\u00f3.<\/p>\n<p style=\"text-align: justify;\">El economista y catedr\u00e1tico universitario entiende que las acciones del presidente Abinader necesitar\u00e1n un presupuesto complementario, ya que las medidas anunciadas implican erogaciones adicionales que no est\u00e1n contempladas en el presupuesto vigente.<\/p>\n<p style=\"text-align: justify;\">\u201cEsto significa que, posiblemente, va a haber un cambio en el marco presupuestario y conlleva un presupuesto nuevo o complementario para hacer realidad estas medidas\u201d, expres\u00f3 Ciriaco.<\/p>\n<p style=\"text-align: justify;\">Al respecto, el director general de Presupuesto, Jos\u00e9 Rijo Presbot, inform\u00f3 que no ser\u00e1 necesario un aumento del endeudamiento p\u00fablico ni del d\u00e9ficit fiscal para cubrir los cerca de RD$10,000 millones adicionales que implican la ampliaci\u00f3n de las ayudas sociales anunciadas por el Gobierno para este a\u00f1o.<\/p>\n<h4 style=\"text-align: justify;\">Conflicto b\u00e9lico<\/h4>\n<p style=\"text-align: justify;\">El ataque de Rusia a Ucrania supone movimientos econ\u00f3micos que con incidencia en pr\u00e1cticamente todo el mundo, debido a su impacto en la producci\u00f3n de cereales que son materia prima esencial para la industria alimentaria.<\/p>\n<p style=\"text-align: justify;\"><a href=\"https:\/\/149562642.v2.pressablecdn.com\/wp-content\/uploads\/invasion-rusia-ucrania.jpg\"><img fetchpriority=\"high\" decoding=\"async\" class=\"aligncenter wp-image-189992\" src=\"https:\/\/149562642.v2.pressablecdn.com\/wp-content\/uploads\/invasion-rusia-ucrania.jpg\" sizes=\"(max-width: 1200px) 100vw, 1200px\" srcset=\"https:\/\/149562642.v2.pressablecdn.com\/wp-content\/uploads\/invasion-rusia-ucrania.jpg 1200w , https:\/\/149562642.v2.pressablecdn.com\/wp-content\/uploads\/invasion-rusia-ucrania-712x400.jpg 712w , https:\/\/149562642.v2.pressablecdn.com\/wp-content\/uploads\/invasion-rusia-ucrania-280x157.jpg 280w , https:\/\/149562642.v2.pressablecdn.com\/wp-content\/uploads\/invasion-rusia-ucrania-768x431.jpg 768w , https:\/\/149562642.v2.pressablecdn.com\/wp-content\/uploads\/invasion-rusia-ucrania-750x421.jpg 750w , https:\/\/149562642.v2.pressablecdn.com\/wp-content\/uploads\/invasion-rusia-ucrania-1140x640.jpg 1140w \" alt=\"\" width=\"846\" height=\"475\" data-pin-no-hover=\"true\" \/><\/a><\/p>\n<p style=\"text-align: justify;\">Hebrard entiende que esta semana es crucial para tener una visi\u00f3n sobre qu\u00e9 tan grave, profunda y larga sea la crisis b\u00e9lica. Explic\u00f3 que, de continuar, el pa\u00eds sufrir\u00eda grandes impactos en el alza de los precios de los hidrocarburos y los \u201ccommodities\u201d. Sin embargo, aclara que el Estado tiene que \u201cvigilar cuidadosamente este conflicto\u201d para evitar grandes impactos locales.<\/p>\n<p style=\"text-align: justify;\">\u201cEstamos entrando en una zona de altas turbulencias y es muy dif\u00edcil hacer una proyecci\u00f3n, ya que es un tema incierto que nadie puede proyectar. Hay que abordar las cosas con mucha prudencia y estar preparados para lo que venga en los pr\u00f3ximos d\u00edas\u201d, explic\u00f3.<\/p>\n<h4 style=\"text-align: justify;\">Reformas<\/h4>\n<p style=\"text-align: justify;\">Para hacer frente a la crisis inflacionaria es necesario crear reformas estructurales que ayuden a incrementar la producci\u00f3n de los sectores productivos y mejorar el clima de negocios con el fin de alcanzar mayores inversiones, reducir costos de combustibles, de transporte, de autogeneraci\u00f3n el\u00e9ctrica y laborales no salariales.<\/p>\n<p style=\"text-align: justify;\">As\u00ed lo indic\u00f3, el ejecutivo del Centro Regional de Estrategias Econ\u00f3micas Sostenibles (CREES), Miguel Collado Di Franco, quien expresa que aplicando estas medidas, que faltaron en el discurso presidencial, se podr\u00eda tener una econom\u00eda de precios finales m\u00e1s bajos.<\/p>\n<p style=\"text-align: justify;\">\u201cAlgunas de estas reformas fueron propuestas por el CREES. Sin embargo, ayudar\u00eda a su definici\u00f3n una posici\u00f3n de liderazgo de las autoridades con planteamientos dirigidos a que proporcionen el mejor resultado posible con el menor tiempo de implementaci\u00f3n\u201d, agreg\u00f3.<\/p>\n<p style=\"text-align: justify;\">El especialista en econom\u00eda sugiri\u00f3 al Gobierno revisar las estructuras de los costos en los mercados internacionales que inciden sobre los precios, como la generaci\u00f3n de energ\u00eda, transporte y combustibles para tener procesos productivos m\u00e1s complejos. Para Collado aumentar la capacidad de los comedores econ\u00f3micos es una medida que no esta dirigida al problema base de la poblaci\u00f3n, debido a que es muy limitada y subsidiada por los ciudadanos.<\/p>\n<h4 style=\"text-align: justify;\">Mecanismos de apoyo<\/h4>\n<p style=\"text-align: justify;\">El economista Luis Manuel Piantini sugiere que el Estado deber\u00eda aprovechar la pr\u00f3xima reuni\u00f3n que tendr\u00e1 con el Fondo Monetario Internacional (FMI) y el Banco Mundial (BM) para que, junto a otros pa\u00edses de ingresos medios, se solicite una reactivaci\u00f3n de mecanismos de compensaci\u00f3n que fueron utilizados en d\u00e9cadas pasadas.<\/p>\n<p style=\"text-align: justify;\">\u201cEstas herramientas se activaban cuando los aumentos de las facturas de importaci\u00f3n de las materias primas se reflejan en el deterioro de los t\u00e9rminos de intercambio de los pa\u00edses miembros de dicha organizaci\u00f3n\u201d.<\/p>\n<p style=\"text-align: justify;\">Explic\u00f3 que los pa\u00edses que con altos niveles de endeudamiento a causa del covid-19 est\u00e1n enfrentando un panorama externo ser\u00edan financiados en la balanza de cuenta corriente externa y fiscal sin afectar la estabilidad econ\u00f3mica.<\/p>\n<div class=\"pvc_clear\"><\/div>\n<p class=\"pvc_stats all \" data-element-id=\"22823\" style=\"\"><i class=\"pvc-stats-icon medium\" aria-hidden=\"true\"><svg aria-hidden=\"true\" focusable=\"false\" data-prefix=\"far\" data-icon=\"chart-bar\" role=\"img\" xmlns=\"http:\/\/www.w3.org\/2000\/svg\" viewBox=\"0 0 512 512\" class=\"svg-inline--fa fa-chart-bar fa-w-16 fa-2x\"><path fill=\"currentColor\" d=\"M396.8 352h22.4c6.4 0 12.8-6.4 12.8-12.8V108.8c0-6.4-6.4-12.8-12.8-12.8h-22.4c-6.4 0-12.8 6.4-12.8 12.8v230.4c0 6.4 6.4 12.8 12.8 12.8zm-192 0h22.4c6.4 0 12.8-6.4 12.8-12.8V140.8c0-6.4-6.4-12.8-12.8-12.8h-22.4c-6.4 0-12.8 6.4-12.8 12.8v198.4c0 6.4 6.4 12.8 12.8 12.8zm96 0h22.4c6.4 0 12.8-6.4 12.8-12.8V204.8c0-6.4-6.4-12.8-12.8-12.8h-22.4c-6.4 0-12.8 6.4-12.8 12.8v134.4c0 6.4 6.4 12.8 12.8 12.8zM496 400H48V80c0-8.84-7.16-16-16-16H16C7.16 64 0 71.16 0 80v336c0 17.67 14.33 32 32 32h464c8.84 0 16-7.16 16-16v-16c0-8.84-7.16-16-16-16zm-387.2-48h22.4c6.4 0 12.8-6.4 12.8-12.8v-70.4c0-6.4-6.4-12.8-12.8-12.8h-22.4c-6.4 0-12.8 6.4-12.8 12.8v70.4c0 6.4 6.4 12.8 12.8 12.8z\" class=\"\"><\/path><\/svg><\/i> Vistas Totales&nbsp;1,080&nbsp;, Vistas Hoy&nbsp;2&nbsp;<\/p>\n<div class=\"pvc_clear\"><\/div>\n","protected":false},"excerpt":{"rendered":"<p>Autor: Jos\u00e9 Luis Ram\u00edrez Fecha: 7 de marzo del 2022 Extra\u00eddo de:\u00a0El Dinero El Gobierno dominicano implementar\u00e1 diversas medidas econ\u00f3micas para responder a la distorsi\u00f3n de precios en el mercado internacional, debido al conflicto b\u00e9lico entre Rusia y Ucrania que impacta a las econom\u00edas en el \u00e1mbito global. Entre las medidas anunciadas por el presidente&#8230;<\/p>\n<div class=\"pvc_clear\"><\/div>\n<p class=\"pvc_stats all \" data-element-id=\"22823\" style=\"\"><i class=\"pvc-stats-icon medium\" aria-hidden=\"true\"><svg aria-hidden=\"true\" focusable=\"false\" data-prefix=\"far\" data-icon=\"chart-bar\" role=\"img\" xmlns=\"http:\/\/www.w3.org\/2000\/svg\" viewBox=\"0 0 512 512\" class=\"svg-inline--fa fa-chart-bar fa-w-16 fa-2x\"><path fill=\"currentColor\" d=\"M396.8 352h22.4c6.4 0 12.8-6.4 12.8-12.8V108.8c0-6.4-6.4-12.8-12.8-12.8h-22.4c-6.4 0-12.8 6.4-12.8 12.8v230.4c0 6.4 6.4 12.8 12.8 12.8zm-192 0h22.4c6.4 0 12.8-6.4 12.8-12.8V140.8c0-6.4-6.4-12.8-12.8-12.8h-22.4c-6.4 0-12.8 6.4-12.8 12.8v198.4c0 6.4 6.4 12.8 12.8 12.8zm96 0h22.4c6.4 0 12.8-6.4 12.8-12.8V204.8c0-6.4-6.4-12.8-12.8-12.8h-22.4c-6.4 0-12.8 6.4-12.8 12.8v134.4c0 6.4 6.4 12.8 12.8 12.8zM496 400H48V80c0-8.84-7.16-16-16-16H16C7.16 64 0 71.16 0 80v336c0 17.67 14.33 32 32 32h464c8.84 0 16-7.16 16-16v-16c0-8.84-7.16-16-16-16zm-387.2-48h22.4c6.4 0 12.8-6.4 12.8-12.8v-70.4c0-6.4-6.4-12.8-12.8-12.8h-22.4c-6.4 0-12.8 6.4-12.8 12.8v70.4c0 6.4 6.4 12.8 12.8 12.8z\" class=\"\"><\/path><\/svg><\/i> Vistas Totales&nbsp;1,080&nbsp;, Vistas Hoy&nbsp;2&nbsp;<\/p>\n<div class=\"pvc_clear\"><\/div>\n","protected":false},"author":2,"featured_media":22872,"comment_status":"closed","ping_status":"closed","sticky":false,"template":"","format":"standard","meta":{"footnotes":""},"categories":[19],"tags":[],"class_list":["post-22823","post","type-post","status-publish","format-standard","has-post-thumbnail","hentry","category-actualidad"],"yoast_head":"<!-- This site is optimized with the Yoast SEO plugin v25.2 - https:\/\/yoast.com\/wordpress\/plugins\/seo\/ -->\n<title>Medidas econ\u00f3micas anunciadas por el presidente Abinader dejaron fuera a la clase media | CREES<\/title>\n<meta name=\"robots\" content=\"index, follow, max-snippet:-1, max-image-preview:large, max-video-preview:-1\" \/>\n<link rel=\"canonical\" href=\"https:\/\/crees.org.do\/?p=22823\" \/>\n<meta property=\"og:locale\" content=\"es_ES\" \/>\n<meta property=\"og:type\" content=\"article\" \/>\n<meta property=\"og:title\" content=\"Medidas econ\u00f3micas anunciadas por el presidente Abinader dejaron fuera a la clase media | CREES\" \/>\n<meta property=\"og:description\" content=\"Autor: Jos\u00e9 Luis Ram\u00edrez Fecha: 7 de marzo del 2022 Extra\u00eddo de:\u00a0El Dinero El Gobierno dominicano implementar\u00e1 diversas medidas econ\u00f3micas para responder a la distorsi\u00f3n de precios en el mercado internacional, debido al conflicto b\u00e9lico entre Rusia y Ucrania que impacta a las econom\u00edas en el \u00e1mbito global. Entre las medidas anunciadas por el presidente...\" \/>\n<meta property=\"og:url\" content=\"https:\/\/crees.org.do\/?p=22823\" \/>\n<meta property=\"og:site_name\" content=\"CREES\" \/>\n<meta property=\"article:publisher\" content=\"https:\/\/www.facebook.com\/CREESRD\/\" \/>\n<meta property=\"article:published_time\" content=\"2022-03-07T19:41:01+00:00\" \/>\n<meta property=\"article:modified_time\" content=\"2022-03-10T15:37:09+00:00\" \/>\n<meta property=\"og:image\" content=\"https:\/\/crees.org.do\/wp-content\/uploads\/2022\/03\/WhatsApp-Image-2022-03-10-at-10.43.36-AM.jpeg\" \/>\n\t<meta property=\"og:image:width\" content=\"1140\" \/>\n\t<meta property=\"og:image:height\" content=\"570\" \/>\n\t<meta property=\"og:image:type\" content=\"image\/jpeg\" \/>\n<meta name=\"author\" content=\"Crees\" \/>\n<meta name=\"twitter:card\" content=\"summary_large_image\" \/>\n<meta name=\"twitter:creator\" content=\"@CREESRD\" \/>\n<meta name=\"twitter:site\" content=\"@CREESRD\" \/>\n<meta name=\"twitter:label1\" content=\"Escrito por\" \/>\n\t<meta name=\"twitter:data1\" content=\"Crees\" \/>\n\t<meta name=\"twitter:label2\" content=\"Tiempo de lectura\" \/>\n\t<meta name=\"twitter:data2\" content=\"5 minutos\" \/>\n<script type=\"application\/ld+json\" class=\"yoast-schema-graph\">{\"@context\":\"https:\/\/schema.org\",\"@graph\":[{\"@type\":\"Article\",\"@id\":\"https:\/\/crees.org.do\/?p=22823#article\",\"isPartOf\":{\"@id\":\"https:\/\/crees.org.do\/?p=22823\"},\"author\":{\"name\":\"Crees\",\"@id\":\"https:\/\/crees.org.do\/#\/schema\/person\/e7f97cd94d7bf9cd0e0ce30acb7d56b8\"},\"headline\":\"Medidas econ\u00f3micas anunciadas por el presidente Abinader dejaron fuera a la clase media\",\"datePublished\":\"2022-03-07T19:41:01+00:00\",\"dateModified\":\"2022-03-10T15:37:09+00:00\",\"mainEntityOfPage\":{\"@id\":\"https:\/\/crees.org.do\/?p=22823\"},\"wordCount\":1028,\"publisher\":{\"@id\":\"https:\/\/crees.org.do\/#organization\"},\"image\":{\"@id\":\"https:\/\/crees.org.do\/?p=22823#primaryimage\"},\"thumbnailUrl\":\"https:\/\/crees.org.do\/wp-content\/uploads\/2022\/03\/WhatsApp-Image-2022-03-10-at-10.43.36-AM.jpeg\",\"articleSection\":[\"Actualidad\"],\"inLanguage\":\"es\"},{\"@type\":\"WebPage\",\"@id\":\"https:\/\/crees.org.do\/?p=22823\",\"url\":\"https:\/\/crees.org.do\/?p=22823\",\"name\":\"Medidas econ\u00f3micas anunciadas por el presidente Abinader dejaron fuera a la clase media | CREES\",\"isPartOf\":{\"@id\":\"https:\/\/crees.org.do\/#website\"},\"primaryImageOfPage\":{\"@id\":\"https:\/\/crees.org.do\/?p=22823#primaryimage\"},\"image\":{\"@id\":\"https:\/\/crees.org.do\/?p=22823#primaryimage\"},\"thumbnailUrl\":\"https:\/\/crees.org.do\/wp-content\/uploads\/2022\/03\/WhatsApp-Image-2022-03-10-at-10.43.36-AM.jpeg\",\"datePublished\":\"2022-03-07T19:41:01+00:00\",\"dateModified\":\"2022-03-10T15:37:09+00:00\",\"breadcrumb\":{\"@id\":\"https:\/\/crees.org.do\/?p=22823#breadcrumb\"},\"inLanguage\":\"es\",\"potentialAction\":[{\"@type\":\"ReadAction\",\"target\":[\"https:\/\/crees.org.do\/?p=22823\"]}]},{\"@type\":\"ImageObject\",\"inLanguage\":\"es\",\"@id\":\"https:\/\/crees.org.do\/?p=22823#primaryimage\",\"url\":\"https:\/\/crees.org.do\/wp-content\/uploads\/2022\/03\/WhatsApp-Image-2022-03-10-at-10.43.36-AM.jpeg\",\"contentUrl\":\"https:\/\/crees.org.do\/wp-content\/uploads\/2022\/03\/WhatsApp-Image-2022-03-10-at-10.43.36-AM.jpeg\",\"width\":1140,\"height\":570},{\"@type\":\"BreadcrumbList\",\"@id\":\"https:\/\/crees.org.do\/?p=22823#breadcrumb\",\"itemListElement\":[{\"@type\":\"ListItem\",\"position\":1,\"name\":\"Portada\",\"item\":\"https:\/\/crees.org.do\/\"},{\"@type\":\"ListItem\",\"position\":2,\"name\":\"Medidas econ\u00f3micas anunciadas por el presidente Abinader dejaron fuera a la clase media\"}]},{\"@type\":\"WebSite\",\"@id\":\"https:\/\/crees.org.do\/#website\",\"url\":\"https:\/\/crees.org.do\/\",\"name\":\"CREES\",\"description\":\"Centro Regional de Estrategias Econ\u00f3micas Sostenibles\",\"publisher\":{\"@id\":\"https:\/\/crees.org.do\/#organization\"},\"potentialAction\":[{\"@type\":\"SearchAction\",\"target\":{\"@type\":\"EntryPoint\",\"urlTemplate\":\"https:\/\/crees.org.do\/?s={search_term_string}\"},\"query-input\":{\"@type\":\"PropertyValueSpecification\",\"valueRequired\":true,\"valueName\":\"search_term_string\"}}],\"inLanguage\":\"es\"},{\"@type\":\"Organization\",\"@id\":\"https:\/\/crees.org.do\/#organization\",\"name\":\"CREES | Centro Regional de Estrategias Econ\u00f3micas Sostenibles\",\"url\":\"https:\/\/crees.org.do\/\",\"logo\":{\"@type\":\"ImageObject\",\"inLanguage\":\"es\",\"@id\":\"https:\/\/crees.org.do\/#\/schema\/logo\/image\/\",\"url\":\"https:\/\/crees.org.do\/wp-content\/uploads\/2022\/03\/crees-logo-1.jpg\",\"contentUrl\":\"https:\/\/crees.org.do\/wp-content\/uploads\/2022\/03\/crees-logo-1.jpg\",\"width\":244,\"height\":71,\"caption\":\"CREES | Centro Regional de Estrategias Econ\u00f3micas Sostenibles\"},\"image\":{\"@id\":\"https:\/\/crees.org.do\/#\/schema\/logo\/image\/\"},\"sameAs\":[\"https:\/\/www.facebook.com\/CREESRD\/\",\"https:\/\/x.com\/CREESRD\"]},{\"@type\":\"Person\",\"@id\":\"https:\/\/crees.org.do\/#\/schema\/person\/e7f97cd94d7bf9cd0e0ce30acb7d56b8\",\"name\":\"Crees\",\"image\":{\"@type\":\"ImageObject\",\"inLanguage\":\"es\",\"@id\":\"https:\/\/crees.org.do\/#\/schema\/person\/image\/\",\"url\":\"https:\/\/secure.gravatar.com\/avatar\/390ac8f0be5d9aa046152553e2dd7011b59a512d89c150f5e5f28bb8d9a0b165?s=96&d=mm&r=g\",\"contentUrl\":\"https:\/\/secure.gravatar.com\/avatar\/390ac8f0be5d9aa046152553e2dd7011b59a512d89c150f5e5f28bb8d9a0b165?s=96&d=mm&r=g\",\"caption\":\"Crees\"},\"url\":\"https:\/\/crees.org.do\/?author=2\"}]}<\/script>\n<!-- \/ Yoast SEO plugin. -->","yoast_head_json":{"title":"Medidas econ\u00f3micas anunciadas por el presidente Abinader dejaron fuera a la clase media | CREES","robots":{"index":"index","follow":"follow","max-snippet":"max-snippet:-1","max-image-preview":"max-image-preview:large","max-video-preview":"max-video-preview:-1"},"canonical":"https:\/\/crees.org.do\/?p=22823","og_locale":"es_ES","og_type":"article","og_title":"Medidas econ\u00f3micas anunciadas por el presidente Abinader dejaron fuera a la clase media | CREES","og_description":"Autor: Jos\u00e9 Luis Ram\u00edrez Fecha: 7 de marzo del 2022 Extra\u00eddo de:\u00a0El Dinero El Gobierno dominicano implementar\u00e1 diversas medidas econ\u00f3micas para responder a la distorsi\u00f3n de precios en el mercado internacional, debido al conflicto b\u00e9lico entre Rusia y Ucrania que impacta a las econom\u00edas en el \u00e1mbito global. Entre las medidas anunciadas por el presidente...","og_url":"https:\/\/crees.org.do\/?p=22823","og_site_name":"CREES","article_publisher":"https:\/\/www.facebook.com\/CREESRD\/","article_published_time":"2022-03-07T19:41:01+00:00","article_modified_time":"2022-03-10T15:37:09+00:00","og_image":[{"width":1140,"height":570,"url":"https:\/\/crees.org.do\/wp-content\/uploads\/2022\/03\/WhatsApp-Image-2022-03-10-at-10.43.36-AM.jpeg","type":"image\/jpeg"}],"author":"Crees","twitter_card":"summary_large_image","twitter_creator":"@CREESRD","twitter_site":"@CREESRD","twitter_misc":{"Escrito por":"Crees","Tiempo de lectura":"5 minutos"},"schema":{"@context":"https:\/\/schema.org","@graph":[{"@type":"Article","@id":"https:\/\/crees.org.do\/?p=22823#article","isPartOf":{"@id":"https:\/\/crees.org.do\/?p=22823"},"author":{"name":"Crees","@id":"https:\/\/crees.org.do\/#\/schema\/person\/e7f97cd94d7bf9cd0e0ce30acb7d56b8"},"headline":"Medidas econ\u00f3micas anunciadas por el presidente Abinader dejaron fuera a la clase media","datePublished":"2022-03-07T19:41:01+00:00","dateModified":"2022-03-10T15:37:09+00:00","mainEntityOfPage":{"@id":"https:\/\/crees.org.do\/?p=22823"},"wordCount":1028,"publisher":{"@id":"https:\/\/crees.org.do\/#organization"},"image":{"@id":"https:\/\/crees.org.do\/?p=22823#primaryimage"},"thumbnailUrl":"https:\/\/crees.org.do\/wp-content\/uploads\/2022\/03\/WhatsApp-Image-2022-03-10-at-10.43.36-AM.jpeg","articleSection":["Actualidad"],"inLanguage":"es"},{"@type":"WebPage","@id":"https:\/\/crees.org.do\/?p=22823","url":"https:\/\/crees.org.do\/?p=22823","name":"Medidas econ\u00f3micas anunciadas por el presidente Abinader dejaron fuera a la clase media | CREES","isPartOf":{"@id":"https:\/\/crees.org.do\/#website"},"primaryImageOfPage":{"@id":"https:\/\/crees.org.do\/?p=22823#primaryimage"},"image":{"@id":"https:\/\/crees.org.do\/?p=22823#primaryimage"},"thumbnailUrl":"https:\/\/crees.org.do\/wp-content\/uploads\/2022\/03\/WhatsApp-Image-2022-03-10-at-10.43.36-AM.jpeg","datePublished":"2022-03-07T19:41:01+00:00","dateModified":"2022-03-10T15:37:09+00:00","breadcrumb":{"@id":"https:\/\/crees.org.do\/?p=22823#breadcrumb"},"inLanguage":"es","potentialAction":[{"@type":"ReadAction","target":["https:\/\/crees.org.do\/?p=22823"]}]},{"@type":"ImageObject","inLanguage":"es","@id":"https:\/\/crees.org.do\/?p=22823#primaryimage","url":"https:\/\/crees.org.do\/wp-content\/uploads\/2022\/03\/WhatsApp-Image-2022-03-10-at-10.43.36-AM.jpeg","contentUrl":"https:\/\/crees.org.do\/wp-content\/uploads\/2022\/03\/WhatsApp-Image-2022-03-10-at-10.43.36-AM.jpeg","width":1140,"height":570},{"@type":"BreadcrumbList","@id":"https:\/\/crees.org.do\/?p=22823#breadcrumb","itemListElement":[{"@type":"ListItem","position":1,"name":"Portada","item":"https:\/\/crees.org.do\/"},{"@type":"ListItem","position":2,"name":"Medidas econ\u00f3micas anunciadas por el presidente Abinader dejaron fuera a la clase media"}]},{"@type":"WebSite","@id":"https:\/\/crees.org.do\/#website","url":"https:\/\/crees.org.do\/","name":"CREES","description":"Centro Regional de Estrategias Econ\u00f3micas Sostenibles","publisher":{"@id":"https:\/\/crees.org.do\/#organization"},"potentialAction":[{"@type":"SearchAction","target":{"@type":"EntryPoint","urlTemplate":"https:\/\/crees.org.do\/?s={search_term_string}"},"query-input":{"@type":"PropertyValueSpecification","valueRequired":true,"valueName":"search_term_string"}}],"inLanguage":"es"},{"@type":"Organization","@id":"https:\/\/crees.org.do\/#organization","name":"CREES | Centro Regional de Estrategias Econ\u00f3micas Sostenibles","url":"https:\/\/crees.org.do\/","logo":{"@type":"ImageObject","inLanguage":"es","@id":"https:\/\/crees.org.do\/#\/schema\/logo\/image\/","url":"https:\/\/crees.org.do\/wp-content\/uploads\/2022\/03\/crees-logo-1.jpg","contentUrl":"https:\/\/crees.org.do\/wp-content\/uploads\/2022\/03\/crees-logo-1.jpg","width":244,"height":71,"caption":"CREES | Centro Regional de Estrategias Econ\u00f3micas Sostenibles"},"image":{"@id":"https:\/\/crees.org.do\/#\/schema\/logo\/image\/"},"sameAs":["https:\/\/www.facebook.com\/CREESRD\/","https:\/\/x.com\/CREESRD"]},{"@type":"Person","@id":"https:\/\/crees.org.do\/#\/schema\/person\/e7f97cd94d7bf9cd0e0ce30acb7d56b8","name":"Crees","image":{"@type":"ImageObject","inLanguage":"es","@id":"https:\/\/crees.org.do\/#\/schema\/person\/image\/","url":"https:\/\/secure.gravatar.com\/avatar\/390ac8f0be5d9aa046152553e2dd7011b59a512d89c150f5e5f28bb8d9a0b165?s=96&d=mm&r=g","contentUrl":"https:\/\/secure.gravatar.com\/avatar\/390ac8f0be5d9aa046152553e2dd7011b59a512d89c150f5e5f28bb8d9a0b165?s=96&d=mm&r=g","caption":"Crees"},"url":"https:\/\/crees.org.do\/?author=2"}]}},"_links":{"self":[{"href":"https:\/\/crees.org.do\/index.php?rest_route=\/wp\/v2\/posts\/22823","targetHints":{"allow":["GET"]}}],"collection":[{"href":"https:\/\/crees.org.do\/index.php?rest_route=\/wp\/v2\/posts"}],"about":[{"href":"https:\/\/crees.org.do\/index.php?rest_route=\/wp\/v2\/types\/post"}],"author":[{"embeddable":true,"href":"https:\/\/crees.org.do\/index.php?rest_route=\/wp\/v2\/users\/2"}],"replies":[{"embeddable":true,"href":"https:\/\/crees.org.do\/index.php?rest_route=%2Fwp%2Fv2%2Fcomments&post=22823"}],"version-history":[{"count":1,"href":"https:\/\/crees.org.do\/index.php?rest_route=\/wp\/v2\/posts\/22823\/revisions"}],"predecessor-version":[{"id":22824,"href":"https:\/\/crees.org.do\/index.php?rest_route=\/wp\/v2\/posts\/22823\/revisions\/22824"}],"wp:featuredmedia":[{"embeddable":true,"href":"https:\/\/crees.org.do\/index.php?rest_route=\/wp\/v2\/media\/22872"}],"wp:attachment":[{"href":"https:\/\/crees.org.do\/index.php?rest_route=%2Fwp%2Fv2%2Fmedia&parent=22823"}],"wp:term":[{"taxonomy":"category","embeddable":true,"href":"https:\/\/crees.org.do\/index.php?rest_route=%2Fwp%2Fv2%2Fcategories&post=22823"},{"taxonomy":"post_tag","embeddable":true,"href":"https:\/\/crees.org.do\/index.php?rest_route=%2Fwp%2Fv2%2Ftags&post=22823"}],"curies":[{"name":"wp","href":"https:\/\/api.w.org\/{rel}","templated":true}]}}