{"id":22937,"date":"2022-03-21T15:35:55","date_gmt":"2022-03-21T15:35:55","guid":{"rendered":"https:\/\/crees.org.do\/?p=22937"},"modified":"2022-03-22T15:18:48","modified_gmt":"2022-03-22T15:18:48","slug":"en-febrero-de-2022-republica-dominicana-fue-el-quinto-pais-de-america-latina-con-mayor-inflacion-interanual","status":"publish","type":"post","link":"https:\/\/crees.org.do\/?p=22937","title":{"rendered":"En febrero de 2022 Rep\u00fablica Dominicana fue el quinto pa\u00eds de Am\u00e9rica Latina con mayor inflaci\u00f3n interanual"},"content":{"rendered":"<p style=\"text-align: justify;\">En febrero de 2022, la inflaci\u00f3n interanual, es decir, la variaci\u00f3n del \u00cdndice del Precios al Consumidor (IPC) con respecto a febrero de 2021 en Rep\u00fablica Dominicana fue de 9.0%, ubic\u00e1ndose como el quinto pa\u00eds en la regi\u00f3n con mayor incremento interanual en sus precios; superado solo por Paraguay (9.3%), Brasil (10.5%), Argentina (52.3%) y Venezuela (246%). Bolivia (0.7%), Panam\u00e1 (2.7%) y Ecuador (2.7%) fueron los pa\u00edses con menor incremento en sus precios.<\/p>\n<p style=\"text-align: justify;\">\u00bfPor qu\u00e9 diferentes econom\u00edas del mundo est\u00e1n evidenciando incrementos en sus precios mayores a los que se produc\u00edan antes de la pandemia de COVID-19?<\/p>\n<p style=\"text-align: justify;\">Las econom\u00edas del mundo est\u00e1n experimentando un periodo de inflaci\u00f3n que tiene sus or\u00edgenes en las medidas expansionistas que han adoptado de los bancos centrales. A pesar del\u00a0 argumento de que los cuellos de botella en las cadenas de producci\u00f3n eran la causa principal del incremento en los precios, se ha vuelto cada vez m\u00e1s evidente que un incremento generalizado y sostenido de precios se debe al aumento de la cantidad de moneda.<\/p>\n<p style=\"text-align: justify;\">Si bien los bancos centrales del mundo est\u00e1n adoptando pol\u00edticas monetarias menos expansivas, la normalizaci\u00f3n monetaria a nivel mundial tomar\u00e1 tiempo y hasta que esto no ocurra y no se absorba la cantidad de dinero ya creada, los aumentos de precios seguir\u00e1n afectando a los ciudadanos del mundo. En adici\u00f3n a esto, la situaci\u00f3n de incrementos de el precio de los bienes y servicios se ha agravado a\u00fan m\u00e1s con el aumento de los precios de las materias primas en la \u00faltimas semanas.<\/p>\n<p style=\"text-align: justify;\">Debido a que las condiciones monetarias internacionales est\u00e1n determinando los costos a nivel interno y, en consecuencia, los precios, es preciso que los gobiernos adopten pol\u00edticas p\u00fablicas para amortiguar estos efectos. Pol\u00edticas que est\u00e9n dirigidas a eliminar elementos que incrementan los costos internamente y a propiciar un mejor clima de negocios para aumentar la cantidad de inversiones.<\/p>\n<div class=\"pvc_clear\"><\/div>\n<p class=\"pvc_stats all \" data-element-id=\"22937\" style=\"\"><i class=\"pvc-stats-icon medium\" aria-hidden=\"true\"><svg aria-hidden=\"true\" focusable=\"false\" data-prefix=\"far\" data-icon=\"chart-bar\" role=\"img\" xmlns=\"http:\/\/www.w3.org\/2000\/svg\" viewBox=\"0 0 512 512\" class=\"svg-inline--fa fa-chart-bar fa-w-16 fa-2x\"><path fill=\"currentColor\" d=\"M396.8 352h22.4c6.4 0 12.8-6.4 12.8-12.8V108.8c0-6.4-6.4-12.8-12.8-12.8h-22.4c-6.4 0-12.8 6.4-12.8 12.8v230.4c0 6.4 6.4 12.8 12.8 12.8zm-192 0h22.4c6.4 0 12.8-6.4 12.8-12.8V140.8c0-6.4-6.4-12.8-12.8-12.8h-22.4c-6.4 0-12.8 6.4-12.8 12.8v198.4c0 6.4 6.4 12.8 12.8 12.8zm96 0h22.4c6.4 0 12.8-6.4 12.8-12.8V204.8c0-6.4-6.4-12.8-12.8-12.8h-22.4c-6.4 0-12.8 6.4-12.8 12.8v134.4c0 6.4 6.4 12.8 12.8 12.8zM496 400H48V80c0-8.84-7.16-16-16-16H16C7.16 64 0 71.16 0 80v336c0 17.67 14.33 32 32 32h464c8.84 0 16-7.16 16-16v-16c0-8.84-7.16-16-16-16zm-387.2-48h22.4c6.4 0 12.8-6.4 12.8-12.8v-70.4c0-6.4-6.4-12.8-12.8-12.8h-22.4c-6.4 0-12.8 6.4-12.8 12.8v70.4c0 6.4 6.4 12.8 12.8 12.8z\" class=\"\"><\/path><\/svg><\/i> Vistas Totales&nbsp;722&nbsp;, Vistas Hoy&nbsp;1&nbsp;<\/p>\n<div class=\"pvc_clear\"><\/div>\n","protected":false},"excerpt":{"rendered":"<p>En febrero de 2022, la inflaci\u00f3n interanual, es decir, la variaci\u00f3n del \u00cdndice del Precios al Consumidor (IPC) con respecto a febrero de 2021 en Rep\u00fablica Dominicana fue de 9.0%, ubic\u00e1ndose como el quinto pa\u00eds en la regi\u00f3n con mayor incremento interanual en sus precios; superado solo por Paraguay (9.3%), Brasil (10.5%), Argentina (52.3%) y&#8230;<\/p>\n<div class=\"pvc_clear\"><\/div>\n<p class=\"pvc_stats all \" data-element-id=\"22937\" style=\"\"><i class=\"pvc-stats-icon medium\" aria-hidden=\"true\"><svg aria-hidden=\"true\" focusable=\"false\" data-prefix=\"far\" data-icon=\"chart-bar\" role=\"img\" xmlns=\"http:\/\/www.w3.org\/2000\/svg\" viewBox=\"0 0 512 512\" class=\"svg-inline--fa fa-chart-bar fa-w-16 fa-2x\"><path fill=\"currentColor\" d=\"M396.8 352h22.4c6.4 0 12.8-6.4 12.8-12.8V108.8c0-6.4-6.4-12.8-12.8-12.8h-22.4c-6.4 0-12.8 6.4-12.8 12.8v230.4c0 6.4 6.4 12.8 12.8 12.8zm-192 0h22.4c6.4 0 12.8-6.4 12.8-12.8V140.8c0-6.4-6.4-12.8-12.8-12.8h-22.4c-6.4 0-12.8 6.4-12.8 12.8v198.4c0 6.4 6.4 12.8 12.8 12.8zm96 0h22.4c6.4 0 12.8-6.4 12.8-12.8V204.8c0-6.4-6.4-12.8-12.8-12.8h-22.4c-6.4 0-12.8 6.4-12.8 12.8v134.4c0 6.4 6.4 12.8 12.8 12.8zM496 400H48V80c0-8.84-7.16-16-16-16H16C7.16 64 0 71.16 0 80v336c0 17.67 14.33 32 32 32h464c8.84 0 16-7.16 16-16v-16c0-8.84-7.16-16-16-16zm-387.2-48h22.4c6.4 0 12.8-6.4 12.8-12.8v-70.4c0-6.4-6.4-12.8-12.8-12.8h-22.4c-6.4 0-12.8 6.4-12.8 12.8v70.4c0 6.4 6.4 12.8 12.8 12.8z\" class=\"\"><\/path><\/svg><\/i> Vistas Totales&nbsp;722&nbsp;, Vistas Hoy&nbsp;1&nbsp;<\/p>\n<div class=\"pvc_clear\"><\/div>\n","protected":false},"author":2,"featured_media":22938,"comment_status":"closed","ping_status":"closed","sticky":false,"template":"","format":"standard","meta":{"footnotes":""},"categories":[21],"tags":[92,89,104,118],"class_list":["post-22937","post","type-post","status-publish","format-standard","has-post-thumbnail","hentry","category-blog","tag-america-latina","tag-inflacion","tag-latinoamerica","tag-republica-dominicana"],"yoast_head":"<!-- This site is optimized with the Yoast SEO plugin v25.2 - https:\/\/yoast.com\/wordpress\/plugins\/seo\/ -->\n<title>En febrero de 2022 Rep\u00fablica Dominicana fue el quinto pa\u00eds de Am\u00e9rica Latina con mayor inflaci\u00f3n interanual | CREES<\/title>\n<meta name=\"description\" content=\"Inflaci\u00f3n interanual en Am\u00e9rica Latina en febrero 2022\" \/>\n<meta name=\"robots\" content=\"index, follow, max-snippet:-1, max-image-preview:large, max-video-preview:-1\" \/>\n<link rel=\"canonical\" href=\"https:\/\/crees.org.do\/?p=22937\" \/>\n<meta property=\"og:locale\" content=\"es_ES\" \/>\n<meta property=\"og:type\" content=\"article\" \/>\n<meta property=\"og:title\" content=\"En febrero de 2022 Rep\u00fablica Dominicana fue el quinto pa\u00eds de Am\u00e9rica Latina con mayor inflaci\u00f3n interanual | CREES\" \/>\n<meta property=\"og:description\" content=\"Inflaci\u00f3n interanual en Am\u00e9rica Latina en febrero 2022\" \/>\n<meta property=\"og:url\" content=\"https:\/\/crees.org.do\/?p=22937\" \/>\n<meta property=\"og:site_name\" content=\"CREES\" \/>\n<meta property=\"article:publisher\" content=\"https:\/\/www.facebook.com\/CREESRD\/\" \/>\n<meta property=\"article:published_time\" content=\"2022-03-21T15:35:55+00:00\" \/>\n<meta property=\"article:modified_time\" content=\"2022-03-22T15:18:48+00:00\" \/>\n<meta property=\"og:image\" content=\"https:\/\/crees.org.do\/wp-content\/uploads\/2022\/03\/project-2022-03-21_11-03_AM.png\" \/>\n\t<meta property=\"og:image:width\" content=\"1080\" \/>\n\t<meta property=\"og:image:height\" content=\"1080\" \/>\n\t<meta property=\"og:image:type\" content=\"image\/png\" \/>\n<meta name=\"author\" content=\"Crees\" \/>\n<meta name=\"twitter:card\" content=\"summary_large_image\" \/>\n<meta name=\"twitter:creator\" content=\"@CREESRD\" \/>\n<meta name=\"twitter:site\" content=\"@CREESRD\" \/>\n<meta name=\"twitter:label1\" content=\"Escrito por\" \/>\n\t<meta name=\"twitter:data1\" content=\"Crees\" \/>\n\t<meta name=\"twitter:label2\" content=\"Tiempo de lectura\" \/>\n\t<meta name=\"twitter:data2\" content=\"2 minutos\" \/>\n<script type=\"application\/ld+json\" class=\"yoast-schema-graph\">{\"@context\":\"https:\/\/schema.org\",\"@graph\":[{\"@type\":\"Article\",\"@id\":\"https:\/\/crees.org.do\/?p=22937#article\",\"isPartOf\":{\"@id\":\"https:\/\/crees.org.do\/?p=22937\"},\"author\":{\"name\":\"Crees\",\"@id\":\"https:\/\/crees.org.do\/#\/schema\/person\/e7f97cd94d7bf9cd0e0ce30acb7d56b8\"},\"headline\":\"En febrero de 2022 Rep\u00fablica Dominicana fue el quinto pa\u00eds de Am\u00e9rica Latina con mayor inflaci\u00f3n interanual\",\"datePublished\":\"2022-03-21T15:35:55+00:00\",\"dateModified\":\"2022-03-22T15:18:48+00:00\",\"mainEntityOfPage\":{\"@id\":\"https:\/\/crees.org.do\/?p=22937\"},\"wordCount\":349,\"publisher\":{\"@id\":\"https:\/\/crees.org.do\/#organization\"},\"image\":{\"@id\":\"https:\/\/crees.org.do\/?p=22937#primaryimage\"},\"thumbnailUrl\":\"https:\/\/crees.org.do\/wp-content\/uploads\/2022\/03\/project-2022-03-21_11-03_AM.png\",\"keywords\":[\"America Latina\",\"Inflaci\u00f3n\",\"Latinoamerica\",\"Rep\u00fablica Dominicana\"],\"articleSection\":[\"Blog\"],\"inLanguage\":\"es\"},{\"@type\":\"WebPage\",\"@id\":\"https:\/\/crees.org.do\/?p=22937\",\"url\":\"https:\/\/crees.org.do\/?p=22937\",\"name\":\"En febrero de 2022 Rep\u00fablica Dominicana fue el quinto pa\u00eds de Am\u00e9rica Latina con mayor inflaci\u00f3n interanual | CREES\",\"isPartOf\":{\"@id\":\"https:\/\/crees.org.do\/#website\"},\"primaryImageOfPage\":{\"@id\":\"https:\/\/crees.org.do\/?p=22937#primaryimage\"},\"image\":{\"@id\":\"https:\/\/crees.org.do\/?p=22937#primaryimage\"},\"thumbnailUrl\":\"https:\/\/crees.org.do\/wp-content\/uploads\/2022\/03\/project-2022-03-21_11-03_AM.png\",\"datePublished\":\"2022-03-21T15:35:55+00:00\",\"dateModified\":\"2022-03-22T15:18:48+00:00\",\"description\":\"Inflaci\u00f3n interanual en Am\u00e9rica Latina en febrero 2022\",\"breadcrumb\":{\"@id\":\"https:\/\/crees.org.do\/?p=22937#breadcrumb\"},\"inLanguage\":\"es\",\"potentialAction\":[{\"@type\":\"ReadAction\",\"target\":[\"https:\/\/crees.org.do\/?p=22937\"]}]},{\"@type\":\"ImageObject\",\"inLanguage\":\"es\",\"@id\":\"https:\/\/crees.org.do\/?p=22937#primaryimage\",\"url\":\"https:\/\/crees.org.do\/wp-content\/uploads\/2022\/03\/project-2022-03-21_11-03_AM.png\",\"contentUrl\":\"https:\/\/crees.org.do\/wp-content\/uploads\/2022\/03\/project-2022-03-21_11-03_AM.png\",\"width\":1080,\"height\":1080},{\"@type\":\"BreadcrumbList\",\"@id\":\"https:\/\/crees.org.do\/?p=22937#breadcrumb\",\"itemListElement\":[{\"@type\":\"ListItem\",\"position\":1,\"name\":\"Portada\",\"item\":\"https:\/\/crees.org.do\/\"},{\"@type\":\"ListItem\",\"position\":2,\"name\":\"En febrero de 2022 Rep\u00fablica Dominicana fue el quinto pa\u00eds de Am\u00e9rica Latina con mayor inflaci\u00f3n interanual\"}]},{\"@type\":\"WebSite\",\"@id\":\"https:\/\/crees.org.do\/#website\",\"url\":\"https:\/\/crees.org.do\/\",\"name\":\"CREES\",\"description\":\"Centro Regional de Estrategias Econ\u00f3micas Sostenibles\",\"publisher\":{\"@id\":\"https:\/\/crees.org.do\/#organization\"},\"potentialAction\":[{\"@type\":\"SearchAction\",\"target\":{\"@type\":\"EntryPoint\",\"urlTemplate\":\"https:\/\/crees.org.do\/?s={search_term_string}\"},\"query-input\":{\"@type\":\"PropertyValueSpecification\",\"valueRequired\":true,\"valueName\":\"search_term_string\"}}],\"inLanguage\":\"es\"},{\"@type\":\"Organization\",\"@id\":\"https:\/\/crees.org.do\/#organization\",\"name\":\"CREES | Centro Regional de Estrategias Econ\u00f3micas Sostenibles\",\"url\":\"https:\/\/crees.org.do\/\",\"logo\":{\"@type\":\"ImageObject\",\"inLanguage\":\"es\",\"@id\":\"https:\/\/crees.org.do\/#\/schema\/logo\/image\/\",\"url\":\"https:\/\/crees.org.do\/wp-content\/uploads\/2022\/03\/crees-logo-1.jpg\",\"contentUrl\":\"https:\/\/crees.org.do\/wp-content\/uploads\/2022\/03\/crees-logo-1.jpg\",\"width\":244,\"height\":71,\"caption\":\"CREES | Centro Regional de Estrategias Econ\u00f3micas Sostenibles\"},\"image\":{\"@id\":\"https:\/\/crees.org.do\/#\/schema\/logo\/image\/\"},\"sameAs\":[\"https:\/\/www.facebook.com\/CREESRD\/\",\"https:\/\/x.com\/CREESRD\"]},{\"@type\":\"Person\",\"@id\":\"https:\/\/crees.org.do\/#\/schema\/person\/e7f97cd94d7bf9cd0e0ce30acb7d56b8\",\"name\":\"Crees\",\"image\":{\"@type\":\"ImageObject\",\"inLanguage\":\"es\",\"@id\":\"https:\/\/crees.org.do\/#\/schema\/person\/image\/\",\"url\":\"https:\/\/secure.gravatar.com\/avatar\/390ac8f0be5d9aa046152553e2dd7011b59a512d89c150f5e5f28bb8d9a0b165?s=96&d=mm&r=g\",\"contentUrl\":\"https:\/\/secure.gravatar.com\/avatar\/390ac8f0be5d9aa046152553e2dd7011b59a512d89c150f5e5f28bb8d9a0b165?s=96&d=mm&r=g\",\"caption\":\"Crees\"},\"url\":\"https:\/\/crees.org.do\/?author=2\"}]}<\/script>\n<!-- \/ Yoast SEO plugin. -->","yoast_head_json":{"title":"En febrero de 2022 Rep\u00fablica Dominicana fue el quinto pa\u00eds de Am\u00e9rica Latina con mayor inflaci\u00f3n interanual | CREES","description":"Inflaci\u00f3n interanual en Am\u00e9rica Latina en febrero 2022","robots":{"index":"index","follow":"follow","max-snippet":"max-snippet:-1","max-image-preview":"max-image-preview:large","max-video-preview":"max-video-preview:-1"},"canonical":"https:\/\/crees.org.do\/?p=22937","og_locale":"es_ES","og_type":"article","og_title":"En febrero de 2022 Rep\u00fablica Dominicana fue el quinto pa\u00eds de Am\u00e9rica Latina con mayor inflaci\u00f3n interanual | CREES","og_description":"Inflaci\u00f3n interanual en Am\u00e9rica Latina en febrero 2022","og_url":"https:\/\/crees.org.do\/?p=22937","og_site_name":"CREES","article_publisher":"https:\/\/www.facebook.com\/CREESRD\/","article_published_time":"2022-03-21T15:35:55+00:00","article_modified_time":"2022-03-22T15:18:48+00:00","og_image":[{"width":1080,"height":1080,"url":"https:\/\/crees.org.do\/wp-content\/uploads\/2022\/03\/project-2022-03-21_11-03_AM.png","type":"image\/png"}],"author":"Crees","twitter_card":"summary_large_image","twitter_creator":"@CREESRD","twitter_site":"@CREESRD","twitter_misc":{"Escrito por":"Crees","Tiempo de lectura":"2 minutos"},"schema":{"@context":"https:\/\/schema.org","@graph":[{"@type":"Article","@id":"https:\/\/crees.org.do\/?p=22937#article","isPartOf":{"@id":"https:\/\/crees.org.do\/?p=22937"},"author":{"name":"Crees","@id":"https:\/\/crees.org.do\/#\/schema\/person\/e7f97cd94d7bf9cd0e0ce30acb7d56b8"},"headline":"En febrero de 2022 Rep\u00fablica Dominicana fue el quinto pa\u00eds de Am\u00e9rica Latina con mayor inflaci\u00f3n interanual","datePublished":"2022-03-21T15:35:55+00:00","dateModified":"2022-03-22T15:18:48+00:00","mainEntityOfPage":{"@id":"https:\/\/crees.org.do\/?p=22937"},"wordCount":349,"publisher":{"@id":"https:\/\/crees.org.do\/#organization"},"image":{"@id":"https:\/\/crees.org.do\/?p=22937#primaryimage"},"thumbnailUrl":"https:\/\/crees.org.do\/wp-content\/uploads\/2022\/03\/project-2022-03-21_11-03_AM.png","keywords":["America Latina","Inflaci\u00f3n","Latinoamerica","Rep\u00fablica Dominicana"],"articleSection":["Blog"],"inLanguage":"es"},{"@type":"WebPage","@id":"https:\/\/crees.org.do\/?p=22937","url":"https:\/\/crees.org.do\/?p=22937","name":"En febrero de 2022 Rep\u00fablica Dominicana fue el quinto pa\u00eds de Am\u00e9rica Latina con mayor inflaci\u00f3n interanual | CREES","isPartOf":{"@id":"https:\/\/crees.org.do\/#website"},"primaryImageOfPage":{"@id":"https:\/\/crees.org.do\/?p=22937#primaryimage"},"image":{"@id":"https:\/\/crees.org.do\/?p=22937#primaryimage"},"thumbnailUrl":"https:\/\/crees.org.do\/wp-content\/uploads\/2022\/03\/project-2022-03-21_11-03_AM.png","datePublished":"2022-03-21T15:35:55+00:00","dateModified":"2022-03-22T15:18:48+00:00","description":"Inflaci\u00f3n interanual en Am\u00e9rica Latina en febrero 2022","breadcrumb":{"@id":"https:\/\/crees.org.do\/?p=22937#breadcrumb"},"inLanguage":"es","potentialAction":[{"@type":"ReadAction","target":["https:\/\/crees.org.do\/?p=22937"]}]},{"@type":"ImageObject","inLanguage":"es","@id":"https:\/\/crees.org.do\/?p=22937#primaryimage","url":"https:\/\/crees.org.do\/wp-content\/uploads\/2022\/03\/project-2022-03-21_11-03_AM.png","contentUrl":"https:\/\/crees.org.do\/wp-content\/uploads\/2022\/03\/project-2022-03-21_11-03_AM.png","width":1080,"height":1080},{"@type":"BreadcrumbList","@id":"https:\/\/crees.org.do\/?p=22937#breadcrumb","itemListElement":[{"@type":"ListItem","position":1,"name":"Portada","item":"https:\/\/crees.org.do\/"},{"@type":"ListItem","position":2,"name":"En febrero de 2022 Rep\u00fablica Dominicana fue el quinto pa\u00eds de Am\u00e9rica Latina con mayor inflaci\u00f3n interanual"}]},{"@type":"WebSite","@id":"https:\/\/crees.org.do\/#website","url":"https:\/\/crees.org.do\/","name":"CREES","description":"Centro Regional de Estrategias Econ\u00f3micas Sostenibles","publisher":{"@id":"https:\/\/crees.org.do\/#organization"},"potentialAction":[{"@type":"SearchAction","target":{"@type":"EntryPoint","urlTemplate":"https:\/\/crees.org.do\/?s={search_term_string}"},"query-input":{"@type":"PropertyValueSpecification","valueRequired":true,"valueName":"search_term_string"}}],"inLanguage":"es"},{"@type":"Organization","@id":"https:\/\/crees.org.do\/#organization","name":"CREES | Centro Regional de Estrategias Econ\u00f3micas Sostenibles","url":"https:\/\/crees.org.do\/","logo":{"@type":"ImageObject","inLanguage":"es","@id":"https:\/\/crees.org.do\/#\/schema\/logo\/image\/","url":"https:\/\/crees.org.do\/wp-content\/uploads\/2022\/03\/crees-logo-1.jpg","contentUrl":"https:\/\/crees.org.do\/wp-content\/uploads\/2022\/03\/crees-logo-1.jpg","width":244,"height":71,"caption":"CREES | Centro Regional de Estrategias Econ\u00f3micas Sostenibles"},"image":{"@id":"https:\/\/crees.org.do\/#\/schema\/logo\/image\/"},"sameAs":["https:\/\/www.facebook.com\/CREESRD\/","https:\/\/x.com\/CREESRD"]},{"@type":"Person","@id":"https:\/\/crees.org.do\/#\/schema\/person\/e7f97cd94d7bf9cd0e0ce30acb7d56b8","name":"Crees","image":{"@type":"ImageObject","inLanguage":"es","@id":"https:\/\/crees.org.do\/#\/schema\/person\/image\/","url":"https:\/\/secure.gravatar.com\/avatar\/390ac8f0be5d9aa046152553e2dd7011b59a512d89c150f5e5f28bb8d9a0b165?s=96&d=mm&r=g","contentUrl":"https:\/\/secure.gravatar.com\/avatar\/390ac8f0be5d9aa046152553e2dd7011b59a512d89c150f5e5f28bb8d9a0b165?s=96&d=mm&r=g","caption":"Crees"},"url":"https:\/\/crees.org.do\/?author=2"}]}},"_links":{"self":[{"href":"https:\/\/crees.org.do\/index.php?rest_route=\/wp\/v2\/posts\/22937","targetHints":{"allow":["GET"]}}],"collection":[{"href":"https:\/\/crees.org.do\/index.php?rest_route=\/wp\/v2\/posts"}],"about":[{"href":"https:\/\/crees.org.do\/index.php?rest_route=\/wp\/v2\/types\/post"}],"author":[{"embeddable":true,"href":"https:\/\/crees.org.do\/index.php?rest_route=\/wp\/v2\/users\/2"}],"replies":[{"embeddable":true,"href":"https:\/\/crees.org.do\/index.php?rest_route=%2Fwp%2Fv2%2Fcomments&post=22937"}],"version-history":[{"count":2,"href":"https:\/\/crees.org.do\/index.php?rest_route=\/wp\/v2\/posts\/22937\/revisions"}],"predecessor-version":[{"id":22943,"href":"https:\/\/crees.org.do\/index.php?rest_route=\/wp\/v2\/posts\/22937\/revisions\/22943"}],"wp:featuredmedia":[{"embeddable":true,"href":"https:\/\/crees.org.do\/index.php?rest_route=\/wp\/v2\/media\/22938"}],"wp:attachment":[{"href":"https:\/\/crees.org.do\/index.php?rest_route=%2Fwp%2Fv2%2Fmedia&parent=22937"}],"wp:term":[{"taxonomy":"category","embeddable":true,"href":"https:\/\/crees.org.do\/index.php?rest_route=%2Fwp%2Fv2%2Fcategories&post=22937"},{"taxonomy":"post_tag","embeddable":true,"href":"https:\/\/crees.org.do\/index.php?rest_route=%2Fwp%2Fv2%2Ftags&post=22937"}],"curies":[{"name":"wp","href":"https:\/\/api.w.org\/{rel}","templated":true}]}}