{"id":22945,"date":"2022-03-23T14:17:40","date_gmt":"2022-03-23T14:17:40","guid":{"rendered":"https:\/\/crees.org.do\/?p=22945"},"modified":"2022-03-23T14:24:42","modified_gmt":"2022-03-23T14:24:42","slug":"informalidad-total-en-republica-dominicana-al-cierre-de-2021","status":"publish","type":"post","link":"https:\/\/crees.org.do\/?p=22945","title":{"rendered":"Informalidad total en Rep\u00fablica Dominicana al cierre de 2021"},"content":{"rendered":"<h3 style=\"text-align: justify;\"><b>Un <\/b><b>58.1%<\/b> <b>del empleo en el pa\u00eds se encontraba en la <\/b><b>informalidad<\/b><i>, <\/i><b>al <\/b><b>cierre del <\/b><b>2021<\/b><\/h3>\n<p style=\"text-align: justify;\">De acuerdo con los datos de la Encuesta Nacional Continua de Fuerza de Trabajo (ENCFT) del Banco Central de la Rep\u00fablica Dominicana, m\u00e1s de 2.7 millones de personas se encontraban trabajando en condiciones de informalidad al cuarto trimestre del 2021. Esto represent\u00f3 un 58.1% de la fuerza laboral en este periodo; una cifra que super\u00f3 el 56.8% del \u00faltimo trimestre del 2020 en 1.3 puntos porcentuales, equivalentes a unas 213 mil trabajadores informales m\u00e1s. De igual forma la informalidad total al cierre de 2021 super\u00f3 el promedio de los \u00faltimos 5 a\u00f1os (2016-2020) de 56.9% en 1.2 puntos porcentuales.<\/p>\n<p style=\"text-align: justify;\">A partir de 2020, la pandemia de COVID-19 provoc\u00f3 distorsiones en el mercado laboral e incidi\u00f3 en el aumento de la informalidad. Sin embargo, hist\u00f3ricamente, la informalidad en la econom\u00eda dominicana ha sido un fen\u00f3meno estructural relacionado con los altos costos vinculados al sistema tributario y a la legislaci\u00f3n laboral del pa\u00eds.<\/p>\n<div class=\"pvc_clear\"><\/div>\n<p class=\"pvc_stats all \" data-element-id=\"22945\" style=\"\"><i class=\"pvc-stats-icon medium\" aria-hidden=\"true\"><svg aria-hidden=\"true\" focusable=\"false\" data-prefix=\"far\" data-icon=\"chart-bar\" role=\"img\" xmlns=\"http:\/\/www.w3.org\/2000\/svg\" viewBox=\"0 0 512 512\" class=\"svg-inline--fa fa-chart-bar fa-w-16 fa-2x\"><path fill=\"currentColor\" d=\"M396.8 352h22.4c6.4 0 12.8-6.4 12.8-12.8V108.8c0-6.4-6.4-12.8-12.8-12.8h-22.4c-6.4 0-12.8 6.4-12.8 12.8v230.4c0 6.4 6.4 12.8 12.8 12.8zm-192 0h22.4c6.4 0 12.8-6.4 12.8-12.8V140.8c0-6.4-6.4-12.8-12.8-12.8h-22.4c-6.4 0-12.8 6.4-12.8 12.8v198.4c0 6.4 6.4 12.8 12.8 12.8zm96 0h22.4c6.4 0 12.8-6.4 12.8-12.8V204.8c0-6.4-6.4-12.8-12.8-12.8h-22.4c-6.4 0-12.8 6.4-12.8 12.8v134.4c0 6.4 6.4 12.8 12.8 12.8zM496 400H48V80c0-8.84-7.16-16-16-16H16C7.16 64 0 71.16 0 80v336c0 17.67 14.33 32 32 32h464c8.84 0 16-7.16 16-16v-16c0-8.84-7.16-16-16-16zm-387.2-48h22.4c6.4 0 12.8-6.4 12.8-12.8v-70.4c0-6.4-6.4-12.8-12.8-12.8h-22.4c-6.4 0-12.8 6.4-12.8 12.8v70.4c0 6.4 6.4 12.8 12.8 12.8z\" class=\"\"><\/path><\/svg><\/i> Vistas Totales&nbsp;751&nbsp;<\/p>\n<div class=\"pvc_clear\"><\/div>\n","protected":false},"excerpt":{"rendered":"<p>Un 58.1% del empleo en el pa\u00eds se encontraba en la informalidad, al cierre del 2021 De acuerdo con los datos de la Encuesta Nacional Continua de Fuerza de Trabajo (ENCFT) del Banco Central de la Rep\u00fablica Dominicana, m\u00e1s de 2.7 millones de personas se encontraban trabajando en condiciones de informalidad al cuarto trimestre del&#8230;<\/p>\n<div class=\"pvc_clear\"><\/div>\n<p class=\"pvc_stats all \" data-element-id=\"22945\" style=\"\"><i class=\"pvc-stats-icon medium\" aria-hidden=\"true\"><svg aria-hidden=\"true\" focusable=\"false\" data-prefix=\"far\" data-icon=\"chart-bar\" role=\"img\" xmlns=\"http:\/\/www.w3.org\/2000\/svg\" viewBox=\"0 0 512 512\" class=\"svg-inline--fa fa-chart-bar fa-w-16 fa-2x\"><path fill=\"currentColor\" d=\"M396.8 352h22.4c6.4 0 12.8-6.4 12.8-12.8V108.8c0-6.4-6.4-12.8-12.8-12.8h-22.4c-6.4 0-12.8 6.4-12.8 12.8v230.4c0 6.4 6.4 12.8 12.8 12.8zm-192 0h22.4c6.4 0 12.8-6.4 12.8-12.8V140.8c0-6.4-6.4-12.8-12.8-12.8h-22.4c-6.4 0-12.8 6.4-12.8 12.8v198.4c0 6.4 6.4 12.8 12.8 12.8zm96 0h22.4c6.4 0 12.8-6.4 12.8-12.8V204.8c0-6.4-6.4-12.8-12.8-12.8h-22.4c-6.4 0-12.8 6.4-12.8 12.8v134.4c0 6.4 6.4 12.8 12.8 12.8zM496 400H48V80c0-8.84-7.16-16-16-16H16C7.16 64 0 71.16 0 80v336c0 17.67 14.33 32 32 32h464c8.84 0 16-7.16 16-16v-16c0-8.84-7.16-16-16-16zm-387.2-48h22.4c6.4 0 12.8-6.4 12.8-12.8v-70.4c0-6.4-6.4-12.8-12.8-12.8h-22.4c-6.4 0-12.8 6.4-12.8 12.8v70.4c0 6.4 6.4 12.8 12.8 12.8z\" class=\"\"><\/path><\/svg><\/i> Vistas Totales&nbsp;751&nbsp;<\/p>\n<div class=\"pvc_clear\"><\/div>\n","protected":false},"author":2,"featured_media":22946,"comment_status":"closed","ping_status":"closed","sticky":false,"template":"","format":"standard","meta":{"footnotes":""},"categories":[21],"tags":[122,64,121,119,120,118],"class_list":["post-22945","post","type-post","status-publish","format-standard","has-post-thumbnail","hentry","category-blog","tag-blog-crees","tag-crees","tag-informal","tag-informalidad","tag-mercado-laboral","tag-republica-dominicana"],"yoast_head":"<!-- This site is optimized with the Yoast SEO plugin v25.2 - https:\/\/yoast.com\/wordpress\/plugins\/seo\/ -->\n<title>Informalidad total en Rep\u00fablica Dominicana al cierre de 2021 | CREES<\/title>\n<meta name=\"description\" content=\"M\u00e1s de 2.7 millones de personas se encontraban trabajando en condiciones de informalidad al cuarto trimestre del 2021. Esto represent\u00f3 un 58.1% de la fuerza laboral en este periodo.\" \/>\n<meta name=\"robots\" content=\"index, follow, max-snippet:-1, max-image-preview:large, max-video-preview:-1\" \/>\n<link rel=\"canonical\" href=\"https:\/\/crees.org.do\/?p=22945\" \/>\n<meta property=\"og:locale\" content=\"es_ES\" \/>\n<meta property=\"og:type\" content=\"article\" \/>\n<meta property=\"og:title\" content=\"Informalidad total en Rep\u00fablica Dominicana al cierre de 2021 | CREES\" \/>\n<meta property=\"og:description\" content=\"M\u00e1s de 2.7 millones de personas se encontraban trabajando en condiciones de informalidad al cuarto trimestre del 2021. Esto represent\u00f3 un 58.1% de la fuerza laboral en este periodo.\" \/>\n<meta property=\"og:url\" content=\"https:\/\/crees.org.do\/?p=22945\" \/>\n<meta property=\"og:site_name\" content=\"CREES\" \/>\n<meta property=\"article:publisher\" content=\"https:\/\/www.facebook.com\/CREESRD\/\" \/>\n<meta property=\"article:published_time\" content=\"2022-03-23T14:17:40+00:00\" \/>\n<meta property=\"article:modified_time\" content=\"2022-03-23T14:24:42+00:00\" \/>\n<meta property=\"og:image\" content=\"https:\/\/crees.org.do\/wp-content\/uploads\/2022\/03\/Screen-Shot-2022-03-23-at-10.04.54-AM-scaled.jpg\" \/>\n\t<meta property=\"og:image:width\" content=\"1200\" \/>\n\t<meta property=\"og:image:height\" content=\"1200\" \/>\n\t<meta property=\"og:image:type\" content=\"image\/jpeg\" \/>\n<meta name=\"author\" content=\"Crees\" \/>\n<meta name=\"twitter:card\" content=\"summary_large_image\" \/>\n<meta name=\"twitter:creator\" content=\"@CREESRD\" \/>\n<meta name=\"twitter:site\" content=\"@CREESRD\" \/>\n<meta name=\"twitter:label1\" content=\"Escrito por\" \/>\n\t<meta name=\"twitter:data1\" content=\"Crees\" \/>\n\t<meta name=\"twitter:label2\" content=\"Tiempo de lectura\" \/>\n\t<meta name=\"twitter:data2\" content=\"1 minuto\" \/>\n<script type=\"application\/ld+json\" class=\"yoast-schema-graph\">{\"@context\":\"https:\/\/schema.org\",\"@graph\":[{\"@type\":\"Article\",\"@id\":\"https:\/\/crees.org.do\/?p=22945#article\",\"isPartOf\":{\"@id\":\"https:\/\/crees.org.do\/?p=22945\"},\"author\":{\"name\":\"Crees\",\"@id\":\"https:\/\/crees.org.do\/#\/schema\/person\/e7f97cd94d7bf9cd0e0ce30acb7d56b8\"},\"headline\":\"Informalidad total en Rep\u00fablica Dominicana al cierre de 2021\",\"datePublished\":\"2022-03-23T14:17:40+00:00\",\"dateModified\":\"2022-03-23T14:24:42+00:00\",\"mainEntityOfPage\":{\"@id\":\"https:\/\/crees.org.do\/?p=22945\"},\"wordCount\":172,\"publisher\":{\"@id\":\"https:\/\/crees.org.do\/#organization\"},\"image\":{\"@id\":\"https:\/\/crees.org.do\/?p=22945#primaryimage\"},\"thumbnailUrl\":\"https:\/\/crees.org.do\/wp-content\/uploads\/2022\/03\/Screen-Shot-2022-03-23-at-10.04.54-AM-scaled.jpg\",\"keywords\":[\"Blog CREES\",\"CREES\",\"Informal\",\"Informalidad\",\"Mercado laboral\",\"Rep\u00fablica Dominicana\"],\"articleSection\":[\"Blog\"],\"inLanguage\":\"es\"},{\"@type\":\"WebPage\",\"@id\":\"https:\/\/crees.org.do\/?p=22945\",\"url\":\"https:\/\/crees.org.do\/?p=22945\",\"name\":\"Informalidad total en Rep\u00fablica Dominicana al cierre de 2021 | CREES\",\"isPartOf\":{\"@id\":\"https:\/\/crees.org.do\/#website\"},\"primaryImageOfPage\":{\"@id\":\"https:\/\/crees.org.do\/?p=22945#primaryimage\"},\"image\":{\"@id\":\"https:\/\/crees.org.do\/?p=22945#primaryimage\"},\"thumbnailUrl\":\"https:\/\/crees.org.do\/wp-content\/uploads\/2022\/03\/Screen-Shot-2022-03-23-at-10.04.54-AM-scaled.jpg\",\"datePublished\":\"2022-03-23T14:17:40+00:00\",\"dateModified\":\"2022-03-23T14:24:42+00:00\",\"description\":\"M\u00e1s de 2.7 millones de personas se encontraban trabajando en condiciones de informalidad al cuarto trimestre del 2021. Esto represent\u00f3 un 58.1% de la fuerza laboral en este periodo.\",\"breadcrumb\":{\"@id\":\"https:\/\/crees.org.do\/?p=22945#breadcrumb\"},\"inLanguage\":\"es\",\"potentialAction\":[{\"@type\":\"ReadAction\",\"target\":[\"https:\/\/crees.org.do\/?p=22945\"]}]},{\"@type\":\"ImageObject\",\"inLanguage\":\"es\",\"@id\":\"https:\/\/crees.org.do\/?p=22945#primaryimage\",\"url\":\"https:\/\/crees.org.do\/wp-content\/uploads\/2022\/03\/Screen-Shot-2022-03-23-at-10.04.54-AM-scaled.jpg\",\"contentUrl\":\"https:\/\/crees.org.do\/wp-content\/uploads\/2022\/03\/Screen-Shot-2022-03-23-at-10.04.54-AM-scaled.jpg\",\"width\":1200,\"height\":1200},{\"@type\":\"BreadcrumbList\",\"@id\":\"https:\/\/crees.org.do\/?p=22945#breadcrumb\",\"itemListElement\":[{\"@type\":\"ListItem\",\"position\":1,\"name\":\"Portada\",\"item\":\"https:\/\/crees.org.do\/\"},{\"@type\":\"ListItem\",\"position\":2,\"name\":\"Informalidad total en Rep\u00fablica Dominicana al cierre de 2021\"}]},{\"@type\":\"WebSite\",\"@id\":\"https:\/\/crees.org.do\/#website\",\"url\":\"https:\/\/crees.org.do\/\",\"name\":\"CREES\",\"description\":\"Centro Regional de Estrategias Econ\u00f3micas Sostenibles\",\"publisher\":{\"@id\":\"https:\/\/crees.org.do\/#organization\"},\"potentialAction\":[{\"@type\":\"SearchAction\",\"target\":{\"@type\":\"EntryPoint\",\"urlTemplate\":\"https:\/\/crees.org.do\/?s={search_term_string}\"},\"query-input\":{\"@type\":\"PropertyValueSpecification\",\"valueRequired\":true,\"valueName\":\"search_term_string\"}}],\"inLanguage\":\"es\"},{\"@type\":\"Organization\",\"@id\":\"https:\/\/crees.org.do\/#organization\",\"name\":\"CREES | Centro Regional de Estrategias Econ\u00f3micas Sostenibles\",\"url\":\"https:\/\/crees.org.do\/\",\"logo\":{\"@type\":\"ImageObject\",\"inLanguage\":\"es\",\"@id\":\"https:\/\/crees.org.do\/#\/schema\/logo\/image\/\",\"url\":\"https:\/\/crees.org.do\/wp-content\/uploads\/2022\/03\/crees-logo-1.jpg\",\"contentUrl\":\"https:\/\/crees.org.do\/wp-content\/uploads\/2022\/03\/crees-logo-1.jpg\",\"width\":244,\"height\":71,\"caption\":\"CREES | Centro Regional de Estrategias Econ\u00f3micas Sostenibles\"},\"image\":{\"@id\":\"https:\/\/crees.org.do\/#\/schema\/logo\/image\/\"},\"sameAs\":[\"https:\/\/www.facebook.com\/CREESRD\/\",\"https:\/\/x.com\/CREESRD\"]},{\"@type\":\"Person\",\"@id\":\"https:\/\/crees.org.do\/#\/schema\/person\/e7f97cd94d7bf9cd0e0ce30acb7d56b8\",\"name\":\"Crees\",\"image\":{\"@type\":\"ImageObject\",\"inLanguage\":\"es\",\"@id\":\"https:\/\/crees.org.do\/#\/schema\/person\/image\/\",\"url\":\"https:\/\/secure.gravatar.com\/avatar\/390ac8f0be5d9aa046152553e2dd7011b59a512d89c150f5e5f28bb8d9a0b165?s=96&d=mm&r=g\",\"contentUrl\":\"https:\/\/secure.gravatar.com\/avatar\/390ac8f0be5d9aa046152553e2dd7011b59a512d89c150f5e5f28bb8d9a0b165?s=96&d=mm&r=g\",\"caption\":\"Crees\"},\"url\":\"https:\/\/crees.org.do\/?author=2\"}]}<\/script>\n<!-- \/ Yoast SEO plugin. -->","yoast_head_json":{"title":"Informalidad total en Rep\u00fablica Dominicana al cierre de 2021 | CREES","description":"M\u00e1s de 2.7 millones de personas se encontraban trabajando en condiciones de informalidad al cuarto trimestre del 2021. Esto represent\u00f3 un 58.1% de la fuerza laboral en este periodo.","robots":{"index":"index","follow":"follow","max-snippet":"max-snippet:-1","max-image-preview":"max-image-preview:large","max-video-preview":"max-video-preview:-1"},"canonical":"https:\/\/crees.org.do\/?p=22945","og_locale":"es_ES","og_type":"article","og_title":"Informalidad total en Rep\u00fablica Dominicana al cierre de 2021 | CREES","og_description":"M\u00e1s de 2.7 millones de personas se encontraban trabajando en condiciones de informalidad al cuarto trimestre del 2021. Esto represent\u00f3 un 58.1% de la fuerza laboral en este periodo.","og_url":"https:\/\/crees.org.do\/?p=22945","og_site_name":"CREES","article_publisher":"https:\/\/www.facebook.com\/CREESRD\/","article_published_time":"2022-03-23T14:17:40+00:00","article_modified_time":"2022-03-23T14:24:42+00:00","og_image":[{"width":1200,"height":1200,"url":"https:\/\/crees.org.do\/wp-content\/uploads\/2022\/03\/Screen-Shot-2022-03-23-at-10.04.54-AM-scaled.jpg","type":"image\/jpeg"}],"author":"Crees","twitter_card":"summary_large_image","twitter_creator":"@CREESRD","twitter_site":"@CREESRD","twitter_misc":{"Escrito por":"Crees","Tiempo de lectura":"1 minuto"},"schema":{"@context":"https:\/\/schema.org","@graph":[{"@type":"Article","@id":"https:\/\/crees.org.do\/?p=22945#article","isPartOf":{"@id":"https:\/\/crees.org.do\/?p=22945"},"author":{"name":"Crees","@id":"https:\/\/crees.org.do\/#\/schema\/person\/e7f97cd94d7bf9cd0e0ce30acb7d56b8"},"headline":"Informalidad total en Rep\u00fablica Dominicana al cierre de 2021","datePublished":"2022-03-23T14:17:40+00:00","dateModified":"2022-03-23T14:24:42+00:00","mainEntityOfPage":{"@id":"https:\/\/crees.org.do\/?p=22945"},"wordCount":172,"publisher":{"@id":"https:\/\/crees.org.do\/#organization"},"image":{"@id":"https:\/\/crees.org.do\/?p=22945#primaryimage"},"thumbnailUrl":"https:\/\/crees.org.do\/wp-content\/uploads\/2022\/03\/Screen-Shot-2022-03-23-at-10.04.54-AM-scaled.jpg","keywords":["Blog CREES","CREES","Informal","Informalidad","Mercado laboral","Rep\u00fablica Dominicana"],"articleSection":["Blog"],"inLanguage":"es"},{"@type":"WebPage","@id":"https:\/\/crees.org.do\/?p=22945","url":"https:\/\/crees.org.do\/?p=22945","name":"Informalidad total en Rep\u00fablica Dominicana al cierre de 2021 | CREES","isPartOf":{"@id":"https:\/\/crees.org.do\/#website"},"primaryImageOfPage":{"@id":"https:\/\/crees.org.do\/?p=22945#primaryimage"},"image":{"@id":"https:\/\/crees.org.do\/?p=22945#primaryimage"},"thumbnailUrl":"https:\/\/crees.org.do\/wp-content\/uploads\/2022\/03\/Screen-Shot-2022-03-23-at-10.04.54-AM-scaled.jpg","datePublished":"2022-03-23T14:17:40+00:00","dateModified":"2022-03-23T14:24:42+00:00","description":"M\u00e1s de 2.7 millones de personas se encontraban trabajando en condiciones de informalidad al cuarto trimestre del 2021. Esto represent\u00f3 un 58.1% de la fuerza laboral en este periodo.","breadcrumb":{"@id":"https:\/\/crees.org.do\/?p=22945#breadcrumb"},"inLanguage":"es","potentialAction":[{"@type":"ReadAction","target":["https:\/\/crees.org.do\/?p=22945"]}]},{"@type":"ImageObject","inLanguage":"es","@id":"https:\/\/crees.org.do\/?p=22945#primaryimage","url":"https:\/\/crees.org.do\/wp-content\/uploads\/2022\/03\/Screen-Shot-2022-03-23-at-10.04.54-AM-scaled.jpg","contentUrl":"https:\/\/crees.org.do\/wp-content\/uploads\/2022\/03\/Screen-Shot-2022-03-23-at-10.04.54-AM-scaled.jpg","width":1200,"height":1200},{"@type":"BreadcrumbList","@id":"https:\/\/crees.org.do\/?p=22945#breadcrumb","itemListElement":[{"@type":"ListItem","position":1,"name":"Portada","item":"https:\/\/crees.org.do\/"},{"@type":"ListItem","position":2,"name":"Informalidad total en Rep\u00fablica Dominicana al cierre de 2021"}]},{"@type":"WebSite","@id":"https:\/\/crees.org.do\/#website","url":"https:\/\/crees.org.do\/","name":"CREES","description":"Centro Regional de Estrategias Econ\u00f3micas Sostenibles","publisher":{"@id":"https:\/\/crees.org.do\/#organization"},"potentialAction":[{"@type":"SearchAction","target":{"@type":"EntryPoint","urlTemplate":"https:\/\/crees.org.do\/?s={search_term_string}"},"query-input":{"@type":"PropertyValueSpecification","valueRequired":true,"valueName":"search_term_string"}}],"inLanguage":"es"},{"@type":"Organization","@id":"https:\/\/crees.org.do\/#organization","name":"CREES | Centro Regional de Estrategias Econ\u00f3micas Sostenibles","url":"https:\/\/crees.org.do\/","logo":{"@type":"ImageObject","inLanguage":"es","@id":"https:\/\/crees.org.do\/#\/schema\/logo\/image\/","url":"https:\/\/crees.org.do\/wp-content\/uploads\/2022\/03\/crees-logo-1.jpg","contentUrl":"https:\/\/crees.org.do\/wp-content\/uploads\/2022\/03\/crees-logo-1.jpg","width":244,"height":71,"caption":"CREES | Centro Regional de Estrategias Econ\u00f3micas Sostenibles"},"image":{"@id":"https:\/\/crees.org.do\/#\/schema\/logo\/image\/"},"sameAs":["https:\/\/www.facebook.com\/CREESRD\/","https:\/\/x.com\/CREESRD"]},{"@type":"Person","@id":"https:\/\/crees.org.do\/#\/schema\/person\/e7f97cd94d7bf9cd0e0ce30acb7d56b8","name":"Crees","image":{"@type":"ImageObject","inLanguage":"es","@id":"https:\/\/crees.org.do\/#\/schema\/person\/image\/","url":"https:\/\/secure.gravatar.com\/avatar\/390ac8f0be5d9aa046152553e2dd7011b59a512d89c150f5e5f28bb8d9a0b165?s=96&d=mm&r=g","contentUrl":"https:\/\/secure.gravatar.com\/avatar\/390ac8f0be5d9aa046152553e2dd7011b59a512d89c150f5e5f28bb8d9a0b165?s=96&d=mm&r=g","caption":"Crees"},"url":"https:\/\/crees.org.do\/?author=2"}]}},"_links":{"self":[{"href":"https:\/\/crees.org.do\/index.php?rest_route=\/wp\/v2\/posts\/22945","targetHints":{"allow":["GET"]}}],"collection":[{"href":"https:\/\/crees.org.do\/index.php?rest_route=\/wp\/v2\/posts"}],"about":[{"href":"https:\/\/crees.org.do\/index.php?rest_route=\/wp\/v2\/types\/post"}],"author":[{"embeddable":true,"href":"https:\/\/crees.org.do\/index.php?rest_route=\/wp\/v2\/users\/2"}],"replies":[{"embeddable":true,"href":"https:\/\/crees.org.do\/index.php?rest_route=%2Fwp%2Fv2%2Fcomments&post=22945"}],"version-history":[{"count":2,"href":"https:\/\/crees.org.do\/index.php?rest_route=\/wp\/v2\/posts\/22945\/revisions"}],"predecessor-version":[{"id":22948,"href":"https:\/\/crees.org.do\/index.php?rest_route=\/wp\/v2\/posts\/22945\/revisions\/22948"}],"wp:featuredmedia":[{"embeddable":true,"href":"https:\/\/crees.org.do\/index.php?rest_route=\/wp\/v2\/media\/22946"}],"wp:attachment":[{"href":"https:\/\/crees.org.do\/index.php?rest_route=%2Fwp%2Fv2%2Fmedia&parent=22945"}],"wp:term":[{"taxonomy":"category","embeddable":true,"href":"https:\/\/crees.org.do\/index.php?rest_route=%2Fwp%2Fv2%2Fcategories&post=22945"},{"taxonomy":"post_tag","embeddable":true,"href":"https:\/\/crees.org.do\/index.php?rest_route=%2Fwp%2Fv2%2Ftags&post=22945"}],"curies":[{"name":"wp","href":"https:\/\/api.w.org\/{rel}","templated":true}]}}