{"id":22997,"date":"2022-03-29T16:21:57","date_gmt":"2022-03-29T16:21:57","guid":{"rendered":"https:\/\/crees.org.do\/?p=22997"},"modified":"2022-03-29T16:24:16","modified_gmt":"2022-03-29T16:24:16","slug":"entre-los-anos-2013-y-2021-el-gasto-publico-en-educacion-se-incremento-en-95-3","status":"publish","type":"post","link":"https:\/\/crees.org.do\/?p=22997","title":{"rendered":"Evoluci\u00f3n del gasto en educaci\u00f3n preuniversitaria"},"content":{"rendered":"<p><img fetchpriority=\"high\" decoding=\"async\" class=\"aligncenter  wp-image-22998\" src=\"https:\/\/crees.org.do\/wp-content\/uploads\/2022\/03\/Blank-Template-Instagram-39.png\" alt=\"\" width=\"850\" height=\"850\" srcset=\"https:\/\/crees.org.do\/wp-content\/uploads\/2022\/03\/Blank-Template-Instagram-39.png 1080w, https:\/\/crees.org.do\/wp-content\/uploads\/2022\/03\/Blank-Template-Instagram-39-450x450.png 450w, https:\/\/crees.org.do\/wp-content\/uploads\/2022\/03\/Blank-Template-Instagram-39-150x150.png 150w, https:\/\/crees.org.do\/wp-content\/uploads\/2022\/03\/Blank-Template-Instagram-39-768x768.png 768w, https:\/\/crees.org.do\/wp-content\/uploads\/2022\/03\/Blank-Template-Instagram-39-500x500.png 500w, https:\/\/crees.org.do\/wp-content\/uploads\/2022\/03\/Blank-Template-Instagram-39-300x300.png 300w, https:\/\/crees.org.do\/wp-content\/uploads\/2022\/03\/Blank-Template-Instagram-39-600x600.png 600w, https:\/\/crees.org.do\/wp-content\/uploads\/2022\/03\/Blank-Template-Instagram-39-100x100.png 100w\" sizes=\"(max-width: 850px) 100vw, 850px\" \/><\/p>\n<p><strong>Entre los a\u00f1os 2013 y 2021 el gasto p\u00fablico en educaci\u00f3n se increment\u00f3 en 95.3%<\/strong><\/p>\n<p style=\"text-align: justify;\">A partir del 2013, con la finalidad de cumplir con lo estipulado en la Ley General de Educaci\u00f3n, se acord\u00f3 destinar el 4% del PIB para la inversi\u00f3n en educaci\u00f3n. Entre los a\u00f1os 2013 y 2021 el gasto p\u00fablico en educaci\u00f3n se\u00a0 increment\u00f3 en 95.3%, es decir que ha crecido 2.0 veces su valor. En t\u00e9rminos reales, es decir, ajustado por la inflaci\u00f3n, el incremento fue de 47.6%. En el a\u00f1o 2020 el gasto ejecutado en educaci\u00f3n super\u00f3 el presupuestado en RD$6,815.3 millones al pasar de RD$194,523.0 a RD$201,338.3 millones; representando un 4.5% del PIB. El aumento se debi\u00f3 al incremento para cumplir con la nueva modalidad adoptada a partir de la pandemia de Covid-19.<\/p>\n<p style=\"text-align: justify;\">El incremento en el gasto p\u00fablico a partir de la implementaci\u00f3n del 4% del PIB en educaci\u00f3n\u00a0no se ha reflejado en una mejora en el desempe\u00f1o de los estudiantes. Medido por los resultados alcanzados en pruebas internacionales en \u00e1reas fundamentales como lectura y matem\u00e1ticas, el sistema educativo dominicano no ha podido aprovechar el incremento de recursos desde el a\u00f1o 2013.<\/p>\n<p style=\"text-align: justify;\">Para mejorar el sistema no es necesario gastar m\u00e1s, sino hacerlo mejor; tomando medidas que realmente est\u00e9n dirigidas a propiciar mejoras en la calidad y eficiencia de la educaci\u00f3n que reciben lo estudiantes.<\/p>\n<p style=\"text-align: justify;\">Ver m\u00e1s en: <a href=\"https:\/\/crees.org.do\/?p=22966\">\u201cSector educaci\u00f3n en gr\u00e1ficos, 2013-2021\u201d<\/a>.<\/p>\n<div class=\"pvc_clear\"><\/div>\n<p class=\"pvc_stats all \" data-element-id=\"22997\" style=\"\"><i class=\"pvc-stats-icon medium\" aria-hidden=\"true\"><svg aria-hidden=\"true\" focusable=\"false\" data-prefix=\"far\" data-icon=\"chart-bar\" role=\"img\" xmlns=\"http:\/\/www.w3.org\/2000\/svg\" viewBox=\"0 0 512 512\" class=\"svg-inline--fa fa-chart-bar fa-w-16 fa-2x\"><path fill=\"currentColor\" d=\"M396.8 352h22.4c6.4 0 12.8-6.4 12.8-12.8V108.8c0-6.4-6.4-12.8-12.8-12.8h-22.4c-6.4 0-12.8 6.4-12.8 12.8v230.4c0 6.4 6.4 12.8 12.8 12.8zm-192 0h22.4c6.4 0 12.8-6.4 12.8-12.8V140.8c0-6.4-6.4-12.8-12.8-12.8h-22.4c-6.4 0-12.8 6.4-12.8 12.8v198.4c0 6.4 6.4 12.8 12.8 12.8zm96 0h22.4c6.4 0 12.8-6.4 12.8-12.8V204.8c0-6.4-6.4-12.8-12.8-12.8h-22.4c-6.4 0-12.8 6.4-12.8 12.8v134.4c0 6.4 6.4 12.8 12.8 12.8zM496 400H48V80c0-8.84-7.16-16-16-16H16C7.16 64 0 71.16 0 80v336c0 17.67 14.33 32 32 32h464c8.84 0 16-7.16 16-16v-16c0-8.84-7.16-16-16-16zm-387.2-48h22.4c6.4 0 12.8-6.4 12.8-12.8v-70.4c0-6.4-6.4-12.8-12.8-12.8h-22.4c-6.4 0-12.8 6.4-12.8 12.8v70.4c0 6.4 6.4 12.8 12.8 12.8z\" class=\"\"><\/path><\/svg><\/i> Vistas Totales&nbsp;782&nbsp;<\/p>\n<div class=\"pvc_clear\"><\/div>\n","protected":false},"excerpt":{"rendered":"<p>Entre los a\u00f1os 2013 y 2021 el gasto p\u00fablico en educaci\u00f3n se increment\u00f3 en 95.3% A partir del 2013, con la finalidad de cumplir con lo estipulado en la Ley General de Educaci\u00f3n, se acord\u00f3 destinar el 4% del PIB para la inversi\u00f3n en educaci\u00f3n. Entre los a\u00f1os 2013 y 2021 el gasto p\u00fablico en&#8230;<\/p>\n<div class=\"pvc_clear\"><\/div>\n<p class=\"pvc_stats all \" data-element-id=\"22997\" style=\"\"><i class=\"pvc-stats-icon medium\" aria-hidden=\"true\"><svg aria-hidden=\"true\" focusable=\"false\" data-prefix=\"far\" data-icon=\"chart-bar\" role=\"img\" xmlns=\"http:\/\/www.w3.org\/2000\/svg\" viewBox=\"0 0 512 512\" class=\"svg-inline--fa fa-chart-bar fa-w-16 fa-2x\"><path fill=\"currentColor\" d=\"M396.8 352h22.4c6.4 0 12.8-6.4 12.8-12.8V108.8c0-6.4-6.4-12.8-12.8-12.8h-22.4c-6.4 0-12.8 6.4-12.8 12.8v230.4c0 6.4 6.4 12.8 12.8 12.8zm-192 0h22.4c6.4 0 12.8-6.4 12.8-12.8V140.8c0-6.4-6.4-12.8-12.8-12.8h-22.4c-6.4 0-12.8 6.4-12.8 12.8v198.4c0 6.4 6.4 12.8 12.8 12.8zm96 0h22.4c6.4 0 12.8-6.4 12.8-12.8V204.8c0-6.4-6.4-12.8-12.8-12.8h-22.4c-6.4 0-12.8 6.4-12.8 12.8v134.4c0 6.4 6.4 12.8 12.8 12.8zM496 400H48V80c0-8.84-7.16-16-16-16H16C7.16 64 0 71.16 0 80v336c0 17.67 14.33 32 32 32h464c8.84 0 16-7.16 16-16v-16c0-8.84-7.16-16-16-16zm-387.2-48h22.4c6.4 0 12.8-6.4 12.8-12.8v-70.4c0-6.4-6.4-12.8-12.8-12.8h-22.4c-6.4 0-12.8 6.4-12.8 12.8v70.4c0 6.4 6.4 12.8 12.8 12.8z\" class=\"\"><\/path><\/svg><\/i> Vistas Totales&nbsp;782&nbsp;<\/p>\n<div class=\"pvc_clear\"><\/div>\n","protected":false},"author":2,"featured_media":22998,"comment_status":"closed","ping_status":"closed","sticky":false,"template":"","format":"standard","meta":{"footnotes":""},"categories":[21],"tags":[],"class_list":["post-22997","post","type-post","status-publish","format-standard","has-post-thumbnail","hentry","category-blog"],"yoast_head":"<!-- This site is optimized with the Yoast SEO plugin v25.2 - https:\/\/yoast.com\/wordpress\/plugins\/seo\/ -->\n<title>Evoluci\u00f3n del gasto en educaci\u00f3n preuniversitaria | CREES<\/title>\n<meta name=\"description\" content=\"Entre los a\u00f1os 2013 y 2021 el gasto p\u00fablico en educaci\u00f3n se increment\u00f3 en 95.3%\" \/>\n<meta name=\"robots\" content=\"index, follow, max-snippet:-1, max-image-preview:large, max-video-preview:-1\" \/>\n<link rel=\"canonical\" href=\"https:\/\/crees.org.do\/?p=22997\" \/>\n<meta property=\"og:locale\" content=\"es_ES\" \/>\n<meta property=\"og:type\" content=\"article\" \/>\n<meta property=\"og:title\" content=\"Evoluci\u00f3n del gasto en educaci\u00f3n preuniversitaria | CREES\" \/>\n<meta property=\"og:description\" content=\"Entre los a\u00f1os 2013 y 2021 el gasto p\u00fablico en educaci\u00f3n se increment\u00f3 en 95.3%\" \/>\n<meta property=\"og:url\" content=\"https:\/\/crees.org.do\/?p=22997\" \/>\n<meta property=\"og:site_name\" content=\"CREES\" \/>\n<meta property=\"article:publisher\" content=\"https:\/\/www.facebook.com\/CREESRD\/\" \/>\n<meta property=\"article:published_time\" content=\"2022-03-29T16:21:57+00:00\" \/>\n<meta property=\"article:modified_time\" content=\"2022-03-29T16:24:16+00:00\" \/>\n<meta property=\"og:image\" content=\"https:\/\/crees.org.do\/wp-content\/uploads\/2022\/03\/Blank-Template-Instagram-39.png\" \/>\n\t<meta property=\"og:image:width\" content=\"1080\" \/>\n\t<meta property=\"og:image:height\" content=\"1080\" \/>\n\t<meta property=\"og:image:type\" content=\"image\/png\" \/>\n<meta name=\"author\" content=\"Crees\" \/>\n<meta name=\"twitter:card\" content=\"summary_large_image\" \/>\n<meta name=\"twitter:creator\" content=\"@CREESRD\" \/>\n<meta name=\"twitter:site\" content=\"@CREESRD\" \/>\n<meta name=\"twitter:label1\" content=\"Escrito por\" \/>\n\t<meta name=\"twitter:data1\" content=\"Crees\" \/>\n\t<meta name=\"twitter:label2\" content=\"Tiempo de lectura\" \/>\n\t<meta name=\"twitter:data2\" content=\"2 minutos\" \/>\n<script type=\"application\/ld+json\" class=\"yoast-schema-graph\">{\"@context\":\"https:\/\/schema.org\",\"@graph\":[{\"@type\":\"Article\",\"@id\":\"https:\/\/crees.org.do\/?p=22997#article\",\"isPartOf\":{\"@id\":\"https:\/\/crees.org.do\/?p=22997\"},\"author\":{\"name\":\"Crees\",\"@id\":\"https:\/\/crees.org.do\/#\/schema\/person\/e7f97cd94d7bf9cd0e0ce30acb7d56b8\"},\"headline\":\"Evoluci\u00f3n del gasto en educaci\u00f3n preuniversitaria\",\"datePublished\":\"2022-03-29T16:21:57+00:00\",\"dateModified\":\"2022-03-29T16:24:16+00:00\",\"mainEntityOfPage\":{\"@id\":\"https:\/\/crees.org.do\/?p=22997\"},\"wordCount\":251,\"publisher\":{\"@id\":\"https:\/\/crees.org.do\/#organization\"},\"image\":{\"@id\":\"https:\/\/crees.org.do\/?p=22997#primaryimage\"},\"thumbnailUrl\":\"https:\/\/crees.org.do\/wp-content\/uploads\/2022\/03\/Blank-Template-Instagram-39.png\",\"articleSection\":[\"Blog\"],\"inLanguage\":\"es\"},{\"@type\":\"WebPage\",\"@id\":\"https:\/\/crees.org.do\/?p=22997\",\"url\":\"https:\/\/crees.org.do\/?p=22997\",\"name\":\"Evoluci\u00f3n del gasto en educaci\u00f3n preuniversitaria | CREES\",\"isPartOf\":{\"@id\":\"https:\/\/crees.org.do\/#website\"},\"primaryImageOfPage\":{\"@id\":\"https:\/\/crees.org.do\/?p=22997#primaryimage\"},\"image\":{\"@id\":\"https:\/\/crees.org.do\/?p=22997#primaryimage\"},\"thumbnailUrl\":\"https:\/\/crees.org.do\/wp-content\/uploads\/2022\/03\/Blank-Template-Instagram-39.png\",\"datePublished\":\"2022-03-29T16:21:57+00:00\",\"dateModified\":\"2022-03-29T16:24:16+00:00\",\"description\":\"Entre los a\u00f1os 2013 y 2021 el gasto p\u00fablico en educaci\u00f3n se increment\u00f3 en 95.3%\",\"breadcrumb\":{\"@id\":\"https:\/\/crees.org.do\/?p=22997#breadcrumb\"},\"inLanguage\":\"es\",\"potentialAction\":[{\"@type\":\"ReadAction\",\"target\":[\"https:\/\/crees.org.do\/?p=22997\"]}]},{\"@type\":\"ImageObject\",\"inLanguage\":\"es\",\"@id\":\"https:\/\/crees.org.do\/?p=22997#primaryimage\",\"url\":\"https:\/\/crees.org.do\/wp-content\/uploads\/2022\/03\/Blank-Template-Instagram-39.png\",\"contentUrl\":\"https:\/\/crees.org.do\/wp-content\/uploads\/2022\/03\/Blank-Template-Instagram-39.png\",\"width\":1080,\"height\":1080},{\"@type\":\"BreadcrumbList\",\"@id\":\"https:\/\/crees.org.do\/?p=22997#breadcrumb\",\"itemListElement\":[{\"@type\":\"ListItem\",\"position\":1,\"name\":\"Portada\",\"item\":\"https:\/\/crees.org.do\/\"},{\"@type\":\"ListItem\",\"position\":2,\"name\":\"Evoluci\u00f3n del gasto en educaci\u00f3n preuniversitaria\"}]},{\"@type\":\"WebSite\",\"@id\":\"https:\/\/crees.org.do\/#website\",\"url\":\"https:\/\/crees.org.do\/\",\"name\":\"CREES\",\"description\":\"Centro Regional de Estrategias Econ\u00f3micas Sostenibles\",\"publisher\":{\"@id\":\"https:\/\/crees.org.do\/#organization\"},\"potentialAction\":[{\"@type\":\"SearchAction\",\"target\":{\"@type\":\"EntryPoint\",\"urlTemplate\":\"https:\/\/crees.org.do\/?s={search_term_string}\"},\"query-input\":{\"@type\":\"PropertyValueSpecification\",\"valueRequired\":true,\"valueName\":\"search_term_string\"}}],\"inLanguage\":\"es\"},{\"@type\":\"Organization\",\"@id\":\"https:\/\/crees.org.do\/#organization\",\"name\":\"CREES | Centro Regional de Estrategias Econ\u00f3micas Sostenibles\",\"url\":\"https:\/\/crees.org.do\/\",\"logo\":{\"@type\":\"ImageObject\",\"inLanguage\":\"es\",\"@id\":\"https:\/\/crees.org.do\/#\/schema\/logo\/image\/\",\"url\":\"https:\/\/crees.org.do\/wp-content\/uploads\/2022\/03\/crees-logo-1.jpg\",\"contentUrl\":\"https:\/\/crees.org.do\/wp-content\/uploads\/2022\/03\/crees-logo-1.jpg\",\"width\":244,\"height\":71,\"caption\":\"CREES | Centro Regional de Estrategias Econ\u00f3micas Sostenibles\"},\"image\":{\"@id\":\"https:\/\/crees.org.do\/#\/schema\/logo\/image\/\"},\"sameAs\":[\"https:\/\/www.facebook.com\/CREESRD\/\",\"https:\/\/x.com\/CREESRD\"]},{\"@type\":\"Person\",\"@id\":\"https:\/\/crees.org.do\/#\/schema\/person\/e7f97cd94d7bf9cd0e0ce30acb7d56b8\",\"name\":\"Crees\",\"image\":{\"@type\":\"ImageObject\",\"inLanguage\":\"es\",\"@id\":\"https:\/\/crees.org.do\/#\/schema\/person\/image\/\",\"url\":\"https:\/\/secure.gravatar.com\/avatar\/390ac8f0be5d9aa046152553e2dd7011b59a512d89c150f5e5f28bb8d9a0b165?s=96&d=mm&r=g\",\"contentUrl\":\"https:\/\/secure.gravatar.com\/avatar\/390ac8f0be5d9aa046152553e2dd7011b59a512d89c150f5e5f28bb8d9a0b165?s=96&d=mm&r=g\",\"caption\":\"Crees\"},\"url\":\"https:\/\/crees.org.do\/?author=2\"}]}<\/script>\n<!-- \/ Yoast SEO plugin. -->","yoast_head_json":{"title":"Evoluci\u00f3n del gasto en educaci\u00f3n preuniversitaria | CREES","description":"Entre los a\u00f1os 2013 y 2021 el gasto p\u00fablico en educaci\u00f3n se increment\u00f3 en 95.3%","robots":{"index":"index","follow":"follow","max-snippet":"max-snippet:-1","max-image-preview":"max-image-preview:large","max-video-preview":"max-video-preview:-1"},"canonical":"https:\/\/crees.org.do\/?p=22997","og_locale":"es_ES","og_type":"article","og_title":"Evoluci\u00f3n del gasto en educaci\u00f3n preuniversitaria | CREES","og_description":"Entre los a\u00f1os 2013 y 2021 el gasto p\u00fablico en educaci\u00f3n se increment\u00f3 en 95.3%","og_url":"https:\/\/crees.org.do\/?p=22997","og_site_name":"CREES","article_publisher":"https:\/\/www.facebook.com\/CREESRD\/","article_published_time":"2022-03-29T16:21:57+00:00","article_modified_time":"2022-03-29T16:24:16+00:00","og_image":[{"width":1080,"height":1080,"url":"https:\/\/crees.org.do\/wp-content\/uploads\/2022\/03\/Blank-Template-Instagram-39.png","type":"image\/png"}],"author":"Crees","twitter_card":"summary_large_image","twitter_creator":"@CREESRD","twitter_site":"@CREESRD","twitter_misc":{"Escrito por":"Crees","Tiempo de lectura":"2 minutos"},"schema":{"@context":"https:\/\/schema.org","@graph":[{"@type":"Article","@id":"https:\/\/crees.org.do\/?p=22997#article","isPartOf":{"@id":"https:\/\/crees.org.do\/?p=22997"},"author":{"name":"Crees","@id":"https:\/\/crees.org.do\/#\/schema\/person\/e7f97cd94d7bf9cd0e0ce30acb7d56b8"},"headline":"Evoluci\u00f3n del gasto en educaci\u00f3n preuniversitaria","datePublished":"2022-03-29T16:21:57+00:00","dateModified":"2022-03-29T16:24:16+00:00","mainEntityOfPage":{"@id":"https:\/\/crees.org.do\/?p=22997"},"wordCount":251,"publisher":{"@id":"https:\/\/crees.org.do\/#organization"},"image":{"@id":"https:\/\/crees.org.do\/?p=22997#primaryimage"},"thumbnailUrl":"https:\/\/crees.org.do\/wp-content\/uploads\/2022\/03\/Blank-Template-Instagram-39.png","articleSection":["Blog"],"inLanguage":"es"},{"@type":"WebPage","@id":"https:\/\/crees.org.do\/?p=22997","url":"https:\/\/crees.org.do\/?p=22997","name":"Evoluci\u00f3n del gasto en educaci\u00f3n preuniversitaria | CREES","isPartOf":{"@id":"https:\/\/crees.org.do\/#website"},"primaryImageOfPage":{"@id":"https:\/\/crees.org.do\/?p=22997#primaryimage"},"image":{"@id":"https:\/\/crees.org.do\/?p=22997#primaryimage"},"thumbnailUrl":"https:\/\/crees.org.do\/wp-content\/uploads\/2022\/03\/Blank-Template-Instagram-39.png","datePublished":"2022-03-29T16:21:57+00:00","dateModified":"2022-03-29T16:24:16+00:00","description":"Entre los a\u00f1os 2013 y 2021 el gasto p\u00fablico en educaci\u00f3n se increment\u00f3 en 95.3%","breadcrumb":{"@id":"https:\/\/crees.org.do\/?p=22997#breadcrumb"},"inLanguage":"es","potentialAction":[{"@type":"ReadAction","target":["https:\/\/crees.org.do\/?p=22997"]}]},{"@type":"ImageObject","inLanguage":"es","@id":"https:\/\/crees.org.do\/?p=22997#primaryimage","url":"https:\/\/crees.org.do\/wp-content\/uploads\/2022\/03\/Blank-Template-Instagram-39.png","contentUrl":"https:\/\/crees.org.do\/wp-content\/uploads\/2022\/03\/Blank-Template-Instagram-39.png","width":1080,"height":1080},{"@type":"BreadcrumbList","@id":"https:\/\/crees.org.do\/?p=22997#breadcrumb","itemListElement":[{"@type":"ListItem","position":1,"name":"Portada","item":"https:\/\/crees.org.do\/"},{"@type":"ListItem","position":2,"name":"Evoluci\u00f3n del gasto en educaci\u00f3n preuniversitaria"}]},{"@type":"WebSite","@id":"https:\/\/crees.org.do\/#website","url":"https:\/\/crees.org.do\/","name":"CREES","description":"Centro Regional de Estrategias Econ\u00f3micas Sostenibles","publisher":{"@id":"https:\/\/crees.org.do\/#organization"},"potentialAction":[{"@type":"SearchAction","target":{"@type":"EntryPoint","urlTemplate":"https:\/\/crees.org.do\/?s={search_term_string}"},"query-input":{"@type":"PropertyValueSpecification","valueRequired":true,"valueName":"search_term_string"}}],"inLanguage":"es"},{"@type":"Organization","@id":"https:\/\/crees.org.do\/#organization","name":"CREES | Centro Regional de Estrategias Econ\u00f3micas Sostenibles","url":"https:\/\/crees.org.do\/","logo":{"@type":"ImageObject","inLanguage":"es","@id":"https:\/\/crees.org.do\/#\/schema\/logo\/image\/","url":"https:\/\/crees.org.do\/wp-content\/uploads\/2022\/03\/crees-logo-1.jpg","contentUrl":"https:\/\/crees.org.do\/wp-content\/uploads\/2022\/03\/crees-logo-1.jpg","width":244,"height":71,"caption":"CREES | Centro Regional de Estrategias Econ\u00f3micas Sostenibles"},"image":{"@id":"https:\/\/crees.org.do\/#\/schema\/logo\/image\/"},"sameAs":["https:\/\/www.facebook.com\/CREESRD\/","https:\/\/x.com\/CREESRD"]},{"@type":"Person","@id":"https:\/\/crees.org.do\/#\/schema\/person\/e7f97cd94d7bf9cd0e0ce30acb7d56b8","name":"Crees","image":{"@type":"ImageObject","inLanguage":"es","@id":"https:\/\/crees.org.do\/#\/schema\/person\/image\/","url":"https:\/\/secure.gravatar.com\/avatar\/390ac8f0be5d9aa046152553e2dd7011b59a512d89c150f5e5f28bb8d9a0b165?s=96&d=mm&r=g","contentUrl":"https:\/\/secure.gravatar.com\/avatar\/390ac8f0be5d9aa046152553e2dd7011b59a512d89c150f5e5f28bb8d9a0b165?s=96&d=mm&r=g","caption":"Crees"},"url":"https:\/\/crees.org.do\/?author=2"}]}},"_links":{"self":[{"href":"https:\/\/crees.org.do\/index.php?rest_route=\/wp\/v2\/posts\/22997","targetHints":{"allow":["GET"]}}],"collection":[{"href":"https:\/\/crees.org.do\/index.php?rest_route=\/wp\/v2\/posts"}],"about":[{"href":"https:\/\/crees.org.do\/index.php?rest_route=\/wp\/v2\/types\/post"}],"author":[{"embeddable":true,"href":"https:\/\/crees.org.do\/index.php?rest_route=\/wp\/v2\/users\/2"}],"replies":[{"embeddable":true,"href":"https:\/\/crees.org.do\/index.php?rest_route=%2Fwp%2Fv2%2Fcomments&post=22997"}],"version-history":[{"count":3,"href":"https:\/\/crees.org.do\/index.php?rest_route=\/wp\/v2\/posts\/22997\/revisions"}],"predecessor-version":[{"id":23001,"href":"https:\/\/crees.org.do\/index.php?rest_route=\/wp\/v2\/posts\/22997\/revisions\/23001"}],"wp:featuredmedia":[{"embeddable":true,"href":"https:\/\/crees.org.do\/index.php?rest_route=\/wp\/v2\/media\/22998"}],"wp:attachment":[{"href":"https:\/\/crees.org.do\/index.php?rest_route=%2Fwp%2Fv2%2Fmedia&parent=22997"}],"wp:term":[{"taxonomy":"category","embeddable":true,"href":"https:\/\/crees.org.do\/index.php?rest_route=%2Fwp%2Fv2%2Fcategories&post=22997"},{"taxonomy":"post_tag","embeddable":true,"href":"https:\/\/crees.org.do\/index.php?rest_route=%2Fwp%2Fv2%2Ftags&post=22997"}],"curies":[{"name":"wp","href":"https:\/\/api.w.org\/{rel}","templated":true}]}}