{"id":23002,"date":"2022-03-30T16:14:31","date_gmt":"2022-03-30T16:14:31","guid":{"rendered":"https:\/\/crees.org.do\/?p=23002"},"modified":"2022-03-30T16:14:31","modified_gmt":"2022-03-30T16:14:31","slug":"distribucion-del-gasto-en-educacion-preuniversitaria-acumulado-2013-2021","status":"publish","type":"post","link":"https:\/\/crees.org.do\/?p=23002","title":{"rendered":"Distribuci\u00f3n del gasto en educaci\u00f3n preuniversitaria acumulado 2013-2021"},"content":{"rendered":"<h3><img fetchpriority=\"high\" decoding=\"async\" class=\"aligncenter  wp-image-23003\" src=\"https:\/\/crees.org.do\/wp-content\/uploads\/2022\/03\/Slide-1-copy-1-1.jpg\" alt=\"\" width=\"896\" height=\"896\" srcset=\"https:\/\/crees.org.do\/wp-content\/uploads\/2022\/03\/Slide-1-copy-1-1.jpg 1080w, https:\/\/crees.org.do\/wp-content\/uploads\/2022\/03\/Slide-1-copy-1-1-450x450.jpg 450w, https:\/\/crees.org.do\/wp-content\/uploads\/2022\/03\/Slide-1-copy-1-1-150x150.jpg 150w, https:\/\/crees.org.do\/wp-content\/uploads\/2022\/03\/Slide-1-copy-1-1-768x768.jpg 768w, https:\/\/crees.org.do\/wp-content\/uploads\/2022\/03\/Slide-1-copy-1-1-500x500.jpg 500w, https:\/\/crees.org.do\/wp-content\/uploads\/2022\/03\/Slide-1-copy-1-1-300x300.jpg 300w, https:\/\/crees.org.do\/wp-content\/uploads\/2022\/03\/Slide-1-copy-1-1-600x600.jpg 600w, https:\/\/crees.org.do\/wp-content\/uploads\/2022\/03\/Slide-1-copy-1-1-100x100.jpg 100w\" sizes=\"(max-width: 896px) 100vw, 896px\" \/><\/h3>\n<h3 style=\"text-align: justify;\">Entre 2013 y 2021 el pago a empleados represent\u00f3 el 58.6% del gasto en educaci\u00f3n p\u00fablica preuniversitaria<\/h3>\n<p style=\"text-align: justify;\">Entre los a\u00f1os 2013 y 2021 el gasto en educaci\u00f3n p\u00fablica preuniversitaria acumulado ascendi\u00f3 a RD$1,296,383.2 millones. Una mirada a la distribuci\u00f3n de este muestra que las remuneraciones y contribuciones de los empleados representan la mayor parte, un 58.6%, equivalente a unos RD$760,024.8 millones.<\/p>\n<p style=\"text-align: justify;\">Dentro de la partida de remuneraciones y contribuciones el elemento principal est\u00e1 representado por las remuneraciones o sueldos del personal administrativo y docente. Entre 2013 y 2021 este gasto se increment\u00f3 en 216.3%. Del gasto en remuneraciones acumulado en este periodo, un 96.1% fue ejecutado en remuneraciones del ministerio de educaci\u00f3n y el 3.9% restante por las dependencias adscritas al ministerio.<\/p>\n<p style=\"text-align: justify;\">La segunda mayor cantidad de recursos se destin\u00f3 a transferencias corrientes, que consisten en aportes al fondo de pensiones de maestros del INABIMA; transferencias a otras instituciones p\u00fablicas, empresas del sector privado y asociaciones sin fines de lucro; y becas nacionales e internacionales.<\/p>\n<p style=\"text-align: justify;\">A estas le siguen la contrataci\u00f3n de servicios (servicio de alimentaci\u00f3n escolar, servicios t\u00e9cnicos y profesionales, electricidad, agua y publicidad y propaganda), las obras (construcci\u00f3n de planteles escolares), los bienes muebles, inmuebles e intangibles (mobiliario y equipo; veh\u00edculos y equipos de transporte, tracci\u00f3n y elevaci\u00f3n; edificios, estructuras, tierras, terrenos y objetos de valor; y bienes intangibles), los materiales y suministros (alimentos y bebidas; textos de ense\u00f1anza; calzado, prendas y accesorios de vestir; y productos \u00fatiles varios) y las transferencia de capital (transferencias a instituciones p\u00fablicas, privadas y sin fines de lucro).<\/p>\n<p style=\"text-align: justify;\">Visto desde el punto de vista institucional, del 100% del gasto acumulado en este periodo, el 84.2% ha sido ejecutado por el ministerio de educaci\u00f3n y el restante 15.8% por las dependencias adscritas.<\/p>\n<p style=\"text-align: justify;\">Ver m\u00e1s en: <a href=\"https:\/\/crees.org.do\/?p=22966\">\u201cSector educaci\u00f3n en gr\u00e1ficos, 2013-2021\u201d.<\/a><\/p>\n<div class=\"pvc_clear\"><\/div>\n<p class=\"pvc_stats all \" data-element-id=\"23002\" style=\"\"><i class=\"pvc-stats-icon medium\" aria-hidden=\"true\"><svg aria-hidden=\"true\" focusable=\"false\" data-prefix=\"far\" data-icon=\"chart-bar\" role=\"img\" xmlns=\"http:\/\/www.w3.org\/2000\/svg\" viewBox=\"0 0 512 512\" class=\"svg-inline--fa fa-chart-bar fa-w-16 fa-2x\"><path fill=\"currentColor\" d=\"M396.8 352h22.4c6.4 0 12.8-6.4 12.8-12.8V108.8c0-6.4-6.4-12.8-12.8-12.8h-22.4c-6.4 0-12.8 6.4-12.8 12.8v230.4c0 6.4 6.4 12.8 12.8 12.8zm-192 0h22.4c6.4 0 12.8-6.4 12.8-12.8V140.8c0-6.4-6.4-12.8-12.8-12.8h-22.4c-6.4 0-12.8 6.4-12.8 12.8v198.4c0 6.4 6.4 12.8 12.8 12.8zm96 0h22.4c6.4 0 12.8-6.4 12.8-12.8V204.8c0-6.4-6.4-12.8-12.8-12.8h-22.4c-6.4 0-12.8 6.4-12.8 12.8v134.4c0 6.4 6.4 12.8 12.8 12.8zM496 400H48V80c0-8.84-7.16-16-16-16H16C7.16 64 0 71.16 0 80v336c0 17.67 14.33 32 32 32h464c8.84 0 16-7.16 16-16v-16c0-8.84-7.16-16-16-16zm-387.2-48h22.4c6.4 0 12.8-6.4 12.8-12.8v-70.4c0-6.4-6.4-12.8-12.8-12.8h-22.4c-6.4 0-12.8 6.4-12.8 12.8v70.4c0 6.4 6.4 12.8 12.8 12.8z\" class=\"\"><\/path><\/svg><\/i> Vistas Totales&nbsp;661&nbsp;, Vistas Hoy&nbsp;1&nbsp;<\/p>\n<div class=\"pvc_clear\"><\/div>\n","protected":false},"excerpt":{"rendered":"<p>Entre 2013 y 2021 el pago a empleados represent\u00f3 el 58.6% del gasto en educaci\u00f3n p\u00fablica preuniversitaria Entre los a\u00f1os 2013 y 2021 el gasto en educaci\u00f3n p\u00fablica preuniversitaria acumulado ascendi\u00f3 a RD$1,296,383.2 millones. Una mirada a la distribuci\u00f3n de este muestra que las remuneraciones y contribuciones de los empleados representan la mayor parte, un&#8230;<\/p>\n<div class=\"pvc_clear\"><\/div>\n<p class=\"pvc_stats all \" data-element-id=\"23002\" style=\"\"><i class=\"pvc-stats-icon medium\" aria-hidden=\"true\"><svg aria-hidden=\"true\" focusable=\"false\" data-prefix=\"far\" data-icon=\"chart-bar\" role=\"img\" xmlns=\"http:\/\/www.w3.org\/2000\/svg\" viewBox=\"0 0 512 512\" class=\"svg-inline--fa fa-chart-bar fa-w-16 fa-2x\"><path fill=\"currentColor\" d=\"M396.8 352h22.4c6.4 0 12.8-6.4 12.8-12.8V108.8c0-6.4-6.4-12.8-12.8-12.8h-22.4c-6.4 0-12.8 6.4-12.8 12.8v230.4c0 6.4 6.4 12.8 12.8 12.8zm-192 0h22.4c6.4 0 12.8-6.4 12.8-12.8V140.8c0-6.4-6.4-12.8-12.8-12.8h-22.4c-6.4 0-12.8 6.4-12.8 12.8v198.4c0 6.4 6.4 12.8 12.8 12.8zm96 0h22.4c6.4 0 12.8-6.4 12.8-12.8V204.8c0-6.4-6.4-12.8-12.8-12.8h-22.4c-6.4 0-12.8 6.4-12.8 12.8v134.4c0 6.4 6.4 12.8 12.8 12.8zM496 400H48V80c0-8.84-7.16-16-16-16H16C7.16 64 0 71.16 0 80v336c0 17.67 14.33 32 32 32h464c8.84 0 16-7.16 16-16v-16c0-8.84-7.16-16-16-16zm-387.2-48h22.4c6.4 0 12.8-6.4 12.8-12.8v-70.4c0-6.4-6.4-12.8-12.8-12.8h-22.4c-6.4 0-12.8 6.4-12.8 12.8v70.4c0 6.4 6.4 12.8 12.8 12.8z\" class=\"\"><\/path><\/svg><\/i> Vistas Totales&nbsp;661&nbsp;, Vistas Hoy&nbsp;1&nbsp;<\/p>\n<div class=\"pvc_clear\"><\/div>\n","protected":false},"author":2,"featured_media":23003,"comment_status":"closed","ping_status":"closed","sticky":false,"template":"","format":"standard","meta":{"footnotes":""},"categories":[21],"tags":[],"class_list":["post-23002","post","type-post","status-publish","format-standard","has-post-thumbnail","hentry","category-blog"],"yoast_head":"<!-- This site is optimized with the Yoast SEO plugin v25.2 - https:\/\/yoast.com\/wordpress\/plugins\/seo\/ -->\n<title>Distribuci\u00f3n del gasto en educaci\u00f3n preuniversitaria acumulado 2013-2021 | CREES<\/title>\n<meta name=\"description\" content=\"Entre los a\u00f1os 2013 y 2021 el gasto en educaci\u00f3n p\u00fablica preuniversitaria acumulado ascendi\u00f3 a RD$1,296,383.2 millones. Las remuneraciones y contribuciones de los empleados representan la mayor parte, un 58.6%, equivalente a unos RD$760,024.8 millones.\" \/>\n<meta name=\"robots\" content=\"index, follow, max-snippet:-1, max-image-preview:large, max-video-preview:-1\" \/>\n<link rel=\"canonical\" href=\"https:\/\/crees.org.do\/?p=23002\" \/>\n<meta property=\"og:locale\" content=\"es_ES\" \/>\n<meta property=\"og:type\" content=\"article\" \/>\n<meta property=\"og:title\" content=\"Distribuci\u00f3n del gasto en educaci\u00f3n preuniversitaria acumulado 2013-2021 | CREES\" \/>\n<meta property=\"og:description\" content=\"Entre los a\u00f1os 2013 y 2021 el gasto en educaci\u00f3n p\u00fablica preuniversitaria acumulado ascendi\u00f3 a RD$1,296,383.2 millones. Las remuneraciones y contribuciones de los empleados representan la mayor parte, un 58.6%, equivalente a unos RD$760,024.8 millones.\" \/>\n<meta property=\"og:url\" content=\"https:\/\/crees.org.do\/?p=23002\" \/>\n<meta property=\"og:site_name\" content=\"CREES\" \/>\n<meta property=\"article:publisher\" content=\"https:\/\/www.facebook.com\/CREESRD\/\" \/>\n<meta property=\"article:published_time\" content=\"2022-03-30T16:14:31+00:00\" \/>\n<meta property=\"og:image\" content=\"https:\/\/crees.org.do\/wp-content\/uploads\/2022\/03\/Slide-1-copy-1-1.jpg\" \/>\n\t<meta property=\"og:image:width\" content=\"1080\" \/>\n\t<meta property=\"og:image:height\" content=\"1080\" \/>\n\t<meta property=\"og:image:type\" content=\"image\/jpeg\" \/>\n<meta name=\"author\" content=\"Crees\" \/>\n<meta name=\"twitter:card\" content=\"summary_large_image\" \/>\n<meta name=\"twitter:creator\" content=\"@CREESRD\" \/>\n<meta name=\"twitter:site\" content=\"@CREESRD\" \/>\n<meta name=\"twitter:label1\" content=\"Escrito por\" \/>\n\t<meta name=\"twitter:data1\" content=\"Crees\" \/>\n\t<meta name=\"twitter:label2\" content=\"Tiempo de lectura\" \/>\n\t<meta name=\"twitter:data2\" content=\"2 minutos\" \/>\n<script type=\"application\/ld+json\" class=\"yoast-schema-graph\">{\"@context\":\"https:\/\/schema.org\",\"@graph\":[{\"@type\":\"Article\",\"@id\":\"https:\/\/crees.org.do\/?p=23002#article\",\"isPartOf\":{\"@id\":\"https:\/\/crees.org.do\/?p=23002\"},\"author\":{\"name\":\"Crees\",\"@id\":\"https:\/\/crees.org.do\/#\/schema\/person\/e7f97cd94d7bf9cd0e0ce30acb7d56b8\"},\"headline\":\"Distribuci\u00f3n del gasto en educaci\u00f3n preuniversitaria acumulado 2013-2021\",\"datePublished\":\"2022-03-30T16:14:31+00:00\",\"mainEntityOfPage\":{\"@id\":\"https:\/\/crees.org.do\/?p=23002\"},\"wordCount\":314,\"publisher\":{\"@id\":\"https:\/\/crees.org.do\/#organization\"},\"image\":{\"@id\":\"https:\/\/crees.org.do\/?p=23002#primaryimage\"},\"thumbnailUrl\":\"https:\/\/crees.org.do\/wp-content\/uploads\/2022\/03\/Slide-1-copy-1-1.jpg\",\"articleSection\":[\"Blog\"],\"inLanguage\":\"es\"},{\"@type\":\"WebPage\",\"@id\":\"https:\/\/crees.org.do\/?p=23002\",\"url\":\"https:\/\/crees.org.do\/?p=23002\",\"name\":\"Distribuci\u00f3n del gasto en educaci\u00f3n preuniversitaria acumulado 2013-2021 | CREES\",\"isPartOf\":{\"@id\":\"https:\/\/crees.org.do\/#website\"},\"primaryImageOfPage\":{\"@id\":\"https:\/\/crees.org.do\/?p=23002#primaryimage\"},\"image\":{\"@id\":\"https:\/\/crees.org.do\/?p=23002#primaryimage\"},\"thumbnailUrl\":\"https:\/\/crees.org.do\/wp-content\/uploads\/2022\/03\/Slide-1-copy-1-1.jpg\",\"datePublished\":\"2022-03-30T16:14:31+00:00\",\"description\":\"Entre los a\u00f1os 2013 y 2021 el gasto en educaci\u00f3n p\u00fablica preuniversitaria acumulado ascendi\u00f3 a RD$1,296,383.2 millones. Las remuneraciones y contribuciones de los empleados representan la mayor parte, un 58.6%, equivalente a unos RD$760,024.8 millones.\",\"breadcrumb\":{\"@id\":\"https:\/\/crees.org.do\/?p=23002#breadcrumb\"},\"inLanguage\":\"es\",\"potentialAction\":[{\"@type\":\"ReadAction\",\"target\":[\"https:\/\/crees.org.do\/?p=23002\"]}]},{\"@type\":\"ImageObject\",\"inLanguage\":\"es\",\"@id\":\"https:\/\/crees.org.do\/?p=23002#primaryimage\",\"url\":\"https:\/\/crees.org.do\/wp-content\/uploads\/2022\/03\/Slide-1-copy-1-1.jpg\",\"contentUrl\":\"https:\/\/crees.org.do\/wp-content\/uploads\/2022\/03\/Slide-1-copy-1-1.jpg\",\"width\":1080,\"height\":1080},{\"@type\":\"BreadcrumbList\",\"@id\":\"https:\/\/crees.org.do\/?p=23002#breadcrumb\",\"itemListElement\":[{\"@type\":\"ListItem\",\"position\":1,\"name\":\"Portada\",\"item\":\"https:\/\/crees.org.do\/\"},{\"@type\":\"ListItem\",\"position\":2,\"name\":\"Distribuci\u00f3n del gasto en educaci\u00f3n preuniversitaria acumulado 2013-2021\"}]},{\"@type\":\"WebSite\",\"@id\":\"https:\/\/crees.org.do\/#website\",\"url\":\"https:\/\/crees.org.do\/\",\"name\":\"CREES\",\"description\":\"Centro Regional de Estrategias Econ\u00f3micas Sostenibles\",\"publisher\":{\"@id\":\"https:\/\/crees.org.do\/#organization\"},\"potentialAction\":[{\"@type\":\"SearchAction\",\"target\":{\"@type\":\"EntryPoint\",\"urlTemplate\":\"https:\/\/crees.org.do\/?s={search_term_string}\"},\"query-input\":{\"@type\":\"PropertyValueSpecification\",\"valueRequired\":true,\"valueName\":\"search_term_string\"}}],\"inLanguage\":\"es\"},{\"@type\":\"Organization\",\"@id\":\"https:\/\/crees.org.do\/#organization\",\"name\":\"CREES | Centro Regional de Estrategias Econ\u00f3micas Sostenibles\",\"url\":\"https:\/\/crees.org.do\/\",\"logo\":{\"@type\":\"ImageObject\",\"inLanguage\":\"es\",\"@id\":\"https:\/\/crees.org.do\/#\/schema\/logo\/image\/\",\"url\":\"https:\/\/crees.org.do\/wp-content\/uploads\/2022\/03\/crees-logo-1.jpg\",\"contentUrl\":\"https:\/\/crees.org.do\/wp-content\/uploads\/2022\/03\/crees-logo-1.jpg\",\"width\":244,\"height\":71,\"caption\":\"CREES | Centro Regional de Estrategias Econ\u00f3micas Sostenibles\"},\"image\":{\"@id\":\"https:\/\/crees.org.do\/#\/schema\/logo\/image\/\"},\"sameAs\":[\"https:\/\/www.facebook.com\/CREESRD\/\",\"https:\/\/x.com\/CREESRD\"]},{\"@type\":\"Person\",\"@id\":\"https:\/\/crees.org.do\/#\/schema\/person\/e7f97cd94d7bf9cd0e0ce30acb7d56b8\",\"name\":\"Crees\",\"image\":{\"@type\":\"ImageObject\",\"inLanguage\":\"es\",\"@id\":\"https:\/\/crees.org.do\/#\/schema\/person\/image\/\",\"url\":\"https:\/\/secure.gravatar.com\/avatar\/390ac8f0be5d9aa046152553e2dd7011b59a512d89c150f5e5f28bb8d9a0b165?s=96&d=mm&r=g\",\"contentUrl\":\"https:\/\/secure.gravatar.com\/avatar\/390ac8f0be5d9aa046152553e2dd7011b59a512d89c150f5e5f28bb8d9a0b165?s=96&d=mm&r=g\",\"caption\":\"Crees\"},\"url\":\"https:\/\/crees.org.do\/?author=2\"}]}<\/script>\n<!-- \/ Yoast SEO plugin. -->","yoast_head_json":{"title":"Distribuci\u00f3n del gasto en educaci\u00f3n preuniversitaria acumulado 2013-2021 | CREES","description":"Entre los a\u00f1os 2013 y 2021 el gasto en educaci\u00f3n p\u00fablica preuniversitaria acumulado ascendi\u00f3 a RD$1,296,383.2 millones. Las remuneraciones y contribuciones de los empleados representan la mayor parte, un 58.6%, equivalente a unos RD$760,024.8 millones.","robots":{"index":"index","follow":"follow","max-snippet":"max-snippet:-1","max-image-preview":"max-image-preview:large","max-video-preview":"max-video-preview:-1"},"canonical":"https:\/\/crees.org.do\/?p=23002","og_locale":"es_ES","og_type":"article","og_title":"Distribuci\u00f3n del gasto en educaci\u00f3n preuniversitaria acumulado 2013-2021 | CREES","og_description":"Entre los a\u00f1os 2013 y 2021 el gasto en educaci\u00f3n p\u00fablica preuniversitaria acumulado ascendi\u00f3 a RD$1,296,383.2 millones. Las remuneraciones y contribuciones de los empleados representan la mayor parte, un 58.6%, equivalente a unos RD$760,024.8 millones.","og_url":"https:\/\/crees.org.do\/?p=23002","og_site_name":"CREES","article_publisher":"https:\/\/www.facebook.com\/CREESRD\/","article_published_time":"2022-03-30T16:14:31+00:00","og_image":[{"width":1080,"height":1080,"url":"https:\/\/crees.org.do\/wp-content\/uploads\/2022\/03\/Slide-1-copy-1-1.jpg","type":"image\/jpeg"}],"author":"Crees","twitter_card":"summary_large_image","twitter_creator":"@CREESRD","twitter_site":"@CREESRD","twitter_misc":{"Escrito por":"Crees","Tiempo de lectura":"2 minutos"},"schema":{"@context":"https:\/\/schema.org","@graph":[{"@type":"Article","@id":"https:\/\/crees.org.do\/?p=23002#article","isPartOf":{"@id":"https:\/\/crees.org.do\/?p=23002"},"author":{"name":"Crees","@id":"https:\/\/crees.org.do\/#\/schema\/person\/e7f97cd94d7bf9cd0e0ce30acb7d56b8"},"headline":"Distribuci\u00f3n del gasto en educaci\u00f3n preuniversitaria acumulado 2013-2021","datePublished":"2022-03-30T16:14:31+00:00","mainEntityOfPage":{"@id":"https:\/\/crees.org.do\/?p=23002"},"wordCount":314,"publisher":{"@id":"https:\/\/crees.org.do\/#organization"},"image":{"@id":"https:\/\/crees.org.do\/?p=23002#primaryimage"},"thumbnailUrl":"https:\/\/crees.org.do\/wp-content\/uploads\/2022\/03\/Slide-1-copy-1-1.jpg","articleSection":["Blog"],"inLanguage":"es"},{"@type":"WebPage","@id":"https:\/\/crees.org.do\/?p=23002","url":"https:\/\/crees.org.do\/?p=23002","name":"Distribuci\u00f3n del gasto en educaci\u00f3n preuniversitaria acumulado 2013-2021 | CREES","isPartOf":{"@id":"https:\/\/crees.org.do\/#website"},"primaryImageOfPage":{"@id":"https:\/\/crees.org.do\/?p=23002#primaryimage"},"image":{"@id":"https:\/\/crees.org.do\/?p=23002#primaryimage"},"thumbnailUrl":"https:\/\/crees.org.do\/wp-content\/uploads\/2022\/03\/Slide-1-copy-1-1.jpg","datePublished":"2022-03-30T16:14:31+00:00","description":"Entre los a\u00f1os 2013 y 2021 el gasto en educaci\u00f3n p\u00fablica preuniversitaria acumulado ascendi\u00f3 a RD$1,296,383.2 millones. Las remuneraciones y contribuciones de los empleados representan la mayor parte, un 58.6%, equivalente a unos RD$760,024.8 millones.","breadcrumb":{"@id":"https:\/\/crees.org.do\/?p=23002#breadcrumb"},"inLanguage":"es","potentialAction":[{"@type":"ReadAction","target":["https:\/\/crees.org.do\/?p=23002"]}]},{"@type":"ImageObject","inLanguage":"es","@id":"https:\/\/crees.org.do\/?p=23002#primaryimage","url":"https:\/\/crees.org.do\/wp-content\/uploads\/2022\/03\/Slide-1-copy-1-1.jpg","contentUrl":"https:\/\/crees.org.do\/wp-content\/uploads\/2022\/03\/Slide-1-copy-1-1.jpg","width":1080,"height":1080},{"@type":"BreadcrumbList","@id":"https:\/\/crees.org.do\/?p=23002#breadcrumb","itemListElement":[{"@type":"ListItem","position":1,"name":"Portada","item":"https:\/\/crees.org.do\/"},{"@type":"ListItem","position":2,"name":"Distribuci\u00f3n del gasto en educaci\u00f3n preuniversitaria acumulado 2013-2021"}]},{"@type":"WebSite","@id":"https:\/\/crees.org.do\/#website","url":"https:\/\/crees.org.do\/","name":"CREES","description":"Centro Regional de Estrategias Econ\u00f3micas Sostenibles","publisher":{"@id":"https:\/\/crees.org.do\/#organization"},"potentialAction":[{"@type":"SearchAction","target":{"@type":"EntryPoint","urlTemplate":"https:\/\/crees.org.do\/?s={search_term_string}"},"query-input":{"@type":"PropertyValueSpecification","valueRequired":true,"valueName":"search_term_string"}}],"inLanguage":"es"},{"@type":"Organization","@id":"https:\/\/crees.org.do\/#organization","name":"CREES | Centro Regional de Estrategias Econ\u00f3micas Sostenibles","url":"https:\/\/crees.org.do\/","logo":{"@type":"ImageObject","inLanguage":"es","@id":"https:\/\/crees.org.do\/#\/schema\/logo\/image\/","url":"https:\/\/crees.org.do\/wp-content\/uploads\/2022\/03\/crees-logo-1.jpg","contentUrl":"https:\/\/crees.org.do\/wp-content\/uploads\/2022\/03\/crees-logo-1.jpg","width":244,"height":71,"caption":"CREES | Centro Regional de Estrategias Econ\u00f3micas Sostenibles"},"image":{"@id":"https:\/\/crees.org.do\/#\/schema\/logo\/image\/"},"sameAs":["https:\/\/www.facebook.com\/CREESRD\/","https:\/\/x.com\/CREESRD"]},{"@type":"Person","@id":"https:\/\/crees.org.do\/#\/schema\/person\/e7f97cd94d7bf9cd0e0ce30acb7d56b8","name":"Crees","image":{"@type":"ImageObject","inLanguage":"es","@id":"https:\/\/crees.org.do\/#\/schema\/person\/image\/","url":"https:\/\/secure.gravatar.com\/avatar\/390ac8f0be5d9aa046152553e2dd7011b59a512d89c150f5e5f28bb8d9a0b165?s=96&d=mm&r=g","contentUrl":"https:\/\/secure.gravatar.com\/avatar\/390ac8f0be5d9aa046152553e2dd7011b59a512d89c150f5e5f28bb8d9a0b165?s=96&d=mm&r=g","caption":"Crees"},"url":"https:\/\/crees.org.do\/?author=2"}]}},"_links":{"self":[{"href":"https:\/\/crees.org.do\/index.php?rest_route=\/wp\/v2\/posts\/23002","targetHints":{"allow":["GET"]}}],"collection":[{"href":"https:\/\/crees.org.do\/index.php?rest_route=\/wp\/v2\/posts"}],"about":[{"href":"https:\/\/crees.org.do\/index.php?rest_route=\/wp\/v2\/types\/post"}],"author":[{"embeddable":true,"href":"https:\/\/crees.org.do\/index.php?rest_route=\/wp\/v2\/users\/2"}],"replies":[{"embeddable":true,"href":"https:\/\/crees.org.do\/index.php?rest_route=%2Fwp%2Fv2%2Fcomments&post=23002"}],"version-history":[{"count":1,"href":"https:\/\/crees.org.do\/index.php?rest_route=\/wp\/v2\/posts\/23002\/revisions"}],"predecessor-version":[{"id":23004,"href":"https:\/\/crees.org.do\/index.php?rest_route=\/wp\/v2\/posts\/23002\/revisions\/23004"}],"wp:featuredmedia":[{"embeddable":true,"href":"https:\/\/crees.org.do\/index.php?rest_route=\/wp\/v2\/media\/23003"}],"wp:attachment":[{"href":"https:\/\/crees.org.do\/index.php?rest_route=%2Fwp%2Fv2%2Fmedia&parent=23002"}],"wp:term":[{"taxonomy":"category","embeddable":true,"href":"https:\/\/crees.org.do\/index.php?rest_route=%2Fwp%2Fv2%2Fcategories&post=23002"},{"taxonomy":"post_tag","embeddable":true,"href":"https:\/\/crees.org.do\/index.php?rest_route=%2Fwp%2Fv2%2Ftags&post=23002"}],"curies":[{"name":"wp","href":"https:\/\/api.w.org\/{rel}","templated":true}]}}