{"id":23008,"date":"2022-04-04T15:14:59","date_gmt":"2022-04-04T15:14:59","guid":{"rendered":"https:\/\/crees.org.do\/?p=23008"},"modified":"2022-04-04T15:14:59","modified_gmt":"2022-04-04T15:14:59","slug":"la-ocupacion-hotelera-ascendio-a-69-5-en-marzo-de-2022","status":"publish","type":"post","link":"https:\/\/crees.org.do\/?p=23008","title":{"rendered":"La ocupaci\u00f3n hotelera ascendi\u00f3 a 69.5% en marzo de 2022"},"content":{"rendered":"<p><img fetchpriority=\"high\" decoding=\"async\" class=\"aligncenter  wp-image-23009\" src=\"https:\/\/crees.org.do\/wp-content\/uploads\/2022\/04\/Blank-Template-Instagram-2.jpg\" alt=\"\" width=\"896\" height=\"896\" srcset=\"https:\/\/crees.org.do\/wp-content\/uploads\/2022\/04\/Blank-Template-Instagram-2.jpg 1080w, https:\/\/crees.org.do\/wp-content\/uploads\/2022\/04\/Blank-Template-Instagram-2-450x450.jpg 450w, https:\/\/crees.org.do\/wp-content\/uploads\/2022\/04\/Blank-Template-Instagram-2-150x150.jpg 150w, https:\/\/crees.org.do\/wp-content\/uploads\/2022\/04\/Blank-Template-Instagram-2-768x768.jpg 768w, https:\/\/crees.org.do\/wp-content\/uploads\/2022\/04\/Blank-Template-Instagram-2-500x500.jpg 500w, https:\/\/crees.org.do\/wp-content\/uploads\/2022\/04\/Blank-Template-Instagram-2-300x300.jpg 300w, https:\/\/crees.org.do\/wp-content\/uploads\/2022\/04\/Blank-Template-Instagram-2-600x600.jpg 600w, https:\/\/crees.org.do\/wp-content\/uploads\/2022\/04\/Blank-Template-Instagram-2-100x100.jpg 100w\" sizes=\"(max-width: 896px) 100vw, 896px\" \/><\/p>\n<h3>Tasa de ocupaci\u00f3n hotelera ampliada<\/h3>\n<p style=\"text-align: justify;\">De acuerdo con los datos del Ministerio de Turismo de la Rep\u00fablica Dominicana, al 22 de marzo de 2022 la tasa de ocupaci\u00f3n hotelera ampliada, es decir, la proporci\u00f3n de establecimientos de alojamientos tur\u00edsticos ocupados del total que est\u00e1 operando, fue de 69.5%; de los cueles, un 89.5% fueron visitantes extranjeros y el 10.5% restante fueron visitantes locales. Esto significa que la ocupaci\u00f3n hotelera estuvo 39.3 puntos porcentuales por encima de la tasa prevaleciente en el mismo mes del a\u00f1o 2021 de 30.2%.<\/p>\n<p style=\"text-align: justify;\">En cuanto a la tasa de ocupaci\u00f3n efectiva, es decir, la cantidad de habitaciones ocupadas sobre la cantidad de habitaciones reportadas (operando o no), fue de 64.5% en marzo de 2022; ubic\u00e1ndose 41.6 puntos porcentuales por encima de la prevaleciente en el mismo mes del a\u00f1o 2021.<\/p>\n<p style=\"text-align: justify;\">Cabe destacar que la disponibilidad ampliada de habitaciones ha pasado de un 76.1% del total de habitaciones operando en marzo de 2021 -mes en el cual a\u00fan prevalec\u00edan protocolos y medidas de restricci\u00f3n para mitigar el contagio del COVID-19-, a un 95.3% en marzo de 2022.<\/p>\n<div class=\"pvc_clear\"><\/div>\n<p class=\"pvc_stats all \" data-element-id=\"23008\" style=\"\"><i class=\"pvc-stats-icon medium\" aria-hidden=\"true\"><svg aria-hidden=\"true\" focusable=\"false\" data-prefix=\"far\" data-icon=\"chart-bar\" role=\"img\" xmlns=\"http:\/\/www.w3.org\/2000\/svg\" viewBox=\"0 0 512 512\" class=\"svg-inline--fa fa-chart-bar fa-w-16 fa-2x\"><path fill=\"currentColor\" d=\"M396.8 352h22.4c6.4 0 12.8-6.4 12.8-12.8V108.8c0-6.4-6.4-12.8-12.8-12.8h-22.4c-6.4 0-12.8 6.4-12.8 12.8v230.4c0 6.4 6.4 12.8 12.8 12.8zm-192 0h22.4c6.4 0 12.8-6.4 12.8-12.8V140.8c0-6.4-6.4-12.8-12.8-12.8h-22.4c-6.4 0-12.8 6.4-12.8 12.8v198.4c0 6.4 6.4 12.8 12.8 12.8zm96 0h22.4c6.4 0 12.8-6.4 12.8-12.8V204.8c0-6.4-6.4-12.8-12.8-12.8h-22.4c-6.4 0-12.8 6.4-12.8 12.8v134.4c0 6.4 6.4 12.8 12.8 12.8zM496 400H48V80c0-8.84-7.16-16-16-16H16C7.16 64 0 71.16 0 80v336c0 17.67 14.33 32 32 32h464c8.84 0 16-7.16 16-16v-16c0-8.84-7.16-16-16-16zm-387.2-48h22.4c6.4 0 12.8-6.4 12.8-12.8v-70.4c0-6.4-6.4-12.8-12.8-12.8h-22.4c-6.4 0-12.8 6.4-12.8 12.8v70.4c0 6.4 6.4 12.8 12.8 12.8z\" class=\"\"><\/path><\/svg><\/i> Vistas Totales&nbsp;660&nbsp;, Vistas Hoy&nbsp;1&nbsp;<\/p>\n<div class=\"pvc_clear\"><\/div>\n","protected":false},"excerpt":{"rendered":"<p>Tasa de ocupaci\u00f3n hotelera ampliada De acuerdo con los datos del Ministerio de Turismo de la Rep\u00fablica Dominicana, al 22 de marzo de 2022 la tasa de ocupaci\u00f3n hotelera ampliada, es decir, la proporci\u00f3n de establecimientos de alojamientos tur\u00edsticos ocupados del total que est\u00e1 operando, fue de 69.5%; de los cueles, un 89.5% fueron visitantes&#8230;<\/p>\n<div class=\"pvc_clear\"><\/div>\n<p class=\"pvc_stats all \" data-element-id=\"23008\" style=\"\"><i class=\"pvc-stats-icon medium\" aria-hidden=\"true\"><svg aria-hidden=\"true\" focusable=\"false\" data-prefix=\"far\" data-icon=\"chart-bar\" role=\"img\" xmlns=\"http:\/\/www.w3.org\/2000\/svg\" viewBox=\"0 0 512 512\" class=\"svg-inline--fa fa-chart-bar fa-w-16 fa-2x\"><path fill=\"currentColor\" d=\"M396.8 352h22.4c6.4 0 12.8-6.4 12.8-12.8V108.8c0-6.4-6.4-12.8-12.8-12.8h-22.4c-6.4 0-12.8 6.4-12.8 12.8v230.4c0 6.4 6.4 12.8 12.8 12.8zm-192 0h22.4c6.4 0 12.8-6.4 12.8-12.8V140.8c0-6.4-6.4-12.8-12.8-12.8h-22.4c-6.4 0-12.8 6.4-12.8 12.8v198.4c0 6.4 6.4 12.8 12.8 12.8zm96 0h22.4c6.4 0 12.8-6.4 12.8-12.8V204.8c0-6.4-6.4-12.8-12.8-12.8h-22.4c-6.4 0-12.8 6.4-12.8 12.8v134.4c0 6.4 6.4 12.8 12.8 12.8zM496 400H48V80c0-8.84-7.16-16-16-16H16C7.16 64 0 71.16 0 80v336c0 17.67 14.33 32 32 32h464c8.84 0 16-7.16 16-16v-16c0-8.84-7.16-16-16-16zm-387.2-48h22.4c6.4 0 12.8-6.4 12.8-12.8v-70.4c0-6.4-6.4-12.8-12.8-12.8h-22.4c-6.4 0-12.8 6.4-12.8 12.8v70.4c0 6.4 6.4 12.8 12.8 12.8z\" class=\"\"><\/path><\/svg><\/i> Vistas Totales&nbsp;660&nbsp;, Vistas Hoy&nbsp;1&nbsp;<\/p>\n<div class=\"pvc_clear\"><\/div>\n","protected":false},"author":2,"featured_media":23009,"comment_status":"closed","ping_status":"closed","sticky":false,"template":"","format":"standard","meta":{"footnotes":""},"categories":[21],"tags":[],"class_list":["post-23008","post","type-post","status-publish","format-standard","has-post-thumbnail","hentry","category-blog"],"yoast_head":"<!-- This site is optimized with the Yoast SEO plugin v25.2 - https:\/\/yoast.com\/wordpress\/plugins\/seo\/ -->\n<title>La ocupaci\u00f3n hotelera ascendi\u00f3 a 69.5% en marzo de 2022 | CREES<\/title>\n<meta name=\"description\" content=\"Al 22 de marzo de 2022 la tasa de ocupaci\u00f3n hotelera ampliada, fue de 69.5%; de los cueles, un 89.5% fueron visitantes extranjeros y el 10.5% restante fueron visitantes locales.\" \/>\n<meta name=\"robots\" content=\"index, follow, max-snippet:-1, max-image-preview:large, max-video-preview:-1\" \/>\n<link rel=\"canonical\" href=\"https:\/\/crees.org.do\/?p=23008\" \/>\n<meta property=\"og:locale\" content=\"es_ES\" \/>\n<meta property=\"og:type\" content=\"article\" \/>\n<meta property=\"og:title\" content=\"La ocupaci\u00f3n hotelera ascendi\u00f3 a 69.5% en marzo de 2022 | CREES\" \/>\n<meta property=\"og:description\" content=\"Al 22 de marzo de 2022 la tasa de ocupaci\u00f3n hotelera ampliada, fue de 69.5%; de los cueles, un 89.5% fueron visitantes extranjeros y el 10.5% restante fueron visitantes locales.\" \/>\n<meta property=\"og:url\" content=\"https:\/\/crees.org.do\/?p=23008\" \/>\n<meta property=\"og:site_name\" content=\"CREES\" \/>\n<meta property=\"article:publisher\" content=\"https:\/\/www.facebook.com\/CREESRD\/\" \/>\n<meta property=\"article:published_time\" content=\"2022-04-04T15:14:59+00:00\" \/>\n<meta property=\"og:image\" content=\"https:\/\/crees.org.do\/wp-content\/uploads\/2022\/04\/Blank-Template-Instagram-2.jpg\" \/>\n\t<meta property=\"og:image:width\" content=\"1080\" \/>\n\t<meta property=\"og:image:height\" content=\"1080\" \/>\n\t<meta property=\"og:image:type\" content=\"image\/jpeg\" \/>\n<meta name=\"author\" content=\"Crees\" \/>\n<meta name=\"twitter:card\" content=\"summary_large_image\" \/>\n<meta name=\"twitter:creator\" content=\"@CREESRD\" \/>\n<meta name=\"twitter:site\" content=\"@CREESRD\" \/>\n<meta name=\"twitter:label1\" content=\"Escrito por\" \/>\n\t<meta name=\"twitter:data1\" content=\"Crees\" \/>\n\t<meta name=\"twitter:label2\" content=\"Tiempo de lectura\" \/>\n\t<meta name=\"twitter:data2\" content=\"2 minutos\" \/>\n<script type=\"application\/ld+json\" class=\"yoast-schema-graph\">{\"@context\":\"https:\/\/schema.org\",\"@graph\":[{\"@type\":\"Article\",\"@id\":\"https:\/\/crees.org.do\/?p=23008#article\",\"isPartOf\":{\"@id\":\"https:\/\/crees.org.do\/?p=23008\"},\"author\":{\"name\":\"Crees\",\"@id\":\"https:\/\/crees.org.do\/#\/schema\/person\/e7f97cd94d7bf9cd0e0ce30acb7d56b8\"},\"headline\":\"La ocupaci\u00f3n hotelera ascendi\u00f3 a 69.5% en marzo de 2022\",\"datePublished\":\"2022-04-04T15:14:59+00:00\",\"mainEntityOfPage\":{\"@id\":\"https:\/\/crees.org.do\/?p=23008\"},\"wordCount\":188,\"publisher\":{\"@id\":\"https:\/\/crees.org.do\/#organization\"},\"image\":{\"@id\":\"https:\/\/crees.org.do\/?p=23008#primaryimage\"},\"thumbnailUrl\":\"https:\/\/crees.org.do\/wp-content\/uploads\/2022\/04\/Blank-Template-Instagram-2.jpg\",\"articleSection\":[\"Blog\"],\"inLanguage\":\"es\"},{\"@type\":\"WebPage\",\"@id\":\"https:\/\/crees.org.do\/?p=23008\",\"url\":\"https:\/\/crees.org.do\/?p=23008\",\"name\":\"La ocupaci\u00f3n hotelera ascendi\u00f3 a 69.5% en marzo de 2022 | CREES\",\"isPartOf\":{\"@id\":\"https:\/\/crees.org.do\/#website\"},\"primaryImageOfPage\":{\"@id\":\"https:\/\/crees.org.do\/?p=23008#primaryimage\"},\"image\":{\"@id\":\"https:\/\/crees.org.do\/?p=23008#primaryimage\"},\"thumbnailUrl\":\"https:\/\/crees.org.do\/wp-content\/uploads\/2022\/04\/Blank-Template-Instagram-2.jpg\",\"datePublished\":\"2022-04-04T15:14:59+00:00\",\"description\":\"Al 22 de marzo de 2022 la tasa de ocupaci\u00f3n hotelera ampliada, fue de 69.5%; de los cueles, un 89.5% fueron visitantes extranjeros y el 10.5% restante fueron visitantes locales.\",\"breadcrumb\":{\"@id\":\"https:\/\/crees.org.do\/?p=23008#breadcrumb\"},\"inLanguage\":\"es\",\"potentialAction\":[{\"@type\":\"ReadAction\",\"target\":[\"https:\/\/crees.org.do\/?p=23008\"]}]},{\"@type\":\"ImageObject\",\"inLanguage\":\"es\",\"@id\":\"https:\/\/crees.org.do\/?p=23008#primaryimage\",\"url\":\"https:\/\/crees.org.do\/wp-content\/uploads\/2022\/04\/Blank-Template-Instagram-2.jpg\",\"contentUrl\":\"https:\/\/crees.org.do\/wp-content\/uploads\/2022\/04\/Blank-Template-Instagram-2.jpg\",\"width\":1080,\"height\":1080},{\"@type\":\"BreadcrumbList\",\"@id\":\"https:\/\/crees.org.do\/?p=23008#breadcrumb\",\"itemListElement\":[{\"@type\":\"ListItem\",\"position\":1,\"name\":\"Portada\",\"item\":\"https:\/\/crees.org.do\/\"},{\"@type\":\"ListItem\",\"position\":2,\"name\":\"La ocupaci\u00f3n hotelera ascendi\u00f3 a 69.5% en marzo de 2022\"}]},{\"@type\":\"WebSite\",\"@id\":\"https:\/\/crees.org.do\/#website\",\"url\":\"https:\/\/crees.org.do\/\",\"name\":\"CREES\",\"description\":\"Centro Regional de Estrategias Econ\u00f3micas Sostenibles\",\"publisher\":{\"@id\":\"https:\/\/crees.org.do\/#organization\"},\"potentialAction\":[{\"@type\":\"SearchAction\",\"target\":{\"@type\":\"EntryPoint\",\"urlTemplate\":\"https:\/\/crees.org.do\/?s={search_term_string}\"},\"query-input\":{\"@type\":\"PropertyValueSpecification\",\"valueRequired\":true,\"valueName\":\"search_term_string\"}}],\"inLanguage\":\"es\"},{\"@type\":\"Organization\",\"@id\":\"https:\/\/crees.org.do\/#organization\",\"name\":\"CREES | Centro Regional de Estrategias Econ\u00f3micas Sostenibles\",\"url\":\"https:\/\/crees.org.do\/\",\"logo\":{\"@type\":\"ImageObject\",\"inLanguage\":\"es\",\"@id\":\"https:\/\/crees.org.do\/#\/schema\/logo\/image\/\",\"url\":\"https:\/\/crees.org.do\/wp-content\/uploads\/2022\/03\/crees-logo-1.jpg\",\"contentUrl\":\"https:\/\/crees.org.do\/wp-content\/uploads\/2022\/03\/crees-logo-1.jpg\",\"width\":244,\"height\":71,\"caption\":\"CREES | Centro Regional de Estrategias Econ\u00f3micas Sostenibles\"},\"image\":{\"@id\":\"https:\/\/crees.org.do\/#\/schema\/logo\/image\/\"},\"sameAs\":[\"https:\/\/www.facebook.com\/CREESRD\/\",\"https:\/\/x.com\/CREESRD\"]},{\"@type\":\"Person\",\"@id\":\"https:\/\/crees.org.do\/#\/schema\/person\/e7f97cd94d7bf9cd0e0ce30acb7d56b8\",\"name\":\"Crees\",\"image\":{\"@type\":\"ImageObject\",\"inLanguage\":\"es\",\"@id\":\"https:\/\/crees.org.do\/#\/schema\/person\/image\/\",\"url\":\"https:\/\/secure.gravatar.com\/avatar\/390ac8f0be5d9aa046152553e2dd7011b59a512d89c150f5e5f28bb8d9a0b165?s=96&d=mm&r=g\",\"contentUrl\":\"https:\/\/secure.gravatar.com\/avatar\/390ac8f0be5d9aa046152553e2dd7011b59a512d89c150f5e5f28bb8d9a0b165?s=96&d=mm&r=g\",\"caption\":\"Crees\"},\"url\":\"https:\/\/crees.org.do\/?author=2\"}]}<\/script>\n<!-- \/ Yoast SEO plugin. -->","yoast_head_json":{"title":"La ocupaci\u00f3n hotelera ascendi\u00f3 a 69.5% en marzo de 2022 | CREES","description":"Al 22 de marzo de 2022 la tasa de ocupaci\u00f3n hotelera ampliada, fue de 69.5%; de los cueles, un 89.5% fueron visitantes extranjeros y el 10.5% restante fueron visitantes locales.","robots":{"index":"index","follow":"follow","max-snippet":"max-snippet:-1","max-image-preview":"max-image-preview:large","max-video-preview":"max-video-preview:-1"},"canonical":"https:\/\/crees.org.do\/?p=23008","og_locale":"es_ES","og_type":"article","og_title":"La ocupaci\u00f3n hotelera ascendi\u00f3 a 69.5% en marzo de 2022 | CREES","og_description":"Al 22 de marzo de 2022 la tasa de ocupaci\u00f3n hotelera ampliada, fue de 69.5%; de los cueles, un 89.5% fueron visitantes extranjeros y el 10.5% restante fueron visitantes locales.","og_url":"https:\/\/crees.org.do\/?p=23008","og_site_name":"CREES","article_publisher":"https:\/\/www.facebook.com\/CREESRD\/","article_published_time":"2022-04-04T15:14:59+00:00","og_image":[{"width":1080,"height":1080,"url":"https:\/\/crees.org.do\/wp-content\/uploads\/2022\/04\/Blank-Template-Instagram-2.jpg","type":"image\/jpeg"}],"author":"Crees","twitter_card":"summary_large_image","twitter_creator":"@CREESRD","twitter_site":"@CREESRD","twitter_misc":{"Escrito por":"Crees","Tiempo de lectura":"2 minutos"},"schema":{"@context":"https:\/\/schema.org","@graph":[{"@type":"Article","@id":"https:\/\/crees.org.do\/?p=23008#article","isPartOf":{"@id":"https:\/\/crees.org.do\/?p=23008"},"author":{"name":"Crees","@id":"https:\/\/crees.org.do\/#\/schema\/person\/e7f97cd94d7bf9cd0e0ce30acb7d56b8"},"headline":"La ocupaci\u00f3n hotelera ascendi\u00f3 a 69.5% en marzo de 2022","datePublished":"2022-04-04T15:14:59+00:00","mainEntityOfPage":{"@id":"https:\/\/crees.org.do\/?p=23008"},"wordCount":188,"publisher":{"@id":"https:\/\/crees.org.do\/#organization"},"image":{"@id":"https:\/\/crees.org.do\/?p=23008#primaryimage"},"thumbnailUrl":"https:\/\/crees.org.do\/wp-content\/uploads\/2022\/04\/Blank-Template-Instagram-2.jpg","articleSection":["Blog"],"inLanguage":"es"},{"@type":"WebPage","@id":"https:\/\/crees.org.do\/?p=23008","url":"https:\/\/crees.org.do\/?p=23008","name":"La ocupaci\u00f3n hotelera ascendi\u00f3 a 69.5% en marzo de 2022 | CREES","isPartOf":{"@id":"https:\/\/crees.org.do\/#website"},"primaryImageOfPage":{"@id":"https:\/\/crees.org.do\/?p=23008#primaryimage"},"image":{"@id":"https:\/\/crees.org.do\/?p=23008#primaryimage"},"thumbnailUrl":"https:\/\/crees.org.do\/wp-content\/uploads\/2022\/04\/Blank-Template-Instagram-2.jpg","datePublished":"2022-04-04T15:14:59+00:00","description":"Al 22 de marzo de 2022 la tasa de ocupaci\u00f3n hotelera ampliada, fue de 69.5%; de los cueles, un 89.5% fueron visitantes extranjeros y el 10.5% restante fueron visitantes locales.","breadcrumb":{"@id":"https:\/\/crees.org.do\/?p=23008#breadcrumb"},"inLanguage":"es","potentialAction":[{"@type":"ReadAction","target":["https:\/\/crees.org.do\/?p=23008"]}]},{"@type":"ImageObject","inLanguage":"es","@id":"https:\/\/crees.org.do\/?p=23008#primaryimage","url":"https:\/\/crees.org.do\/wp-content\/uploads\/2022\/04\/Blank-Template-Instagram-2.jpg","contentUrl":"https:\/\/crees.org.do\/wp-content\/uploads\/2022\/04\/Blank-Template-Instagram-2.jpg","width":1080,"height":1080},{"@type":"BreadcrumbList","@id":"https:\/\/crees.org.do\/?p=23008#breadcrumb","itemListElement":[{"@type":"ListItem","position":1,"name":"Portada","item":"https:\/\/crees.org.do\/"},{"@type":"ListItem","position":2,"name":"La ocupaci\u00f3n hotelera ascendi\u00f3 a 69.5% en marzo de 2022"}]},{"@type":"WebSite","@id":"https:\/\/crees.org.do\/#website","url":"https:\/\/crees.org.do\/","name":"CREES","description":"Centro Regional de Estrategias Econ\u00f3micas Sostenibles","publisher":{"@id":"https:\/\/crees.org.do\/#organization"},"potentialAction":[{"@type":"SearchAction","target":{"@type":"EntryPoint","urlTemplate":"https:\/\/crees.org.do\/?s={search_term_string}"},"query-input":{"@type":"PropertyValueSpecification","valueRequired":true,"valueName":"search_term_string"}}],"inLanguage":"es"},{"@type":"Organization","@id":"https:\/\/crees.org.do\/#organization","name":"CREES | Centro Regional de Estrategias Econ\u00f3micas Sostenibles","url":"https:\/\/crees.org.do\/","logo":{"@type":"ImageObject","inLanguage":"es","@id":"https:\/\/crees.org.do\/#\/schema\/logo\/image\/","url":"https:\/\/crees.org.do\/wp-content\/uploads\/2022\/03\/crees-logo-1.jpg","contentUrl":"https:\/\/crees.org.do\/wp-content\/uploads\/2022\/03\/crees-logo-1.jpg","width":244,"height":71,"caption":"CREES | Centro Regional de Estrategias Econ\u00f3micas Sostenibles"},"image":{"@id":"https:\/\/crees.org.do\/#\/schema\/logo\/image\/"},"sameAs":["https:\/\/www.facebook.com\/CREESRD\/","https:\/\/x.com\/CREESRD"]},{"@type":"Person","@id":"https:\/\/crees.org.do\/#\/schema\/person\/e7f97cd94d7bf9cd0e0ce30acb7d56b8","name":"Crees","image":{"@type":"ImageObject","inLanguage":"es","@id":"https:\/\/crees.org.do\/#\/schema\/person\/image\/","url":"https:\/\/secure.gravatar.com\/avatar\/390ac8f0be5d9aa046152553e2dd7011b59a512d89c150f5e5f28bb8d9a0b165?s=96&d=mm&r=g","contentUrl":"https:\/\/secure.gravatar.com\/avatar\/390ac8f0be5d9aa046152553e2dd7011b59a512d89c150f5e5f28bb8d9a0b165?s=96&d=mm&r=g","caption":"Crees"},"url":"https:\/\/crees.org.do\/?author=2"}]}},"_links":{"self":[{"href":"https:\/\/crees.org.do\/index.php?rest_route=\/wp\/v2\/posts\/23008","targetHints":{"allow":["GET"]}}],"collection":[{"href":"https:\/\/crees.org.do\/index.php?rest_route=\/wp\/v2\/posts"}],"about":[{"href":"https:\/\/crees.org.do\/index.php?rest_route=\/wp\/v2\/types\/post"}],"author":[{"embeddable":true,"href":"https:\/\/crees.org.do\/index.php?rest_route=\/wp\/v2\/users\/2"}],"replies":[{"embeddable":true,"href":"https:\/\/crees.org.do\/index.php?rest_route=%2Fwp%2Fv2%2Fcomments&post=23008"}],"version-history":[{"count":1,"href":"https:\/\/crees.org.do\/index.php?rest_route=\/wp\/v2\/posts\/23008\/revisions"}],"predecessor-version":[{"id":23010,"href":"https:\/\/crees.org.do\/index.php?rest_route=\/wp\/v2\/posts\/23008\/revisions\/23010"}],"wp:featuredmedia":[{"embeddable":true,"href":"https:\/\/crees.org.do\/index.php?rest_route=\/wp\/v2\/media\/23009"}],"wp:attachment":[{"href":"https:\/\/crees.org.do\/index.php?rest_route=%2Fwp%2Fv2%2Fmedia&parent=23008"}],"wp:term":[{"taxonomy":"category","embeddable":true,"href":"https:\/\/crees.org.do\/index.php?rest_route=%2Fwp%2Fv2%2Fcategories&post=23008"},{"taxonomy":"post_tag","embeddable":true,"href":"https:\/\/crees.org.do\/index.php?rest_route=%2Fwp%2Fv2%2Ftags&post=23008"}],"curies":[{"name":"wp","href":"https:\/\/api.w.org\/{rel}","templated":true}]}}