{"id":23015,"date":"2022-04-05T14:21:31","date_gmt":"2022-04-05T14:21:31","guid":{"rendered":"https:\/\/crees.org.do\/?p=23015"},"modified":"2022-04-05T14:21:31","modified_gmt":"2022-04-05T14:21:31","slug":"tasa-de-interes-activa-y-pasiva-promedio-ponderado-en-marzo-de-2022","status":"publish","type":"post","link":"https:\/\/crees.org.do\/?p=23015","title":{"rendered":"La tasa de inter\u00e9s activa promedio fue de 10.3%, mientras que la pasiva promedio fue de 4.8%, en marzo de 2022"},"content":{"rendered":"<p><img fetchpriority=\"high\" decoding=\"async\" class=\"aligncenter  wp-image-23016\" src=\"https:\/\/crees.org.do\/wp-content\/uploads\/2022\/04\/Screen-Shot-2022-04-05-at-10.17.13-AM-scaled.jpg\" alt=\"\" width=\"896\" height=\"896\" srcset=\"https:\/\/crees.org.do\/wp-content\/uploads\/2022\/04\/Screen-Shot-2022-04-05-at-10.17.13-AM-scaled.jpg 1200w, https:\/\/crees.org.do\/wp-content\/uploads\/2022\/04\/Screen-Shot-2022-04-05-at-10.17.13-AM-450x450.jpg 450w, https:\/\/crees.org.do\/wp-content\/uploads\/2022\/04\/Screen-Shot-2022-04-05-at-10.17.13-AM-150x150.jpg 150w, https:\/\/crees.org.do\/wp-content\/uploads\/2022\/04\/Screen-Shot-2022-04-05-at-10.17.13-AM-768x768.jpg 768w, https:\/\/crees.org.do\/wp-content\/uploads\/2022\/04\/Screen-Shot-2022-04-05-at-10.17.13-AM-500x500.jpg 500w, https:\/\/crees.org.do\/wp-content\/uploads\/2022\/04\/Screen-Shot-2022-04-05-at-10.17.13-AM-300x300.jpg 300w, https:\/\/crees.org.do\/wp-content\/uploads\/2022\/04\/Screen-Shot-2022-04-05-at-10.17.13-AM-600x600.jpg 600w, https:\/\/crees.org.do\/wp-content\/uploads\/2022\/04\/Screen-Shot-2022-04-05-at-10.17.13-AM-100x100.jpg 100w\" sizes=\"(max-width: 896px) 100vw, 896px\" \/><\/p>\n<h3>Tasa de inter\u00e9s activa y pasiva promedio ponderado, en marzo de 2022<\/h3>\n<p style=\"text-align: justify;\">En marzo de 2022, la tasa de inter\u00e9s activa promedio ponderada de los Bancos M\u00faltiples fue de 10.3%, mientras que la tasa de inter\u00e9s pasiva promedio ponderada de los Bancos M\u00faltiples fue de 4.8%, lo que equivale a un margen de intermediaci\u00f3n de 5.5 puntos porcentuales.<\/p>\n<p style=\"text-align: justify;\">Se entiende como tasa de inter\u00e9s activa al porcentaje cobrado por las entidades financieras sobre el dinero que prestan y como tasa de inter\u00e9s pasiva al porcentaje que pagan los entidades financieras a los ahorrantes por mantener sus fondos en las cuentas del banco.<\/p>\n<p style=\"text-align: justify;\">Con respecto a marzo del 2021, la tasa de inter\u00e9s activa aument\u00f3 1.3 puntos porcentuales, mientras que la pasiva aument\u00f3 en 2.1 puntos porcentuales.<\/p>\n<p style=\"text-align: justify;\">Desde noviembre de 2021 a marzo de 2022, el Banco Central de la Rep\u00fablica Dominicana (BCRD) increment\u00f3 la tasa de pol\u00edtica monetaria (TPM) en 250 puntos b\u00e1sicos para situarla de 3.00% a 5.50%. Desde el incremento de la TPM hasta la fecha la tasa de inter\u00e9s activa se ha incrementado 0.4 puntos porcentuales, mientras que la tasa de inter\u00e9s pasiva se ha incrementado 2.7 puntos porcentuales.<\/p>\n<div class=\"pvc_clear\"><\/div>\n<p class=\"pvc_stats all \" data-element-id=\"23015\" style=\"\"><i class=\"pvc-stats-icon medium\" aria-hidden=\"true\"><svg aria-hidden=\"true\" focusable=\"false\" data-prefix=\"far\" data-icon=\"chart-bar\" role=\"img\" xmlns=\"http:\/\/www.w3.org\/2000\/svg\" viewBox=\"0 0 512 512\" class=\"svg-inline--fa fa-chart-bar fa-w-16 fa-2x\"><path fill=\"currentColor\" d=\"M396.8 352h22.4c6.4 0 12.8-6.4 12.8-12.8V108.8c0-6.4-6.4-12.8-12.8-12.8h-22.4c-6.4 0-12.8 6.4-12.8 12.8v230.4c0 6.4 6.4 12.8 12.8 12.8zm-192 0h22.4c6.4 0 12.8-6.4 12.8-12.8V140.8c0-6.4-6.4-12.8-12.8-12.8h-22.4c-6.4 0-12.8 6.4-12.8 12.8v198.4c0 6.4 6.4 12.8 12.8 12.8zm96 0h22.4c6.4 0 12.8-6.4 12.8-12.8V204.8c0-6.4-6.4-12.8-12.8-12.8h-22.4c-6.4 0-12.8 6.4-12.8 12.8v134.4c0 6.4 6.4 12.8 12.8 12.8zM496 400H48V80c0-8.84-7.16-16-16-16H16C7.16 64 0 71.16 0 80v336c0 17.67 14.33 32 32 32h464c8.84 0 16-7.16 16-16v-16c0-8.84-7.16-16-16-16zm-387.2-48h22.4c6.4 0 12.8-6.4 12.8-12.8v-70.4c0-6.4-6.4-12.8-12.8-12.8h-22.4c-6.4 0-12.8 6.4-12.8 12.8v70.4c0 6.4 6.4 12.8 12.8 12.8z\" class=\"\"><\/path><\/svg><\/i> Vistas Totales&nbsp;845&nbsp;, Vistas Hoy&nbsp;1&nbsp;<\/p>\n<div class=\"pvc_clear\"><\/div>\n","protected":false},"excerpt":{"rendered":"<p>Tasa de inter\u00e9s activa y pasiva promedio ponderado, en marzo de 2022 En marzo de 2022, la tasa de inter\u00e9s activa promedio ponderada de los Bancos M\u00faltiples fue de 10.3%, mientras que la tasa de inter\u00e9s pasiva promedio ponderada de los Bancos M\u00faltiples fue de 4.8%, lo que equivale a un margen de intermediaci\u00f3n de&#8230;<\/p>\n<div class=\"pvc_clear\"><\/div>\n<p class=\"pvc_stats all \" data-element-id=\"23015\" style=\"\"><i class=\"pvc-stats-icon medium\" aria-hidden=\"true\"><svg aria-hidden=\"true\" focusable=\"false\" data-prefix=\"far\" data-icon=\"chart-bar\" role=\"img\" xmlns=\"http:\/\/www.w3.org\/2000\/svg\" viewBox=\"0 0 512 512\" class=\"svg-inline--fa fa-chart-bar fa-w-16 fa-2x\"><path fill=\"currentColor\" d=\"M396.8 352h22.4c6.4 0 12.8-6.4 12.8-12.8V108.8c0-6.4-6.4-12.8-12.8-12.8h-22.4c-6.4 0-12.8 6.4-12.8 12.8v230.4c0 6.4 6.4 12.8 12.8 12.8zm-192 0h22.4c6.4 0 12.8-6.4 12.8-12.8V140.8c0-6.4-6.4-12.8-12.8-12.8h-22.4c-6.4 0-12.8 6.4-12.8 12.8v198.4c0 6.4 6.4 12.8 12.8 12.8zm96 0h22.4c6.4 0 12.8-6.4 12.8-12.8V204.8c0-6.4-6.4-12.8-12.8-12.8h-22.4c-6.4 0-12.8 6.4-12.8 12.8v134.4c0 6.4 6.4 12.8 12.8 12.8zM496 400H48V80c0-8.84-7.16-16-16-16H16C7.16 64 0 71.16 0 80v336c0 17.67 14.33 32 32 32h464c8.84 0 16-7.16 16-16v-16c0-8.84-7.16-16-16-16zm-387.2-48h22.4c6.4 0 12.8-6.4 12.8-12.8v-70.4c0-6.4-6.4-12.8-12.8-12.8h-22.4c-6.4 0-12.8 6.4-12.8 12.8v70.4c0 6.4 6.4 12.8 12.8 12.8z\" class=\"\"><\/path><\/svg><\/i> Vistas Totales&nbsp;845&nbsp;, Vistas Hoy&nbsp;1&nbsp;<\/p>\n<div class=\"pvc_clear\"><\/div>\n","protected":false},"author":2,"featured_media":23016,"comment_status":"closed","ping_status":"closed","sticky":false,"template":"","format":"standard","meta":{"footnotes":""},"categories":[21],"tags":[],"class_list":["post-23015","post","type-post","status-publish","format-standard","has-post-thumbnail","hentry","category-blog"],"yoast_head":"<!-- This site is optimized with the Yoast SEO plugin v25.2 - https:\/\/yoast.com\/wordpress\/plugins\/seo\/ -->\n<title>La tasa de inter\u00e9s activa promedio fue de 10.3%, mientras que la pasiva promedio fue de 4.8%, en marzo de 2022 | CREES<\/title>\n<meta name=\"description\" content=\"En marzo de 2022, la tasa de inter\u00e9s activa promedio ponderada de los Bancos M\u00faltiples fue de 10.3%, mientras que la tasa de inter\u00e9s pasiva promedio ponderada de los Bancos M\u00faltiples fue de 4.8%.\" \/>\n<meta name=\"robots\" content=\"index, follow, max-snippet:-1, max-image-preview:large, max-video-preview:-1\" \/>\n<link rel=\"canonical\" href=\"https:\/\/crees.org.do\/?p=23015\" \/>\n<meta property=\"og:locale\" content=\"es_ES\" \/>\n<meta property=\"og:type\" content=\"article\" \/>\n<meta property=\"og:title\" content=\"La tasa de inter\u00e9s activa promedio fue de 10.3%, mientras que la pasiva promedio fue de 4.8%, en marzo de 2022 | CREES\" \/>\n<meta property=\"og:description\" content=\"En marzo de 2022, la tasa de inter\u00e9s activa promedio ponderada de los Bancos M\u00faltiples fue de 10.3%, mientras que la tasa de inter\u00e9s pasiva promedio ponderada de los Bancos M\u00faltiples fue de 4.8%.\" \/>\n<meta property=\"og:url\" content=\"https:\/\/crees.org.do\/?p=23015\" \/>\n<meta property=\"og:site_name\" content=\"CREES\" \/>\n<meta property=\"article:publisher\" content=\"https:\/\/www.facebook.com\/CREESRD\/\" \/>\n<meta property=\"article:published_time\" content=\"2022-04-05T14:21:31+00:00\" \/>\n<meta property=\"og:image\" content=\"https:\/\/crees.org.do\/wp-content\/uploads\/2022\/04\/Screen-Shot-2022-04-05-at-10.17.13-AM-scaled.jpg\" \/>\n\t<meta property=\"og:image:width\" content=\"1200\" \/>\n\t<meta property=\"og:image:height\" content=\"1200\" \/>\n\t<meta property=\"og:image:type\" content=\"image\/jpeg\" \/>\n<meta name=\"author\" content=\"Crees\" \/>\n<meta name=\"twitter:card\" content=\"summary_large_image\" \/>\n<meta name=\"twitter:creator\" content=\"@CREESRD\" \/>\n<meta name=\"twitter:site\" content=\"@CREESRD\" \/>\n<meta name=\"twitter:label1\" content=\"Escrito por\" \/>\n\t<meta name=\"twitter:data1\" content=\"Crees\" \/>\n\t<meta name=\"twitter:label2\" content=\"Tiempo de lectura\" \/>\n\t<meta name=\"twitter:data2\" content=\"2 minutos\" \/>\n<script type=\"application\/ld+json\" class=\"yoast-schema-graph\">{\"@context\":\"https:\/\/schema.org\",\"@graph\":[{\"@type\":\"Article\",\"@id\":\"https:\/\/crees.org.do\/?p=23015#article\",\"isPartOf\":{\"@id\":\"https:\/\/crees.org.do\/?p=23015\"},\"author\":{\"name\":\"Crees\",\"@id\":\"https:\/\/crees.org.do\/#\/schema\/person\/e7f97cd94d7bf9cd0e0ce30acb7d56b8\"},\"headline\":\"La tasa de inter\u00e9s activa promedio fue de 10.3%, mientras que la pasiva promedio fue de 4.8%, en marzo de 2022\",\"datePublished\":\"2022-04-05T14:21:31+00:00\",\"mainEntityOfPage\":{\"@id\":\"https:\/\/crees.org.do\/?p=23015\"},\"wordCount\":210,\"publisher\":{\"@id\":\"https:\/\/crees.org.do\/#organization\"},\"image\":{\"@id\":\"https:\/\/crees.org.do\/?p=23015#primaryimage\"},\"thumbnailUrl\":\"https:\/\/crees.org.do\/wp-content\/uploads\/2022\/04\/Screen-Shot-2022-04-05-at-10.17.13-AM-scaled.jpg\",\"articleSection\":[\"Blog\"],\"inLanguage\":\"es\"},{\"@type\":\"WebPage\",\"@id\":\"https:\/\/crees.org.do\/?p=23015\",\"url\":\"https:\/\/crees.org.do\/?p=23015\",\"name\":\"La tasa de inter\u00e9s activa promedio fue de 10.3%, mientras que la pasiva promedio fue de 4.8%, en marzo de 2022 | CREES\",\"isPartOf\":{\"@id\":\"https:\/\/crees.org.do\/#website\"},\"primaryImageOfPage\":{\"@id\":\"https:\/\/crees.org.do\/?p=23015#primaryimage\"},\"image\":{\"@id\":\"https:\/\/crees.org.do\/?p=23015#primaryimage\"},\"thumbnailUrl\":\"https:\/\/crees.org.do\/wp-content\/uploads\/2022\/04\/Screen-Shot-2022-04-05-at-10.17.13-AM-scaled.jpg\",\"datePublished\":\"2022-04-05T14:21:31+00:00\",\"description\":\"En marzo de 2022, la tasa de inter\u00e9s activa promedio ponderada de los Bancos M\u00faltiples fue de 10.3%, mientras que la tasa de inter\u00e9s pasiva promedio ponderada de los Bancos M\u00faltiples fue de 4.8%.\",\"breadcrumb\":{\"@id\":\"https:\/\/crees.org.do\/?p=23015#breadcrumb\"},\"inLanguage\":\"es\",\"potentialAction\":[{\"@type\":\"ReadAction\",\"target\":[\"https:\/\/crees.org.do\/?p=23015\"]}]},{\"@type\":\"ImageObject\",\"inLanguage\":\"es\",\"@id\":\"https:\/\/crees.org.do\/?p=23015#primaryimage\",\"url\":\"https:\/\/crees.org.do\/wp-content\/uploads\/2022\/04\/Screen-Shot-2022-04-05-at-10.17.13-AM-scaled.jpg\",\"contentUrl\":\"https:\/\/crees.org.do\/wp-content\/uploads\/2022\/04\/Screen-Shot-2022-04-05-at-10.17.13-AM-scaled.jpg\",\"width\":1200,\"height\":1200},{\"@type\":\"BreadcrumbList\",\"@id\":\"https:\/\/crees.org.do\/?p=23015#breadcrumb\",\"itemListElement\":[{\"@type\":\"ListItem\",\"position\":1,\"name\":\"Portada\",\"item\":\"https:\/\/crees.org.do\/\"},{\"@type\":\"ListItem\",\"position\":2,\"name\":\"La tasa de inter\u00e9s activa promedio fue de 10.3%, mientras que la pasiva promedio fue de 4.8%, en marzo de 2022\"}]},{\"@type\":\"WebSite\",\"@id\":\"https:\/\/crees.org.do\/#website\",\"url\":\"https:\/\/crees.org.do\/\",\"name\":\"CREES\",\"description\":\"Centro Regional de Estrategias Econ\u00f3micas Sostenibles\",\"publisher\":{\"@id\":\"https:\/\/crees.org.do\/#organization\"},\"potentialAction\":[{\"@type\":\"SearchAction\",\"target\":{\"@type\":\"EntryPoint\",\"urlTemplate\":\"https:\/\/crees.org.do\/?s={search_term_string}\"},\"query-input\":{\"@type\":\"PropertyValueSpecification\",\"valueRequired\":true,\"valueName\":\"search_term_string\"}}],\"inLanguage\":\"es\"},{\"@type\":\"Organization\",\"@id\":\"https:\/\/crees.org.do\/#organization\",\"name\":\"CREES | Centro Regional de Estrategias Econ\u00f3micas Sostenibles\",\"url\":\"https:\/\/crees.org.do\/\",\"logo\":{\"@type\":\"ImageObject\",\"inLanguage\":\"es\",\"@id\":\"https:\/\/crees.org.do\/#\/schema\/logo\/image\/\",\"url\":\"https:\/\/crees.org.do\/wp-content\/uploads\/2022\/03\/crees-logo-1.jpg\",\"contentUrl\":\"https:\/\/crees.org.do\/wp-content\/uploads\/2022\/03\/crees-logo-1.jpg\",\"width\":244,\"height\":71,\"caption\":\"CREES | Centro Regional de Estrategias Econ\u00f3micas Sostenibles\"},\"image\":{\"@id\":\"https:\/\/crees.org.do\/#\/schema\/logo\/image\/\"},\"sameAs\":[\"https:\/\/www.facebook.com\/CREESRD\/\",\"https:\/\/x.com\/CREESRD\"]},{\"@type\":\"Person\",\"@id\":\"https:\/\/crees.org.do\/#\/schema\/person\/e7f97cd94d7bf9cd0e0ce30acb7d56b8\",\"name\":\"Crees\",\"image\":{\"@type\":\"ImageObject\",\"inLanguage\":\"es\",\"@id\":\"https:\/\/crees.org.do\/#\/schema\/person\/image\/\",\"url\":\"https:\/\/secure.gravatar.com\/avatar\/390ac8f0be5d9aa046152553e2dd7011b59a512d89c150f5e5f28bb8d9a0b165?s=96&d=mm&r=g\",\"contentUrl\":\"https:\/\/secure.gravatar.com\/avatar\/390ac8f0be5d9aa046152553e2dd7011b59a512d89c150f5e5f28bb8d9a0b165?s=96&d=mm&r=g\",\"caption\":\"Crees\"},\"url\":\"https:\/\/crees.org.do\/?author=2\"}]}<\/script>\n<!-- \/ Yoast SEO plugin. -->","yoast_head_json":{"title":"La tasa de inter\u00e9s activa promedio fue de 10.3%, mientras que la pasiva promedio fue de 4.8%, en marzo de 2022 | CREES","description":"En marzo de 2022, la tasa de inter\u00e9s activa promedio ponderada de los Bancos M\u00faltiples fue de 10.3%, mientras que la tasa de inter\u00e9s pasiva promedio ponderada de los Bancos M\u00faltiples fue de 4.8%.","robots":{"index":"index","follow":"follow","max-snippet":"max-snippet:-1","max-image-preview":"max-image-preview:large","max-video-preview":"max-video-preview:-1"},"canonical":"https:\/\/crees.org.do\/?p=23015","og_locale":"es_ES","og_type":"article","og_title":"La tasa de inter\u00e9s activa promedio fue de 10.3%, mientras que la pasiva promedio fue de 4.8%, en marzo de 2022 | CREES","og_description":"En marzo de 2022, la tasa de inter\u00e9s activa promedio ponderada de los Bancos M\u00faltiples fue de 10.3%, mientras que la tasa de inter\u00e9s pasiva promedio ponderada de los Bancos M\u00faltiples fue de 4.8%.","og_url":"https:\/\/crees.org.do\/?p=23015","og_site_name":"CREES","article_publisher":"https:\/\/www.facebook.com\/CREESRD\/","article_published_time":"2022-04-05T14:21:31+00:00","og_image":[{"width":1200,"height":1200,"url":"https:\/\/crees.org.do\/wp-content\/uploads\/2022\/04\/Screen-Shot-2022-04-05-at-10.17.13-AM-scaled.jpg","type":"image\/jpeg"}],"author":"Crees","twitter_card":"summary_large_image","twitter_creator":"@CREESRD","twitter_site":"@CREESRD","twitter_misc":{"Escrito por":"Crees","Tiempo de lectura":"2 minutos"},"schema":{"@context":"https:\/\/schema.org","@graph":[{"@type":"Article","@id":"https:\/\/crees.org.do\/?p=23015#article","isPartOf":{"@id":"https:\/\/crees.org.do\/?p=23015"},"author":{"name":"Crees","@id":"https:\/\/crees.org.do\/#\/schema\/person\/e7f97cd94d7bf9cd0e0ce30acb7d56b8"},"headline":"La tasa de inter\u00e9s activa promedio fue de 10.3%, mientras que la pasiva promedio fue de 4.8%, en marzo de 2022","datePublished":"2022-04-05T14:21:31+00:00","mainEntityOfPage":{"@id":"https:\/\/crees.org.do\/?p=23015"},"wordCount":210,"publisher":{"@id":"https:\/\/crees.org.do\/#organization"},"image":{"@id":"https:\/\/crees.org.do\/?p=23015#primaryimage"},"thumbnailUrl":"https:\/\/crees.org.do\/wp-content\/uploads\/2022\/04\/Screen-Shot-2022-04-05-at-10.17.13-AM-scaled.jpg","articleSection":["Blog"],"inLanguage":"es"},{"@type":"WebPage","@id":"https:\/\/crees.org.do\/?p=23015","url":"https:\/\/crees.org.do\/?p=23015","name":"La tasa de inter\u00e9s activa promedio fue de 10.3%, mientras que la pasiva promedio fue de 4.8%, en marzo de 2022 | CREES","isPartOf":{"@id":"https:\/\/crees.org.do\/#website"},"primaryImageOfPage":{"@id":"https:\/\/crees.org.do\/?p=23015#primaryimage"},"image":{"@id":"https:\/\/crees.org.do\/?p=23015#primaryimage"},"thumbnailUrl":"https:\/\/crees.org.do\/wp-content\/uploads\/2022\/04\/Screen-Shot-2022-04-05-at-10.17.13-AM-scaled.jpg","datePublished":"2022-04-05T14:21:31+00:00","description":"En marzo de 2022, la tasa de inter\u00e9s activa promedio ponderada de los Bancos M\u00faltiples fue de 10.3%, mientras que la tasa de inter\u00e9s pasiva promedio ponderada de los Bancos M\u00faltiples fue de 4.8%.","breadcrumb":{"@id":"https:\/\/crees.org.do\/?p=23015#breadcrumb"},"inLanguage":"es","potentialAction":[{"@type":"ReadAction","target":["https:\/\/crees.org.do\/?p=23015"]}]},{"@type":"ImageObject","inLanguage":"es","@id":"https:\/\/crees.org.do\/?p=23015#primaryimage","url":"https:\/\/crees.org.do\/wp-content\/uploads\/2022\/04\/Screen-Shot-2022-04-05-at-10.17.13-AM-scaled.jpg","contentUrl":"https:\/\/crees.org.do\/wp-content\/uploads\/2022\/04\/Screen-Shot-2022-04-05-at-10.17.13-AM-scaled.jpg","width":1200,"height":1200},{"@type":"BreadcrumbList","@id":"https:\/\/crees.org.do\/?p=23015#breadcrumb","itemListElement":[{"@type":"ListItem","position":1,"name":"Portada","item":"https:\/\/crees.org.do\/"},{"@type":"ListItem","position":2,"name":"La tasa de inter\u00e9s activa promedio fue de 10.3%, mientras que la pasiva promedio fue de 4.8%, en marzo de 2022"}]},{"@type":"WebSite","@id":"https:\/\/crees.org.do\/#website","url":"https:\/\/crees.org.do\/","name":"CREES","description":"Centro Regional de Estrategias Econ\u00f3micas Sostenibles","publisher":{"@id":"https:\/\/crees.org.do\/#organization"},"potentialAction":[{"@type":"SearchAction","target":{"@type":"EntryPoint","urlTemplate":"https:\/\/crees.org.do\/?s={search_term_string}"},"query-input":{"@type":"PropertyValueSpecification","valueRequired":true,"valueName":"search_term_string"}}],"inLanguage":"es"},{"@type":"Organization","@id":"https:\/\/crees.org.do\/#organization","name":"CREES | Centro Regional de Estrategias Econ\u00f3micas Sostenibles","url":"https:\/\/crees.org.do\/","logo":{"@type":"ImageObject","inLanguage":"es","@id":"https:\/\/crees.org.do\/#\/schema\/logo\/image\/","url":"https:\/\/crees.org.do\/wp-content\/uploads\/2022\/03\/crees-logo-1.jpg","contentUrl":"https:\/\/crees.org.do\/wp-content\/uploads\/2022\/03\/crees-logo-1.jpg","width":244,"height":71,"caption":"CREES | Centro Regional de Estrategias Econ\u00f3micas Sostenibles"},"image":{"@id":"https:\/\/crees.org.do\/#\/schema\/logo\/image\/"},"sameAs":["https:\/\/www.facebook.com\/CREESRD\/","https:\/\/x.com\/CREESRD"]},{"@type":"Person","@id":"https:\/\/crees.org.do\/#\/schema\/person\/e7f97cd94d7bf9cd0e0ce30acb7d56b8","name":"Crees","image":{"@type":"ImageObject","inLanguage":"es","@id":"https:\/\/crees.org.do\/#\/schema\/person\/image\/","url":"https:\/\/secure.gravatar.com\/avatar\/390ac8f0be5d9aa046152553e2dd7011b59a512d89c150f5e5f28bb8d9a0b165?s=96&d=mm&r=g","contentUrl":"https:\/\/secure.gravatar.com\/avatar\/390ac8f0be5d9aa046152553e2dd7011b59a512d89c150f5e5f28bb8d9a0b165?s=96&d=mm&r=g","caption":"Crees"},"url":"https:\/\/crees.org.do\/?author=2"}]}},"_links":{"self":[{"href":"https:\/\/crees.org.do\/index.php?rest_route=\/wp\/v2\/posts\/23015","targetHints":{"allow":["GET"]}}],"collection":[{"href":"https:\/\/crees.org.do\/index.php?rest_route=\/wp\/v2\/posts"}],"about":[{"href":"https:\/\/crees.org.do\/index.php?rest_route=\/wp\/v2\/types\/post"}],"author":[{"embeddable":true,"href":"https:\/\/crees.org.do\/index.php?rest_route=\/wp\/v2\/users\/2"}],"replies":[{"embeddable":true,"href":"https:\/\/crees.org.do\/index.php?rest_route=%2Fwp%2Fv2%2Fcomments&post=23015"}],"version-history":[{"count":1,"href":"https:\/\/crees.org.do\/index.php?rest_route=\/wp\/v2\/posts\/23015\/revisions"}],"predecessor-version":[{"id":23017,"href":"https:\/\/crees.org.do\/index.php?rest_route=\/wp\/v2\/posts\/23015\/revisions\/23017"}],"wp:featuredmedia":[{"embeddable":true,"href":"https:\/\/crees.org.do\/index.php?rest_route=\/wp\/v2\/media\/23016"}],"wp:attachment":[{"href":"https:\/\/crees.org.do\/index.php?rest_route=%2Fwp%2Fv2%2Fmedia&parent=23015"}],"wp:term":[{"taxonomy":"category","embeddable":true,"href":"https:\/\/crees.org.do\/index.php?rest_route=%2Fwp%2Fv2%2Fcategories&post=23015"},{"taxonomy":"post_tag","embeddable":true,"href":"https:\/\/crees.org.do\/index.php?rest_route=%2Fwp%2Fv2%2Ftags&post=23015"}],"curies":[{"name":"wp","href":"https:\/\/api.w.org\/{rel}","templated":true}]}}