{"id":23018,"date":"2022-04-06T13:37:49","date_gmt":"2022-04-06T13:37:49","guid":{"rendered":"https:\/\/crees.org.do\/?p=23018"},"modified":"2022-04-06T13:37:49","modified_gmt":"2022-04-06T13:37:49","slug":"economista-miguel-collado-aboga-reformas-servicios-publicos","status":"publish","type":"post","link":"https:\/\/crees.org.do\/?p=23018","title":{"rendered":"Economista Miguel Collado aboga reformas servicios p\u00fablicos"},"content":{"rendered":"<p>Autor: Ubaldo Guzm\u00e1n Molina<\/p>\n<p>Fecha: 6 de abril del 2022<\/p>\n<p>Extra\u00eddo de:\u00a0<a href=\"https:\/\/hoy.com.do\/economista-miguel-collado-aboga-reformas-servicios-publicos\/\">Peri\u00f3dico Hoy<\/a><\/p>\n<p style=\"text-align: justify;\">Las\u00a0<strong>reformas en servicios p\u00fablicos<\/strong>\u00a0permitir\u00edan ahorros para los contribuyentes, afirm\u00f3 el economista\u00a0<strong>Miguel Collado Di Franco<\/strong>, vicepresidente ejecutivo del Centro Regional de Estrategias Econ\u00f3micas Sostenibles (CREES).<\/p>\n<p style=\"text-align: justify;\">Es pertinente explorar esquemas en los cuales el sector privado, bajo contratos claros y procedentes de licitaciones internacionales transparentes, puedan contribuir a mejorar los servicios p\u00fablicos, dijo.<\/p>\n<p style=\"text-align: justify;\">\u201cEl inter\u00e9s de todos debe ser obtener mejores servicios con menor carga tributaria y endeudamiento p\u00fablico\u201d, sostiene.<\/p>\n<p style=\"text-align: justify;\">La\u00a0<strong>experiencia del 4% del PIB\u00a0<\/strong>para la educaci\u00f3n ilustra la necesidad de cambios organizacionales, institucionales, de evaluaci\u00f3n y de establecimiento de responsabilidades, plante\u00f3<\/p>\n<p style=\"text-align: justify;\">Los\u00a0<strong>servicios p\u00fablicos necesitan mejorar<\/strong>, pero el problema principal es que las soluciones suelen enfocarse en m\u00e1s recursos.<\/p>\n<p style=\"text-align: justify;\">Las empresas distribuidoras el\u00e9ctricas podr\u00e1n mejorar si su administraci\u00f3n se eficientiza, dijo.<\/p>\n<h4 id=\"h-impacto-de-conflicto-b-lico-en-rep-blica-dominicana\" style=\"text-align: justify;\">Impacto de conflicto b\u00e9lico en Rep\u00fablica Dominicana<\/h4>\n<p style=\"text-align: justify;\">El turismo de\u00a0<strong><a href=\"https:\/\/hoy.com.do\/tercera-ronda-de-negociaciones-entre-rusia-y-ucrania-sera-el-lunes-7\/\">Rusia\u00a0<\/a><\/strong>y\u00a0<strong>Ucrania\u00a0<\/strong>representa el 8.2 % de la llegada de turistas no residentes a\u00a0<strong>Rep\u00fablica Dominicana<\/strong>. De\u00a0<strong>Rusia\u00a0<\/strong>fueron 231,520 y de Ucrania 91,680 entre febrero de 2021 y febrero 2022.<\/p>\n<p><strong>Miguel Collado Di Franco,<\/strong>\u00a0destac\u00f3 que estos turistas se caracterizan porque salen m\u00e1s de los hoteles y gastan m\u00e1s en restaurantes, compras y turoperadores, es decir que impactan m\u00e1s la econom\u00eda.<\/p>\n<p style=\"text-align: justify;\">Esas cifras han ido en aumento porque en 2008 era un 6.3 por ciento de participaci\u00f3n y subi\u00f3 a 7.6 % en 2019, es decir que era un mercado que ven\u00eda creciendo.<\/p>\n<p style=\"text-align: justify;\">Expres\u00f3 que Rusia importa de\u00a0<strong>Rep\u00fablica Dominicana<\/strong>\u00a0bebidas y productos derivados del tabaco y en esas \u00e1reas se sentir\u00e1 m\u00e1s el conflicto b\u00e9lico con\u00a0<strong>Ucrania<\/strong>.<\/p>\n<h5 id=\"h-leer-tambi-n-rusia-bajo-cr-ticas-por-ataque-central-nuclear\" style=\"text-align: justify;\">Leer tambi\u00e9n:\u00a0<a href=\"https:\/\/hoy.com.do\/rusia-bajo-criticas-por-ataque-central-nuclear\/\">Rusia bajo cr\u00edticas por ataque central nuclear<\/a><\/h5>\n<p style=\"text-align: justify;\">Mientras\u00a0<strong>RD\u00a0<\/strong>import\u00f3 en 2020 de Ucrania m\u00e1s de 80 millones de d\u00f3lares en metales, las cuales aumentaron con relaci\u00f3n al 2019.<\/p>\n<p style=\"text-align: justify;\">Collado Di Franco destac\u00f3 que en este caso esto podr\u00eda tener efecto en el sector construcci\u00f3n, pero tambi\u00e9n se podr\u00edan abastecer de otros mercados.<\/p>\n<p style=\"text-align: justify;\">En otro orden,\u00a0<strong>Collado Di Franco\u00a0<\/strong>dijo que el\u00a0<strong><a href=\"https:\/\/bancentral.gov.do\/\">Banco Central\u00a0<\/a><\/strong>dominicano ha hecho lo correcto al aumentar la tasa de pol\u00edtica monetaria para quitar presi\u00f3n sobre los precios internos y la liquidez de la banca se ha ido reduciendo.<\/p>\n<div class=\"pvc_clear\"><\/div>\n<p class=\"pvc_stats all \" data-element-id=\"23018\" style=\"\"><i class=\"pvc-stats-icon medium\" aria-hidden=\"true\"><svg aria-hidden=\"true\" focusable=\"false\" data-prefix=\"far\" data-icon=\"chart-bar\" role=\"img\" xmlns=\"http:\/\/www.w3.org\/2000\/svg\" viewBox=\"0 0 512 512\" class=\"svg-inline--fa fa-chart-bar fa-w-16 fa-2x\"><path fill=\"currentColor\" d=\"M396.8 352h22.4c6.4 0 12.8-6.4 12.8-12.8V108.8c0-6.4-6.4-12.8-12.8-12.8h-22.4c-6.4 0-12.8 6.4-12.8 12.8v230.4c0 6.4 6.4 12.8 12.8 12.8zm-192 0h22.4c6.4 0 12.8-6.4 12.8-12.8V140.8c0-6.4-6.4-12.8-12.8-12.8h-22.4c-6.4 0-12.8 6.4-12.8 12.8v198.4c0 6.4 6.4 12.8 12.8 12.8zm96 0h22.4c6.4 0 12.8-6.4 12.8-12.8V204.8c0-6.4-6.4-12.8-12.8-12.8h-22.4c-6.4 0-12.8 6.4-12.8 12.8v134.4c0 6.4 6.4 12.8 12.8 12.8zM496 400H48V80c0-8.84-7.16-16-16-16H16C7.16 64 0 71.16 0 80v336c0 17.67 14.33 32 32 32h464c8.84 0 16-7.16 16-16v-16c0-8.84-7.16-16-16-16zm-387.2-48h22.4c6.4 0 12.8-6.4 12.8-12.8v-70.4c0-6.4-6.4-12.8-12.8-12.8h-22.4c-6.4 0-12.8 6.4-12.8 12.8v70.4c0 6.4 6.4 12.8 12.8 12.8z\" class=\"\"><\/path><\/svg><\/i> Vistas Totales&nbsp;1,116&nbsp;, Vistas Hoy&nbsp;2&nbsp;<\/p>\n<div class=\"pvc_clear\"><\/div>\n","protected":false},"excerpt":{"rendered":"<p>Autor: Ubaldo Guzm\u00e1n Molina Fecha: 6 de abril del 2022 Extra\u00eddo de:\u00a0Peri\u00f3dico Hoy Las\u00a0reformas en servicios p\u00fablicos\u00a0permitir\u00edan ahorros para los contribuyentes, afirm\u00f3 el economista\u00a0Miguel Collado Di Franco, vicepresidente ejecutivo del Centro Regional de Estrategias Econ\u00f3micas Sostenibles (CREES). Es pertinente explorar esquemas en los cuales el sector privado, bajo contratos claros y procedentes de licitaciones internacionales&#8230;<\/p>\n<div class=\"pvc_clear\"><\/div>\n<p class=\"pvc_stats all \" data-element-id=\"23018\" style=\"\"><i class=\"pvc-stats-icon medium\" aria-hidden=\"true\"><svg aria-hidden=\"true\" focusable=\"false\" data-prefix=\"far\" data-icon=\"chart-bar\" role=\"img\" xmlns=\"http:\/\/www.w3.org\/2000\/svg\" viewBox=\"0 0 512 512\" class=\"svg-inline--fa fa-chart-bar fa-w-16 fa-2x\"><path fill=\"currentColor\" d=\"M396.8 352h22.4c6.4 0 12.8-6.4 12.8-12.8V108.8c0-6.4-6.4-12.8-12.8-12.8h-22.4c-6.4 0-12.8 6.4-12.8 12.8v230.4c0 6.4 6.4 12.8 12.8 12.8zm-192 0h22.4c6.4 0 12.8-6.4 12.8-12.8V140.8c0-6.4-6.4-12.8-12.8-12.8h-22.4c-6.4 0-12.8 6.4-12.8 12.8v198.4c0 6.4 6.4 12.8 12.8 12.8zm96 0h22.4c6.4 0 12.8-6.4 12.8-12.8V204.8c0-6.4-6.4-12.8-12.8-12.8h-22.4c-6.4 0-12.8 6.4-12.8 12.8v134.4c0 6.4 6.4 12.8 12.8 12.8zM496 400H48V80c0-8.84-7.16-16-16-16H16C7.16 64 0 71.16 0 80v336c0 17.67 14.33 32 32 32h464c8.84 0 16-7.16 16-16v-16c0-8.84-7.16-16-16-16zm-387.2-48h22.4c6.4 0 12.8-6.4 12.8-12.8v-70.4c0-6.4-6.4-12.8-12.8-12.8h-22.4c-6.4 0-12.8 6.4-12.8 12.8v70.4c0 6.4 6.4 12.8 12.8 12.8z\" class=\"\"><\/path><\/svg><\/i> Vistas Totales&nbsp;1,116&nbsp;, Vistas Hoy&nbsp;2&nbsp;<\/p>\n<div class=\"pvc_clear\"><\/div>\n","protected":false},"author":2,"featured_media":23019,"comment_status":"closed","ping_status":"closed","sticky":false,"template":"","format":"standard","meta":{"footnotes":""},"categories":[19],"tags":[],"class_list":["post-23018","post","type-post","status-publish","format-standard","has-post-thumbnail","hentry","category-actualidad"],"yoast_head":"<!-- This site is optimized with the Yoast SEO plugin v25.2 - https:\/\/yoast.com\/wordpress\/plugins\/seo\/ -->\n<title>Economista Miguel Collado aboga reformas servicios p\u00fablicos | CREES<\/title>\n<meta name=\"robots\" content=\"index, follow, max-snippet:-1, max-image-preview:large, max-video-preview:-1\" \/>\n<link rel=\"canonical\" href=\"https:\/\/crees.org.do\/?p=23018\" \/>\n<meta property=\"og:locale\" content=\"es_ES\" \/>\n<meta property=\"og:type\" content=\"article\" \/>\n<meta property=\"og:title\" content=\"Economista Miguel Collado aboga reformas servicios p\u00fablicos | CREES\" \/>\n<meta property=\"og:description\" content=\"Autor: Ubaldo Guzm\u00e1n Molina Fecha: 6 de abril del 2022 Extra\u00eddo de:\u00a0Peri\u00f3dico Hoy Las\u00a0reformas en servicios p\u00fablicos\u00a0permitir\u00edan ahorros para los contribuyentes, afirm\u00f3 el economista\u00a0Miguel Collado Di Franco, vicepresidente ejecutivo del Centro Regional de Estrategias Econ\u00f3micas Sostenibles (CREES). Es pertinente explorar esquemas en los cuales el sector privado, bajo contratos claros y procedentes de licitaciones internacionales...\" \/>\n<meta property=\"og:url\" content=\"https:\/\/crees.org.do\/?p=23018\" \/>\n<meta property=\"og:site_name\" content=\"CREES\" \/>\n<meta property=\"article:publisher\" content=\"https:\/\/www.facebook.com\/CREESRD\/\" \/>\n<meta property=\"article:published_time\" content=\"2022-04-06T13:37:49+00:00\" \/>\n<meta property=\"og:image\" content=\"https:\/\/crees.org.do\/wp-content\/uploads\/2022\/04\/f44e55eb-miguel-collado-economista-kmota-3.jpg\" \/>\n\t<meta property=\"og:image:width\" content=\"1000\" \/>\n\t<meta property=\"og:image:height\" content=\"600\" \/>\n\t<meta property=\"og:image:type\" content=\"image\/jpeg\" \/>\n<meta name=\"author\" content=\"Crees\" \/>\n<meta name=\"twitter:card\" content=\"summary_large_image\" \/>\n<meta name=\"twitter:creator\" content=\"@CREESRD\" \/>\n<meta name=\"twitter:site\" content=\"@CREESRD\" \/>\n<meta name=\"twitter:label1\" content=\"Escrito por\" \/>\n\t<meta name=\"twitter:data1\" content=\"Crees\" \/>\n\t<meta name=\"twitter:label2\" content=\"Tiempo de lectura\" \/>\n\t<meta name=\"twitter:data2\" content=\"2 minutos\" \/>\n<script type=\"application\/ld+json\" class=\"yoast-schema-graph\">{\"@context\":\"https:\/\/schema.org\",\"@graph\":[{\"@type\":\"Article\",\"@id\":\"https:\/\/crees.org.do\/?p=23018#article\",\"isPartOf\":{\"@id\":\"https:\/\/crees.org.do\/?p=23018\"},\"author\":{\"name\":\"Crees\",\"@id\":\"https:\/\/crees.org.do\/#\/schema\/person\/e7f97cd94d7bf9cd0e0ce30acb7d56b8\"},\"headline\":\"Economista Miguel Collado aboga reformas servicios p\u00fablicos\",\"datePublished\":\"2022-04-06T13:37:49+00:00\",\"mainEntityOfPage\":{\"@id\":\"https:\/\/crees.org.do\/?p=23018\"},\"wordCount\":394,\"publisher\":{\"@id\":\"https:\/\/crees.org.do\/#organization\"},\"image\":{\"@id\":\"https:\/\/crees.org.do\/?p=23018#primaryimage\"},\"thumbnailUrl\":\"https:\/\/crees.org.do\/wp-content\/uploads\/2022\/04\/f44e55eb-miguel-collado-economista-kmota-3.jpg\",\"articleSection\":[\"Actualidad\"],\"inLanguage\":\"es\"},{\"@type\":\"WebPage\",\"@id\":\"https:\/\/crees.org.do\/?p=23018\",\"url\":\"https:\/\/crees.org.do\/?p=23018\",\"name\":\"Economista Miguel Collado aboga reformas servicios p\u00fablicos | CREES\",\"isPartOf\":{\"@id\":\"https:\/\/crees.org.do\/#website\"},\"primaryImageOfPage\":{\"@id\":\"https:\/\/crees.org.do\/?p=23018#primaryimage\"},\"image\":{\"@id\":\"https:\/\/crees.org.do\/?p=23018#primaryimage\"},\"thumbnailUrl\":\"https:\/\/crees.org.do\/wp-content\/uploads\/2022\/04\/f44e55eb-miguel-collado-economista-kmota-3.jpg\",\"datePublished\":\"2022-04-06T13:37:49+00:00\",\"breadcrumb\":{\"@id\":\"https:\/\/crees.org.do\/?p=23018#breadcrumb\"},\"inLanguage\":\"es\",\"potentialAction\":[{\"@type\":\"ReadAction\",\"target\":[\"https:\/\/crees.org.do\/?p=23018\"]}]},{\"@type\":\"ImageObject\",\"inLanguage\":\"es\",\"@id\":\"https:\/\/crees.org.do\/?p=23018#primaryimage\",\"url\":\"https:\/\/crees.org.do\/wp-content\/uploads\/2022\/04\/f44e55eb-miguel-collado-economista-kmota-3.jpg\",\"contentUrl\":\"https:\/\/crees.org.do\/wp-content\/uploads\/2022\/04\/f44e55eb-miguel-collado-economista-kmota-3.jpg\",\"width\":1000,\"height\":600},{\"@type\":\"BreadcrumbList\",\"@id\":\"https:\/\/crees.org.do\/?p=23018#breadcrumb\",\"itemListElement\":[{\"@type\":\"ListItem\",\"position\":1,\"name\":\"Portada\",\"item\":\"https:\/\/crees.org.do\/\"},{\"@type\":\"ListItem\",\"position\":2,\"name\":\"Economista Miguel Collado aboga reformas servicios p\u00fablicos\"}]},{\"@type\":\"WebSite\",\"@id\":\"https:\/\/crees.org.do\/#website\",\"url\":\"https:\/\/crees.org.do\/\",\"name\":\"CREES\",\"description\":\"Centro Regional de Estrategias Econ\u00f3micas Sostenibles\",\"publisher\":{\"@id\":\"https:\/\/crees.org.do\/#organization\"},\"potentialAction\":[{\"@type\":\"SearchAction\",\"target\":{\"@type\":\"EntryPoint\",\"urlTemplate\":\"https:\/\/crees.org.do\/?s={search_term_string}\"},\"query-input\":{\"@type\":\"PropertyValueSpecification\",\"valueRequired\":true,\"valueName\":\"search_term_string\"}}],\"inLanguage\":\"es\"},{\"@type\":\"Organization\",\"@id\":\"https:\/\/crees.org.do\/#organization\",\"name\":\"CREES | Centro Regional de Estrategias Econ\u00f3micas Sostenibles\",\"url\":\"https:\/\/crees.org.do\/\",\"logo\":{\"@type\":\"ImageObject\",\"inLanguage\":\"es\",\"@id\":\"https:\/\/crees.org.do\/#\/schema\/logo\/image\/\",\"url\":\"https:\/\/crees.org.do\/wp-content\/uploads\/2022\/03\/crees-logo-1.jpg\",\"contentUrl\":\"https:\/\/crees.org.do\/wp-content\/uploads\/2022\/03\/crees-logo-1.jpg\",\"width\":244,\"height\":71,\"caption\":\"CREES | Centro Regional de Estrategias Econ\u00f3micas Sostenibles\"},\"image\":{\"@id\":\"https:\/\/crees.org.do\/#\/schema\/logo\/image\/\"},\"sameAs\":[\"https:\/\/www.facebook.com\/CREESRD\/\",\"https:\/\/x.com\/CREESRD\"]},{\"@type\":\"Person\",\"@id\":\"https:\/\/crees.org.do\/#\/schema\/person\/e7f97cd94d7bf9cd0e0ce30acb7d56b8\",\"name\":\"Crees\",\"image\":{\"@type\":\"ImageObject\",\"inLanguage\":\"es\",\"@id\":\"https:\/\/crees.org.do\/#\/schema\/person\/image\/\",\"url\":\"https:\/\/secure.gravatar.com\/avatar\/390ac8f0be5d9aa046152553e2dd7011b59a512d89c150f5e5f28bb8d9a0b165?s=96&d=mm&r=g\",\"contentUrl\":\"https:\/\/secure.gravatar.com\/avatar\/390ac8f0be5d9aa046152553e2dd7011b59a512d89c150f5e5f28bb8d9a0b165?s=96&d=mm&r=g\",\"caption\":\"Crees\"},\"url\":\"https:\/\/crees.org.do\/?author=2\"}]}<\/script>\n<!-- \/ Yoast SEO plugin. -->","yoast_head_json":{"title":"Economista Miguel Collado aboga reformas servicios p\u00fablicos | CREES","robots":{"index":"index","follow":"follow","max-snippet":"max-snippet:-1","max-image-preview":"max-image-preview:large","max-video-preview":"max-video-preview:-1"},"canonical":"https:\/\/crees.org.do\/?p=23018","og_locale":"es_ES","og_type":"article","og_title":"Economista Miguel Collado aboga reformas servicios p\u00fablicos | CREES","og_description":"Autor: Ubaldo Guzm\u00e1n Molina Fecha: 6 de abril del 2022 Extra\u00eddo de:\u00a0Peri\u00f3dico Hoy Las\u00a0reformas en servicios p\u00fablicos\u00a0permitir\u00edan ahorros para los contribuyentes, afirm\u00f3 el economista\u00a0Miguel Collado Di Franco, vicepresidente ejecutivo del Centro Regional de Estrategias Econ\u00f3micas Sostenibles (CREES). Es pertinente explorar esquemas en los cuales el sector privado, bajo contratos claros y procedentes de licitaciones internacionales...","og_url":"https:\/\/crees.org.do\/?p=23018","og_site_name":"CREES","article_publisher":"https:\/\/www.facebook.com\/CREESRD\/","article_published_time":"2022-04-06T13:37:49+00:00","og_image":[{"width":1000,"height":600,"url":"https:\/\/crees.org.do\/wp-content\/uploads\/2022\/04\/f44e55eb-miguel-collado-economista-kmota-3.jpg","type":"image\/jpeg"}],"author":"Crees","twitter_card":"summary_large_image","twitter_creator":"@CREESRD","twitter_site":"@CREESRD","twitter_misc":{"Escrito por":"Crees","Tiempo de lectura":"2 minutos"},"schema":{"@context":"https:\/\/schema.org","@graph":[{"@type":"Article","@id":"https:\/\/crees.org.do\/?p=23018#article","isPartOf":{"@id":"https:\/\/crees.org.do\/?p=23018"},"author":{"name":"Crees","@id":"https:\/\/crees.org.do\/#\/schema\/person\/e7f97cd94d7bf9cd0e0ce30acb7d56b8"},"headline":"Economista Miguel Collado aboga reformas servicios p\u00fablicos","datePublished":"2022-04-06T13:37:49+00:00","mainEntityOfPage":{"@id":"https:\/\/crees.org.do\/?p=23018"},"wordCount":394,"publisher":{"@id":"https:\/\/crees.org.do\/#organization"},"image":{"@id":"https:\/\/crees.org.do\/?p=23018#primaryimage"},"thumbnailUrl":"https:\/\/crees.org.do\/wp-content\/uploads\/2022\/04\/f44e55eb-miguel-collado-economista-kmota-3.jpg","articleSection":["Actualidad"],"inLanguage":"es"},{"@type":"WebPage","@id":"https:\/\/crees.org.do\/?p=23018","url":"https:\/\/crees.org.do\/?p=23018","name":"Economista Miguel Collado aboga reformas servicios p\u00fablicos | CREES","isPartOf":{"@id":"https:\/\/crees.org.do\/#website"},"primaryImageOfPage":{"@id":"https:\/\/crees.org.do\/?p=23018#primaryimage"},"image":{"@id":"https:\/\/crees.org.do\/?p=23018#primaryimage"},"thumbnailUrl":"https:\/\/crees.org.do\/wp-content\/uploads\/2022\/04\/f44e55eb-miguel-collado-economista-kmota-3.jpg","datePublished":"2022-04-06T13:37:49+00:00","breadcrumb":{"@id":"https:\/\/crees.org.do\/?p=23018#breadcrumb"},"inLanguage":"es","potentialAction":[{"@type":"ReadAction","target":["https:\/\/crees.org.do\/?p=23018"]}]},{"@type":"ImageObject","inLanguage":"es","@id":"https:\/\/crees.org.do\/?p=23018#primaryimage","url":"https:\/\/crees.org.do\/wp-content\/uploads\/2022\/04\/f44e55eb-miguel-collado-economista-kmota-3.jpg","contentUrl":"https:\/\/crees.org.do\/wp-content\/uploads\/2022\/04\/f44e55eb-miguel-collado-economista-kmota-3.jpg","width":1000,"height":600},{"@type":"BreadcrumbList","@id":"https:\/\/crees.org.do\/?p=23018#breadcrumb","itemListElement":[{"@type":"ListItem","position":1,"name":"Portada","item":"https:\/\/crees.org.do\/"},{"@type":"ListItem","position":2,"name":"Economista Miguel Collado aboga reformas servicios p\u00fablicos"}]},{"@type":"WebSite","@id":"https:\/\/crees.org.do\/#website","url":"https:\/\/crees.org.do\/","name":"CREES","description":"Centro Regional de Estrategias Econ\u00f3micas Sostenibles","publisher":{"@id":"https:\/\/crees.org.do\/#organization"},"potentialAction":[{"@type":"SearchAction","target":{"@type":"EntryPoint","urlTemplate":"https:\/\/crees.org.do\/?s={search_term_string}"},"query-input":{"@type":"PropertyValueSpecification","valueRequired":true,"valueName":"search_term_string"}}],"inLanguage":"es"},{"@type":"Organization","@id":"https:\/\/crees.org.do\/#organization","name":"CREES | Centro Regional de Estrategias Econ\u00f3micas Sostenibles","url":"https:\/\/crees.org.do\/","logo":{"@type":"ImageObject","inLanguage":"es","@id":"https:\/\/crees.org.do\/#\/schema\/logo\/image\/","url":"https:\/\/crees.org.do\/wp-content\/uploads\/2022\/03\/crees-logo-1.jpg","contentUrl":"https:\/\/crees.org.do\/wp-content\/uploads\/2022\/03\/crees-logo-1.jpg","width":244,"height":71,"caption":"CREES | Centro Regional de Estrategias Econ\u00f3micas Sostenibles"},"image":{"@id":"https:\/\/crees.org.do\/#\/schema\/logo\/image\/"},"sameAs":["https:\/\/www.facebook.com\/CREESRD\/","https:\/\/x.com\/CREESRD"]},{"@type":"Person","@id":"https:\/\/crees.org.do\/#\/schema\/person\/e7f97cd94d7bf9cd0e0ce30acb7d56b8","name":"Crees","image":{"@type":"ImageObject","inLanguage":"es","@id":"https:\/\/crees.org.do\/#\/schema\/person\/image\/","url":"https:\/\/secure.gravatar.com\/avatar\/390ac8f0be5d9aa046152553e2dd7011b59a512d89c150f5e5f28bb8d9a0b165?s=96&d=mm&r=g","contentUrl":"https:\/\/secure.gravatar.com\/avatar\/390ac8f0be5d9aa046152553e2dd7011b59a512d89c150f5e5f28bb8d9a0b165?s=96&d=mm&r=g","caption":"Crees"},"url":"https:\/\/crees.org.do\/?author=2"}]}},"_links":{"self":[{"href":"https:\/\/crees.org.do\/index.php?rest_route=\/wp\/v2\/posts\/23018","targetHints":{"allow":["GET"]}}],"collection":[{"href":"https:\/\/crees.org.do\/index.php?rest_route=\/wp\/v2\/posts"}],"about":[{"href":"https:\/\/crees.org.do\/index.php?rest_route=\/wp\/v2\/types\/post"}],"author":[{"embeddable":true,"href":"https:\/\/crees.org.do\/index.php?rest_route=\/wp\/v2\/users\/2"}],"replies":[{"embeddable":true,"href":"https:\/\/crees.org.do\/index.php?rest_route=%2Fwp%2Fv2%2Fcomments&post=23018"}],"version-history":[{"count":1,"href":"https:\/\/crees.org.do\/index.php?rest_route=\/wp\/v2\/posts\/23018\/revisions"}],"predecessor-version":[{"id":23020,"href":"https:\/\/crees.org.do\/index.php?rest_route=\/wp\/v2\/posts\/23018\/revisions\/23020"}],"wp:featuredmedia":[{"embeddable":true,"href":"https:\/\/crees.org.do\/index.php?rest_route=\/wp\/v2\/media\/23019"}],"wp:attachment":[{"href":"https:\/\/crees.org.do\/index.php?rest_route=%2Fwp%2Fv2%2Fmedia&parent=23018"}],"wp:term":[{"taxonomy":"category","embeddable":true,"href":"https:\/\/crees.org.do\/index.php?rest_route=%2Fwp%2Fv2%2Fcategories&post=23018"},{"taxonomy":"post_tag","embeddable":true,"href":"https:\/\/crees.org.do\/index.php?rest_route=%2Fwp%2Fv2%2Ftags&post=23018"}],"curies":[{"name":"wp","href":"https:\/\/api.w.org\/{rel}","templated":true}]}}