{"id":23021,"date":"2022-04-06T17:20:39","date_gmt":"2022-04-06T17:20:39","guid":{"rendered":"https:\/\/crees.org.do\/?p=23021"},"modified":"2022-04-06T17:20:39","modified_gmt":"2022-04-06T17:20:39","slug":"los-salarios-actuales-ajustados-por-inflacion-son-inferiores-a-los-registrados-en-los-primeros-meses-de-la-pandemia-2","status":"publish","type":"post","link":"https:\/\/crees.org.do\/?p=23021","title":{"rendered":"Los salarios actuales, ajustados por inflaci\u00f3n, son inferiores a los registrados en los primeros meses de la pandemia"},"content":{"rendered":"<p style=\"text-align: justify;\"><img fetchpriority=\"high\" decoding=\"async\" class=\"aligncenter  wp-image-23022\" src=\"https:\/\/crees.org.do\/wp-content\/uploads\/2022\/04\/Salario-nominal-y-real.png\" alt=\"\" width=\"896\" height=\"896\" srcset=\"https:\/\/crees.org.do\/wp-content\/uploads\/2022\/04\/Salario-nominal-y-real.png 1200w, https:\/\/crees.org.do\/wp-content\/uploads\/2022\/04\/Salario-nominal-y-real-450x450.png 450w, https:\/\/crees.org.do\/wp-content\/uploads\/2022\/04\/Salario-nominal-y-real-2000x2000.png 2000w, https:\/\/crees.org.do\/wp-content\/uploads\/2022\/04\/Salario-nominal-y-real-150x150.png 150w, https:\/\/crees.org.do\/wp-content\/uploads\/2022\/04\/Salario-nominal-y-real-768x768.png 768w, https:\/\/crees.org.do\/wp-content\/uploads\/2022\/04\/Salario-nominal-y-real-500x500.png 500w, https:\/\/crees.org.do\/wp-content\/uploads\/2022\/04\/Salario-nominal-y-real-1536x1536.png 1536w, https:\/\/crees.org.do\/wp-content\/uploads\/2022\/04\/Salario-nominal-y-real-2048x2048.png 2048w, https:\/\/crees.org.do\/wp-content\/uploads\/2022\/04\/Salario-nominal-y-real-300x300.png 300w, https:\/\/crees.org.do\/wp-content\/uploads\/2022\/04\/Salario-nominal-y-real-600x600.png 600w, https:\/\/crees.org.do\/wp-content\/uploads\/2022\/04\/Salario-nominal-y-real-100x100.png 100w\" sizes=\"(max-width: 896px) 100vw, 896px\" \/><br \/>\nDe acuerdo con los datos de salario promedio cotizable en el Sistema Dominicano de Seguridad Social (SDSS), los salarios actuales, ajustados por inflaci\u00f3n, son inferiores a los registrados en los primeros meses de la pandemia de COVID-19; esto a pesar de importantes ajustes salariales realizados el pasado a\u00f1o.<\/p>\n<p style=\"text-align: justify;\">A febrero de 2022, el salario real promedio cotizable ha disminuido 2.1% en comparaci\u00f3n con el de diciembre de 2021.<\/p>\n<p style=\"text-align: justify;\">Con niveles tan altos de inflaci\u00f3n de precios como los experimentados en m\u00e1s de un a\u00f1o, no ha sido posible mantener el valor de los ingresos reales de los trabajadores formales que cotizan en el SDSS.<\/p>\n<p style=\"text-align: justify;\">Sin aumentos de productividad, incrementos artificiales en los salarios aumentan el costo de las unidades producidas. Lo anterior se agrava en circunstancias como las presentes, es decir, cuando el mundo vive un episodio de aumentos sostenidos de precios provocado, en esencia, por la inflaci\u00f3n monetaria creada por los bancos centrales; en especial, la Reserva Federal de Estados Unidos \u2013el banco que m\u00e1s impacta los precios a nivel mundial por la emisi\u00f3n del d\u00f3lar.<\/p>\n<p style=\"text-align: justify;\">Debido a que las condiciones monetarias internacionales est\u00e1n determinando los costos a nivel interno y, en consecuencia, los precios, es preciso adoptar pol\u00edticas para amortiguar estos efectos. Estas pol\u00edticas p\u00fablicas deben estar dirigidas a eliminar elementos que incrementan los costos internamente y a propiciar un mejor clima de negocios para aumentar la cantidad de inversiones.<\/p>\n<p style=\"text-align: justify;\">En particular, la econom\u00eda dominicana se beneficiar\u00eda de: 1) menos regulaciones; 2) la eliminaci\u00f3n y reducci\u00f3n de impuestos; 3) la liberalizaci\u00f3n y flexibilizaci\u00f3n de mercados; 4) suprimir elementos ajenos al mercado que limitan la competencia en algunos segmentos; y 5) la reducci\u00f3n aquellos procesos burocr\u00e1ticos que limitan las inversiones.<\/p>\n<div class=\"pvc_clear\"><\/div>\n<p class=\"pvc_stats all \" data-element-id=\"23021\" style=\"\"><i class=\"pvc-stats-icon medium\" aria-hidden=\"true\"><svg aria-hidden=\"true\" focusable=\"false\" data-prefix=\"far\" data-icon=\"chart-bar\" role=\"img\" xmlns=\"http:\/\/www.w3.org\/2000\/svg\" viewBox=\"0 0 512 512\" class=\"svg-inline--fa fa-chart-bar fa-w-16 fa-2x\"><path fill=\"currentColor\" d=\"M396.8 352h22.4c6.4 0 12.8-6.4 12.8-12.8V108.8c0-6.4-6.4-12.8-12.8-12.8h-22.4c-6.4 0-12.8 6.4-12.8 12.8v230.4c0 6.4 6.4 12.8 12.8 12.8zm-192 0h22.4c6.4 0 12.8-6.4 12.8-12.8V140.8c0-6.4-6.4-12.8-12.8-12.8h-22.4c-6.4 0-12.8 6.4-12.8 12.8v198.4c0 6.4 6.4 12.8 12.8 12.8zm96 0h22.4c6.4 0 12.8-6.4 12.8-12.8V204.8c0-6.4-6.4-12.8-12.8-12.8h-22.4c-6.4 0-12.8 6.4-12.8 12.8v134.4c0 6.4 6.4 12.8 12.8 12.8zM496 400H48V80c0-8.84-7.16-16-16-16H16C7.16 64 0 71.16 0 80v336c0 17.67 14.33 32 32 32h464c8.84 0 16-7.16 16-16v-16c0-8.84-7.16-16-16-16zm-387.2-48h22.4c6.4 0 12.8-6.4 12.8-12.8v-70.4c0-6.4-6.4-12.8-12.8-12.8h-22.4c-6.4 0-12.8 6.4-12.8 12.8v70.4c0 6.4 6.4 12.8 12.8 12.8z\" class=\"\"><\/path><\/svg><\/i> Vistas Totales&nbsp;1,750&nbsp;<\/p>\n<div class=\"pvc_clear\"><\/div>\n","protected":false},"excerpt":{"rendered":"<p>De acuerdo con los datos de salario promedio cotizable en el Sistema Dominicano de Seguridad Social (SDSS), los salarios actuales, ajustados por inflaci\u00f3n, son inferiores a los registrados en los primeros meses de la pandemia de COVID-19; esto a pesar de importantes ajustes salariales realizados el pasado a\u00f1o. A febrero de 2022, el salario real&#8230;<\/p>\n<div class=\"pvc_clear\"><\/div>\n<p class=\"pvc_stats all \" data-element-id=\"23021\" style=\"\"><i class=\"pvc-stats-icon medium\" aria-hidden=\"true\"><svg aria-hidden=\"true\" focusable=\"false\" data-prefix=\"far\" data-icon=\"chart-bar\" role=\"img\" xmlns=\"http:\/\/www.w3.org\/2000\/svg\" viewBox=\"0 0 512 512\" class=\"svg-inline--fa fa-chart-bar fa-w-16 fa-2x\"><path fill=\"currentColor\" d=\"M396.8 352h22.4c6.4 0 12.8-6.4 12.8-12.8V108.8c0-6.4-6.4-12.8-12.8-12.8h-22.4c-6.4 0-12.8 6.4-12.8 12.8v230.4c0 6.4 6.4 12.8 12.8 12.8zm-192 0h22.4c6.4 0 12.8-6.4 12.8-12.8V140.8c0-6.4-6.4-12.8-12.8-12.8h-22.4c-6.4 0-12.8 6.4-12.8 12.8v198.4c0 6.4 6.4 12.8 12.8 12.8zm96 0h22.4c6.4 0 12.8-6.4 12.8-12.8V204.8c0-6.4-6.4-12.8-12.8-12.8h-22.4c-6.4 0-12.8 6.4-12.8 12.8v134.4c0 6.4 6.4 12.8 12.8 12.8zM496 400H48V80c0-8.84-7.16-16-16-16H16C7.16 64 0 71.16 0 80v336c0 17.67 14.33 32 32 32h464c8.84 0 16-7.16 16-16v-16c0-8.84-7.16-16-16-16zm-387.2-48h22.4c6.4 0 12.8-6.4 12.8-12.8v-70.4c0-6.4-6.4-12.8-12.8-12.8h-22.4c-6.4 0-12.8 6.4-12.8 12.8v70.4c0 6.4 6.4 12.8 12.8 12.8z\" class=\"\"><\/path><\/svg><\/i> Vistas Totales&nbsp;1,750&nbsp;<\/p>\n<div class=\"pvc_clear\"><\/div>\n","protected":false},"author":2,"featured_media":23022,"comment_status":"closed","ping_status":"closed","sticky":false,"template":"","format":"standard","meta":{"footnotes":""},"categories":[21],"tags":[],"class_list":["post-23021","post","type-post","status-publish","format-standard","has-post-thumbnail","hentry","category-blog"],"yoast_head":"<!-- This site is optimized with the Yoast SEO plugin v25.2 - https:\/\/yoast.com\/wordpress\/plugins\/seo\/ -->\n<title>Los salarios actuales, ajustados por inflaci\u00f3n, son inferiores a los registrados en los primeros meses de la pandemia | CREES<\/title>\n<meta name=\"robots\" content=\"index, follow, max-snippet:-1, max-image-preview:large, max-video-preview:-1\" \/>\n<link rel=\"canonical\" href=\"https:\/\/crees.org.do\/?p=23021\" \/>\n<meta property=\"og:locale\" content=\"es_ES\" \/>\n<meta property=\"og:type\" content=\"article\" \/>\n<meta property=\"og:title\" content=\"Los salarios actuales, ajustados por inflaci\u00f3n, son inferiores a los registrados en los primeros meses de la pandemia | CREES\" \/>\n<meta property=\"og:description\" content=\"De acuerdo con los datos de salario promedio cotizable en el Sistema Dominicano de Seguridad Social (SDSS), los salarios actuales, ajustados por inflaci\u00f3n, son inferiores a los registrados en los primeros meses de la pandemia de COVID-19; esto a pesar de importantes ajustes salariales realizados el pasado a\u00f1o. A febrero de 2022, el salario real...\" \/>\n<meta property=\"og:url\" content=\"https:\/\/crees.org.do\/?p=23021\" \/>\n<meta property=\"og:site_name\" content=\"CREES\" \/>\n<meta property=\"article:publisher\" content=\"https:\/\/www.facebook.com\/CREESRD\/\" \/>\n<meta property=\"article:published_time\" content=\"2022-04-06T17:20:39+00:00\" \/>\n<meta property=\"og:image\" content=\"https:\/\/crees.org.do\/wp-content\/uploads\/2022\/04\/Salario-nominal-y-real.png\" \/>\n\t<meta property=\"og:image:width\" content=\"1200\" \/>\n\t<meta property=\"og:image:height\" content=\"1200\" \/>\n\t<meta property=\"og:image:type\" content=\"image\/png\" \/>\n<meta name=\"author\" content=\"Crees\" \/>\n<meta name=\"twitter:card\" content=\"summary_large_image\" \/>\n<meta name=\"twitter:creator\" content=\"@CREESRD\" \/>\n<meta name=\"twitter:site\" content=\"@CREESRD\" \/>\n<meta name=\"twitter:label1\" content=\"Escrito por\" \/>\n\t<meta name=\"twitter:data1\" content=\"Crees\" \/>\n\t<meta name=\"twitter:label2\" content=\"Tiempo de lectura\" \/>\n\t<meta name=\"twitter:data2\" content=\"2 minutos\" \/>\n<script type=\"application\/ld+json\" class=\"yoast-schema-graph\">{\"@context\":\"https:\/\/schema.org\",\"@graph\":[{\"@type\":\"Article\",\"@id\":\"https:\/\/crees.org.do\/?p=23021#article\",\"isPartOf\":{\"@id\":\"https:\/\/crees.org.do\/?p=23021\"},\"author\":{\"name\":\"Crees\",\"@id\":\"https:\/\/crees.org.do\/#\/schema\/person\/e7f97cd94d7bf9cd0e0ce30acb7d56b8\"},\"headline\":\"Los salarios actuales, ajustados por inflaci\u00f3n, son inferiores a los registrados en los primeros meses de la pandemia\",\"datePublished\":\"2022-04-06T17:20:39+00:00\",\"mainEntityOfPage\":{\"@id\":\"https:\/\/crees.org.do\/?p=23021\"},\"wordCount\":314,\"publisher\":{\"@id\":\"https:\/\/crees.org.do\/#organization\"},\"image\":{\"@id\":\"https:\/\/crees.org.do\/?p=23021#primaryimage\"},\"thumbnailUrl\":\"https:\/\/crees.org.do\/wp-content\/uploads\/2022\/04\/Salario-nominal-y-real.png\",\"articleSection\":[\"Blog\"],\"inLanguage\":\"es\"},{\"@type\":\"WebPage\",\"@id\":\"https:\/\/crees.org.do\/?p=23021\",\"url\":\"https:\/\/crees.org.do\/?p=23021\",\"name\":\"Los salarios actuales, ajustados por inflaci\u00f3n, son inferiores a los registrados en los primeros meses de la pandemia | CREES\",\"isPartOf\":{\"@id\":\"https:\/\/crees.org.do\/#website\"},\"primaryImageOfPage\":{\"@id\":\"https:\/\/crees.org.do\/?p=23021#primaryimage\"},\"image\":{\"@id\":\"https:\/\/crees.org.do\/?p=23021#primaryimage\"},\"thumbnailUrl\":\"https:\/\/crees.org.do\/wp-content\/uploads\/2022\/04\/Salario-nominal-y-real.png\",\"datePublished\":\"2022-04-06T17:20:39+00:00\",\"breadcrumb\":{\"@id\":\"https:\/\/crees.org.do\/?p=23021#breadcrumb\"},\"inLanguage\":\"es\",\"potentialAction\":[{\"@type\":\"ReadAction\",\"target\":[\"https:\/\/crees.org.do\/?p=23021\"]}]},{\"@type\":\"ImageObject\",\"inLanguage\":\"es\",\"@id\":\"https:\/\/crees.org.do\/?p=23021#primaryimage\",\"url\":\"https:\/\/crees.org.do\/wp-content\/uploads\/2022\/04\/Salario-nominal-y-real.png\",\"contentUrl\":\"https:\/\/crees.org.do\/wp-content\/uploads\/2022\/04\/Salario-nominal-y-real.png\",\"width\":1200,\"height\":1200},{\"@type\":\"BreadcrumbList\",\"@id\":\"https:\/\/crees.org.do\/?p=23021#breadcrumb\",\"itemListElement\":[{\"@type\":\"ListItem\",\"position\":1,\"name\":\"Portada\",\"item\":\"https:\/\/crees.org.do\/\"},{\"@type\":\"ListItem\",\"position\":2,\"name\":\"Los salarios actuales, ajustados por inflaci\u00f3n, son inferiores a los registrados en los primeros meses de la pandemia\"}]},{\"@type\":\"WebSite\",\"@id\":\"https:\/\/crees.org.do\/#website\",\"url\":\"https:\/\/crees.org.do\/\",\"name\":\"CREES\",\"description\":\"Centro Regional de Estrategias Econ\u00f3micas Sostenibles\",\"publisher\":{\"@id\":\"https:\/\/crees.org.do\/#organization\"},\"potentialAction\":[{\"@type\":\"SearchAction\",\"target\":{\"@type\":\"EntryPoint\",\"urlTemplate\":\"https:\/\/crees.org.do\/?s={search_term_string}\"},\"query-input\":{\"@type\":\"PropertyValueSpecification\",\"valueRequired\":true,\"valueName\":\"search_term_string\"}}],\"inLanguage\":\"es\"},{\"@type\":\"Organization\",\"@id\":\"https:\/\/crees.org.do\/#organization\",\"name\":\"CREES | Centro Regional de Estrategias Econ\u00f3micas Sostenibles\",\"url\":\"https:\/\/crees.org.do\/\",\"logo\":{\"@type\":\"ImageObject\",\"inLanguage\":\"es\",\"@id\":\"https:\/\/crees.org.do\/#\/schema\/logo\/image\/\",\"url\":\"https:\/\/crees.org.do\/wp-content\/uploads\/2022\/03\/crees-logo-1.jpg\",\"contentUrl\":\"https:\/\/crees.org.do\/wp-content\/uploads\/2022\/03\/crees-logo-1.jpg\",\"width\":244,\"height\":71,\"caption\":\"CREES | Centro Regional de Estrategias Econ\u00f3micas Sostenibles\"},\"image\":{\"@id\":\"https:\/\/crees.org.do\/#\/schema\/logo\/image\/\"},\"sameAs\":[\"https:\/\/www.facebook.com\/CREESRD\/\",\"https:\/\/x.com\/CREESRD\"]},{\"@type\":\"Person\",\"@id\":\"https:\/\/crees.org.do\/#\/schema\/person\/e7f97cd94d7bf9cd0e0ce30acb7d56b8\",\"name\":\"Crees\",\"image\":{\"@type\":\"ImageObject\",\"inLanguage\":\"es\",\"@id\":\"https:\/\/crees.org.do\/#\/schema\/person\/image\/\",\"url\":\"https:\/\/secure.gravatar.com\/avatar\/390ac8f0be5d9aa046152553e2dd7011b59a512d89c150f5e5f28bb8d9a0b165?s=96&d=mm&r=g\",\"contentUrl\":\"https:\/\/secure.gravatar.com\/avatar\/390ac8f0be5d9aa046152553e2dd7011b59a512d89c150f5e5f28bb8d9a0b165?s=96&d=mm&r=g\",\"caption\":\"Crees\"},\"url\":\"https:\/\/crees.org.do\/?author=2\"}]}<\/script>\n<!-- \/ Yoast SEO plugin. -->","yoast_head_json":{"title":"Los salarios actuales, ajustados por inflaci\u00f3n, son inferiores a los registrados en los primeros meses de la pandemia | CREES","robots":{"index":"index","follow":"follow","max-snippet":"max-snippet:-1","max-image-preview":"max-image-preview:large","max-video-preview":"max-video-preview:-1"},"canonical":"https:\/\/crees.org.do\/?p=23021","og_locale":"es_ES","og_type":"article","og_title":"Los salarios actuales, ajustados por inflaci\u00f3n, son inferiores a los registrados en los primeros meses de la pandemia | CREES","og_description":"De acuerdo con los datos de salario promedio cotizable en el Sistema Dominicano de Seguridad Social (SDSS), los salarios actuales, ajustados por inflaci\u00f3n, son inferiores a los registrados en los primeros meses de la pandemia de COVID-19; esto a pesar de importantes ajustes salariales realizados el pasado a\u00f1o. A febrero de 2022, el salario real...","og_url":"https:\/\/crees.org.do\/?p=23021","og_site_name":"CREES","article_publisher":"https:\/\/www.facebook.com\/CREESRD\/","article_published_time":"2022-04-06T17:20:39+00:00","og_image":[{"width":1200,"height":1200,"url":"https:\/\/crees.org.do\/wp-content\/uploads\/2022\/04\/Salario-nominal-y-real.png","type":"image\/png"}],"author":"Crees","twitter_card":"summary_large_image","twitter_creator":"@CREESRD","twitter_site":"@CREESRD","twitter_misc":{"Escrito por":"Crees","Tiempo de lectura":"2 minutos"},"schema":{"@context":"https:\/\/schema.org","@graph":[{"@type":"Article","@id":"https:\/\/crees.org.do\/?p=23021#article","isPartOf":{"@id":"https:\/\/crees.org.do\/?p=23021"},"author":{"name":"Crees","@id":"https:\/\/crees.org.do\/#\/schema\/person\/e7f97cd94d7bf9cd0e0ce30acb7d56b8"},"headline":"Los salarios actuales, ajustados por inflaci\u00f3n, son inferiores a los registrados en los primeros meses de la pandemia","datePublished":"2022-04-06T17:20:39+00:00","mainEntityOfPage":{"@id":"https:\/\/crees.org.do\/?p=23021"},"wordCount":314,"publisher":{"@id":"https:\/\/crees.org.do\/#organization"},"image":{"@id":"https:\/\/crees.org.do\/?p=23021#primaryimage"},"thumbnailUrl":"https:\/\/crees.org.do\/wp-content\/uploads\/2022\/04\/Salario-nominal-y-real.png","articleSection":["Blog"],"inLanguage":"es"},{"@type":"WebPage","@id":"https:\/\/crees.org.do\/?p=23021","url":"https:\/\/crees.org.do\/?p=23021","name":"Los salarios actuales, ajustados por inflaci\u00f3n, son inferiores a los registrados en los primeros meses de la pandemia | CREES","isPartOf":{"@id":"https:\/\/crees.org.do\/#website"},"primaryImageOfPage":{"@id":"https:\/\/crees.org.do\/?p=23021#primaryimage"},"image":{"@id":"https:\/\/crees.org.do\/?p=23021#primaryimage"},"thumbnailUrl":"https:\/\/crees.org.do\/wp-content\/uploads\/2022\/04\/Salario-nominal-y-real.png","datePublished":"2022-04-06T17:20:39+00:00","breadcrumb":{"@id":"https:\/\/crees.org.do\/?p=23021#breadcrumb"},"inLanguage":"es","potentialAction":[{"@type":"ReadAction","target":["https:\/\/crees.org.do\/?p=23021"]}]},{"@type":"ImageObject","inLanguage":"es","@id":"https:\/\/crees.org.do\/?p=23021#primaryimage","url":"https:\/\/crees.org.do\/wp-content\/uploads\/2022\/04\/Salario-nominal-y-real.png","contentUrl":"https:\/\/crees.org.do\/wp-content\/uploads\/2022\/04\/Salario-nominal-y-real.png","width":1200,"height":1200},{"@type":"BreadcrumbList","@id":"https:\/\/crees.org.do\/?p=23021#breadcrumb","itemListElement":[{"@type":"ListItem","position":1,"name":"Portada","item":"https:\/\/crees.org.do\/"},{"@type":"ListItem","position":2,"name":"Los salarios actuales, ajustados por inflaci\u00f3n, son inferiores a los registrados en los primeros meses de la pandemia"}]},{"@type":"WebSite","@id":"https:\/\/crees.org.do\/#website","url":"https:\/\/crees.org.do\/","name":"CREES","description":"Centro Regional de Estrategias Econ\u00f3micas Sostenibles","publisher":{"@id":"https:\/\/crees.org.do\/#organization"},"potentialAction":[{"@type":"SearchAction","target":{"@type":"EntryPoint","urlTemplate":"https:\/\/crees.org.do\/?s={search_term_string}"},"query-input":{"@type":"PropertyValueSpecification","valueRequired":true,"valueName":"search_term_string"}}],"inLanguage":"es"},{"@type":"Organization","@id":"https:\/\/crees.org.do\/#organization","name":"CREES | Centro Regional de Estrategias Econ\u00f3micas Sostenibles","url":"https:\/\/crees.org.do\/","logo":{"@type":"ImageObject","inLanguage":"es","@id":"https:\/\/crees.org.do\/#\/schema\/logo\/image\/","url":"https:\/\/crees.org.do\/wp-content\/uploads\/2022\/03\/crees-logo-1.jpg","contentUrl":"https:\/\/crees.org.do\/wp-content\/uploads\/2022\/03\/crees-logo-1.jpg","width":244,"height":71,"caption":"CREES | Centro Regional de Estrategias Econ\u00f3micas Sostenibles"},"image":{"@id":"https:\/\/crees.org.do\/#\/schema\/logo\/image\/"},"sameAs":["https:\/\/www.facebook.com\/CREESRD\/","https:\/\/x.com\/CREESRD"]},{"@type":"Person","@id":"https:\/\/crees.org.do\/#\/schema\/person\/e7f97cd94d7bf9cd0e0ce30acb7d56b8","name":"Crees","image":{"@type":"ImageObject","inLanguage":"es","@id":"https:\/\/crees.org.do\/#\/schema\/person\/image\/","url":"https:\/\/secure.gravatar.com\/avatar\/390ac8f0be5d9aa046152553e2dd7011b59a512d89c150f5e5f28bb8d9a0b165?s=96&d=mm&r=g","contentUrl":"https:\/\/secure.gravatar.com\/avatar\/390ac8f0be5d9aa046152553e2dd7011b59a512d89c150f5e5f28bb8d9a0b165?s=96&d=mm&r=g","caption":"Crees"},"url":"https:\/\/crees.org.do\/?author=2"}]}},"_links":{"self":[{"href":"https:\/\/crees.org.do\/index.php?rest_route=\/wp\/v2\/posts\/23021","targetHints":{"allow":["GET"]}}],"collection":[{"href":"https:\/\/crees.org.do\/index.php?rest_route=\/wp\/v2\/posts"}],"about":[{"href":"https:\/\/crees.org.do\/index.php?rest_route=\/wp\/v2\/types\/post"}],"author":[{"embeddable":true,"href":"https:\/\/crees.org.do\/index.php?rest_route=\/wp\/v2\/users\/2"}],"replies":[{"embeddable":true,"href":"https:\/\/crees.org.do\/index.php?rest_route=%2Fwp%2Fv2%2Fcomments&post=23021"}],"version-history":[{"count":1,"href":"https:\/\/crees.org.do\/index.php?rest_route=\/wp\/v2\/posts\/23021\/revisions"}],"predecessor-version":[{"id":23023,"href":"https:\/\/crees.org.do\/index.php?rest_route=\/wp\/v2\/posts\/23021\/revisions\/23023"}],"wp:featuredmedia":[{"embeddable":true,"href":"https:\/\/crees.org.do\/index.php?rest_route=\/wp\/v2\/media\/23022"}],"wp:attachment":[{"href":"https:\/\/crees.org.do\/index.php?rest_route=%2Fwp%2Fv2%2Fmedia&parent=23021"}],"wp:term":[{"taxonomy":"category","embeddable":true,"href":"https:\/\/crees.org.do\/index.php?rest_route=%2Fwp%2Fv2%2Fcategories&post=23021"},{"taxonomy":"post_tag","embeddable":true,"href":"https:\/\/crees.org.do\/index.php?rest_route=%2Fwp%2Fv2%2Ftags&post=23021"}],"curies":[{"name":"wp","href":"https:\/\/api.w.org\/{rel}","templated":true}]}}