{"id":23025,"date":"2022-04-09T17:00:57","date_gmt":"2022-04-09T17:00:57","guid":{"rendered":"https:\/\/crees.org.do\/?p=23025"},"modified":"2022-04-20T15:26:37","modified_gmt":"2022-04-20T15:26:37","slug":"a-febrero-de-2022-la-produccion-manufacturera-en-republica-dominicana-fue-22-7-mas-cara-que-en-2020","status":"publish","type":"post","link":"https:\/\/crees.org.do\/?p=23025","title":{"rendered":"A febrero de 2022 la producci\u00f3n manufacturera en Rep\u00fablica Dominicana fue 22.7% m\u00e1s cara que en 2020"},"content":{"rendered":"<p><img fetchpriority=\"high\" decoding=\"async\" class=\"aligncenter wp-image-23026\" src=\"https:\/\/crees.org.do\/wp-content\/uploads\/2022\/04\/Screen-Shot-2022-04-06-at-11.27.32-PM.png\" alt=\"\" width=\"896\" height=\"896\" srcset=\"https:\/\/crees.org.do\/wp-content\/uploads\/2022\/04\/Screen-Shot-2022-04-06-at-11.27.32-PM.png 1444w, https:\/\/crees.org.do\/wp-content\/uploads\/2022\/04\/Screen-Shot-2022-04-06-at-11.27.32-PM-450x450.png 450w, https:\/\/crees.org.do\/wp-content\/uploads\/2022\/04\/Screen-Shot-2022-04-06-at-11.27.32-PM-150x150.png 150w, https:\/\/crees.org.do\/wp-content\/uploads\/2022\/04\/Screen-Shot-2022-04-06-at-11.27.32-PM-768x768.png 768w, https:\/\/crees.org.do\/wp-content\/uploads\/2022\/04\/Screen-Shot-2022-04-06-at-11.27.32-PM-500x500.png 500w, https:\/\/crees.org.do\/wp-content\/uploads\/2022\/04\/Screen-Shot-2022-04-06-at-11.27.32-PM-300x300.png 300w, https:\/\/crees.org.do\/wp-content\/uploads\/2022\/04\/Screen-Shot-2022-04-06-at-11.27.32-PM-600x600.png 600w, https:\/\/crees.org.do\/wp-content\/uploads\/2022\/04\/Screen-Shot-2022-04-06-at-11.27.32-PM-100x100.png 100w\" sizes=\"(max-width: 896px) 100vw, 896px\" \/><\/p>\n<p style=\"text-align: justify;\">En febrero de 2021 el \u00cdndice de Precios del Productor (IPP) de las Industrias Manufactureras fue de 148.0, en promedio, reflejando una variaci\u00f3n interanual de 10.5%. De igual forma, con respecto al mismo mes del a\u00f1o 2020 present\u00f3 un incremento de 22.7%. En otras palabras, actualmente la producci\u00f3n manufacturera en Rep\u00fablica Dominicana es 22.7% m\u00e1s cara que en el a\u00f1o 2020.<\/p>\n<p style=\"text-align: justify;\">\u00bfPor qu\u00e9 la industria manufacturera se ha vuelto tan costosa?<\/p>\n<p style=\"text-align: justify;\">El costo de la producci\u00f3n manufacturera ha experimentado un incremento importante como consecuencia del impacto que ha tenido la pandemia de COVID-19 y las pol\u00edticas fiscales y monetarias expansivas que adoptaron muchos Estados del mundo para hacerle frente a la misma. Esta situaci\u00f3n se ha visto agravado debido a la incertidumbre sobre el conflicto b\u00e9lico\u00a0 entre Rusia y Ucrania y las repercusiones que puedan tener las sanciones impuestas.<\/p>\n<p style=\"text-align: justify;\">Entre las actividades que han experimentado los mayores incrementos en sus precios en comparaci\u00f3n con los niveles prepand\u00e9micos est\u00e1n: la fabricaci\u00f3n de coque y productos de la refinaci\u00f3n de petr\u00f3leo (59.4%), la fabricaci\u00f3n de metales comunes (51.8%), la fabricaci\u00f3n de productos elaborados de metal, excepto maquinaria y equipo (35.9%) y la fabricaci\u00f3n de productos de caucho y pl\u00e1stico (31.6%).<\/p>\n<p style=\"text-align: justify;\">Seg\u00fan como lo define la Oficina Nacional de Estad\u00edstica (ONE), el IPP Manufactura mide el cambio porcentual promedio de los precios de una canasta de bienes caracter\u00edsticos de la producci\u00f3n nacional manufacturera en un per\u00edodo determinado, seg\u00fan los datos suministrados por aproximadamente 321 empresas que producen tanto para el mercado nacional como el internacional y una canasta compuesta por 165 productos representativos de la producci\u00f3n nacional manufacturera.<\/p>\n<div class=\"pvc_clear\"><\/div>\n<p class=\"pvc_stats all \" data-element-id=\"23025\" style=\"\"><i class=\"pvc-stats-icon medium\" aria-hidden=\"true\"><svg aria-hidden=\"true\" focusable=\"false\" data-prefix=\"far\" data-icon=\"chart-bar\" role=\"img\" xmlns=\"http:\/\/www.w3.org\/2000\/svg\" viewBox=\"0 0 512 512\" class=\"svg-inline--fa fa-chart-bar fa-w-16 fa-2x\"><path fill=\"currentColor\" d=\"M396.8 352h22.4c6.4 0 12.8-6.4 12.8-12.8V108.8c0-6.4-6.4-12.8-12.8-12.8h-22.4c-6.4 0-12.8 6.4-12.8 12.8v230.4c0 6.4 6.4 12.8 12.8 12.8zm-192 0h22.4c6.4 0 12.8-6.4 12.8-12.8V140.8c0-6.4-6.4-12.8-12.8-12.8h-22.4c-6.4 0-12.8 6.4-12.8 12.8v198.4c0 6.4 6.4 12.8 12.8 12.8zm96 0h22.4c6.4 0 12.8-6.4 12.8-12.8V204.8c0-6.4-6.4-12.8-12.8-12.8h-22.4c-6.4 0-12.8 6.4-12.8 12.8v134.4c0 6.4 6.4 12.8 12.8 12.8zM496 400H48V80c0-8.84-7.16-16-16-16H16C7.16 64 0 71.16 0 80v336c0 17.67 14.33 32 32 32h464c8.84 0 16-7.16 16-16v-16c0-8.84-7.16-16-16-16zm-387.2-48h22.4c6.4 0 12.8-6.4 12.8-12.8v-70.4c0-6.4-6.4-12.8-12.8-12.8h-22.4c-6.4 0-12.8 6.4-12.8 12.8v70.4c0 6.4 6.4 12.8 12.8 12.8z\" class=\"\"><\/path><\/svg><\/i> Vistas Totales&nbsp;1,506&nbsp;, Vistas Hoy&nbsp;2&nbsp;<\/p>\n<div class=\"pvc_clear\"><\/div>\n","protected":false},"excerpt":{"rendered":"<p>En febrero de 2021 el \u00cdndice de Precios del Productor (IPP) de las Industrias Manufactureras fue de 148.0, en promedio, reflejando una variaci\u00f3n interanual de 10.5%. De igual forma, con respecto al mismo mes del a\u00f1o 2020 present\u00f3 un incremento de 22.7%. En otras palabras, actualmente la producci\u00f3n manufacturera en Rep\u00fablica Dominicana es 22.7% m\u00e1s&#8230;<\/p>\n<div class=\"pvc_clear\"><\/div>\n<p class=\"pvc_stats all \" data-element-id=\"23025\" style=\"\"><i class=\"pvc-stats-icon medium\" aria-hidden=\"true\"><svg aria-hidden=\"true\" focusable=\"false\" data-prefix=\"far\" data-icon=\"chart-bar\" role=\"img\" xmlns=\"http:\/\/www.w3.org\/2000\/svg\" viewBox=\"0 0 512 512\" class=\"svg-inline--fa fa-chart-bar fa-w-16 fa-2x\"><path fill=\"currentColor\" d=\"M396.8 352h22.4c6.4 0 12.8-6.4 12.8-12.8V108.8c0-6.4-6.4-12.8-12.8-12.8h-22.4c-6.4 0-12.8 6.4-12.8 12.8v230.4c0 6.4 6.4 12.8 12.8 12.8zm-192 0h22.4c6.4 0 12.8-6.4 12.8-12.8V140.8c0-6.4-6.4-12.8-12.8-12.8h-22.4c-6.4 0-12.8 6.4-12.8 12.8v198.4c0 6.4 6.4 12.8 12.8 12.8zm96 0h22.4c6.4 0 12.8-6.4 12.8-12.8V204.8c0-6.4-6.4-12.8-12.8-12.8h-22.4c-6.4 0-12.8 6.4-12.8 12.8v134.4c0 6.4 6.4 12.8 12.8 12.8zM496 400H48V80c0-8.84-7.16-16-16-16H16C7.16 64 0 71.16 0 80v336c0 17.67 14.33 32 32 32h464c8.84 0 16-7.16 16-16v-16c0-8.84-7.16-16-16-16zm-387.2-48h22.4c6.4 0 12.8-6.4 12.8-12.8v-70.4c0-6.4-6.4-12.8-12.8-12.8h-22.4c-6.4 0-12.8 6.4-12.8 12.8v70.4c0 6.4 6.4 12.8 12.8 12.8z\" class=\"\"><\/path><\/svg><\/i> Vistas Totales&nbsp;1,506&nbsp;, Vistas Hoy&nbsp;2&nbsp;<\/p>\n<div class=\"pvc_clear\"><\/div>\n","protected":false},"author":2,"featured_media":23026,"comment_status":"closed","ping_status":"closed","sticky":false,"template":"","format":"standard","meta":{"footnotes":""},"categories":[1],"tags":[],"class_list":["post-23025","post","type-post","status-publish","format-standard","has-post-thumbnail","hentry","category-crees"],"yoast_head":"<!-- This site is optimized with the Yoast SEO plugin v25.2 - https:\/\/yoast.com\/wordpress\/plugins\/seo\/ -->\n<title>A febrero de 2022 la producci\u00f3n manufacturera en Rep\u00fablica Dominicana fue 22.7% m\u00e1s cara que en 2020 | CREES<\/title>\n<meta name=\"robots\" content=\"index, follow, max-snippet:-1, max-image-preview:large, max-video-preview:-1\" \/>\n<link rel=\"canonical\" href=\"https:\/\/crees.org.do\/?p=23025\" \/>\n<meta property=\"og:locale\" content=\"es_ES\" \/>\n<meta property=\"og:type\" content=\"article\" \/>\n<meta property=\"og:title\" content=\"A febrero de 2022 la producci\u00f3n manufacturera en Rep\u00fablica Dominicana fue 22.7% m\u00e1s cara que en 2020 | CREES\" \/>\n<meta property=\"og:description\" content=\"En febrero de 2021 el \u00cdndice de Precios del Productor (IPP) de las Industrias Manufactureras fue de 148.0, en promedio, reflejando una variaci\u00f3n interanual de 10.5%. De igual forma, con respecto al mismo mes del a\u00f1o 2020 present\u00f3 un incremento de 22.7%. En otras palabras, actualmente la producci\u00f3n manufacturera en Rep\u00fablica Dominicana es 22.7% m\u00e1s...\" \/>\n<meta property=\"og:url\" content=\"https:\/\/crees.org.do\/?p=23025\" \/>\n<meta property=\"og:site_name\" content=\"CREES\" \/>\n<meta property=\"article:publisher\" content=\"https:\/\/www.facebook.com\/CREESRD\/\" \/>\n<meta property=\"article:published_time\" content=\"2022-04-09T17:00:57+00:00\" \/>\n<meta property=\"article:modified_time\" content=\"2022-04-20T15:26:37+00:00\" \/>\n<meta property=\"og:image\" content=\"https:\/\/crees.org.do\/wp-content\/uploads\/2022\/04\/Screen-Shot-2022-04-06-at-11.27.32-PM.png\" \/>\n\t<meta property=\"og:image:width\" content=\"1444\" \/>\n\t<meta property=\"og:image:height\" content=\"1444\" \/>\n\t<meta property=\"og:image:type\" content=\"image\/png\" \/>\n<meta name=\"author\" content=\"Crees\" \/>\n<meta name=\"twitter:card\" content=\"summary_large_image\" \/>\n<meta name=\"twitter:creator\" content=\"@CREESRD\" \/>\n<meta name=\"twitter:site\" content=\"@CREESRD\" \/>\n<meta name=\"twitter:label1\" content=\"Escrito por\" \/>\n\t<meta name=\"twitter:data1\" content=\"Crees\" \/>\n\t<meta name=\"twitter:label2\" content=\"Tiempo de lectura\" \/>\n\t<meta name=\"twitter:data2\" content=\"2 minutos\" \/>\n<script type=\"application\/ld+json\" class=\"yoast-schema-graph\">{\"@context\":\"https:\/\/schema.org\",\"@graph\":[{\"@type\":\"Article\",\"@id\":\"https:\/\/crees.org.do\/?p=23025#article\",\"isPartOf\":{\"@id\":\"https:\/\/crees.org.do\/?p=23025\"},\"author\":{\"name\":\"Crees\",\"@id\":\"https:\/\/crees.org.do\/#\/schema\/person\/e7f97cd94d7bf9cd0e0ce30acb7d56b8\"},\"headline\":\"A febrero de 2022 la producci\u00f3n manufacturera en Rep\u00fablica Dominicana fue 22.7% m\u00e1s cara que en 2020\",\"datePublished\":\"2022-04-09T17:00:57+00:00\",\"dateModified\":\"2022-04-20T15:26:37+00:00\",\"mainEntityOfPage\":{\"@id\":\"https:\/\/crees.org.do\/?p=23025\"},\"wordCount\":296,\"publisher\":{\"@id\":\"https:\/\/crees.org.do\/#organization\"},\"image\":{\"@id\":\"https:\/\/crees.org.do\/?p=23025#primaryimage\"},\"thumbnailUrl\":\"https:\/\/crees.org.do\/wp-content\/uploads\/2022\/04\/Screen-Shot-2022-04-06-at-11.27.32-PM.png\",\"articleSection\":[\"CREES\"],\"inLanguage\":\"es\"},{\"@type\":\"WebPage\",\"@id\":\"https:\/\/crees.org.do\/?p=23025\",\"url\":\"https:\/\/crees.org.do\/?p=23025\",\"name\":\"A febrero de 2022 la producci\u00f3n manufacturera en Rep\u00fablica Dominicana fue 22.7% m\u00e1s cara que en 2020 | CREES\",\"isPartOf\":{\"@id\":\"https:\/\/crees.org.do\/#website\"},\"primaryImageOfPage\":{\"@id\":\"https:\/\/crees.org.do\/?p=23025#primaryimage\"},\"image\":{\"@id\":\"https:\/\/crees.org.do\/?p=23025#primaryimage\"},\"thumbnailUrl\":\"https:\/\/crees.org.do\/wp-content\/uploads\/2022\/04\/Screen-Shot-2022-04-06-at-11.27.32-PM.png\",\"datePublished\":\"2022-04-09T17:00:57+00:00\",\"dateModified\":\"2022-04-20T15:26:37+00:00\",\"breadcrumb\":{\"@id\":\"https:\/\/crees.org.do\/?p=23025#breadcrumb\"},\"inLanguage\":\"es\",\"potentialAction\":[{\"@type\":\"ReadAction\",\"target\":[\"https:\/\/crees.org.do\/?p=23025\"]}]},{\"@type\":\"ImageObject\",\"inLanguage\":\"es\",\"@id\":\"https:\/\/crees.org.do\/?p=23025#primaryimage\",\"url\":\"https:\/\/crees.org.do\/wp-content\/uploads\/2022\/04\/Screen-Shot-2022-04-06-at-11.27.32-PM.png\",\"contentUrl\":\"https:\/\/crees.org.do\/wp-content\/uploads\/2022\/04\/Screen-Shot-2022-04-06-at-11.27.32-PM.png\",\"width\":1444,\"height\":1444},{\"@type\":\"BreadcrumbList\",\"@id\":\"https:\/\/crees.org.do\/?p=23025#breadcrumb\",\"itemListElement\":[{\"@type\":\"ListItem\",\"position\":1,\"name\":\"Portada\",\"item\":\"https:\/\/crees.org.do\/\"},{\"@type\":\"ListItem\",\"position\":2,\"name\":\"A febrero de 2022 la producci\u00f3n manufacturera en Rep\u00fablica Dominicana fue 22.7% m\u00e1s cara que en 2020\"}]},{\"@type\":\"WebSite\",\"@id\":\"https:\/\/crees.org.do\/#website\",\"url\":\"https:\/\/crees.org.do\/\",\"name\":\"CREES\",\"description\":\"Centro Regional de Estrategias Econ\u00f3micas Sostenibles\",\"publisher\":{\"@id\":\"https:\/\/crees.org.do\/#organization\"},\"potentialAction\":[{\"@type\":\"SearchAction\",\"target\":{\"@type\":\"EntryPoint\",\"urlTemplate\":\"https:\/\/crees.org.do\/?s={search_term_string}\"},\"query-input\":{\"@type\":\"PropertyValueSpecification\",\"valueRequired\":true,\"valueName\":\"search_term_string\"}}],\"inLanguage\":\"es\"},{\"@type\":\"Organization\",\"@id\":\"https:\/\/crees.org.do\/#organization\",\"name\":\"CREES | Centro Regional de Estrategias Econ\u00f3micas Sostenibles\",\"url\":\"https:\/\/crees.org.do\/\",\"logo\":{\"@type\":\"ImageObject\",\"inLanguage\":\"es\",\"@id\":\"https:\/\/crees.org.do\/#\/schema\/logo\/image\/\",\"url\":\"https:\/\/crees.org.do\/wp-content\/uploads\/2022\/03\/crees-logo-1.jpg\",\"contentUrl\":\"https:\/\/crees.org.do\/wp-content\/uploads\/2022\/03\/crees-logo-1.jpg\",\"width\":244,\"height\":71,\"caption\":\"CREES | Centro Regional de Estrategias Econ\u00f3micas Sostenibles\"},\"image\":{\"@id\":\"https:\/\/crees.org.do\/#\/schema\/logo\/image\/\"},\"sameAs\":[\"https:\/\/www.facebook.com\/CREESRD\/\",\"https:\/\/x.com\/CREESRD\"]},{\"@type\":\"Person\",\"@id\":\"https:\/\/crees.org.do\/#\/schema\/person\/e7f97cd94d7bf9cd0e0ce30acb7d56b8\",\"name\":\"Crees\",\"image\":{\"@type\":\"ImageObject\",\"inLanguage\":\"es\",\"@id\":\"https:\/\/crees.org.do\/#\/schema\/person\/image\/\",\"url\":\"https:\/\/secure.gravatar.com\/avatar\/390ac8f0be5d9aa046152553e2dd7011b59a512d89c150f5e5f28bb8d9a0b165?s=96&d=mm&r=g\",\"contentUrl\":\"https:\/\/secure.gravatar.com\/avatar\/390ac8f0be5d9aa046152553e2dd7011b59a512d89c150f5e5f28bb8d9a0b165?s=96&d=mm&r=g\",\"caption\":\"Crees\"},\"url\":\"https:\/\/crees.org.do\/?author=2\"}]}<\/script>\n<!-- \/ Yoast SEO plugin. -->","yoast_head_json":{"title":"A febrero de 2022 la producci\u00f3n manufacturera en Rep\u00fablica Dominicana fue 22.7% m\u00e1s cara que en 2020 | CREES","robots":{"index":"index","follow":"follow","max-snippet":"max-snippet:-1","max-image-preview":"max-image-preview:large","max-video-preview":"max-video-preview:-1"},"canonical":"https:\/\/crees.org.do\/?p=23025","og_locale":"es_ES","og_type":"article","og_title":"A febrero de 2022 la producci\u00f3n manufacturera en Rep\u00fablica Dominicana fue 22.7% m\u00e1s cara que en 2020 | CREES","og_description":"En febrero de 2021 el \u00cdndice de Precios del Productor (IPP) de las Industrias Manufactureras fue de 148.0, en promedio, reflejando una variaci\u00f3n interanual de 10.5%. De igual forma, con respecto al mismo mes del a\u00f1o 2020 present\u00f3 un incremento de 22.7%. En otras palabras, actualmente la producci\u00f3n manufacturera en Rep\u00fablica Dominicana es 22.7% m\u00e1s...","og_url":"https:\/\/crees.org.do\/?p=23025","og_site_name":"CREES","article_publisher":"https:\/\/www.facebook.com\/CREESRD\/","article_published_time":"2022-04-09T17:00:57+00:00","article_modified_time":"2022-04-20T15:26:37+00:00","og_image":[{"width":1444,"height":1444,"url":"https:\/\/crees.org.do\/wp-content\/uploads\/2022\/04\/Screen-Shot-2022-04-06-at-11.27.32-PM.png","type":"image\/png"}],"author":"Crees","twitter_card":"summary_large_image","twitter_creator":"@CREESRD","twitter_site":"@CREESRD","twitter_misc":{"Escrito por":"Crees","Tiempo de lectura":"2 minutos"},"schema":{"@context":"https:\/\/schema.org","@graph":[{"@type":"Article","@id":"https:\/\/crees.org.do\/?p=23025#article","isPartOf":{"@id":"https:\/\/crees.org.do\/?p=23025"},"author":{"name":"Crees","@id":"https:\/\/crees.org.do\/#\/schema\/person\/e7f97cd94d7bf9cd0e0ce30acb7d56b8"},"headline":"A febrero de 2022 la producci\u00f3n manufacturera en Rep\u00fablica Dominicana fue 22.7% m\u00e1s cara que en 2020","datePublished":"2022-04-09T17:00:57+00:00","dateModified":"2022-04-20T15:26:37+00:00","mainEntityOfPage":{"@id":"https:\/\/crees.org.do\/?p=23025"},"wordCount":296,"publisher":{"@id":"https:\/\/crees.org.do\/#organization"},"image":{"@id":"https:\/\/crees.org.do\/?p=23025#primaryimage"},"thumbnailUrl":"https:\/\/crees.org.do\/wp-content\/uploads\/2022\/04\/Screen-Shot-2022-04-06-at-11.27.32-PM.png","articleSection":["CREES"],"inLanguage":"es"},{"@type":"WebPage","@id":"https:\/\/crees.org.do\/?p=23025","url":"https:\/\/crees.org.do\/?p=23025","name":"A febrero de 2022 la producci\u00f3n manufacturera en Rep\u00fablica Dominicana fue 22.7% m\u00e1s cara que en 2020 | CREES","isPartOf":{"@id":"https:\/\/crees.org.do\/#website"},"primaryImageOfPage":{"@id":"https:\/\/crees.org.do\/?p=23025#primaryimage"},"image":{"@id":"https:\/\/crees.org.do\/?p=23025#primaryimage"},"thumbnailUrl":"https:\/\/crees.org.do\/wp-content\/uploads\/2022\/04\/Screen-Shot-2022-04-06-at-11.27.32-PM.png","datePublished":"2022-04-09T17:00:57+00:00","dateModified":"2022-04-20T15:26:37+00:00","breadcrumb":{"@id":"https:\/\/crees.org.do\/?p=23025#breadcrumb"},"inLanguage":"es","potentialAction":[{"@type":"ReadAction","target":["https:\/\/crees.org.do\/?p=23025"]}]},{"@type":"ImageObject","inLanguage":"es","@id":"https:\/\/crees.org.do\/?p=23025#primaryimage","url":"https:\/\/crees.org.do\/wp-content\/uploads\/2022\/04\/Screen-Shot-2022-04-06-at-11.27.32-PM.png","contentUrl":"https:\/\/crees.org.do\/wp-content\/uploads\/2022\/04\/Screen-Shot-2022-04-06-at-11.27.32-PM.png","width":1444,"height":1444},{"@type":"BreadcrumbList","@id":"https:\/\/crees.org.do\/?p=23025#breadcrumb","itemListElement":[{"@type":"ListItem","position":1,"name":"Portada","item":"https:\/\/crees.org.do\/"},{"@type":"ListItem","position":2,"name":"A febrero de 2022 la producci\u00f3n manufacturera en Rep\u00fablica Dominicana fue 22.7% m\u00e1s cara que en 2020"}]},{"@type":"WebSite","@id":"https:\/\/crees.org.do\/#website","url":"https:\/\/crees.org.do\/","name":"CREES","description":"Centro Regional de Estrategias Econ\u00f3micas Sostenibles","publisher":{"@id":"https:\/\/crees.org.do\/#organization"},"potentialAction":[{"@type":"SearchAction","target":{"@type":"EntryPoint","urlTemplate":"https:\/\/crees.org.do\/?s={search_term_string}"},"query-input":{"@type":"PropertyValueSpecification","valueRequired":true,"valueName":"search_term_string"}}],"inLanguage":"es"},{"@type":"Organization","@id":"https:\/\/crees.org.do\/#organization","name":"CREES | Centro Regional de Estrategias Econ\u00f3micas Sostenibles","url":"https:\/\/crees.org.do\/","logo":{"@type":"ImageObject","inLanguage":"es","@id":"https:\/\/crees.org.do\/#\/schema\/logo\/image\/","url":"https:\/\/crees.org.do\/wp-content\/uploads\/2022\/03\/crees-logo-1.jpg","contentUrl":"https:\/\/crees.org.do\/wp-content\/uploads\/2022\/03\/crees-logo-1.jpg","width":244,"height":71,"caption":"CREES | Centro Regional de Estrategias Econ\u00f3micas Sostenibles"},"image":{"@id":"https:\/\/crees.org.do\/#\/schema\/logo\/image\/"},"sameAs":["https:\/\/www.facebook.com\/CREESRD\/","https:\/\/x.com\/CREESRD"]},{"@type":"Person","@id":"https:\/\/crees.org.do\/#\/schema\/person\/e7f97cd94d7bf9cd0e0ce30acb7d56b8","name":"Crees","image":{"@type":"ImageObject","inLanguage":"es","@id":"https:\/\/crees.org.do\/#\/schema\/person\/image\/","url":"https:\/\/secure.gravatar.com\/avatar\/390ac8f0be5d9aa046152553e2dd7011b59a512d89c150f5e5f28bb8d9a0b165?s=96&d=mm&r=g","contentUrl":"https:\/\/secure.gravatar.com\/avatar\/390ac8f0be5d9aa046152553e2dd7011b59a512d89c150f5e5f28bb8d9a0b165?s=96&d=mm&r=g","caption":"Crees"},"url":"https:\/\/crees.org.do\/?author=2"}]}},"_links":{"self":[{"href":"https:\/\/crees.org.do\/index.php?rest_route=\/wp\/v2\/posts\/23025","targetHints":{"allow":["GET"]}}],"collection":[{"href":"https:\/\/crees.org.do\/index.php?rest_route=\/wp\/v2\/posts"}],"about":[{"href":"https:\/\/crees.org.do\/index.php?rest_route=\/wp\/v2\/types\/post"}],"author":[{"embeddable":true,"href":"https:\/\/crees.org.do\/index.php?rest_route=\/wp\/v2\/users\/2"}],"replies":[{"embeddable":true,"href":"https:\/\/crees.org.do\/index.php?rest_route=%2Fwp%2Fv2%2Fcomments&post=23025"}],"version-history":[{"count":1,"href":"https:\/\/crees.org.do\/index.php?rest_route=\/wp\/v2\/posts\/23025\/revisions"}],"predecessor-version":[{"id":23029,"href":"https:\/\/crees.org.do\/index.php?rest_route=\/wp\/v2\/posts\/23025\/revisions\/23029"}],"wp:featuredmedia":[{"embeddable":true,"href":"https:\/\/crees.org.do\/index.php?rest_route=\/wp\/v2\/media\/23026"}],"wp:attachment":[{"href":"https:\/\/crees.org.do\/index.php?rest_route=%2Fwp%2Fv2%2Fmedia&parent=23025"}],"wp:term":[{"taxonomy":"category","embeddable":true,"href":"https:\/\/crees.org.do\/index.php?rest_route=%2Fwp%2Fv2%2Fcategories&post=23025"},{"taxonomy":"post_tag","embeddable":true,"href":"https:\/\/crees.org.do\/index.php?rest_route=%2Fwp%2Fv2%2Ftags&post=23025"}],"curies":[{"name":"wp","href":"https:\/\/api.w.org\/{rel}","templated":true}]}}