{"id":23030,"date":"2022-04-20T15:31:08","date_gmt":"2022-04-20T15:31:08","guid":{"rendered":"https:\/\/crees.org.do\/?p=23030"},"modified":"2022-04-20T15:31:08","modified_gmt":"2022-04-20T15:31:08","slug":"entre-el-ano-2000-y-febrero-de-2022-la-deuda-publica-consolidada-se-ha-incrementado-en-mas-de-quince-veces-su-valor","status":"publish","type":"post","link":"https:\/\/crees.org.do\/?p=23030","title":{"rendered":"Entre el a\u00f1o 2000 y febrero de 2022 la deuda p\u00fablica consolidada se ha incrementado en m\u00e1s de quince veces su valor"},"content":{"rendered":"<p><img fetchpriority=\"high\" decoding=\"async\" class=\"aligncenter  wp-image-23031\" src=\"https:\/\/crees.org.do\/wp-content\/uploads\/2022\/04\/Screen-Shot-2022-04-20-at-11.26.02-AM.png\" alt=\"\" width=\"896\" height=\"896\" srcset=\"https:\/\/crees.org.do\/wp-content\/uploads\/2022\/04\/Screen-Shot-2022-04-20-at-11.26.02-AM.png 1444w, https:\/\/crees.org.do\/wp-content\/uploads\/2022\/04\/Screen-Shot-2022-04-20-at-11.26.02-AM-450x450.png 450w, https:\/\/crees.org.do\/wp-content\/uploads\/2022\/04\/Screen-Shot-2022-04-20-at-11.26.02-AM-150x150.png 150w, https:\/\/crees.org.do\/wp-content\/uploads\/2022\/04\/Screen-Shot-2022-04-20-at-11.26.02-AM-768x768.png 768w, https:\/\/crees.org.do\/wp-content\/uploads\/2022\/04\/Screen-Shot-2022-04-20-at-11.26.02-AM-500x500.png 500w, https:\/\/crees.org.do\/wp-content\/uploads\/2022\/04\/Screen-Shot-2022-04-20-at-11.26.02-AM-300x300.png 300w, https:\/\/crees.org.do\/wp-content\/uploads\/2022\/04\/Screen-Shot-2022-04-20-at-11.26.02-AM-600x600.png 600w, https:\/\/crees.org.do\/wp-content\/uploads\/2022\/04\/Screen-Shot-2022-04-20-at-11.26.02-AM-100x100.png 100w\" sizes=\"(max-width: 896px) 100vw, 896px\" \/><\/p>\n<h3><strong>Deuda p\u00fablica consolidada de Rep\u00fablica Dominicana, a febrero de 2022<\/strong><\/h3>\n<p style=\"text-align: justify;\">De acuerdo con los datos de la Direcci\u00f3n General de Cr\u00e9dito P\u00fablico y el Banco Central de la Rep\u00fablica Dominicana (BCRD), en febrero de 2022 la deuda p\u00fablica consolidada de Rep\u00fablica Dominicana (incluyendo deuda intergubernamental) ascendi\u00f3 a US$67,682.0 millones, de los cuales, US$50,806.5 millones correspond\u00edan a la deuda del sector p\u00fablico no financiero (SPNF) y los restantes US$16,875.5 millones restantes proven\u00edan de los pasivos del BCRD. Esto, en comparaci\u00f3n con los US$4,447.9 millones de deuda p\u00fablica consolidada al cierre del a\u00f1o 2000, significa un incremento 1,421.7%, es decir, se ha multiplicado m\u00e1s de quince veces su valor.<\/p>\n<p style=\"text-align: justify;\">Un incremento en el nivel de endeudamiento implica un mayor pago de intereses y tener que buscar m\u00e1s recursos financieros para amortizar la deuda. Es decir, esto implica mayores impuestos a los ciudadanos e, incluso, m\u00e1s endeudamiento cuando no son cubiertos con ingresos tributarios.<\/p>\n<p style=\"text-align: justify;\">El ritmo de endeudamiento del Estado dominicano debe ser reducido de forma sostenible. Una forma de lograr este objetivo es con una Ley de Responsabilidad y Transparencia Fiscal que ordene y fortalezca las finanzas p\u00fablicas y una reforma al C\u00f3digo Tributario que simplifique el sistema tributario y reduzca incentivos a la evasi\u00f3n e informalidad.<\/p>\n<div class=\"pvc_clear\"><\/div>\n<p class=\"pvc_stats all \" data-element-id=\"23030\" style=\"\"><i class=\"pvc-stats-icon medium\" aria-hidden=\"true\"><svg aria-hidden=\"true\" focusable=\"false\" data-prefix=\"far\" data-icon=\"chart-bar\" role=\"img\" xmlns=\"http:\/\/www.w3.org\/2000\/svg\" viewBox=\"0 0 512 512\" class=\"svg-inline--fa fa-chart-bar fa-w-16 fa-2x\"><path fill=\"currentColor\" d=\"M396.8 352h22.4c6.4 0 12.8-6.4 12.8-12.8V108.8c0-6.4-6.4-12.8-12.8-12.8h-22.4c-6.4 0-12.8 6.4-12.8 12.8v230.4c0 6.4 6.4 12.8 12.8 12.8zm-192 0h22.4c6.4 0 12.8-6.4 12.8-12.8V140.8c0-6.4-6.4-12.8-12.8-12.8h-22.4c-6.4 0-12.8 6.4-12.8 12.8v198.4c0 6.4 6.4 12.8 12.8 12.8zm96 0h22.4c6.4 0 12.8-6.4 12.8-12.8V204.8c0-6.4-6.4-12.8-12.8-12.8h-22.4c-6.4 0-12.8 6.4-12.8 12.8v134.4c0 6.4 6.4 12.8 12.8 12.8zM496 400H48V80c0-8.84-7.16-16-16-16H16C7.16 64 0 71.16 0 80v336c0 17.67 14.33 32 32 32h464c8.84 0 16-7.16 16-16v-16c0-8.84-7.16-16-16-16zm-387.2-48h22.4c6.4 0 12.8-6.4 12.8-12.8v-70.4c0-6.4-6.4-12.8-12.8-12.8h-22.4c-6.4 0-12.8 6.4-12.8 12.8v70.4c0 6.4 6.4 12.8 12.8 12.8z\" class=\"\"><\/path><\/svg><\/i> Vistas Totales&nbsp;711&nbsp;, Vistas Hoy&nbsp;1&nbsp;<\/p>\n<div class=\"pvc_clear\"><\/div>\n","protected":false},"excerpt":{"rendered":"<p>Deuda p\u00fablica consolidada de Rep\u00fablica Dominicana, a febrero de 2022 De acuerdo con los datos de la Direcci\u00f3n General de Cr\u00e9dito P\u00fablico y el Banco Central de la Rep\u00fablica Dominicana (BCRD), en febrero de 2022 la deuda p\u00fablica consolidada de Rep\u00fablica Dominicana (incluyendo deuda intergubernamental) ascendi\u00f3 a US$67,682.0 millones, de los cuales, US$50,806.5 millones correspond\u00edan&#8230;<\/p>\n<div class=\"pvc_clear\"><\/div>\n<p class=\"pvc_stats all \" data-element-id=\"23030\" style=\"\"><i class=\"pvc-stats-icon medium\" aria-hidden=\"true\"><svg aria-hidden=\"true\" focusable=\"false\" data-prefix=\"far\" data-icon=\"chart-bar\" role=\"img\" xmlns=\"http:\/\/www.w3.org\/2000\/svg\" viewBox=\"0 0 512 512\" class=\"svg-inline--fa fa-chart-bar fa-w-16 fa-2x\"><path fill=\"currentColor\" d=\"M396.8 352h22.4c6.4 0 12.8-6.4 12.8-12.8V108.8c0-6.4-6.4-12.8-12.8-12.8h-22.4c-6.4 0-12.8 6.4-12.8 12.8v230.4c0 6.4 6.4 12.8 12.8 12.8zm-192 0h22.4c6.4 0 12.8-6.4 12.8-12.8V140.8c0-6.4-6.4-12.8-12.8-12.8h-22.4c-6.4 0-12.8 6.4-12.8 12.8v198.4c0 6.4 6.4 12.8 12.8 12.8zm96 0h22.4c6.4 0 12.8-6.4 12.8-12.8V204.8c0-6.4-6.4-12.8-12.8-12.8h-22.4c-6.4 0-12.8 6.4-12.8 12.8v134.4c0 6.4 6.4 12.8 12.8 12.8zM496 400H48V80c0-8.84-7.16-16-16-16H16C7.16 64 0 71.16 0 80v336c0 17.67 14.33 32 32 32h464c8.84 0 16-7.16 16-16v-16c0-8.84-7.16-16-16-16zm-387.2-48h22.4c6.4 0 12.8-6.4 12.8-12.8v-70.4c0-6.4-6.4-12.8-12.8-12.8h-22.4c-6.4 0-12.8 6.4-12.8 12.8v70.4c0 6.4 6.4 12.8 12.8 12.8z\" class=\"\"><\/path><\/svg><\/i> Vistas Totales&nbsp;711&nbsp;, Vistas Hoy&nbsp;1&nbsp;<\/p>\n<div class=\"pvc_clear\"><\/div>\n","protected":false},"author":2,"featured_media":23031,"comment_status":"closed","ping_status":"closed","sticky":false,"template":"","format":"standard","meta":{"footnotes":""},"categories":[21],"tags":[],"class_list":["post-23030","post","type-post","status-publish","format-standard","has-post-thumbnail","hentry","category-blog"],"yoast_head":"<!-- This site is optimized with the Yoast SEO plugin v25.2 - https:\/\/yoast.com\/wordpress\/plugins\/seo\/ -->\n<title>Entre el a\u00f1o 2000 y febrero de 2022 la deuda p\u00fablica consolidada se ha incrementado en m\u00e1s de quince veces su valor | CREES<\/title>\n<meta name=\"description\" content=\"En febrero de 2022 la deuda p\u00fablica consolidada de Rep\u00fablica Dominicana ascendi\u00f3 a US$67,682.0 millones, de los cuales, US$50,806.5 millones correspond\u00edan a la deuda del sector p\u00fablico no financiero (SPNF) y los restantes US$16,875.5 millones restantes proven\u00edan de los pasivos del BCRD.\" \/>\n<meta name=\"robots\" content=\"index, follow, max-snippet:-1, max-image-preview:large, max-video-preview:-1\" \/>\n<link rel=\"canonical\" href=\"https:\/\/crees.org.do\/?p=23030\" \/>\n<meta property=\"og:locale\" content=\"es_ES\" \/>\n<meta property=\"og:type\" content=\"article\" \/>\n<meta property=\"og:title\" content=\"Entre el a\u00f1o 2000 y febrero de 2022 la deuda p\u00fablica consolidada se ha incrementado en m\u00e1s de quince veces su valor | CREES\" \/>\n<meta property=\"og:description\" content=\"En febrero de 2022 la deuda p\u00fablica consolidada de Rep\u00fablica Dominicana ascendi\u00f3 a US$67,682.0 millones, de los cuales, US$50,806.5 millones correspond\u00edan a la deuda del sector p\u00fablico no financiero (SPNF) y los restantes US$16,875.5 millones restantes proven\u00edan de los pasivos del BCRD.\" \/>\n<meta property=\"og:url\" content=\"https:\/\/crees.org.do\/?p=23030\" \/>\n<meta property=\"og:site_name\" content=\"CREES\" \/>\n<meta property=\"article:publisher\" content=\"https:\/\/www.facebook.com\/CREESRD\/\" \/>\n<meta property=\"article:published_time\" content=\"2022-04-20T15:31:08+00:00\" \/>\n<meta property=\"og:image\" content=\"https:\/\/crees.org.do\/wp-content\/uploads\/2022\/04\/Screen-Shot-2022-04-20-at-11.26.02-AM.png\" \/>\n\t<meta property=\"og:image:width\" content=\"1444\" \/>\n\t<meta property=\"og:image:height\" content=\"1444\" \/>\n\t<meta property=\"og:image:type\" content=\"image\/png\" \/>\n<meta name=\"author\" content=\"Crees\" \/>\n<meta name=\"twitter:card\" content=\"summary_large_image\" \/>\n<meta name=\"twitter:creator\" content=\"@CREESRD\" \/>\n<meta name=\"twitter:site\" content=\"@CREESRD\" \/>\n<meta name=\"twitter:label1\" content=\"Escrito por\" \/>\n\t<meta name=\"twitter:data1\" content=\"Crees\" \/>\n\t<meta name=\"twitter:label2\" content=\"Tiempo de lectura\" \/>\n\t<meta name=\"twitter:data2\" content=\"1 minuto\" \/>\n<script type=\"application\/ld+json\" class=\"yoast-schema-graph\">{\"@context\":\"https:\/\/schema.org\",\"@graph\":[{\"@type\":\"Article\",\"@id\":\"https:\/\/crees.org.do\/?p=23030#article\",\"isPartOf\":{\"@id\":\"https:\/\/crees.org.do\/?p=23030\"},\"author\":{\"name\":\"Crees\",\"@id\":\"https:\/\/crees.org.do\/#\/schema\/person\/e7f97cd94d7bf9cd0e0ce30acb7d56b8\"},\"headline\":\"Entre el a\u00f1o 2000 y febrero de 2022 la deuda p\u00fablica consolidada se ha incrementado en m\u00e1s de quince veces su valor\",\"datePublished\":\"2022-04-20T15:31:08+00:00\",\"mainEntityOfPage\":{\"@id\":\"https:\/\/crees.org.do\/?p=23030\"},\"wordCount\":244,\"publisher\":{\"@id\":\"https:\/\/crees.org.do\/#organization\"},\"image\":{\"@id\":\"https:\/\/crees.org.do\/?p=23030#primaryimage\"},\"thumbnailUrl\":\"https:\/\/crees.org.do\/wp-content\/uploads\/2022\/04\/Screen-Shot-2022-04-20-at-11.26.02-AM.png\",\"articleSection\":[\"Blog\"],\"inLanguage\":\"es\"},{\"@type\":\"WebPage\",\"@id\":\"https:\/\/crees.org.do\/?p=23030\",\"url\":\"https:\/\/crees.org.do\/?p=23030\",\"name\":\"Entre el a\u00f1o 2000 y febrero de 2022 la deuda p\u00fablica consolidada se ha incrementado en m\u00e1s de quince veces su valor | CREES\",\"isPartOf\":{\"@id\":\"https:\/\/crees.org.do\/#website\"},\"primaryImageOfPage\":{\"@id\":\"https:\/\/crees.org.do\/?p=23030#primaryimage\"},\"image\":{\"@id\":\"https:\/\/crees.org.do\/?p=23030#primaryimage\"},\"thumbnailUrl\":\"https:\/\/crees.org.do\/wp-content\/uploads\/2022\/04\/Screen-Shot-2022-04-20-at-11.26.02-AM.png\",\"datePublished\":\"2022-04-20T15:31:08+00:00\",\"description\":\"En febrero de 2022 la deuda p\u00fablica consolidada de Rep\u00fablica Dominicana ascendi\u00f3 a US$67,682.0 millones, de los cuales, US$50,806.5 millones correspond\u00edan a la deuda del sector p\u00fablico no financiero (SPNF) y los restantes US$16,875.5 millones restantes proven\u00edan de los pasivos del BCRD.\",\"breadcrumb\":{\"@id\":\"https:\/\/crees.org.do\/?p=23030#breadcrumb\"},\"inLanguage\":\"es\",\"potentialAction\":[{\"@type\":\"ReadAction\",\"target\":[\"https:\/\/crees.org.do\/?p=23030\"]}]},{\"@type\":\"ImageObject\",\"inLanguage\":\"es\",\"@id\":\"https:\/\/crees.org.do\/?p=23030#primaryimage\",\"url\":\"https:\/\/crees.org.do\/wp-content\/uploads\/2022\/04\/Screen-Shot-2022-04-20-at-11.26.02-AM.png\",\"contentUrl\":\"https:\/\/crees.org.do\/wp-content\/uploads\/2022\/04\/Screen-Shot-2022-04-20-at-11.26.02-AM.png\",\"width\":1444,\"height\":1444},{\"@type\":\"BreadcrumbList\",\"@id\":\"https:\/\/crees.org.do\/?p=23030#breadcrumb\",\"itemListElement\":[{\"@type\":\"ListItem\",\"position\":1,\"name\":\"Portada\",\"item\":\"https:\/\/crees.org.do\/\"},{\"@type\":\"ListItem\",\"position\":2,\"name\":\"Entre el a\u00f1o 2000 y febrero de 2022 la deuda p\u00fablica consolidada se ha incrementado en m\u00e1s de quince veces su valor\"}]},{\"@type\":\"WebSite\",\"@id\":\"https:\/\/crees.org.do\/#website\",\"url\":\"https:\/\/crees.org.do\/\",\"name\":\"CREES\",\"description\":\"Centro Regional de Estrategias Econ\u00f3micas Sostenibles\",\"publisher\":{\"@id\":\"https:\/\/crees.org.do\/#organization\"},\"potentialAction\":[{\"@type\":\"SearchAction\",\"target\":{\"@type\":\"EntryPoint\",\"urlTemplate\":\"https:\/\/crees.org.do\/?s={search_term_string}\"},\"query-input\":{\"@type\":\"PropertyValueSpecification\",\"valueRequired\":true,\"valueName\":\"search_term_string\"}}],\"inLanguage\":\"es\"},{\"@type\":\"Organization\",\"@id\":\"https:\/\/crees.org.do\/#organization\",\"name\":\"CREES | Centro Regional de Estrategias Econ\u00f3micas Sostenibles\",\"url\":\"https:\/\/crees.org.do\/\",\"logo\":{\"@type\":\"ImageObject\",\"inLanguage\":\"es\",\"@id\":\"https:\/\/crees.org.do\/#\/schema\/logo\/image\/\",\"url\":\"https:\/\/crees.org.do\/wp-content\/uploads\/2022\/03\/crees-logo-1.jpg\",\"contentUrl\":\"https:\/\/crees.org.do\/wp-content\/uploads\/2022\/03\/crees-logo-1.jpg\",\"width\":244,\"height\":71,\"caption\":\"CREES | Centro Regional de Estrategias Econ\u00f3micas Sostenibles\"},\"image\":{\"@id\":\"https:\/\/crees.org.do\/#\/schema\/logo\/image\/\"},\"sameAs\":[\"https:\/\/www.facebook.com\/CREESRD\/\",\"https:\/\/x.com\/CREESRD\"]},{\"@type\":\"Person\",\"@id\":\"https:\/\/crees.org.do\/#\/schema\/person\/e7f97cd94d7bf9cd0e0ce30acb7d56b8\",\"name\":\"Crees\",\"image\":{\"@type\":\"ImageObject\",\"inLanguage\":\"es\",\"@id\":\"https:\/\/crees.org.do\/#\/schema\/person\/image\/\",\"url\":\"https:\/\/secure.gravatar.com\/avatar\/390ac8f0be5d9aa046152553e2dd7011b59a512d89c150f5e5f28bb8d9a0b165?s=96&d=mm&r=g\",\"contentUrl\":\"https:\/\/secure.gravatar.com\/avatar\/390ac8f0be5d9aa046152553e2dd7011b59a512d89c150f5e5f28bb8d9a0b165?s=96&d=mm&r=g\",\"caption\":\"Crees\"},\"url\":\"https:\/\/crees.org.do\/?author=2\"}]}<\/script>\n<!-- \/ Yoast SEO plugin. -->","yoast_head_json":{"title":"Entre el a\u00f1o 2000 y febrero de 2022 la deuda p\u00fablica consolidada se ha incrementado en m\u00e1s de quince veces su valor | CREES","description":"En febrero de 2022 la deuda p\u00fablica consolidada de Rep\u00fablica Dominicana ascendi\u00f3 a US$67,682.0 millones, de los cuales, US$50,806.5 millones correspond\u00edan a la deuda del sector p\u00fablico no financiero (SPNF) y los restantes US$16,875.5 millones restantes proven\u00edan de los pasivos del BCRD.","robots":{"index":"index","follow":"follow","max-snippet":"max-snippet:-1","max-image-preview":"max-image-preview:large","max-video-preview":"max-video-preview:-1"},"canonical":"https:\/\/crees.org.do\/?p=23030","og_locale":"es_ES","og_type":"article","og_title":"Entre el a\u00f1o 2000 y febrero de 2022 la deuda p\u00fablica consolidada se ha incrementado en m\u00e1s de quince veces su valor | CREES","og_description":"En febrero de 2022 la deuda p\u00fablica consolidada de Rep\u00fablica Dominicana ascendi\u00f3 a US$67,682.0 millones, de los cuales, US$50,806.5 millones correspond\u00edan a la deuda del sector p\u00fablico no financiero (SPNF) y los restantes US$16,875.5 millones restantes proven\u00edan de los pasivos del BCRD.","og_url":"https:\/\/crees.org.do\/?p=23030","og_site_name":"CREES","article_publisher":"https:\/\/www.facebook.com\/CREESRD\/","article_published_time":"2022-04-20T15:31:08+00:00","og_image":[{"width":1444,"height":1444,"url":"https:\/\/crees.org.do\/wp-content\/uploads\/2022\/04\/Screen-Shot-2022-04-20-at-11.26.02-AM.png","type":"image\/png"}],"author":"Crees","twitter_card":"summary_large_image","twitter_creator":"@CREESRD","twitter_site":"@CREESRD","twitter_misc":{"Escrito por":"Crees","Tiempo de lectura":"1 minuto"},"schema":{"@context":"https:\/\/schema.org","@graph":[{"@type":"Article","@id":"https:\/\/crees.org.do\/?p=23030#article","isPartOf":{"@id":"https:\/\/crees.org.do\/?p=23030"},"author":{"name":"Crees","@id":"https:\/\/crees.org.do\/#\/schema\/person\/e7f97cd94d7bf9cd0e0ce30acb7d56b8"},"headline":"Entre el a\u00f1o 2000 y febrero de 2022 la deuda p\u00fablica consolidada se ha incrementado en m\u00e1s de quince veces su valor","datePublished":"2022-04-20T15:31:08+00:00","mainEntityOfPage":{"@id":"https:\/\/crees.org.do\/?p=23030"},"wordCount":244,"publisher":{"@id":"https:\/\/crees.org.do\/#organization"},"image":{"@id":"https:\/\/crees.org.do\/?p=23030#primaryimage"},"thumbnailUrl":"https:\/\/crees.org.do\/wp-content\/uploads\/2022\/04\/Screen-Shot-2022-04-20-at-11.26.02-AM.png","articleSection":["Blog"],"inLanguage":"es"},{"@type":"WebPage","@id":"https:\/\/crees.org.do\/?p=23030","url":"https:\/\/crees.org.do\/?p=23030","name":"Entre el a\u00f1o 2000 y febrero de 2022 la deuda p\u00fablica consolidada se ha incrementado en m\u00e1s de quince veces su valor | CREES","isPartOf":{"@id":"https:\/\/crees.org.do\/#website"},"primaryImageOfPage":{"@id":"https:\/\/crees.org.do\/?p=23030#primaryimage"},"image":{"@id":"https:\/\/crees.org.do\/?p=23030#primaryimage"},"thumbnailUrl":"https:\/\/crees.org.do\/wp-content\/uploads\/2022\/04\/Screen-Shot-2022-04-20-at-11.26.02-AM.png","datePublished":"2022-04-20T15:31:08+00:00","description":"En febrero de 2022 la deuda p\u00fablica consolidada de Rep\u00fablica Dominicana ascendi\u00f3 a US$67,682.0 millones, de los cuales, US$50,806.5 millones correspond\u00edan a la deuda del sector p\u00fablico no financiero (SPNF) y los restantes US$16,875.5 millones restantes proven\u00edan de los pasivos del BCRD.","breadcrumb":{"@id":"https:\/\/crees.org.do\/?p=23030#breadcrumb"},"inLanguage":"es","potentialAction":[{"@type":"ReadAction","target":["https:\/\/crees.org.do\/?p=23030"]}]},{"@type":"ImageObject","inLanguage":"es","@id":"https:\/\/crees.org.do\/?p=23030#primaryimage","url":"https:\/\/crees.org.do\/wp-content\/uploads\/2022\/04\/Screen-Shot-2022-04-20-at-11.26.02-AM.png","contentUrl":"https:\/\/crees.org.do\/wp-content\/uploads\/2022\/04\/Screen-Shot-2022-04-20-at-11.26.02-AM.png","width":1444,"height":1444},{"@type":"BreadcrumbList","@id":"https:\/\/crees.org.do\/?p=23030#breadcrumb","itemListElement":[{"@type":"ListItem","position":1,"name":"Portada","item":"https:\/\/crees.org.do\/"},{"@type":"ListItem","position":2,"name":"Entre el a\u00f1o 2000 y febrero de 2022 la deuda p\u00fablica consolidada se ha incrementado en m\u00e1s de quince veces su valor"}]},{"@type":"WebSite","@id":"https:\/\/crees.org.do\/#website","url":"https:\/\/crees.org.do\/","name":"CREES","description":"Centro Regional de Estrategias Econ\u00f3micas Sostenibles","publisher":{"@id":"https:\/\/crees.org.do\/#organization"},"potentialAction":[{"@type":"SearchAction","target":{"@type":"EntryPoint","urlTemplate":"https:\/\/crees.org.do\/?s={search_term_string}"},"query-input":{"@type":"PropertyValueSpecification","valueRequired":true,"valueName":"search_term_string"}}],"inLanguage":"es"},{"@type":"Organization","@id":"https:\/\/crees.org.do\/#organization","name":"CREES | Centro Regional de Estrategias Econ\u00f3micas Sostenibles","url":"https:\/\/crees.org.do\/","logo":{"@type":"ImageObject","inLanguage":"es","@id":"https:\/\/crees.org.do\/#\/schema\/logo\/image\/","url":"https:\/\/crees.org.do\/wp-content\/uploads\/2022\/03\/crees-logo-1.jpg","contentUrl":"https:\/\/crees.org.do\/wp-content\/uploads\/2022\/03\/crees-logo-1.jpg","width":244,"height":71,"caption":"CREES | Centro Regional de Estrategias Econ\u00f3micas Sostenibles"},"image":{"@id":"https:\/\/crees.org.do\/#\/schema\/logo\/image\/"},"sameAs":["https:\/\/www.facebook.com\/CREESRD\/","https:\/\/x.com\/CREESRD"]},{"@type":"Person","@id":"https:\/\/crees.org.do\/#\/schema\/person\/e7f97cd94d7bf9cd0e0ce30acb7d56b8","name":"Crees","image":{"@type":"ImageObject","inLanguage":"es","@id":"https:\/\/crees.org.do\/#\/schema\/person\/image\/","url":"https:\/\/secure.gravatar.com\/avatar\/390ac8f0be5d9aa046152553e2dd7011b59a512d89c150f5e5f28bb8d9a0b165?s=96&d=mm&r=g","contentUrl":"https:\/\/secure.gravatar.com\/avatar\/390ac8f0be5d9aa046152553e2dd7011b59a512d89c150f5e5f28bb8d9a0b165?s=96&d=mm&r=g","caption":"Crees"},"url":"https:\/\/crees.org.do\/?author=2"}]}},"_links":{"self":[{"href":"https:\/\/crees.org.do\/index.php?rest_route=\/wp\/v2\/posts\/23030","targetHints":{"allow":["GET"]}}],"collection":[{"href":"https:\/\/crees.org.do\/index.php?rest_route=\/wp\/v2\/posts"}],"about":[{"href":"https:\/\/crees.org.do\/index.php?rest_route=\/wp\/v2\/types\/post"}],"author":[{"embeddable":true,"href":"https:\/\/crees.org.do\/index.php?rest_route=\/wp\/v2\/users\/2"}],"replies":[{"embeddable":true,"href":"https:\/\/crees.org.do\/index.php?rest_route=%2Fwp%2Fv2%2Fcomments&post=23030"}],"version-history":[{"count":1,"href":"https:\/\/crees.org.do\/index.php?rest_route=\/wp\/v2\/posts\/23030\/revisions"}],"predecessor-version":[{"id":23032,"href":"https:\/\/crees.org.do\/index.php?rest_route=\/wp\/v2\/posts\/23030\/revisions\/23032"}],"wp:featuredmedia":[{"embeddable":true,"href":"https:\/\/crees.org.do\/index.php?rest_route=\/wp\/v2\/media\/23031"}],"wp:attachment":[{"href":"https:\/\/crees.org.do\/index.php?rest_route=%2Fwp%2Fv2%2Fmedia&parent=23030"}],"wp:term":[{"taxonomy":"category","embeddable":true,"href":"https:\/\/crees.org.do\/index.php?rest_route=%2Fwp%2Fv2%2Fcategories&post=23030"},{"taxonomy":"post_tag","embeddable":true,"href":"https:\/\/crees.org.do\/index.php?rest_route=%2Fwp%2Fv2%2Ftags&post=23030"}],"curies":[{"name":"wp","href":"https:\/\/api.w.org\/{rel}","templated":true}]}}