{"id":23033,"date":"2022-04-21T19:27:41","date_gmt":"2022-04-21T19:27:41","guid":{"rendered":"https:\/\/crees.org.do\/?p=23033"},"modified":"2022-04-21T19:34:13","modified_gmt":"2022-04-21T19:34:13","slug":"baja-la-deuda-publica-como-porcentaje-del-pib-pero-sube-en-valor-absoluto","status":"publish","type":"post","link":"https:\/\/crees.org.do\/?p=23033","title":{"rendered":"Baja la deuda p\u00fablica como porcentaje del PIB pero sube en valor absoluto"},"content":{"rendered":"<p><img fetchpriority=\"high\" decoding=\"async\" class=\"aligncenter  wp-image-23034\" src=\"https:\/\/crees.org.do\/wp-content\/uploads\/2022\/04\/Screen-Shot-2022-04-21-at-3.24.12-PM.png\" alt=\"\" width=\"896\" height=\"896\" srcset=\"https:\/\/crees.org.do\/wp-content\/uploads\/2022\/04\/Screen-Shot-2022-04-21-at-3.24.12-PM.png 1444w, https:\/\/crees.org.do\/wp-content\/uploads\/2022\/04\/Screen-Shot-2022-04-21-at-3.24.12-PM-450x450.png 450w, https:\/\/crees.org.do\/wp-content\/uploads\/2022\/04\/Screen-Shot-2022-04-21-at-3.24.12-PM-150x150.png 150w, https:\/\/crees.org.do\/wp-content\/uploads\/2022\/04\/Screen-Shot-2022-04-21-at-3.24.12-PM-768x768.png 768w, https:\/\/crees.org.do\/wp-content\/uploads\/2022\/04\/Screen-Shot-2022-04-21-at-3.24.12-PM-500x500.png 500w, https:\/\/crees.org.do\/wp-content\/uploads\/2022\/04\/Screen-Shot-2022-04-21-at-3.24.12-PM-300x300.png 300w, https:\/\/crees.org.do\/wp-content\/uploads\/2022\/04\/Screen-Shot-2022-04-21-at-3.24.12-PM-600x600.png 600w, https:\/\/crees.org.do\/wp-content\/uploads\/2022\/04\/Screen-Shot-2022-04-21-at-3.24.12-PM-100x100.png 100w\" sizes=\"(max-width: 896px) 100vw, 896px\" \/><\/p>\n<p style=\"text-align: justify;\">De acuerdo con los datos de la Direcci\u00f3n General de Cr\u00e9dito P\u00fablico y el Banco Central de la Rep\u00fablica Dominicana (BCRD), en febrero de 2022 la deuda p\u00fablica consolidada de Rep\u00fablica Dominicana (incluyendo deuda intergubernamental) se ubic\u00f3 en 63.2% del PIB. Esto significa una reducci\u00f3n de 2.4 puntos porcentuales en comparaci\u00f3n la ejecuci\u00f3n en el a\u00f1o 2021. Sin embargo, en t\u00e9rminos absolutos, a febrero de 2022, la deuda p\u00fablica consolidada ascendi\u00f3 a US$67,682.0 millones. Es decir que, en comparaci\u00f3n con el nivel de endeudamiento al cierre de 2021 de US$62,036.8 millones, la deuda p\u00fablica consolidada creci\u00f3 en US$5,645.2. Un incremento neto de 8.3%.<\/p>\n<p style=\"text-align: justify;\">Emplear la relaci\u00f3n deuda sobre el PIB puede ser \u00fatil para realizar comparaciones entre pa\u00edses y en el tiempo. Sin embargo, este cociente presenta el inconveniente de que no constituye una medida que puede suministrar una idea certera sobre el riesgo que representa el nivel de endeudamiento en un determinado momento.<\/p>\n<p style=\"text-align: justify;\">Una forma m\u00e1s apropiada para analizar la sostenibilidad de la deuda es utilizar un indicador que refleje la capacidad que tiene un gobierno para hacerle frente al compromiso de la deuda. Es por esto que desde el CREES hemos venido empleando la relaci\u00f3n gasto en intereses como porcentaje de los ingresos tributarios (GIIT) para estos fines. De acuerdo con el Proyecto de Ley de Presupuesto 2022 aprobado por el congreso, el gasto en intereses representar\u00e1 un 24.9% de los ingresos tributarios estimados para este a\u00f1o; 4.9 puntos porcentuales m\u00e1s con respecto al GIIT de 2021 (20.0%).<\/p>\n<p style=\"text-align: justify;\">Seg\u00fan el presupuesto 2022 aprobado, el servicio de la deuda p\u00fablica \u2013del cual los intereses representan el 65.2%\u2013 representar\u00e1 el 38.3% de los ingresos tributarios estimados para este a\u00f1o.<\/p>\n<p style=\"text-align: justify;\">La alta cantidad de recursos que deben dedicarse para el pago de intereses, amortizaciones y cuentas por pagar, son consecuencia del endeudamiento en que ha incurrido el Estado Dominicano. Dicho endeudamiento a su vez no es m\u00e1s que el resultado de los constantes d\u00e9ficits registrados desde el 2000.<\/p>\n<p style=\"text-align: justify;\">Es importante reducir el ritmo de endeudamiento del Estado dominicano de una forma sostenible. Para lograr esto es necesario controlar el gasto p\u00fablico y hacerlo m\u00e1s eficiente, es decir, obtener mejores resultados con los recursos de los contribuyentes.<\/p>\n<div class=\"pvc_clear\"><\/div>\n<p class=\"pvc_stats all \" data-element-id=\"23033\" style=\"\"><i class=\"pvc-stats-icon medium\" aria-hidden=\"true\"><svg aria-hidden=\"true\" focusable=\"false\" data-prefix=\"far\" data-icon=\"chart-bar\" role=\"img\" xmlns=\"http:\/\/www.w3.org\/2000\/svg\" viewBox=\"0 0 512 512\" class=\"svg-inline--fa fa-chart-bar fa-w-16 fa-2x\"><path fill=\"currentColor\" d=\"M396.8 352h22.4c6.4 0 12.8-6.4 12.8-12.8V108.8c0-6.4-6.4-12.8-12.8-12.8h-22.4c-6.4 0-12.8 6.4-12.8 12.8v230.4c0 6.4 6.4 12.8 12.8 12.8zm-192 0h22.4c6.4 0 12.8-6.4 12.8-12.8V140.8c0-6.4-6.4-12.8-12.8-12.8h-22.4c-6.4 0-12.8 6.4-12.8 12.8v198.4c0 6.4 6.4 12.8 12.8 12.8zm96 0h22.4c6.4 0 12.8-6.4 12.8-12.8V204.8c0-6.4-6.4-12.8-12.8-12.8h-22.4c-6.4 0-12.8 6.4-12.8 12.8v134.4c0 6.4 6.4 12.8 12.8 12.8zM496 400H48V80c0-8.84-7.16-16-16-16H16C7.16 64 0 71.16 0 80v336c0 17.67 14.33 32 32 32h464c8.84 0 16-7.16 16-16v-16c0-8.84-7.16-16-16-16zm-387.2-48h22.4c6.4 0 12.8-6.4 12.8-12.8v-70.4c0-6.4-6.4-12.8-12.8-12.8h-22.4c-6.4 0-12.8 6.4-12.8 12.8v70.4c0 6.4 6.4 12.8 12.8 12.8z\" class=\"\"><\/path><\/svg><\/i> Vistas Totales&nbsp;2,397&nbsp;<\/p>\n<div class=\"pvc_clear\"><\/div>\n","protected":false},"excerpt":{"rendered":"<p>De acuerdo con los datos de la Direcci\u00f3n General de Cr\u00e9dito P\u00fablico y el Banco Central de la Rep\u00fablica Dominicana (BCRD), en febrero de 2022 la deuda p\u00fablica consolidada de Rep\u00fablica Dominicana (incluyendo deuda intergubernamental) se ubic\u00f3 en 63.2% del PIB. Esto significa una reducci\u00f3n de 2.4 puntos porcentuales en comparaci\u00f3n la ejecuci\u00f3n en el&#8230;<\/p>\n<div class=\"pvc_clear\"><\/div>\n<p class=\"pvc_stats all \" data-element-id=\"23033\" style=\"\"><i class=\"pvc-stats-icon medium\" aria-hidden=\"true\"><svg aria-hidden=\"true\" focusable=\"false\" data-prefix=\"far\" data-icon=\"chart-bar\" role=\"img\" xmlns=\"http:\/\/www.w3.org\/2000\/svg\" viewBox=\"0 0 512 512\" class=\"svg-inline--fa fa-chart-bar fa-w-16 fa-2x\"><path fill=\"currentColor\" d=\"M396.8 352h22.4c6.4 0 12.8-6.4 12.8-12.8V108.8c0-6.4-6.4-12.8-12.8-12.8h-22.4c-6.4 0-12.8 6.4-12.8 12.8v230.4c0 6.4 6.4 12.8 12.8 12.8zm-192 0h22.4c6.4 0 12.8-6.4 12.8-12.8V140.8c0-6.4-6.4-12.8-12.8-12.8h-22.4c-6.4 0-12.8 6.4-12.8 12.8v198.4c0 6.4 6.4 12.8 12.8 12.8zm96 0h22.4c6.4 0 12.8-6.4 12.8-12.8V204.8c0-6.4-6.4-12.8-12.8-12.8h-22.4c-6.4 0-12.8 6.4-12.8 12.8v134.4c0 6.4 6.4 12.8 12.8 12.8zM496 400H48V80c0-8.84-7.16-16-16-16H16C7.16 64 0 71.16 0 80v336c0 17.67 14.33 32 32 32h464c8.84 0 16-7.16 16-16v-16c0-8.84-7.16-16-16-16zm-387.2-48h22.4c6.4 0 12.8-6.4 12.8-12.8v-70.4c0-6.4-6.4-12.8-12.8-12.8h-22.4c-6.4 0-12.8 6.4-12.8 12.8v70.4c0 6.4 6.4 12.8 12.8 12.8z\" class=\"\"><\/path><\/svg><\/i> Vistas Totales&nbsp;2,397&nbsp;<\/p>\n<div class=\"pvc_clear\"><\/div>\n","protected":false},"author":2,"featured_media":23034,"comment_status":"closed","ping_status":"closed","sticky":false,"template":"","format":"standard","meta":{"footnotes":""},"categories":[21],"tags":[],"class_list":["post-23033","post","type-post","status-publish","format-standard","has-post-thumbnail","hentry","category-blog"],"yoast_head":"<!-- This site is optimized with the Yoast SEO plugin v25.2 - https:\/\/yoast.com\/wordpress\/plugins\/seo\/ -->\n<title>Baja la deuda p\u00fablica como porcentaje del PIB pero sube en valor absoluto | CREES<\/title>\n<meta name=\"robots\" content=\"index, follow, max-snippet:-1, max-image-preview:large, max-video-preview:-1\" \/>\n<link rel=\"canonical\" href=\"https:\/\/crees.org.do\/?p=23033\" \/>\n<meta property=\"og:locale\" content=\"es_ES\" \/>\n<meta property=\"og:type\" content=\"article\" \/>\n<meta property=\"og:title\" content=\"Baja la deuda p\u00fablica como porcentaje del PIB pero sube en valor absoluto | CREES\" \/>\n<meta property=\"og:description\" content=\"De acuerdo con los datos de la Direcci\u00f3n General de Cr\u00e9dito P\u00fablico y el Banco Central de la Rep\u00fablica Dominicana (BCRD), en febrero de 2022 la deuda p\u00fablica consolidada de Rep\u00fablica Dominicana (incluyendo deuda intergubernamental) se ubic\u00f3 en 63.2% del PIB. Esto significa una reducci\u00f3n de 2.4 puntos porcentuales en comparaci\u00f3n la ejecuci\u00f3n en el...\" \/>\n<meta property=\"og:url\" content=\"https:\/\/crees.org.do\/?p=23033\" \/>\n<meta property=\"og:site_name\" content=\"CREES\" \/>\n<meta property=\"article:publisher\" content=\"https:\/\/www.facebook.com\/CREESRD\/\" \/>\n<meta property=\"article:published_time\" content=\"2022-04-21T19:27:41+00:00\" \/>\n<meta property=\"article:modified_time\" content=\"2022-04-21T19:34:13+00:00\" \/>\n<meta property=\"og:image\" content=\"https:\/\/crees.org.do\/wp-content\/uploads\/2022\/04\/Screen-Shot-2022-04-21-at-3.24.12-PM.png\" \/>\n\t<meta property=\"og:image:width\" content=\"1444\" \/>\n\t<meta property=\"og:image:height\" content=\"1444\" \/>\n\t<meta property=\"og:image:type\" content=\"image\/png\" \/>\n<meta name=\"author\" content=\"Crees\" \/>\n<meta name=\"twitter:card\" content=\"summary_large_image\" \/>\n<meta name=\"twitter:creator\" content=\"@CREESRD\" \/>\n<meta name=\"twitter:site\" content=\"@CREESRD\" \/>\n<meta name=\"twitter:label1\" content=\"Escrito por\" \/>\n\t<meta name=\"twitter:data1\" content=\"Crees\" \/>\n\t<meta name=\"twitter:label2\" content=\"Tiempo de lectura\" \/>\n\t<meta name=\"twitter:data2\" content=\"2 minutos\" \/>\n<script type=\"application\/ld+json\" class=\"yoast-schema-graph\">{\"@context\":\"https:\/\/schema.org\",\"@graph\":[{\"@type\":\"Article\",\"@id\":\"https:\/\/crees.org.do\/?p=23033#article\",\"isPartOf\":{\"@id\":\"https:\/\/crees.org.do\/?p=23033\"},\"author\":{\"name\":\"Crees\",\"@id\":\"https:\/\/crees.org.do\/#\/schema\/person\/e7f97cd94d7bf9cd0e0ce30acb7d56b8\"},\"headline\":\"Baja la deuda p\u00fablica como porcentaje del PIB pero sube en valor absoluto\",\"datePublished\":\"2022-04-21T19:27:41+00:00\",\"dateModified\":\"2022-04-21T19:34:13+00:00\",\"mainEntityOfPage\":{\"@id\":\"https:\/\/crees.org.do\/?p=23033\"},\"wordCount\":390,\"publisher\":{\"@id\":\"https:\/\/crees.org.do\/#organization\"},\"image\":{\"@id\":\"https:\/\/crees.org.do\/?p=23033#primaryimage\"},\"thumbnailUrl\":\"https:\/\/crees.org.do\/wp-content\/uploads\/2022\/04\/Screen-Shot-2022-04-21-at-3.24.12-PM.png\",\"articleSection\":[\"Blog\"],\"inLanguage\":\"es\"},{\"@type\":\"WebPage\",\"@id\":\"https:\/\/crees.org.do\/?p=23033\",\"url\":\"https:\/\/crees.org.do\/?p=23033\",\"name\":\"Baja la deuda p\u00fablica como porcentaje del PIB pero sube en valor absoluto | CREES\",\"isPartOf\":{\"@id\":\"https:\/\/crees.org.do\/#website\"},\"primaryImageOfPage\":{\"@id\":\"https:\/\/crees.org.do\/?p=23033#primaryimage\"},\"image\":{\"@id\":\"https:\/\/crees.org.do\/?p=23033#primaryimage\"},\"thumbnailUrl\":\"https:\/\/crees.org.do\/wp-content\/uploads\/2022\/04\/Screen-Shot-2022-04-21-at-3.24.12-PM.png\",\"datePublished\":\"2022-04-21T19:27:41+00:00\",\"dateModified\":\"2022-04-21T19:34:13+00:00\",\"breadcrumb\":{\"@id\":\"https:\/\/crees.org.do\/?p=23033#breadcrumb\"},\"inLanguage\":\"es\",\"potentialAction\":[{\"@type\":\"ReadAction\",\"target\":[\"https:\/\/crees.org.do\/?p=23033\"]}]},{\"@type\":\"ImageObject\",\"inLanguage\":\"es\",\"@id\":\"https:\/\/crees.org.do\/?p=23033#primaryimage\",\"url\":\"https:\/\/crees.org.do\/wp-content\/uploads\/2022\/04\/Screen-Shot-2022-04-21-at-3.24.12-PM.png\",\"contentUrl\":\"https:\/\/crees.org.do\/wp-content\/uploads\/2022\/04\/Screen-Shot-2022-04-21-at-3.24.12-PM.png\",\"width\":1444,\"height\":1444},{\"@type\":\"BreadcrumbList\",\"@id\":\"https:\/\/crees.org.do\/?p=23033#breadcrumb\",\"itemListElement\":[{\"@type\":\"ListItem\",\"position\":1,\"name\":\"Portada\",\"item\":\"https:\/\/crees.org.do\/\"},{\"@type\":\"ListItem\",\"position\":2,\"name\":\"Baja la deuda p\u00fablica como porcentaje del PIB pero sube en valor absoluto\"}]},{\"@type\":\"WebSite\",\"@id\":\"https:\/\/crees.org.do\/#website\",\"url\":\"https:\/\/crees.org.do\/\",\"name\":\"CREES\",\"description\":\"Centro Regional de Estrategias Econ\u00f3micas Sostenibles\",\"publisher\":{\"@id\":\"https:\/\/crees.org.do\/#organization\"},\"potentialAction\":[{\"@type\":\"SearchAction\",\"target\":{\"@type\":\"EntryPoint\",\"urlTemplate\":\"https:\/\/crees.org.do\/?s={search_term_string}\"},\"query-input\":{\"@type\":\"PropertyValueSpecification\",\"valueRequired\":true,\"valueName\":\"search_term_string\"}}],\"inLanguage\":\"es\"},{\"@type\":\"Organization\",\"@id\":\"https:\/\/crees.org.do\/#organization\",\"name\":\"CREES | Centro Regional de Estrategias Econ\u00f3micas Sostenibles\",\"url\":\"https:\/\/crees.org.do\/\",\"logo\":{\"@type\":\"ImageObject\",\"inLanguage\":\"es\",\"@id\":\"https:\/\/crees.org.do\/#\/schema\/logo\/image\/\",\"url\":\"https:\/\/crees.org.do\/wp-content\/uploads\/2022\/03\/crees-logo-1.jpg\",\"contentUrl\":\"https:\/\/crees.org.do\/wp-content\/uploads\/2022\/03\/crees-logo-1.jpg\",\"width\":244,\"height\":71,\"caption\":\"CREES | Centro Regional de Estrategias Econ\u00f3micas Sostenibles\"},\"image\":{\"@id\":\"https:\/\/crees.org.do\/#\/schema\/logo\/image\/\"},\"sameAs\":[\"https:\/\/www.facebook.com\/CREESRD\/\",\"https:\/\/x.com\/CREESRD\"]},{\"@type\":\"Person\",\"@id\":\"https:\/\/crees.org.do\/#\/schema\/person\/e7f97cd94d7bf9cd0e0ce30acb7d56b8\",\"name\":\"Crees\",\"image\":{\"@type\":\"ImageObject\",\"inLanguage\":\"es\",\"@id\":\"https:\/\/crees.org.do\/#\/schema\/person\/image\/\",\"url\":\"https:\/\/secure.gravatar.com\/avatar\/390ac8f0be5d9aa046152553e2dd7011b59a512d89c150f5e5f28bb8d9a0b165?s=96&d=mm&r=g\",\"contentUrl\":\"https:\/\/secure.gravatar.com\/avatar\/390ac8f0be5d9aa046152553e2dd7011b59a512d89c150f5e5f28bb8d9a0b165?s=96&d=mm&r=g\",\"caption\":\"Crees\"},\"url\":\"https:\/\/crees.org.do\/?author=2\"}]}<\/script>\n<!-- \/ Yoast SEO plugin. -->","yoast_head_json":{"title":"Baja la deuda p\u00fablica como porcentaje del PIB pero sube en valor absoluto | CREES","robots":{"index":"index","follow":"follow","max-snippet":"max-snippet:-1","max-image-preview":"max-image-preview:large","max-video-preview":"max-video-preview:-1"},"canonical":"https:\/\/crees.org.do\/?p=23033","og_locale":"es_ES","og_type":"article","og_title":"Baja la deuda p\u00fablica como porcentaje del PIB pero sube en valor absoluto | CREES","og_description":"De acuerdo con los datos de la Direcci\u00f3n General de Cr\u00e9dito P\u00fablico y el Banco Central de la Rep\u00fablica Dominicana (BCRD), en febrero de 2022 la deuda p\u00fablica consolidada de Rep\u00fablica Dominicana (incluyendo deuda intergubernamental) se ubic\u00f3 en 63.2% del PIB. Esto significa una reducci\u00f3n de 2.4 puntos porcentuales en comparaci\u00f3n la ejecuci\u00f3n en el...","og_url":"https:\/\/crees.org.do\/?p=23033","og_site_name":"CREES","article_publisher":"https:\/\/www.facebook.com\/CREESRD\/","article_published_time":"2022-04-21T19:27:41+00:00","article_modified_time":"2022-04-21T19:34:13+00:00","og_image":[{"width":1444,"height":1444,"url":"https:\/\/crees.org.do\/wp-content\/uploads\/2022\/04\/Screen-Shot-2022-04-21-at-3.24.12-PM.png","type":"image\/png"}],"author":"Crees","twitter_card":"summary_large_image","twitter_creator":"@CREESRD","twitter_site":"@CREESRD","twitter_misc":{"Escrito por":"Crees","Tiempo de lectura":"2 minutos"},"schema":{"@context":"https:\/\/schema.org","@graph":[{"@type":"Article","@id":"https:\/\/crees.org.do\/?p=23033#article","isPartOf":{"@id":"https:\/\/crees.org.do\/?p=23033"},"author":{"name":"Crees","@id":"https:\/\/crees.org.do\/#\/schema\/person\/e7f97cd94d7bf9cd0e0ce30acb7d56b8"},"headline":"Baja la deuda p\u00fablica como porcentaje del PIB pero sube en valor absoluto","datePublished":"2022-04-21T19:27:41+00:00","dateModified":"2022-04-21T19:34:13+00:00","mainEntityOfPage":{"@id":"https:\/\/crees.org.do\/?p=23033"},"wordCount":390,"publisher":{"@id":"https:\/\/crees.org.do\/#organization"},"image":{"@id":"https:\/\/crees.org.do\/?p=23033#primaryimage"},"thumbnailUrl":"https:\/\/crees.org.do\/wp-content\/uploads\/2022\/04\/Screen-Shot-2022-04-21-at-3.24.12-PM.png","articleSection":["Blog"],"inLanguage":"es"},{"@type":"WebPage","@id":"https:\/\/crees.org.do\/?p=23033","url":"https:\/\/crees.org.do\/?p=23033","name":"Baja la deuda p\u00fablica como porcentaje del PIB pero sube en valor absoluto | CREES","isPartOf":{"@id":"https:\/\/crees.org.do\/#website"},"primaryImageOfPage":{"@id":"https:\/\/crees.org.do\/?p=23033#primaryimage"},"image":{"@id":"https:\/\/crees.org.do\/?p=23033#primaryimage"},"thumbnailUrl":"https:\/\/crees.org.do\/wp-content\/uploads\/2022\/04\/Screen-Shot-2022-04-21-at-3.24.12-PM.png","datePublished":"2022-04-21T19:27:41+00:00","dateModified":"2022-04-21T19:34:13+00:00","breadcrumb":{"@id":"https:\/\/crees.org.do\/?p=23033#breadcrumb"},"inLanguage":"es","potentialAction":[{"@type":"ReadAction","target":["https:\/\/crees.org.do\/?p=23033"]}]},{"@type":"ImageObject","inLanguage":"es","@id":"https:\/\/crees.org.do\/?p=23033#primaryimage","url":"https:\/\/crees.org.do\/wp-content\/uploads\/2022\/04\/Screen-Shot-2022-04-21-at-3.24.12-PM.png","contentUrl":"https:\/\/crees.org.do\/wp-content\/uploads\/2022\/04\/Screen-Shot-2022-04-21-at-3.24.12-PM.png","width":1444,"height":1444},{"@type":"BreadcrumbList","@id":"https:\/\/crees.org.do\/?p=23033#breadcrumb","itemListElement":[{"@type":"ListItem","position":1,"name":"Portada","item":"https:\/\/crees.org.do\/"},{"@type":"ListItem","position":2,"name":"Baja la deuda p\u00fablica como porcentaje del PIB pero sube en valor absoluto"}]},{"@type":"WebSite","@id":"https:\/\/crees.org.do\/#website","url":"https:\/\/crees.org.do\/","name":"CREES","description":"Centro Regional de Estrategias Econ\u00f3micas Sostenibles","publisher":{"@id":"https:\/\/crees.org.do\/#organization"},"potentialAction":[{"@type":"SearchAction","target":{"@type":"EntryPoint","urlTemplate":"https:\/\/crees.org.do\/?s={search_term_string}"},"query-input":{"@type":"PropertyValueSpecification","valueRequired":true,"valueName":"search_term_string"}}],"inLanguage":"es"},{"@type":"Organization","@id":"https:\/\/crees.org.do\/#organization","name":"CREES | Centro Regional de Estrategias Econ\u00f3micas Sostenibles","url":"https:\/\/crees.org.do\/","logo":{"@type":"ImageObject","inLanguage":"es","@id":"https:\/\/crees.org.do\/#\/schema\/logo\/image\/","url":"https:\/\/crees.org.do\/wp-content\/uploads\/2022\/03\/crees-logo-1.jpg","contentUrl":"https:\/\/crees.org.do\/wp-content\/uploads\/2022\/03\/crees-logo-1.jpg","width":244,"height":71,"caption":"CREES | Centro Regional de Estrategias Econ\u00f3micas Sostenibles"},"image":{"@id":"https:\/\/crees.org.do\/#\/schema\/logo\/image\/"},"sameAs":["https:\/\/www.facebook.com\/CREESRD\/","https:\/\/x.com\/CREESRD"]},{"@type":"Person","@id":"https:\/\/crees.org.do\/#\/schema\/person\/e7f97cd94d7bf9cd0e0ce30acb7d56b8","name":"Crees","image":{"@type":"ImageObject","inLanguage":"es","@id":"https:\/\/crees.org.do\/#\/schema\/person\/image\/","url":"https:\/\/secure.gravatar.com\/avatar\/390ac8f0be5d9aa046152553e2dd7011b59a512d89c150f5e5f28bb8d9a0b165?s=96&d=mm&r=g","contentUrl":"https:\/\/secure.gravatar.com\/avatar\/390ac8f0be5d9aa046152553e2dd7011b59a512d89c150f5e5f28bb8d9a0b165?s=96&d=mm&r=g","caption":"Crees"},"url":"https:\/\/crees.org.do\/?author=2"}]}},"_links":{"self":[{"href":"https:\/\/crees.org.do\/index.php?rest_route=\/wp\/v2\/posts\/23033","targetHints":{"allow":["GET"]}}],"collection":[{"href":"https:\/\/crees.org.do\/index.php?rest_route=\/wp\/v2\/posts"}],"about":[{"href":"https:\/\/crees.org.do\/index.php?rest_route=\/wp\/v2\/types\/post"}],"author":[{"embeddable":true,"href":"https:\/\/crees.org.do\/index.php?rest_route=\/wp\/v2\/users\/2"}],"replies":[{"embeddable":true,"href":"https:\/\/crees.org.do\/index.php?rest_route=%2Fwp%2Fv2%2Fcomments&post=23033"}],"version-history":[{"count":2,"href":"https:\/\/crees.org.do\/index.php?rest_route=\/wp\/v2\/posts\/23033\/revisions"}],"predecessor-version":[{"id":23036,"href":"https:\/\/crees.org.do\/index.php?rest_route=\/wp\/v2\/posts\/23033\/revisions\/23036"}],"wp:featuredmedia":[{"embeddable":true,"href":"https:\/\/crees.org.do\/index.php?rest_route=\/wp\/v2\/media\/23034"}],"wp:attachment":[{"href":"https:\/\/crees.org.do\/index.php?rest_route=%2Fwp%2Fv2%2Fmedia&parent=23033"}],"wp:term":[{"taxonomy":"category","embeddable":true,"href":"https:\/\/crees.org.do\/index.php?rest_route=%2Fwp%2Fv2%2Fcategories&post=23033"},{"taxonomy":"post_tag","embeddable":true,"href":"https:\/\/crees.org.do\/index.php?rest_route=%2Fwp%2Fv2%2Ftags&post=23033"}],"curies":[{"name":"wp","href":"https:\/\/api.w.org\/{rel}","templated":true}]}}