{"id":23060,"date":"2022-04-29T17:06:54","date_gmt":"2022-04-29T17:06:54","guid":{"rendered":"https:\/\/crees.org.do\/?p=23060"},"modified":"2022-04-29T17:06:54","modified_gmt":"2022-04-29T17:06:54","slug":"llegada-acumulada-de-pasajeros-extranjeros-a-marzo-2022","status":"publish","type":"post","link":"https:\/\/crees.org.do\/?p=23060","title":{"rendered":"Llegada acumulada de pasajeros extranjeros a marzo 2022"},"content":{"rendered":"<p>&nbsp;<\/p>\n<p><img fetchpriority=\"high\" decoding=\"async\" class=\"aligncenter  wp-image-23061\" src=\"https:\/\/crees.org.do\/wp-content\/uploads\/2022\/04\/Llegada-de-pasajero-marzo-2022-1.jpg\" alt=\"\" width=\"896\" height=\"896\" srcset=\"https:\/\/crees.org.do\/wp-content\/uploads\/2022\/04\/Llegada-de-pasajero-marzo-2022-1.jpg 1080w, https:\/\/crees.org.do\/wp-content\/uploads\/2022\/04\/Llegada-de-pasajero-marzo-2022-1-450x450.jpg 450w, https:\/\/crees.org.do\/wp-content\/uploads\/2022\/04\/Llegada-de-pasajero-marzo-2022-1-150x150.jpg 150w, https:\/\/crees.org.do\/wp-content\/uploads\/2022\/04\/Llegada-de-pasajero-marzo-2022-1-768x768.jpg 768w, https:\/\/crees.org.do\/wp-content\/uploads\/2022\/04\/Llegada-de-pasajero-marzo-2022-1-500x500.jpg 500w, https:\/\/crees.org.do\/wp-content\/uploads\/2022\/04\/Llegada-de-pasajero-marzo-2022-1-300x300.jpg 300w, https:\/\/crees.org.do\/wp-content\/uploads\/2022\/04\/Llegada-de-pasajero-marzo-2022-1-600x600.jpg 600w, https:\/\/crees.org.do\/wp-content\/uploads\/2022\/04\/Llegada-de-pasajero-marzo-2022-1-100x100.jpg 100w\" sizes=\"(max-width: 896px) 100vw, 896px\" \/><\/p>\n<p><img decoding=\"async\" class=\"aligncenter  wp-image-23062\" src=\"https:\/\/crees.org.do\/wp-content\/uploads\/2022\/04\/Tabla-29-de-abril-2022.png\" alt=\"\" width=\"896\" height=\"896\" srcset=\"https:\/\/crees.org.do\/wp-content\/uploads\/2022\/04\/Tabla-29-de-abril-2022.png 1414w, https:\/\/crees.org.do\/wp-content\/uploads\/2022\/04\/Tabla-29-de-abril-2022-450x450.png 450w, https:\/\/crees.org.do\/wp-content\/uploads\/2022\/04\/Tabla-29-de-abril-2022-150x150.png 150w, https:\/\/crees.org.do\/wp-content\/uploads\/2022\/04\/Tabla-29-de-abril-2022-768x768.png 768w, https:\/\/crees.org.do\/wp-content\/uploads\/2022\/04\/Tabla-29-de-abril-2022-500x500.png 500w, https:\/\/crees.org.do\/wp-content\/uploads\/2022\/04\/Tabla-29-de-abril-2022-300x300.png 300w, https:\/\/crees.org.do\/wp-content\/uploads\/2022\/04\/Tabla-29-de-abril-2022-600x600.png 600w, https:\/\/crees.org.do\/wp-content\/uploads\/2022\/04\/Tabla-29-de-abril-2022-100x100.png 100w\" sizes=\"(max-width: 896px) 100vw, 896px\" \/><\/p>\n<p style=\"text-align: justify;\">En el primer trimestre de 2022 la llegada acumulada de pasajeros extranjeros no residentes fue de 1,430,298, que en comparaci\u00f3n con los 465,411 de 2021 equivalen a unos 964,887 visitantes m\u00e1s. Es decir, una crecimiento interanual de 207.3% con respecto al mismo periodo del a\u00f1o 2021. En comparaci\u00f3n con el 2020, la llegada acumulada en el periodo enero-marzo representa un aumento de 20.3%, equivalente a\u00a0 241,353\u00a0 visitantes m\u00e1s.<\/p>\n<p style=\"text-align: justify;\">La llegada de turistas norteamericanos, que actualmente representa el 43.7% del total de visitantes extranjeros, se increment\u00f3 en 136.9% en comparaci\u00f3n al mismo periodo del a\u00f1o pasado, lo que significa 360,953 turistas m\u00e1s. En particular, solo la llegada de turistas estadounidenses actualmente representa un 32.8% del total de visitantes extranjeros, equivalente a unos 469,267 turistas; la misma increment\u00f3 47.6% con respecto al mismo periodo del a\u00f1o pasado, lo que equivale a unos 151,442 turistas m\u00e1s.<\/p>\n<p style=\"text-align: justify;\">La llegada de turistas europeos representa el 32.5% del total de visitantes extranjeros y se increment\u00f3 en 410.4% en comparaci\u00f3n al mismo periodo del a\u00f1o pasado, lo que significa 373,925 turistas m\u00e1s.<\/p>\n<p style=\"text-align: justify;\">A marzo de 2022 se registraron 1,714,947 visitantes no residentes, es decir, tanto extranjeros como dominicano que ingresaron al pa\u00eds por los diferentes aeropuertos internacionales. Esta cifra significa una diferencia de\u00a0 997,862 visitantes m\u00e1s con respecto al mismo periodo del 2021 y una diferencia de\u00a0 322,488 m\u00e1s con respecto al 2020.<\/p>\n<p style=\"text-align: justify;\">Cabe mencionar que en el periodo enero-marzo 2022 la tasa promedio de ocupaci\u00f3n en establecimientos de alojamientos tur\u00edsticos fue de 72.9%, un aumento de 38.1 puntos porcentuales en comparaci\u00f3n con la tasa promedio de 2021 y 4.8 puntos porcentuales en comparaci\u00f3n con la tasa de 2020.<\/p>\n<div class=\"pvc_clear\"><\/div>\n<p class=\"pvc_stats all \" data-element-id=\"23060\" style=\"\"><i class=\"pvc-stats-icon medium\" aria-hidden=\"true\"><svg aria-hidden=\"true\" focusable=\"false\" data-prefix=\"far\" data-icon=\"chart-bar\" role=\"img\" xmlns=\"http:\/\/www.w3.org\/2000\/svg\" viewBox=\"0 0 512 512\" class=\"svg-inline--fa fa-chart-bar fa-w-16 fa-2x\"><path fill=\"currentColor\" d=\"M396.8 352h22.4c6.4 0 12.8-6.4 12.8-12.8V108.8c0-6.4-6.4-12.8-12.8-12.8h-22.4c-6.4 0-12.8 6.4-12.8 12.8v230.4c0 6.4 6.4 12.8 12.8 12.8zm-192 0h22.4c6.4 0 12.8-6.4 12.8-12.8V140.8c0-6.4-6.4-12.8-12.8-12.8h-22.4c-6.4 0-12.8 6.4-12.8 12.8v198.4c0 6.4 6.4 12.8 12.8 12.8zm96 0h22.4c6.4 0 12.8-6.4 12.8-12.8V204.8c0-6.4-6.4-12.8-12.8-12.8h-22.4c-6.4 0-12.8 6.4-12.8 12.8v134.4c0 6.4 6.4 12.8 12.8 12.8zM496 400H48V80c0-8.84-7.16-16-16-16H16C7.16 64 0 71.16 0 80v336c0 17.67 14.33 32 32 32h464c8.84 0 16-7.16 16-16v-16c0-8.84-7.16-16-16-16zm-387.2-48h22.4c6.4 0 12.8-6.4 12.8-12.8v-70.4c0-6.4-6.4-12.8-12.8-12.8h-22.4c-6.4 0-12.8 6.4-12.8 12.8v70.4c0 6.4 6.4 12.8 12.8 12.8z\" class=\"\"><\/path><\/svg><\/i> Vistas Totales&nbsp;1,132&nbsp;, Vistas Hoy&nbsp;4&nbsp;<\/p>\n<div class=\"pvc_clear\"><\/div>\n","protected":false},"excerpt":{"rendered":"<p>&nbsp; En el primer trimestre de 2022 la llegada acumulada de pasajeros extranjeros no residentes fue de 1,430,298, que en comparaci\u00f3n con los 465,411 de 2021 equivalen a unos 964,887 visitantes m\u00e1s. Es decir, una crecimiento interanual de 207.3% con respecto al mismo periodo del a\u00f1o 2021. En comparaci\u00f3n con el 2020, la llegada acumulada&#8230;<\/p>\n<div class=\"pvc_clear\"><\/div>\n<p class=\"pvc_stats all \" data-element-id=\"23060\" style=\"\"><i class=\"pvc-stats-icon medium\" aria-hidden=\"true\"><svg aria-hidden=\"true\" focusable=\"false\" data-prefix=\"far\" data-icon=\"chart-bar\" role=\"img\" xmlns=\"http:\/\/www.w3.org\/2000\/svg\" viewBox=\"0 0 512 512\" class=\"svg-inline--fa fa-chart-bar fa-w-16 fa-2x\"><path fill=\"currentColor\" d=\"M396.8 352h22.4c6.4 0 12.8-6.4 12.8-12.8V108.8c0-6.4-6.4-12.8-12.8-12.8h-22.4c-6.4 0-12.8 6.4-12.8 12.8v230.4c0 6.4 6.4 12.8 12.8 12.8zm-192 0h22.4c6.4 0 12.8-6.4 12.8-12.8V140.8c0-6.4-6.4-12.8-12.8-12.8h-22.4c-6.4 0-12.8 6.4-12.8 12.8v198.4c0 6.4 6.4 12.8 12.8 12.8zm96 0h22.4c6.4 0 12.8-6.4 12.8-12.8V204.8c0-6.4-6.4-12.8-12.8-12.8h-22.4c-6.4 0-12.8 6.4-12.8 12.8v134.4c0 6.4 6.4 12.8 12.8 12.8zM496 400H48V80c0-8.84-7.16-16-16-16H16C7.16 64 0 71.16 0 80v336c0 17.67 14.33 32 32 32h464c8.84 0 16-7.16 16-16v-16c0-8.84-7.16-16-16-16zm-387.2-48h22.4c6.4 0 12.8-6.4 12.8-12.8v-70.4c0-6.4-6.4-12.8-12.8-12.8h-22.4c-6.4 0-12.8 6.4-12.8 12.8v70.4c0 6.4 6.4 12.8 12.8 12.8z\" class=\"\"><\/path><\/svg><\/i> Vistas Totales&nbsp;1,132&nbsp;, Vistas Hoy&nbsp;4&nbsp;<\/p>\n<div class=\"pvc_clear\"><\/div>\n","protected":false},"author":2,"featured_media":23061,"comment_status":"closed","ping_status":"closed","sticky":false,"template":"","format":"standard","meta":{"footnotes":""},"categories":[21],"tags":[],"class_list":["post-23060","post","type-post","status-publish","format-standard","has-post-thumbnail","hentry","category-blog"],"yoast_head":"<!-- This site is optimized with the Yoast SEO plugin v25.2 - https:\/\/yoast.com\/wordpress\/plugins\/seo\/ -->\n<title>Llegada acumulada de pasajeros extranjeros a marzo 2022 | CREES<\/title>\n<meta name=\"robots\" content=\"index, follow, max-snippet:-1, max-image-preview:large, max-video-preview:-1\" \/>\n<link rel=\"canonical\" href=\"https:\/\/crees.org.do\/?p=23060\" \/>\n<meta property=\"og:locale\" content=\"es_ES\" \/>\n<meta property=\"og:type\" content=\"article\" \/>\n<meta property=\"og:title\" content=\"Llegada acumulada de pasajeros extranjeros a marzo 2022 | CREES\" \/>\n<meta property=\"og:description\" content=\"&nbsp; En el primer trimestre de 2022 la llegada acumulada de pasajeros extranjeros no residentes fue de 1,430,298, que en comparaci\u00f3n con los 465,411 de 2021 equivalen a unos 964,887 visitantes m\u00e1s. Es decir, una crecimiento interanual de 207.3% con respecto al mismo periodo del a\u00f1o 2021. En comparaci\u00f3n con el 2020, la llegada acumulada...\" \/>\n<meta property=\"og:url\" content=\"https:\/\/crees.org.do\/?p=23060\" \/>\n<meta property=\"og:site_name\" content=\"CREES\" \/>\n<meta property=\"article:publisher\" content=\"https:\/\/www.facebook.com\/CREESRD\/\" \/>\n<meta property=\"article:published_time\" content=\"2022-04-29T17:06:54+00:00\" \/>\n<meta property=\"og:image\" content=\"https:\/\/crees.org.do\/wp-content\/uploads\/2022\/04\/Llegada-de-pasajero-marzo-2022-1.jpg\" \/>\n\t<meta property=\"og:image:width\" content=\"1080\" \/>\n\t<meta property=\"og:image:height\" content=\"1080\" \/>\n\t<meta property=\"og:image:type\" content=\"image\/jpeg\" \/>\n<meta name=\"author\" content=\"Crees\" \/>\n<meta name=\"twitter:card\" content=\"summary_large_image\" \/>\n<meta name=\"twitter:creator\" content=\"@CREESRD\" \/>\n<meta name=\"twitter:site\" content=\"@CREESRD\" \/>\n<meta name=\"twitter:label1\" content=\"Escrito por\" \/>\n\t<meta name=\"twitter:data1\" content=\"Crees\" \/>\n\t<meta name=\"twitter:label2\" content=\"Tiempo de lectura\" \/>\n\t<meta name=\"twitter:data2\" content=\"2 minutos\" \/>\n<script type=\"application\/ld+json\" class=\"yoast-schema-graph\">{\"@context\":\"https:\/\/schema.org\",\"@graph\":[{\"@type\":\"Article\",\"@id\":\"https:\/\/crees.org.do\/?p=23060#article\",\"isPartOf\":{\"@id\":\"https:\/\/crees.org.do\/?p=23060\"},\"author\":{\"name\":\"Crees\",\"@id\":\"https:\/\/crees.org.do\/#\/schema\/person\/e7f97cd94d7bf9cd0e0ce30acb7d56b8\"},\"headline\":\"Llegada acumulada de pasajeros extranjeros a marzo 2022\",\"datePublished\":\"2022-04-29T17:06:54+00:00\",\"mainEntityOfPage\":{\"@id\":\"https:\/\/crees.org.do\/?p=23060\"},\"wordCount\":268,\"publisher\":{\"@id\":\"https:\/\/crees.org.do\/#organization\"},\"image\":{\"@id\":\"https:\/\/crees.org.do\/?p=23060#primaryimage\"},\"thumbnailUrl\":\"https:\/\/crees.org.do\/wp-content\/uploads\/2022\/04\/Llegada-de-pasajero-marzo-2022-1.jpg\",\"articleSection\":[\"Blog\"],\"inLanguage\":\"es\"},{\"@type\":\"WebPage\",\"@id\":\"https:\/\/crees.org.do\/?p=23060\",\"url\":\"https:\/\/crees.org.do\/?p=23060\",\"name\":\"Llegada acumulada de pasajeros extranjeros a marzo 2022 | CREES\",\"isPartOf\":{\"@id\":\"https:\/\/crees.org.do\/#website\"},\"primaryImageOfPage\":{\"@id\":\"https:\/\/crees.org.do\/?p=23060#primaryimage\"},\"image\":{\"@id\":\"https:\/\/crees.org.do\/?p=23060#primaryimage\"},\"thumbnailUrl\":\"https:\/\/crees.org.do\/wp-content\/uploads\/2022\/04\/Llegada-de-pasajero-marzo-2022-1.jpg\",\"datePublished\":\"2022-04-29T17:06:54+00:00\",\"breadcrumb\":{\"@id\":\"https:\/\/crees.org.do\/?p=23060#breadcrumb\"},\"inLanguage\":\"es\",\"potentialAction\":[{\"@type\":\"ReadAction\",\"target\":[\"https:\/\/crees.org.do\/?p=23060\"]}]},{\"@type\":\"ImageObject\",\"inLanguage\":\"es\",\"@id\":\"https:\/\/crees.org.do\/?p=23060#primaryimage\",\"url\":\"https:\/\/crees.org.do\/wp-content\/uploads\/2022\/04\/Llegada-de-pasajero-marzo-2022-1.jpg\",\"contentUrl\":\"https:\/\/crees.org.do\/wp-content\/uploads\/2022\/04\/Llegada-de-pasajero-marzo-2022-1.jpg\",\"width\":1080,\"height\":1080},{\"@type\":\"BreadcrumbList\",\"@id\":\"https:\/\/crees.org.do\/?p=23060#breadcrumb\",\"itemListElement\":[{\"@type\":\"ListItem\",\"position\":1,\"name\":\"Portada\",\"item\":\"https:\/\/crees.org.do\/\"},{\"@type\":\"ListItem\",\"position\":2,\"name\":\"Llegada acumulada de pasajeros extranjeros a marzo 2022\"}]},{\"@type\":\"WebSite\",\"@id\":\"https:\/\/crees.org.do\/#website\",\"url\":\"https:\/\/crees.org.do\/\",\"name\":\"CREES\",\"description\":\"Centro Regional de Estrategias Econ\u00f3micas Sostenibles\",\"publisher\":{\"@id\":\"https:\/\/crees.org.do\/#organization\"},\"potentialAction\":[{\"@type\":\"SearchAction\",\"target\":{\"@type\":\"EntryPoint\",\"urlTemplate\":\"https:\/\/crees.org.do\/?s={search_term_string}\"},\"query-input\":{\"@type\":\"PropertyValueSpecification\",\"valueRequired\":true,\"valueName\":\"search_term_string\"}}],\"inLanguage\":\"es\"},{\"@type\":\"Organization\",\"@id\":\"https:\/\/crees.org.do\/#organization\",\"name\":\"CREES | Centro Regional de Estrategias Econ\u00f3micas Sostenibles\",\"url\":\"https:\/\/crees.org.do\/\",\"logo\":{\"@type\":\"ImageObject\",\"inLanguage\":\"es\",\"@id\":\"https:\/\/crees.org.do\/#\/schema\/logo\/image\/\",\"url\":\"https:\/\/crees.org.do\/wp-content\/uploads\/2022\/03\/crees-logo-1.jpg\",\"contentUrl\":\"https:\/\/crees.org.do\/wp-content\/uploads\/2022\/03\/crees-logo-1.jpg\",\"width\":244,\"height\":71,\"caption\":\"CREES | Centro Regional de Estrategias Econ\u00f3micas Sostenibles\"},\"image\":{\"@id\":\"https:\/\/crees.org.do\/#\/schema\/logo\/image\/\"},\"sameAs\":[\"https:\/\/www.facebook.com\/CREESRD\/\",\"https:\/\/x.com\/CREESRD\"]},{\"@type\":\"Person\",\"@id\":\"https:\/\/crees.org.do\/#\/schema\/person\/e7f97cd94d7bf9cd0e0ce30acb7d56b8\",\"name\":\"Crees\",\"image\":{\"@type\":\"ImageObject\",\"inLanguage\":\"es\",\"@id\":\"https:\/\/crees.org.do\/#\/schema\/person\/image\/\",\"url\":\"https:\/\/secure.gravatar.com\/avatar\/390ac8f0be5d9aa046152553e2dd7011b59a512d89c150f5e5f28bb8d9a0b165?s=96&d=mm&r=g\",\"contentUrl\":\"https:\/\/secure.gravatar.com\/avatar\/390ac8f0be5d9aa046152553e2dd7011b59a512d89c150f5e5f28bb8d9a0b165?s=96&d=mm&r=g\",\"caption\":\"Crees\"},\"url\":\"https:\/\/crees.org.do\/?author=2\"}]}<\/script>\n<!-- \/ Yoast SEO plugin. -->","yoast_head_json":{"title":"Llegada acumulada de pasajeros extranjeros a marzo 2022 | CREES","robots":{"index":"index","follow":"follow","max-snippet":"max-snippet:-1","max-image-preview":"max-image-preview:large","max-video-preview":"max-video-preview:-1"},"canonical":"https:\/\/crees.org.do\/?p=23060","og_locale":"es_ES","og_type":"article","og_title":"Llegada acumulada de pasajeros extranjeros a marzo 2022 | CREES","og_description":"&nbsp; En el primer trimestre de 2022 la llegada acumulada de pasajeros extranjeros no residentes fue de 1,430,298, que en comparaci\u00f3n con los 465,411 de 2021 equivalen a unos 964,887 visitantes m\u00e1s. Es decir, una crecimiento interanual de 207.3% con respecto al mismo periodo del a\u00f1o 2021. En comparaci\u00f3n con el 2020, la llegada acumulada...","og_url":"https:\/\/crees.org.do\/?p=23060","og_site_name":"CREES","article_publisher":"https:\/\/www.facebook.com\/CREESRD\/","article_published_time":"2022-04-29T17:06:54+00:00","og_image":[{"width":1080,"height":1080,"url":"https:\/\/crees.org.do\/wp-content\/uploads\/2022\/04\/Llegada-de-pasajero-marzo-2022-1.jpg","type":"image\/jpeg"}],"author":"Crees","twitter_card":"summary_large_image","twitter_creator":"@CREESRD","twitter_site":"@CREESRD","twitter_misc":{"Escrito por":"Crees","Tiempo de lectura":"2 minutos"},"schema":{"@context":"https:\/\/schema.org","@graph":[{"@type":"Article","@id":"https:\/\/crees.org.do\/?p=23060#article","isPartOf":{"@id":"https:\/\/crees.org.do\/?p=23060"},"author":{"name":"Crees","@id":"https:\/\/crees.org.do\/#\/schema\/person\/e7f97cd94d7bf9cd0e0ce30acb7d56b8"},"headline":"Llegada acumulada de pasajeros extranjeros a marzo 2022","datePublished":"2022-04-29T17:06:54+00:00","mainEntityOfPage":{"@id":"https:\/\/crees.org.do\/?p=23060"},"wordCount":268,"publisher":{"@id":"https:\/\/crees.org.do\/#organization"},"image":{"@id":"https:\/\/crees.org.do\/?p=23060#primaryimage"},"thumbnailUrl":"https:\/\/crees.org.do\/wp-content\/uploads\/2022\/04\/Llegada-de-pasajero-marzo-2022-1.jpg","articleSection":["Blog"],"inLanguage":"es"},{"@type":"WebPage","@id":"https:\/\/crees.org.do\/?p=23060","url":"https:\/\/crees.org.do\/?p=23060","name":"Llegada acumulada de pasajeros extranjeros a marzo 2022 | CREES","isPartOf":{"@id":"https:\/\/crees.org.do\/#website"},"primaryImageOfPage":{"@id":"https:\/\/crees.org.do\/?p=23060#primaryimage"},"image":{"@id":"https:\/\/crees.org.do\/?p=23060#primaryimage"},"thumbnailUrl":"https:\/\/crees.org.do\/wp-content\/uploads\/2022\/04\/Llegada-de-pasajero-marzo-2022-1.jpg","datePublished":"2022-04-29T17:06:54+00:00","breadcrumb":{"@id":"https:\/\/crees.org.do\/?p=23060#breadcrumb"},"inLanguage":"es","potentialAction":[{"@type":"ReadAction","target":["https:\/\/crees.org.do\/?p=23060"]}]},{"@type":"ImageObject","inLanguage":"es","@id":"https:\/\/crees.org.do\/?p=23060#primaryimage","url":"https:\/\/crees.org.do\/wp-content\/uploads\/2022\/04\/Llegada-de-pasajero-marzo-2022-1.jpg","contentUrl":"https:\/\/crees.org.do\/wp-content\/uploads\/2022\/04\/Llegada-de-pasajero-marzo-2022-1.jpg","width":1080,"height":1080},{"@type":"BreadcrumbList","@id":"https:\/\/crees.org.do\/?p=23060#breadcrumb","itemListElement":[{"@type":"ListItem","position":1,"name":"Portada","item":"https:\/\/crees.org.do\/"},{"@type":"ListItem","position":2,"name":"Llegada acumulada de pasajeros extranjeros a marzo 2022"}]},{"@type":"WebSite","@id":"https:\/\/crees.org.do\/#website","url":"https:\/\/crees.org.do\/","name":"CREES","description":"Centro Regional de Estrategias Econ\u00f3micas Sostenibles","publisher":{"@id":"https:\/\/crees.org.do\/#organization"},"potentialAction":[{"@type":"SearchAction","target":{"@type":"EntryPoint","urlTemplate":"https:\/\/crees.org.do\/?s={search_term_string}"},"query-input":{"@type":"PropertyValueSpecification","valueRequired":true,"valueName":"search_term_string"}}],"inLanguage":"es"},{"@type":"Organization","@id":"https:\/\/crees.org.do\/#organization","name":"CREES | Centro Regional de Estrategias Econ\u00f3micas Sostenibles","url":"https:\/\/crees.org.do\/","logo":{"@type":"ImageObject","inLanguage":"es","@id":"https:\/\/crees.org.do\/#\/schema\/logo\/image\/","url":"https:\/\/crees.org.do\/wp-content\/uploads\/2022\/03\/crees-logo-1.jpg","contentUrl":"https:\/\/crees.org.do\/wp-content\/uploads\/2022\/03\/crees-logo-1.jpg","width":244,"height":71,"caption":"CREES | Centro Regional de Estrategias Econ\u00f3micas Sostenibles"},"image":{"@id":"https:\/\/crees.org.do\/#\/schema\/logo\/image\/"},"sameAs":["https:\/\/www.facebook.com\/CREESRD\/","https:\/\/x.com\/CREESRD"]},{"@type":"Person","@id":"https:\/\/crees.org.do\/#\/schema\/person\/e7f97cd94d7bf9cd0e0ce30acb7d56b8","name":"Crees","image":{"@type":"ImageObject","inLanguage":"es","@id":"https:\/\/crees.org.do\/#\/schema\/person\/image\/","url":"https:\/\/secure.gravatar.com\/avatar\/390ac8f0be5d9aa046152553e2dd7011b59a512d89c150f5e5f28bb8d9a0b165?s=96&d=mm&r=g","contentUrl":"https:\/\/secure.gravatar.com\/avatar\/390ac8f0be5d9aa046152553e2dd7011b59a512d89c150f5e5f28bb8d9a0b165?s=96&d=mm&r=g","caption":"Crees"},"url":"https:\/\/crees.org.do\/?author=2"}]}},"_links":{"self":[{"href":"https:\/\/crees.org.do\/index.php?rest_route=\/wp\/v2\/posts\/23060","targetHints":{"allow":["GET"]}}],"collection":[{"href":"https:\/\/crees.org.do\/index.php?rest_route=\/wp\/v2\/posts"}],"about":[{"href":"https:\/\/crees.org.do\/index.php?rest_route=\/wp\/v2\/types\/post"}],"author":[{"embeddable":true,"href":"https:\/\/crees.org.do\/index.php?rest_route=\/wp\/v2\/users\/2"}],"replies":[{"embeddable":true,"href":"https:\/\/crees.org.do\/index.php?rest_route=%2Fwp%2Fv2%2Fcomments&post=23060"}],"version-history":[{"count":1,"href":"https:\/\/crees.org.do\/index.php?rest_route=\/wp\/v2\/posts\/23060\/revisions"}],"predecessor-version":[{"id":23063,"href":"https:\/\/crees.org.do\/index.php?rest_route=\/wp\/v2\/posts\/23060\/revisions\/23063"}],"wp:featuredmedia":[{"embeddable":true,"href":"https:\/\/crees.org.do\/index.php?rest_route=\/wp\/v2\/media\/23061"}],"wp:attachment":[{"href":"https:\/\/crees.org.do\/index.php?rest_route=%2Fwp%2Fv2%2Fmedia&parent=23060"}],"wp:term":[{"taxonomy":"category","embeddable":true,"href":"https:\/\/crees.org.do\/index.php?rest_route=%2Fwp%2Fv2%2Fcategories&post=23060"},{"taxonomy":"post_tag","embeddable":true,"href":"https:\/\/crees.org.do\/index.php?rest_route=%2Fwp%2Fv2%2Ftags&post=23060"}],"curies":[{"name":"wp","href":"https:\/\/api.w.org\/{rel}","templated":true}]}}