{"id":23077,"date":"2022-04-13T12:56:18","date_gmt":"2022-04-13T12:56:18","guid":{"rendered":"https:\/\/crees.org.do\/?p=23077"},"modified":"2022-05-04T12:56:41","modified_gmt":"2022-05-04T12:56:41","slug":"salarios-mas-bajos-que-a-inicio-de-la-pandemia-covid-19","status":"publish","type":"post","link":"https:\/\/crees.org.do\/?p=23077","title":{"rendered":"Salarios m\u00e1s bajos que a inicio de la pandemia covid-19"},"content":{"rendered":"<p>Autor: Ubaldo Guzm\u00e1n Molina<\/p>\n<p>Fecha: 13 de abril del 2022<\/p>\n<p>Extra\u00eddo de:\u00a0<a href=\"https:\/\/hoy.com.do\/salarios-mas-bajos-que-a-inicio-de-la-pandemia-covid-19\/\">Peri\u00f3dico Hoy<\/a><\/p>\n<p style=\"text-align: justify;\">Los\u00a0<strong>salarios actuales<\/strong>, ajustados a la inflaci\u00f3n, son inferiores a los registrados en los primeros meses de\u00a0<strong>la pandemia de covid-19<\/strong>, a pesar de importantes ajustes salariales realizados el pasado a\u00f1o.<\/p>\n<p style=\"text-align: justify;\">La informaci\u00f3n fue ofrecida por el\u00a0<strong>Centro Regional de Estrategia Econ\u00f3micas Sostenibles (CEEES)<\/strong>, fundamentado en el salario promedio cotizable en el Sistema Dominicano de Seguridad Social (SDSS).<\/p>\n<p style=\"text-align: justify;\">El a\u00f1o pasado aumentaron los salarios de los diferentes sectores de la econom\u00eda. Por ejemplo, el incremento en el salario m\u00ednimo de los trabajadores no sectorizados fue de 24%, mientras en\u00a0<strong>el sector de zonas francas alcanz\u00f3 el 21%.<\/strong><\/p>\n<p style=\"text-align: justify;\">A febrero de 2022, el salario real promedio cotizable\u00a0<strong>ha disminuido 2.1% en comparaci\u00f3n con el de diciembre de 2021.<\/strong><\/p>\n<p style=\"text-align: justify;\">Con\u00a0<strong>niveles tan altos de inflaci\u00f3n de precios<\/strong>\u00a0como los experimentados en m\u00e1s de un a\u00f1o, no ha sido posible mantener el valor de los ingresos reales de los trabajadores formales que cotizan en el SDSS, expone.<\/p>\n<p style=\"text-align: justify;\">Plantea que sin aumentos de productividad, incrementos artificiales en los salarios aumentan el costo de las empresas,<\/p>\n<p style=\"text-align: justify;\">Explic\u00f3 quo debido a que las condiciones monetarias internacionales est\u00e1n determinando los costos a nivel interno y, en consecuencia, los precios, es preciso adoptar pol\u00edticas para amortiguar estos efectos.<\/p>\n<p style=\"text-align: justify;\"><strong>Puede leer:\u00a0<a href=\"https:\/\/hoy.com.do\/remesas-recibidas-alcanzaron-us2396-2-millones-en-primer-trimestre-2022\/\">Remesas recibidas alcanzaron US$2,396.2 millones en primer trimestre 2022<\/a><\/strong><\/p>\n<h4 id=\"h-apap-reconocida-mejor-lugar-para-trabajar\" style=\"text-align: justify;\">APAP: Reconocida Mejor Lugar para Trabajar<\/h4>\n<p style=\"text-align: justify;\">Por otro lado, la\u00a0<strong>Asociaci\u00f3n Popular de Ahorros y Pr\u00e9stamos (APAP)<\/strong>\u00a0fue reconocida con la primera posici\u00f3n como Mejor Lugar para Trabajar del sistema financiero dominicano y la quinta entre las empresas del Caribe y Rep\u00fablica Dominicana 2022, seg\u00fan la firma internacional\u00a0<strong>Great Place To Work (GPTW).<\/strong><\/p>\n<p style=\"text-align: justify;\">Este a\u00f1o, APAP subi\u00f3 en su posici\u00f3n dentro del ranking en comparaci\u00f3n con el 2021, donde ocup\u00f3 la 6ta posici\u00f3n dentro de los\u00a0<strong>Mejores Lugares para Trabajar del Caribe y Rep\u00fablica Dominicana.<\/strong><\/p>\n<p style=\"text-align: justify;\">APAP mantiene ese lugar gracias a la evaluaci\u00f3n de la firma internacional Great Place To Work.<\/p>\n<p style=\"text-align: justify;\">\u201cHacer de APAP un mejor lugar para trabajar es un prop\u00f3sito diario, que conjuga el esfuerzo de todos nuestros colaboradores, quienes cada d\u00eda construyen un ambiente de cercan\u00eda, apoyo mutuo y objetivos comunes\u201d*, resalt\u00f3\u00a0<strong>Amelia Prota<\/strong>, vicepresidenta senior de Transformaci\u00f3n y Talento APAP.<\/p>\n<div class=\"pvc_clear\"><\/div>\n<p class=\"pvc_stats all \" data-element-id=\"23077\" style=\"\"><i class=\"pvc-stats-icon medium\" aria-hidden=\"true\"><svg aria-hidden=\"true\" focusable=\"false\" data-prefix=\"far\" data-icon=\"chart-bar\" role=\"img\" xmlns=\"http:\/\/www.w3.org\/2000\/svg\" viewBox=\"0 0 512 512\" class=\"svg-inline--fa fa-chart-bar fa-w-16 fa-2x\"><path fill=\"currentColor\" d=\"M396.8 352h22.4c6.4 0 12.8-6.4 12.8-12.8V108.8c0-6.4-6.4-12.8-12.8-12.8h-22.4c-6.4 0-12.8 6.4-12.8 12.8v230.4c0 6.4 6.4 12.8 12.8 12.8zm-192 0h22.4c6.4 0 12.8-6.4 12.8-12.8V140.8c0-6.4-6.4-12.8-12.8-12.8h-22.4c-6.4 0-12.8 6.4-12.8 12.8v198.4c0 6.4 6.4 12.8 12.8 12.8zm96 0h22.4c6.4 0 12.8-6.4 12.8-12.8V204.8c0-6.4-6.4-12.8-12.8-12.8h-22.4c-6.4 0-12.8 6.4-12.8 12.8v134.4c0 6.4 6.4 12.8 12.8 12.8zM496 400H48V80c0-8.84-7.16-16-16-16H16C7.16 64 0 71.16 0 80v336c0 17.67 14.33 32 32 32h464c8.84 0 16-7.16 16-16v-16c0-8.84-7.16-16-16-16zm-387.2-48h22.4c6.4 0 12.8-6.4 12.8-12.8v-70.4c0-6.4-6.4-12.8-12.8-12.8h-22.4c-6.4 0-12.8 6.4-12.8 12.8v70.4c0 6.4 6.4 12.8 12.8 12.8z\" class=\"\"><\/path><\/svg><\/i> Vistas Totales&nbsp;1,171&nbsp;, Vistas Hoy&nbsp;4&nbsp;<\/p>\n<div class=\"pvc_clear\"><\/div>\n","protected":false},"excerpt":{"rendered":"<p>Autor: Ubaldo Guzm\u00e1n Molina Fecha: 13 de abril del 2022 Extra\u00eddo de:\u00a0Peri\u00f3dico Hoy Los\u00a0salarios actuales, ajustados a la inflaci\u00f3n, son inferiores a los registrados en los primeros meses de\u00a0la pandemia de covid-19, a pesar de importantes ajustes salariales realizados el pasado a\u00f1o. La informaci\u00f3n fue ofrecida por el\u00a0Centro Regional de Estrategia Econ\u00f3micas Sostenibles (CEEES), fundamentado&#8230;<\/p>\n<div class=\"pvc_clear\"><\/div>\n<p class=\"pvc_stats all \" data-element-id=\"23077\" style=\"\"><i class=\"pvc-stats-icon medium\" aria-hidden=\"true\"><svg aria-hidden=\"true\" focusable=\"false\" data-prefix=\"far\" data-icon=\"chart-bar\" role=\"img\" xmlns=\"http:\/\/www.w3.org\/2000\/svg\" viewBox=\"0 0 512 512\" class=\"svg-inline--fa fa-chart-bar fa-w-16 fa-2x\"><path fill=\"currentColor\" d=\"M396.8 352h22.4c6.4 0 12.8-6.4 12.8-12.8V108.8c0-6.4-6.4-12.8-12.8-12.8h-22.4c-6.4 0-12.8 6.4-12.8 12.8v230.4c0 6.4 6.4 12.8 12.8 12.8zm-192 0h22.4c6.4 0 12.8-6.4 12.8-12.8V140.8c0-6.4-6.4-12.8-12.8-12.8h-22.4c-6.4 0-12.8 6.4-12.8 12.8v198.4c0 6.4 6.4 12.8 12.8 12.8zm96 0h22.4c6.4 0 12.8-6.4 12.8-12.8V204.8c0-6.4-6.4-12.8-12.8-12.8h-22.4c-6.4 0-12.8 6.4-12.8 12.8v134.4c0 6.4 6.4 12.8 12.8 12.8zM496 400H48V80c0-8.84-7.16-16-16-16H16C7.16 64 0 71.16 0 80v336c0 17.67 14.33 32 32 32h464c8.84 0 16-7.16 16-16v-16c0-8.84-7.16-16-16-16zm-387.2-48h22.4c6.4 0 12.8-6.4 12.8-12.8v-70.4c0-6.4-6.4-12.8-12.8-12.8h-22.4c-6.4 0-12.8 6.4-12.8 12.8v70.4c0 6.4 6.4 12.8 12.8 12.8z\" class=\"\"><\/path><\/svg><\/i> Vistas Totales&nbsp;1,171&nbsp;, Vistas Hoy&nbsp;4&nbsp;<\/p>\n<div class=\"pvc_clear\"><\/div>\n","protected":false},"author":2,"featured_media":23078,"comment_status":"closed","ping_status":"closed","sticky":false,"template":"","format":"standard","meta":{"footnotes":""},"categories":[19],"tags":[],"class_list":["post-23077","post","type-post","status-publish","format-standard","has-post-thumbnail","hentry","category-actualidad"],"yoast_head":"<!-- This site is optimized with the Yoast SEO plugin v25.2 - https:\/\/yoast.com\/wordpress\/plugins\/seo\/ -->\n<title>Salarios m\u00e1s bajos que a inicio de la pandemia covid-19 | CREES<\/title>\n<meta name=\"robots\" content=\"index, follow, max-snippet:-1, max-image-preview:large, max-video-preview:-1\" \/>\n<link rel=\"canonical\" href=\"https:\/\/crees.org.do\/?p=23077\" \/>\n<meta property=\"og:locale\" content=\"es_ES\" \/>\n<meta property=\"og:type\" content=\"article\" \/>\n<meta property=\"og:title\" content=\"Salarios m\u00e1s bajos que a inicio de la pandemia covid-19 | CREES\" \/>\n<meta property=\"og:description\" content=\"Autor: Ubaldo Guzm\u00e1n Molina Fecha: 13 de abril del 2022 Extra\u00eddo de:\u00a0Peri\u00f3dico Hoy Los\u00a0salarios actuales, ajustados a la inflaci\u00f3n, son inferiores a los registrados en los primeros meses de\u00a0la pandemia de covid-19, a pesar de importantes ajustes salariales realizados el pasado a\u00f1o. La informaci\u00f3n fue ofrecida por el\u00a0Centro Regional de Estrategia Econ\u00f3micas Sostenibles (CEEES), fundamentado...\" \/>\n<meta property=\"og:url\" content=\"https:\/\/crees.org.do\/?p=23077\" \/>\n<meta property=\"og:site_name\" content=\"CREES\" \/>\n<meta property=\"article:publisher\" content=\"https:\/\/www.facebook.com\/CREESRD\/\" \/>\n<meta property=\"article:published_time\" content=\"2022-04-13T12:56:18+00:00\" \/>\n<meta property=\"article:modified_time\" content=\"2022-05-04T12:56:41+00:00\" \/>\n<meta property=\"og:image\" content=\"https:\/\/crees.org.do\/wp-content\/uploads\/2022\/05\/coin-stacker-businessman-with-stacked-money-N5CME2J-By-stevanovicigor-1024x683-1.jpg\" \/>\n\t<meta property=\"og:image:width\" content=\"1024\" \/>\n\t<meta property=\"og:image:height\" content=\"683\" \/>\n\t<meta property=\"og:image:type\" content=\"image\/jpeg\" \/>\n<meta name=\"author\" content=\"Crees\" \/>\n<meta name=\"twitter:card\" content=\"summary_large_image\" \/>\n<meta name=\"twitter:creator\" content=\"@CREESRD\" \/>\n<meta name=\"twitter:site\" content=\"@CREESRD\" \/>\n<meta name=\"twitter:label1\" content=\"Escrito por\" \/>\n\t<meta name=\"twitter:data1\" content=\"Crees\" \/>\n\t<meta name=\"twitter:label2\" content=\"Tiempo de lectura\" \/>\n\t<meta name=\"twitter:data2\" content=\"2 minutos\" \/>\n<script type=\"application\/ld+json\" class=\"yoast-schema-graph\">{\"@context\":\"https:\/\/schema.org\",\"@graph\":[{\"@type\":\"Article\",\"@id\":\"https:\/\/crees.org.do\/?p=23077#article\",\"isPartOf\":{\"@id\":\"https:\/\/crees.org.do\/?p=23077\"},\"author\":{\"name\":\"Crees\",\"@id\":\"https:\/\/crees.org.do\/#\/schema\/person\/e7f97cd94d7bf9cd0e0ce30acb7d56b8\"},\"headline\":\"Salarios m\u00e1s bajos que a inicio de la pandemia covid-19\",\"datePublished\":\"2022-04-13T12:56:18+00:00\",\"dateModified\":\"2022-05-04T12:56:41+00:00\",\"mainEntityOfPage\":{\"@id\":\"https:\/\/crees.org.do\/?p=23077\"},\"wordCount\":401,\"publisher\":{\"@id\":\"https:\/\/crees.org.do\/#organization\"},\"image\":{\"@id\":\"https:\/\/crees.org.do\/?p=23077#primaryimage\"},\"thumbnailUrl\":\"https:\/\/crees.org.do\/wp-content\/uploads\/2022\/05\/coin-stacker-businessman-with-stacked-money-N5CME2J-By-stevanovicigor-1024x683-1.jpg\",\"articleSection\":[\"Actualidad\"],\"inLanguage\":\"es\"},{\"@type\":\"WebPage\",\"@id\":\"https:\/\/crees.org.do\/?p=23077\",\"url\":\"https:\/\/crees.org.do\/?p=23077\",\"name\":\"Salarios m\u00e1s bajos que a inicio de la pandemia covid-19 | CREES\",\"isPartOf\":{\"@id\":\"https:\/\/crees.org.do\/#website\"},\"primaryImageOfPage\":{\"@id\":\"https:\/\/crees.org.do\/?p=23077#primaryimage\"},\"image\":{\"@id\":\"https:\/\/crees.org.do\/?p=23077#primaryimage\"},\"thumbnailUrl\":\"https:\/\/crees.org.do\/wp-content\/uploads\/2022\/05\/coin-stacker-businessman-with-stacked-money-N5CME2J-By-stevanovicigor-1024x683-1.jpg\",\"datePublished\":\"2022-04-13T12:56:18+00:00\",\"dateModified\":\"2022-05-04T12:56:41+00:00\",\"breadcrumb\":{\"@id\":\"https:\/\/crees.org.do\/?p=23077#breadcrumb\"},\"inLanguage\":\"es\",\"potentialAction\":[{\"@type\":\"ReadAction\",\"target\":[\"https:\/\/crees.org.do\/?p=23077\"]}]},{\"@type\":\"ImageObject\",\"inLanguage\":\"es\",\"@id\":\"https:\/\/crees.org.do\/?p=23077#primaryimage\",\"url\":\"https:\/\/crees.org.do\/wp-content\/uploads\/2022\/05\/coin-stacker-businessman-with-stacked-money-N5CME2J-By-stevanovicigor-1024x683-1.jpg\",\"contentUrl\":\"https:\/\/crees.org.do\/wp-content\/uploads\/2022\/05\/coin-stacker-businessman-with-stacked-money-N5CME2J-By-stevanovicigor-1024x683-1.jpg\",\"width\":1024,\"height\":683},{\"@type\":\"BreadcrumbList\",\"@id\":\"https:\/\/crees.org.do\/?p=23077#breadcrumb\",\"itemListElement\":[{\"@type\":\"ListItem\",\"position\":1,\"name\":\"Portada\",\"item\":\"https:\/\/crees.org.do\/\"},{\"@type\":\"ListItem\",\"position\":2,\"name\":\"Salarios m\u00e1s bajos que a inicio de la pandemia covid-19\"}]},{\"@type\":\"WebSite\",\"@id\":\"https:\/\/crees.org.do\/#website\",\"url\":\"https:\/\/crees.org.do\/\",\"name\":\"CREES\",\"description\":\"Centro Regional de Estrategias Econ\u00f3micas Sostenibles\",\"publisher\":{\"@id\":\"https:\/\/crees.org.do\/#organization\"},\"potentialAction\":[{\"@type\":\"SearchAction\",\"target\":{\"@type\":\"EntryPoint\",\"urlTemplate\":\"https:\/\/crees.org.do\/?s={search_term_string}\"},\"query-input\":{\"@type\":\"PropertyValueSpecification\",\"valueRequired\":true,\"valueName\":\"search_term_string\"}}],\"inLanguage\":\"es\"},{\"@type\":\"Organization\",\"@id\":\"https:\/\/crees.org.do\/#organization\",\"name\":\"CREES | Centro Regional de Estrategias Econ\u00f3micas Sostenibles\",\"url\":\"https:\/\/crees.org.do\/\",\"logo\":{\"@type\":\"ImageObject\",\"inLanguage\":\"es\",\"@id\":\"https:\/\/crees.org.do\/#\/schema\/logo\/image\/\",\"url\":\"https:\/\/crees.org.do\/wp-content\/uploads\/2022\/03\/crees-logo-1.jpg\",\"contentUrl\":\"https:\/\/crees.org.do\/wp-content\/uploads\/2022\/03\/crees-logo-1.jpg\",\"width\":244,\"height\":71,\"caption\":\"CREES | Centro Regional de Estrategias Econ\u00f3micas Sostenibles\"},\"image\":{\"@id\":\"https:\/\/crees.org.do\/#\/schema\/logo\/image\/\"},\"sameAs\":[\"https:\/\/www.facebook.com\/CREESRD\/\",\"https:\/\/x.com\/CREESRD\"]},{\"@type\":\"Person\",\"@id\":\"https:\/\/crees.org.do\/#\/schema\/person\/e7f97cd94d7bf9cd0e0ce30acb7d56b8\",\"name\":\"Crees\",\"image\":{\"@type\":\"ImageObject\",\"inLanguage\":\"es\",\"@id\":\"https:\/\/crees.org.do\/#\/schema\/person\/image\/\",\"url\":\"https:\/\/secure.gravatar.com\/avatar\/390ac8f0be5d9aa046152553e2dd7011b59a512d89c150f5e5f28bb8d9a0b165?s=96&d=mm&r=g\",\"contentUrl\":\"https:\/\/secure.gravatar.com\/avatar\/390ac8f0be5d9aa046152553e2dd7011b59a512d89c150f5e5f28bb8d9a0b165?s=96&d=mm&r=g\",\"caption\":\"Crees\"},\"url\":\"https:\/\/crees.org.do\/?author=2\"}]}<\/script>\n<!-- \/ Yoast SEO plugin. -->","yoast_head_json":{"title":"Salarios m\u00e1s bajos que a inicio de la pandemia covid-19 | CREES","robots":{"index":"index","follow":"follow","max-snippet":"max-snippet:-1","max-image-preview":"max-image-preview:large","max-video-preview":"max-video-preview:-1"},"canonical":"https:\/\/crees.org.do\/?p=23077","og_locale":"es_ES","og_type":"article","og_title":"Salarios m\u00e1s bajos que a inicio de la pandemia covid-19 | CREES","og_description":"Autor: Ubaldo Guzm\u00e1n Molina Fecha: 13 de abril del 2022 Extra\u00eddo de:\u00a0Peri\u00f3dico Hoy Los\u00a0salarios actuales, ajustados a la inflaci\u00f3n, son inferiores a los registrados en los primeros meses de\u00a0la pandemia de covid-19, a pesar de importantes ajustes salariales realizados el pasado a\u00f1o. La informaci\u00f3n fue ofrecida por el\u00a0Centro Regional de Estrategia Econ\u00f3micas Sostenibles (CEEES), fundamentado...","og_url":"https:\/\/crees.org.do\/?p=23077","og_site_name":"CREES","article_publisher":"https:\/\/www.facebook.com\/CREESRD\/","article_published_time":"2022-04-13T12:56:18+00:00","article_modified_time":"2022-05-04T12:56:41+00:00","og_image":[{"width":1024,"height":683,"url":"https:\/\/crees.org.do\/wp-content\/uploads\/2022\/05\/coin-stacker-businessman-with-stacked-money-N5CME2J-By-stevanovicigor-1024x683-1.jpg","type":"image\/jpeg"}],"author":"Crees","twitter_card":"summary_large_image","twitter_creator":"@CREESRD","twitter_site":"@CREESRD","twitter_misc":{"Escrito por":"Crees","Tiempo de lectura":"2 minutos"},"schema":{"@context":"https:\/\/schema.org","@graph":[{"@type":"Article","@id":"https:\/\/crees.org.do\/?p=23077#article","isPartOf":{"@id":"https:\/\/crees.org.do\/?p=23077"},"author":{"name":"Crees","@id":"https:\/\/crees.org.do\/#\/schema\/person\/e7f97cd94d7bf9cd0e0ce30acb7d56b8"},"headline":"Salarios m\u00e1s bajos que a inicio de la pandemia covid-19","datePublished":"2022-04-13T12:56:18+00:00","dateModified":"2022-05-04T12:56:41+00:00","mainEntityOfPage":{"@id":"https:\/\/crees.org.do\/?p=23077"},"wordCount":401,"publisher":{"@id":"https:\/\/crees.org.do\/#organization"},"image":{"@id":"https:\/\/crees.org.do\/?p=23077#primaryimage"},"thumbnailUrl":"https:\/\/crees.org.do\/wp-content\/uploads\/2022\/05\/coin-stacker-businessman-with-stacked-money-N5CME2J-By-stevanovicigor-1024x683-1.jpg","articleSection":["Actualidad"],"inLanguage":"es"},{"@type":"WebPage","@id":"https:\/\/crees.org.do\/?p=23077","url":"https:\/\/crees.org.do\/?p=23077","name":"Salarios m\u00e1s bajos que a inicio de la pandemia covid-19 | CREES","isPartOf":{"@id":"https:\/\/crees.org.do\/#website"},"primaryImageOfPage":{"@id":"https:\/\/crees.org.do\/?p=23077#primaryimage"},"image":{"@id":"https:\/\/crees.org.do\/?p=23077#primaryimage"},"thumbnailUrl":"https:\/\/crees.org.do\/wp-content\/uploads\/2022\/05\/coin-stacker-businessman-with-stacked-money-N5CME2J-By-stevanovicigor-1024x683-1.jpg","datePublished":"2022-04-13T12:56:18+00:00","dateModified":"2022-05-04T12:56:41+00:00","breadcrumb":{"@id":"https:\/\/crees.org.do\/?p=23077#breadcrumb"},"inLanguage":"es","potentialAction":[{"@type":"ReadAction","target":["https:\/\/crees.org.do\/?p=23077"]}]},{"@type":"ImageObject","inLanguage":"es","@id":"https:\/\/crees.org.do\/?p=23077#primaryimage","url":"https:\/\/crees.org.do\/wp-content\/uploads\/2022\/05\/coin-stacker-businessman-with-stacked-money-N5CME2J-By-stevanovicigor-1024x683-1.jpg","contentUrl":"https:\/\/crees.org.do\/wp-content\/uploads\/2022\/05\/coin-stacker-businessman-with-stacked-money-N5CME2J-By-stevanovicigor-1024x683-1.jpg","width":1024,"height":683},{"@type":"BreadcrumbList","@id":"https:\/\/crees.org.do\/?p=23077#breadcrumb","itemListElement":[{"@type":"ListItem","position":1,"name":"Portada","item":"https:\/\/crees.org.do\/"},{"@type":"ListItem","position":2,"name":"Salarios m\u00e1s bajos que a inicio de la pandemia covid-19"}]},{"@type":"WebSite","@id":"https:\/\/crees.org.do\/#website","url":"https:\/\/crees.org.do\/","name":"CREES","description":"Centro Regional de Estrategias Econ\u00f3micas Sostenibles","publisher":{"@id":"https:\/\/crees.org.do\/#organization"},"potentialAction":[{"@type":"SearchAction","target":{"@type":"EntryPoint","urlTemplate":"https:\/\/crees.org.do\/?s={search_term_string}"},"query-input":{"@type":"PropertyValueSpecification","valueRequired":true,"valueName":"search_term_string"}}],"inLanguage":"es"},{"@type":"Organization","@id":"https:\/\/crees.org.do\/#organization","name":"CREES | Centro Regional de Estrategias Econ\u00f3micas Sostenibles","url":"https:\/\/crees.org.do\/","logo":{"@type":"ImageObject","inLanguage":"es","@id":"https:\/\/crees.org.do\/#\/schema\/logo\/image\/","url":"https:\/\/crees.org.do\/wp-content\/uploads\/2022\/03\/crees-logo-1.jpg","contentUrl":"https:\/\/crees.org.do\/wp-content\/uploads\/2022\/03\/crees-logo-1.jpg","width":244,"height":71,"caption":"CREES | Centro Regional de Estrategias Econ\u00f3micas Sostenibles"},"image":{"@id":"https:\/\/crees.org.do\/#\/schema\/logo\/image\/"},"sameAs":["https:\/\/www.facebook.com\/CREESRD\/","https:\/\/x.com\/CREESRD"]},{"@type":"Person","@id":"https:\/\/crees.org.do\/#\/schema\/person\/e7f97cd94d7bf9cd0e0ce30acb7d56b8","name":"Crees","image":{"@type":"ImageObject","inLanguage":"es","@id":"https:\/\/crees.org.do\/#\/schema\/person\/image\/","url":"https:\/\/secure.gravatar.com\/avatar\/390ac8f0be5d9aa046152553e2dd7011b59a512d89c150f5e5f28bb8d9a0b165?s=96&d=mm&r=g","contentUrl":"https:\/\/secure.gravatar.com\/avatar\/390ac8f0be5d9aa046152553e2dd7011b59a512d89c150f5e5f28bb8d9a0b165?s=96&d=mm&r=g","caption":"Crees"},"url":"https:\/\/crees.org.do\/?author=2"}]}},"_links":{"self":[{"href":"https:\/\/crees.org.do\/index.php?rest_route=\/wp\/v2\/posts\/23077","targetHints":{"allow":["GET"]}}],"collection":[{"href":"https:\/\/crees.org.do\/index.php?rest_route=\/wp\/v2\/posts"}],"about":[{"href":"https:\/\/crees.org.do\/index.php?rest_route=\/wp\/v2\/types\/post"}],"author":[{"embeddable":true,"href":"https:\/\/crees.org.do\/index.php?rest_route=\/wp\/v2\/users\/2"}],"replies":[{"embeddable":true,"href":"https:\/\/crees.org.do\/index.php?rest_route=%2Fwp%2Fv2%2Fcomments&post=23077"}],"version-history":[{"count":1,"href":"https:\/\/crees.org.do\/index.php?rest_route=\/wp\/v2\/posts\/23077\/revisions"}],"predecessor-version":[{"id":23079,"href":"https:\/\/crees.org.do\/index.php?rest_route=\/wp\/v2\/posts\/23077\/revisions\/23079"}],"wp:featuredmedia":[{"embeddable":true,"href":"https:\/\/crees.org.do\/index.php?rest_route=\/wp\/v2\/media\/23078"}],"wp:attachment":[{"href":"https:\/\/crees.org.do\/index.php?rest_route=%2Fwp%2Fv2%2Fmedia&parent=23077"}],"wp:term":[{"taxonomy":"category","embeddable":true,"href":"https:\/\/crees.org.do\/index.php?rest_route=%2Fwp%2Fv2%2Fcategories&post=23077"},{"taxonomy":"post_tag","embeddable":true,"href":"https:\/\/crees.org.do\/index.php?rest_route=%2Fwp%2Fv2%2Ftags&post=23077"}],"curies":[{"name":"wp","href":"https:\/\/api.w.org\/{rel}","templated":true}]}}