{"id":23081,"date":"2022-04-14T13:00:40","date_gmt":"2022-04-14T13:00:40","guid":{"rendered":"https:\/\/crees.org.do\/?p=23081"},"modified":"2022-05-04T13:07:04","modified_gmt":"2022-05-04T13:07:04","slug":"dos-datos-que-urgen-a-actuar-contra-la-inflacion-en-el-pais","status":"publish","type":"post","link":"https:\/\/crees.org.do\/?p=23081","title":{"rendered":"Dos datos que urgen a actuar contra la inflaci\u00f3n en el pa\u00eds"},"content":{"rendered":"<p>Autor: Hoy<\/p>\n<p>Fecha: 14 de abril del 2022<\/p>\n<p>Extra\u00eddo de:\u00a0<a href=\"https:\/\/hoy.com.do\/dos-datos-que-urgen-a-actuar-contra-la-inflacion-en-el-pais\/\">Peri\u00f3dico Hoy<\/a><\/p>\n<p style=\"text-align: justify;\">Dos datos que acaban de trascender a la opini\u00f3n p\u00fablica obligan al pa\u00eds a ser diligente en los esfuerzos<strong>\u00a0para combatir la inflaci\u00f3n.<\/strong><\/p>\n<p style=\"text-align: justify;\">Se trata de que alrededor del\u00a0<strong>54 % de los hogares dominicanos<\/strong>\u00a0depende de sus salarios como principal fuente de ingresos y el de que el salario real baj\u00f3 a febrero pasado a un nivel inferior al prepand\u00e9mico.<\/p>\n<p style=\"text-align: justify;\">La fuente del primer dato es el informe semestral del<strong>\u00a0Banco Mundial: \u00abConsolidando la recuperaci\u00f3n\u201d<\/strong>, la del segundo es el Centro Regional de Estrategia Econ\u00f3micas Sostenibles (CREES), fundamentado en el salario promedio cotizable en el Sistema Dominicano de Seguridad Social (SDSS).<\/p>\n<p style=\"text-align: justify;\">Estos datos revelan que la mayor parte de la poblaci\u00f3n dominicana, que tiene como su principal sustentos ingresos fijos, es la m\u00e1s castigada por procesos inflacionarios como el actual.<\/p>\n<p style=\"text-align: justify;\">Seg\u00fan el Banco Central, la inflaci\u00f3n interanual, es decir, de los \u00faltimos 12 meses, desde marzo de 2021 a marzo de 2022,\u00a0<strong>se situ\u00f3 en 9.05 %, acerc\u00e1ndose a los dos d\u00edgitos.<\/strong><\/p>\n<p style=\"text-align: justify;\">Con niveles tan altos de inflaci\u00f3n de precios, no hay dudas que se ha producido una p\u00e9rdida en el poder adquisitivo de la mayor parte de la\u00a0<strong>poblaci\u00f3n dominicana<\/strong>, lo cual deteriora su nivel de vida, y como esto tambi\u00e9n implica que no haya sido posible mantener el valor de los ingresos reales de los trabajadores formales que cotizan en el sistema de la seguridad social, el impacto de la inflaci\u00f3n afecta tambi\u00e9n\u00a0<strong>la sostenibilidad financiera de ese sistema.<\/strong><\/p>\n<p style=\"text-align: justify;\"><strong>Puede leer:\u00a0<a href=\"https:\/\/hoy.com.do\/considera-acertada-decision-del-gobierno-de-mantener-subsidio-a-los-combustibles\/\">Considera acertada decisi\u00f3n del Gobierno de mantener subsidio a los combustibles<\/a><\/strong><\/p>\n<h4 id=\"h-tasa-de-pol-tica-monetaria\" style=\"text-align: justify;\"><strong>Tasa de pol\u00edtica monetaria<\/strong><\/h4>\n<p style=\"text-align: justify;\">Como el principal componente de la inflaci\u00f3n es el monetario, aunque no el \u00fanico, el Banco Central ha estado disponiendo aumentos en las tasas de inter\u00e9s, llevando\u00a0<strong>la tasa de pol\u00edtica monetaria de 3% a 5.50%<\/strong>, y recomprando t\u00edtulos para bajar\u00a0<strong>la liquidez de la econom\u00eda<\/strong>, que sigue estando por encima de sus niveles hist\u00f3ricos.<\/p>\n<p style=\"text-align: justify;\">Por lo tanto, todav\u00eda hay por hacer en el ajuste monetario. Pero hay otros frentes a trav\u00e9s de los cuales se puede atacar la inflaci\u00f3n, a trav\u00e9s de medidas fiscales y de otras\u00a0<strong>que mejoren la competitividad.<\/strong><\/p>\n<p style=\"text-align: justify;\">El gobierno ha estado focalizando algunos subsidios para amortiguar el<strong>\u00a0impacto de la inflaci\u00f3n<\/strong>\u00a0sobre la poblaci\u00f3n m\u00e1s vulnerable, pero esto no es suficiente.<\/p>\n<p style=\"text-align: justify;\">El CREES ha planteado tambi\u00e9n como estrategia para combatir la inflaci\u00f3n una reducci\u00f3n del impuesto a los precios de los combustibles y otros impuestos.<\/p>\n<p style=\"text-align: justify;\">En el caso del impuesto a los combustibles, adem\u00e1s de ser pagado por los consumidores, tiene una incidencia en los costos de la econom\u00eda y, en consecuencia, en los precios de otros bienes y, tambi\u00e9n, de los servicios.<\/p>\n<p style=\"text-align: justify;\">Tambi\u00e9n ha planteado\u00a0<strong>eliminar de la ley factores<\/strong>\u00a0que mantienen alto los precios de los combustibles.<\/p>\n<div class=\"pvc_clear\"><\/div>\n<p class=\"pvc_stats all \" data-element-id=\"23081\" style=\"\"><i class=\"pvc-stats-icon medium\" aria-hidden=\"true\"><svg aria-hidden=\"true\" focusable=\"false\" data-prefix=\"far\" data-icon=\"chart-bar\" role=\"img\" xmlns=\"http:\/\/www.w3.org\/2000\/svg\" viewBox=\"0 0 512 512\" class=\"svg-inline--fa fa-chart-bar fa-w-16 fa-2x\"><path fill=\"currentColor\" d=\"M396.8 352h22.4c6.4 0 12.8-6.4 12.8-12.8V108.8c0-6.4-6.4-12.8-12.8-12.8h-22.4c-6.4 0-12.8 6.4-12.8 12.8v230.4c0 6.4 6.4 12.8 12.8 12.8zm-192 0h22.4c6.4 0 12.8-6.4 12.8-12.8V140.8c0-6.4-6.4-12.8-12.8-12.8h-22.4c-6.4 0-12.8 6.4-12.8 12.8v198.4c0 6.4 6.4 12.8 12.8 12.8zm96 0h22.4c6.4 0 12.8-6.4 12.8-12.8V204.8c0-6.4-6.4-12.8-12.8-12.8h-22.4c-6.4 0-12.8 6.4-12.8 12.8v134.4c0 6.4 6.4 12.8 12.8 12.8zM496 400H48V80c0-8.84-7.16-16-16-16H16C7.16 64 0 71.16 0 80v336c0 17.67 14.33 32 32 32h464c8.84 0 16-7.16 16-16v-16c0-8.84-7.16-16-16-16zm-387.2-48h22.4c6.4 0 12.8-6.4 12.8-12.8v-70.4c0-6.4-6.4-12.8-12.8-12.8h-22.4c-6.4 0-12.8 6.4-12.8 12.8v70.4c0 6.4 6.4 12.8 12.8 12.8z\" class=\"\"><\/path><\/svg><\/i> Vistas Totales&nbsp;1,134&nbsp;, Vistas Hoy&nbsp;4&nbsp;<\/p>\n<div class=\"pvc_clear\"><\/div>\n","protected":false},"excerpt":{"rendered":"<p>Autor: Hoy Fecha: 14 de abril del 2022 Extra\u00eddo de:\u00a0Peri\u00f3dico Hoy Dos datos que acaban de trascender a la opini\u00f3n p\u00fablica obligan al pa\u00eds a ser diligente en los esfuerzos\u00a0para combatir la inflaci\u00f3n. Se trata de que alrededor del\u00a054 % de los hogares dominicanos\u00a0depende de sus salarios como principal fuente de ingresos y el de&#8230;<\/p>\n<div class=\"pvc_clear\"><\/div>\n<p class=\"pvc_stats all \" data-element-id=\"23081\" style=\"\"><i class=\"pvc-stats-icon medium\" aria-hidden=\"true\"><svg aria-hidden=\"true\" focusable=\"false\" data-prefix=\"far\" data-icon=\"chart-bar\" role=\"img\" xmlns=\"http:\/\/www.w3.org\/2000\/svg\" viewBox=\"0 0 512 512\" class=\"svg-inline--fa fa-chart-bar fa-w-16 fa-2x\"><path fill=\"currentColor\" d=\"M396.8 352h22.4c6.4 0 12.8-6.4 12.8-12.8V108.8c0-6.4-6.4-12.8-12.8-12.8h-22.4c-6.4 0-12.8 6.4-12.8 12.8v230.4c0 6.4 6.4 12.8 12.8 12.8zm-192 0h22.4c6.4 0 12.8-6.4 12.8-12.8V140.8c0-6.4-6.4-12.8-12.8-12.8h-22.4c-6.4 0-12.8 6.4-12.8 12.8v198.4c0 6.4 6.4 12.8 12.8 12.8zm96 0h22.4c6.4 0 12.8-6.4 12.8-12.8V204.8c0-6.4-6.4-12.8-12.8-12.8h-22.4c-6.4 0-12.8 6.4-12.8 12.8v134.4c0 6.4 6.4 12.8 12.8 12.8zM496 400H48V80c0-8.84-7.16-16-16-16H16C7.16 64 0 71.16 0 80v336c0 17.67 14.33 32 32 32h464c8.84 0 16-7.16 16-16v-16c0-8.84-7.16-16-16-16zm-387.2-48h22.4c6.4 0 12.8-6.4 12.8-12.8v-70.4c0-6.4-6.4-12.8-12.8-12.8h-22.4c-6.4 0-12.8 6.4-12.8 12.8v70.4c0 6.4 6.4 12.8 12.8 12.8z\" class=\"\"><\/path><\/svg><\/i> Vistas Totales&nbsp;1,134&nbsp;, Vistas Hoy&nbsp;4&nbsp;<\/p>\n<div class=\"pvc_clear\"><\/div>\n","protected":false},"author":2,"featured_media":23083,"comment_status":"closed","ping_status":"closed","sticky":false,"template":"","format":"standard","meta":{"footnotes":""},"categories":[19],"tags":[],"class_list":["post-23081","post","type-post","status-publish","format-standard","has-post-thumbnail","hentry","category-actualidad"],"yoast_head":"<!-- This site is optimized with the Yoast SEO plugin v25.2 - https:\/\/yoast.com\/wordpress\/plugins\/seo\/ -->\n<title>Dos datos que urgen a actuar contra la inflaci\u00f3n en el pa\u00eds | CREES<\/title>\n<meta name=\"robots\" content=\"index, follow, max-snippet:-1, max-image-preview:large, max-video-preview:-1\" \/>\n<link rel=\"canonical\" href=\"https:\/\/crees.org.do\/?p=23081\" \/>\n<meta property=\"og:locale\" content=\"es_ES\" \/>\n<meta property=\"og:type\" content=\"article\" \/>\n<meta property=\"og:title\" content=\"Dos datos que urgen a actuar contra la inflaci\u00f3n en el pa\u00eds | CREES\" \/>\n<meta property=\"og:description\" content=\"Autor: Hoy Fecha: 14 de abril del 2022 Extra\u00eddo de:\u00a0Peri\u00f3dico Hoy Dos datos que acaban de trascender a la opini\u00f3n p\u00fablica obligan al pa\u00eds a ser diligente en los esfuerzos\u00a0para combatir la inflaci\u00f3n. Se trata de que alrededor del\u00a054 % de los hogares dominicanos\u00a0depende de sus salarios como principal fuente de ingresos y el de...\" \/>\n<meta property=\"og:url\" content=\"https:\/\/crees.org.do\/?p=23081\" \/>\n<meta property=\"og:site_name\" content=\"CREES\" \/>\n<meta property=\"article:publisher\" content=\"https:\/\/www.facebook.com\/CREESRD\/\" \/>\n<meta property=\"article:published_time\" content=\"2022-04-14T13:00:40+00:00\" \/>\n<meta property=\"article:modified_time\" content=\"2022-05-04T13:07:04+00:00\" \/>\n<meta property=\"og:image\" content=\"https:\/\/crees.org.do\/wp-content\/uploads\/2022\/05\/14_04_2022-HOY_JUEVES_140422_-Economia12-.jpg\" \/>\n\t<meta property=\"og:image:width\" content=\"730\" \/>\n\t<meta property=\"og:image:height\" content=\"435\" \/>\n\t<meta property=\"og:image:type\" content=\"image\/jpeg\" \/>\n<meta name=\"author\" content=\"Crees\" \/>\n<meta name=\"twitter:card\" content=\"summary_large_image\" \/>\n<meta name=\"twitter:creator\" content=\"@CREESRD\" \/>\n<meta name=\"twitter:site\" content=\"@CREESRD\" \/>\n<meta name=\"twitter:label1\" content=\"Escrito por\" \/>\n\t<meta name=\"twitter:data1\" content=\"Crees\" \/>\n\t<meta name=\"twitter:label2\" content=\"Tiempo de lectura\" \/>\n\t<meta name=\"twitter:data2\" content=\"3 minutos\" \/>\n<script type=\"application\/ld+json\" class=\"yoast-schema-graph\">{\"@context\":\"https:\/\/schema.org\",\"@graph\":[{\"@type\":\"Article\",\"@id\":\"https:\/\/crees.org.do\/?p=23081#article\",\"isPartOf\":{\"@id\":\"https:\/\/crees.org.do\/?p=23081\"},\"author\":{\"name\":\"Crees\",\"@id\":\"https:\/\/crees.org.do\/#\/schema\/person\/e7f97cd94d7bf9cd0e0ce30acb7d56b8\"},\"headline\":\"Dos datos que urgen a actuar contra la inflaci\u00f3n en el pa\u00eds\",\"datePublished\":\"2022-04-14T13:00:40+00:00\",\"dateModified\":\"2022-05-04T13:07:04+00:00\",\"mainEntityOfPage\":{\"@id\":\"https:\/\/crees.org.do\/?p=23081\"},\"wordCount\":511,\"publisher\":{\"@id\":\"https:\/\/crees.org.do\/#organization\"},\"image\":{\"@id\":\"https:\/\/crees.org.do\/?p=23081#primaryimage\"},\"thumbnailUrl\":\"https:\/\/crees.org.do\/wp-content\/uploads\/2022\/05\/14_04_2022-HOY_JUEVES_140422_-Economia12-.jpg\",\"articleSection\":[\"Actualidad\"],\"inLanguage\":\"es\"},{\"@type\":\"WebPage\",\"@id\":\"https:\/\/crees.org.do\/?p=23081\",\"url\":\"https:\/\/crees.org.do\/?p=23081\",\"name\":\"Dos datos que urgen a actuar contra la inflaci\u00f3n en el pa\u00eds | CREES\",\"isPartOf\":{\"@id\":\"https:\/\/crees.org.do\/#website\"},\"primaryImageOfPage\":{\"@id\":\"https:\/\/crees.org.do\/?p=23081#primaryimage\"},\"image\":{\"@id\":\"https:\/\/crees.org.do\/?p=23081#primaryimage\"},\"thumbnailUrl\":\"https:\/\/crees.org.do\/wp-content\/uploads\/2022\/05\/14_04_2022-HOY_JUEVES_140422_-Economia12-.jpg\",\"datePublished\":\"2022-04-14T13:00:40+00:00\",\"dateModified\":\"2022-05-04T13:07:04+00:00\",\"breadcrumb\":{\"@id\":\"https:\/\/crees.org.do\/?p=23081#breadcrumb\"},\"inLanguage\":\"es\",\"potentialAction\":[{\"@type\":\"ReadAction\",\"target\":[\"https:\/\/crees.org.do\/?p=23081\"]}]},{\"@type\":\"ImageObject\",\"inLanguage\":\"es\",\"@id\":\"https:\/\/crees.org.do\/?p=23081#primaryimage\",\"url\":\"https:\/\/crees.org.do\/wp-content\/uploads\/2022\/05\/14_04_2022-HOY_JUEVES_140422_-Economia12-.jpg\",\"contentUrl\":\"https:\/\/crees.org.do\/wp-content\/uploads\/2022\/05\/14_04_2022-HOY_JUEVES_140422_-Economia12-.jpg\",\"width\":730,\"height\":435},{\"@type\":\"BreadcrumbList\",\"@id\":\"https:\/\/crees.org.do\/?p=23081#breadcrumb\",\"itemListElement\":[{\"@type\":\"ListItem\",\"position\":1,\"name\":\"Portada\",\"item\":\"https:\/\/crees.org.do\/\"},{\"@type\":\"ListItem\",\"position\":2,\"name\":\"Dos datos que urgen a actuar contra la inflaci\u00f3n en el pa\u00eds\"}]},{\"@type\":\"WebSite\",\"@id\":\"https:\/\/crees.org.do\/#website\",\"url\":\"https:\/\/crees.org.do\/\",\"name\":\"CREES\",\"description\":\"Centro Regional de Estrategias Econ\u00f3micas Sostenibles\",\"publisher\":{\"@id\":\"https:\/\/crees.org.do\/#organization\"},\"potentialAction\":[{\"@type\":\"SearchAction\",\"target\":{\"@type\":\"EntryPoint\",\"urlTemplate\":\"https:\/\/crees.org.do\/?s={search_term_string}\"},\"query-input\":{\"@type\":\"PropertyValueSpecification\",\"valueRequired\":true,\"valueName\":\"search_term_string\"}}],\"inLanguage\":\"es\"},{\"@type\":\"Organization\",\"@id\":\"https:\/\/crees.org.do\/#organization\",\"name\":\"CREES | Centro Regional de Estrategias Econ\u00f3micas Sostenibles\",\"url\":\"https:\/\/crees.org.do\/\",\"logo\":{\"@type\":\"ImageObject\",\"inLanguage\":\"es\",\"@id\":\"https:\/\/crees.org.do\/#\/schema\/logo\/image\/\",\"url\":\"https:\/\/crees.org.do\/wp-content\/uploads\/2022\/03\/crees-logo-1.jpg\",\"contentUrl\":\"https:\/\/crees.org.do\/wp-content\/uploads\/2022\/03\/crees-logo-1.jpg\",\"width\":244,\"height\":71,\"caption\":\"CREES | Centro Regional de Estrategias Econ\u00f3micas Sostenibles\"},\"image\":{\"@id\":\"https:\/\/crees.org.do\/#\/schema\/logo\/image\/\"},\"sameAs\":[\"https:\/\/www.facebook.com\/CREESRD\/\",\"https:\/\/x.com\/CREESRD\"]},{\"@type\":\"Person\",\"@id\":\"https:\/\/crees.org.do\/#\/schema\/person\/e7f97cd94d7bf9cd0e0ce30acb7d56b8\",\"name\":\"Crees\",\"image\":{\"@type\":\"ImageObject\",\"inLanguage\":\"es\",\"@id\":\"https:\/\/crees.org.do\/#\/schema\/person\/image\/\",\"url\":\"https:\/\/secure.gravatar.com\/avatar\/390ac8f0be5d9aa046152553e2dd7011b59a512d89c150f5e5f28bb8d9a0b165?s=96&d=mm&r=g\",\"contentUrl\":\"https:\/\/secure.gravatar.com\/avatar\/390ac8f0be5d9aa046152553e2dd7011b59a512d89c150f5e5f28bb8d9a0b165?s=96&d=mm&r=g\",\"caption\":\"Crees\"},\"url\":\"https:\/\/crees.org.do\/?author=2\"}]}<\/script>\n<!-- \/ Yoast SEO plugin. -->","yoast_head_json":{"title":"Dos datos que urgen a actuar contra la inflaci\u00f3n en el pa\u00eds | CREES","robots":{"index":"index","follow":"follow","max-snippet":"max-snippet:-1","max-image-preview":"max-image-preview:large","max-video-preview":"max-video-preview:-1"},"canonical":"https:\/\/crees.org.do\/?p=23081","og_locale":"es_ES","og_type":"article","og_title":"Dos datos que urgen a actuar contra la inflaci\u00f3n en el pa\u00eds | CREES","og_description":"Autor: Hoy Fecha: 14 de abril del 2022 Extra\u00eddo de:\u00a0Peri\u00f3dico Hoy Dos datos que acaban de trascender a la opini\u00f3n p\u00fablica obligan al pa\u00eds a ser diligente en los esfuerzos\u00a0para combatir la inflaci\u00f3n. Se trata de que alrededor del\u00a054 % de los hogares dominicanos\u00a0depende de sus salarios como principal fuente de ingresos y el de...","og_url":"https:\/\/crees.org.do\/?p=23081","og_site_name":"CREES","article_publisher":"https:\/\/www.facebook.com\/CREESRD\/","article_published_time":"2022-04-14T13:00:40+00:00","article_modified_time":"2022-05-04T13:07:04+00:00","og_image":[{"width":730,"height":435,"url":"https:\/\/crees.org.do\/wp-content\/uploads\/2022\/05\/14_04_2022-HOY_JUEVES_140422_-Economia12-.jpg","type":"image\/jpeg"}],"author":"Crees","twitter_card":"summary_large_image","twitter_creator":"@CREESRD","twitter_site":"@CREESRD","twitter_misc":{"Escrito por":"Crees","Tiempo de lectura":"3 minutos"},"schema":{"@context":"https:\/\/schema.org","@graph":[{"@type":"Article","@id":"https:\/\/crees.org.do\/?p=23081#article","isPartOf":{"@id":"https:\/\/crees.org.do\/?p=23081"},"author":{"name":"Crees","@id":"https:\/\/crees.org.do\/#\/schema\/person\/e7f97cd94d7bf9cd0e0ce30acb7d56b8"},"headline":"Dos datos que urgen a actuar contra la inflaci\u00f3n en el pa\u00eds","datePublished":"2022-04-14T13:00:40+00:00","dateModified":"2022-05-04T13:07:04+00:00","mainEntityOfPage":{"@id":"https:\/\/crees.org.do\/?p=23081"},"wordCount":511,"publisher":{"@id":"https:\/\/crees.org.do\/#organization"},"image":{"@id":"https:\/\/crees.org.do\/?p=23081#primaryimage"},"thumbnailUrl":"https:\/\/crees.org.do\/wp-content\/uploads\/2022\/05\/14_04_2022-HOY_JUEVES_140422_-Economia12-.jpg","articleSection":["Actualidad"],"inLanguage":"es"},{"@type":"WebPage","@id":"https:\/\/crees.org.do\/?p=23081","url":"https:\/\/crees.org.do\/?p=23081","name":"Dos datos que urgen a actuar contra la inflaci\u00f3n en el pa\u00eds | CREES","isPartOf":{"@id":"https:\/\/crees.org.do\/#website"},"primaryImageOfPage":{"@id":"https:\/\/crees.org.do\/?p=23081#primaryimage"},"image":{"@id":"https:\/\/crees.org.do\/?p=23081#primaryimage"},"thumbnailUrl":"https:\/\/crees.org.do\/wp-content\/uploads\/2022\/05\/14_04_2022-HOY_JUEVES_140422_-Economia12-.jpg","datePublished":"2022-04-14T13:00:40+00:00","dateModified":"2022-05-04T13:07:04+00:00","breadcrumb":{"@id":"https:\/\/crees.org.do\/?p=23081#breadcrumb"},"inLanguage":"es","potentialAction":[{"@type":"ReadAction","target":["https:\/\/crees.org.do\/?p=23081"]}]},{"@type":"ImageObject","inLanguage":"es","@id":"https:\/\/crees.org.do\/?p=23081#primaryimage","url":"https:\/\/crees.org.do\/wp-content\/uploads\/2022\/05\/14_04_2022-HOY_JUEVES_140422_-Economia12-.jpg","contentUrl":"https:\/\/crees.org.do\/wp-content\/uploads\/2022\/05\/14_04_2022-HOY_JUEVES_140422_-Economia12-.jpg","width":730,"height":435},{"@type":"BreadcrumbList","@id":"https:\/\/crees.org.do\/?p=23081#breadcrumb","itemListElement":[{"@type":"ListItem","position":1,"name":"Portada","item":"https:\/\/crees.org.do\/"},{"@type":"ListItem","position":2,"name":"Dos datos que urgen a actuar contra la inflaci\u00f3n en el pa\u00eds"}]},{"@type":"WebSite","@id":"https:\/\/crees.org.do\/#website","url":"https:\/\/crees.org.do\/","name":"CREES","description":"Centro Regional de Estrategias Econ\u00f3micas Sostenibles","publisher":{"@id":"https:\/\/crees.org.do\/#organization"},"potentialAction":[{"@type":"SearchAction","target":{"@type":"EntryPoint","urlTemplate":"https:\/\/crees.org.do\/?s={search_term_string}"},"query-input":{"@type":"PropertyValueSpecification","valueRequired":true,"valueName":"search_term_string"}}],"inLanguage":"es"},{"@type":"Organization","@id":"https:\/\/crees.org.do\/#organization","name":"CREES | Centro Regional de Estrategias Econ\u00f3micas Sostenibles","url":"https:\/\/crees.org.do\/","logo":{"@type":"ImageObject","inLanguage":"es","@id":"https:\/\/crees.org.do\/#\/schema\/logo\/image\/","url":"https:\/\/crees.org.do\/wp-content\/uploads\/2022\/03\/crees-logo-1.jpg","contentUrl":"https:\/\/crees.org.do\/wp-content\/uploads\/2022\/03\/crees-logo-1.jpg","width":244,"height":71,"caption":"CREES | Centro Regional de Estrategias Econ\u00f3micas Sostenibles"},"image":{"@id":"https:\/\/crees.org.do\/#\/schema\/logo\/image\/"},"sameAs":["https:\/\/www.facebook.com\/CREESRD\/","https:\/\/x.com\/CREESRD"]},{"@type":"Person","@id":"https:\/\/crees.org.do\/#\/schema\/person\/e7f97cd94d7bf9cd0e0ce30acb7d56b8","name":"Crees","image":{"@type":"ImageObject","inLanguage":"es","@id":"https:\/\/crees.org.do\/#\/schema\/person\/image\/","url":"https:\/\/secure.gravatar.com\/avatar\/390ac8f0be5d9aa046152553e2dd7011b59a512d89c150f5e5f28bb8d9a0b165?s=96&d=mm&r=g","contentUrl":"https:\/\/secure.gravatar.com\/avatar\/390ac8f0be5d9aa046152553e2dd7011b59a512d89c150f5e5f28bb8d9a0b165?s=96&d=mm&r=g","caption":"Crees"},"url":"https:\/\/crees.org.do\/?author=2"}]}},"_links":{"self":[{"href":"https:\/\/crees.org.do\/index.php?rest_route=\/wp\/v2\/posts\/23081","targetHints":{"allow":["GET"]}}],"collection":[{"href":"https:\/\/crees.org.do\/index.php?rest_route=\/wp\/v2\/posts"}],"about":[{"href":"https:\/\/crees.org.do\/index.php?rest_route=\/wp\/v2\/types\/post"}],"author":[{"embeddable":true,"href":"https:\/\/crees.org.do\/index.php?rest_route=\/wp\/v2\/users\/2"}],"replies":[{"embeddable":true,"href":"https:\/\/crees.org.do\/index.php?rest_route=%2Fwp%2Fv2%2Fcomments&post=23081"}],"version-history":[{"count":1,"href":"https:\/\/crees.org.do\/index.php?rest_route=\/wp\/v2\/posts\/23081\/revisions"}],"predecessor-version":[{"id":23082,"href":"https:\/\/crees.org.do\/index.php?rest_route=\/wp\/v2\/posts\/23081\/revisions\/23082"}],"wp:featuredmedia":[{"embeddable":true,"href":"https:\/\/crees.org.do\/index.php?rest_route=\/wp\/v2\/media\/23083"}],"wp:attachment":[{"href":"https:\/\/crees.org.do\/index.php?rest_route=%2Fwp%2Fv2%2Fmedia&parent=23081"}],"wp:term":[{"taxonomy":"category","embeddable":true,"href":"https:\/\/crees.org.do\/index.php?rest_route=%2Fwp%2Fv2%2Fcategories&post=23081"},{"taxonomy":"post_tag","embeddable":true,"href":"https:\/\/crees.org.do\/index.php?rest_route=%2Fwp%2Fv2%2Ftags&post=23081"}],"curies":[{"name":"wp","href":"https:\/\/api.w.org\/{rel}","templated":true}]}}