{"id":23087,"date":"2022-04-27T13:10:58","date_gmt":"2022-04-27T13:10:58","guid":{"rendered":"https:\/\/crees.org.do\/?p=23087"},"modified":"2022-05-04T13:12:49","modified_gmt":"2022-05-04T13:12:49","slug":"deuda-publica-se-multiplica-por-quince","status":"publish","type":"post","link":"https:\/\/crees.org.do\/?p=23087","title":{"rendered":"Deuda p\u00fablica se multiplica por quince"},"content":{"rendered":"<p>Autor: Ubaldo Guzm\u00e1n Molina<\/p>\n<p>Fecha: 27 de abril del 2022<\/p>\n<p>Extra\u00eddo de:\u00a0<a href=\"https:\/\/hoy.com.do\/deuda-publica-se-multiplica-por-quince-crea-preocupacion\/\">Peri\u00f3dico Hoy<\/a><\/p>\n<p style=\"text-align: justify;\">Entre el 2000 y febrero pasado la\u00a0<strong>deuda p\u00fablica<\/strong>\u00a0consolidada se ha multiplicado\u00a0<strong>por m\u00e1s de quince<\/strong>, pues pas\u00f3 de US$4,447. 9 millones a US$67,682 millones.<\/p>\n<p style=\"text-align: justify;\">De esa deuda, que incluye la intergubernamental, US$50,806.5 millones correspondieron a la\u00a0<strong>deuda del sector p\u00fablico no financiero<\/strong>\u00a0y los restantes US$16,875.5 millones a los\u00a0<strong>pasivos del Banco Central.<\/strong><\/p>\n<p style=\"text-align: justify;\">Un incremento en el endeudamiento implica\u00a0<strong>un mayor pago de intereses<\/strong>\u00a0y tener que buscar m\u00e1s recursos para amortizar la deuda, se\u00f1ala el Centro Regional de Estrategias Econ\u00f3micas Sostenibles (CREES).<\/p>\n<p style=\"text-align: justify;\">La deuda p\u00fablica, sostiene, ha aumentado tanto debido a que los gobiernos han gastado m\u00e1s de lo recaudado y eso ha generado\u00a0<strong>d\u00e9ficits fiscales.<\/strong><\/p>\n<p style=\"text-align: justify;\"><strong>Puede leer:\u00a0<a href=\"https:\/\/hoy.com.do\/datos-oficiales-no-muestran-cambios-significativos-del-gasto\/\">Datos oficiales no muestran cambios significativos del gasto<\/a><\/strong><\/p>\n<h4 id=\"h-an-lisis-de-hebrard-hebrard-consultings\" style=\"text-align: justify;\">An\u00e1lisis de Hebrard &amp; Hebrard Consultings<\/h4>\n<p id=\"h-un-an-lisis-publicado-por-la-firma-financiera-hebrard-hebrard-consultings-que-explica-estos-resultados-en-el-impacto-combinado-de-nuevas-emisiones-de-certificados-del-banco-central-y-sobre-todo-de-la-revaluaci-n-del-peso-dominicano-frente-al-d-lar-estadounidense\" style=\"text-align: justify;\">Un an\u00e1lisis publicado por la firma financiera\u00a0<strong>Hebrard &amp; Hebrard Consultings<\/strong>, que explica estos resultados \u201cen el impacto combinado de nuevas emisiones de certificados del Banco Central y sobre todo de la revaluaci\u00f3n del peso dominicano frente al d\u00f3lar estadounidense\u201d.<\/p>\n<p style=\"text-align: justify;\">El documento analiza que el valor total de los certificados emitidos por la instituci\u00f3n monetaria se ha incrementado a\u00a0<strong>un ritmo promedio de 10.7%<\/strong>\u00a0cada a\u00f1o desde 2016, cuando<strong>\u00a0el stock de certificados<\/strong>\u00a0se situaba en RD$446,686.4 millones, una cifra que aument\u00f3 a RD$740,785.5 millones al cierre de 2021.<\/p>\n<p style=\"text-align: justify;\">La firma puntualiza que solo entre diciembre del pasado a\u00f1o y febrero del 2022, este stock presenta un crecimiento de 17.8%, es decir,<strong>\u00a0RD$131,761.2 millones m\u00e1s.<\/strong>\u00a0\u201cEn tan solo dos meses, el valor de los certificados alcanza ahora RD$872,546.7 millones\u201d.<\/p>\n<p style=\"text-align: justify;\">En t\u00e9rminos generales, la deuda del sector p\u00fablico consolidado se ha mantenido en constante expansi\u00f3n. En solo cinco a\u00f1os, su stock ha pasado de US$34,102.6 millones a US$59,201.6 millones, para una variaci\u00f3n de US$25,099 millones (73.6%) en 60 meses.<\/p>\n<p style=\"text-align: justify;\">En pesos dominicanos, esta cifra asciende a los\u00a0<strong>RD$3 billones 382,900 millones.<\/strong><\/p>\n<p style=\"text-align: justify;\">\n<div class=\"pvc_clear\"><\/div>\n<p class=\"pvc_stats all \" data-element-id=\"23087\" style=\"\"><i class=\"pvc-stats-icon medium\" aria-hidden=\"true\"><svg aria-hidden=\"true\" focusable=\"false\" data-prefix=\"far\" data-icon=\"chart-bar\" role=\"img\" xmlns=\"http:\/\/www.w3.org\/2000\/svg\" viewBox=\"0 0 512 512\" class=\"svg-inline--fa fa-chart-bar fa-w-16 fa-2x\"><path fill=\"currentColor\" d=\"M396.8 352h22.4c6.4 0 12.8-6.4 12.8-12.8V108.8c0-6.4-6.4-12.8-12.8-12.8h-22.4c-6.4 0-12.8 6.4-12.8 12.8v230.4c0 6.4 6.4 12.8 12.8 12.8zm-192 0h22.4c6.4 0 12.8-6.4 12.8-12.8V140.8c0-6.4-6.4-12.8-12.8-12.8h-22.4c-6.4 0-12.8 6.4-12.8 12.8v198.4c0 6.4 6.4 12.8 12.8 12.8zm96 0h22.4c6.4 0 12.8-6.4 12.8-12.8V204.8c0-6.4-6.4-12.8-12.8-12.8h-22.4c-6.4 0-12.8 6.4-12.8 12.8v134.4c0 6.4 6.4 12.8 12.8 12.8zM496 400H48V80c0-8.84-7.16-16-16-16H16C7.16 64 0 71.16 0 80v336c0 17.67 14.33 32 32 32h464c8.84 0 16-7.16 16-16v-16c0-8.84-7.16-16-16-16zm-387.2-48h22.4c6.4 0 12.8-6.4 12.8-12.8v-70.4c0-6.4-6.4-12.8-12.8-12.8h-22.4c-6.4 0-12.8 6.4-12.8 12.8v70.4c0 6.4 6.4 12.8 12.8 12.8z\" class=\"\"><\/path><\/svg><\/i> Vistas Totales&nbsp;1,048&nbsp;, Vistas Hoy&nbsp;4&nbsp;<\/p>\n<div class=\"pvc_clear\"><\/div>\n","protected":false},"excerpt":{"rendered":"<p>Autor: Ubaldo Guzm\u00e1n Molina Fecha: 27 de abril del 2022 Extra\u00eddo de:\u00a0Peri\u00f3dico Hoy Entre el 2000 y febrero pasado la\u00a0deuda p\u00fablica\u00a0consolidada se ha multiplicado\u00a0por m\u00e1s de quince, pues pas\u00f3 de US$4,447. 9 millones a US$67,682 millones. De esa deuda, que incluye la intergubernamental, US$50,806.5 millones correspondieron a la\u00a0deuda del sector p\u00fablico no financiero\u00a0y los restantes&#8230;<\/p>\n<div class=\"pvc_clear\"><\/div>\n<p class=\"pvc_stats all \" data-element-id=\"23087\" style=\"\"><i class=\"pvc-stats-icon medium\" aria-hidden=\"true\"><svg aria-hidden=\"true\" focusable=\"false\" data-prefix=\"far\" data-icon=\"chart-bar\" role=\"img\" xmlns=\"http:\/\/www.w3.org\/2000\/svg\" viewBox=\"0 0 512 512\" class=\"svg-inline--fa fa-chart-bar fa-w-16 fa-2x\"><path fill=\"currentColor\" d=\"M396.8 352h22.4c6.4 0 12.8-6.4 12.8-12.8V108.8c0-6.4-6.4-12.8-12.8-12.8h-22.4c-6.4 0-12.8 6.4-12.8 12.8v230.4c0 6.4 6.4 12.8 12.8 12.8zm-192 0h22.4c6.4 0 12.8-6.4 12.8-12.8V140.8c0-6.4-6.4-12.8-12.8-12.8h-22.4c-6.4 0-12.8 6.4-12.8 12.8v198.4c0 6.4 6.4 12.8 12.8 12.8zm96 0h22.4c6.4 0 12.8-6.4 12.8-12.8V204.8c0-6.4-6.4-12.8-12.8-12.8h-22.4c-6.4 0-12.8 6.4-12.8 12.8v134.4c0 6.4 6.4 12.8 12.8 12.8zM496 400H48V80c0-8.84-7.16-16-16-16H16C7.16 64 0 71.16 0 80v336c0 17.67 14.33 32 32 32h464c8.84 0 16-7.16 16-16v-16c0-8.84-7.16-16-16-16zm-387.2-48h22.4c6.4 0 12.8-6.4 12.8-12.8v-70.4c0-6.4-6.4-12.8-12.8-12.8h-22.4c-6.4 0-12.8 6.4-12.8 12.8v70.4c0 6.4 6.4 12.8 12.8 12.8z\" class=\"\"><\/path><\/svg><\/i> Vistas Totales&nbsp;1,048&nbsp;, Vistas Hoy&nbsp;4&nbsp;<\/p>\n<div class=\"pvc_clear\"><\/div>\n","protected":false},"author":2,"featured_media":0,"comment_status":"closed","ping_status":"closed","sticky":false,"template":"","format":"standard","meta":{"footnotes":""},"categories":[19],"tags":[],"class_list":["post-23087","post","type-post","status-publish","format-standard","hentry","category-actualidad"],"yoast_head":"<!-- This site is optimized with the Yoast SEO plugin v25.2 - https:\/\/yoast.com\/wordpress\/plugins\/seo\/ -->\n<title>Deuda p\u00fablica se multiplica por quince | CREES<\/title>\n<meta name=\"robots\" content=\"index, follow, max-snippet:-1, max-image-preview:large, max-video-preview:-1\" \/>\n<link rel=\"canonical\" href=\"https:\/\/crees.org.do\/?p=23087\" \/>\n<meta property=\"og:locale\" content=\"es_ES\" \/>\n<meta property=\"og:type\" content=\"article\" \/>\n<meta property=\"og:title\" content=\"Deuda p\u00fablica se multiplica por quince | CREES\" \/>\n<meta property=\"og:description\" content=\"Autor: Ubaldo Guzm\u00e1n Molina Fecha: 27 de abril del 2022 Extra\u00eddo de:\u00a0Peri\u00f3dico Hoy Entre el 2000 y febrero pasado la\u00a0deuda p\u00fablica\u00a0consolidada se ha multiplicado\u00a0por m\u00e1s de quince, pues pas\u00f3 de US$4,447. 9 millones a US$67,682 millones. De esa deuda, que incluye la intergubernamental, US$50,806.5 millones correspondieron a la\u00a0deuda del sector p\u00fablico no financiero\u00a0y los restantes...\" \/>\n<meta property=\"og:url\" content=\"https:\/\/crees.org.do\/?p=23087\" \/>\n<meta property=\"og:site_name\" content=\"CREES\" \/>\n<meta property=\"article:publisher\" content=\"https:\/\/www.facebook.com\/CREESRD\/\" \/>\n<meta property=\"article:published_time\" content=\"2022-04-27T13:10:58+00:00\" \/>\n<meta property=\"article:modified_time\" content=\"2022-05-04T13:12:49+00:00\" \/>\n<meta property=\"og:image\" content=\"https:\/\/crees.org.do\/wp-content\/uploads\/2022\/03\/crees-logo-1.jpg\" \/>\n\t<meta property=\"og:image:width\" content=\"244\" \/>\n\t<meta property=\"og:image:height\" content=\"71\" \/>\n\t<meta property=\"og:image:type\" content=\"image\/jpeg\" \/>\n<meta name=\"author\" content=\"Crees\" \/>\n<meta name=\"twitter:card\" content=\"summary_large_image\" \/>\n<meta name=\"twitter:creator\" content=\"@CREESRD\" \/>\n<meta name=\"twitter:site\" content=\"@CREESRD\" \/>\n<meta name=\"twitter:label1\" content=\"Escrito por\" \/>\n\t<meta name=\"twitter:data1\" content=\"Crees\" \/>\n\t<meta name=\"twitter:label2\" content=\"Tiempo de lectura\" \/>\n\t<meta name=\"twitter:data2\" content=\"2 minutos\" \/>\n<script type=\"application\/ld+json\" class=\"yoast-schema-graph\">{\"@context\":\"https:\/\/schema.org\",\"@graph\":[{\"@type\":\"Article\",\"@id\":\"https:\/\/crees.org.do\/?p=23087#article\",\"isPartOf\":{\"@id\":\"https:\/\/crees.org.do\/?p=23087\"},\"author\":{\"name\":\"Crees\",\"@id\":\"https:\/\/crees.org.do\/#\/schema\/person\/e7f97cd94d7bf9cd0e0ce30acb7d56b8\"},\"headline\":\"Deuda p\u00fablica se multiplica por quince\",\"datePublished\":\"2022-04-27T13:10:58+00:00\",\"dateModified\":\"2022-05-04T13:12:49+00:00\",\"mainEntityOfPage\":{\"@id\":\"https:\/\/crees.org.do\/?p=23087\"},\"wordCount\":339,\"publisher\":{\"@id\":\"https:\/\/crees.org.do\/#organization\"},\"articleSection\":[\"Actualidad\"],\"inLanguage\":\"es\"},{\"@type\":\"WebPage\",\"@id\":\"https:\/\/crees.org.do\/?p=23087\",\"url\":\"https:\/\/crees.org.do\/?p=23087\",\"name\":\"Deuda p\u00fablica se multiplica por quince | CREES\",\"isPartOf\":{\"@id\":\"https:\/\/crees.org.do\/#website\"},\"datePublished\":\"2022-04-27T13:10:58+00:00\",\"dateModified\":\"2022-05-04T13:12:49+00:00\",\"breadcrumb\":{\"@id\":\"https:\/\/crees.org.do\/?p=23087#breadcrumb\"},\"inLanguage\":\"es\",\"potentialAction\":[{\"@type\":\"ReadAction\",\"target\":[\"https:\/\/crees.org.do\/?p=23087\"]}]},{\"@type\":\"BreadcrumbList\",\"@id\":\"https:\/\/crees.org.do\/?p=23087#breadcrumb\",\"itemListElement\":[{\"@type\":\"ListItem\",\"position\":1,\"name\":\"Portada\",\"item\":\"https:\/\/crees.org.do\/\"},{\"@type\":\"ListItem\",\"position\":2,\"name\":\"Deuda p\u00fablica se multiplica por quince\"}]},{\"@type\":\"WebSite\",\"@id\":\"https:\/\/crees.org.do\/#website\",\"url\":\"https:\/\/crees.org.do\/\",\"name\":\"CREES\",\"description\":\"Centro Regional de Estrategias Econ\u00f3micas Sostenibles\",\"publisher\":{\"@id\":\"https:\/\/crees.org.do\/#organization\"},\"potentialAction\":[{\"@type\":\"SearchAction\",\"target\":{\"@type\":\"EntryPoint\",\"urlTemplate\":\"https:\/\/crees.org.do\/?s={search_term_string}\"},\"query-input\":{\"@type\":\"PropertyValueSpecification\",\"valueRequired\":true,\"valueName\":\"search_term_string\"}}],\"inLanguage\":\"es\"},{\"@type\":\"Organization\",\"@id\":\"https:\/\/crees.org.do\/#organization\",\"name\":\"CREES | Centro Regional de Estrategias Econ\u00f3micas Sostenibles\",\"url\":\"https:\/\/crees.org.do\/\",\"logo\":{\"@type\":\"ImageObject\",\"inLanguage\":\"es\",\"@id\":\"https:\/\/crees.org.do\/#\/schema\/logo\/image\/\",\"url\":\"https:\/\/crees.org.do\/wp-content\/uploads\/2022\/03\/crees-logo-1.jpg\",\"contentUrl\":\"https:\/\/crees.org.do\/wp-content\/uploads\/2022\/03\/crees-logo-1.jpg\",\"width\":244,\"height\":71,\"caption\":\"CREES | Centro Regional de Estrategias Econ\u00f3micas Sostenibles\"},\"image\":{\"@id\":\"https:\/\/crees.org.do\/#\/schema\/logo\/image\/\"},\"sameAs\":[\"https:\/\/www.facebook.com\/CREESRD\/\",\"https:\/\/x.com\/CREESRD\"]},{\"@type\":\"Person\",\"@id\":\"https:\/\/crees.org.do\/#\/schema\/person\/e7f97cd94d7bf9cd0e0ce30acb7d56b8\",\"name\":\"Crees\",\"image\":{\"@type\":\"ImageObject\",\"inLanguage\":\"es\",\"@id\":\"https:\/\/crees.org.do\/#\/schema\/person\/image\/\",\"url\":\"https:\/\/secure.gravatar.com\/avatar\/390ac8f0be5d9aa046152553e2dd7011b59a512d89c150f5e5f28bb8d9a0b165?s=96&d=mm&r=g\",\"contentUrl\":\"https:\/\/secure.gravatar.com\/avatar\/390ac8f0be5d9aa046152553e2dd7011b59a512d89c150f5e5f28bb8d9a0b165?s=96&d=mm&r=g\",\"caption\":\"Crees\"},\"url\":\"https:\/\/crees.org.do\/?author=2\"}]}<\/script>\n<!-- \/ Yoast SEO plugin. -->","yoast_head_json":{"title":"Deuda p\u00fablica se multiplica por quince | CREES","robots":{"index":"index","follow":"follow","max-snippet":"max-snippet:-1","max-image-preview":"max-image-preview:large","max-video-preview":"max-video-preview:-1"},"canonical":"https:\/\/crees.org.do\/?p=23087","og_locale":"es_ES","og_type":"article","og_title":"Deuda p\u00fablica se multiplica por quince | CREES","og_description":"Autor: Ubaldo Guzm\u00e1n Molina Fecha: 27 de abril del 2022 Extra\u00eddo de:\u00a0Peri\u00f3dico Hoy Entre el 2000 y febrero pasado la\u00a0deuda p\u00fablica\u00a0consolidada se ha multiplicado\u00a0por m\u00e1s de quince, pues pas\u00f3 de US$4,447. 9 millones a US$67,682 millones. De esa deuda, que incluye la intergubernamental, US$50,806.5 millones correspondieron a la\u00a0deuda del sector p\u00fablico no financiero\u00a0y los restantes...","og_url":"https:\/\/crees.org.do\/?p=23087","og_site_name":"CREES","article_publisher":"https:\/\/www.facebook.com\/CREESRD\/","article_published_time":"2022-04-27T13:10:58+00:00","article_modified_time":"2022-05-04T13:12:49+00:00","og_image":[{"width":244,"height":71,"url":"https:\/\/crees.org.do\/wp-content\/uploads\/2022\/03\/crees-logo-1.jpg","type":"image\/jpeg"}],"author":"Crees","twitter_card":"summary_large_image","twitter_creator":"@CREESRD","twitter_site":"@CREESRD","twitter_misc":{"Escrito por":"Crees","Tiempo de lectura":"2 minutos"},"schema":{"@context":"https:\/\/schema.org","@graph":[{"@type":"Article","@id":"https:\/\/crees.org.do\/?p=23087#article","isPartOf":{"@id":"https:\/\/crees.org.do\/?p=23087"},"author":{"name":"Crees","@id":"https:\/\/crees.org.do\/#\/schema\/person\/e7f97cd94d7bf9cd0e0ce30acb7d56b8"},"headline":"Deuda p\u00fablica se multiplica por quince","datePublished":"2022-04-27T13:10:58+00:00","dateModified":"2022-05-04T13:12:49+00:00","mainEntityOfPage":{"@id":"https:\/\/crees.org.do\/?p=23087"},"wordCount":339,"publisher":{"@id":"https:\/\/crees.org.do\/#organization"},"articleSection":["Actualidad"],"inLanguage":"es"},{"@type":"WebPage","@id":"https:\/\/crees.org.do\/?p=23087","url":"https:\/\/crees.org.do\/?p=23087","name":"Deuda p\u00fablica se multiplica por quince | CREES","isPartOf":{"@id":"https:\/\/crees.org.do\/#website"},"datePublished":"2022-04-27T13:10:58+00:00","dateModified":"2022-05-04T13:12:49+00:00","breadcrumb":{"@id":"https:\/\/crees.org.do\/?p=23087#breadcrumb"},"inLanguage":"es","potentialAction":[{"@type":"ReadAction","target":["https:\/\/crees.org.do\/?p=23087"]}]},{"@type":"BreadcrumbList","@id":"https:\/\/crees.org.do\/?p=23087#breadcrumb","itemListElement":[{"@type":"ListItem","position":1,"name":"Portada","item":"https:\/\/crees.org.do\/"},{"@type":"ListItem","position":2,"name":"Deuda p\u00fablica se multiplica por quince"}]},{"@type":"WebSite","@id":"https:\/\/crees.org.do\/#website","url":"https:\/\/crees.org.do\/","name":"CREES","description":"Centro Regional de Estrategias Econ\u00f3micas Sostenibles","publisher":{"@id":"https:\/\/crees.org.do\/#organization"},"potentialAction":[{"@type":"SearchAction","target":{"@type":"EntryPoint","urlTemplate":"https:\/\/crees.org.do\/?s={search_term_string}"},"query-input":{"@type":"PropertyValueSpecification","valueRequired":true,"valueName":"search_term_string"}}],"inLanguage":"es"},{"@type":"Organization","@id":"https:\/\/crees.org.do\/#organization","name":"CREES | Centro Regional de Estrategias Econ\u00f3micas Sostenibles","url":"https:\/\/crees.org.do\/","logo":{"@type":"ImageObject","inLanguage":"es","@id":"https:\/\/crees.org.do\/#\/schema\/logo\/image\/","url":"https:\/\/crees.org.do\/wp-content\/uploads\/2022\/03\/crees-logo-1.jpg","contentUrl":"https:\/\/crees.org.do\/wp-content\/uploads\/2022\/03\/crees-logo-1.jpg","width":244,"height":71,"caption":"CREES | Centro Regional de Estrategias Econ\u00f3micas Sostenibles"},"image":{"@id":"https:\/\/crees.org.do\/#\/schema\/logo\/image\/"},"sameAs":["https:\/\/www.facebook.com\/CREESRD\/","https:\/\/x.com\/CREESRD"]},{"@type":"Person","@id":"https:\/\/crees.org.do\/#\/schema\/person\/e7f97cd94d7bf9cd0e0ce30acb7d56b8","name":"Crees","image":{"@type":"ImageObject","inLanguage":"es","@id":"https:\/\/crees.org.do\/#\/schema\/person\/image\/","url":"https:\/\/secure.gravatar.com\/avatar\/390ac8f0be5d9aa046152553e2dd7011b59a512d89c150f5e5f28bb8d9a0b165?s=96&d=mm&r=g","contentUrl":"https:\/\/secure.gravatar.com\/avatar\/390ac8f0be5d9aa046152553e2dd7011b59a512d89c150f5e5f28bb8d9a0b165?s=96&d=mm&r=g","caption":"Crees"},"url":"https:\/\/crees.org.do\/?author=2"}]}},"_links":{"self":[{"href":"https:\/\/crees.org.do\/index.php?rest_route=\/wp\/v2\/posts\/23087","targetHints":{"allow":["GET"]}}],"collection":[{"href":"https:\/\/crees.org.do\/index.php?rest_route=\/wp\/v2\/posts"}],"about":[{"href":"https:\/\/crees.org.do\/index.php?rest_route=\/wp\/v2\/types\/post"}],"author":[{"embeddable":true,"href":"https:\/\/crees.org.do\/index.php?rest_route=\/wp\/v2\/users\/2"}],"replies":[{"embeddable":true,"href":"https:\/\/crees.org.do\/index.php?rest_route=%2Fwp%2Fv2%2Fcomments&post=23087"}],"version-history":[{"count":1,"href":"https:\/\/crees.org.do\/index.php?rest_route=\/wp\/v2\/posts\/23087\/revisions"}],"predecessor-version":[{"id":23088,"href":"https:\/\/crees.org.do\/index.php?rest_route=\/wp\/v2\/posts\/23087\/revisions\/23088"}],"wp:attachment":[{"href":"https:\/\/crees.org.do\/index.php?rest_route=%2Fwp%2Fv2%2Fmedia&parent=23087"}],"wp:term":[{"taxonomy":"category","embeddable":true,"href":"https:\/\/crees.org.do\/index.php?rest_route=%2Fwp%2Fv2%2Fcategories&post=23087"},{"taxonomy":"post_tag","embeddable":true,"href":"https:\/\/crees.org.do\/index.php?rest_route=%2Fwp%2Fv2%2Ftags&post=23087"}],"curies":[{"name":"wp","href":"https:\/\/api.w.org\/{rel}","templated":true}]}}