{"id":23089,"date":"2022-05-01T13:36:32","date_gmt":"2022-05-01T13:36:32","guid":{"rendered":"https:\/\/crees.org.do\/?p=23089"},"modified":"2022-05-04T13:36:47","modified_gmt":"2022-05-04T13:36:47","slug":"miguel-collado-di-franco-asegura-inflacion-favorece-recaudaciones-fiscales","status":"publish","type":"post","link":"https:\/\/crees.org.do\/?p=23089","title":{"rendered":"Miguel Collado Di Franco asegura inflaci\u00f3n favorece recaudaciones fiscales"},"content":{"rendered":"<p style=\"text-align: justify;\">Autor: Redacci\u00f3n de DiarioDigitalRD<\/p>\n<p style=\"text-align: justify;\">Fecha: 1 de mayo del 2022<\/p>\n<p style=\"text-align: justify;\">Extra\u00eddo de: <a href=\"https:\/\/www.diariodigital.com.do\/2022\/05\/01\/miguel-collado-di-franco-asegura-inflacion-favorece-recaudaciones-fiscales.html\">DiarioDigitalRD<\/a><\/p>\n<h4 style=\"text-align: justify;\">El director ejecutivo de CREES dice proyecto reforma ley hidrocarburos logre bajar los precios de los combustibles<\/h4>\n<p style=\"text-align: justify;\">Santo Domingo,- El director ejecutivo del Centro Regional de Estrategias Econ\u00f3micas Sostenibles (CREES) asegur\u00f3 que al gobierno le ha convenido el proceso inflacionario que se registra en la econom\u00eda, el cual, al contrario, no le conviene al ciudadano.<\/p>\n<p style=\"text-align: justify;\">El economista Miguel Collado Di Franco explic\u00f3 que cuando se observan las estad\u00edsticas del comportamiento de la econom\u00eda en el primer trimestre del a\u00f1o, se confirma lo dicho por el ministro de Hacienda Jochy Vicente de un incremento de las recaudaciones en ese periodo.<\/p>\n<p style=\"text-align: justify;\">Collado Di Franco sostuvo que de los 23 mil millones que se recaudaron por encima de los presupuestado, conforme a lo expresado por el citado funcionario, parte de eso tiene que ver con la misma inflaci\u00f3n.<\/p>\n<p style=\"text-align: justify;\">Entrevistado por H\u00e9ctor Herrera Cabral en el programa D\u00b4AGENDA que cada domingo se difunde por Telesistema Canal 11, y TV Quisqueya para Estados Unidos, el vicepresidente del CREES dijo que cuando se hace el an\u00e1lisis, se da cuenta que en Aduanas el arancel es mayor, las recaudaciones, el ITBIS que se cobra en dicha instituci\u00f3n, el ITBIS interno, y las recaudaciones por los Hidrocarburos del impuesto selectivo al ad valorem.<\/p>\n<p style=\"text-align: justify;\">Agreg\u00f3 que en ese incremento de las recaudaciones tambi\u00e9n est\u00e1 el impuesto a la persona f\u00edsica, a los trabajadores, con el incremento de salario del pasado a\u00f1o, porque muchas personas no solamente ganan m\u00e1s y tributan m\u00e1s, sino que cayeron en una categor\u00eda mayor, debido a que no se ha hecho el ajuste por inflaci\u00f3n.<\/p>\n<p style=\"text-align: justify;\">\u201cEs decir que cuando uno ve las partidas, observa que el efecto de la inflaci\u00f3n ha ayudado en la recaudaci\u00f3n, por lo que al gobierno en materia recaudatoria le ha convenido el proceso de inflaci\u00f3n, y no le ha convenido al ciudadano, y debemos estar claro en eso\u201d, afirm\u00f3 el profesional de la econom\u00eda.<\/p>\n<p style=\"text-align: justify;\">Miguel Collado dijo que lo que habr\u00eda que preguntarse hasta cu\u00e1ndo y qu\u00e9 monto seguir\u00e1n aumentando las recaudaciones, en la medida en que la inflaci\u00f3n mundial pueda ir reduci\u00e9ndose.<\/p>\n<p style=\"text-align: justify;\">\u201cNo va a desaparecer durante todo este a\u00f1o, independientemente de las acciones que tome la Reserva Federal, que influye mucho, pero uno ve perspectiva de que vaya desaceler\u00e1ndose el crecimiento de la inflaci\u00f3n, hasta d\u00f3nde llegar\u00e1n estos ingresos, no sabemos a ciencia cierta\u201d, detall\u00f3.<\/p>\n<p style=\"text-align: justify;\">El director ejecutivo del CREES dijo que, en definitiva, lo que se prev\u00e9 es que van a ver unas recaudaciones mayores, pero el otro lado de la moneda, que preocupa, es la sostenibilidad del gasto adicional que ha surgido a partir de las transferencias monetarias y los subsidios que est\u00e1 otorgando el gobierno.<\/p>\n<div class=\"google-auto-placed ap_container\">\n<p style=\"text-align: justify;\">\u201cTransferencias monetarias a trav\u00e9s de Sup\u00e9rate, Bono Gas Hogar, Bono Gas Chofer, y el subsidio generalizado a los hidrocarburos que ya debe estar superando los RD$10,000 millones\u201d, puntualizo.<\/p>\n<p style=\"text-align: justify;\">Collado Di Franco record\u00f3 que el gobierno tiene contemplado unos RD$29,000 millones a trav\u00e9s de un decreto que persigue disminuir el gasto, o sea que son partidas que podr\u00edan tocarse en caso de necesitarse, y \u00e9l entiende que ya deben irlo pensando.<\/p>\n<p style=\"text-align: justify;\">Miguel Collado sostiene que la inflaci\u00f3n afecta m\u00e1s a los pobres por el peso de los alimentos y el transporte en el IPC<\/p>\n<p style=\"text-align: justify;\">La inflaci\u00f3n afecta m\u00e1s en los quintiles de menores ingresos de la poblaci\u00f3n, asegura el director Ejecutivo del CREES Miguel Collado Di Franco.<\/p>\n<p style=\"text-align: justify;\">\u201cSi, porque pesan m\u00e1s los alimentos y el transporte, y otros bienes y servicios que consumen dentro de su consumo total, para las personas que est\u00e1n en los quintiles de m\u00e1s bajo de ingresos\u201d, explic\u00f3 Collado.<\/p>\n<p style=\"text-align: justify;\">Agreg\u00f3 que en las personas que tienen mayores ingresos, los alimentos, que sabemos que se est\u00e1n incrementando y seguir\u00e1n increment\u00e1ndose, pesan menos de sus consumos, tienen otros gastos y, en consecuencias afecta a quienes menos ingresos tienen.<\/p>\n<p style=\"text-align: justify;\">\u201cLa inflaci\u00f3n ha sido terrible, y es importante que los bancos centrales a nivel mundial empiecen, verdaderamente, a sostener la senda, de por lo menos, corregir la parte monetaria, porque la parte de los costos que se incrementar\u00e1n, ah\u00ed es m\u00e1s dif\u00edcil\u201d, se\u00f1al\u00f3 Miguel Collado.<\/p>\n<p style=\"text-align: justify;\">Reiter\u00f3 que la inflaci\u00f3n tiene un efecto enorme en las personas de menor ingresos, porque el peso mayor recae en los alimentos y el transporte.<\/p>\n<p style=\"text-align: justify;\">\u201cSi tu ve la Composici\u00f3n del \u00cdndice de Precios al Consumidor en Rep\u00fablica Dominicana, y algunas personas se preguntan por qu\u00e9 en el pa\u00eds ha aumentado m\u00e1s la inflaci\u00f3n que en la mayor\u00eda de los pa\u00edses de Am\u00e9rica Latina, la respuesta es que hay que ver el IPC de cada uno de esos pa\u00edses\u201d, argument\u00f3.<\/p>\n<p style=\"text-align: justify;\">Record\u00f3 que RD no produce petr\u00f3leo, contrario a otros pa\u00edses, la energ\u00eda se produce con gas y derivados de petr\u00f3leo, el carb\u00f3n que tambi\u00e9n se ha disparado de precios, y otras naciones pueden estar utilizando hidr\u00e1ulicas u otros tipos de energ\u00eda porque producen el carburante.<\/p>\n<p style=\"text-align: justify;\">Insisti\u00f3 que los alimentos, bebidas no alcoh\u00f3licas, energ\u00eda y transporte pesan mucho en el \u00cdndice de Precios al Consumidor en Rep\u00fablica Dominicana, que su variaci\u00f3n es la que determina la inflaci\u00f3n.<\/p>\n<p style=\"text-align: justify;\">\u201cPero tenemos una inflaci\u00f3n alta todav\u00eda, y eso es lo que debemos tener en cuenta, las autoridades monetarias ya se han encaminado por el incremento de la tasa de pol\u00edtica monetaria, la reducci\u00f3n de la oferta monetaria y otras medidas\u201d, acot\u00f3.<\/p>\n<p style=\"text-align: justify;\">Economista no cree propuesta modificaci\u00f3n ley hidrocarburos logre bajar precios de los combustibles<\/p>\n<p style=\"text-align: justify;\">El economista Miguel Collado Di Franco dijo que en la manera en que est\u00e1 formulado el proyecto de reforma a la ley de Hidrocarburos, sometida al Congreso Nacional por el Poder Ejecutivo, si se aprobase, no hay garant\u00edas de que se producir\u00e1n rebajas en los precios de los combustibles.<\/p>\n<div class=\"google-auto-placed ap_container\">\n<p style=\"text-align: justify;\">\u201cEsa es una verdadera reforma estructural que podr\u00eda ser provechosa, pero como est\u00e1 dise\u00f1ada, por lo que uno ha visto en el proyecto de ley, no apunta a traer beneficios en ese mercado para los consumidores\u201d, dijo enf\u00e1ticamente el director ejecutivo del Centro Regional de Estrategia Econ\u00f3micas Sostenible.<\/p>\n<p style=\"text-align: justify;\">Collado agreg\u00f3 que la oportunidad que se tendr\u00eda con dicha ley, no est\u00e1 reflejada en el proyecto de reforma que ha sometido al Congreso el Poder Ejecutivo.<\/p>\n<p style=\"text-align: justify;\">\u201cLo que se percibe es que se quiere transparentar el esquema de subsidios dentro de la misma, se incluye la f\u00f3rmula en la ley, que en la actualidad est\u00e1 en un reglamento, y la fijaci\u00f3n del precio, y en consecuencia la liquidaci\u00f3n de los tributos relacionados con los hidrocarburos cada dos semanas, en vez de hacerlo semanalmente\u201d, detall\u00f3.<\/p>\n<p style=\"text-align: justify;\">Advirti\u00f3 que esos no son avances sustanciales, ni estructurales para decir \u201cvamos a tener un mercado de hidrocarburos que permita la competencia, reducir los precios y que tengamos una gasolina o el gasoil a precios competitivos con relaci\u00f3n a los pa\u00edses centroamericanos\u201d.<\/p>\n<p style=\"text-align: justify;\">Record\u00f3 que la Rep\u00fablica Dominicana en condiciones normales, sin el subsidio actual, tiene precios de los combustibles por encima del 20 por ciento con respecto a los que hay en las naciones de Centroam\u00e9rica.<\/p>\n<p style=\"text-align: justify;\">En otro orden, el director ejecutivo del CREES entiende que, con la aprobaci\u00f3n de la ley de tasa cero para 67 productos alimenticios en un plazo de seis meses, en el pa\u00eds se deber\u00eda producir una disminuci\u00f3n de los precios de esos rubros.<\/p>\n<\/div>\n<\/div>\n<div class=\"pvc_clear\"><\/div>\n<p class=\"pvc_stats all \" data-element-id=\"23089\" style=\"\"><i class=\"pvc-stats-icon medium\" aria-hidden=\"true\"><svg aria-hidden=\"true\" focusable=\"false\" data-prefix=\"far\" data-icon=\"chart-bar\" role=\"img\" xmlns=\"http:\/\/www.w3.org\/2000\/svg\" viewBox=\"0 0 512 512\" class=\"svg-inline--fa fa-chart-bar fa-w-16 fa-2x\"><path fill=\"currentColor\" d=\"M396.8 352h22.4c6.4 0 12.8-6.4 12.8-12.8V108.8c0-6.4-6.4-12.8-12.8-12.8h-22.4c-6.4 0-12.8 6.4-12.8 12.8v230.4c0 6.4 6.4 12.8 12.8 12.8zm-192 0h22.4c6.4 0 12.8-6.4 12.8-12.8V140.8c0-6.4-6.4-12.8-12.8-12.8h-22.4c-6.4 0-12.8 6.4-12.8 12.8v198.4c0 6.4 6.4 12.8 12.8 12.8zm96 0h22.4c6.4 0 12.8-6.4 12.8-12.8V204.8c0-6.4-6.4-12.8-12.8-12.8h-22.4c-6.4 0-12.8 6.4-12.8 12.8v134.4c0 6.4 6.4 12.8 12.8 12.8zM496 400H48V80c0-8.84-7.16-16-16-16H16C7.16 64 0 71.16 0 80v336c0 17.67 14.33 32 32 32h464c8.84 0 16-7.16 16-16v-16c0-8.84-7.16-16-16-16zm-387.2-48h22.4c6.4 0 12.8-6.4 12.8-12.8v-70.4c0-6.4-6.4-12.8-12.8-12.8h-22.4c-6.4 0-12.8 6.4-12.8 12.8v70.4c0 6.4 6.4 12.8 12.8 12.8z\" class=\"\"><\/path><\/svg><\/i> Vistas Totales&nbsp;1,100&nbsp;, Vistas Hoy&nbsp;2&nbsp;<\/p>\n<div class=\"pvc_clear\"><\/div>\n","protected":false},"excerpt":{"rendered":"<p>Autor: Redacci\u00f3n de DiarioDigitalRD Fecha: 1 de mayo del 2022 Extra\u00eddo de: DiarioDigitalRD El director ejecutivo de CREES dice proyecto reforma ley hidrocarburos logre bajar los precios de los combustibles Santo Domingo,- El director ejecutivo del Centro Regional de Estrategias Econ\u00f3micas Sostenibles (CREES) asegur\u00f3 que al gobierno le ha convenido el proceso inflacionario que se&#8230;<\/p>\n<div class=\"pvc_clear\"><\/div>\n<p class=\"pvc_stats all \" data-element-id=\"23089\" style=\"\"><i class=\"pvc-stats-icon medium\" aria-hidden=\"true\"><svg aria-hidden=\"true\" focusable=\"false\" data-prefix=\"far\" data-icon=\"chart-bar\" role=\"img\" xmlns=\"http:\/\/www.w3.org\/2000\/svg\" viewBox=\"0 0 512 512\" class=\"svg-inline--fa fa-chart-bar fa-w-16 fa-2x\"><path fill=\"currentColor\" d=\"M396.8 352h22.4c6.4 0 12.8-6.4 12.8-12.8V108.8c0-6.4-6.4-12.8-12.8-12.8h-22.4c-6.4 0-12.8 6.4-12.8 12.8v230.4c0 6.4 6.4 12.8 12.8 12.8zm-192 0h22.4c6.4 0 12.8-6.4 12.8-12.8V140.8c0-6.4-6.4-12.8-12.8-12.8h-22.4c-6.4 0-12.8 6.4-12.8 12.8v198.4c0 6.4 6.4 12.8 12.8 12.8zm96 0h22.4c6.4 0 12.8-6.4 12.8-12.8V204.8c0-6.4-6.4-12.8-12.8-12.8h-22.4c-6.4 0-12.8 6.4-12.8 12.8v134.4c0 6.4 6.4 12.8 12.8 12.8zM496 400H48V80c0-8.84-7.16-16-16-16H16C7.16 64 0 71.16 0 80v336c0 17.67 14.33 32 32 32h464c8.84 0 16-7.16 16-16v-16c0-8.84-7.16-16-16-16zm-387.2-48h22.4c6.4 0 12.8-6.4 12.8-12.8v-70.4c0-6.4-6.4-12.8-12.8-12.8h-22.4c-6.4 0-12.8 6.4-12.8 12.8v70.4c0 6.4 6.4 12.8 12.8 12.8z\" class=\"\"><\/path><\/svg><\/i> Vistas Totales&nbsp;1,100&nbsp;, Vistas Hoy&nbsp;2&nbsp;<\/p>\n<div class=\"pvc_clear\"><\/div>\n","protected":false},"author":2,"featured_media":0,"comment_status":"closed","ping_status":"closed","sticky":false,"template":"","format":"standard","meta":{"footnotes":""},"categories":[19],"tags":[],"class_list":["post-23089","post","type-post","status-publish","format-standard","hentry","category-actualidad"],"yoast_head":"<!-- This site is optimized with the Yoast SEO plugin v25.2 - https:\/\/yoast.com\/wordpress\/plugins\/seo\/ -->\n<title>Miguel Collado Di Franco asegura inflaci\u00f3n favorece recaudaciones fiscales | CREES<\/title>\n<meta name=\"robots\" content=\"index, follow, max-snippet:-1, max-image-preview:large, max-video-preview:-1\" \/>\n<link rel=\"canonical\" href=\"https:\/\/crees.org.do\/?p=23089\" \/>\n<meta property=\"og:locale\" content=\"es_ES\" \/>\n<meta property=\"og:type\" content=\"article\" \/>\n<meta property=\"og:title\" content=\"Miguel Collado Di Franco asegura inflaci\u00f3n favorece recaudaciones fiscales | CREES\" \/>\n<meta property=\"og:description\" content=\"Autor: Redacci\u00f3n de DiarioDigitalRD Fecha: 1 de mayo del 2022 Extra\u00eddo de: DiarioDigitalRD El director ejecutivo de CREES dice proyecto reforma ley hidrocarburos logre bajar los precios de los combustibles Santo Domingo,- El director ejecutivo del Centro Regional de Estrategias Econ\u00f3micas Sostenibles (CREES) asegur\u00f3 que al gobierno le ha convenido el proceso inflacionario que se...\" \/>\n<meta property=\"og:url\" content=\"https:\/\/crees.org.do\/?p=23089\" \/>\n<meta property=\"og:site_name\" content=\"CREES\" \/>\n<meta property=\"article:publisher\" content=\"https:\/\/www.facebook.com\/CREESRD\/\" \/>\n<meta property=\"article:published_time\" content=\"2022-05-01T13:36:32+00:00\" \/>\n<meta property=\"article:modified_time\" content=\"2022-05-04T13:36:47+00:00\" \/>\n<meta property=\"og:image\" content=\"https:\/\/crees.org.do\/wp-content\/uploads\/2022\/03\/crees-logo-1.jpg\" \/>\n\t<meta property=\"og:image:width\" content=\"244\" \/>\n\t<meta property=\"og:image:height\" content=\"71\" \/>\n\t<meta property=\"og:image:type\" content=\"image\/jpeg\" \/>\n<meta name=\"author\" content=\"Crees\" \/>\n<meta name=\"twitter:card\" content=\"summary_large_image\" \/>\n<meta name=\"twitter:creator\" content=\"@CREESRD\" \/>\n<meta name=\"twitter:site\" content=\"@CREESRD\" \/>\n<meta name=\"twitter:label1\" content=\"Escrito por\" \/>\n\t<meta name=\"twitter:data1\" content=\"Crees\" \/>\n\t<meta name=\"twitter:label2\" content=\"Tiempo de lectura\" \/>\n\t<meta name=\"twitter:data2\" content=\"6 minutos\" \/>\n<script type=\"application\/ld+json\" class=\"yoast-schema-graph\">{\"@context\":\"https:\/\/schema.org\",\"@graph\":[{\"@type\":\"Article\",\"@id\":\"https:\/\/crees.org.do\/?p=23089#article\",\"isPartOf\":{\"@id\":\"https:\/\/crees.org.do\/?p=23089\"},\"author\":{\"name\":\"Crees\",\"@id\":\"https:\/\/crees.org.do\/#\/schema\/person\/e7f97cd94d7bf9cd0e0ce30acb7d56b8\"},\"headline\":\"Miguel Collado Di Franco asegura inflaci\u00f3n favorece recaudaciones fiscales\",\"datePublished\":\"2022-05-01T13:36:32+00:00\",\"dateModified\":\"2022-05-04T13:36:47+00:00\",\"mainEntityOfPage\":{\"@id\":\"https:\/\/crees.org.do\/?p=23089\"},\"wordCount\":1302,\"publisher\":{\"@id\":\"https:\/\/crees.org.do\/#organization\"},\"articleSection\":[\"Actualidad\"],\"inLanguage\":\"es\"},{\"@type\":\"WebPage\",\"@id\":\"https:\/\/crees.org.do\/?p=23089\",\"url\":\"https:\/\/crees.org.do\/?p=23089\",\"name\":\"Miguel Collado Di Franco asegura inflaci\u00f3n favorece recaudaciones fiscales | CREES\",\"isPartOf\":{\"@id\":\"https:\/\/crees.org.do\/#website\"},\"datePublished\":\"2022-05-01T13:36:32+00:00\",\"dateModified\":\"2022-05-04T13:36:47+00:00\",\"breadcrumb\":{\"@id\":\"https:\/\/crees.org.do\/?p=23089#breadcrumb\"},\"inLanguage\":\"es\",\"potentialAction\":[{\"@type\":\"ReadAction\",\"target\":[\"https:\/\/crees.org.do\/?p=23089\"]}]},{\"@type\":\"BreadcrumbList\",\"@id\":\"https:\/\/crees.org.do\/?p=23089#breadcrumb\",\"itemListElement\":[{\"@type\":\"ListItem\",\"position\":1,\"name\":\"Portada\",\"item\":\"https:\/\/crees.org.do\/\"},{\"@type\":\"ListItem\",\"position\":2,\"name\":\"Miguel Collado Di Franco asegura inflaci\u00f3n favorece recaudaciones fiscales\"}]},{\"@type\":\"WebSite\",\"@id\":\"https:\/\/crees.org.do\/#website\",\"url\":\"https:\/\/crees.org.do\/\",\"name\":\"CREES\",\"description\":\"Centro Regional de Estrategias Econ\u00f3micas Sostenibles\",\"publisher\":{\"@id\":\"https:\/\/crees.org.do\/#organization\"},\"potentialAction\":[{\"@type\":\"SearchAction\",\"target\":{\"@type\":\"EntryPoint\",\"urlTemplate\":\"https:\/\/crees.org.do\/?s={search_term_string}\"},\"query-input\":{\"@type\":\"PropertyValueSpecification\",\"valueRequired\":true,\"valueName\":\"search_term_string\"}}],\"inLanguage\":\"es\"},{\"@type\":\"Organization\",\"@id\":\"https:\/\/crees.org.do\/#organization\",\"name\":\"CREES | Centro Regional de Estrategias Econ\u00f3micas Sostenibles\",\"url\":\"https:\/\/crees.org.do\/\",\"logo\":{\"@type\":\"ImageObject\",\"inLanguage\":\"es\",\"@id\":\"https:\/\/crees.org.do\/#\/schema\/logo\/image\/\",\"url\":\"https:\/\/crees.org.do\/wp-content\/uploads\/2022\/03\/crees-logo-1.jpg\",\"contentUrl\":\"https:\/\/crees.org.do\/wp-content\/uploads\/2022\/03\/crees-logo-1.jpg\",\"width\":244,\"height\":71,\"caption\":\"CREES | Centro Regional de Estrategias Econ\u00f3micas Sostenibles\"},\"image\":{\"@id\":\"https:\/\/crees.org.do\/#\/schema\/logo\/image\/\"},\"sameAs\":[\"https:\/\/www.facebook.com\/CREESRD\/\",\"https:\/\/x.com\/CREESRD\"]},{\"@type\":\"Person\",\"@id\":\"https:\/\/crees.org.do\/#\/schema\/person\/e7f97cd94d7bf9cd0e0ce30acb7d56b8\",\"name\":\"Crees\",\"image\":{\"@type\":\"ImageObject\",\"inLanguage\":\"es\",\"@id\":\"https:\/\/crees.org.do\/#\/schema\/person\/image\/\",\"url\":\"https:\/\/secure.gravatar.com\/avatar\/390ac8f0be5d9aa046152553e2dd7011b59a512d89c150f5e5f28bb8d9a0b165?s=96&d=mm&r=g\",\"contentUrl\":\"https:\/\/secure.gravatar.com\/avatar\/390ac8f0be5d9aa046152553e2dd7011b59a512d89c150f5e5f28bb8d9a0b165?s=96&d=mm&r=g\",\"caption\":\"Crees\"},\"url\":\"https:\/\/crees.org.do\/?author=2\"}]}<\/script>\n<!-- \/ Yoast SEO plugin. -->","yoast_head_json":{"title":"Miguel Collado Di Franco asegura inflaci\u00f3n favorece recaudaciones fiscales | CREES","robots":{"index":"index","follow":"follow","max-snippet":"max-snippet:-1","max-image-preview":"max-image-preview:large","max-video-preview":"max-video-preview:-1"},"canonical":"https:\/\/crees.org.do\/?p=23089","og_locale":"es_ES","og_type":"article","og_title":"Miguel Collado Di Franco asegura inflaci\u00f3n favorece recaudaciones fiscales | CREES","og_description":"Autor: Redacci\u00f3n de DiarioDigitalRD Fecha: 1 de mayo del 2022 Extra\u00eddo de: DiarioDigitalRD El director ejecutivo de CREES dice proyecto reforma ley hidrocarburos logre bajar los precios de los combustibles Santo Domingo,- El director ejecutivo del Centro Regional de Estrategias Econ\u00f3micas Sostenibles (CREES) asegur\u00f3 que al gobierno le ha convenido el proceso inflacionario que se...","og_url":"https:\/\/crees.org.do\/?p=23089","og_site_name":"CREES","article_publisher":"https:\/\/www.facebook.com\/CREESRD\/","article_published_time":"2022-05-01T13:36:32+00:00","article_modified_time":"2022-05-04T13:36:47+00:00","og_image":[{"width":244,"height":71,"url":"https:\/\/crees.org.do\/wp-content\/uploads\/2022\/03\/crees-logo-1.jpg","type":"image\/jpeg"}],"author":"Crees","twitter_card":"summary_large_image","twitter_creator":"@CREESRD","twitter_site":"@CREESRD","twitter_misc":{"Escrito por":"Crees","Tiempo de lectura":"6 minutos"},"schema":{"@context":"https:\/\/schema.org","@graph":[{"@type":"Article","@id":"https:\/\/crees.org.do\/?p=23089#article","isPartOf":{"@id":"https:\/\/crees.org.do\/?p=23089"},"author":{"name":"Crees","@id":"https:\/\/crees.org.do\/#\/schema\/person\/e7f97cd94d7bf9cd0e0ce30acb7d56b8"},"headline":"Miguel Collado Di Franco asegura inflaci\u00f3n favorece recaudaciones fiscales","datePublished":"2022-05-01T13:36:32+00:00","dateModified":"2022-05-04T13:36:47+00:00","mainEntityOfPage":{"@id":"https:\/\/crees.org.do\/?p=23089"},"wordCount":1302,"publisher":{"@id":"https:\/\/crees.org.do\/#organization"},"articleSection":["Actualidad"],"inLanguage":"es"},{"@type":"WebPage","@id":"https:\/\/crees.org.do\/?p=23089","url":"https:\/\/crees.org.do\/?p=23089","name":"Miguel Collado Di Franco asegura inflaci\u00f3n favorece recaudaciones fiscales | CREES","isPartOf":{"@id":"https:\/\/crees.org.do\/#website"},"datePublished":"2022-05-01T13:36:32+00:00","dateModified":"2022-05-04T13:36:47+00:00","breadcrumb":{"@id":"https:\/\/crees.org.do\/?p=23089#breadcrumb"},"inLanguage":"es","potentialAction":[{"@type":"ReadAction","target":["https:\/\/crees.org.do\/?p=23089"]}]},{"@type":"BreadcrumbList","@id":"https:\/\/crees.org.do\/?p=23089#breadcrumb","itemListElement":[{"@type":"ListItem","position":1,"name":"Portada","item":"https:\/\/crees.org.do\/"},{"@type":"ListItem","position":2,"name":"Miguel Collado Di Franco asegura inflaci\u00f3n favorece recaudaciones fiscales"}]},{"@type":"WebSite","@id":"https:\/\/crees.org.do\/#website","url":"https:\/\/crees.org.do\/","name":"CREES","description":"Centro Regional de Estrategias Econ\u00f3micas Sostenibles","publisher":{"@id":"https:\/\/crees.org.do\/#organization"},"potentialAction":[{"@type":"SearchAction","target":{"@type":"EntryPoint","urlTemplate":"https:\/\/crees.org.do\/?s={search_term_string}"},"query-input":{"@type":"PropertyValueSpecification","valueRequired":true,"valueName":"search_term_string"}}],"inLanguage":"es"},{"@type":"Organization","@id":"https:\/\/crees.org.do\/#organization","name":"CREES | Centro Regional de Estrategias Econ\u00f3micas Sostenibles","url":"https:\/\/crees.org.do\/","logo":{"@type":"ImageObject","inLanguage":"es","@id":"https:\/\/crees.org.do\/#\/schema\/logo\/image\/","url":"https:\/\/crees.org.do\/wp-content\/uploads\/2022\/03\/crees-logo-1.jpg","contentUrl":"https:\/\/crees.org.do\/wp-content\/uploads\/2022\/03\/crees-logo-1.jpg","width":244,"height":71,"caption":"CREES | Centro Regional de Estrategias Econ\u00f3micas Sostenibles"},"image":{"@id":"https:\/\/crees.org.do\/#\/schema\/logo\/image\/"},"sameAs":["https:\/\/www.facebook.com\/CREESRD\/","https:\/\/x.com\/CREESRD"]},{"@type":"Person","@id":"https:\/\/crees.org.do\/#\/schema\/person\/e7f97cd94d7bf9cd0e0ce30acb7d56b8","name":"Crees","image":{"@type":"ImageObject","inLanguage":"es","@id":"https:\/\/crees.org.do\/#\/schema\/person\/image\/","url":"https:\/\/secure.gravatar.com\/avatar\/390ac8f0be5d9aa046152553e2dd7011b59a512d89c150f5e5f28bb8d9a0b165?s=96&d=mm&r=g","contentUrl":"https:\/\/secure.gravatar.com\/avatar\/390ac8f0be5d9aa046152553e2dd7011b59a512d89c150f5e5f28bb8d9a0b165?s=96&d=mm&r=g","caption":"Crees"},"url":"https:\/\/crees.org.do\/?author=2"}]}},"_links":{"self":[{"href":"https:\/\/crees.org.do\/index.php?rest_route=\/wp\/v2\/posts\/23089","targetHints":{"allow":["GET"]}}],"collection":[{"href":"https:\/\/crees.org.do\/index.php?rest_route=\/wp\/v2\/posts"}],"about":[{"href":"https:\/\/crees.org.do\/index.php?rest_route=\/wp\/v2\/types\/post"}],"author":[{"embeddable":true,"href":"https:\/\/crees.org.do\/index.php?rest_route=\/wp\/v2\/users\/2"}],"replies":[{"embeddable":true,"href":"https:\/\/crees.org.do\/index.php?rest_route=%2Fwp%2Fv2%2Fcomments&post=23089"}],"version-history":[{"count":1,"href":"https:\/\/crees.org.do\/index.php?rest_route=\/wp\/v2\/posts\/23089\/revisions"}],"predecessor-version":[{"id":23090,"href":"https:\/\/crees.org.do\/index.php?rest_route=\/wp\/v2\/posts\/23089\/revisions\/23090"}],"wp:attachment":[{"href":"https:\/\/crees.org.do\/index.php?rest_route=%2Fwp%2Fv2%2Fmedia&parent=23089"}],"wp:term":[{"taxonomy":"category","embeddable":true,"href":"https:\/\/crees.org.do\/index.php?rest_route=%2Fwp%2Fv2%2Fcategories&post=23089"},{"taxonomy":"post_tag","embeddable":true,"href":"https:\/\/crees.org.do\/index.php?rest_route=%2Fwp%2Fv2%2Ftags&post=23089"}],"curies":[{"name":"wp","href":"https:\/\/api.w.org\/{rel}","templated":true}]}}