{"id":23148,"date":"2022-05-09T21:44:02","date_gmt":"2022-05-09T21:44:02","guid":{"rendered":"https:\/\/crees.org.do\/?p=23148"},"modified":"2022-05-09T21:44:02","modified_gmt":"2022-05-09T21:44:02","slug":"tendencias-demograficas-ponen-en-evidencia-la-insotenibilidad-de-los-sistemas-de-reparto","status":"publish","type":"post","link":"https:\/\/crees.org.do\/?p=23148","title":{"rendered":"Tendencias demogr\u00e1ficas ponen en evidencia  la insotenibilidad de los sistemas de reparto"},"content":{"rendered":"<p><img fetchpriority=\"high\" decoding=\"async\" class=\"aligncenter  wp-image-23149\" src=\"https:\/\/crees.org.do\/wp-content\/uploads\/2022\/05\/Slide-1-copy-2-4.png\" alt=\"\" width=\"896\" height=\"896\" srcset=\"https:\/\/crees.org.do\/wp-content\/uploads\/2022\/05\/Slide-1-copy-2-4.png 1080w, https:\/\/crees.org.do\/wp-content\/uploads\/2022\/05\/Slide-1-copy-2-4-450x450.png 450w, https:\/\/crees.org.do\/wp-content\/uploads\/2022\/05\/Slide-1-copy-2-4-150x150.png 150w, https:\/\/crees.org.do\/wp-content\/uploads\/2022\/05\/Slide-1-copy-2-4-768x768.png 768w, https:\/\/crees.org.do\/wp-content\/uploads\/2022\/05\/Slide-1-copy-2-4-500x500.png 500w, https:\/\/crees.org.do\/wp-content\/uploads\/2022\/05\/Slide-1-copy-2-4-300x300.png 300w, https:\/\/crees.org.do\/wp-content\/uploads\/2022\/05\/Slide-1-copy-2-4-600x600.png 600w, https:\/\/crees.org.do\/wp-content\/uploads\/2022\/05\/Slide-1-copy-2-4-100x100.png 100w\" sizes=\"(max-width: 896px) 100vw, 896px\" \/><\/p>\n<h3>Tendencias demogr\u00e1ficas ponen en evidencia la insotenibilidad de los sistemas de reparto<\/h3>\n<p style=\"text-align: justify;\">De acuerdo con los datos del informe Perspectivas de la Poblaci\u00f3n Mundial 2019, elaborado por Naciones Unidas, la esperanza de vida presenta una tendencia a continuar aumentando en el tiempo, y en Rep\u00fablica Dominicana el n\u00famero de a\u00f1os es mayor que en el promedio del resto de los pa\u00edses del mundo. Por otro lado, la cantidad de ni\u00f1os por mujer muestra una tendencia de disminuci\u00f3n a nivel mundial; Rep\u00fablica Dominicana teniendo un ritmo de decrecimiento de la tasa total de fertilidad de superior al promedio mundial.<\/p>\n<p style=\"text-align: justify;\">Esto pone en evidencia por qu\u00e9 sistemas de pensiones de reparto, en los cuales existe un fondo com\u00fan donde los los trabajadores y el Estado realizan aportes, y los fondos acumulados se utilizan para pagar las pensiones de los empleados retirados, son insostenibles. En estos sistemas, los empleados actuales pagan cuotas para financiar las pensiones de los retirados, \u201creparto\u201d que se hace a trav\u00e9s del Estado. Si cada vez hay m\u00e1s personas pensionadas que viven m\u00e1s a\u00f1os, y el ritmo al que se incrementan los trabajadores activos es menor, entonces cada vez se dificulta m\u00e1s sostener estos sistemas.<\/p>\n<p style=\"text-align: justify;\">En lugar de cambiar el sistema actual de pensiones de capitalizaci\u00f3n individual por uno de reparto, lo correcto es perfeccionar la ley 87-01. Hay elementos importantes que podr\u00edan ser revisados: i) aumentar el porcentaje de cotizaci\u00f3n, ii) revisar la edad de retiro, iii) reducir el monto de los ahorros de los trabajadores que se destina a financiar la deuda p\u00fablica, y iv) permitir que esos ahorros puedan ser invertidos en el exterior, para diversificar el riesgo de los portafolios de inversiones de las administradoras.<\/p>\n<div class=\"pvc_clear\"><\/div>\n<p class=\"pvc_stats all \" data-element-id=\"23148\" style=\"\"><i class=\"pvc-stats-icon medium\" aria-hidden=\"true\"><svg aria-hidden=\"true\" focusable=\"false\" data-prefix=\"far\" data-icon=\"chart-bar\" role=\"img\" xmlns=\"http:\/\/www.w3.org\/2000\/svg\" viewBox=\"0 0 512 512\" class=\"svg-inline--fa fa-chart-bar fa-w-16 fa-2x\"><path fill=\"currentColor\" d=\"M396.8 352h22.4c6.4 0 12.8-6.4 12.8-12.8V108.8c0-6.4-6.4-12.8-12.8-12.8h-22.4c-6.4 0-12.8 6.4-12.8 12.8v230.4c0 6.4 6.4 12.8 12.8 12.8zm-192 0h22.4c6.4 0 12.8-6.4 12.8-12.8V140.8c0-6.4-6.4-12.8-12.8-12.8h-22.4c-6.4 0-12.8 6.4-12.8 12.8v198.4c0 6.4 6.4 12.8 12.8 12.8zm96 0h22.4c6.4 0 12.8-6.4 12.8-12.8V204.8c0-6.4-6.4-12.8-12.8-12.8h-22.4c-6.4 0-12.8 6.4-12.8 12.8v134.4c0 6.4 6.4 12.8 12.8 12.8zM496 400H48V80c0-8.84-7.16-16-16-16H16C7.16 64 0 71.16 0 80v336c0 17.67 14.33 32 32 32h464c8.84 0 16-7.16 16-16v-16c0-8.84-7.16-16-16-16zm-387.2-48h22.4c6.4 0 12.8-6.4 12.8-12.8v-70.4c0-6.4-6.4-12.8-12.8-12.8h-22.4c-6.4 0-12.8 6.4-12.8 12.8v70.4c0 6.4 6.4 12.8 12.8 12.8z\" class=\"\"><\/path><\/svg><\/i> Vistas Totales&nbsp;1,435&nbsp;<\/p>\n<div class=\"pvc_clear\"><\/div>\n","protected":false},"excerpt":{"rendered":"<p>Tendencias demogr\u00e1ficas ponen en evidencia la insotenibilidad de los sistemas de reparto De acuerdo con los datos del informe Perspectivas de la Poblaci\u00f3n Mundial 2019, elaborado por Naciones Unidas, la esperanza de vida presenta una tendencia a continuar aumentando en el tiempo, y en Rep\u00fablica Dominicana el n\u00famero de a\u00f1os es mayor que en el&#8230;<\/p>\n<div class=\"pvc_clear\"><\/div>\n<p class=\"pvc_stats all \" data-element-id=\"23148\" style=\"\"><i class=\"pvc-stats-icon medium\" aria-hidden=\"true\"><svg aria-hidden=\"true\" focusable=\"false\" data-prefix=\"far\" data-icon=\"chart-bar\" role=\"img\" xmlns=\"http:\/\/www.w3.org\/2000\/svg\" viewBox=\"0 0 512 512\" class=\"svg-inline--fa fa-chart-bar fa-w-16 fa-2x\"><path fill=\"currentColor\" d=\"M396.8 352h22.4c6.4 0 12.8-6.4 12.8-12.8V108.8c0-6.4-6.4-12.8-12.8-12.8h-22.4c-6.4 0-12.8 6.4-12.8 12.8v230.4c0 6.4 6.4 12.8 12.8 12.8zm-192 0h22.4c6.4 0 12.8-6.4 12.8-12.8V140.8c0-6.4-6.4-12.8-12.8-12.8h-22.4c-6.4 0-12.8 6.4-12.8 12.8v198.4c0 6.4 6.4 12.8 12.8 12.8zm96 0h22.4c6.4 0 12.8-6.4 12.8-12.8V204.8c0-6.4-6.4-12.8-12.8-12.8h-22.4c-6.4 0-12.8 6.4-12.8 12.8v134.4c0 6.4 6.4 12.8 12.8 12.8zM496 400H48V80c0-8.84-7.16-16-16-16H16C7.16 64 0 71.16 0 80v336c0 17.67 14.33 32 32 32h464c8.84 0 16-7.16 16-16v-16c0-8.84-7.16-16-16-16zm-387.2-48h22.4c6.4 0 12.8-6.4 12.8-12.8v-70.4c0-6.4-6.4-12.8-12.8-12.8h-22.4c-6.4 0-12.8 6.4-12.8 12.8v70.4c0 6.4 6.4 12.8 12.8 12.8z\" class=\"\"><\/path><\/svg><\/i> Vistas Totales&nbsp;1,435&nbsp;<\/p>\n<div class=\"pvc_clear\"><\/div>\n","protected":false},"author":2,"featured_media":23149,"comment_status":"closed","ping_status":"closed","sticky":false,"template":"","format":"standard","meta":{"footnotes":""},"categories":[21],"tags":[],"class_list":["post-23148","post","type-post","status-publish","format-standard","has-post-thumbnail","hentry","category-blog"],"yoast_head":"<!-- This site is optimized with the Yoast SEO plugin v25.2 - https:\/\/yoast.com\/wordpress\/plugins\/seo\/ -->\n<title>Tendencias demogr\u00e1ficas ponen en evidencia la insotenibilidad de los sistemas de reparto | CREES<\/title>\n<meta name=\"robots\" content=\"index, follow, max-snippet:-1, max-image-preview:large, max-video-preview:-1\" \/>\n<link rel=\"canonical\" href=\"https:\/\/crees.org.do\/?p=23148\" \/>\n<meta property=\"og:locale\" content=\"es_ES\" \/>\n<meta property=\"og:type\" content=\"article\" \/>\n<meta property=\"og:title\" content=\"Tendencias demogr\u00e1ficas ponen en evidencia la insotenibilidad de los sistemas de reparto | CREES\" \/>\n<meta property=\"og:description\" content=\"Tendencias demogr\u00e1ficas ponen en evidencia la insotenibilidad de los sistemas de reparto De acuerdo con los datos del informe Perspectivas de la Poblaci\u00f3n Mundial 2019, elaborado por Naciones Unidas, la esperanza de vida presenta una tendencia a continuar aumentando en el tiempo, y en Rep\u00fablica Dominicana el n\u00famero de a\u00f1os es mayor que en el...\" \/>\n<meta property=\"og:url\" content=\"https:\/\/crees.org.do\/?p=23148\" \/>\n<meta property=\"og:site_name\" content=\"CREES\" \/>\n<meta property=\"article:publisher\" content=\"https:\/\/www.facebook.com\/CREESRD\/\" \/>\n<meta property=\"article:published_time\" content=\"2022-05-09T21:44:02+00:00\" \/>\n<meta property=\"og:image\" content=\"https:\/\/crees.org.do\/wp-content\/uploads\/2022\/05\/Slide-1-copy-2-4.png\" \/>\n\t<meta property=\"og:image:width\" content=\"1080\" \/>\n\t<meta property=\"og:image:height\" content=\"1080\" \/>\n\t<meta property=\"og:image:type\" content=\"image\/png\" \/>\n<meta name=\"author\" content=\"Crees\" \/>\n<meta name=\"twitter:card\" content=\"summary_large_image\" \/>\n<meta name=\"twitter:creator\" content=\"@CREESRD\" \/>\n<meta name=\"twitter:site\" content=\"@CREESRD\" \/>\n<meta name=\"twitter:label1\" content=\"Escrito por\" \/>\n\t<meta name=\"twitter:data1\" content=\"Crees\" \/>\n\t<meta name=\"twitter:label2\" content=\"Tiempo de lectura\" \/>\n\t<meta name=\"twitter:data2\" content=\"2 minutos\" \/>\n<script type=\"application\/ld+json\" class=\"yoast-schema-graph\">{\"@context\":\"https:\/\/schema.org\",\"@graph\":[{\"@type\":\"Article\",\"@id\":\"https:\/\/crees.org.do\/?p=23148#article\",\"isPartOf\":{\"@id\":\"https:\/\/crees.org.do\/?p=23148\"},\"author\":{\"name\":\"Crees\",\"@id\":\"https:\/\/crees.org.do\/#\/schema\/person\/e7f97cd94d7bf9cd0e0ce30acb7d56b8\"},\"headline\":\"Tendencias demogr\u00e1ficas ponen en evidencia la insotenibilidad de los sistemas de reparto\",\"datePublished\":\"2022-05-09T21:44:02+00:00\",\"mainEntityOfPage\":{\"@id\":\"https:\/\/crees.org.do\/?p=23148\"},\"wordCount\":311,\"publisher\":{\"@id\":\"https:\/\/crees.org.do\/#organization\"},\"image\":{\"@id\":\"https:\/\/crees.org.do\/?p=23148#primaryimage\"},\"thumbnailUrl\":\"https:\/\/crees.org.do\/wp-content\/uploads\/2022\/05\/Slide-1-copy-2-4.png\",\"articleSection\":[\"Blog\"],\"inLanguage\":\"es\"},{\"@type\":\"WebPage\",\"@id\":\"https:\/\/crees.org.do\/?p=23148\",\"url\":\"https:\/\/crees.org.do\/?p=23148\",\"name\":\"Tendencias demogr\u00e1ficas ponen en evidencia la insotenibilidad de los sistemas de reparto | CREES\",\"isPartOf\":{\"@id\":\"https:\/\/crees.org.do\/#website\"},\"primaryImageOfPage\":{\"@id\":\"https:\/\/crees.org.do\/?p=23148#primaryimage\"},\"image\":{\"@id\":\"https:\/\/crees.org.do\/?p=23148#primaryimage\"},\"thumbnailUrl\":\"https:\/\/crees.org.do\/wp-content\/uploads\/2022\/05\/Slide-1-copy-2-4.png\",\"datePublished\":\"2022-05-09T21:44:02+00:00\",\"breadcrumb\":{\"@id\":\"https:\/\/crees.org.do\/?p=23148#breadcrumb\"},\"inLanguage\":\"es\",\"potentialAction\":[{\"@type\":\"ReadAction\",\"target\":[\"https:\/\/crees.org.do\/?p=23148\"]}]},{\"@type\":\"ImageObject\",\"inLanguage\":\"es\",\"@id\":\"https:\/\/crees.org.do\/?p=23148#primaryimage\",\"url\":\"https:\/\/crees.org.do\/wp-content\/uploads\/2022\/05\/Slide-1-copy-2-4.png\",\"contentUrl\":\"https:\/\/crees.org.do\/wp-content\/uploads\/2022\/05\/Slide-1-copy-2-4.png\",\"width\":1080,\"height\":1080},{\"@type\":\"BreadcrumbList\",\"@id\":\"https:\/\/crees.org.do\/?p=23148#breadcrumb\",\"itemListElement\":[{\"@type\":\"ListItem\",\"position\":1,\"name\":\"Portada\",\"item\":\"https:\/\/crees.org.do\/\"},{\"@type\":\"ListItem\",\"position\":2,\"name\":\"Tendencias demogr\u00e1ficas ponen en evidencia la insotenibilidad de los sistemas de reparto\"}]},{\"@type\":\"WebSite\",\"@id\":\"https:\/\/crees.org.do\/#website\",\"url\":\"https:\/\/crees.org.do\/\",\"name\":\"CREES\",\"description\":\"Centro Regional de Estrategias Econ\u00f3micas Sostenibles\",\"publisher\":{\"@id\":\"https:\/\/crees.org.do\/#organization\"},\"potentialAction\":[{\"@type\":\"SearchAction\",\"target\":{\"@type\":\"EntryPoint\",\"urlTemplate\":\"https:\/\/crees.org.do\/?s={search_term_string}\"},\"query-input\":{\"@type\":\"PropertyValueSpecification\",\"valueRequired\":true,\"valueName\":\"search_term_string\"}}],\"inLanguage\":\"es\"},{\"@type\":\"Organization\",\"@id\":\"https:\/\/crees.org.do\/#organization\",\"name\":\"CREES | Centro Regional de Estrategias Econ\u00f3micas Sostenibles\",\"url\":\"https:\/\/crees.org.do\/\",\"logo\":{\"@type\":\"ImageObject\",\"inLanguage\":\"es\",\"@id\":\"https:\/\/crees.org.do\/#\/schema\/logo\/image\/\",\"url\":\"https:\/\/crees.org.do\/wp-content\/uploads\/2022\/03\/crees-logo-1.jpg\",\"contentUrl\":\"https:\/\/crees.org.do\/wp-content\/uploads\/2022\/03\/crees-logo-1.jpg\",\"width\":244,\"height\":71,\"caption\":\"CREES | Centro Regional de Estrategias Econ\u00f3micas Sostenibles\"},\"image\":{\"@id\":\"https:\/\/crees.org.do\/#\/schema\/logo\/image\/\"},\"sameAs\":[\"https:\/\/www.facebook.com\/CREESRD\/\",\"https:\/\/x.com\/CREESRD\"]},{\"@type\":\"Person\",\"@id\":\"https:\/\/crees.org.do\/#\/schema\/person\/e7f97cd94d7bf9cd0e0ce30acb7d56b8\",\"name\":\"Crees\",\"image\":{\"@type\":\"ImageObject\",\"inLanguage\":\"es\",\"@id\":\"https:\/\/crees.org.do\/#\/schema\/person\/image\/\",\"url\":\"https:\/\/secure.gravatar.com\/avatar\/390ac8f0be5d9aa046152553e2dd7011b59a512d89c150f5e5f28bb8d9a0b165?s=96&d=mm&r=g\",\"contentUrl\":\"https:\/\/secure.gravatar.com\/avatar\/390ac8f0be5d9aa046152553e2dd7011b59a512d89c150f5e5f28bb8d9a0b165?s=96&d=mm&r=g\",\"caption\":\"Crees\"},\"url\":\"https:\/\/crees.org.do\/?author=2\"}]}<\/script>\n<!-- \/ Yoast SEO plugin. -->","yoast_head_json":{"title":"Tendencias demogr\u00e1ficas ponen en evidencia la insotenibilidad de los sistemas de reparto | CREES","robots":{"index":"index","follow":"follow","max-snippet":"max-snippet:-1","max-image-preview":"max-image-preview:large","max-video-preview":"max-video-preview:-1"},"canonical":"https:\/\/crees.org.do\/?p=23148","og_locale":"es_ES","og_type":"article","og_title":"Tendencias demogr\u00e1ficas ponen en evidencia la insotenibilidad de los sistemas de reparto | CREES","og_description":"Tendencias demogr\u00e1ficas ponen en evidencia la insotenibilidad de los sistemas de reparto De acuerdo con los datos del informe Perspectivas de la Poblaci\u00f3n Mundial 2019, elaborado por Naciones Unidas, la esperanza de vida presenta una tendencia a continuar aumentando en el tiempo, y en Rep\u00fablica Dominicana el n\u00famero de a\u00f1os es mayor que en el...","og_url":"https:\/\/crees.org.do\/?p=23148","og_site_name":"CREES","article_publisher":"https:\/\/www.facebook.com\/CREESRD\/","article_published_time":"2022-05-09T21:44:02+00:00","og_image":[{"width":1080,"height":1080,"url":"https:\/\/crees.org.do\/wp-content\/uploads\/2022\/05\/Slide-1-copy-2-4.png","type":"image\/png"}],"author":"Crees","twitter_card":"summary_large_image","twitter_creator":"@CREESRD","twitter_site":"@CREESRD","twitter_misc":{"Escrito por":"Crees","Tiempo de lectura":"2 minutos"},"schema":{"@context":"https:\/\/schema.org","@graph":[{"@type":"Article","@id":"https:\/\/crees.org.do\/?p=23148#article","isPartOf":{"@id":"https:\/\/crees.org.do\/?p=23148"},"author":{"name":"Crees","@id":"https:\/\/crees.org.do\/#\/schema\/person\/e7f97cd94d7bf9cd0e0ce30acb7d56b8"},"headline":"Tendencias demogr\u00e1ficas ponen en evidencia la insotenibilidad de los sistemas de reparto","datePublished":"2022-05-09T21:44:02+00:00","mainEntityOfPage":{"@id":"https:\/\/crees.org.do\/?p=23148"},"wordCount":311,"publisher":{"@id":"https:\/\/crees.org.do\/#organization"},"image":{"@id":"https:\/\/crees.org.do\/?p=23148#primaryimage"},"thumbnailUrl":"https:\/\/crees.org.do\/wp-content\/uploads\/2022\/05\/Slide-1-copy-2-4.png","articleSection":["Blog"],"inLanguage":"es"},{"@type":"WebPage","@id":"https:\/\/crees.org.do\/?p=23148","url":"https:\/\/crees.org.do\/?p=23148","name":"Tendencias demogr\u00e1ficas ponen en evidencia la insotenibilidad de los sistemas de reparto | CREES","isPartOf":{"@id":"https:\/\/crees.org.do\/#website"},"primaryImageOfPage":{"@id":"https:\/\/crees.org.do\/?p=23148#primaryimage"},"image":{"@id":"https:\/\/crees.org.do\/?p=23148#primaryimage"},"thumbnailUrl":"https:\/\/crees.org.do\/wp-content\/uploads\/2022\/05\/Slide-1-copy-2-4.png","datePublished":"2022-05-09T21:44:02+00:00","breadcrumb":{"@id":"https:\/\/crees.org.do\/?p=23148#breadcrumb"},"inLanguage":"es","potentialAction":[{"@type":"ReadAction","target":["https:\/\/crees.org.do\/?p=23148"]}]},{"@type":"ImageObject","inLanguage":"es","@id":"https:\/\/crees.org.do\/?p=23148#primaryimage","url":"https:\/\/crees.org.do\/wp-content\/uploads\/2022\/05\/Slide-1-copy-2-4.png","contentUrl":"https:\/\/crees.org.do\/wp-content\/uploads\/2022\/05\/Slide-1-copy-2-4.png","width":1080,"height":1080},{"@type":"BreadcrumbList","@id":"https:\/\/crees.org.do\/?p=23148#breadcrumb","itemListElement":[{"@type":"ListItem","position":1,"name":"Portada","item":"https:\/\/crees.org.do\/"},{"@type":"ListItem","position":2,"name":"Tendencias demogr\u00e1ficas ponen en evidencia la insotenibilidad de los sistemas de reparto"}]},{"@type":"WebSite","@id":"https:\/\/crees.org.do\/#website","url":"https:\/\/crees.org.do\/","name":"CREES","description":"Centro Regional de Estrategias Econ\u00f3micas Sostenibles","publisher":{"@id":"https:\/\/crees.org.do\/#organization"},"potentialAction":[{"@type":"SearchAction","target":{"@type":"EntryPoint","urlTemplate":"https:\/\/crees.org.do\/?s={search_term_string}"},"query-input":{"@type":"PropertyValueSpecification","valueRequired":true,"valueName":"search_term_string"}}],"inLanguage":"es"},{"@type":"Organization","@id":"https:\/\/crees.org.do\/#organization","name":"CREES | Centro Regional de Estrategias Econ\u00f3micas Sostenibles","url":"https:\/\/crees.org.do\/","logo":{"@type":"ImageObject","inLanguage":"es","@id":"https:\/\/crees.org.do\/#\/schema\/logo\/image\/","url":"https:\/\/crees.org.do\/wp-content\/uploads\/2022\/03\/crees-logo-1.jpg","contentUrl":"https:\/\/crees.org.do\/wp-content\/uploads\/2022\/03\/crees-logo-1.jpg","width":244,"height":71,"caption":"CREES | Centro Regional de Estrategias Econ\u00f3micas Sostenibles"},"image":{"@id":"https:\/\/crees.org.do\/#\/schema\/logo\/image\/"},"sameAs":["https:\/\/www.facebook.com\/CREESRD\/","https:\/\/x.com\/CREESRD"]},{"@type":"Person","@id":"https:\/\/crees.org.do\/#\/schema\/person\/e7f97cd94d7bf9cd0e0ce30acb7d56b8","name":"Crees","image":{"@type":"ImageObject","inLanguage":"es","@id":"https:\/\/crees.org.do\/#\/schema\/person\/image\/","url":"https:\/\/secure.gravatar.com\/avatar\/390ac8f0be5d9aa046152553e2dd7011b59a512d89c150f5e5f28bb8d9a0b165?s=96&d=mm&r=g","contentUrl":"https:\/\/secure.gravatar.com\/avatar\/390ac8f0be5d9aa046152553e2dd7011b59a512d89c150f5e5f28bb8d9a0b165?s=96&d=mm&r=g","caption":"Crees"},"url":"https:\/\/crees.org.do\/?author=2"}]}},"_links":{"self":[{"href":"https:\/\/crees.org.do\/index.php?rest_route=\/wp\/v2\/posts\/23148","targetHints":{"allow":["GET"]}}],"collection":[{"href":"https:\/\/crees.org.do\/index.php?rest_route=\/wp\/v2\/posts"}],"about":[{"href":"https:\/\/crees.org.do\/index.php?rest_route=\/wp\/v2\/types\/post"}],"author":[{"embeddable":true,"href":"https:\/\/crees.org.do\/index.php?rest_route=\/wp\/v2\/users\/2"}],"replies":[{"embeddable":true,"href":"https:\/\/crees.org.do\/index.php?rest_route=%2Fwp%2Fv2%2Fcomments&post=23148"}],"version-history":[{"count":1,"href":"https:\/\/crees.org.do\/index.php?rest_route=\/wp\/v2\/posts\/23148\/revisions"}],"predecessor-version":[{"id":23150,"href":"https:\/\/crees.org.do\/index.php?rest_route=\/wp\/v2\/posts\/23148\/revisions\/23150"}],"wp:featuredmedia":[{"embeddable":true,"href":"https:\/\/crees.org.do\/index.php?rest_route=\/wp\/v2\/media\/23149"}],"wp:attachment":[{"href":"https:\/\/crees.org.do\/index.php?rest_route=%2Fwp%2Fv2%2Fmedia&parent=23148"}],"wp:term":[{"taxonomy":"category","embeddable":true,"href":"https:\/\/crees.org.do\/index.php?rest_route=%2Fwp%2Fv2%2Fcategories&post=23148"},{"taxonomy":"post_tag","embeddable":true,"href":"https:\/\/crees.org.do\/index.php?rest_route=%2Fwp%2Fv2%2Ftags&post=23148"}],"curies":[{"name":"wp","href":"https:\/\/api.w.org\/{rel}","templated":true}]}}