{"id":23303,"date":"2022-05-05T13:14:52","date_gmt":"2022-05-05T13:14:52","guid":{"rendered":"https:\/\/crees.org.do\/?p=23303"},"modified":"2022-05-16T13:15:18","modified_gmt":"2022-05-16T13:15:18","slug":"los-signos-verdaderos-de-recuperacion-no-son-evidentes-en-el-pais","status":"publish","type":"post","link":"https:\/\/crees.org.do\/?p=23303","title":{"rendered":"Los signos verdaderos de recuperaci\u00f3n no son evidentes en el pa\u00eds"},"content":{"rendered":"<p>Autor: Ubaldo Guzm\u00e1n Molina<\/p>\n<p>Fecha: 5 de mayo del 2022<\/p>\n<p>Extra\u00eddo de: Peri\u00f3dico Hoy<\/p>\n<p style=\"text-align: justify;\">Cuando se observan los diferentes mercados de la econom\u00eda , como el\u00a0<strong>laboral y el sector externo<\/strong>, se aprecia que los signos verdaderos de recuperaci\u00f3n\u00a0<strong>no son evidentes en el pa\u00eds.<\/strong><\/p>\n<p style=\"text-align: justify;\">Esa fue la respuesta que ofreci\u00f3 el vicepresidente ejecutivo del Centro Regional de Estrategias Econ\u00f3micas Sostenibles (CREES),\u00a0<strong>Miguel Collado<\/strong>, al pregunt\u00e1rsele sobre la opini\u00f3n de la misi\u00f3n del Fondo Monetario Internacional (FMI) de que la econom\u00eda dominicana\u00a0<strong>ha demostrado una resiliencia notable.<\/strong><\/p>\n<p style=\"text-align: justify;\">Explic\u00f3 si se compara el \u00faltimo trimestre del 2021 respecto al mismo per\u00edodo del 2019, conforme a la\u00a0<strong>Encuesta del Mercado de Trabajo del Banco Central<\/strong>, todav\u00eda no hay una recuperaci\u00f3n en el n\u00famero total de empleados.<\/p>\n<p style=\"text-align: justify;\">Cuando se chequea las estad\u00edsticas de la\u00a0<strong>Superintendencia de Pensiones<\/strong>\u00a0se nota que el n\u00famero de cotizantes todav\u00eda no se hab\u00eda recuperado en el 2021 con repecto a la cantidad que ten\u00eda el sistema antes de la pandemia del covid-19.<\/p>\n<p style=\"text-align: justify;\">\u201cEso revela que por la parte formal no ha habido una recuperaci\u00f3n total del empleo y se ha visto que la informalidad ha aumentado\u201d, afirm\u00f3.<\/p>\n<p style=\"text-align: justify;\">Sostuvo no ha habido un dinamismo real en las\u00a0<strong>exportaciones dominicanas no mineras<\/strong>, incluso las minerales cayeron a principios de este a\u00f1o en relaci\u00f3n con el a\u00f1o anterior.<\/p>\n<p style=\"text-align: justify;\"><strong>Puede leer:\u00a0<a href=\"https:\/\/hoy.com.do\/economia-dominicana-crecio-6-1-primer-trimestre-de-este-ano\/\">Econom\u00eda dominicana creci\u00f3 6.1% primer trimestre de este a\u00f1o<\/a><\/strong><\/p>\n<p style=\"text-align: justify;\">Las\u00a0<strong>exportaciones de zona franca y las nacionales<\/strong>\u00a0no est\u00e1n evidenciando el dinamismo que necesita la econom\u00eda dominicana, afirm\u00f3.<\/p>\n<p style=\"text-align: justify;\">Desconoce si el FMI hizo recomendaciones al pa\u00eds en relaci\u00f3n a las reformas estructurales que contribuyan a poner al pa\u00eds en una senda de crecimiento sostenible. La \u00faltima reforma estructural fue la de la seguridad social, dijo.<\/p>\n<h4 id=\"h-detalles\" style=\"text-align: justify;\">Detalles<\/h4>\n<p style=\"text-align: justify;\">Se recuerda que en el primer trimestre de este a\u00f1o la econom\u00eda dominicana registr\u00f3\u00a0<strong>un crecimiento promedio de 6.1% y 6.4 %<\/strong>\u00a0en marzo pasado, inform\u00f3 ayer el Banco Central (BCRD).<\/p>\n<p style=\"text-align: justify;\">Resalt\u00f3 la resiliencia del pa\u00eds para enfrentar las situaciones adversas del entorno internacional sobre la demanda agregada dom\u00e9stica.<\/p>\n<p style=\"text-align: justify;\">La\u00a0<strong>inflaci\u00f3n acumulada<\/strong>\u00a0durante los primeros tres meses del a\u00f1o fue 2.80%, mientras que la inflaci\u00f3n interanual se ubic\u00f3 en 9.05 % al cierre de marzo.<\/p>\n<p style=\"text-align: justify;\">Las \u00e1reas que mayor crecimiento experimentaron en el primer trimestre de este a\u00f1o fueron hoteles, bares y restaurantes con\u00a0<strong><em>39.3%, servicios 11.0%, transporte 8.8 %, comunicaciones 8.2 %, comercio 7.8 %, energ\u00eda y agua 7.5 %, salud 7.3 %, administraci\u00f3n p\u00fablica 7.4 %, manufactura de zonas francas 6.8 % y construcci\u00f3n en 6.3 %.<\/em><\/strong><\/p>\n<div class=\"pvc_clear\"><\/div>\n<p class=\"pvc_stats all \" data-element-id=\"23303\" style=\"\"><i class=\"pvc-stats-icon medium\" aria-hidden=\"true\"><svg aria-hidden=\"true\" focusable=\"false\" data-prefix=\"far\" data-icon=\"chart-bar\" role=\"img\" xmlns=\"http:\/\/www.w3.org\/2000\/svg\" viewBox=\"0 0 512 512\" class=\"svg-inline--fa fa-chart-bar fa-w-16 fa-2x\"><path fill=\"currentColor\" d=\"M396.8 352h22.4c6.4 0 12.8-6.4 12.8-12.8V108.8c0-6.4-6.4-12.8-12.8-12.8h-22.4c-6.4 0-12.8 6.4-12.8 12.8v230.4c0 6.4 6.4 12.8 12.8 12.8zm-192 0h22.4c6.4 0 12.8-6.4 12.8-12.8V140.8c0-6.4-6.4-12.8-12.8-12.8h-22.4c-6.4 0-12.8 6.4-12.8 12.8v198.4c0 6.4 6.4 12.8 12.8 12.8zm96 0h22.4c6.4 0 12.8-6.4 12.8-12.8V204.8c0-6.4-6.4-12.8-12.8-12.8h-22.4c-6.4 0-12.8 6.4-12.8 12.8v134.4c0 6.4 6.4 12.8 12.8 12.8zM496 400H48V80c0-8.84-7.16-16-16-16H16C7.16 64 0 71.16 0 80v336c0 17.67 14.33 32 32 32h464c8.84 0 16-7.16 16-16v-16c0-8.84-7.16-16-16-16zm-387.2-48h22.4c6.4 0 12.8-6.4 12.8-12.8v-70.4c0-6.4-6.4-12.8-12.8-12.8h-22.4c-6.4 0-12.8 6.4-12.8 12.8v70.4c0 6.4 6.4 12.8 12.8 12.8z\" class=\"\"><\/path><\/svg><\/i> Vistas Totales&nbsp;1,054&nbsp;, Vistas Hoy&nbsp;2&nbsp;<\/p>\n<div class=\"pvc_clear\"><\/div>\n","protected":false},"excerpt":{"rendered":"<p>Autor: Ubaldo Guzm\u00e1n Molina Fecha: 5 de mayo del 2022 Extra\u00eddo de: Peri\u00f3dico Hoy Cuando se observan los diferentes mercados de la econom\u00eda , como el\u00a0laboral y el sector externo, se aprecia que los signos verdaderos de recuperaci\u00f3n\u00a0no son evidentes en el pa\u00eds. Esa fue la respuesta que ofreci\u00f3 el vicepresidente ejecutivo del Centro Regional&#8230;<\/p>\n<div class=\"pvc_clear\"><\/div>\n<p class=\"pvc_stats all \" data-element-id=\"23303\" style=\"\"><i class=\"pvc-stats-icon medium\" aria-hidden=\"true\"><svg aria-hidden=\"true\" focusable=\"false\" data-prefix=\"far\" data-icon=\"chart-bar\" role=\"img\" xmlns=\"http:\/\/www.w3.org\/2000\/svg\" viewBox=\"0 0 512 512\" class=\"svg-inline--fa fa-chart-bar fa-w-16 fa-2x\"><path fill=\"currentColor\" d=\"M396.8 352h22.4c6.4 0 12.8-6.4 12.8-12.8V108.8c0-6.4-6.4-12.8-12.8-12.8h-22.4c-6.4 0-12.8 6.4-12.8 12.8v230.4c0 6.4 6.4 12.8 12.8 12.8zm-192 0h22.4c6.4 0 12.8-6.4 12.8-12.8V140.8c0-6.4-6.4-12.8-12.8-12.8h-22.4c-6.4 0-12.8 6.4-12.8 12.8v198.4c0 6.4 6.4 12.8 12.8 12.8zm96 0h22.4c6.4 0 12.8-6.4 12.8-12.8V204.8c0-6.4-6.4-12.8-12.8-12.8h-22.4c-6.4 0-12.8 6.4-12.8 12.8v134.4c0 6.4 6.4 12.8 12.8 12.8zM496 400H48V80c0-8.84-7.16-16-16-16H16C7.16 64 0 71.16 0 80v336c0 17.67 14.33 32 32 32h464c8.84 0 16-7.16 16-16v-16c0-8.84-7.16-16-16-16zm-387.2-48h22.4c6.4 0 12.8-6.4 12.8-12.8v-70.4c0-6.4-6.4-12.8-12.8-12.8h-22.4c-6.4 0-12.8 6.4-12.8 12.8v70.4c0 6.4 6.4 12.8 12.8 12.8z\" class=\"\"><\/path><\/svg><\/i> Vistas Totales&nbsp;1,054&nbsp;, Vistas Hoy&nbsp;2&nbsp;<\/p>\n<div class=\"pvc_clear\"><\/div>\n","protected":false},"author":2,"featured_media":23304,"comment_status":"closed","ping_status":"closed","sticky":false,"template":"","format":"standard","meta":{"footnotes":""},"categories":[19],"tags":[],"class_list":["post-23303","post","type-post","status-publish","format-standard","has-post-thumbnail","hentry","category-actualidad"],"yoast_head":"<!-- This site is optimized with the Yoast SEO plugin v25.2 - https:\/\/yoast.com\/wordpress\/plugins\/seo\/ -->\n<title>Los signos verdaderos de recuperaci\u00f3n no son evidentes en el pa\u00eds | CREES<\/title>\n<meta name=\"robots\" content=\"index, follow, max-snippet:-1, max-image-preview:large, max-video-preview:-1\" \/>\n<link rel=\"canonical\" href=\"https:\/\/crees.org.do\/?p=23303\" \/>\n<meta property=\"og:locale\" content=\"es_ES\" \/>\n<meta property=\"og:type\" content=\"article\" \/>\n<meta property=\"og:title\" content=\"Los signos verdaderos de recuperaci\u00f3n no son evidentes en el pa\u00eds | CREES\" \/>\n<meta property=\"og:description\" content=\"Autor: Ubaldo Guzm\u00e1n Molina Fecha: 5 de mayo del 2022 Extra\u00eddo de: Peri\u00f3dico Hoy Cuando se observan los diferentes mercados de la econom\u00eda , como el\u00a0laboral y el sector externo, se aprecia que los signos verdaderos de recuperaci\u00f3n\u00a0no son evidentes en el pa\u00eds. Esa fue la respuesta que ofreci\u00f3 el vicepresidente ejecutivo del Centro Regional...\" \/>\n<meta property=\"og:url\" content=\"https:\/\/crees.org.do\/?p=23303\" \/>\n<meta property=\"og:site_name\" content=\"CREES\" \/>\n<meta property=\"article:publisher\" content=\"https:\/\/www.facebook.com\/CREESRD\/\" \/>\n<meta property=\"article:published_time\" content=\"2022-05-05T13:14:52+00:00\" \/>\n<meta property=\"article:modified_time\" content=\"2022-05-16T13:15:18+00:00\" \/>\n<meta property=\"og:image\" content=\"https:\/\/crees.org.do\/wp-content\/uploads\/2022\/05\/15_Economia_1-_1p01.jpg\" \/>\n\t<meta property=\"og:image:width\" content=\"1200\" \/>\n\t<meta property=\"og:image:height\" content=\"876\" \/>\n\t<meta property=\"og:image:type\" content=\"image\/jpeg\" \/>\n<meta name=\"author\" content=\"Crees\" \/>\n<meta name=\"twitter:card\" content=\"summary_large_image\" \/>\n<meta name=\"twitter:creator\" content=\"@CREESRD\" \/>\n<meta name=\"twitter:site\" content=\"@CREESRD\" \/>\n<meta name=\"twitter:label1\" content=\"Escrito por\" \/>\n\t<meta name=\"twitter:data1\" content=\"Crees\" \/>\n\t<meta name=\"twitter:label2\" content=\"Tiempo de lectura\" \/>\n\t<meta name=\"twitter:data2\" content=\"2 minutos\" \/>\n<script type=\"application\/ld+json\" class=\"yoast-schema-graph\">{\"@context\":\"https:\/\/schema.org\",\"@graph\":[{\"@type\":\"Article\",\"@id\":\"https:\/\/crees.org.do\/?p=23303#article\",\"isPartOf\":{\"@id\":\"https:\/\/crees.org.do\/?p=23303\"},\"author\":{\"name\":\"Crees\",\"@id\":\"https:\/\/crees.org.do\/#\/schema\/person\/e7f97cd94d7bf9cd0e0ce30acb7d56b8\"},\"headline\":\"Los signos verdaderos de recuperaci\u00f3n no son evidentes en el pa\u00eds\",\"datePublished\":\"2022-05-05T13:14:52+00:00\",\"dateModified\":\"2022-05-16T13:15:18+00:00\",\"mainEntityOfPage\":{\"@id\":\"https:\/\/crees.org.do\/?p=23303\"},\"wordCount\":439,\"publisher\":{\"@id\":\"https:\/\/crees.org.do\/#organization\"},\"image\":{\"@id\":\"https:\/\/crees.org.do\/?p=23303#primaryimage\"},\"thumbnailUrl\":\"https:\/\/crees.org.do\/wp-content\/uploads\/2022\/05\/15_Economia_1-_1p01.jpg\",\"articleSection\":[\"Actualidad\"],\"inLanguage\":\"es\"},{\"@type\":\"WebPage\",\"@id\":\"https:\/\/crees.org.do\/?p=23303\",\"url\":\"https:\/\/crees.org.do\/?p=23303\",\"name\":\"Los signos verdaderos de recuperaci\u00f3n no son evidentes en el pa\u00eds | CREES\",\"isPartOf\":{\"@id\":\"https:\/\/crees.org.do\/#website\"},\"primaryImageOfPage\":{\"@id\":\"https:\/\/crees.org.do\/?p=23303#primaryimage\"},\"image\":{\"@id\":\"https:\/\/crees.org.do\/?p=23303#primaryimage\"},\"thumbnailUrl\":\"https:\/\/crees.org.do\/wp-content\/uploads\/2022\/05\/15_Economia_1-_1p01.jpg\",\"datePublished\":\"2022-05-05T13:14:52+00:00\",\"dateModified\":\"2022-05-16T13:15:18+00:00\",\"breadcrumb\":{\"@id\":\"https:\/\/crees.org.do\/?p=23303#breadcrumb\"},\"inLanguage\":\"es\",\"potentialAction\":[{\"@type\":\"ReadAction\",\"target\":[\"https:\/\/crees.org.do\/?p=23303\"]}]},{\"@type\":\"ImageObject\",\"inLanguage\":\"es\",\"@id\":\"https:\/\/crees.org.do\/?p=23303#primaryimage\",\"url\":\"https:\/\/crees.org.do\/wp-content\/uploads\/2022\/05\/15_Economia_1-_1p01.jpg\",\"contentUrl\":\"https:\/\/crees.org.do\/wp-content\/uploads\/2022\/05\/15_Economia_1-_1p01.jpg\",\"width\":1200,\"height\":876},{\"@type\":\"BreadcrumbList\",\"@id\":\"https:\/\/crees.org.do\/?p=23303#breadcrumb\",\"itemListElement\":[{\"@type\":\"ListItem\",\"position\":1,\"name\":\"Portada\",\"item\":\"https:\/\/crees.org.do\/\"},{\"@type\":\"ListItem\",\"position\":2,\"name\":\"Los signos verdaderos de recuperaci\u00f3n no son evidentes en el pa\u00eds\"}]},{\"@type\":\"WebSite\",\"@id\":\"https:\/\/crees.org.do\/#website\",\"url\":\"https:\/\/crees.org.do\/\",\"name\":\"CREES\",\"description\":\"Centro Regional de Estrategias Econ\u00f3micas Sostenibles\",\"publisher\":{\"@id\":\"https:\/\/crees.org.do\/#organization\"},\"potentialAction\":[{\"@type\":\"SearchAction\",\"target\":{\"@type\":\"EntryPoint\",\"urlTemplate\":\"https:\/\/crees.org.do\/?s={search_term_string}\"},\"query-input\":{\"@type\":\"PropertyValueSpecification\",\"valueRequired\":true,\"valueName\":\"search_term_string\"}}],\"inLanguage\":\"es\"},{\"@type\":\"Organization\",\"@id\":\"https:\/\/crees.org.do\/#organization\",\"name\":\"CREES | Centro Regional de Estrategias Econ\u00f3micas Sostenibles\",\"url\":\"https:\/\/crees.org.do\/\",\"logo\":{\"@type\":\"ImageObject\",\"inLanguage\":\"es\",\"@id\":\"https:\/\/crees.org.do\/#\/schema\/logo\/image\/\",\"url\":\"https:\/\/crees.org.do\/wp-content\/uploads\/2022\/03\/crees-logo-1.jpg\",\"contentUrl\":\"https:\/\/crees.org.do\/wp-content\/uploads\/2022\/03\/crees-logo-1.jpg\",\"width\":244,\"height\":71,\"caption\":\"CREES | Centro Regional de Estrategias Econ\u00f3micas Sostenibles\"},\"image\":{\"@id\":\"https:\/\/crees.org.do\/#\/schema\/logo\/image\/\"},\"sameAs\":[\"https:\/\/www.facebook.com\/CREESRD\/\",\"https:\/\/x.com\/CREESRD\"]},{\"@type\":\"Person\",\"@id\":\"https:\/\/crees.org.do\/#\/schema\/person\/e7f97cd94d7bf9cd0e0ce30acb7d56b8\",\"name\":\"Crees\",\"image\":{\"@type\":\"ImageObject\",\"inLanguage\":\"es\",\"@id\":\"https:\/\/crees.org.do\/#\/schema\/person\/image\/\",\"url\":\"https:\/\/secure.gravatar.com\/avatar\/390ac8f0be5d9aa046152553e2dd7011b59a512d89c150f5e5f28bb8d9a0b165?s=96&d=mm&r=g\",\"contentUrl\":\"https:\/\/secure.gravatar.com\/avatar\/390ac8f0be5d9aa046152553e2dd7011b59a512d89c150f5e5f28bb8d9a0b165?s=96&d=mm&r=g\",\"caption\":\"Crees\"},\"url\":\"https:\/\/crees.org.do\/?author=2\"}]}<\/script>\n<!-- \/ Yoast SEO plugin. -->","yoast_head_json":{"title":"Los signos verdaderos de recuperaci\u00f3n no son evidentes en el pa\u00eds | CREES","robots":{"index":"index","follow":"follow","max-snippet":"max-snippet:-1","max-image-preview":"max-image-preview:large","max-video-preview":"max-video-preview:-1"},"canonical":"https:\/\/crees.org.do\/?p=23303","og_locale":"es_ES","og_type":"article","og_title":"Los signos verdaderos de recuperaci\u00f3n no son evidentes en el pa\u00eds | CREES","og_description":"Autor: Ubaldo Guzm\u00e1n Molina Fecha: 5 de mayo del 2022 Extra\u00eddo de: Peri\u00f3dico Hoy Cuando se observan los diferentes mercados de la econom\u00eda , como el\u00a0laboral y el sector externo, se aprecia que los signos verdaderos de recuperaci\u00f3n\u00a0no son evidentes en el pa\u00eds. Esa fue la respuesta que ofreci\u00f3 el vicepresidente ejecutivo del Centro Regional...","og_url":"https:\/\/crees.org.do\/?p=23303","og_site_name":"CREES","article_publisher":"https:\/\/www.facebook.com\/CREESRD\/","article_published_time":"2022-05-05T13:14:52+00:00","article_modified_time":"2022-05-16T13:15:18+00:00","og_image":[{"width":1200,"height":876,"url":"https:\/\/crees.org.do\/wp-content\/uploads\/2022\/05\/15_Economia_1-_1p01.jpg","type":"image\/jpeg"}],"author":"Crees","twitter_card":"summary_large_image","twitter_creator":"@CREESRD","twitter_site":"@CREESRD","twitter_misc":{"Escrito por":"Crees","Tiempo de lectura":"2 minutos"},"schema":{"@context":"https:\/\/schema.org","@graph":[{"@type":"Article","@id":"https:\/\/crees.org.do\/?p=23303#article","isPartOf":{"@id":"https:\/\/crees.org.do\/?p=23303"},"author":{"name":"Crees","@id":"https:\/\/crees.org.do\/#\/schema\/person\/e7f97cd94d7bf9cd0e0ce30acb7d56b8"},"headline":"Los signos verdaderos de recuperaci\u00f3n no son evidentes en el pa\u00eds","datePublished":"2022-05-05T13:14:52+00:00","dateModified":"2022-05-16T13:15:18+00:00","mainEntityOfPage":{"@id":"https:\/\/crees.org.do\/?p=23303"},"wordCount":439,"publisher":{"@id":"https:\/\/crees.org.do\/#organization"},"image":{"@id":"https:\/\/crees.org.do\/?p=23303#primaryimage"},"thumbnailUrl":"https:\/\/crees.org.do\/wp-content\/uploads\/2022\/05\/15_Economia_1-_1p01.jpg","articleSection":["Actualidad"],"inLanguage":"es"},{"@type":"WebPage","@id":"https:\/\/crees.org.do\/?p=23303","url":"https:\/\/crees.org.do\/?p=23303","name":"Los signos verdaderos de recuperaci\u00f3n no son evidentes en el pa\u00eds | CREES","isPartOf":{"@id":"https:\/\/crees.org.do\/#website"},"primaryImageOfPage":{"@id":"https:\/\/crees.org.do\/?p=23303#primaryimage"},"image":{"@id":"https:\/\/crees.org.do\/?p=23303#primaryimage"},"thumbnailUrl":"https:\/\/crees.org.do\/wp-content\/uploads\/2022\/05\/15_Economia_1-_1p01.jpg","datePublished":"2022-05-05T13:14:52+00:00","dateModified":"2022-05-16T13:15:18+00:00","breadcrumb":{"@id":"https:\/\/crees.org.do\/?p=23303#breadcrumb"},"inLanguage":"es","potentialAction":[{"@type":"ReadAction","target":["https:\/\/crees.org.do\/?p=23303"]}]},{"@type":"ImageObject","inLanguage":"es","@id":"https:\/\/crees.org.do\/?p=23303#primaryimage","url":"https:\/\/crees.org.do\/wp-content\/uploads\/2022\/05\/15_Economia_1-_1p01.jpg","contentUrl":"https:\/\/crees.org.do\/wp-content\/uploads\/2022\/05\/15_Economia_1-_1p01.jpg","width":1200,"height":876},{"@type":"BreadcrumbList","@id":"https:\/\/crees.org.do\/?p=23303#breadcrumb","itemListElement":[{"@type":"ListItem","position":1,"name":"Portada","item":"https:\/\/crees.org.do\/"},{"@type":"ListItem","position":2,"name":"Los signos verdaderos de recuperaci\u00f3n no son evidentes en el pa\u00eds"}]},{"@type":"WebSite","@id":"https:\/\/crees.org.do\/#website","url":"https:\/\/crees.org.do\/","name":"CREES","description":"Centro Regional de Estrategias Econ\u00f3micas Sostenibles","publisher":{"@id":"https:\/\/crees.org.do\/#organization"},"potentialAction":[{"@type":"SearchAction","target":{"@type":"EntryPoint","urlTemplate":"https:\/\/crees.org.do\/?s={search_term_string}"},"query-input":{"@type":"PropertyValueSpecification","valueRequired":true,"valueName":"search_term_string"}}],"inLanguage":"es"},{"@type":"Organization","@id":"https:\/\/crees.org.do\/#organization","name":"CREES | Centro Regional de Estrategias Econ\u00f3micas Sostenibles","url":"https:\/\/crees.org.do\/","logo":{"@type":"ImageObject","inLanguage":"es","@id":"https:\/\/crees.org.do\/#\/schema\/logo\/image\/","url":"https:\/\/crees.org.do\/wp-content\/uploads\/2022\/03\/crees-logo-1.jpg","contentUrl":"https:\/\/crees.org.do\/wp-content\/uploads\/2022\/03\/crees-logo-1.jpg","width":244,"height":71,"caption":"CREES | Centro Regional de Estrategias Econ\u00f3micas Sostenibles"},"image":{"@id":"https:\/\/crees.org.do\/#\/schema\/logo\/image\/"},"sameAs":["https:\/\/www.facebook.com\/CREESRD\/","https:\/\/x.com\/CREESRD"]},{"@type":"Person","@id":"https:\/\/crees.org.do\/#\/schema\/person\/e7f97cd94d7bf9cd0e0ce30acb7d56b8","name":"Crees","image":{"@type":"ImageObject","inLanguage":"es","@id":"https:\/\/crees.org.do\/#\/schema\/person\/image\/","url":"https:\/\/secure.gravatar.com\/avatar\/390ac8f0be5d9aa046152553e2dd7011b59a512d89c150f5e5f28bb8d9a0b165?s=96&d=mm&r=g","contentUrl":"https:\/\/secure.gravatar.com\/avatar\/390ac8f0be5d9aa046152553e2dd7011b59a512d89c150f5e5f28bb8d9a0b165?s=96&d=mm&r=g","caption":"Crees"},"url":"https:\/\/crees.org.do\/?author=2"}]}},"_links":{"self":[{"href":"https:\/\/crees.org.do\/index.php?rest_route=\/wp\/v2\/posts\/23303","targetHints":{"allow":["GET"]}}],"collection":[{"href":"https:\/\/crees.org.do\/index.php?rest_route=\/wp\/v2\/posts"}],"about":[{"href":"https:\/\/crees.org.do\/index.php?rest_route=\/wp\/v2\/types\/post"}],"author":[{"embeddable":true,"href":"https:\/\/crees.org.do\/index.php?rest_route=\/wp\/v2\/users\/2"}],"replies":[{"embeddable":true,"href":"https:\/\/crees.org.do\/index.php?rest_route=%2Fwp%2Fv2%2Fcomments&post=23303"}],"version-history":[{"count":1,"href":"https:\/\/crees.org.do\/index.php?rest_route=\/wp\/v2\/posts\/23303\/revisions"}],"predecessor-version":[{"id":23305,"href":"https:\/\/crees.org.do\/index.php?rest_route=\/wp\/v2\/posts\/23303\/revisions\/23305"}],"wp:featuredmedia":[{"embeddable":true,"href":"https:\/\/crees.org.do\/index.php?rest_route=\/wp\/v2\/media\/23304"}],"wp:attachment":[{"href":"https:\/\/crees.org.do\/index.php?rest_route=%2Fwp%2Fv2%2Fmedia&parent=23303"}],"wp:term":[{"taxonomy":"category","embeddable":true,"href":"https:\/\/crees.org.do\/index.php?rest_route=%2Fwp%2Fv2%2Fcategories&post=23303"},{"taxonomy":"post_tag","embeddable":true,"href":"https:\/\/crees.org.do\/index.php?rest_route=%2Fwp%2Fv2%2Ftags&post=23303"}],"curies":[{"name":"wp","href":"https:\/\/api.w.org\/{rel}","templated":true}]}}