{"id":23309,"date":"2022-05-16T13:28:21","date_gmt":"2022-05-16T13:28:21","guid":{"rendered":"https:\/\/crees.org.do\/?p=23309"},"modified":"2022-05-16T13:28:21","modified_gmt":"2022-05-16T13:28:21","slug":"cepm-unica-distribuidora-del-pais-con-totalidad-de-clientes-en-medicion-inteligente","status":"publish","type":"post","link":"https:\/\/crees.org.do\/?p=23309","title":{"rendered":"CEPM, \u00fanica distribuidora del pa\u00eds con totalidad de clientes en medici\u00f3n inteligente"},"content":{"rendered":"<p>Autor: Redacci\u00f3n elDinero<\/p>\n<p>Fecha: 7 de mayo del 2022<\/p>\n<p>Extra\u00eddo de:\u00a0El Dinero<\/p>\n<p style=\"text-align: justify;\">El Consorcio Energ\u00e9tico Punta Cana-Macao (CEPM) recibi\u00f3 en sus instalaciones la visita de representantes del Centro Regional de Estrategias Econ\u00f3micas Sostenibles (CREES) para conocer la tecnolog\u00eda de vanguardia de esta empresa energ\u00e9tica, que la convierte en la primera y \u00fanica distribuidora del pa\u00eds con el total de sus clientes con medici\u00f3n inteligente.<\/p>\n<p style=\"text-align: justify;\">La parada central de la visita fue el Centro de Monitoreo Inteligente de CEPM, n\u00facleo del sistema comercial pionero de esta empresa energ\u00e9tica, que ha permitido un desarrollo sin precedentes en la zona Este del pa\u00eds a trav\u00e9s de una energ\u00eda confiable y una gesti\u00f3n caracterizada por el empoderamiento del cliente.<\/p>\n<p style=\"text-align: justify;\">Desde este punto, los visitantes pudieron comprobar c\u00f3mo se inspecciona toda la estructura del servicio comercial de CEPM a sus casi 50,000 clientes, con el fin de garantizar la calidad y eficiencia de sus operaciones las 24 horas del d\u00eda. Esta plataforma est\u00e1 basada en una tecnolog\u00eda \u00fanica en el pa\u00eds, creada por talento dominicano, que ya se ha constituido como un modelo de \u00e9xito en la regi\u00f3n.<\/p>\n<p style=\"text-align: justify;\">\u201cEste sistema de telemedici\u00f3n ha permitido situar a nuestros clientes en el centro de las operaciones, de forma que pueden tener un control permanente de su consumo en tiempo real, lo que se traduce en sostenibilidad, transparencia y una gran versatilidad en el momento de elegir un modelo pospago o prepago\u201d, explic\u00f3 Roberto Herrera, director ejecutivo de CEPM. Como dato, el ejecutivo record\u00f3 que, actualmente, el 70% de los clientes de CEPM son prepago.<\/p>\n<p style=\"text-align: justify;\">Para la empresa, la medici\u00f3n inteligente permite un mayor control de p\u00e9rdidas de energ\u00eda, reducci\u00f3n de los tiempos en la detecci\u00f3n de fallas y soluci\u00f3n de aver\u00edas y ahorros de costos asociados a las operaciones comerciales, entre otros beneficios.<\/p>\n<p style=\"text-align: justify;\">Otro de los puntos de la visita fue la presentaci\u00f3n del proyecto de energ\u00edas renovables CEPM Zero, que en el plazo de una d\u00e9cada convertir\u00e1 a esta empresa en una de las primeras generadoras el\u00e9ctricas del mundo en ser cero emisiones y cien por ciento renovable, haciendo de Rep\u00fablica Dominicana un destino tur\u00edstico referente en sostenibilidad a nivel global a trav\u00e9s de la energ\u00eda solar, e\u00f3lica e hidr\u00f3geno verde.<\/p>\n<p style=\"text-align: justify;\">Los visitantes tambi\u00e9n pudieron interactuar con las estaciones de carga para veh\u00edculos el\u00e9ctricos Evergo, con la que InterEnergy Group, casa matriz de CEPM, se est\u00e1 posicionando como l\u00edder en la regi\u00f3n en instalaci\u00f3n de estaciones de carga, desde el prop\u00f3sito de superar los 3,500 puntos en este a\u00f1o.<\/p>\n<p style=\"text-align: justify;\">La comitiva estuvo liderada por Roberto Herrera, director ejecutivo de CEPM, quien estuvo acompa\u00f1ado por Oscar San Mart\u00edn, gerente general de la compa\u00f1\u00eda; Wellington Reyes, director Comercial e Innovaci\u00f3n; y Carlos Rodr\u00edguez, gerente senior de Mercadeo y Asuntos Corporativos.<\/p>\n<p style=\"text-align: justify;\">Como miembros del CREES asistieron los ejecutivos Eduardo Grull\u00f3n, Rodrigo Vitinies, Alvin Mart\u00ednez Llibre, Juan Jos\u00e9 Melo, Luis Jos\u00e9 Jim\u00e9nez, Luis de Jes\u00fas Rodr\u00edguez, Alfonso Rodr\u00edguez, Emilio Ludovino Fern\u00e1ndez, Frank Rainieri, Jos\u00e9 Vitienes y Miguel Collado.<\/p>\n<div class=\"pvc_clear\"><\/div>\n<p class=\"pvc_stats all \" data-element-id=\"23309\" style=\"\"><i class=\"pvc-stats-icon medium\" aria-hidden=\"true\"><svg aria-hidden=\"true\" focusable=\"false\" data-prefix=\"far\" data-icon=\"chart-bar\" role=\"img\" xmlns=\"http:\/\/www.w3.org\/2000\/svg\" viewBox=\"0 0 512 512\" class=\"svg-inline--fa fa-chart-bar fa-w-16 fa-2x\"><path fill=\"currentColor\" d=\"M396.8 352h22.4c6.4 0 12.8-6.4 12.8-12.8V108.8c0-6.4-6.4-12.8-12.8-12.8h-22.4c-6.4 0-12.8 6.4-12.8 12.8v230.4c0 6.4 6.4 12.8 12.8 12.8zm-192 0h22.4c6.4 0 12.8-6.4 12.8-12.8V140.8c0-6.4-6.4-12.8-12.8-12.8h-22.4c-6.4 0-12.8 6.4-12.8 12.8v198.4c0 6.4 6.4 12.8 12.8 12.8zm96 0h22.4c6.4 0 12.8-6.4 12.8-12.8V204.8c0-6.4-6.4-12.8-12.8-12.8h-22.4c-6.4 0-12.8 6.4-12.8 12.8v134.4c0 6.4 6.4 12.8 12.8 12.8zM496 400H48V80c0-8.84-7.16-16-16-16H16C7.16 64 0 71.16 0 80v336c0 17.67 14.33 32 32 32h464c8.84 0 16-7.16 16-16v-16c0-8.84-7.16-16-16-16zm-387.2-48h22.4c6.4 0 12.8-6.4 12.8-12.8v-70.4c0-6.4-6.4-12.8-12.8-12.8h-22.4c-6.4 0-12.8 6.4-12.8 12.8v70.4c0 6.4 6.4 12.8 12.8 12.8z\" class=\"\"><\/path><\/svg><\/i> Vistas Totales&nbsp;1,127&nbsp;, Vistas Hoy&nbsp;4&nbsp;<\/p>\n<div class=\"pvc_clear\"><\/div>\n","protected":false},"excerpt":{"rendered":"<p>Autor: Redacci\u00f3n elDinero Fecha: 7 de mayo del 2022 Extra\u00eddo de:\u00a0El Dinero El Consorcio Energ\u00e9tico Punta Cana-Macao (CEPM) recibi\u00f3 en sus instalaciones la visita de representantes del Centro Regional de Estrategias Econ\u00f3micas Sostenibles (CREES) para conocer la tecnolog\u00eda de vanguardia de esta empresa energ\u00e9tica, que la convierte en la primera y \u00fanica distribuidora del pa\u00eds&#8230;<\/p>\n<div class=\"pvc_clear\"><\/div>\n<p class=\"pvc_stats all \" data-element-id=\"23309\" style=\"\"><i class=\"pvc-stats-icon medium\" aria-hidden=\"true\"><svg aria-hidden=\"true\" focusable=\"false\" data-prefix=\"far\" data-icon=\"chart-bar\" role=\"img\" xmlns=\"http:\/\/www.w3.org\/2000\/svg\" viewBox=\"0 0 512 512\" class=\"svg-inline--fa fa-chart-bar fa-w-16 fa-2x\"><path fill=\"currentColor\" d=\"M396.8 352h22.4c6.4 0 12.8-6.4 12.8-12.8V108.8c0-6.4-6.4-12.8-12.8-12.8h-22.4c-6.4 0-12.8 6.4-12.8 12.8v230.4c0 6.4 6.4 12.8 12.8 12.8zm-192 0h22.4c6.4 0 12.8-6.4 12.8-12.8V140.8c0-6.4-6.4-12.8-12.8-12.8h-22.4c-6.4 0-12.8 6.4-12.8 12.8v198.4c0 6.4 6.4 12.8 12.8 12.8zm96 0h22.4c6.4 0 12.8-6.4 12.8-12.8V204.8c0-6.4-6.4-12.8-12.8-12.8h-22.4c-6.4 0-12.8 6.4-12.8 12.8v134.4c0 6.4 6.4 12.8 12.8 12.8zM496 400H48V80c0-8.84-7.16-16-16-16H16C7.16 64 0 71.16 0 80v336c0 17.67 14.33 32 32 32h464c8.84 0 16-7.16 16-16v-16c0-8.84-7.16-16-16-16zm-387.2-48h22.4c6.4 0 12.8-6.4 12.8-12.8v-70.4c0-6.4-6.4-12.8-12.8-12.8h-22.4c-6.4 0-12.8 6.4-12.8 12.8v70.4c0 6.4 6.4 12.8 12.8 12.8z\" class=\"\"><\/path><\/svg><\/i> Vistas Totales&nbsp;1,127&nbsp;, Vistas Hoy&nbsp;4&nbsp;<\/p>\n<div class=\"pvc_clear\"><\/div>\n","protected":false},"author":2,"featured_media":23310,"comment_status":"closed","ping_status":"closed","sticky":false,"template":"","format":"standard","meta":{"footnotes":""},"categories":[19],"tags":[],"class_list":["post-23309","post","type-post","status-publish","format-standard","has-post-thumbnail","hentry","category-actualidad"],"yoast_head":"<!-- This site is optimized with the Yoast SEO plugin v25.2 - https:\/\/yoast.com\/wordpress\/plugins\/seo\/ -->\n<title>CEPM, \u00fanica distribuidora del pa\u00eds con totalidad de clientes en medici\u00f3n inteligente | CREES<\/title>\n<meta name=\"robots\" content=\"index, follow, max-snippet:-1, max-image-preview:large, max-video-preview:-1\" \/>\n<link rel=\"canonical\" href=\"https:\/\/crees.org.do\/?p=23309\" \/>\n<meta property=\"og:locale\" content=\"es_ES\" \/>\n<meta property=\"og:type\" content=\"article\" \/>\n<meta property=\"og:title\" content=\"CEPM, \u00fanica distribuidora del pa\u00eds con totalidad de clientes en medici\u00f3n inteligente | CREES\" \/>\n<meta property=\"og:description\" content=\"Autor: Redacci\u00f3n elDinero Fecha: 7 de mayo del 2022 Extra\u00eddo de:\u00a0El Dinero El Consorcio Energ\u00e9tico Punta Cana-Macao (CEPM) recibi\u00f3 en sus instalaciones la visita de representantes del Centro Regional de Estrategias Econ\u00f3micas Sostenibles (CREES) para conocer la tecnolog\u00eda de vanguardia de esta empresa energ\u00e9tica, que la convierte en la primera y \u00fanica distribuidora del pa\u00eds...\" \/>\n<meta property=\"og:url\" content=\"https:\/\/crees.org.do\/?p=23309\" \/>\n<meta property=\"og:site_name\" content=\"CREES\" \/>\n<meta property=\"article:publisher\" content=\"https:\/\/www.facebook.com\/CREESRD\/\" \/>\n<meta property=\"article:published_time\" content=\"2022-05-16T13:28:21+00:00\" \/>\n<meta property=\"og:image\" content=\"https:\/\/crees.org.do\/wp-content\/uploads\/2022\/05\/Roberto-Herrera-junto-a-ejecutivos-del-CREES-1140x570-1.jpeg\" \/>\n\t<meta property=\"og:image:width\" content=\"1140\" \/>\n\t<meta property=\"og:image:height\" content=\"570\" \/>\n\t<meta property=\"og:image:type\" content=\"image\/jpeg\" \/>\n<meta name=\"author\" content=\"Crees\" \/>\n<meta name=\"twitter:card\" content=\"summary_large_image\" \/>\n<meta name=\"twitter:creator\" content=\"@CREESRD\" \/>\n<meta name=\"twitter:site\" content=\"@CREESRD\" \/>\n<meta name=\"twitter:label1\" content=\"Escrito por\" \/>\n\t<meta name=\"twitter:data1\" content=\"Crees\" \/>\n\t<meta name=\"twitter:label2\" content=\"Tiempo de lectura\" \/>\n\t<meta name=\"twitter:data2\" content=\"3 minutos\" \/>\n<script type=\"application\/ld+json\" class=\"yoast-schema-graph\">{\"@context\":\"https:\/\/schema.org\",\"@graph\":[{\"@type\":\"Article\",\"@id\":\"https:\/\/crees.org.do\/?p=23309#article\",\"isPartOf\":{\"@id\":\"https:\/\/crees.org.do\/?p=23309\"},\"author\":{\"name\":\"Crees\",\"@id\":\"https:\/\/crees.org.do\/#\/schema\/person\/e7f97cd94d7bf9cd0e0ce30acb7d56b8\"},\"headline\":\"CEPM, \u00fanica distribuidora del pa\u00eds con totalidad de clientes en medici\u00f3n inteligente\",\"datePublished\":\"2022-05-16T13:28:21+00:00\",\"mainEntityOfPage\":{\"@id\":\"https:\/\/crees.org.do\/?p=23309\"},\"wordCount\":554,\"publisher\":{\"@id\":\"https:\/\/crees.org.do\/#organization\"},\"image\":{\"@id\":\"https:\/\/crees.org.do\/?p=23309#primaryimage\"},\"thumbnailUrl\":\"https:\/\/crees.org.do\/wp-content\/uploads\/2022\/05\/Roberto-Herrera-junto-a-ejecutivos-del-CREES-1140x570-1.jpeg\",\"articleSection\":[\"Actualidad\"],\"inLanguage\":\"es\"},{\"@type\":\"WebPage\",\"@id\":\"https:\/\/crees.org.do\/?p=23309\",\"url\":\"https:\/\/crees.org.do\/?p=23309\",\"name\":\"CEPM, \u00fanica distribuidora del pa\u00eds con totalidad de clientes en medici\u00f3n inteligente | CREES\",\"isPartOf\":{\"@id\":\"https:\/\/crees.org.do\/#website\"},\"primaryImageOfPage\":{\"@id\":\"https:\/\/crees.org.do\/?p=23309#primaryimage\"},\"image\":{\"@id\":\"https:\/\/crees.org.do\/?p=23309#primaryimage\"},\"thumbnailUrl\":\"https:\/\/crees.org.do\/wp-content\/uploads\/2022\/05\/Roberto-Herrera-junto-a-ejecutivos-del-CREES-1140x570-1.jpeg\",\"datePublished\":\"2022-05-16T13:28:21+00:00\",\"breadcrumb\":{\"@id\":\"https:\/\/crees.org.do\/?p=23309#breadcrumb\"},\"inLanguage\":\"es\",\"potentialAction\":[{\"@type\":\"ReadAction\",\"target\":[\"https:\/\/crees.org.do\/?p=23309\"]}]},{\"@type\":\"ImageObject\",\"inLanguage\":\"es\",\"@id\":\"https:\/\/crees.org.do\/?p=23309#primaryimage\",\"url\":\"https:\/\/crees.org.do\/wp-content\/uploads\/2022\/05\/Roberto-Herrera-junto-a-ejecutivos-del-CREES-1140x570-1.jpeg\",\"contentUrl\":\"https:\/\/crees.org.do\/wp-content\/uploads\/2022\/05\/Roberto-Herrera-junto-a-ejecutivos-del-CREES-1140x570-1.jpeg\",\"width\":1140,\"height\":570},{\"@type\":\"BreadcrumbList\",\"@id\":\"https:\/\/crees.org.do\/?p=23309#breadcrumb\",\"itemListElement\":[{\"@type\":\"ListItem\",\"position\":1,\"name\":\"Portada\",\"item\":\"https:\/\/crees.org.do\/\"},{\"@type\":\"ListItem\",\"position\":2,\"name\":\"CEPM, \u00fanica distribuidora del pa\u00eds con totalidad de clientes en medici\u00f3n inteligente\"}]},{\"@type\":\"WebSite\",\"@id\":\"https:\/\/crees.org.do\/#website\",\"url\":\"https:\/\/crees.org.do\/\",\"name\":\"CREES\",\"description\":\"Centro Regional de Estrategias Econ\u00f3micas Sostenibles\",\"publisher\":{\"@id\":\"https:\/\/crees.org.do\/#organization\"},\"potentialAction\":[{\"@type\":\"SearchAction\",\"target\":{\"@type\":\"EntryPoint\",\"urlTemplate\":\"https:\/\/crees.org.do\/?s={search_term_string}\"},\"query-input\":{\"@type\":\"PropertyValueSpecification\",\"valueRequired\":true,\"valueName\":\"search_term_string\"}}],\"inLanguage\":\"es\"},{\"@type\":\"Organization\",\"@id\":\"https:\/\/crees.org.do\/#organization\",\"name\":\"CREES | Centro Regional de Estrategias Econ\u00f3micas Sostenibles\",\"url\":\"https:\/\/crees.org.do\/\",\"logo\":{\"@type\":\"ImageObject\",\"inLanguage\":\"es\",\"@id\":\"https:\/\/crees.org.do\/#\/schema\/logo\/image\/\",\"url\":\"https:\/\/crees.org.do\/wp-content\/uploads\/2022\/03\/crees-logo-1.jpg\",\"contentUrl\":\"https:\/\/crees.org.do\/wp-content\/uploads\/2022\/03\/crees-logo-1.jpg\",\"width\":244,\"height\":71,\"caption\":\"CREES | Centro Regional de Estrategias Econ\u00f3micas Sostenibles\"},\"image\":{\"@id\":\"https:\/\/crees.org.do\/#\/schema\/logo\/image\/\"},\"sameAs\":[\"https:\/\/www.facebook.com\/CREESRD\/\",\"https:\/\/x.com\/CREESRD\"]},{\"@type\":\"Person\",\"@id\":\"https:\/\/crees.org.do\/#\/schema\/person\/e7f97cd94d7bf9cd0e0ce30acb7d56b8\",\"name\":\"Crees\",\"image\":{\"@type\":\"ImageObject\",\"inLanguage\":\"es\",\"@id\":\"https:\/\/crees.org.do\/#\/schema\/person\/image\/\",\"url\":\"https:\/\/secure.gravatar.com\/avatar\/390ac8f0be5d9aa046152553e2dd7011b59a512d89c150f5e5f28bb8d9a0b165?s=96&d=mm&r=g\",\"contentUrl\":\"https:\/\/secure.gravatar.com\/avatar\/390ac8f0be5d9aa046152553e2dd7011b59a512d89c150f5e5f28bb8d9a0b165?s=96&d=mm&r=g\",\"caption\":\"Crees\"},\"url\":\"https:\/\/crees.org.do\/?author=2\"}]}<\/script>\n<!-- \/ Yoast SEO plugin. -->","yoast_head_json":{"title":"CEPM, \u00fanica distribuidora del pa\u00eds con totalidad de clientes en medici\u00f3n inteligente | CREES","robots":{"index":"index","follow":"follow","max-snippet":"max-snippet:-1","max-image-preview":"max-image-preview:large","max-video-preview":"max-video-preview:-1"},"canonical":"https:\/\/crees.org.do\/?p=23309","og_locale":"es_ES","og_type":"article","og_title":"CEPM, \u00fanica distribuidora del pa\u00eds con totalidad de clientes en medici\u00f3n inteligente | CREES","og_description":"Autor: Redacci\u00f3n elDinero Fecha: 7 de mayo del 2022 Extra\u00eddo de:\u00a0El Dinero El Consorcio Energ\u00e9tico Punta Cana-Macao (CEPM) recibi\u00f3 en sus instalaciones la visita de representantes del Centro Regional de Estrategias Econ\u00f3micas Sostenibles (CREES) para conocer la tecnolog\u00eda de vanguardia de esta empresa energ\u00e9tica, que la convierte en la primera y \u00fanica distribuidora del pa\u00eds...","og_url":"https:\/\/crees.org.do\/?p=23309","og_site_name":"CREES","article_publisher":"https:\/\/www.facebook.com\/CREESRD\/","article_published_time":"2022-05-16T13:28:21+00:00","og_image":[{"width":1140,"height":570,"url":"https:\/\/crees.org.do\/wp-content\/uploads\/2022\/05\/Roberto-Herrera-junto-a-ejecutivos-del-CREES-1140x570-1.jpeg","type":"image\/jpeg"}],"author":"Crees","twitter_card":"summary_large_image","twitter_creator":"@CREESRD","twitter_site":"@CREESRD","twitter_misc":{"Escrito por":"Crees","Tiempo de lectura":"3 minutos"},"schema":{"@context":"https:\/\/schema.org","@graph":[{"@type":"Article","@id":"https:\/\/crees.org.do\/?p=23309#article","isPartOf":{"@id":"https:\/\/crees.org.do\/?p=23309"},"author":{"name":"Crees","@id":"https:\/\/crees.org.do\/#\/schema\/person\/e7f97cd94d7bf9cd0e0ce30acb7d56b8"},"headline":"CEPM, \u00fanica distribuidora del pa\u00eds con totalidad de clientes en medici\u00f3n inteligente","datePublished":"2022-05-16T13:28:21+00:00","mainEntityOfPage":{"@id":"https:\/\/crees.org.do\/?p=23309"},"wordCount":554,"publisher":{"@id":"https:\/\/crees.org.do\/#organization"},"image":{"@id":"https:\/\/crees.org.do\/?p=23309#primaryimage"},"thumbnailUrl":"https:\/\/crees.org.do\/wp-content\/uploads\/2022\/05\/Roberto-Herrera-junto-a-ejecutivos-del-CREES-1140x570-1.jpeg","articleSection":["Actualidad"],"inLanguage":"es"},{"@type":"WebPage","@id":"https:\/\/crees.org.do\/?p=23309","url":"https:\/\/crees.org.do\/?p=23309","name":"CEPM, \u00fanica distribuidora del pa\u00eds con totalidad de clientes en medici\u00f3n inteligente | CREES","isPartOf":{"@id":"https:\/\/crees.org.do\/#website"},"primaryImageOfPage":{"@id":"https:\/\/crees.org.do\/?p=23309#primaryimage"},"image":{"@id":"https:\/\/crees.org.do\/?p=23309#primaryimage"},"thumbnailUrl":"https:\/\/crees.org.do\/wp-content\/uploads\/2022\/05\/Roberto-Herrera-junto-a-ejecutivos-del-CREES-1140x570-1.jpeg","datePublished":"2022-05-16T13:28:21+00:00","breadcrumb":{"@id":"https:\/\/crees.org.do\/?p=23309#breadcrumb"},"inLanguage":"es","potentialAction":[{"@type":"ReadAction","target":["https:\/\/crees.org.do\/?p=23309"]}]},{"@type":"ImageObject","inLanguage":"es","@id":"https:\/\/crees.org.do\/?p=23309#primaryimage","url":"https:\/\/crees.org.do\/wp-content\/uploads\/2022\/05\/Roberto-Herrera-junto-a-ejecutivos-del-CREES-1140x570-1.jpeg","contentUrl":"https:\/\/crees.org.do\/wp-content\/uploads\/2022\/05\/Roberto-Herrera-junto-a-ejecutivos-del-CREES-1140x570-1.jpeg","width":1140,"height":570},{"@type":"BreadcrumbList","@id":"https:\/\/crees.org.do\/?p=23309#breadcrumb","itemListElement":[{"@type":"ListItem","position":1,"name":"Portada","item":"https:\/\/crees.org.do\/"},{"@type":"ListItem","position":2,"name":"CEPM, \u00fanica distribuidora del pa\u00eds con totalidad de clientes en medici\u00f3n inteligente"}]},{"@type":"WebSite","@id":"https:\/\/crees.org.do\/#website","url":"https:\/\/crees.org.do\/","name":"CREES","description":"Centro Regional de Estrategias Econ\u00f3micas Sostenibles","publisher":{"@id":"https:\/\/crees.org.do\/#organization"},"potentialAction":[{"@type":"SearchAction","target":{"@type":"EntryPoint","urlTemplate":"https:\/\/crees.org.do\/?s={search_term_string}"},"query-input":{"@type":"PropertyValueSpecification","valueRequired":true,"valueName":"search_term_string"}}],"inLanguage":"es"},{"@type":"Organization","@id":"https:\/\/crees.org.do\/#organization","name":"CREES | Centro Regional de Estrategias Econ\u00f3micas Sostenibles","url":"https:\/\/crees.org.do\/","logo":{"@type":"ImageObject","inLanguage":"es","@id":"https:\/\/crees.org.do\/#\/schema\/logo\/image\/","url":"https:\/\/crees.org.do\/wp-content\/uploads\/2022\/03\/crees-logo-1.jpg","contentUrl":"https:\/\/crees.org.do\/wp-content\/uploads\/2022\/03\/crees-logo-1.jpg","width":244,"height":71,"caption":"CREES | Centro Regional de Estrategias Econ\u00f3micas Sostenibles"},"image":{"@id":"https:\/\/crees.org.do\/#\/schema\/logo\/image\/"},"sameAs":["https:\/\/www.facebook.com\/CREESRD\/","https:\/\/x.com\/CREESRD"]},{"@type":"Person","@id":"https:\/\/crees.org.do\/#\/schema\/person\/e7f97cd94d7bf9cd0e0ce30acb7d56b8","name":"Crees","image":{"@type":"ImageObject","inLanguage":"es","@id":"https:\/\/crees.org.do\/#\/schema\/person\/image\/","url":"https:\/\/secure.gravatar.com\/avatar\/390ac8f0be5d9aa046152553e2dd7011b59a512d89c150f5e5f28bb8d9a0b165?s=96&d=mm&r=g","contentUrl":"https:\/\/secure.gravatar.com\/avatar\/390ac8f0be5d9aa046152553e2dd7011b59a512d89c150f5e5f28bb8d9a0b165?s=96&d=mm&r=g","caption":"Crees"},"url":"https:\/\/crees.org.do\/?author=2"}]}},"_links":{"self":[{"href":"https:\/\/crees.org.do\/index.php?rest_route=\/wp\/v2\/posts\/23309","targetHints":{"allow":["GET"]}}],"collection":[{"href":"https:\/\/crees.org.do\/index.php?rest_route=\/wp\/v2\/posts"}],"about":[{"href":"https:\/\/crees.org.do\/index.php?rest_route=\/wp\/v2\/types\/post"}],"author":[{"embeddable":true,"href":"https:\/\/crees.org.do\/index.php?rest_route=\/wp\/v2\/users\/2"}],"replies":[{"embeddable":true,"href":"https:\/\/crees.org.do\/index.php?rest_route=%2Fwp%2Fv2%2Fcomments&post=23309"}],"version-history":[{"count":1,"href":"https:\/\/crees.org.do\/index.php?rest_route=\/wp\/v2\/posts\/23309\/revisions"}],"predecessor-version":[{"id":23311,"href":"https:\/\/crees.org.do\/index.php?rest_route=\/wp\/v2\/posts\/23309\/revisions\/23311"}],"wp:featuredmedia":[{"embeddable":true,"href":"https:\/\/crees.org.do\/index.php?rest_route=\/wp\/v2\/media\/23310"}],"wp:attachment":[{"href":"https:\/\/crees.org.do\/index.php?rest_route=%2Fwp%2Fv2%2Fmedia&parent=23309"}],"wp:term":[{"taxonomy":"category","embeddable":true,"href":"https:\/\/crees.org.do\/index.php?rest_route=%2Fwp%2Fv2%2Fcategories&post=23309"},{"taxonomy":"post_tag","embeddable":true,"href":"https:\/\/crees.org.do\/index.php?rest_route=%2Fwp%2Fv2%2Ftags&post=23309"}],"curies":[{"name":"wp","href":"https:\/\/api.w.org\/{rel}","templated":true}]}}