{"id":23314,"date":"2022-05-16T15:50:22","date_gmt":"2022-05-16T15:50:22","guid":{"rendered":"https:\/\/crees.org.do\/?p=23314"},"modified":"2022-06-02T15:03:28","modified_gmt":"2022-06-02T15:03:28","slug":"cotizantes-en-las-cuentas-de-capitalizacion-individual-como-de-la-poblacion-economicamente-activa-pea","status":"publish","type":"post","link":"https:\/\/crees.org.do\/?p=23314","title":{"rendered":"Cotizantes en las cuentas de capitalizaci\u00f3n individual como % de la poblaci\u00f3n econ\u00f3micamente activa (PEA)"},"content":{"rendered":"<p><img fetchpriority=\"high\" decoding=\"async\" class=\"aligncenter wp-image-23315\" src=\"https:\/\/crees.org.do\/wp-content\/uploads\/2022\/05\/Blank-Template-Instagram-46.png\" alt=\"\" width=\"896\" height=\"896\" srcset=\"https:\/\/crees.org.do\/wp-content\/uploads\/2022\/05\/Blank-Template-Instagram-46.png 1080w, https:\/\/crees.org.do\/wp-content\/uploads\/2022\/05\/Blank-Template-Instagram-46-450x450.png 450w, https:\/\/crees.org.do\/wp-content\/uploads\/2022\/05\/Blank-Template-Instagram-46-150x150.png 150w, https:\/\/crees.org.do\/wp-content\/uploads\/2022\/05\/Blank-Template-Instagram-46-768x768.png 768w, https:\/\/crees.org.do\/wp-content\/uploads\/2022\/05\/Blank-Template-Instagram-46-500x500.png 500w, https:\/\/crees.org.do\/wp-content\/uploads\/2022\/05\/Blank-Template-Instagram-46-300x300.png 300w, https:\/\/crees.org.do\/wp-content\/uploads\/2022\/05\/Blank-Template-Instagram-46-600x600.png 600w, https:\/\/crees.org.do\/wp-content\/uploads\/2022\/05\/Blank-Template-Instagram-46-100x100.png 100w\" sizes=\"(max-width: 896px) 100vw, 896px\" \/><\/p>\n<p style=\"text-align: justify;\">Como consecuencia de los niveles elevados de informalidad y de desempleo y subempleo que prevalecen en el mercado laboral dominicano, la proporci\u00f3n de cotizantes como porcentaje de la fuerza de trabajo (PEA) en Rep\u00fablica Dominicana es baja; la mitad que en los pa\u00edses de la Organizaci\u00f3n para la Cooperaci\u00f3n y el Desarrollo Econ\u00f3micos (OCDE). Para que un sistema de pensiones pueda garantizar mayores pensiones a los trabajadores es necesario que cuenten con trabajos\u00a0 formales productivos durante la mayor parte de. Su vida laboral.<\/p>\n<p style=\"text-align: justify;\">Con problemas como los que tiene mercado laboral dominicano, es imposible para un sistema de pensiones garantizar altas tasas de reemplazo en el futuro. Desde hace mucho tiempo desde el CREES hemos planteado que estos son problemas estructurales que es necesario resolver. Por eso hemos venido abogando por otras reformas relacionadas con el mercado laboral para aumentar la flexibilidad de este y as\u00ed reducir el tiempo que tardan los trabajadores en encontrar un empleo. En adici\u00f3n, los costos laborales no salariales del pa\u00eds deben disminuir para garantizar contrataciones formales y, por tanto, m\u00e1s cotizantes.<\/p>\n<p style=\"text-align: justify;\">El principal de estos costos es la cesant\u00eda labora, que podr\u00eda ser sustituida por un seguro de cesant\u00eda costeado por el sector privado con un componente solidario financiado con recursos p\u00fablicos. Los recursos aportados por los empleadores ir\u00edan a una cuenta individual del trabajador que podr\u00eda usar en caso de quedar cesante y, al final de su vida laboral, aportar los fondos que tenga disponible en su cuenta de cesant\u00eda para su fondo de pensiones. Bajo este esquema se garantizar\u00edan los derechos adquiridos de los trabajadores.<\/p>\n<p style=\"text-align: justify;\">Ver m\u00e1s en <i>\u201cReforma al sistema de pensiones, no contrarreforma\u201d<\/i> a trav\u00e9s de nuestra p\u00e1gina web (crees.org.do)<\/p>\n<div class=\"pvc_clear\"><\/div>\n<p class=\"pvc_stats all \" data-element-id=\"23314\" style=\"\"><i class=\"pvc-stats-icon medium\" aria-hidden=\"true\"><svg aria-hidden=\"true\" focusable=\"false\" data-prefix=\"far\" data-icon=\"chart-bar\" role=\"img\" xmlns=\"http:\/\/www.w3.org\/2000\/svg\" viewBox=\"0 0 512 512\" class=\"svg-inline--fa fa-chart-bar fa-w-16 fa-2x\"><path fill=\"currentColor\" d=\"M396.8 352h22.4c6.4 0 12.8-6.4 12.8-12.8V108.8c0-6.4-6.4-12.8-12.8-12.8h-22.4c-6.4 0-12.8 6.4-12.8 12.8v230.4c0 6.4 6.4 12.8 12.8 12.8zm-192 0h22.4c6.4 0 12.8-6.4 12.8-12.8V140.8c0-6.4-6.4-12.8-12.8-12.8h-22.4c-6.4 0-12.8 6.4-12.8 12.8v198.4c0 6.4 6.4 12.8 12.8 12.8zm96 0h22.4c6.4 0 12.8-6.4 12.8-12.8V204.8c0-6.4-6.4-12.8-12.8-12.8h-22.4c-6.4 0-12.8 6.4-12.8 12.8v134.4c0 6.4 6.4 12.8 12.8 12.8zM496 400H48V80c0-8.84-7.16-16-16-16H16C7.16 64 0 71.16 0 80v336c0 17.67 14.33 32 32 32h464c8.84 0 16-7.16 16-16v-16c0-8.84-7.16-16-16-16zm-387.2-48h22.4c6.4 0 12.8-6.4 12.8-12.8v-70.4c0-6.4-6.4-12.8-12.8-12.8h-22.4c-6.4 0-12.8 6.4-12.8 12.8v70.4c0 6.4 6.4 12.8 12.8 12.8z\" class=\"\"><\/path><\/svg><\/i> Vistas Totales&nbsp;1,276&nbsp;, Vistas Hoy&nbsp;2&nbsp;<\/p>\n<div class=\"pvc_clear\"><\/div>\n","protected":false},"excerpt":{"rendered":"<p>Como consecuencia de los niveles elevados de informalidad y de desempleo y subempleo que prevalecen en el mercado laboral dominicano, la proporci\u00f3n de cotizantes como porcentaje de la fuerza de trabajo (PEA) en Rep\u00fablica Dominicana es baja; la mitad que en los pa\u00edses de la Organizaci\u00f3n para la Cooperaci\u00f3n y el Desarrollo Econ\u00f3micos (OCDE). Para&#8230;<\/p>\n<div class=\"pvc_clear\"><\/div>\n<p class=\"pvc_stats all \" data-element-id=\"23314\" style=\"\"><i class=\"pvc-stats-icon medium\" aria-hidden=\"true\"><svg aria-hidden=\"true\" focusable=\"false\" data-prefix=\"far\" data-icon=\"chart-bar\" role=\"img\" xmlns=\"http:\/\/www.w3.org\/2000\/svg\" viewBox=\"0 0 512 512\" class=\"svg-inline--fa fa-chart-bar fa-w-16 fa-2x\"><path fill=\"currentColor\" d=\"M396.8 352h22.4c6.4 0 12.8-6.4 12.8-12.8V108.8c0-6.4-6.4-12.8-12.8-12.8h-22.4c-6.4 0-12.8 6.4-12.8 12.8v230.4c0 6.4 6.4 12.8 12.8 12.8zm-192 0h22.4c6.4 0 12.8-6.4 12.8-12.8V140.8c0-6.4-6.4-12.8-12.8-12.8h-22.4c-6.4 0-12.8 6.4-12.8 12.8v198.4c0 6.4 6.4 12.8 12.8 12.8zm96 0h22.4c6.4 0 12.8-6.4 12.8-12.8V204.8c0-6.4-6.4-12.8-12.8-12.8h-22.4c-6.4 0-12.8 6.4-12.8 12.8v134.4c0 6.4 6.4 12.8 12.8 12.8zM496 400H48V80c0-8.84-7.16-16-16-16H16C7.16 64 0 71.16 0 80v336c0 17.67 14.33 32 32 32h464c8.84 0 16-7.16 16-16v-16c0-8.84-7.16-16-16-16zm-387.2-48h22.4c6.4 0 12.8-6.4 12.8-12.8v-70.4c0-6.4-6.4-12.8-12.8-12.8h-22.4c-6.4 0-12.8 6.4-12.8 12.8v70.4c0 6.4 6.4 12.8 12.8 12.8z\" class=\"\"><\/path><\/svg><\/i> Vistas Totales&nbsp;1,276&nbsp;, Vistas Hoy&nbsp;2&nbsp;<\/p>\n<div class=\"pvc_clear\"><\/div>\n","protected":false},"author":2,"featured_media":23315,"comment_status":"closed","ping_status":"closed","sticky":false,"template":"","format":"standard","meta":{"footnotes":""},"categories":[21],"tags":[],"class_list":["post-23314","post","type-post","status-publish","format-standard","has-post-thumbnail","hentry","category-blog"],"yoast_head":"<!-- This site is optimized with the Yoast SEO plugin v25.2 - https:\/\/yoast.com\/wordpress\/plugins\/seo\/ -->\n<title>Cotizantes en las cuentas de capitalizaci\u00f3n individual como % de la poblaci\u00f3n econ\u00f3micamente activa (PEA) | CREES<\/title>\n<meta name=\"robots\" content=\"index, follow, max-snippet:-1, max-image-preview:large, max-video-preview:-1\" \/>\n<link rel=\"canonical\" href=\"https:\/\/crees.org.do\/?p=23314\" \/>\n<meta property=\"og:locale\" content=\"es_ES\" \/>\n<meta property=\"og:type\" content=\"article\" \/>\n<meta property=\"og:title\" content=\"Cotizantes en las cuentas de capitalizaci\u00f3n individual como % de la poblaci\u00f3n econ\u00f3micamente activa (PEA) | CREES\" \/>\n<meta property=\"og:description\" content=\"Como consecuencia de los niveles elevados de informalidad y de desempleo y subempleo que prevalecen en el mercado laboral dominicano, la proporci\u00f3n de cotizantes como porcentaje de la fuerza de trabajo (PEA) en Rep\u00fablica Dominicana es baja; la mitad que en los pa\u00edses de la Organizaci\u00f3n para la Cooperaci\u00f3n y el Desarrollo Econ\u00f3micos (OCDE). Para...\" \/>\n<meta property=\"og:url\" content=\"https:\/\/crees.org.do\/?p=23314\" \/>\n<meta property=\"og:site_name\" content=\"CREES\" \/>\n<meta property=\"article:publisher\" content=\"https:\/\/www.facebook.com\/CREESRD\/\" \/>\n<meta property=\"article:published_time\" content=\"2022-05-16T15:50:22+00:00\" \/>\n<meta property=\"article:modified_time\" content=\"2022-06-02T15:03:28+00:00\" \/>\n<meta property=\"og:image\" content=\"https:\/\/crees.org.do\/wp-content\/uploads\/2022\/05\/Blank-Template-Instagram-46.png\" \/>\n\t<meta property=\"og:image:width\" content=\"1080\" \/>\n\t<meta property=\"og:image:height\" content=\"1080\" \/>\n\t<meta property=\"og:image:type\" content=\"image\/png\" \/>\n<meta name=\"author\" content=\"Crees\" \/>\n<meta name=\"twitter:card\" content=\"summary_large_image\" \/>\n<meta name=\"twitter:creator\" content=\"@CREESRD\" \/>\n<meta name=\"twitter:site\" content=\"@CREESRD\" \/>\n<meta name=\"twitter:label1\" content=\"Escrito por\" \/>\n\t<meta name=\"twitter:data1\" content=\"Crees\" \/>\n\t<meta name=\"twitter:label2\" content=\"Tiempo de lectura\" \/>\n\t<meta name=\"twitter:data2\" content=\"2 minutos\" \/>\n<script type=\"application\/ld+json\" class=\"yoast-schema-graph\">{\"@context\":\"https:\/\/schema.org\",\"@graph\":[{\"@type\":\"Article\",\"@id\":\"https:\/\/crees.org.do\/?p=23314#article\",\"isPartOf\":{\"@id\":\"https:\/\/crees.org.do\/?p=23314\"},\"author\":{\"name\":\"Crees\",\"@id\":\"https:\/\/crees.org.do\/#\/schema\/person\/e7f97cd94d7bf9cd0e0ce30acb7d56b8\"},\"headline\":\"Cotizantes en las cuentas de capitalizaci\u00f3n individual como % de la poblaci\u00f3n econ\u00f3micamente activa (PEA)\",\"datePublished\":\"2022-05-16T15:50:22+00:00\",\"dateModified\":\"2022-06-02T15:03:28+00:00\",\"mainEntityOfPage\":{\"@id\":\"https:\/\/crees.org.do\/?p=23314\"},\"wordCount\":319,\"publisher\":{\"@id\":\"https:\/\/crees.org.do\/#organization\"},\"image\":{\"@id\":\"https:\/\/crees.org.do\/?p=23314#primaryimage\"},\"thumbnailUrl\":\"https:\/\/crees.org.do\/wp-content\/uploads\/2022\/05\/Blank-Template-Instagram-46.png\",\"articleSection\":[\"Blog\"],\"inLanguage\":\"es\"},{\"@type\":\"WebPage\",\"@id\":\"https:\/\/crees.org.do\/?p=23314\",\"url\":\"https:\/\/crees.org.do\/?p=23314\",\"name\":\"Cotizantes en las cuentas de capitalizaci\u00f3n individual como % de la poblaci\u00f3n econ\u00f3micamente activa (PEA) | CREES\",\"isPartOf\":{\"@id\":\"https:\/\/crees.org.do\/#website\"},\"primaryImageOfPage\":{\"@id\":\"https:\/\/crees.org.do\/?p=23314#primaryimage\"},\"image\":{\"@id\":\"https:\/\/crees.org.do\/?p=23314#primaryimage\"},\"thumbnailUrl\":\"https:\/\/crees.org.do\/wp-content\/uploads\/2022\/05\/Blank-Template-Instagram-46.png\",\"datePublished\":\"2022-05-16T15:50:22+00:00\",\"dateModified\":\"2022-06-02T15:03:28+00:00\",\"breadcrumb\":{\"@id\":\"https:\/\/crees.org.do\/?p=23314#breadcrumb\"},\"inLanguage\":\"es\",\"potentialAction\":[{\"@type\":\"ReadAction\",\"target\":[\"https:\/\/crees.org.do\/?p=23314\"]}]},{\"@type\":\"ImageObject\",\"inLanguage\":\"es\",\"@id\":\"https:\/\/crees.org.do\/?p=23314#primaryimage\",\"url\":\"https:\/\/crees.org.do\/wp-content\/uploads\/2022\/05\/Blank-Template-Instagram-46.png\",\"contentUrl\":\"https:\/\/crees.org.do\/wp-content\/uploads\/2022\/05\/Blank-Template-Instagram-46.png\",\"width\":1080,\"height\":1080},{\"@type\":\"BreadcrumbList\",\"@id\":\"https:\/\/crees.org.do\/?p=23314#breadcrumb\",\"itemListElement\":[{\"@type\":\"ListItem\",\"position\":1,\"name\":\"Portada\",\"item\":\"https:\/\/crees.org.do\/\"},{\"@type\":\"ListItem\",\"position\":2,\"name\":\"Cotizantes en las cuentas de capitalizaci\u00f3n individual como % de la poblaci\u00f3n econ\u00f3micamente activa (PEA)\"}]},{\"@type\":\"WebSite\",\"@id\":\"https:\/\/crees.org.do\/#website\",\"url\":\"https:\/\/crees.org.do\/\",\"name\":\"CREES\",\"description\":\"Centro Regional de Estrategias Econ\u00f3micas Sostenibles\",\"publisher\":{\"@id\":\"https:\/\/crees.org.do\/#organization\"},\"potentialAction\":[{\"@type\":\"SearchAction\",\"target\":{\"@type\":\"EntryPoint\",\"urlTemplate\":\"https:\/\/crees.org.do\/?s={search_term_string}\"},\"query-input\":{\"@type\":\"PropertyValueSpecification\",\"valueRequired\":true,\"valueName\":\"search_term_string\"}}],\"inLanguage\":\"es\"},{\"@type\":\"Organization\",\"@id\":\"https:\/\/crees.org.do\/#organization\",\"name\":\"CREES | Centro Regional de Estrategias Econ\u00f3micas Sostenibles\",\"url\":\"https:\/\/crees.org.do\/\",\"logo\":{\"@type\":\"ImageObject\",\"inLanguage\":\"es\",\"@id\":\"https:\/\/crees.org.do\/#\/schema\/logo\/image\/\",\"url\":\"https:\/\/crees.org.do\/wp-content\/uploads\/2022\/03\/crees-logo-1.jpg\",\"contentUrl\":\"https:\/\/crees.org.do\/wp-content\/uploads\/2022\/03\/crees-logo-1.jpg\",\"width\":244,\"height\":71,\"caption\":\"CREES | Centro Regional de Estrategias Econ\u00f3micas Sostenibles\"},\"image\":{\"@id\":\"https:\/\/crees.org.do\/#\/schema\/logo\/image\/\"},\"sameAs\":[\"https:\/\/www.facebook.com\/CREESRD\/\",\"https:\/\/x.com\/CREESRD\"]},{\"@type\":\"Person\",\"@id\":\"https:\/\/crees.org.do\/#\/schema\/person\/e7f97cd94d7bf9cd0e0ce30acb7d56b8\",\"name\":\"Crees\",\"image\":{\"@type\":\"ImageObject\",\"inLanguage\":\"es\",\"@id\":\"https:\/\/crees.org.do\/#\/schema\/person\/image\/\",\"url\":\"https:\/\/secure.gravatar.com\/avatar\/390ac8f0be5d9aa046152553e2dd7011b59a512d89c150f5e5f28bb8d9a0b165?s=96&d=mm&r=g\",\"contentUrl\":\"https:\/\/secure.gravatar.com\/avatar\/390ac8f0be5d9aa046152553e2dd7011b59a512d89c150f5e5f28bb8d9a0b165?s=96&d=mm&r=g\",\"caption\":\"Crees\"},\"url\":\"https:\/\/crees.org.do\/?author=2\"}]}<\/script>\n<!-- \/ Yoast SEO plugin. -->","yoast_head_json":{"title":"Cotizantes en las cuentas de capitalizaci\u00f3n individual como % de la poblaci\u00f3n econ\u00f3micamente activa (PEA) | CREES","robots":{"index":"index","follow":"follow","max-snippet":"max-snippet:-1","max-image-preview":"max-image-preview:large","max-video-preview":"max-video-preview:-1"},"canonical":"https:\/\/crees.org.do\/?p=23314","og_locale":"es_ES","og_type":"article","og_title":"Cotizantes en las cuentas de capitalizaci\u00f3n individual como % de la poblaci\u00f3n econ\u00f3micamente activa (PEA) | CREES","og_description":"Como consecuencia de los niveles elevados de informalidad y de desempleo y subempleo que prevalecen en el mercado laboral dominicano, la proporci\u00f3n de cotizantes como porcentaje de la fuerza de trabajo (PEA) en Rep\u00fablica Dominicana es baja; la mitad que en los pa\u00edses de la Organizaci\u00f3n para la Cooperaci\u00f3n y el Desarrollo Econ\u00f3micos (OCDE). Para...","og_url":"https:\/\/crees.org.do\/?p=23314","og_site_name":"CREES","article_publisher":"https:\/\/www.facebook.com\/CREESRD\/","article_published_time":"2022-05-16T15:50:22+00:00","article_modified_time":"2022-06-02T15:03:28+00:00","og_image":[{"width":1080,"height":1080,"url":"https:\/\/crees.org.do\/wp-content\/uploads\/2022\/05\/Blank-Template-Instagram-46.png","type":"image\/png"}],"author":"Crees","twitter_card":"summary_large_image","twitter_creator":"@CREESRD","twitter_site":"@CREESRD","twitter_misc":{"Escrito por":"Crees","Tiempo de lectura":"2 minutos"},"schema":{"@context":"https:\/\/schema.org","@graph":[{"@type":"Article","@id":"https:\/\/crees.org.do\/?p=23314#article","isPartOf":{"@id":"https:\/\/crees.org.do\/?p=23314"},"author":{"name":"Crees","@id":"https:\/\/crees.org.do\/#\/schema\/person\/e7f97cd94d7bf9cd0e0ce30acb7d56b8"},"headline":"Cotizantes en las cuentas de capitalizaci\u00f3n individual como % de la poblaci\u00f3n econ\u00f3micamente activa (PEA)","datePublished":"2022-05-16T15:50:22+00:00","dateModified":"2022-06-02T15:03:28+00:00","mainEntityOfPage":{"@id":"https:\/\/crees.org.do\/?p=23314"},"wordCount":319,"publisher":{"@id":"https:\/\/crees.org.do\/#organization"},"image":{"@id":"https:\/\/crees.org.do\/?p=23314#primaryimage"},"thumbnailUrl":"https:\/\/crees.org.do\/wp-content\/uploads\/2022\/05\/Blank-Template-Instagram-46.png","articleSection":["Blog"],"inLanguage":"es"},{"@type":"WebPage","@id":"https:\/\/crees.org.do\/?p=23314","url":"https:\/\/crees.org.do\/?p=23314","name":"Cotizantes en las cuentas de capitalizaci\u00f3n individual como % de la poblaci\u00f3n econ\u00f3micamente activa (PEA) | CREES","isPartOf":{"@id":"https:\/\/crees.org.do\/#website"},"primaryImageOfPage":{"@id":"https:\/\/crees.org.do\/?p=23314#primaryimage"},"image":{"@id":"https:\/\/crees.org.do\/?p=23314#primaryimage"},"thumbnailUrl":"https:\/\/crees.org.do\/wp-content\/uploads\/2022\/05\/Blank-Template-Instagram-46.png","datePublished":"2022-05-16T15:50:22+00:00","dateModified":"2022-06-02T15:03:28+00:00","breadcrumb":{"@id":"https:\/\/crees.org.do\/?p=23314#breadcrumb"},"inLanguage":"es","potentialAction":[{"@type":"ReadAction","target":["https:\/\/crees.org.do\/?p=23314"]}]},{"@type":"ImageObject","inLanguage":"es","@id":"https:\/\/crees.org.do\/?p=23314#primaryimage","url":"https:\/\/crees.org.do\/wp-content\/uploads\/2022\/05\/Blank-Template-Instagram-46.png","contentUrl":"https:\/\/crees.org.do\/wp-content\/uploads\/2022\/05\/Blank-Template-Instagram-46.png","width":1080,"height":1080},{"@type":"BreadcrumbList","@id":"https:\/\/crees.org.do\/?p=23314#breadcrumb","itemListElement":[{"@type":"ListItem","position":1,"name":"Portada","item":"https:\/\/crees.org.do\/"},{"@type":"ListItem","position":2,"name":"Cotizantes en las cuentas de capitalizaci\u00f3n individual como % de la poblaci\u00f3n econ\u00f3micamente activa (PEA)"}]},{"@type":"WebSite","@id":"https:\/\/crees.org.do\/#website","url":"https:\/\/crees.org.do\/","name":"CREES","description":"Centro Regional de Estrategias Econ\u00f3micas Sostenibles","publisher":{"@id":"https:\/\/crees.org.do\/#organization"},"potentialAction":[{"@type":"SearchAction","target":{"@type":"EntryPoint","urlTemplate":"https:\/\/crees.org.do\/?s={search_term_string}"},"query-input":{"@type":"PropertyValueSpecification","valueRequired":true,"valueName":"search_term_string"}}],"inLanguage":"es"},{"@type":"Organization","@id":"https:\/\/crees.org.do\/#organization","name":"CREES | Centro Regional de Estrategias Econ\u00f3micas Sostenibles","url":"https:\/\/crees.org.do\/","logo":{"@type":"ImageObject","inLanguage":"es","@id":"https:\/\/crees.org.do\/#\/schema\/logo\/image\/","url":"https:\/\/crees.org.do\/wp-content\/uploads\/2022\/03\/crees-logo-1.jpg","contentUrl":"https:\/\/crees.org.do\/wp-content\/uploads\/2022\/03\/crees-logo-1.jpg","width":244,"height":71,"caption":"CREES | Centro Regional de Estrategias Econ\u00f3micas Sostenibles"},"image":{"@id":"https:\/\/crees.org.do\/#\/schema\/logo\/image\/"},"sameAs":["https:\/\/www.facebook.com\/CREESRD\/","https:\/\/x.com\/CREESRD"]},{"@type":"Person","@id":"https:\/\/crees.org.do\/#\/schema\/person\/e7f97cd94d7bf9cd0e0ce30acb7d56b8","name":"Crees","image":{"@type":"ImageObject","inLanguage":"es","@id":"https:\/\/crees.org.do\/#\/schema\/person\/image\/","url":"https:\/\/secure.gravatar.com\/avatar\/390ac8f0be5d9aa046152553e2dd7011b59a512d89c150f5e5f28bb8d9a0b165?s=96&d=mm&r=g","contentUrl":"https:\/\/secure.gravatar.com\/avatar\/390ac8f0be5d9aa046152553e2dd7011b59a512d89c150f5e5f28bb8d9a0b165?s=96&d=mm&r=g","caption":"Crees"},"url":"https:\/\/crees.org.do\/?author=2"}]}},"_links":{"self":[{"href":"https:\/\/crees.org.do\/index.php?rest_route=\/wp\/v2\/posts\/23314","targetHints":{"allow":["GET"]}}],"collection":[{"href":"https:\/\/crees.org.do\/index.php?rest_route=\/wp\/v2\/posts"}],"about":[{"href":"https:\/\/crees.org.do\/index.php?rest_route=\/wp\/v2\/types\/post"}],"author":[{"embeddable":true,"href":"https:\/\/crees.org.do\/index.php?rest_route=\/wp\/v2\/users\/2"}],"replies":[{"embeddable":true,"href":"https:\/\/crees.org.do\/index.php?rest_route=%2Fwp%2Fv2%2Fcomments&post=23314"}],"version-history":[{"count":1,"href":"https:\/\/crees.org.do\/index.php?rest_route=\/wp\/v2\/posts\/23314\/revisions"}],"predecessor-version":[{"id":23316,"href":"https:\/\/crees.org.do\/index.php?rest_route=\/wp\/v2\/posts\/23314\/revisions\/23316"}],"wp:featuredmedia":[{"embeddable":true,"href":"https:\/\/crees.org.do\/index.php?rest_route=\/wp\/v2\/media\/23315"}],"wp:attachment":[{"href":"https:\/\/crees.org.do\/index.php?rest_route=%2Fwp%2Fv2%2Fmedia&parent=23314"}],"wp:term":[{"taxonomy":"category","embeddable":true,"href":"https:\/\/crees.org.do\/index.php?rest_route=%2Fwp%2Fv2%2Fcategories&post=23314"},{"taxonomy":"post_tag","embeddable":true,"href":"https:\/\/crees.org.do\/index.php?rest_route=%2Fwp%2Fv2%2Ftags&post=23314"}],"curies":[{"name":"wp","href":"https:\/\/api.w.org\/{rel}","templated":true}]}}