{"id":23317,"date":"2022-05-17T16:40:59","date_gmt":"2022-05-17T16:40:59","guid":{"rendered":"https:\/\/crees.org.do\/?p=23317"},"modified":"2022-05-17T16:40:59","modified_gmt":"2022-05-17T16:40:59","slug":"republica-dominicana-entre-los-paises-de-la-region-mas-vulnerables-al-impacto-economico-global-de-la-guerra","status":"publish","type":"post","link":"https:\/\/crees.org.do\/?p=23317","title":{"rendered":"Rep\u00fablica Dominicana entre los pa\u00edses de la regi\u00f3n m\u00e1s vulnerables al impacto econ\u00f3mico global de la guerra"},"content":{"rendered":"<p><img fetchpriority=\"high\" decoding=\"async\" class=\"aligncenter  wp-image-23318\" src=\"https:\/\/crees.org.do\/wp-content\/uploads\/2022\/05\/Slide-1-copy-1-6.png\" alt=\"\" width=\"896\" height=\"896\" srcset=\"https:\/\/crees.org.do\/wp-content\/uploads\/2022\/05\/Slide-1-copy-1-6.png 1080w, https:\/\/crees.org.do\/wp-content\/uploads\/2022\/05\/Slide-1-copy-1-6-450x450.png 450w, https:\/\/crees.org.do\/wp-content\/uploads\/2022\/05\/Slide-1-copy-1-6-150x150.png 150w, https:\/\/crees.org.do\/wp-content\/uploads\/2022\/05\/Slide-1-copy-1-6-768x768.png 768w, https:\/\/crees.org.do\/wp-content\/uploads\/2022\/05\/Slide-1-copy-1-6-500x500.png 500w, https:\/\/crees.org.do\/wp-content\/uploads\/2022\/05\/Slide-1-copy-1-6-300x300.png 300w, https:\/\/crees.org.do\/wp-content\/uploads\/2022\/05\/Slide-1-copy-1-6-600x600.png 600w, https:\/\/crees.org.do\/wp-content\/uploads\/2022\/05\/Slide-1-copy-1-6-100x100.png 100w\" sizes=\"(max-width: 896px) 100vw, 896px\" \/><\/p>\n<h3><strong>Am\u00e9rica Latina y la guerra en Ucrania: qui\u00e9nes son los m\u00e1s y los menos vulnerables<\/strong><\/h3>\n<p style=\"text-align: justify;\">Con el fin de analizar c\u00f3mo se encuentran las econom\u00edas de Am\u00e9rica Latina en comparaci\u00f3n con los niveles previos a la guerra entre Rusia y Ucrania, la Unidad de Inteligencia de The Economist ha realizado este mapa de calor que califica siete \u00e1reas clave para determinar la capacidad de estos pa\u00edses de resistir e incluso prosperar en el entorno global actual.<\/p>\n<p style=\"text-align: justify;\">De acuerdo con los datos, Rep\u00fablica Dominicana es el segundo pa\u00eds de la regi\u00f3n m\u00e1s vulnerables al impacto econ\u00f3mico global de la crisis de Ucrania; superado solo por El Salvador. Entre los pa\u00edses m\u00e1s vulnerables tambi\u00e9n est\u00e1n Nicaragua, Costa Rica y Panam\u00e1. Seg\u00fan el an\u00e1lisis de The Economist, para estos pa\u00edses, la guerra inici\u00f3 en un momento de niveles relativamente altos de deuda p\u00fablica, desequilibrios externos sustanciales y alta inflaci\u00f3n; adem\u00e1s de que ninguno es un exportador importante de materias primas.<\/p>\n<p style=\"text-align: justify;\">Naturalmente, los pa\u00edses exportadores de materias primas y con menos dependencia a la importaci\u00f3n de las misma est\u00e1n mejor posicionados, como es el caso de Bolivia, Ecuador y Paraguay.<\/p>\n<p style=\"text-align: justify;\">El impacto econ\u00f3mico de la guerra entre Rusia y Ucrania y las sanciones impuestas se sentir\u00e1 en todo el mundo. Sin embargo, este se sentir\u00e1 menos en aquellos pa\u00edses que sean m\u00e1s capaces de comercializar con otros y puedan suplir la demanda de bienes y servicios que se ha dejado de suplir por la guerra. Adem\u00e1s, el aumento de los precios de las materias primas tendr\u00e1 una incidencia en indicadores econ\u00f3micos clave para dichos pa\u00edses. Es por esto que es importante que en el pa\u00eds se formulen pol\u00edticas destinadas a incrementar la productividad, es decir, hacernos m\u00e1s competitivos; por ejemplo, reducir costos y simplificar procesos y agilizar procedimientos burocr\u00e1ticos.<\/p>\n<p>Ver reporte de The Economist <a href=\"https:\/\/pages.eiu.com\/rs\/753-RIQ-438\/images\/can-latin-america-grow-faster%20%281%29.pdf?mkt_tok=NzUzLVJJUS00MzgAAAGEcT-6xG-urU-kguZfR5vgJNpTc8X5-dWzbExNhmwsm9d0aA9TgMcyc5bVf3wg3so4fBLwCOcC_NBoKDZv66RR5iDWV49MYxbLBxoScZhNDHY4Lw\">aqu\u00ed<\/a><\/p>\n<div class=\"pvc_clear\"><\/div>\n<p class=\"pvc_stats all \" data-element-id=\"23317\" style=\"\"><i class=\"pvc-stats-icon medium\" aria-hidden=\"true\"><svg aria-hidden=\"true\" focusable=\"false\" data-prefix=\"far\" data-icon=\"chart-bar\" role=\"img\" xmlns=\"http:\/\/www.w3.org\/2000\/svg\" viewBox=\"0 0 512 512\" class=\"svg-inline--fa fa-chart-bar fa-w-16 fa-2x\"><path fill=\"currentColor\" d=\"M396.8 352h22.4c6.4 0 12.8-6.4 12.8-12.8V108.8c0-6.4-6.4-12.8-12.8-12.8h-22.4c-6.4 0-12.8 6.4-12.8 12.8v230.4c0 6.4 6.4 12.8 12.8 12.8zm-192 0h22.4c6.4 0 12.8-6.4 12.8-12.8V140.8c0-6.4-6.4-12.8-12.8-12.8h-22.4c-6.4 0-12.8 6.4-12.8 12.8v198.4c0 6.4 6.4 12.8 12.8 12.8zm96 0h22.4c6.4 0 12.8-6.4 12.8-12.8V204.8c0-6.4-6.4-12.8-12.8-12.8h-22.4c-6.4 0-12.8 6.4-12.8 12.8v134.4c0 6.4 6.4 12.8 12.8 12.8zM496 400H48V80c0-8.84-7.16-16-16-16H16C7.16 64 0 71.16 0 80v336c0 17.67 14.33 32 32 32h464c8.84 0 16-7.16 16-16v-16c0-8.84-7.16-16-16-16zm-387.2-48h22.4c6.4 0 12.8-6.4 12.8-12.8v-70.4c0-6.4-6.4-12.8-12.8-12.8h-22.4c-6.4 0-12.8 6.4-12.8 12.8v70.4c0 6.4 6.4 12.8 12.8 12.8z\" class=\"\"><\/path><\/svg><\/i> Vistas Totales&nbsp;1,540&nbsp;, Vistas Hoy&nbsp;4&nbsp;<\/p>\n<div class=\"pvc_clear\"><\/div>\n","protected":false},"excerpt":{"rendered":"<p>Am\u00e9rica Latina y la guerra en Ucrania: qui\u00e9nes son los m\u00e1s y los menos vulnerables Con el fin de analizar c\u00f3mo se encuentran las econom\u00edas de Am\u00e9rica Latina en comparaci\u00f3n con los niveles previos a la guerra entre Rusia y Ucrania, la Unidad de Inteligencia de The Economist ha realizado este mapa de calor que&#8230;<\/p>\n<div class=\"pvc_clear\"><\/div>\n<p class=\"pvc_stats all \" data-element-id=\"23317\" style=\"\"><i class=\"pvc-stats-icon medium\" aria-hidden=\"true\"><svg aria-hidden=\"true\" focusable=\"false\" data-prefix=\"far\" data-icon=\"chart-bar\" role=\"img\" xmlns=\"http:\/\/www.w3.org\/2000\/svg\" viewBox=\"0 0 512 512\" class=\"svg-inline--fa fa-chart-bar fa-w-16 fa-2x\"><path fill=\"currentColor\" d=\"M396.8 352h22.4c6.4 0 12.8-6.4 12.8-12.8V108.8c0-6.4-6.4-12.8-12.8-12.8h-22.4c-6.4 0-12.8 6.4-12.8 12.8v230.4c0 6.4 6.4 12.8 12.8 12.8zm-192 0h22.4c6.4 0 12.8-6.4 12.8-12.8V140.8c0-6.4-6.4-12.8-12.8-12.8h-22.4c-6.4 0-12.8 6.4-12.8 12.8v198.4c0 6.4 6.4 12.8 12.8 12.8zm96 0h22.4c6.4 0 12.8-6.4 12.8-12.8V204.8c0-6.4-6.4-12.8-12.8-12.8h-22.4c-6.4 0-12.8 6.4-12.8 12.8v134.4c0 6.4 6.4 12.8 12.8 12.8zM496 400H48V80c0-8.84-7.16-16-16-16H16C7.16 64 0 71.16 0 80v336c0 17.67 14.33 32 32 32h464c8.84 0 16-7.16 16-16v-16c0-8.84-7.16-16-16-16zm-387.2-48h22.4c6.4 0 12.8-6.4 12.8-12.8v-70.4c0-6.4-6.4-12.8-12.8-12.8h-22.4c-6.4 0-12.8 6.4-12.8 12.8v70.4c0 6.4 6.4 12.8 12.8 12.8z\" class=\"\"><\/path><\/svg><\/i> Vistas Totales&nbsp;1,540&nbsp;, Vistas Hoy&nbsp;4&nbsp;<\/p>\n<div class=\"pvc_clear\"><\/div>\n","protected":false},"author":2,"featured_media":23318,"comment_status":"closed","ping_status":"closed","sticky":false,"template":"","format":"standard","meta":{"footnotes":""},"categories":[21],"tags":[],"class_list":["post-23317","post","type-post","status-publish","format-standard","has-post-thumbnail","hentry","category-blog"],"yoast_head":"<!-- This site is optimized with the Yoast SEO plugin v25.2 - https:\/\/yoast.com\/wordpress\/plugins\/seo\/ -->\n<title>Rep\u00fablica Dominicana entre los pa\u00edses de la regi\u00f3n m\u00e1s vulnerables al impacto econ\u00f3mico global de la guerra | CREES<\/title>\n<meta name=\"robots\" content=\"index, follow, max-snippet:-1, max-image-preview:large, max-video-preview:-1\" \/>\n<link rel=\"canonical\" href=\"https:\/\/crees.org.do\/?p=23317\" \/>\n<meta property=\"og:locale\" content=\"es_ES\" \/>\n<meta property=\"og:type\" content=\"article\" \/>\n<meta property=\"og:title\" content=\"Rep\u00fablica Dominicana entre los pa\u00edses de la regi\u00f3n m\u00e1s vulnerables al impacto econ\u00f3mico global de la guerra | CREES\" \/>\n<meta property=\"og:description\" content=\"Am\u00e9rica Latina y la guerra en Ucrania: qui\u00e9nes son los m\u00e1s y los menos vulnerables Con el fin de analizar c\u00f3mo se encuentran las econom\u00edas de Am\u00e9rica Latina en comparaci\u00f3n con los niveles previos a la guerra entre Rusia y Ucrania, la Unidad de Inteligencia de The Economist ha realizado este mapa de calor que...\" \/>\n<meta property=\"og:url\" content=\"https:\/\/crees.org.do\/?p=23317\" \/>\n<meta property=\"og:site_name\" content=\"CREES\" \/>\n<meta property=\"article:publisher\" content=\"https:\/\/www.facebook.com\/CREESRD\/\" \/>\n<meta property=\"article:published_time\" content=\"2022-05-17T16:40:59+00:00\" \/>\n<meta property=\"og:image\" content=\"https:\/\/crees.org.do\/wp-content\/uploads\/2022\/05\/Slide-1-copy-1-6.png\" \/>\n\t<meta property=\"og:image:width\" content=\"1080\" \/>\n\t<meta property=\"og:image:height\" content=\"1080\" \/>\n\t<meta property=\"og:image:type\" content=\"image\/png\" \/>\n<meta name=\"author\" content=\"Crees\" \/>\n<meta name=\"twitter:card\" content=\"summary_large_image\" \/>\n<meta name=\"twitter:creator\" content=\"@CREESRD\" \/>\n<meta name=\"twitter:site\" content=\"@CREESRD\" \/>\n<meta name=\"twitter:label1\" content=\"Escrito por\" \/>\n\t<meta name=\"twitter:data1\" content=\"Crees\" \/>\n\t<meta name=\"twitter:label2\" content=\"Tiempo de lectura\" \/>\n\t<meta name=\"twitter:data2\" content=\"2 minutos\" \/>\n<script type=\"application\/ld+json\" class=\"yoast-schema-graph\">{\"@context\":\"https:\/\/schema.org\",\"@graph\":[{\"@type\":\"Article\",\"@id\":\"https:\/\/crees.org.do\/?p=23317#article\",\"isPartOf\":{\"@id\":\"https:\/\/crees.org.do\/?p=23317\"},\"author\":{\"name\":\"Crees\",\"@id\":\"https:\/\/crees.org.do\/#\/schema\/person\/e7f97cd94d7bf9cd0e0ce30acb7d56b8\"},\"headline\":\"Rep\u00fablica Dominicana entre los pa\u00edses de la regi\u00f3n m\u00e1s vulnerables al impacto econ\u00f3mico global de la guerra\",\"datePublished\":\"2022-05-17T16:40:59+00:00\",\"mainEntityOfPage\":{\"@id\":\"https:\/\/crees.org.do\/?p=23317\"},\"wordCount\":359,\"publisher\":{\"@id\":\"https:\/\/crees.org.do\/#organization\"},\"image\":{\"@id\":\"https:\/\/crees.org.do\/?p=23317#primaryimage\"},\"thumbnailUrl\":\"https:\/\/crees.org.do\/wp-content\/uploads\/2022\/05\/Slide-1-copy-1-6.png\",\"articleSection\":[\"Blog\"],\"inLanguage\":\"es\"},{\"@type\":\"WebPage\",\"@id\":\"https:\/\/crees.org.do\/?p=23317\",\"url\":\"https:\/\/crees.org.do\/?p=23317\",\"name\":\"Rep\u00fablica Dominicana entre los pa\u00edses de la regi\u00f3n m\u00e1s vulnerables al impacto econ\u00f3mico global de la guerra | CREES\",\"isPartOf\":{\"@id\":\"https:\/\/crees.org.do\/#website\"},\"primaryImageOfPage\":{\"@id\":\"https:\/\/crees.org.do\/?p=23317#primaryimage\"},\"image\":{\"@id\":\"https:\/\/crees.org.do\/?p=23317#primaryimage\"},\"thumbnailUrl\":\"https:\/\/crees.org.do\/wp-content\/uploads\/2022\/05\/Slide-1-copy-1-6.png\",\"datePublished\":\"2022-05-17T16:40:59+00:00\",\"breadcrumb\":{\"@id\":\"https:\/\/crees.org.do\/?p=23317#breadcrumb\"},\"inLanguage\":\"es\",\"potentialAction\":[{\"@type\":\"ReadAction\",\"target\":[\"https:\/\/crees.org.do\/?p=23317\"]}]},{\"@type\":\"ImageObject\",\"inLanguage\":\"es\",\"@id\":\"https:\/\/crees.org.do\/?p=23317#primaryimage\",\"url\":\"https:\/\/crees.org.do\/wp-content\/uploads\/2022\/05\/Slide-1-copy-1-6.png\",\"contentUrl\":\"https:\/\/crees.org.do\/wp-content\/uploads\/2022\/05\/Slide-1-copy-1-6.png\",\"width\":1080,\"height\":1080},{\"@type\":\"BreadcrumbList\",\"@id\":\"https:\/\/crees.org.do\/?p=23317#breadcrumb\",\"itemListElement\":[{\"@type\":\"ListItem\",\"position\":1,\"name\":\"Portada\",\"item\":\"https:\/\/crees.org.do\/\"},{\"@type\":\"ListItem\",\"position\":2,\"name\":\"Rep\u00fablica Dominicana entre los pa\u00edses de la regi\u00f3n m\u00e1s vulnerables al impacto econ\u00f3mico global de la guerra\"}]},{\"@type\":\"WebSite\",\"@id\":\"https:\/\/crees.org.do\/#website\",\"url\":\"https:\/\/crees.org.do\/\",\"name\":\"CREES\",\"description\":\"Centro Regional de Estrategias Econ\u00f3micas Sostenibles\",\"publisher\":{\"@id\":\"https:\/\/crees.org.do\/#organization\"},\"potentialAction\":[{\"@type\":\"SearchAction\",\"target\":{\"@type\":\"EntryPoint\",\"urlTemplate\":\"https:\/\/crees.org.do\/?s={search_term_string}\"},\"query-input\":{\"@type\":\"PropertyValueSpecification\",\"valueRequired\":true,\"valueName\":\"search_term_string\"}}],\"inLanguage\":\"es\"},{\"@type\":\"Organization\",\"@id\":\"https:\/\/crees.org.do\/#organization\",\"name\":\"CREES | Centro Regional de Estrategias Econ\u00f3micas Sostenibles\",\"url\":\"https:\/\/crees.org.do\/\",\"logo\":{\"@type\":\"ImageObject\",\"inLanguage\":\"es\",\"@id\":\"https:\/\/crees.org.do\/#\/schema\/logo\/image\/\",\"url\":\"https:\/\/crees.org.do\/wp-content\/uploads\/2022\/03\/crees-logo-1.jpg\",\"contentUrl\":\"https:\/\/crees.org.do\/wp-content\/uploads\/2022\/03\/crees-logo-1.jpg\",\"width\":244,\"height\":71,\"caption\":\"CREES | Centro Regional de Estrategias Econ\u00f3micas Sostenibles\"},\"image\":{\"@id\":\"https:\/\/crees.org.do\/#\/schema\/logo\/image\/\"},\"sameAs\":[\"https:\/\/www.facebook.com\/CREESRD\/\",\"https:\/\/x.com\/CREESRD\"]},{\"@type\":\"Person\",\"@id\":\"https:\/\/crees.org.do\/#\/schema\/person\/e7f97cd94d7bf9cd0e0ce30acb7d56b8\",\"name\":\"Crees\",\"image\":{\"@type\":\"ImageObject\",\"inLanguage\":\"es\",\"@id\":\"https:\/\/crees.org.do\/#\/schema\/person\/image\/\",\"url\":\"https:\/\/secure.gravatar.com\/avatar\/390ac8f0be5d9aa046152553e2dd7011b59a512d89c150f5e5f28bb8d9a0b165?s=96&d=mm&r=g\",\"contentUrl\":\"https:\/\/secure.gravatar.com\/avatar\/390ac8f0be5d9aa046152553e2dd7011b59a512d89c150f5e5f28bb8d9a0b165?s=96&d=mm&r=g\",\"caption\":\"Crees\"},\"url\":\"https:\/\/crees.org.do\/?author=2\"}]}<\/script>\n<!-- \/ Yoast SEO plugin. -->","yoast_head_json":{"title":"Rep\u00fablica Dominicana entre los pa\u00edses de la regi\u00f3n m\u00e1s vulnerables al impacto econ\u00f3mico global de la guerra | CREES","robots":{"index":"index","follow":"follow","max-snippet":"max-snippet:-1","max-image-preview":"max-image-preview:large","max-video-preview":"max-video-preview:-1"},"canonical":"https:\/\/crees.org.do\/?p=23317","og_locale":"es_ES","og_type":"article","og_title":"Rep\u00fablica Dominicana entre los pa\u00edses de la regi\u00f3n m\u00e1s vulnerables al impacto econ\u00f3mico global de la guerra | CREES","og_description":"Am\u00e9rica Latina y la guerra en Ucrania: qui\u00e9nes son los m\u00e1s y los menos vulnerables Con el fin de analizar c\u00f3mo se encuentran las econom\u00edas de Am\u00e9rica Latina en comparaci\u00f3n con los niveles previos a la guerra entre Rusia y Ucrania, la Unidad de Inteligencia de The Economist ha realizado este mapa de calor que...","og_url":"https:\/\/crees.org.do\/?p=23317","og_site_name":"CREES","article_publisher":"https:\/\/www.facebook.com\/CREESRD\/","article_published_time":"2022-05-17T16:40:59+00:00","og_image":[{"width":1080,"height":1080,"url":"https:\/\/crees.org.do\/wp-content\/uploads\/2022\/05\/Slide-1-copy-1-6.png","type":"image\/png"}],"author":"Crees","twitter_card":"summary_large_image","twitter_creator":"@CREESRD","twitter_site":"@CREESRD","twitter_misc":{"Escrito por":"Crees","Tiempo de lectura":"2 minutos"},"schema":{"@context":"https:\/\/schema.org","@graph":[{"@type":"Article","@id":"https:\/\/crees.org.do\/?p=23317#article","isPartOf":{"@id":"https:\/\/crees.org.do\/?p=23317"},"author":{"name":"Crees","@id":"https:\/\/crees.org.do\/#\/schema\/person\/e7f97cd94d7bf9cd0e0ce30acb7d56b8"},"headline":"Rep\u00fablica Dominicana entre los pa\u00edses de la regi\u00f3n m\u00e1s vulnerables al impacto econ\u00f3mico global de la guerra","datePublished":"2022-05-17T16:40:59+00:00","mainEntityOfPage":{"@id":"https:\/\/crees.org.do\/?p=23317"},"wordCount":359,"publisher":{"@id":"https:\/\/crees.org.do\/#organization"},"image":{"@id":"https:\/\/crees.org.do\/?p=23317#primaryimage"},"thumbnailUrl":"https:\/\/crees.org.do\/wp-content\/uploads\/2022\/05\/Slide-1-copy-1-6.png","articleSection":["Blog"],"inLanguage":"es"},{"@type":"WebPage","@id":"https:\/\/crees.org.do\/?p=23317","url":"https:\/\/crees.org.do\/?p=23317","name":"Rep\u00fablica Dominicana entre los pa\u00edses de la regi\u00f3n m\u00e1s vulnerables al impacto econ\u00f3mico global de la guerra | CREES","isPartOf":{"@id":"https:\/\/crees.org.do\/#website"},"primaryImageOfPage":{"@id":"https:\/\/crees.org.do\/?p=23317#primaryimage"},"image":{"@id":"https:\/\/crees.org.do\/?p=23317#primaryimage"},"thumbnailUrl":"https:\/\/crees.org.do\/wp-content\/uploads\/2022\/05\/Slide-1-copy-1-6.png","datePublished":"2022-05-17T16:40:59+00:00","breadcrumb":{"@id":"https:\/\/crees.org.do\/?p=23317#breadcrumb"},"inLanguage":"es","potentialAction":[{"@type":"ReadAction","target":["https:\/\/crees.org.do\/?p=23317"]}]},{"@type":"ImageObject","inLanguage":"es","@id":"https:\/\/crees.org.do\/?p=23317#primaryimage","url":"https:\/\/crees.org.do\/wp-content\/uploads\/2022\/05\/Slide-1-copy-1-6.png","contentUrl":"https:\/\/crees.org.do\/wp-content\/uploads\/2022\/05\/Slide-1-copy-1-6.png","width":1080,"height":1080},{"@type":"BreadcrumbList","@id":"https:\/\/crees.org.do\/?p=23317#breadcrumb","itemListElement":[{"@type":"ListItem","position":1,"name":"Portada","item":"https:\/\/crees.org.do\/"},{"@type":"ListItem","position":2,"name":"Rep\u00fablica Dominicana entre los pa\u00edses de la regi\u00f3n m\u00e1s vulnerables al impacto econ\u00f3mico global de la guerra"}]},{"@type":"WebSite","@id":"https:\/\/crees.org.do\/#website","url":"https:\/\/crees.org.do\/","name":"CREES","description":"Centro Regional de Estrategias Econ\u00f3micas Sostenibles","publisher":{"@id":"https:\/\/crees.org.do\/#organization"},"potentialAction":[{"@type":"SearchAction","target":{"@type":"EntryPoint","urlTemplate":"https:\/\/crees.org.do\/?s={search_term_string}"},"query-input":{"@type":"PropertyValueSpecification","valueRequired":true,"valueName":"search_term_string"}}],"inLanguage":"es"},{"@type":"Organization","@id":"https:\/\/crees.org.do\/#organization","name":"CREES | Centro Regional de Estrategias Econ\u00f3micas Sostenibles","url":"https:\/\/crees.org.do\/","logo":{"@type":"ImageObject","inLanguage":"es","@id":"https:\/\/crees.org.do\/#\/schema\/logo\/image\/","url":"https:\/\/crees.org.do\/wp-content\/uploads\/2022\/03\/crees-logo-1.jpg","contentUrl":"https:\/\/crees.org.do\/wp-content\/uploads\/2022\/03\/crees-logo-1.jpg","width":244,"height":71,"caption":"CREES | Centro Regional de Estrategias Econ\u00f3micas Sostenibles"},"image":{"@id":"https:\/\/crees.org.do\/#\/schema\/logo\/image\/"},"sameAs":["https:\/\/www.facebook.com\/CREESRD\/","https:\/\/x.com\/CREESRD"]},{"@type":"Person","@id":"https:\/\/crees.org.do\/#\/schema\/person\/e7f97cd94d7bf9cd0e0ce30acb7d56b8","name":"Crees","image":{"@type":"ImageObject","inLanguage":"es","@id":"https:\/\/crees.org.do\/#\/schema\/person\/image\/","url":"https:\/\/secure.gravatar.com\/avatar\/390ac8f0be5d9aa046152553e2dd7011b59a512d89c150f5e5f28bb8d9a0b165?s=96&d=mm&r=g","contentUrl":"https:\/\/secure.gravatar.com\/avatar\/390ac8f0be5d9aa046152553e2dd7011b59a512d89c150f5e5f28bb8d9a0b165?s=96&d=mm&r=g","caption":"Crees"},"url":"https:\/\/crees.org.do\/?author=2"}]}},"_links":{"self":[{"href":"https:\/\/crees.org.do\/index.php?rest_route=\/wp\/v2\/posts\/23317","targetHints":{"allow":["GET"]}}],"collection":[{"href":"https:\/\/crees.org.do\/index.php?rest_route=\/wp\/v2\/posts"}],"about":[{"href":"https:\/\/crees.org.do\/index.php?rest_route=\/wp\/v2\/types\/post"}],"author":[{"embeddable":true,"href":"https:\/\/crees.org.do\/index.php?rest_route=\/wp\/v2\/users\/2"}],"replies":[{"embeddable":true,"href":"https:\/\/crees.org.do\/index.php?rest_route=%2Fwp%2Fv2%2Fcomments&post=23317"}],"version-history":[{"count":1,"href":"https:\/\/crees.org.do\/index.php?rest_route=\/wp\/v2\/posts\/23317\/revisions"}],"predecessor-version":[{"id":23319,"href":"https:\/\/crees.org.do\/index.php?rest_route=\/wp\/v2\/posts\/23317\/revisions\/23319"}],"wp:featuredmedia":[{"embeddable":true,"href":"https:\/\/crees.org.do\/index.php?rest_route=\/wp\/v2\/media\/23318"}],"wp:attachment":[{"href":"https:\/\/crees.org.do\/index.php?rest_route=%2Fwp%2Fv2%2Fmedia&parent=23317"}],"wp:term":[{"taxonomy":"category","embeddable":true,"href":"https:\/\/crees.org.do\/index.php?rest_route=%2Fwp%2Fv2%2Fcategories&post=23317"},{"taxonomy":"post_tag","embeddable":true,"href":"https:\/\/crees.org.do\/index.php?rest_route=%2Fwp%2Fv2%2Ftags&post=23317"}],"curies":[{"name":"wp","href":"https:\/\/api.w.org\/{rel}","templated":true}]}}