{"id":23323,"date":"2022-05-18T19:54:02","date_gmt":"2022-05-18T19:54:02","guid":{"rendered":"https:\/\/crees.org.do\/?p=23323"},"modified":"2022-05-18T19:54:02","modified_gmt":"2022-05-18T19:54:02","slug":"cartera-de-inversion-de-las-cuentas-de-capitalizacion-individual-cci-en-las-afp-en-la-republica-dominicana-al-31-de-marzo-de-2022","status":"publish","type":"post","link":"https:\/\/crees.org.do\/?p=23323","title":{"rendered":"Cartera de Inversi\u00f3n de las Cuentas de Capitalizaci\u00f3n Individual (CCI)  en las AFP en la Rep\u00fablica Dominicana al 31 de marzo de 2022"},"content":{"rendered":"<p><img fetchpriority=\"high\" decoding=\"async\" class=\"aligncenter  wp-image-23324\" src=\"https:\/\/crees.org.do\/wp-content\/uploads\/2022\/05\/Slide-1-copy-1-8.png\" alt=\"\" width=\"886\" height=\"886\" srcset=\"https:\/\/crees.org.do\/wp-content\/uploads\/2022\/05\/Slide-1-copy-1-8.png 1080w, https:\/\/crees.org.do\/wp-content\/uploads\/2022\/05\/Slide-1-copy-1-8-450x450.png 450w, https:\/\/crees.org.do\/wp-content\/uploads\/2022\/05\/Slide-1-copy-1-8-150x150.png 150w, https:\/\/crees.org.do\/wp-content\/uploads\/2022\/05\/Slide-1-copy-1-8-768x768.png 768w, https:\/\/crees.org.do\/wp-content\/uploads\/2022\/05\/Slide-1-copy-1-8-500x500.png 500w, https:\/\/crees.org.do\/wp-content\/uploads\/2022\/05\/Slide-1-copy-1-8-300x300.png 300w, https:\/\/crees.org.do\/wp-content\/uploads\/2022\/05\/Slide-1-copy-1-8-600x600.png 600w, https:\/\/crees.org.do\/wp-content\/uploads\/2022\/05\/Slide-1-copy-1-8-100x100.png 100w\" sizes=\"(max-width: 886px) 100vw, 886px\" \/><\/p>\n<p style=\"text-align: justify;\">De la manera en que funciona el sistema de CCI es que las AFP invierten los ahorros de los trabajadores y estas inversiones generan una rentabilidad que se va acumulando en la cuenta de cada trabajador en adici\u00f3n a los aportes (propios y del empleador). Desde el CREES se ha se\u00f1alado en varias ocasiones como los fondos del sistema de pensiones no est\u00e1n siendo empleados para financiar proyectos productivos. Al 31 de marzo del 2022, un 51.9% de los ahorros de los trabajadores est\u00e1 invertido en t\u00edtulos del Ministerio de Hacienda y un 26.3% del Banco Central de la Rep\u00fablica Dominicana (BCRD). Es decir, el 78.2% de los fondos de pensiones se han convertido en recursos para financiar los d\u00e9ficits fiscales y cuasi-fiscales.<\/p>\n<p style=\"text-align: justify;\">La alta concentraci\u00f3n de los fondos en t\u00edtulos del Estado limita el efecto que pudieran tener la inversi\u00f3n de los fondos en la econom\u00eda dominicana, debido a que solo uno peque\u00f1a parte esta siendo utilizada para financiar emprendimientos privados que, contribuyen a la generaci\u00f3n de empleos formales y aportan al crecimiento del pa\u00eds.<\/p>\n<p style=\"text-align: justify;\">Es preciso mencionar que la poca diversificaci\u00f3n de inversi\u00f3n de los fondos de las CCI, en parte, se debe a la baja disponibilidad de instrumentos en el mercado interno y la legislaci\u00f3n actual, que limita invertir en el exterior.<\/p>\n<div class=\"pvc_clear\"><\/div>\n<p class=\"pvc_stats all \" data-element-id=\"23323\" style=\"\"><i class=\"pvc-stats-icon medium\" aria-hidden=\"true\"><svg aria-hidden=\"true\" focusable=\"false\" data-prefix=\"far\" data-icon=\"chart-bar\" role=\"img\" xmlns=\"http:\/\/www.w3.org\/2000\/svg\" viewBox=\"0 0 512 512\" class=\"svg-inline--fa fa-chart-bar fa-w-16 fa-2x\"><path fill=\"currentColor\" d=\"M396.8 352h22.4c6.4 0 12.8-6.4 12.8-12.8V108.8c0-6.4-6.4-12.8-12.8-12.8h-22.4c-6.4 0-12.8 6.4-12.8 12.8v230.4c0 6.4 6.4 12.8 12.8 12.8zm-192 0h22.4c6.4 0 12.8-6.4 12.8-12.8V140.8c0-6.4-6.4-12.8-12.8-12.8h-22.4c-6.4 0-12.8 6.4-12.8 12.8v198.4c0 6.4 6.4 12.8 12.8 12.8zm96 0h22.4c6.4 0 12.8-6.4 12.8-12.8V204.8c0-6.4-6.4-12.8-12.8-12.8h-22.4c-6.4 0-12.8 6.4-12.8 12.8v134.4c0 6.4 6.4 12.8 12.8 12.8zM496 400H48V80c0-8.84-7.16-16-16-16H16C7.16 64 0 71.16 0 80v336c0 17.67 14.33 32 32 32h464c8.84 0 16-7.16 16-16v-16c0-8.84-7.16-16-16-16zm-387.2-48h22.4c6.4 0 12.8-6.4 12.8-12.8v-70.4c0-6.4-6.4-12.8-12.8-12.8h-22.4c-6.4 0-12.8 6.4-12.8 12.8v70.4c0 6.4 6.4 12.8 12.8 12.8z\" class=\"\"><\/path><\/svg><\/i> Vistas Totales&nbsp;1,174&nbsp;, Vistas Hoy&nbsp;2&nbsp;<\/p>\n<div class=\"pvc_clear\"><\/div>\n","protected":false},"excerpt":{"rendered":"<p>De la manera en que funciona el sistema de CCI es que las AFP invierten los ahorros de los trabajadores y estas inversiones generan una rentabilidad que se va acumulando en la cuenta de cada trabajador en adici\u00f3n a los aportes (propios y del empleador). Desde el CREES se ha se\u00f1alado en varias ocasiones como&#8230;<\/p>\n<div class=\"pvc_clear\"><\/div>\n<p class=\"pvc_stats all \" data-element-id=\"23323\" style=\"\"><i class=\"pvc-stats-icon medium\" aria-hidden=\"true\"><svg aria-hidden=\"true\" focusable=\"false\" data-prefix=\"far\" data-icon=\"chart-bar\" role=\"img\" xmlns=\"http:\/\/www.w3.org\/2000\/svg\" viewBox=\"0 0 512 512\" class=\"svg-inline--fa fa-chart-bar fa-w-16 fa-2x\"><path fill=\"currentColor\" d=\"M396.8 352h22.4c6.4 0 12.8-6.4 12.8-12.8V108.8c0-6.4-6.4-12.8-12.8-12.8h-22.4c-6.4 0-12.8 6.4-12.8 12.8v230.4c0 6.4 6.4 12.8 12.8 12.8zm-192 0h22.4c6.4 0 12.8-6.4 12.8-12.8V140.8c0-6.4-6.4-12.8-12.8-12.8h-22.4c-6.4 0-12.8 6.4-12.8 12.8v198.4c0 6.4 6.4 12.8 12.8 12.8zm96 0h22.4c6.4 0 12.8-6.4 12.8-12.8V204.8c0-6.4-6.4-12.8-12.8-12.8h-22.4c-6.4 0-12.8 6.4-12.8 12.8v134.4c0 6.4 6.4 12.8 12.8 12.8zM496 400H48V80c0-8.84-7.16-16-16-16H16C7.16 64 0 71.16 0 80v336c0 17.67 14.33 32 32 32h464c8.84 0 16-7.16 16-16v-16c0-8.84-7.16-16-16-16zm-387.2-48h22.4c6.4 0 12.8-6.4 12.8-12.8v-70.4c0-6.4-6.4-12.8-12.8-12.8h-22.4c-6.4 0-12.8 6.4-12.8 12.8v70.4c0 6.4 6.4 12.8 12.8 12.8z\" class=\"\"><\/path><\/svg><\/i> Vistas Totales&nbsp;1,174&nbsp;, Vistas Hoy&nbsp;2&nbsp;<\/p>\n<div class=\"pvc_clear\"><\/div>\n","protected":false},"author":2,"featured_media":23324,"comment_status":"closed","ping_status":"closed","sticky":false,"template":"","format":"standard","meta":{"footnotes":""},"categories":[21],"tags":[],"class_list":["post-23323","post","type-post","status-publish","format-standard","has-post-thumbnail","hentry","category-blog"],"yoast_head":"<!-- This site is optimized with the Yoast SEO plugin v25.2 - https:\/\/yoast.com\/wordpress\/plugins\/seo\/ -->\n<title>Cartera de Inversi\u00f3n de las Cuentas de Capitalizaci\u00f3n Individual (CCI) en las AFP en la Rep\u00fablica Dominicana al 31 de marzo de 2022 | CREES<\/title>\n<meta name=\"robots\" content=\"index, follow, max-snippet:-1, max-image-preview:large, max-video-preview:-1\" \/>\n<link rel=\"canonical\" href=\"https:\/\/crees.org.do\/?p=23323\" \/>\n<meta property=\"og:locale\" content=\"es_ES\" \/>\n<meta property=\"og:type\" content=\"article\" \/>\n<meta property=\"og:title\" content=\"Cartera de Inversi\u00f3n de las Cuentas de Capitalizaci\u00f3n Individual (CCI) en las AFP en la Rep\u00fablica Dominicana al 31 de marzo de 2022 | CREES\" \/>\n<meta property=\"og:description\" content=\"De la manera en que funciona el sistema de CCI es que las AFP invierten los ahorros de los trabajadores y estas inversiones generan una rentabilidad que se va acumulando en la cuenta de cada trabajador en adici\u00f3n a los aportes (propios y del empleador). Desde el CREES se ha se\u00f1alado en varias ocasiones como...\" \/>\n<meta property=\"og:url\" content=\"https:\/\/crees.org.do\/?p=23323\" \/>\n<meta property=\"og:site_name\" content=\"CREES\" \/>\n<meta property=\"article:publisher\" content=\"https:\/\/www.facebook.com\/CREESRD\/\" \/>\n<meta property=\"article:published_time\" content=\"2022-05-18T19:54:02+00:00\" \/>\n<meta property=\"og:image\" content=\"https:\/\/crees.org.do\/wp-content\/uploads\/2022\/05\/Slide-1-copy-1-8.png\" \/>\n\t<meta property=\"og:image:width\" content=\"1080\" \/>\n\t<meta property=\"og:image:height\" content=\"1080\" \/>\n\t<meta property=\"og:image:type\" content=\"image\/png\" \/>\n<meta name=\"author\" content=\"Crees\" \/>\n<meta name=\"twitter:card\" content=\"summary_large_image\" \/>\n<meta name=\"twitter:creator\" content=\"@CREESRD\" \/>\n<meta name=\"twitter:site\" content=\"@CREESRD\" \/>\n<meta name=\"twitter:label1\" content=\"Escrito por\" \/>\n\t<meta name=\"twitter:data1\" content=\"Crees\" \/>\n\t<meta name=\"twitter:label2\" content=\"Tiempo de lectura\" \/>\n\t<meta name=\"twitter:data2\" content=\"2 minutos\" \/>\n<script type=\"application\/ld+json\" class=\"yoast-schema-graph\">{\"@context\":\"https:\/\/schema.org\",\"@graph\":[{\"@type\":\"Article\",\"@id\":\"https:\/\/crees.org.do\/?p=23323#article\",\"isPartOf\":{\"@id\":\"https:\/\/crees.org.do\/?p=23323\"},\"author\":{\"name\":\"Crees\",\"@id\":\"https:\/\/crees.org.do\/#\/schema\/person\/e7f97cd94d7bf9cd0e0ce30acb7d56b8\"},\"headline\":\"Cartera de Inversi\u00f3n de las Cuentas de Capitalizaci\u00f3n Individual (CCI) en las AFP en la Rep\u00fablica Dominicana al 31 de marzo de 2022\",\"datePublished\":\"2022-05-18T19:54:02+00:00\",\"mainEntityOfPage\":{\"@id\":\"https:\/\/crees.org.do\/?p=23323\"},\"wordCount\":250,\"publisher\":{\"@id\":\"https:\/\/crees.org.do\/#organization\"},\"image\":{\"@id\":\"https:\/\/crees.org.do\/?p=23323#primaryimage\"},\"thumbnailUrl\":\"https:\/\/crees.org.do\/wp-content\/uploads\/2022\/05\/Slide-1-copy-1-8.png\",\"articleSection\":[\"Blog\"],\"inLanguage\":\"es\"},{\"@type\":\"WebPage\",\"@id\":\"https:\/\/crees.org.do\/?p=23323\",\"url\":\"https:\/\/crees.org.do\/?p=23323\",\"name\":\"Cartera de Inversi\u00f3n de las Cuentas de Capitalizaci\u00f3n Individual (CCI) en las AFP en la Rep\u00fablica Dominicana al 31 de marzo de 2022 | CREES\",\"isPartOf\":{\"@id\":\"https:\/\/crees.org.do\/#website\"},\"primaryImageOfPage\":{\"@id\":\"https:\/\/crees.org.do\/?p=23323#primaryimage\"},\"image\":{\"@id\":\"https:\/\/crees.org.do\/?p=23323#primaryimage\"},\"thumbnailUrl\":\"https:\/\/crees.org.do\/wp-content\/uploads\/2022\/05\/Slide-1-copy-1-8.png\",\"datePublished\":\"2022-05-18T19:54:02+00:00\",\"breadcrumb\":{\"@id\":\"https:\/\/crees.org.do\/?p=23323#breadcrumb\"},\"inLanguage\":\"es\",\"potentialAction\":[{\"@type\":\"ReadAction\",\"target\":[\"https:\/\/crees.org.do\/?p=23323\"]}]},{\"@type\":\"ImageObject\",\"inLanguage\":\"es\",\"@id\":\"https:\/\/crees.org.do\/?p=23323#primaryimage\",\"url\":\"https:\/\/crees.org.do\/wp-content\/uploads\/2022\/05\/Slide-1-copy-1-8.png\",\"contentUrl\":\"https:\/\/crees.org.do\/wp-content\/uploads\/2022\/05\/Slide-1-copy-1-8.png\",\"width\":1080,\"height\":1080},{\"@type\":\"BreadcrumbList\",\"@id\":\"https:\/\/crees.org.do\/?p=23323#breadcrumb\",\"itemListElement\":[{\"@type\":\"ListItem\",\"position\":1,\"name\":\"Portada\",\"item\":\"https:\/\/crees.org.do\/\"},{\"@type\":\"ListItem\",\"position\":2,\"name\":\"Cartera de Inversi\u00f3n de las Cuentas de Capitalizaci\u00f3n Individual (CCI) en las AFP en la Rep\u00fablica Dominicana al 31 de marzo de 2022\"}]},{\"@type\":\"WebSite\",\"@id\":\"https:\/\/crees.org.do\/#website\",\"url\":\"https:\/\/crees.org.do\/\",\"name\":\"CREES\",\"description\":\"Centro Regional de Estrategias Econ\u00f3micas Sostenibles\",\"publisher\":{\"@id\":\"https:\/\/crees.org.do\/#organization\"},\"potentialAction\":[{\"@type\":\"SearchAction\",\"target\":{\"@type\":\"EntryPoint\",\"urlTemplate\":\"https:\/\/crees.org.do\/?s={search_term_string}\"},\"query-input\":{\"@type\":\"PropertyValueSpecification\",\"valueRequired\":true,\"valueName\":\"search_term_string\"}}],\"inLanguage\":\"es\"},{\"@type\":\"Organization\",\"@id\":\"https:\/\/crees.org.do\/#organization\",\"name\":\"CREES | Centro Regional de Estrategias Econ\u00f3micas Sostenibles\",\"url\":\"https:\/\/crees.org.do\/\",\"logo\":{\"@type\":\"ImageObject\",\"inLanguage\":\"es\",\"@id\":\"https:\/\/crees.org.do\/#\/schema\/logo\/image\/\",\"url\":\"https:\/\/crees.org.do\/wp-content\/uploads\/2022\/03\/crees-logo-1.jpg\",\"contentUrl\":\"https:\/\/crees.org.do\/wp-content\/uploads\/2022\/03\/crees-logo-1.jpg\",\"width\":244,\"height\":71,\"caption\":\"CREES | Centro Regional de Estrategias Econ\u00f3micas Sostenibles\"},\"image\":{\"@id\":\"https:\/\/crees.org.do\/#\/schema\/logo\/image\/\"},\"sameAs\":[\"https:\/\/www.facebook.com\/CREESRD\/\",\"https:\/\/x.com\/CREESRD\"]},{\"@type\":\"Person\",\"@id\":\"https:\/\/crees.org.do\/#\/schema\/person\/e7f97cd94d7bf9cd0e0ce30acb7d56b8\",\"name\":\"Crees\",\"image\":{\"@type\":\"ImageObject\",\"inLanguage\":\"es\",\"@id\":\"https:\/\/crees.org.do\/#\/schema\/person\/image\/\",\"url\":\"https:\/\/secure.gravatar.com\/avatar\/390ac8f0be5d9aa046152553e2dd7011b59a512d89c150f5e5f28bb8d9a0b165?s=96&d=mm&r=g\",\"contentUrl\":\"https:\/\/secure.gravatar.com\/avatar\/390ac8f0be5d9aa046152553e2dd7011b59a512d89c150f5e5f28bb8d9a0b165?s=96&d=mm&r=g\",\"caption\":\"Crees\"},\"url\":\"https:\/\/crees.org.do\/?author=2\"}]}<\/script>\n<!-- \/ Yoast SEO plugin. -->","yoast_head_json":{"title":"Cartera de Inversi\u00f3n de las Cuentas de Capitalizaci\u00f3n Individual (CCI) en las AFP en la Rep\u00fablica Dominicana al 31 de marzo de 2022 | CREES","robots":{"index":"index","follow":"follow","max-snippet":"max-snippet:-1","max-image-preview":"max-image-preview:large","max-video-preview":"max-video-preview:-1"},"canonical":"https:\/\/crees.org.do\/?p=23323","og_locale":"es_ES","og_type":"article","og_title":"Cartera de Inversi\u00f3n de las Cuentas de Capitalizaci\u00f3n Individual (CCI) en las AFP en la Rep\u00fablica Dominicana al 31 de marzo de 2022 | CREES","og_description":"De la manera en que funciona el sistema de CCI es que las AFP invierten los ahorros de los trabajadores y estas inversiones generan una rentabilidad que se va acumulando en la cuenta de cada trabajador en adici\u00f3n a los aportes (propios y del empleador). Desde el CREES se ha se\u00f1alado en varias ocasiones como...","og_url":"https:\/\/crees.org.do\/?p=23323","og_site_name":"CREES","article_publisher":"https:\/\/www.facebook.com\/CREESRD\/","article_published_time":"2022-05-18T19:54:02+00:00","og_image":[{"width":1080,"height":1080,"url":"https:\/\/crees.org.do\/wp-content\/uploads\/2022\/05\/Slide-1-copy-1-8.png","type":"image\/png"}],"author":"Crees","twitter_card":"summary_large_image","twitter_creator":"@CREESRD","twitter_site":"@CREESRD","twitter_misc":{"Escrito por":"Crees","Tiempo de lectura":"2 minutos"},"schema":{"@context":"https:\/\/schema.org","@graph":[{"@type":"Article","@id":"https:\/\/crees.org.do\/?p=23323#article","isPartOf":{"@id":"https:\/\/crees.org.do\/?p=23323"},"author":{"name":"Crees","@id":"https:\/\/crees.org.do\/#\/schema\/person\/e7f97cd94d7bf9cd0e0ce30acb7d56b8"},"headline":"Cartera de Inversi\u00f3n de las Cuentas de Capitalizaci\u00f3n Individual (CCI) en las AFP en la Rep\u00fablica Dominicana al 31 de marzo de 2022","datePublished":"2022-05-18T19:54:02+00:00","mainEntityOfPage":{"@id":"https:\/\/crees.org.do\/?p=23323"},"wordCount":250,"publisher":{"@id":"https:\/\/crees.org.do\/#organization"},"image":{"@id":"https:\/\/crees.org.do\/?p=23323#primaryimage"},"thumbnailUrl":"https:\/\/crees.org.do\/wp-content\/uploads\/2022\/05\/Slide-1-copy-1-8.png","articleSection":["Blog"],"inLanguage":"es"},{"@type":"WebPage","@id":"https:\/\/crees.org.do\/?p=23323","url":"https:\/\/crees.org.do\/?p=23323","name":"Cartera de Inversi\u00f3n de las Cuentas de Capitalizaci\u00f3n Individual (CCI) en las AFP en la Rep\u00fablica Dominicana al 31 de marzo de 2022 | CREES","isPartOf":{"@id":"https:\/\/crees.org.do\/#website"},"primaryImageOfPage":{"@id":"https:\/\/crees.org.do\/?p=23323#primaryimage"},"image":{"@id":"https:\/\/crees.org.do\/?p=23323#primaryimage"},"thumbnailUrl":"https:\/\/crees.org.do\/wp-content\/uploads\/2022\/05\/Slide-1-copy-1-8.png","datePublished":"2022-05-18T19:54:02+00:00","breadcrumb":{"@id":"https:\/\/crees.org.do\/?p=23323#breadcrumb"},"inLanguage":"es","potentialAction":[{"@type":"ReadAction","target":["https:\/\/crees.org.do\/?p=23323"]}]},{"@type":"ImageObject","inLanguage":"es","@id":"https:\/\/crees.org.do\/?p=23323#primaryimage","url":"https:\/\/crees.org.do\/wp-content\/uploads\/2022\/05\/Slide-1-copy-1-8.png","contentUrl":"https:\/\/crees.org.do\/wp-content\/uploads\/2022\/05\/Slide-1-copy-1-8.png","width":1080,"height":1080},{"@type":"BreadcrumbList","@id":"https:\/\/crees.org.do\/?p=23323#breadcrumb","itemListElement":[{"@type":"ListItem","position":1,"name":"Portada","item":"https:\/\/crees.org.do\/"},{"@type":"ListItem","position":2,"name":"Cartera de Inversi\u00f3n de las Cuentas de Capitalizaci\u00f3n Individual (CCI) en las AFP en la Rep\u00fablica Dominicana al 31 de marzo de 2022"}]},{"@type":"WebSite","@id":"https:\/\/crees.org.do\/#website","url":"https:\/\/crees.org.do\/","name":"CREES","description":"Centro Regional de Estrategias Econ\u00f3micas Sostenibles","publisher":{"@id":"https:\/\/crees.org.do\/#organization"},"potentialAction":[{"@type":"SearchAction","target":{"@type":"EntryPoint","urlTemplate":"https:\/\/crees.org.do\/?s={search_term_string}"},"query-input":{"@type":"PropertyValueSpecification","valueRequired":true,"valueName":"search_term_string"}}],"inLanguage":"es"},{"@type":"Organization","@id":"https:\/\/crees.org.do\/#organization","name":"CREES | Centro Regional de Estrategias Econ\u00f3micas Sostenibles","url":"https:\/\/crees.org.do\/","logo":{"@type":"ImageObject","inLanguage":"es","@id":"https:\/\/crees.org.do\/#\/schema\/logo\/image\/","url":"https:\/\/crees.org.do\/wp-content\/uploads\/2022\/03\/crees-logo-1.jpg","contentUrl":"https:\/\/crees.org.do\/wp-content\/uploads\/2022\/03\/crees-logo-1.jpg","width":244,"height":71,"caption":"CREES | Centro Regional de Estrategias Econ\u00f3micas Sostenibles"},"image":{"@id":"https:\/\/crees.org.do\/#\/schema\/logo\/image\/"},"sameAs":["https:\/\/www.facebook.com\/CREESRD\/","https:\/\/x.com\/CREESRD"]},{"@type":"Person","@id":"https:\/\/crees.org.do\/#\/schema\/person\/e7f97cd94d7bf9cd0e0ce30acb7d56b8","name":"Crees","image":{"@type":"ImageObject","inLanguage":"es","@id":"https:\/\/crees.org.do\/#\/schema\/person\/image\/","url":"https:\/\/secure.gravatar.com\/avatar\/390ac8f0be5d9aa046152553e2dd7011b59a512d89c150f5e5f28bb8d9a0b165?s=96&d=mm&r=g","contentUrl":"https:\/\/secure.gravatar.com\/avatar\/390ac8f0be5d9aa046152553e2dd7011b59a512d89c150f5e5f28bb8d9a0b165?s=96&d=mm&r=g","caption":"Crees"},"url":"https:\/\/crees.org.do\/?author=2"}]}},"_links":{"self":[{"href":"https:\/\/crees.org.do\/index.php?rest_route=\/wp\/v2\/posts\/23323","targetHints":{"allow":["GET"]}}],"collection":[{"href":"https:\/\/crees.org.do\/index.php?rest_route=\/wp\/v2\/posts"}],"about":[{"href":"https:\/\/crees.org.do\/index.php?rest_route=\/wp\/v2\/types\/post"}],"author":[{"embeddable":true,"href":"https:\/\/crees.org.do\/index.php?rest_route=\/wp\/v2\/users\/2"}],"replies":[{"embeddable":true,"href":"https:\/\/crees.org.do\/index.php?rest_route=%2Fwp%2Fv2%2Fcomments&post=23323"}],"version-history":[{"count":1,"href":"https:\/\/crees.org.do\/index.php?rest_route=\/wp\/v2\/posts\/23323\/revisions"}],"predecessor-version":[{"id":23325,"href":"https:\/\/crees.org.do\/index.php?rest_route=\/wp\/v2\/posts\/23323\/revisions\/23325"}],"wp:featuredmedia":[{"embeddable":true,"href":"https:\/\/crees.org.do\/index.php?rest_route=\/wp\/v2\/media\/23324"}],"wp:attachment":[{"href":"https:\/\/crees.org.do\/index.php?rest_route=%2Fwp%2Fv2%2Fmedia&parent=23323"}],"wp:term":[{"taxonomy":"category","embeddable":true,"href":"https:\/\/crees.org.do\/index.php?rest_route=%2Fwp%2Fv2%2Fcategories&post=23323"},{"taxonomy":"post_tag","embeddable":true,"href":"https:\/\/crees.org.do\/index.php?rest_route=%2Fwp%2Fv2%2Ftags&post=23323"}],"curies":[{"name":"wp","href":"https:\/\/api.w.org\/{rel}","templated":true}]}}