{"id":23336,"date":"2022-05-17T13:21:36","date_gmt":"2022-05-17T13:21:36","guid":{"rendered":"https:\/\/crees.org.do\/?p=23336"},"modified":"2022-05-24T13:21:54","modified_gmt":"2022-05-24T13:21:54","slug":"cress-contra-sistema-reparto-de-pensiones","status":"publish","type":"post","link":"https:\/\/crees.org.do\/?p=23336","title":{"rendered":"CRESS contra sistema reparto de pensiones"},"content":{"rendered":"<p style=\"text-align: justify;\">Autor: Ubaldo Guzm\u00e1n Molina<\/p>\n<p style=\"text-align: justify;\">Fecha: 17 de mayo del 2022<\/p>\n<p style=\"text-align: justify;\">Extra\u00eddo de: <a href=\"https:\/\/hoy.com.do\/cress-contra-sistema-reparto-de-pensiones\/\">Peri\u00f3dico Hoy<\/a><\/p>\n<p style=\"text-align: justify;\">No tiene sentido econ\u00f3mico ni social legislar para establecer un sistema de reparto de las pensiones que no funcionar\u00e1 y, por tanto, ser\u00eda necesario modificar en poco tiempo, afirm\u00f3 el economista\u00a0<strong>Miguel Collado.<\/strong><\/p>\n<p style=\"text-align: justify;\">El vicepresidente ejecutivo del\u00a0<strong>Centro Regional de Estrategias Econ\u00f3micas Sostenibles (CREES)<\/strong>\u00a0explic\u00f3 que un sistema de reparto, el dinero que cotizan los trabajadores activos se destina a cubrir las pensiones de los jubilados y no se capitaliza en\u00a0<strong>una cuenta individual<\/strong>, como sucede en la actualidad.<\/p>\n<p style=\"text-align: justify;\">La experiencia internacional demuestra que, por su naturaleza, los sistemas de reparto no son sostenibles, debido a que cada vez hay m\u00e1s jubilados y menos trabajadores activos que puedan contribuir\u00a0<strong>para las pensiones de los primeros.<\/strong><\/p>\n<p style=\"text-align: justify;\"><strong>Puede leer:\u00a0<a href=\"https:\/\/hoy.com.do\/fipetur-define-a-rd-referente-mundial-en-la-gestion-del-turismo-en-tiempos-de-crisis\/\">Fipetur define a RD referente mundial en la gesti\u00f3n del turismo en tiempos de crisis<\/a><\/strong><\/p>\n<p style=\"text-align: justify;\">Los esfuerzos actuales deben ir dirigidos a perfeccionar lo establecido en la\u00a0<strong>Ley 87-01\u00a0<\/strong>y a realizar reformas estructurales para eliminar distorsiones que impiden el desarrollo de las pensiones en el pa\u00eds.<\/p>\n<p style=\"text-align: justify;\">Cree que los tomadores de decisiones desde el Congreso y el Poder Ejecutivo tienen la oportunidad, desde el punto de vista de pol\u00edticas p\u00fablicas, de garantizar\u00a0<strong>mejores pensiones<\/strong>\u00a0mediante una profundizaci\u00f3n de la\u00a0<strong>reforma del a\u00f1o 2001<\/strong>, as\u00ed como por medio de otras reformas estructurales que mejoren el clima de inversi\u00f3n, la productividad y la competitividad en el pa\u00eds.<\/p>\n<p style=\"text-align: justify;\"><strong>Leer tambi\u00e9n:\u00a0<a href=\"https:\/\/hoy.com.do\/empresario-destaca-ventajas-de-adquirir-una-propiedad\/\">Empresario destaca ventajas de adquirir una propiedad<\/a><\/strong><\/p>\n<p style=\"text-align: justify;\">Plantea que si en un proyecto de ley se plantea cambiar el\u00a0<strong>sistema de capitalizaci\u00f3n individual<\/strong>\u00a0por uno de reparto, la interrogante obligatoria es c\u00f3mo se financiar\u00e1 cada a\u00f1o.<\/p>\n<p style=\"text-align: justify;\">La informalidad es un reto importante para cualquier sistema de pensiones, sea de reparto o de capitalizaci\u00f3n individual, dijo.<\/p>\n<p style=\"text-align: justify;\">Con niveles elevados de informalidad y de desempleo y subempleo es imposible para un sistema de pensiones garantizar altas tasas de reemplazo en el futuro, sostiene.<\/p>\n<div class=\"pvc_clear\"><\/div>\n<p class=\"pvc_stats all \" data-element-id=\"23336\" style=\"\"><i class=\"pvc-stats-icon medium\" aria-hidden=\"true\"><svg aria-hidden=\"true\" focusable=\"false\" data-prefix=\"far\" data-icon=\"chart-bar\" role=\"img\" xmlns=\"http:\/\/www.w3.org\/2000\/svg\" viewBox=\"0 0 512 512\" class=\"svg-inline--fa fa-chart-bar fa-w-16 fa-2x\"><path fill=\"currentColor\" d=\"M396.8 352h22.4c6.4 0 12.8-6.4 12.8-12.8V108.8c0-6.4-6.4-12.8-12.8-12.8h-22.4c-6.4 0-12.8 6.4-12.8 12.8v230.4c0 6.4 6.4 12.8 12.8 12.8zm-192 0h22.4c6.4 0 12.8-6.4 12.8-12.8V140.8c0-6.4-6.4-12.8-12.8-12.8h-22.4c-6.4 0-12.8 6.4-12.8 12.8v198.4c0 6.4 6.4 12.8 12.8 12.8zm96 0h22.4c6.4 0 12.8-6.4 12.8-12.8V204.8c0-6.4-6.4-12.8-12.8-12.8h-22.4c-6.4 0-12.8 6.4-12.8 12.8v134.4c0 6.4 6.4 12.8 12.8 12.8zM496 400H48V80c0-8.84-7.16-16-16-16H16C7.16 64 0 71.16 0 80v336c0 17.67 14.33 32 32 32h464c8.84 0 16-7.16 16-16v-16c0-8.84-7.16-16-16-16zm-387.2-48h22.4c6.4 0 12.8-6.4 12.8-12.8v-70.4c0-6.4-6.4-12.8-12.8-12.8h-22.4c-6.4 0-12.8 6.4-12.8 12.8v70.4c0 6.4 6.4 12.8 12.8 12.8z\" class=\"\"><\/path><\/svg><\/i> Vistas Totales&nbsp;1,037&nbsp;, Vistas Hoy&nbsp;4&nbsp;<\/p>\n<div class=\"pvc_clear\"><\/div>\n","protected":false},"excerpt":{"rendered":"<p>Autor: Ubaldo Guzm\u00e1n Molina Fecha: 17 de mayo del 2022 Extra\u00eddo de: Peri\u00f3dico Hoy No tiene sentido econ\u00f3mico ni social legislar para establecer un sistema de reparto de las pensiones que no funcionar\u00e1 y, por tanto, ser\u00eda necesario modificar en poco tiempo, afirm\u00f3 el economista\u00a0Miguel Collado. El vicepresidente ejecutivo del\u00a0Centro Regional de Estrategias Econ\u00f3micas Sostenibles&#8230;<\/p>\n<div class=\"pvc_clear\"><\/div>\n<p class=\"pvc_stats all \" data-element-id=\"23336\" style=\"\"><i class=\"pvc-stats-icon medium\" aria-hidden=\"true\"><svg aria-hidden=\"true\" focusable=\"false\" data-prefix=\"far\" data-icon=\"chart-bar\" role=\"img\" xmlns=\"http:\/\/www.w3.org\/2000\/svg\" viewBox=\"0 0 512 512\" class=\"svg-inline--fa fa-chart-bar fa-w-16 fa-2x\"><path fill=\"currentColor\" d=\"M396.8 352h22.4c6.4 0 12.8-6.4 12.8-12.8V108.8c0-6.4-6.4-12.8-12.8-12.8h-22.4c-6.4 0-12.8 6.4-12.8 12.8v230.4c0 6.4 6.4 12.8 12.8 12.8zm-192 0h22.4c6.4 0 12.8-6.4 12.8-12.8V140.8c0-6.4-6.4-12.8-12.8-12.8h-22.4c-6.4 0-12.8 6.4-12.8 12.8v198.4c0 6.4 6.4 12.8 12.8 12.8zm96 0h22.4c6.4 0 12.8-6.4 12.8-12.8V204.8c0-6.4-6.4-12.8-12.8-12.8h-22.4c-6.4 0-12.8 6.4-12.8 12.8v134.4c0 6.4 6.4 12.8 12.8 12.8zM496 400H48V80c0-8.84-7.16-16-16-16H16C7.16 64 0 71.16 0 80v336c0 17.67 14.33 32 32 32h464c8.84 0 16-7.16 16-16v-16c0-8.84-7.16-16-16-16zm-387.2-48h22.4c6.4 0 12.8-6.4 12.8-12.8v-70.4c0-6.4-6.4-12.8-12.8-12.8h-22.4c-6.4 0-12.8 6.4-12.8 12.8v70.4c0 6.4 6.4 12.8 12.8 12.8z\" class=\"\"><\/path><\/svg><\/i> Vistas Totales&nbsp;1,037&nbsp;, Vistas Hoy&nbsp;4&nbsp;<\/p>\n<div class=\"pvc_clear\"><\/div>\n","protected":false},"author":2,"featured_media":23337,"comment_status":"closed","ping_status":"closed","sticky":false,"template":"","format":"standard","meta":{"footnotes":""},"categories":[19],"tags":[],"class_list":["post-23336","post","type-post","status-publish","format-standard","has-post-thumbnail","hentry","category-actualidad"],"yoast_head":"<!-- This site is optimized with the Yoast SEO plugin v25.2 - https:\/\/yoast.com\/wordpress\/plugins\/seo\/ -->\n<title>CRESS contra sistema reparto de pensiones | CREES<\/title>\n<meta name=\"robots\" content=\"index, follow, max-snippet:-1, max-image-preview:large, max-video-preview:-1\" \/>\n<link rel=\"canonical\" href=\"https:\/\/crees.org.do\/?p=23336\" \/>\n<meta property=\"og:locale\" content=\"es_ES\" \/>\n<meta property=\"og:type\" content=\"article\" \/>\n<meta property=\"og:title\" content=\"CRESS contra sistema reparto de pensiones | CREES\" \/>\n<meta property=\"og:description\" content=\"Autor: Ubaldo Guzm\u00e1n Molina Fecha: 17 de mayo del 2022 Extra\u00eddo de: Peri\u00f3dico Hoy No tiene sentido econ\u00f3mico ni social legislar para establecer un sistema de reparto de las pensiones que no funcionar\u00e1 y, por tanto, ser\u00eda necesario modificar en poco tiempo, afirm\u00f3 el economista\u00a0Miguel Collado. El vicepresidente ejecutivo del\u00a0Centro Regional de Estrategias Econ\u00f3micas Sostenibles...\" \/>\n<meta property=\"og:url\" content=\"https:\/\/crees.org.do\/?p=23336\" \/>\n<meta property=\"og:site_name\" content=\"CREES\" \/>\n<meta property=\"article:publisher\" content=\"https:\/\/www.facebook.com\/CREESRD\/\" \/>\n<meta property=\"article:published_time\" content=\"2022-05-17T13:21:36+00:00\" \/>\n<meta property=\"article:modified_time\" content=\"2022-05-24T13:21:54+00:00\" \/>\n<meta property=\"og:image\" content=\"https:\/\/crees.org.do\/wp-content\/uploads\/2022\/05\/17_05_2022-HOY_MARTES_170522_-Economia14-.jpg\" \/>\n\t<meta property=\"og:image:width\" content=\"480\" \/>\n\t<meta property=\"og:image:height\" content=\"338\" \/>\n\t<meta property=\"og:image:type\" content=\"image\/jpeg\" \/>\n<meta name=\"author\" content=\"Crees\" \/>\n<meta name=\"twitter:card\" content=\"summary_large_image\" \/>\n<meta name=\"twitter:creator\" content=\"@CREESRD\" \/>\n<meta name=\"twitter:site\" content=\"@CREESRD\" \/>\n<meta name=\"twitter:label1\" content=\"Escrito por\" \/>\n\t<meta name=\"twitter:data1\" content=\"Crees\" \/>\n\t<meta name=\"twitter:label2\" content=\"Tiempo de lectura\" \/>\n\t<meta name=\"twitter:data2\" content=\"2 minutos\" \/>\n<script type=\"application\/ld+json\" class=\"yoast-schema-graph\">{\"@context\":\"https:\/\/schema.org\",\"@graph\":[{\"@type\":\"Article\",\"@id\":\"https:\/\/crees.org.do\/?p=23336#article\",\"isPartOf\":{\"@id\":\"https:\/\/crees.org.do\/?p=23336\"},\"author\":{\"name\":\"Crees\",\"@id\":\"https:\/\/crees.org.do\/#\/schema\/person\/e7f97cd94d7bf9cd0e0ce30acb7d56b8\"},\"headline\":\"CRESS contra sistema reparto de pensiones\",\"datePublished\":\"2022-05-17T13:21:36+00:00\",\"dateModified\":\"2022-05-24T13:21:54+00:00\",\"mainEntityOfPage\":{\"@id\":\"https:\/\/crees.org.do\/?p=23336\"},\"wordCount\":343,\"publisher\":{\"@id\":\"https:\/\/crees.org.do\/#organization\"},\"image\":{\"@id\":\"https:\/\/crees.org.do\/?p=23336#primaryimage\"},\"thumbnailUrl\":\"https:\/\/crees.org.do\/wp-content\/uploads\/2022\/05\/17_05_2022-HOY_MARTES_170522_-Economia14-.jpg\",\"articleSection\":[\"Actualidad\"],\"inLanguage\":\"es\"},{\"@type\":\"WebPage\",\"@id\":\"https:\/\/crees.org.do\/?p=23336\",\"url\":\"https:\/\/crees.org.do\/?p=23336\",\"name\":\"CRESS contra sistema reparto de pensiones | CREES\",\"isPartOf\":{\"@id\":\"https:\/\/crees.org.do\/#website\"},\"primaryImageOfPage\":{\"@id\":\"https:\/\/crees.org.do\/?p=23336#primaryimage\"},\"image\":{\"@id\":\"https:\/\/crees.org.do\/?p=23336#primaryimage\"},\"thumbnailUrl\":\"https:\/\/crees.org.do\/wp-content\/uploads\/2022\/05\/17_05_2022-HOY_MARTES_170522_-Economia14-.jpg\",\"datePublished\":\"2022-05-17T13:21:36+00:00\",\"dateModified\":\"2022-05-24T13:21:54+00:00\",\"breadcrumb\":{\"@id\":\"https:\/\/crees.org.do\/?p=23336#breadcrumb\"},\"inLanguage\":\"es\",\"potentialAction\":[{\"@type\":\"ReadAction\",\"target\":[\"https:\/\/crees.org.do\/?p=23336\"]}]},{\"@type\":\"ImageObject\",\"inLanguage\":\"es\",\"@id\":\"https:\/\/crees.org.do\/?p=23336#primaryimage\",\"url\":\"https:\/\/crees.org.do\/wp-content\/uploads\/2022\/05\/17_05_2022-HOY_MARTES_170522_-Economia14-.jpg\",\"contentUrl\":\"https:\/\/crees.org.do\/wp-content\/uploads\/2022\/05\/17_05_2022-HOY_MARTES_170522_-Economia14-.jpg\",\"width\":480,\"height\":338},{\"@type\":\"BreadcrumbList\",\"@id\":\"https:\/\/crees.org.do\/?p=23336#breadcrumb\",\"itemListElement\":[{\"@type\":\"ListItem\",\"position\":1,\"name\":\"Portada\",\"item\":\"https:\/\/crees.org.do\/\"},{\"@type\":\"ListItem\",\"position\":2,\"name\":\"CRESS contra sistema reparto de pensiones\"}]},{\"@type\":\"WebSite\",\"@id\":\"https:\/\/crees.org.do\/#website\",\"url\":\"https:\/\/crees.org.do\/\",\"name\":\"CREES\",\"description\":\"Centro Regional de Estrategias Econ\u00f3micas Sostenibles\",\"publisher\":{\"@id\":\"https:\/\/crees.org.do\/#organization\"},\"potentialAction\":[{\"@type\":\"SearchAction\",\"target\":{\"@type\":\"EntryPoint\",\"urlTemplate\":\"https:\/\/crees.org.do\/?s={search_term_string}\"},\"query-input\":{\"@type\":\"PropertyValueSpecification\",\"valueRequired\":true,\"valueName\":\"search_term_string\"}}],\"inLanguage\":\"es\"},{\"@type\":\"Organization\",\"@id\":\"https:\/\/crees.org.do\/#organization\",\"name\":\"CREES | Centro Regional de Estrategias Econ\u00f3micas Sostenibles\",\"url\":\"https:\/\/crees.org.do\/\",\"logo\":{\"@type\":\"ImageObject\",\"inLanguage\":\"es\",\"@id\":\"https:\/\/crees.org.do\/#\/schema\/logo\/image\/\",\"url\":\"https:\/\/crees.org.do\/wp-content\/uploads\/2022\/03\/crees-logo-1.jpg\",\"contentUrl\":\"https:\/\/crees.org.do\/wp-content\/uploads\/2022\/03\/crees-logo-1.jpg\",\"width\":244,\"height\":71,\"caption\":\"CREES | Centro Regional de Estrategias Econ\u00f3micas Sostenibles\"},\"image\":{\"@id\":\"https:\/\/crees.org.do\/#\/schema\/logo\/image\/\"},\"sameAs\":[\"https:\/\/www.facebook.com\/CREESRD\/\",\"https:\/\/x.com\/CREESRD\"]},{\"@type\":\"Person\",\"@id\":\"https:\/\/crees.org.do\/#\/schema\/person\/e7f97cd94d7bf9cd0e0ce30acb7d56b8\",\"name\":\"Crees\",\"image\":{\"@type\":\"ImageObject\",\"inLanguage\":\"es\",\"@id\":\"https:\/\/crees.org.do\/#\/schema\/person\/image\/\",\"url\":\"https:\/\/secure.gravatar.com\/avatar\/390ac8f0be5d9aa046152553e2dd7011b59a512d89c150f5e5f28bb8d9a0b165?s=96&d=mm&r=g\",\"contentUrl\":\"https:\/\/secure.gravatar.com\/avatar\/390ac8f0be5d9aa046152553e2dd7011b59a512d89c150f5e5f28bb8d9a0b165?s=96&d=mm&r=g\",\"caption\":\"Crees\"},\"url\":\"https:\/\/crees.org.do\/?author=2\"}]}<\/script>\n<!-- \/ Yoast SEO plugin. -->","yoast_head_json":{"title":"CRESS contra sistema reparto de pensiones | CREES","robots":{"index":"index","follow":"follow","max-snippet":"max-snippet:-1","max-image-preview":"max-image-preview:large","max-video-preview":"max-video-preview:-1"},"canonical":"https:\/\/crees.org.do\/?p=23336","og_locale":"es_ES","og_type":"article","og_title":"CRESS contra sistema reparto de pensiones | CREES","og_description":"Autor: Ubaldo Guzm\u00e1n Molina Fecha: 17 de mayo del 2022 Extra\u00eddo de: Peri\u00f3dico Hoy No tiene sentido econ\u00f3mico ni social legislar para establecer un sistema de reparto de las pensiones que no funcionar\u00e1 y, por tanto, ser\u00eda necesario modificar en poco tiempo, afirm\u00f3 el economista\u00a0Miguel Collado. El vicepresidente ejecutivo del\u00a0Centro Regional de Estrategias Econ\u00f3micas Sostenibles...","og_url":"https:\/\/crees.org.do\/?p=23336","og_site_name":"CREES","article_publisher":"https:\/\/www.facebook.com\/CREESRD\/","article_published_time":"2022-05-17T13:21:36+00:00","article_modified_time":"2022-05-24T13:21:54+00:00","og_image":[{"width":480,"height":338,"url":"https:\/\/crees.org.do\/wp-content\/uploads\/2022\/05\/17_05_2022-HOY_MARTES_170522_-Economia14-.jpg","type":"image\/jpeg"}],"author":"Crees","twitter_card":"summary_large_image","twitter_creator":"@CREESRD","twitter_site":"@CREESRD","twitter_misc":{"Escrito por":"Crees","Tiempo de lectura":"2 minutos"},"schema":{"@context":"https:\/\/schema.org","@graph":[{"@type":"Article","@id":"https:\/\/crees.org.do\/?p=23336#article","isPartOf":{"@id":"https:\/\/crees.org.do\/?p=23336"},"author":{"name":"Crees","@id":"https:\/\/crees.org.do\/#\/schema\/person\/e7f97cd94d7bf9cd0e0ce30acb7d56b8"},"headline":"CRESS contra sistema reparto de pensiones","datePublished":"2022-05-17T13:21:36+00:00","dateModified":"2022-05-24T13:21:54+00:00","mainEntityOfPage":{"@id":"https:\/\/crees.org.do\/?p=23336"},"wordCount":343,"publisher":{"@id":"https:\/\/crees.org.do\/#organization"},"image":{"@id":"https:\/\/crees.org.do\/?p=23336#primaryimage"},"thumbnailUrl":"https:\/\/crees.org.do\/wp-content\/uploads\/2022\/05\/17_05_2022-HOY_MARTES_170522_-Economia14-.jpg","articleSection":["Actualidad"],"inLanguage":"es"},{"@type":"WebPage","@id":"https:\/\/crees.org.do\/?p=23336","url":"https:\/\/crees.org.do\/?p=23336","name":"CRESS contra sistema reparto de pensiones | CREES","isPartOf":{"@id":"https:\/\/crees.org.do\/#website"},"primaryImageOfPage":{"@id":"https:\/\/crees.org.do\/?p=23336#primaryimage"},"image":{"@id":"https:\/\/crees.org.do\/?p=23336#primaryimage"},"thumbnailUrl":"https:\/\/crees.org.do\/wp-content\/uploads\/2022\/05\/17_05_2022-HOY_MARTES_170522_-Economia14-.jpg","datePublished":"2022-05-17T13:21:36+00:00","dateModified":"2022-05-24T13:21:54+00:00","breadcrumb":{"@id":"https:\/\/crees.org.do\/?p=23336#breadcrumb"},"inLanguage":"es","potentialAction":[{"@type":"ReadAction","target":["https:\/\/crees.org.do\/?p=23336"]}]},{"@type":"ImageObject","inLanguage":"es","@id":"https:\/\/crees.org.do\/?p=23336#primaryimage","url":"https:\/\/crees.org.do\/wp-content\/uploads\/2022\/05\/17_05_2022-HOY_MARTES_170522_-Economia14-.jpg","contentUrl":"https:\/\/crees.org.do\/wp-content\/uploads\/2022\/05\/17_05_2022-HOY_MARTES_170522_-Economia14-.jpg","width":480,"height":338},{"@type":"BreadcrumbList","@id":"https:\/\/crees.org.do\/?p=23336#breadcrumb","itemListElement":[{"@type":"ListItem","position":1,"name":"Portada","item":"https:\/\/crees.org.do\/"},{"@type":"ListItem","position":2,"name":"CRESS contra sistema reparto de pensiones"}]},{"@type":"WebSite","@id":"https:\/\/crees.org.do\/#website","url":"https:\/\/crees.org.do\/","name":"CREES","description":"Centro Regional de Estrategias Econ\u00f3micas Sostenibles","publisher":{"@id":"https:\/\/crees.org.do\/#organization"},"potentialAction":[{"@type":"SearchAction","target":{"@type":"EntryPoint","urlTemplate":"https:\/\/crees.org.do\/?s={search_term_string}"},"query-input":{"@type":"PropertyValueSpecification","valueRequired":true,"valueName":"search_term_string"}}],"inLanguage":"es"},{"@type":"Organization","@id":"https:\/\/crees.org.do\/#organization","name":"CREES | Centro Regional de Estrategias Econ\u00f3micas Sostenibles","url":"https:\/\/crees.org.do\/","logo":{"@type":"ImageObject","inLanguage":"es","@id":"https:\/\/crees.org.do\/#\/schema\/logo\/image\/","url":"https:\/\/crees.org.do\/wp-content\/uploads\/2022\/03\/crees-logo-1.jpg","contentUrl":"https:\/\/crees.org.do\/wp-content\/uploads\/2022\/03\/crees-logo-1.jpg","width":244,"height":71,"caption":"CREES | Centro Regional de Estrategias Econ\u00f3micas Sostenibles"},"image":{"@id":"https:\/\/crees.org.do\/#\/schema\/logo\/image\/"},"sameAs":["https:\/\/www.facebook.com\/CREESRD\/","https:\/\/x.com\/CREESRD"]},{"@type":"Person","@id":"https:\/\/crees.org.do\/#\/schema\/person\/e7f97cd94d7bf9cd0e0ce30acb7d56b8","name":"Crees","image":{"@type":"ImageObject","inLanguage":"es","@id":"https:\/\/crees.org.do\/#\/schema\/person\/image\/","url":"https:\/\/secure.gravatar.com\/avatar\/390ac8f0be5d9aa046152553e2dd7011b59a512d89c150f5e5f28bb8d9a0b165?s=96&d=mm&r=g","contentUrl":"https:\/\/secure.gravatar.com\/avatar\/390ac8f0be5d9aa046152553e2dd7011b59a512d89c150f5e5f28bb8d9a0b165?s=96&d=mm&r=g","caption":"Crees"},"url":"https:\/\/crees.org.do\/?author=2"}]}},"_links":{"self":[{"href":"https:\/\/crees.org.do\/index.php?rest_route=\/wp\/v2\/posts\/23336","targetHints":{"allow":["GET"]}}],"collection":[{"href":"https:\/\/crees.org.do\/index.php?rest_route=\/wp\/v2\/posts"}],"about":[{"href":"https:\/\/crees.org.do\/index.php?rest_route=\/wp\/v2\/types\/post"}],"author":[{"embeddable":true,"href":"https:\/\/crees.org.do\/index.php?rest_route=\/wp\/v2\/users\/2"}],"replies":[{"embeddable":true,"href":"https:\/\/crees.org.do\/index.php?rest_route=%2Fwp%2Fv2%2Fcomments&post=23336"}],"version-history":[{"count":1,"href":"https:\/\/crees.org.do\/index.php?rest_route=\/wp\/v2\/posts\/23336\/revisions"}],"predecessor-version":[{"id":23338,"href":"https:\/\/crees.org.do\/index.php?rest_route=\/wp\/v2\/posts\/23336\/revisions\/23338"}],"wp:featuredmedia":[{"embeddable":true,"href":"https:\/\/crees.org.do\/index.php?rest_route=\/wp\/v2\/media\/23337"}],"wp:attachment":[{"href":"https:\/\/crees.org.do\/index.php?rest_route=%2Fwp%2Fv2%2Fmedia&parent=23336"}],"wp:term":[{"taxonomy":"category","embeddable":true,"href":"https:\/\/crees.org.do\/index.php?rest_route=%2Fwp%2Fv2%2Fcategories&post=23336"},{"taxonomy":"post_tag","embeddable":true,"href":"https:\/\/crees.org.do\/index.php?rest_route=%2Fwp%2Fv2%2Ftags&post=23336"}],"curies":[{"name":"wp","href":"https:\/\/api.w.org\/{rel}","templated":true}]}}