{"id":23357,"date":"2022-05-26T16:47:52","date_gmt":"2022-05-26T16:47:52","guid":{"rendered":"https:\/\/crees.org.do\/?p=23357"},"modified":"2022-05-26T16:47:52","modified_gmt":"2022-05-26T16:47:52","slug":"la-iniciativa-privada-favorece-el-desarrollo-del-turismo-dominicano","status":"publish","type":"post","link":"https:\/\/crees.org.do\/?p=23357","title":{"rendered":"La iniciativa privada favorece el desarrollo del turismo dominicano"},"content":{"rendered":"<p><img fetchpriority=\"high\" decoding=\"async\" class=\"aligncenter  wp-image-23358\" src=\"https:\/\/crees.org.do\/wp-content\/uploads\/2022\/05\/1-Untitled-copy-3.png\" alt=\"\" width=\"896\" height=\"896\" srcset=\"https:\/\/crees.org.do\/wp-content\/uploads\/2022\/05\/1-Untitled-copy-3.png 1080w, https:\/\/crees.org.do\/wp-content\/uploads\/2022\/05\/1-Untitled-copy-3-450x450.png 450w, https:\/\/crees.org.do\/wp-content\/uploads\/2022\/05\/1-Untitled-copy-3-150x150.png 150w, https:\/\/crees.org.do\/wp-content\/uploads\/2022\/05\/1-Untitled-copy-3-768x768.png 768w, https:\/\/crees.org.do\/wp-content\/uploads\/2022\/05\/1-Untitled-copy-3-500x500.png 500w, https:\/\/crees.org.do\/wp-content\/uploads\/2022\/05\/1-Untitled-copy-3-300x300.png 300w, https:\/\/crees.org.do\/wp-content\/uploads\/2022\/05\/1-Untitled-copy-3-600x600.png 600w, https:\/\/crees.org.do\/wp-content\/uploads\/2022\/05\/1-Untitled-copy-3-100x100.png 100w\" sizes=\"(max-width: 896px) 100vw, 896px\" \/> <img decoding=\"async\" class=\"aligncenter  wp-image-23359\" src=\"https:\/\/crees.org.do\/wp-content\/uploads\/2022\/05\/2-Slide-1-1.png\" alt=\"\" width=\"896\" height=\"896\" srcset=\"https:\/\/crees.org.do\/wp-content\/uploads\/2022\/05\/2-Slide-1-1.png 1080w, https:\/\/crees.org.do\/wp-content\/uploads\/2022\/05\/2-Slide-1-1-450x450.png 450w, https:\/\/crees.org.do\/wp-content\/uploads\/2022\/05\/2-Slide-1-1-150x150.png 150w, https:\/\/crees.org.do\/wp-content\/uploads\/2022\/05\/2-Slide-1-1-768x768.png 768w, https:\/\/crees.org.do\/wp-content\/uploads\/2022\/05\/2-Slide-1-1-500x500.png 500w, https:\/\/crees.org.do\/wp-content\/uploads\/2022\/05\/2-Slide-1-1-300x300.png 300w, https:\/\/crees.org.do\/wp-content\/uploads\/2022\/05\/2-Slide-1-1-600x600.png 600w, https:\/\/crees.org.do\/wp-content\/uploads\/2022\/05\/2-Slide-1-1-100x100.png 100w\" sizes=\"(max-width: 896px) 100vw, 896px\" \/><\/p>\n<p style=\"text-align: justify;\">De acuerdo con los resultados de la \u00faltima versi\u00f3n del \u00cdndice de Desarrollo de Viajes y Turismo 2021 del Foro Econ\u00f3mico Mundial, los cinco pa\u00edses del mundo con la puntuaci\u00f3n m\u00e1s alta, es decir, los pa\u00edses con un mayor conjunto de factores y pol\u00edticas que permiten el desarrollo sostenible y resiliente del sector de viajes y turismo son Jap\u00f3n, Estados Unidos, Espa\u00f1a, Francia y Alemania. Rep\u00fablica Dominicana se encuentra en la posici\u00f3n 69 de los 117 pa\u00edses evaluados, con una puntuaci\u00f3n de 3.8. Esto significa una mejora de 3 posiciones en comparaci\u00f3n con el nivel alcanzado en 2019.<\/p>\n<p style=\"text-align: justify;\">Seg\u00fan los resultados, Rep\u00fablica Dominicana se encuentra bien posicionado en t\u00e9rminos de entorno propicio y de pol\u00edticas y condiciones favorable para el sector de viajes y turismo.\u00a0 Esto puede estar explicado, en parte, porque este sector no est\u00e1 penalizado con las mismas tasas impositivas que otros sectores del pa\u00eds. Tambi\u00e9n, en comparaci\u00f3n con otros pa\u00edses de la regi\u00f3n, el pa\u00eds obtuvo una buena puntuaci\u00f3n en t\u00e9rminos de infraestructura, en particular, la de transporte a\u00e9reo.<\/p>\n<p style=\"text-align: justify;\">Es decir que el pa\u00eds destaca en los aspectos relacionados con la iniciativa privada. Los resultados ponen en evidencia la importancia de promover clima de negocios amigable (menos costoso y m\u00e1s productivo) y dar participaci\u00f3n a la iniciativa privada en infraestructura f\u00edsica \u2013en este caso en la construcci\u00f3n, administraci\u00f3n y operaci\u00f3n de aeropuertos. Por ejemplo, una iniciativa como la que ha intentado hacer un aeropuerto de administraci\u00f3n privada del pa\u00eds, de adoptar el acuerdo preclearence o pre-air check in para los viajeros estadounidenses que salen del pa\u00eds, es un proyecto privado que tendr\u00eda un impacto econ\u00f3mico positivo en el pa\u00eds. Un acuerdo como este no solo ser\u00eda un incentivo para la atracci\u00f3n de turistas, sino que tambi\u00e9n favorecer\u00eda el comercio local e internacional de bienes, por el mayor tr\u00e1fico a\u00e9reo que provocar\u00eda.<\/p>\n<div class=\"pvc_clear\"><\/div>\n<p class=\"pvc_stats all \" data-element-id=\"23357\" style=\"\"><i class=\"pvc-stats-icon medium\" aria-hidden=\"true\"><svg aria-hidden=\"true\" focusable=\"false\" data-prefix=\"far\" data-icon=\"chart-bar\" role=\"img\" xmlns=\"http:\/\/www.w3.org\/2000\/svg\" viewBox=\"0 0 512 512\" class=\"svg-inline--fa fa-chart-bar fa-w-16 fa-2x\"><path fill=\"currentColor\" d=\"M396.8 352h22.4c6.4 0 12.8-6.4 12.8-12.8V108.8c0-6.4-6.4-12.8-12.8-12.8h-22.4c-6.4 0-12.8 6.4-12.8 12.8v230.4c0 6.4 6.4 12.8 12.8 12.8zm-192 0h22.4c6.4 0 12.8-6.4 12.8-12.8V140.8c0-6.4-6.4-12.8-12.8-12.8h-22.4c-6.4 0-12.8 6.4-12.8 12.8v198.4c0 6.4 6.4 12.8 12.8 12.8zm96 0h22.4c6.4 0 12.8-6.4 12.8-12.8V204.8c0-6.4-6.4-12.8-12.8-12.8h-22.4c-6.4 0-12.8 6.4-12.8 12.8v134.4c0 6.4 6.4 12.8 12.8 12.8zM496 400H48V80c0-8.84-7.16-16-16-16H16C7.16 64 0 71.16 0 80v336c0 17.67 14.33 32 32 32h464c8.84 0 16-7.16 16-16v-16c0-8.84-7.16-16-16-16zm-387.2-48h22.4c6.4 0 12.8-6.4 12.8-12.8v-70.4c0-6.4-6.4-12.8-12.8-12.8h-22.4c-6.4 0-12.8 6.4-12.8 12.8v70.4c0 6.4 6.4 12.8 12.8 12.8z\" class=\"\"><\/path><\/svg><\/i> Vistas Totales&nbsp;1,158&nbsp;, Vistas Hoy&nbsp;2&nbsp;<\/p>\n<div class=\"pvc_clear\"><\/div>\n","protected":false},"excerpt":{"rendered":"<p>De acuerdo con los resultados de la \u00faltima versi\u00f3n del \u00cdndice de Desarrollo de Viajes y Turismo 2021 del Foro Econ\u00f3mico Mundial, los cinco pa\u00edses del mundo con la puntuaci\u00f3n m\u00e1s alta, es decir, los pa\u00edses con un mayor conjunto de factores y pol\u00edticas que permiten el desarrollo sostenible y resiliente del sector de viajes&#8230;<\/p>\n<div class=\"pvc_clear\"><\/div>\n<p class=\"pvc_stats all \" data-element-id=\"23357\" style=\"\"><i class=\"pvc-stats-icon medium\" aria-hidden=\"true\"><svg aria-hidden=\"true\" focusable=\"false\" data-prefix=\"far\" data-icon=\"chart-bar\" role=\"img\" xmlns=\"http:\/\/www.w3.org\/2000\/svg\" viewBox=\"0 0 512 512\" class=\"svg-inline--fa fa-chart-bar fa-w-16 fa-2x\"><path fill=\"currentColor\" d=\"M396.8 352h22.4c6.4 0 12.8-6.4 12.8-12.8V108.8c0-6.4-6.4-12.8-12.8-12.8h-22.4c-6.4 0-12.8 6.4-12.8 12.8v230.4c0 6.4 6.4 12.8 12.8 12.8zm-192 0h22.4c6.4 0 12.8-6.4 12.8-12.8V140.8c0-6.4-6.4-12.8-12.8-12.8h-22.4c-6.4 0-12.8 6.4-12.8 12.8v198.4c0 6.4 6.4 12.8 12.8 12.8zm96 0h22.4c6.4 0 12.8-6.4 12.8-12.8V204.8c0-6.4-6.4-12.8-12.8-12.8h-22.4c-6.4 0-12.8 6.4-12.8 12.8v134.4c0 6.4 6.4 12.8 12.8 12.8zM496 400H48V80c0-8.84-7.16-16-16-16H16C7.16 64 0 71.16 0 80v336c0 17.67 14.33 32 32 32h464c8.84 0 16-7.16 16-16v-16c0-8.84-7.16-16-16-16zm-387.2-48h22.4c6.4 0 12.8-6.4 12.8-12.8v-70.4c0-6.4-6.4-12.8-12.8-12.8h-22.4c-6.4 0-12.8 6.4-12.8 12.8v70.4c0 6.4 6.4 12.8 12.8 12.8z\" class=\"\"><\/path><\/svg><\/i> Vistas Totales&nbsp;1,158&nbsp;, Vistas Hoy&nbsp;2&nbsp;<\/p>\n<div class=\"pvc_clear\"><\/div>\n","protected":false},"author":2,"featured_media":23358,"comment_status":"closed","ping_status":"closed","sticky":false,"template":"","format":"standard","meta":{"footnotes":""},"categories":[21],"tags":[],"class_list":["post-23357","post","type-post","status-publish","format-standard","has-post-thumbnail","hentry","category-blog"],"yoast_head":"<!-- This site is optimized with the Yoast SEO plugin v25.2 - https:\/\/yoast.com\/wordpress\/plugins\/seo\/ -->\n<title>La iniciativa privada favorece el desarrollo del turismo dominicano | CREES<\/title>\n<meta name=\"robots\" content=\"index, follow, max-snippet:-1, max-image-preview:large, max-video-preview:-1\" \/>\n<link rel=\"canonical\" href=\"https:\/\/crees.org.do\/?p=23357\" \/>\n<meta property=\"og:locale\" content=\"es_ES\" \/>\n<meta property=\"og:type\" content=\"article\" \/>\n<meta property=\"og:title\" content=\"La iniciativa privada favorece el desarrollo del turismo dominicano | CREES\" \/>\n<meta property=\"og:description\" content=\"De acuerdo con los resultados de la \u00faltima versi\u00f3n del \u00cdndice de Desarrollo de Viajes y Turismo 2021 del Foro Econ\u00f3mico Mundial, los cinco pa\u00edses del mundo con la puntuaci\u00f3n m\u00e1s alta, es decir, los pa\u00edses con un mayor conjunto de factores y pol\u00edticas que permiten el desarrollo sostenible y resiliente del sector de viajes...\" \/>\n<meta property=\"og:url\" content=\"https:\/\/crees.org.do\/?p=23357\" \/>\n<meta property=\"og:site_name\" content=\"CREES\" \/>\n<meta property=\"article:publisher\" content=\"https:\/\/www.facebook.com\/CREESRD\/\" \/>\n<meta property=\"article:published_time\" content=\"2022-05-26T16:47:52+00:00\" \/>\n<meta property=\"og:image\" content=\"https:\/\/crees.org.do\/wp-content\/uploads\/2022\/05\/1-Untitled-copy-3.png\" \/>\n\t<meta property=\"og:image:width\" content=\"1080\" \/>\n\t<meta property=\"og:image:height\" content=\"1080\" \/>\n\t<meta property=\"og:image:type\" content=\"image\/png\" \/>\n<meta name=\"author\" content=\"Crees\" \/>\n<meta name=\"twitter:card\" content=\"summary_large_image\" \/>\n<meta name=\"twitter:creator\" content=\"@CREESRD\" \/>\n<meta name=\"twitter:site\" content=\"@CREESRD\" \/>\n<meta name=\"twitter:label1\" content=\"Escrito por\" \/>\n\t<meta name=\"twitter:data1\" content=\"Crees\" \/>\n\t<meta name=\"twitter:label2\" content=\"Tiempo de lectura\" \/>\n\t<meta name=\"twitter:data2\" content=\"2 minutos\" \/>\n<script type=\"application\/ld+json\" class=\"yoast-schema-graph\">{\"@context\":\"https:\/\/schema.org\",\"@graph\":[{\"@type\":\"Article\",\"@id\":\"https:\/\/crees.org.do\/?p=23357#article\",\"isPartOf\":{\"@id\":\"https:\/\/crees.org.do\/?p=23357\"},\"author\":{\"name\":\"Crees\",\"@id\":\"https:\/\/crees.org.do\/#\/schema\/person\/e7f97cd94d7bf9cd0e0ce30acb7d56b8\"},\"headline\":\"La iniciativa privada favorece el desarrollo del turismo dominicano\",\"datePublished\":\"2022-05-26T16:47:52+00:00\",\"mainEntityOfPage\":{\"@id\":\"https:\/\/crees.org.do\/?p=23357\"},\"wordCount\":354,\"publisher\":{\"@id\":\"https:\/\/crees.org.do\/#organization\"},\"image\":{\"@id\":\"https:\/\/crees.org.do\/?p=23357#primaryimage\"},\"thumbnailUrl\":\"https:\/\/crees.org.do\/wp-content\/uploads\/2022\/05\/1-Untitled-copy-3.png\",\"articleSection\":[\"Blog\"],\"inLanguage\":\"es\"},{\"@type\":\"WebPage\",\"@id\":\"https:\/\/crees.org.do\/?p=23357\",\"url\":\"https:\/\/crees.org.do\/?p=23357\",\"name\":\"La iniciativa privada favorece el desarrollo del turismo dominicano | CREES\",\"isPartOf\":{\"@id\":\"https:\/\/crees.org.do\/#website\"},\"primaryImageOfPage\":{\"@id\":\"https:\/\/crees.org.do\/?p=23357#primaryimage\"},\"image\":{\"@id\":\"https:\/\/crees.org.do\/?p=23357#primaryimage\"},\"thumbnailUrl\":\"https:\/\/crees.org.do\/wp-content\/uploads\/2022\/05\/1-Untitled-copy-3.png\",\"datePublished\":\"2022-05-26T16:47:52+00:00\",\"breadcrumb\":{\"@id\":\"https:\/\/crees.org.do\/?p=23357#breadcrumb\"},\"inLanguage\":\"es\",\"potentialAction\":[{\"@type\":\"ReadAction\",\"target\":[\"https:\/\/crees.org.do\/?p=23357\"]}]},{\"@type\":\"ImageObject\",\"inLanguage\":\"es\",\"@id\":\"https:\/\/crees.org.do\/?p=23357#primaryimage\",\"url\":\"https:\/\/crees.org.do\/wp-content\/uploads\/2022\/05\/1-Untitled-copy-3.png\",\"contentUrl\":\"https:\/\/crees.org.do\/wp-content\/uploads\/2022\/05\/1-Untitled-copy-3.png\",\"width\":1080,\"height\":1080},{\"@type\":\"BreadcrumbList\",\"@id\":\"https:\/\/crees.org.do\/?p=23357#breadcrumb\",\"itemListElement\":[{\"@type\":\"ListItem\",\"position\":1,\"name\":\"Portada\",\"item\":\"https:\/\/crees.org.do\/\"},{\"@type\":\"ListItem\",\"position\":2,\"name\":\"La iniciativa privada favorece el desarrollo del turismo dominicano\"}]},{\"@type\":\"WebSite\",\"@id\":\"https:\/\/crees.org.do\/#website\",\"url\":\"https:\/\/crees.org.do\/\",\"name\":\"CREES\",\"description\":\"Centro Regional de Estrategias Econ\u00f3micas Sostenibles\",\"publisher\":{\"@id\":\"https:\/\/crees.org.do\/#organization\"},\"potentialAction\":[{\"@type\":\"SearchAction\",\"target\":{\"@type\":\"EntryPoint\",\"urlTemplate\":\"https:\/\/crees.org.do\/?s={search_term_string}\"},\"query-input\":{\"@type\":\"PropertyValueSpecification\",\"valueRequired\":true,\"valueName\":\"search_term_string\"}}],\"inLanguage\":\"es\"},{\"@type\":\"Organization\",\"@id\":\"https:\/\/crees.org.do\/#organization\",\"name\":\"CREES | Centro Regional de Estrategias Econ\u00f3micas Sostenibles\",\"url\":\"https:\/\/crees.org.do\/\",\"logo\":{\"@type\":\"ImageObject\",\"inLanguage\":\"es\",\"@id\":\"https:\/\/crees.org.do\/#\/schema\/logo\/image\/\",\"url\":\"https:\/\/crees.org.do\/wp-content\/uploads\/2022\/03\/crees-logo-1.jpg\",\"contentUrl\":\"https:\/\/crees.org.do\/wp-content\/uploads\/2022\/03\/crees-logo-1.jpg\",\"width\":244,\"height\":71,\"caption\":\"CREES | Centro Regional de Estrategias Econ\u00f3micas Sostenibles\"},\"image\":{\"@id\":\"https:\/\/crees.org.do\/#\/schema\/logo\/image\/\"},\"sameAs\":[\"https:\/\/www.facebook.com\/CREESRD\/\",\"https:\/\/x.com\/CREESRD\"]},{\"@type\":\"Person\",\"@id\":\"https:\/\/crees.org.do\/#\/schema\/person\/e7f97cd94d7bf9cd0e0ce30acb7d56b8\",\"name\":\"Crees\",\"image\":{\"@type\":\"ImageObject\",\"inLanguage\":\"es\",\"@id\":\"https:\/\/crees.org.do\/#\/schema\/person\/image\/\",\"url\":\"https:\/\/secure.gravatar.com\/avatar\/390ac8f0be5d9aa046152553e2dd7011b59a512d89c150f5e5f28bb8d9a0b165?s=96&d=mm&r=g\",\"contentUrl\":\"https:\/\/secure.gravatar.com\/avatar\/390ac8f0be5d9aa046152553e2dd7011b59a512d89c150f5e5f28bb8d9a0b165?s=96&d=mm&r=g\",\"caption\":\"Crees\"},\"url\":\"https:\/\/crees.org.do\/?author=2\"}]}<\/script>\n<!-- \/ Yoast SEO plugin. -->","yoast_head_json":{"title":"La iniciativa privada favorece el desarrollo del turismo dominicano | CREES","robots":{"index":"index","follow":"follow","max-snippet":"max-snippet:-1","max-image-preview":"max-image-preview:large","max-video-preview":"max-video-preview:-1"},"canonical":"https:\/\/crees.org.do\/?p=23357","og_locale":"es_ES","og_type":"article","og_title":"La iniciativa privada favorece el desarrollo del turismo dominicano | CREES","og_description":"De acuerdo con los resultados de la \u00faltima versi\u00f3n del \u00cdndice de Desarrollo de Viajes y Turismo 2021 del Foro Econ\u00f3mico Mundial, los cinco pa\u00edses del mundo con la puntuaci\u00f3n m\u00e1s alta, es decir, los pa\u00edses con un mayor conjunto de factores y pol\u00edticas que permiten el desarrollo sostenible y resiliente del sector de viajes...","og_url":"https:\/\/crees.org.do\/?p=23357","og_site_name":"CREES","article_publisher":"https:\/\/www.facebook.com\/CREESRD\/","article_published_time":"2022-05-26T16:47:52+00:00","og_image":[{"width":1080,"height":1080,"url":"https:\/\/crees.org.do\/wp-content\/uploads\/2022\/05\/1-Untitled-copy-3.png","type":"image\/png"}],"author":"Crees","twitter_card":"summary_large_image","twitter_creator":"@CREESRD","twitter_site":"@CREESRD","twitter_misc":{"Escrito por":"Crees","Tiempo de lectura":"2 minutos"},"schema":{"@context":"https:\/\/schema.org","@graph":[{"@type":"Article","@id":"https:\/\/crees.org.do\/?p=23357#article","isPartOf":{"@id":"https:\/\/crees.org.do\/?p=23357"},"author":{"name":"Crees","@id":"https:\/\/crees.org.do\/#\/schema\/person\/e7f97cd94d7bf9cd0e0ce30acb7d56b8"},"headline":"La iniciativa privada favorece el desarrollo del turismo dominicano","datePublished":"2022-05-26T16:47:52+00:00","mainEntityOfPage":{"@id":"https:\/\/crees.org.do\/?p=23357"},"wordCount":354,"publisher":{"@id":"https:\/\/crees.org.do\/#organization"},"image":{"@id":"https:\/\/crees.org.do\/?p=23357#primaryimage"},"thumbnailUrl":"https:\/\/crees.org.do\/wp-content\/uploads\/2022\/05\/1-Untitled-copy-3.png","articleSection":["Blog"],"inLanguage":"es"},{"@type":"WebPage","@id":"https:\/\/crees.org.do\/?p=23357","url":"https:\/\/crees.org.do\/?p=23357","name":"La iniciativa privada favorece el desarrollo del turismo dominicano | CREES","isPartOf":{"@id":"https:\/\/crees.org.do\/#website"},"primaryImageOfPage":{"@id":"https:\/\/crees.org.do\/?p=23357#primaryimage"},"image":{"@id":"https:\/\/crees.org.do\/?p=23357#primaryimage"},"thumbnailUrl":"https:\/\/crees.org.do\/wp-content\/uploads\/2022\/05\/1-Untitled-copy-3.png","datePublished":"2022-05-26T16:47:52+00:00","breadcrumb":{"@id":"https:\/\/crees.org.do\/?p=23357#breadcrumb"},"inLanguage":"es","potentialAction":[{"@type":"ReadAction","target":["https:\/\/crees.org.do\/?p=23357"]}]},{"@type":"ImageObject","inLanguage":"es","@id":"https:\/\/crees.org.do\/?p=23357#primaryimage","url":"https:\/\/crees.org.do\/wp-content\/uploads\/2022\/05\/1-Untitled-copy-3.png","contentUrl":"https:\/\/crees.org.do\/wp-content\/uploads\/2022\/05\/1-Untitled-copy-3.png","width":1080,"height":1080},{"@type":"BreadcrumbList","@id":"https:\/\/crees.org.do\/?p=23357#breadcrumb","itemListElement":[{"@type":"ListItem","position":1,"name":"Portada","item":"https:\/\/crees.org.do\/"},{"@type":"ListItem","position":2,"name":"La iniciativa privada favorece el desarrollo del turismo dominicano"}]},{"@type":"WebSite","@id":"https:\/\/crees.org.do\/#website","url":"https:\/\/crees.org.do\/","name":"CREES","description":"Centro Regional de Estrategias Econ\u00f3micas Sostenibles","publisher":{"@id":"https:\/\/crees.org.do\/#organization"},"potentialAction":[{"@type":"SearchAction","target":{"@type":"EntryPoint","urlTemplate":"https:\/\/crees.org.do\/?s={search_term_string}"},"query-input":{"@type":"PropertyValueSpecification","valueRequired":true,"valueName":"search_term_string"}}],"inLanguage":"es"},{"@type":"Organization","@id":"https:\/\/crees.org.do\/#organization","name":"CREES | Centro Regional de Estrategias Econ\u00f3micas Sostenibles","url":"https:\/\/crees.org.do\/","logo":{"@type":"ImageObject","inLanguage":"es","@id":"https:\/\/crees.org.do\/#\/schema\/logo\/image\/","url":"https:\/\/crees.org.do\/wp-content\/uploads\/2022\/03\/crees-logo-1.jpg","contentUrl":"https:\/\/crees.org.do\/wp-content\/uploads\/2022\/03\/crees-logo-1.jpg","width":244,"height":71,"caption":"CREES | Centro Regional de Estrategias Econ\u00f3micas Sostenibles"},"image":{"@id":"https:\/\/crees.org.do\/#\/schema\/logo\/image\/"},"sameAs":["https:\/\/www.facebook.com\/CREESRD\/","https:\/\/x.com\/CREESRD"]},{"@type":"Person","@id":"https:\/\/crees.org.do\/#\/schema\/person\/e7f97cd94d7bf9cd0e0ce30acb7d56b8","name":"Crees","image":{"@type":"ImageObject","inLanguage":"es","@id":"https:\/\/crees.org.do\/#\/schema\/person\/image\/","url":"https:\/\/secure.gravatar.com\/avatar\/390ac8f0be5d9aa046152553e2dd7011b59a512d89c150f5e5f28bb8d9a0b165?s=96&d=mm&r=g","contentUrl":"https:\/\/secure.gravatar.com\/avatar\/390ac8f0be5d9aa046152553e2dd7011b59a512d89c150f5e5f28bb8d9a0b165?s=96&d=mm&r=g","caption":"Crees"},"url":"https:\/\/crees.org.do\/?author=2"}]}},"_links":{"self":[{"href":"https:\/\/crees.org.do\/index.php?rest_route=\/wp\/v2\/posts\/23357","targetHints":{"allow":["GET"]}}],"collection":[{"href":"https:\/\/crees.org.do\/index.php?rest_route=\/wp\/v2\/posts"}],"about":[{"href":"https:\/\/crees.org.do\/index.php?rest_route=\/wp\/v2\/types\/post"}],"author":[{"embeddable":true,"href":"https:\/\/crees.org.do\/index.php?rest_route=\/wp\/v2\/users\/2"}],"replies":[{"embeddable":true,"href":"https:\/\/crees.org.do\/index.php?rest_route=%2Fwp%2Fv2%2Fcomments&post=23357"}],"version-history":[{"count":1,"href":"https:\/\/crees.org.do\/index.php?rest_route=\/wp\/v2\/posts\/23357\/revisions"}],"predecessor-version":[{"id":23360,"href":"https:\/\/crees.org.do\/index.php?rest_route=\/wp\/v2\/posts\/23357\/revisions\/23360"}],"wp:featuredmedia":[{"embeddable":true,"href":"https:\/\/crees.org.do\/index.php?rest_route=\/wp\/v2\/media\/23358"}],"wp:attachment":[{"href":"https:\/\/crees.org.do\/index.php?rest_route=%2Fwp%2Fv2%2Fmedia&parent=23357"}],"wp:term":[{"taxonomy":"category","embeddable":true,"href":"https:\/\/crees.org.do\/index.php?rest_route=%2Fwp%2Fv2%2Fcategories&post=23357"},{"taxonomy":"post_tag","embeddable":true,"href":"https:\/\/crees.org.do\/index.php?rest_route=%2Fwp%2Fv2%2Ftags&post=23357"}],"curies":[{"name":"wp","href":"https:\/\/api.w.org\/{rel}","templated":true}]}}