{"id":23389,"date":"2022-06-08T12:10:03","date_gmt":"2022-06-08T12:10:03","guid":{"rendered":"https:\/\/crees.org.do\/?p=23389"},"modified":"2022-06-08T15:46:21","modified_gmt":"2022-06-08T15:46:21","slug":"tercer-art","status":"publish","type":"post","link":"https:\/\/crees.org.do\/?p=23389","title":{"rendered":"El objetivo debe ser el crecimiento"},"content":{"rendered":"<p>Autor: Gabriela Calder\u00f3n de Burgos<\/p>\n<p>Publicado originalmente: 25 de junio de 2021<\/p>\n<p>Extra\u00eddo de: <a href=\"https:\/\/www.elcato.org\/el-objetivo-debe-ser-el-crecimiento\">El Cato<\/a><\/p>\n<p style=\"text-align: justify;\">El Ministro de Econom\u00eda parece estar m\u00e1s preocupado por aumentar los ingresos del Estado que en reducir el gasto p\u00fablico y dinamizar el crecimiento.<\/p>\n<p style=\"text-align: justify;\">Desde esa visi\u00f3n, se suele hacer comparaciones con la carga tributaria promedio de la OCDE y se percibe que todav\u00eda hay espacio para aumentar impuestos. De igual forma, se suele concluir que la carga de nuestro estado es ligera.<\/p>\n<p style=\"text-align: justify;\">Pero no es lo mismo pagar impuestos con el ingreso promedio de un europeo que hacerlo con el ingreso promedio de un ecuatoriano. Tampoco es lo mismo que una sociedad pobre cargue sobre su lomo el peso de una administraci\u00f3n estatal sobre un reducido sector formal a que una sociedad rica cargue este peso sobre un sector formal que abarca casi la totalidad de su econom\u00eda.<\/p>\n<p style=\"text-align: justify;\">Si bien el gasto p\u00fablico promedio de los pa\u00edses de la OCDE (42,2% en 2019) supera considerablemente aquel del Ecuador (32,4% en 2020) en esas econom\u00edas desarrolladas el sector formal abarca casi la totalidad de su PIB. Esto significa que la carga es ampliamente compartida por la sociedad.<\/p>\n<p style=\"text-align: justify;\">Si dividimos nuestro PIB en dos porciones \u2014el formal y el informal\u2014 veremos que la carga real es muy superior a la de los pa\u00edses de la OCDE. En un estudio del Fondo Monetario Internacional se estim\u00f3 el tama\u00f1o promedio de la econom\u00eda informal de varios pa\u00edses entre 1991 y 2015. Mientras que pa\u00edses desarrollados como Islandia y Dinamarca registran econom\u00edas informales de entre 14 y 15% del PIB, los pa\u00edses latinoamericanos y en v\u00edas de desarrollo tienen sectores informales que por lo menos duplican esa proporci\u00f3n. Ecuador tuvo un sector informal con un promedio de 33,5%.<\/p>\n<p style=\"text-align: justify;\">Si tomamos esa estimaci\u00f3n y la aplicamos al PIB de 2020, eso nos deja con un PIB formal de tan solo $65.707 millones (desde uno total de $98.808 millones). De manera que la verdadera carga para quienes financian al sector p\u00fablico no es un mero 32% como nos har\u00edan creer las comparaciones tradicionales, sino 48,8%, lo cual nos coloca por encima del promedio de los pa\u00edses ricos.<\/p>\n<p style=\"text-align: justify;\">Otra idea proveniente de organismos como el FMI, la CEPAL y la OCDE es que pagamos muy poco en impuestos. Lo que tradicionalmente citan es el ingreso fiscal total dividido por el PIB total de la econom\u00eda. As\u00ed vemos que los pa\u00edses latinoamericanos suelen aparecer con una carga tributaria inferior a la media de los pa\u00edses de la OCDE.<\/p>\n<p style=\"text-align: justify;\">Pero no es lo mismo soportar la misma carga tributaria si eres rico o si eres pobre. Por eso el economista Daniel Fern\u00e1ndez ajust\u00f3 la presi\u00f3n fiscal (recaudaci\u00f3n como porcentaje del PIB) para el ingreso per c\u00e1pita de las econom\u00edas latinoamericanas con datos de 2016 y descubri\u00f3 que muchas de ellas realizan un \u201cesfuerzo fiscal\u201d superior a la media de los pa\u00edses de la OCDE, incluido Ecuador. El esfuerzo fiscal registrado por Ecuador superaba la media de Am\u00e9rica Latina.<\/p>\n<p style=\"text-align: justify;\">No hay que adoptar modas internacionales perjudiciales para nuestra situaci\u00f3n particular. Hay que darle prioridad a aquellas reformas que dinamicen la econom\u00eda. Por ejemplo, no toda reducci\u00f3n de impuestos deriva en una ca\u00edda de la recaudaci\u00f3n, puede ocurrir incluso lo contrario. Nuestra experiencia reciente con la reducci\u00f3n de aranceles a los autos importados de la Uni\u00f3n Europea lo demuestra: estimul\u00f3 tanto la importaci\u00f3n que incluso habiendo disminuido los aranceles en un 34%, se duplic\u00f3 lo recaudado.<\/p>\n<p style=\"text-align: justify;\">Este art\u00edculo fue publicado originalmente en El Universo (Ecuador) el 25 de junio de 2021.<\/p>\n<div class=\"pvc_clear\"><\/div>\n<p class=\"pvc_stats all \" data-element-id=\"23389\" style=\"\"><i class=\"pvc-stats-icon medium\" aria-hidden=\"true\"><svg aria-hidden=\"true\" focusable=\"false\" data-prefix=\"far\" data-icon=\"chart-bar\" role=\"img\" xmlns=\"http:\/\/www.w3.org\/2000\/svg\" viewBox=\"0 0 512 512\" class=\"svg-inline--fa fa-chart-bar fa-w-16 fa-2x\"><path fill=\"currentColor\" d=\"M396.8 352h22.4c6.4 0 12.8-6.4 12.8-12.8V108.8c0-6.4-6.4-12.8-12.8-12.8h-22.4c-6.4 0-12.8 6.4-12.8 12.8v230.4c0 6.4 6.4 12.8 12.8 12.8zm-192 0h22.4c6.4 0 12.8-6.4 12.8-12.8V140.8c0-6.4-6.4-12.8-12.8-12.8h-22.4c-6.4 0-12.8 6.4-12.8 12.8v198.4c0 6.4 6.4 12.8 12.8 12.8zm96 0h22.4c6.4 0 12.8-6.4 12.8-12.8V204.8c0-6.4-6.4-12.8-12.8-12.8h-22.4c-6.4 0-12.8 6.4-12.8 12.8v134.4c0 6.4 6.4 12.8 12.8 12.8zM496 400H48V80c0-8.84-7.16-16-16-16H16C7.16 64 0 71.16 0 80v336c0 17.67 14.33 32 32 32h464c8.84 0 16-7.16 16-16v-16c0-8.84-7.16-16-16-16zm-387.2-48h22.4c6.4 0 12.8-6.4 12.8-12.8v-70.4c0-6.4-6.4-12.8-12.8-12.8h-22.4c-6.4 0-12.8 6.4-12.8 12.8v70.4c0 6.4 6.4 12.8 12.8 12.8z\" class=\"\"><\/path><\/svg><\/i> Vistas Totales&nbsp;1,278&nbsp;, Vistas Hoy&nbsp;2&nbsp;<\/p>\n<div class=\"pvc_clear\"><\/div>\n","protected":false},"excerpt":{"rendered":"<p>Autor: Gabriela Calder\u00f3n de Burgos Publicado originalmente: 25 de junio de 2021 Extra\u00eddo de: El Cato El Ministro de Econom\u00eda parece estar m\u00e1s preocupado por aumentar los ingresos del Estado que en reducir el gasto p\u00fablico y dinamizar el crecimiento. Desde esa visi\u00f3n, se suele hacer comparaciones con la carga tributaria promedio de la OCDE&#8230;<\/p>\n<div class=\"pvc_clear\"><\/div>\n<p class=\"pvc_stats all \" data-element-id=\"23389\" style=\"\"><i class=\"pvc-stats-icon medium\" aria-hidden=\"true\"><svg aria-hidden=\"true\" focusable=\"false\" data-prefix=\"far\" data-icon=\"chart-bar\" role=\"img\" xmlns=\"http:\/\/www.w3.org\/2000\/svg\" viewBox=\"0 0 512 512\" class=\"svg-inline--fa fa-chart-bar fa-w-16 fa-2x\"><path fill=\"currentColor\" d=\"M396.8 352h22.4c6.4 0 12.8-6.4 12.8-12.8V108.8c0-6.4-6.4-12.8-12.8-12.8h-22.4c-6.4 0-12.8 6.4-12.8 12.8v230.4c0 6.4 6.4 12.8 12.8 12.8zm-192 0h22.4c6.4 0 12.8-6.4 12.8-12.8V140.8c0-6.4-6.4-12.8-12.8-12.8h-22.4c-6.4 0-12.8 6.4-12.8 12.8v198.4c0 6.4 6.4 12.8 12.8 12.8zm96 0h22.4c6.4 0 12.8-6.4 12.8-12.8V204.8c0-6.4-6.4-12.8-12.8-12.8h-22.4c-6.4 0-12.8 6.4-12.8 12.8v134.4c0 6.4 6.4 12.8 12.8 12.8zM496 400H48V80c0-8.84-7.16-16-16-16H16C7.16 64 0 71.16 0 80v336c0 17.67 14.33 32 32 32h464c8.84 0 16-7.16 16-16v-16c0-8.84-7.16-16-16-16zm-387.2-48h22.4c6.4 0 12.8-6.4 12.8-12.8v-70.4c0-6.4-6.4-12.8-12.8-12.8h-22.4c-6.4 0-12.8 6.4-12.8 12.8v70.4c0 6.4 6.4 12.8 12.8 12.8z\" class=\"\"><\/path><\/svg><\/i> Vistas Totales&nbsp;1,278&nbsp;, Vistas Hoy&nbsp;2&nbsp;<\/p>\n<div class=\"pvc_clear\"><\/div>\n","protected":false},"author":2,"featured_media":23398,"comment_status":"closed","ping_status":"closed","sticky":false,"template":"","format":"standard","meta":{"footnotes":""},"categories":[22],"tags":[],"class_list":["post-23389","post","type-post","status-publish","format-standard","has-post-thumbnail","hentry","category-articulos"],"yoast_head":"<!-- This site is optimized with the Yoast SEO plugin v25.2 - https:\/\/yoast.com\/wordpress\/plugins\/seo\/ -->\n<title>El objetivo debe ser el crecimiento | CREES<\/title>\n<meta name=\"robots\" content=\"index, follow, max-snippet:-1, max-image-preview:large, max-video-preview:-1\" \/>\n<link rel=\"canonical\" href=\"https:\/\/crees.org.do\/?p=23389\" \/>\n<meta property=\"og:locale\" content=\"es_ES\" \/>\n<meta property=\"og:type\" content=\"article\" \/>\n<meta property=\"og:title\" content=\"El objetivo debe ser el crecimiento | CREES\" \/>\n<meta property=\"og:description\" content=\"Autor: Gabriela Calder\u00f3n de Burgos Publicado originalmente: 25 de junio de 2021 Extra\u00eddo de: El Cato El Ministro de Econom\u00eda parece estar m\u00e1s preocupado por aumentar los ingresos del Estado que en reducir el gasto p\u00fablico y dinamizar el crecimiento. Desde esa visi\u00f3n, se suele hacer comparaciones con la carga tributaria promedio de la OCDE...\" \/>\n<meta property=\"og:url\" content=\"https:\/\/crees.org.do\/?p=23389\" \/>\n<meta property=\"og:site_name\" content=\"CREES\" \/>\n<meta property=\"article:publisher\" content=\"https:\/\/www.facebook.com\/CREESRD\/\" \/>\n<meta property=\"article:published_time\" content=\"2022-06-08T12:10:03+00:00\" \/>\n<meta property=\"article:modified_time\" content=\"2022-06-08T15:46:21+00:00\" \/>\n<meta property=\"og:image\" content=\"https:\/\/crees.org.do\/wp-content\/uploads\/2022\/06\/api223-scaled.jpeg\" \/>\n\t<meta property=\"og:image:width\" content=\"1200\" \/>\n\t<meta property=\"og:image:height\" content=\"641\" \/>\n\t<meta property=\"og:image:type\" content=\"image\/jpeg\" \/>\n<meta name=\"author\" content=\"Crees\" \/>\n<meta name=\"twitter:card\" content=\"summary_large_image\" \/>\n<meta name=\"twitter:creator\" content=\"@CREESRD\" \/>\n<meta name=\"twitter:site\" content=\"@CREESRD\" \/>\n<meta name=\"twitter:label1\" content=\"Escrito por\" \/>\n\t<meta name=\"twitter:data1\" content=\"Crees\" \/>\n\t<meta name=\"twitter:label2\" content=\"Tiempo de lectura\" \/>\n\t<meta name=\"twitter:data2\" content=\"3 minutos\" \/>\n<script type=\"application\/ld+json\" class=\"yoast-schema-graph\">{\"@context\":\"https:\/\/schema.org\",\"@graph\":[{\"@type\":\"Article\",\"@id\":\"https:\/\/crees.org.do\/?p=23389#article\",\"isPartOf\":{\"@id\":\"https:\/\/crees.org.do\/?p=23389\"},\"author\":{\"name\":\"Crees\",\"@id\":\"https:\/\/crees.org.do\/#\/schema\/person\/e7f97cd94d7bf9cd0e0ce30acb7d56b8\"},\"headline\":\"El objetivo debe ser el crecimiento\",\"datePublished\":\"2022-06-08T12:10:03+00:00\",\"dateModified\":\"2022-06-08T15:46:21+00:00\",\"mainEntityOfPage\":{\"@id\":\"https:\/\/crees.org.do\/?p=23389\"},\"wordCount\":616,\"publisher\":{\"@id\":\"https:\/\/crees.org.do\/#organization\"},\"image\":{\"@id\":\"https:\/\/crees.org.do\/?p=23389#primaryimage\"},\"thumbnailUrl\":\"https:\/\/crees.org.do\/wp-content\/uploads\/2022\/06\/api223-scaled.jpeg\",\"articleSection\":[\"Art\u00edculos\"],\"inLanguage\":\"es\"},{\"@type\":\"WebPage\",\"@id\":\"https:\/\/crees.org.do\/?p=23389\",\"url\":\"https:\/\/crees.org.do\/?p=23389\",\"name\":\"El objetivo debe ser el crecimiento | CREES\",\"isPartOf\":{\"@id\":\"https:\/\/crees.org.do\/#website\"},\"primaryImageOfPage\":{\"@id\":\"https:\/\/crees.org.do\/?p=23389#primaryimage\"},\"image\":{\"@id\":\"https:\/\/crees.org.do\/?p=23389#primaryimage\"},\"thumbnailUrl\":\"https:\/\/crees.org.do\/wp-content\/uploads\/2022\/06\/api223-scaled.jpeg\",\"datePublished\":\"2022-06-08T12:10:03+00:00\",\"dateModified\":\"2022-06-08T15:46:21+00:00\",\"breadcrumb\":{\"@id\":\"https:\/\/crees.org.do\/?p=23389#breadcrumb\"},\"inLanguage\":\"es\",\"potentialAction\":[{\"@type\":\"ReadAction\",\"target\":[\"https:\/\/crees.org.do\/?p=23389\"]}]},{\"@type\":\"ImageObject\",\"inLanguage\":\"es\",\"@id\":\"https:\/\/crees.org.do\/?p=23389#primaryimage\",\"url\":\"https:\/\/crees.org.do\/wp-content\/uploads\/2022\/06\/api223-scaled.jpeg\",\"contentUrl\":\"https:\/\/crees.org.do\/wp-content\/uploads\/2022\/06\/api223-scaled.jpeg\",\"width\":1200,\"height\":641},{\"@type\":\"BreadcrumbList\",\"@id\":\"https:\/\/crees.org.do\/?p=23389#breadcrumb\",\"itemListElement\":[{\"@type\":\"ListItem\",\"position\":1,\"name\":\"Portada\",\"item\":\"https:\/\/crees.org.do\/\"},{\"@type\":\"ListItem\",\"position\":2,\"name\":\"El objetivo debe ser el crecimiento\"}]},{\"@type\":\"WebSite\",\"@id\":\"https:\/\/crees.org.do\/#website\",\"url\":\"https:\/\/crees.org.do\/\",\"name\":\"CREES\",\"description\":\"Centro Regional de Estrategias Econ\u00f3micas Sostenibles\",\"publisher\":{\"@id\":\"https:\/\/crees.org.do\/#organization\"},\"potentialAction\":[{\"@type\":\"SearchAction\",\"target\":{\"@type\":\"EntryPoint\",\"urlTemplate\":\"https:\/\/crees.org.do\/?s={search_term_string}\"},\"query-input\":{\"@type\":\"PropertyValueSpecification\",\"valueRequired\":true,\"valueName\":\"search_term_string\"}}],\"inLanguage\":\"es\"},{\"@type\":\"Organization\",\"@id\":\"https:\/\/crees.org.do\/#organization\",\"name\":\"CREES | Centro Regional de Estrategias Econ\u00f3micas Sostenibles\",\"url\":\"https:\/\/crees.org.do\/\",\"logo\":{\"@type\":\"ImageObject\",\"inLanguage\":\"es\",\"@id\":\"https:\/\/crees.org.do\/#\/schema\/logo\/image\/\",\"url\":\"https:\/\/crees.org.do\/wp-content\/uploads\/2022\/03\/crees-logo-1.jpg\",\"contentUrl\":\"https:\/\/crees.org.do\/wp-content\/uploads\/2022\/03\/crees-logo-1.jpg\",\"width\":244,\"height\":71,\"caption\":\"CREES | Centro Regional de Estrategias Econ\u00f3micas Sostenibles\"},\"image\":{\"@id\":\"https:\/\/crees.org.do\/#\/schema\/logo\/image\/\"},\"sameAs\":[\"https:\/\/www.facebook.com\/CREESRD\/\",\"https:\/\/x.com\/CREESRD\"]},{\"@type\":\"Person\",\"@id\":\"https:\/\/crees.org.do\/#\/schema\/person\/e7f97cd94d7bf9cd0e0ce30acb7d56b8\",\"name\":\"Crees\",\"image\":{\"@type\":\"ImageObject\",\"inLanguage\":\"es\",\"@id\":\"https:\/\/crees.org.do\/#\/schema\/person\/image\/\",\"url\":\"https:\/\/secure.gravatar.com\/avatar\/390ac8f0be5d9aa046152553e2dd7011b59a512d89c150f5e5f28bb8d9a0b165?s=96&d=mm&r=g\",\"contentUrl\":\"https:\/\/secure.gravatar.com\/avatar\/390ac8f0be5d9aa046152553e2dd7011b59a512d89c150f5e5f28bb8d9a0b165?s=96&d=mm&r=g\",\"caption\":\"Crees\"},\"url\":\"https:\/\/crees.org.do\/?author=2\"}]}<\/script>\n<!-- \/ Yoast SEO plugin. -->","yoast_head_json":{"title":"El objetivo debe ser el crecimiento | CREES","robots":{"index":"index","follow":"follow","max-snippet":"max-snippet:-1","max-image-preview":"max-image-preview:large","max-video-preview":"max-video-preview:-1"},"canonical":"https:\/\/crees.org.do\/?p=23389","og_locale":"es_ES","og_type":"article","og_title":"El objetivo debe ser el crecimiento | CREES","og_description":"Autor: Gabriela Calder\u00f3n de Burgos Publicado originalmente: 25 de junio de 2021 Extra\u00eddo de: El Cato El Ministro de Econom\u00eda parece estar m\u00e1s preocupado por aumentar los ingresos del Estado que en reducir el gasto p\u00fablico y dinamizar el crecimiento. Desde esa visi\u00f3n, se suele hacer comparaciones con la carga tributaria promedio de la OCDE...","og_url":"https:\/\/crees.org.do\/?p=23389","og_site_name":"CREES","article_publisher":"https:\/\/www.facebook.com\/CREESRD\/","article_published_time":"2022-06-08T12:10:03+00:00","article_modified_time":"2022-06-08T15:46:21+00:00","og_image":[{"width":1200,"height":641,"url":"https:\/\/crees.org.do\/wp-content\/uploads\/2022\/06\/api223-scaled.jpeg","type":"image\/jpeg"}],"author":"Crees","twitter_card":"summary_large_image","twitter_creator":"@CREESRD","twitter_site":"@CREESRD","twitter_misc":{"Escrito por":"Crees","Tiempo de lectura":"3 minutos"},"schema":{"@context":"https:\/\/schema.org","@graph":[{"@type":"Article","@id":"https:\/\/crees.org.do\/?p=23389#article","isPartOf":{"@id":"https:\/\/crees.org.do\/?p=23389"},"author":{"name":"Crees","@id":"https:\/\/crees.org.do\/#\/schema\/person\/e7f97cd94d7bf9cd0e0ce30acb7d56b8"},"headline":"El objetivo debe ser el crecimiento","datePublished":"2022-06-08T12:10:03+00:00","dateModified":"2022-06-08T15:46:21+00:00","mainEntityOfPage":{"@id":"https:\/\/crees.org.do\/?p=23389"},"wordCount":616,"publisher":{"@id":"https:\/\/crees.org.do\/#organization"},"image":{"@id":"https:\/\/crees.org.do\/?p=23389#primaryimage"},"thumbnailUrl":"https:\/\/crees.org.do\/wp-content\/uploads\/2022\/06\/api223-scaled.jpeg","articleSection":["Art\u00edculos"],"inLanguage":"es"},{"@type":"WebPage","@id":"https:\/\/crees.org.do\/?p=23389","url":"https:\/\/crees.org.do\/?p=23389","name":"El objetivo debe ser el crecimiento | CREES","isPartOf":{"@id":"https:\/\/crees.org.do\/#website"},"primaryImageOfPage":{"@id":"https:\/\/crees.org.do\/?p=23389#primaryimage"},"image":{"@id":"https:\/\/crees.org.do\/?p=23389#primaryimage"},"thumbnailUrl":"https:\/\/crees.org.do\/wp-content\/uploads\/2022\/06\/api223-scaled.jpeg","datePublished":"2022-06-08T12:10:03+00:00","dateModified":"2022-06-08T15:46:21+00:00","breadcrumb":{"@id":"https:\/\/crees.org.do\/?p=23389#breadcrumb"},"inLanguage":"es","potentialAction":[{"@type":"ReadAction","target":["https:\/\/crees.org.do\/?p=23389"]}]},{"@type":"ImageObject","inLanguage":"es","@id":"https:\/\/crees.org.do\/?p=23389#primaryimage","url":"https:\/\/crees.org.do\/wp-content\/uploads\/2022\/06\/api223-scaled.jpeg","contentUrl":"https:\/\/crees.org.do\/wp-content\/uploads\/2022\/06\/api223-scaled.jpeg","width":1200,"height":641},{"@type":"BreadcrumbList","@id":"https:\/\/crees.org.do\/?p=23389#breadcrumb","itemListElement":[{"@type":"ListItem","position":1,"name":"Portada","item":"https:\/\/crees.org.do\/"},{"@type":"ListItem","position":2,"name":"El objetivo debe ser el crecimiento"}]},{"@type":"WebSite","@id":"https:\/\/crees.org.do\/#website","url":"https:\/\/crees.org.do\/","name":"CREES","description":"Centro Regional de Estrategias Econ\u00f3micas Sostenibles","publisher":{"@id":"https:\/\/crees.org.do\/#organization"},"potentialAction":[{"@type":"SearchAction","target":{"@type":"EntryPoint","urlTemplate":"https:\/\/crees.org.do\/?s={search_term_string}"},"query-input":{"@type":"PropertyValueSpecification","valueRequired":true,"valueName":"search_term_string"}}],"inLanguage":"es"},{"@type":"Organization","@id":"https:\/\/crees.org.do\/#organization","name":"CREES | Centro Regional de Estrategias Econ\u00f3micas Sostenibles","url":"https:\/\/crees.org.do\/","logo":{"@type":"ImageObject","inLanguage":"es","@id":"https:\/\/crees.org.do\/#\/schema\/logo\/image\/","url":"https:\/\/crees.org.do\/wp-content\/uploads\/2022\/03\/crees-logo-1.jpg","contentUrl":"https:\/\/crees.org.do\/wp-content\/uploads\/2022\/03\/crees-logo-1.jpg","width":244,"height":71,"caption":"CREES | Centro Regional de Estrategias Econ\u00f3micas Sostenibles"},"image":{"@id":"https:\/\/crees.org.do\/#\/schema\/logo\/image\/"},"sameAs":["https:\/\/www.facebook.com\/CREESRD\/","https:\/\/x.com\/CREESRD"]},{"@type":"Person","@id":"https:\/\/crees.org.do\/#\/schema\/person\/e7f97cd94d7bf9cd0e0ce30acb7d56b8","name":"Crees","image":{"@type":"ImageObject","inLanguage":"es","@id":"https:\/\/crees.org.do\/#\/schema\/person\/image\/","url":"https:\/\/secure.gravatar.com\/avatar\/390ac8f0be5d9aa046152553e2dd7011b59a512d89c150f5e5f28bb8d9a0b165?s=96&d=mm&r=g","contentUrl":"https:\/\/secure.gravatar.com\/avatar\/390ac8f0be5d9aa046152553e2dd7011b59a512d89c150f5e5f28bb8d9a0b165?s=96&d=mm&r=g","caption":"Crees"},"url":"https:\/\/crees.org.do\/?author=2"}]}},"_links":{"self":[{"href":"https:\/\/crees.org.do\/index.php?rest_route=\/wp\/v2\/posts\/23389","targetHints":{"allow":["GET"]}}],"collection":[{"href":"https:\/\/crees.org.do\/index.php?rest_route=\/wp\/v2\/posts"}],"about":[{"href":"https:\/\/crees.org.do\/index.php?rest_route=\/wp\/v2\/types\/post"}],"author":[{"embeddable":true,"href":"https:\/\/crees.org.do\/index.php?rest_route=\/wp\/v2\/users\/2"}],"replies":[{"embeddable":true,"href":"https:\/\/crees.org.do\/index.php?rest_route=%2Fwp%2Fv2%2Fcomments&post=23389"}],"version-history":[{"count":3,"href":"https:\/\/crees.org.do\/index.php?rest_route=\/wp\/v2\/posts\/23389\/revisions"}],"predecessor-version":[{"id":23401,"href":"https:\/\/crees.org.do\/index.php?rest_route=\/wp\/v2\/posts\/23389\/revisions\/23401"}],"wp:featuredmedia":[{"embeddable":true,"href":"https:\/\/crees.org.do\/index.php?rest_route=\/wp\/v2\/media\/23398"}],"wp:attachment":[{"href":"https:\/\/crees.org.do\/index.php?rest_route=%2Fwp%2Fv2%2Fmedia&parent=23389"}],"wp:term":[{"taxonomy":"category","embeddable":true,"href":"https:\/\/crees.org.do\/index.php?rest_route=%2Fwp%2Fv2%2Fcategories&post=23389"},{"taxonomy":"post_tag","embeddable":true,"href":"https:\/\/crees.org.do\/index.php?rest_route=%2Fwp%2Fv2%2Ftags&post=23389"}],"curies":[{"name":"wp","href":"https:\/\/api.w.org\/{rel}","templated":true}]}}