{"id":23393,"date":"2022-06-08T12:38:57","date_gmt":"2022-06-08T12:38:57","guid":{"rendered":"https:\/\/crees.org.do\/?p=23393"},"modified":"2022-06-08T15:48:10","modified_gmt":"2022-06-08T15:48:10","slug":"la-reforma-tributaria-debe-ser-integral-no-por-partes","status":"publish","type":"post","link":"https:\/\/crees.org.do\/?p=23393","title":{"rendered":"La reforma tributaria debe ser integral, no por partes"},"content":{"rendered":"<p>Autor: Miguel Collado Di Franco<\/p>\n<p>Fecha: 8 de junio del 2022<\/p>\n<p style=\"text-align: justify;\">A finales de octubre de 2021 el gobierno dominicano anunci\u00f3 que no realizar\u00eda una modificaci\u00f3n al sistema tributario del pa\u00eds. Fue anunciado que no se crear\u00edan nuevos tributos, ni se incrementar\u00edan las tasas de los existentes; no habr\u00eda una &#8220;reforma tributaria&#8221;. Es decir, no se implementar\u00eda una modificaci\u00f3n al sistema tributario para aumentar tasas y\/o crear nuevas figuras impositivas como ha sido tradici\u00f3n, bajo el nombre de reforma.<\/p>\n<p style=\"text-align: justify;\">Si reformar es mejorar lo ya existente, no es posible hacerlo con los mismos elementos que han llevado al sistema tributario a donde se encuentra. Es decir, si la preocupaci\u00f3n de las autoridades es mejorar las recaudaciones de un sistema que tiene altos niveles de evasi\u00f3n impositiva, como es el caso del impuesto sobre la renta y del impuesto a la transferencia de bienes industrializados y servicios (ITBIS), no es posible recaudar m\u00e1s por medio de aumentos de las tasas. Tampoco creando m\u00e1s tributos. Precisamente en esos dos pilares descans\u00f3 la modificaci\u00f3n tributaria de finales de 2012 (ley 253-12), y la presi\u00f3n tributaria solo se increment\u00f3 medio punto porcentual y se ubic\u00f3 en el mismo nivel al tercer a\u00f1o de su implementaci\u00f3n. Puede inferirse, en consecuencia, que nada tiende a cambiar haciendo lo mismo.<\/p>\n<p style=\"text-align: justify;\">Hacer menos complejo el sistema actual, reducir las tasas de los tributos existentes y ampliar su alcance, facilitar el pago a los contribuyentes para que puedan dedicar m\u00e1s horas a producir y menos a cumplir con las normas, hacer las reglas m\u00e1s transparentes y f\u00e1ciles de entender para los contribuyentes, s\u00ed constituir\u00eda una reforma. En consecuencia, una reforma impositiva no debe ser vista con una mirada fiscalista o de contabilidad impositiva. Ese ha sido el enfoque desde la modificaci\u00f3n del C\u00f3digo Tributario en el a\u00f1o 2000 hasta la fecha.<\/p>\n<p style=\"text-align: justify;\">Aunque el Pacto Fiscal incluido en la ley de Estrategia Nacional de Desarrollo 2030 ha sido pospuesto, se dan pasos para modificar la estructura tributaria. El Reglamento que regula el procedimiento para la aplicaci\u00f3n del ITBIS a los servicios digitales captados en la Rep\u00fablica Dominicana es un ejemplo de las acciones que se llevan a cabo en ese sentido.<\/p>\n<p style=\"text-align: justify;\">A pesar de que en la versi\u00f3n preliminar del reglamento se plantea gravar las comisiones de las plataformas digitales, en realidad hay que considerar el impacto del impuesto que recaer\u00eda sobre el consumidor. En los casos de plataformas que sirven para poner en contacto a oferentes y demandantes, la ampliaci\u00f3n de la tributaci\u00f3n tiene el potencial de impactar a ambas partes. Si bien el sujeto pasivo, quien paga el impuesto, es la empresa que pone en contacto a, por ejemplo, due\u00f1os de veh\u00edculos con pasajeros o a due\u00f1os de viviendas con hu\u00e9spedes, el impacto impositivo recaer\u00eda sobre esos terceros.<\/p>\n<p style=\"text-align: justify;\">Antes de continuar, es necesario recordar que los servicios de transporte de carga y de pasajeros, as\u00ed como los servicios de alquiler de viviendas, est\u00e1n exentos del ITBIS. Ampliar su alcance necesitar\u00eda una ley. Aunque la base imponible son las comisiones, de acuerdo con el borrador del reglamento, podr\u00eda existir una l\u00ednea fina en t\u00e9rminos pr\u00e1cticos en su aplicaci\u00f3n.<\/p>\n<p style=\"text-align: justify;\">En fiscalidad es necesario comprender la incidencia real de los tributos. En realidad, ser\u00e1n los consumidores quienes tendr\u00e1n una potencial disminuci\u00f3n de riqueza y bienestar por mayores tarifas para estas empresas poder compensar el 18% de reducci\u00f3n en sus ganancias. Si deciden compartir esa p\u00e9rdida, o parte de esta, igual podr\u00edan hacerlo reduciendo el ingreso que ganan los due\u00f1os de los activos que ponen al servicio de los usuarios. Es decir, los propietarios de veh\u00edculos y viviendas. Un impacto similar, aunque no id\u00e9ntico, porque el modelo de negocio no es el mismo, podr\u00eda producirse con las plataformas de <em>streaming<\/em> y los otros servicios que caer\u00edan dentro del \u00e1mbito del reglamento.<\/p>\n<p style=\"text-align: justify;\">No luce coherente haber postergado la modificaci\u00f3n de los impuestos, anunciada en octubre pasado, si se introducen cambios que de todas formas impactar\u00edan al consumidor local.<\/p>\n<p style=\"text-align: justify;\">Tampoco luce coherente modificar elementos fundamentales del C\u00f3digo Tributario si los agentes econ\u00f3micos esperan una reforma integral de esta legislaci\u00f3n. Cuando se aplaz\u00f3 el llamado Pacto Fiscal en 2021 se entendi\u00f3 que la reforma integral al C\u00f3digo Tributario estaba pospuesta.<\/p>\n<p style=\"text-align: justify;\">En tal sentido, entendemos que el proyecto de ley para modificar el T\u00edtulo I del C\u00f3digo Tributario que fue dado a conocer en marzo pasado, y que se encuentra en revisi\u00f3n por las autoridades, deber\u00eda esperar a una modificaci\u00f3n integral del C\u00f3digo Tributario. Con una reforma integral se decidir\u00eda cu\u00e1les t\u00edtulos deben ser modificados, cu\u00e1les deben ser suprimidos y aquellos que deben ser adicionados. Las modificaciones deber\u00edan ir en consonancia con la nueva estructura tributaria.<\/p>\n<p style=\"text-align: justify;\">Coincidimos con abogados y expertos tributarios en que algunos elementos presentados son positivos y que hay modificaciones que deben ser ponderadas.<\/p>\n<p style=\"text-align: justify;\">Desde el punto de vista del an\u00e1lisis econ\u00f3mico del texto, preocupa que el proyecto incrementa las penas sin introducir elementos para simplificar el sistema tributario de forma tal que: 1) sea m\u00e1s f\u00e1cil tributar, 2) se reduzcan los incentivos a la evasi\u00f3n y a la elusi\u00f3n, y 3) a las mismas autoridades tributarias le sea m\u00e1s f\u00e1cil administrar el sistema para no recurrir a los castigos.<\/p>\n<p style=\"text-align: justify;\">El proyecto contin\u00faa una tradici\u00f3n en el an\u00e1lisis social de que existe una predisposici\u00f3n de los dominicanos a evadir impuestos. Se asume que evadir es algo natural, parte de la cultura, y que es una condici\u00f3n est\u00e1tica. Al proyecto carecer de un planteamiento integral, se est\u00e1 obviando la complejidad de un sistema tributario que desincentiva a los ciudadanos a formalizarse, a la vez que hace dif\u00edcil a la autoridad tributaria poder realizar su trabajo de recaudaci\u00f3n. En 1992, cuando las tasas de impuestos sobre la renta fueron reducidas, aumentaron las recaudaciones; los mismos contribuyentes dominicanos tuvieron el incentivo de aumentar su tasa de cumplimiento.<\/p>\n<p style=\"text-align: justify;\">Por otro lado, un clima de negocios requiere de certeza para los agentes econ\u00f3micos. En consecuencia, menos incertidumbre y menos discrecionalidad. Estas son caracter\u00edsticas fundamentales para realizar inversiones formales con un horizonte de largo plazo, sin demandas de reg\u00edmenes particulares de exenciones impositivas. Entendemos que el proyecto afecta el elemento de certeza.<\/p>\n<p style=\"text-align: justify;\">El proyecto introduce de forma diferente el &#8220;paga y reclama&#8221; (<em>solve et repete<\/em>) existente en el actual c\u00f3digo en su Art\u00edculo 143, pero que ha sido declarado inconstitucional por la Suprema Corte de Justicia debido a que &#8220;establece un requisito que condiciona o restringe el acceso de los individuos ante la justicia tributaria&#8221;<a href=\"#_ftn1\" name=\"_ftnref1\">[1]<\/a>.<\/p>\n<p style=\"text-align: justify;\">En tal sentido, los Art\u00edculos 210 y 211 introducen una fianza que debe ser pagada por el contribuyente para la suspensi\u00f3n de una Resoluci\u00f3n de Determinaci\u00f3n de Obligatoriedad, de una Resoluci\u00f3n de Reconsideraci\u00f3n o de una Resoluci\u00f3n Sancionatoria. La fianza deber\u00e1 ascender al 50% del valor de la deuda tributaria.<\/p>\n<p style=\"text-align: justify;\">El Art\u00edculo 134, del proyecto dado a conocer en marzo de 2022, plantea la clausura de establecimientos &#8220;sin procedimiento previo&#8221;. Esto se har\u00eda &#8220;como medida intimidatoria y no como sanci\u00f3n&#8221;, de acuerdo con el referido art\u00edculo.<\/p>\n<p style=\"text-align: justify;\">Otro elemento discrecional identificado est\u00e1 relacionado con la residencia para fines tributarios. En la actualidad, en el P\u00e1rrafo I del Art\u00edculo 12 se establece como residente quien permanezca en el pa\u00eds por 182 d\u00edas o m\u00e1s. En el Art\u00edculo 39 del proyecto se incluye como criterio adicional el siguiente: &#8220;Las personas f\u00edsicas cuyo centro de relaciones econ\u00f3micas m\u00e1s estrechas (centro de intereses vitales) se encuentre en la Rep\u00fablica Dominicana.&#8221;<\/p>\n<p style=\"text-align: justify;\">El prop\u00f3sito de este art\u00edculo es enfatizar la necesidad de realizar una reforma integral del sistema tributario, no por parte. En la actualidad existen dos posibles modificaciones que juntas encarecer\u00edan vivir y hacer negocios en el pa\u00eds e introducir\u00edan elementos de discrecionalidad e incertidumbre en el sistema tributario. El sistema tributario debe ser visto como un elemento de competitividad, como un factor diferenciador que coloque a Rep\u00fablica Dominicana como el destino m\u00e1s atractivo para hacer negocios en Am\u00e9rica Latina. Parecernos a otros pa\u00edses de la regi\u00f3n no nos ayudar\u00e1 con el prop\u00f3sito de avanzar m\u00e1s r\u00e1pido en nuestro desarrollo.<\/p>\n<p>&nbsp;<\/p>\n<p><a href=\"#_ftnref1\" name=\"_ftn1\">[1]<\/a> Subero Isa, Jorge. &#8220;Discurso Conmemorativo D\u00eda del Poder Judicial&#8221;. 7 de enero de 2010. <em>Suprema Corte de Justicia de la Rep\u00fablica Dominicana<\/em>, transparencia.poderjudicial.gob.do<\/p>\n<div class=\"pvc_clear\"><\/div>\n<p class=\"pvc_stats all \" data-element-id=\"23393\" style=\"\"><i class=\"pvc-stats-icon medium\" aria-hidden=\"true\"><svg aria-hidden=\"true\" focusable=\"false\" data-prefix=\"far\" data-icon=\"chart-bar\" role=\"img\" xmlns=\"http:\/\/www.w3.org\/2000\/svg\" viewBox=\"0 0 512 512\" class=\"svg-inline--fa fa-chart-bar fa-w-16 fa-2x\"><path fill=\"currentColor\" d=\"M396.8 352h22.4c6.4 0 12.8-6.4 12.8-12.8V108.8c0-6.4-6.4-12.8-12.8-12.8h-22.4c-6.4 0-12.8 6.4-12.8 12.8v230.4c0 6.4 6.4 12.8 12.8 12.8zm-192 0h22.4c6.4 0 12.8-6.4 12.8-12.8V140.8c0-6.4-6.4-12.8-12.8-12.8h-22.4c-6.4 0-12.8 6.4-12.8 12.8v198.4c0 6.4 6.4 12.8 12.8 12.8zm96 0h22.4c6.4 0 12.8-6.4 12.8-12.8V204.8c0-6.4-6.4-12.8-12.8-12.8h-22.4c-6.4 0-12.8 6.4-12.8 12.8v134.4c0 6.4 6.4 12.8 12.8 12.8zM496 400H48V80c0-8.84-7.16-16-16-16H16C7.16 64 0 71.16 0 80v336c0 17.67 14.33 32 32 32h464c8.84 0 16-7.16 16-16v-16c0-8.84-7.16-16-16-16zm-387.2-48h22.4c6.4 0 12.8-6.4 12.8-12.8v-70.4c0-6.4-6.4-12.8-12.8-12.8h-22.4c-6.4 0-12.8 6.4-12.8 12.8v70.4c0 6.4 6.4 12.8 12.8 12.8z\" class=\"\"><\/path><\/svg><\/i> Vistas Totales&nbsp;1,940&nbsp;, Vistas Hoy&nbsp;6&nbsp;<\/p>\n<div class=\"pvc_clear\"><\/div>\n","protected":false},"excerpt":{"rendered":"<p>Autor: Miguel Collado Di Franco Fecha: 8 de junio del 2022 A finales de octubre de 2021 el gobierno dominicano anunci\u00f3 que no realizar\u00eda una modificaci\u00f3n al sistema tributario del pa\u00eds. Fue anunciado que no se crear\u00edan nuevos tributos, ni se incrementar\u00edan las tasas de los existentes; no habr\u00eda una &#8220;reforma tributaria&#8221;. Es decir, no&#8230;<\/p>\n<div class=\"pvc_clear\"><\/div>\n<p class=\"pvc_stats all \" data-element-id=\"23393\" style=\"\"><i class=\"pvc-stats-icon medium\" aria-hidden=\"true\"><svg aria-hidden=\"true\" focusable=\"false\" data-prefix=\"far\" data-icon=\"chart-bar\" role=\"img\" xmlns=\"http:\/\/www.w3.org\/2000\/svg\" viewBox=\"0 0 512 512\" class=\"svg-inline--fa fa-chart-bar fa-w-16 fa-2x\"><path fill=\"currentColor\" d=\"M396.8 352h22.4c6.4 0 12.8-6.4 12.8-12.8V108.8c0-6.4-6.4-12.8-12.8-12.8h-22.4c-6.4 0-12.8 6.4-12.8 12.8v230.4c0 6.4 6.4 12.8 12.8 12.8zm-192 0h22.4c6.4 0 12.8-6.4 12.8-12.8V140.8c0-6.4-6.4-12.8-12.8-12.8h-22.4c-6.4 0-12.8 6.4-12.8 12.8v198.4c0 6.4 6.4 12.8 12.8 12.8zm96 0h22.4c6.4 0 12.8-6.4 12.8-12.8V204.8c0-6.4-6.4-12.8-12.8-12.8h-22.4c-6.4 0-12.8 6.4-12.8 12.8v134.4c0 6.4 6.4 12.8 12.8 12.8zM496 400H48V80c0-8.84-7.16-16-16-16H16C7.16 64 0 71.16 0 80v336c0 17.67 14.33 32 32 32h464c8.84 0 16-7.16 16-16v-16c0-8.84-7.16-16-16-16zm-387.2-48h22.4c6.4 0 12.8-6.4 12.8-12.8v-70.4c0-6.4-6.4-12.8-12.8-12.8h-22.4c-6.4 0-12.8 6.4-12.8 12.8v70.4c0 6.4 6.4 12.8 12.8 12.8z\" class=\"\"><\/path><\/svg><\/i> Vistas Totales&nbsp;1,940&nbsp;, Vistas Hoy&nbsp;6&nbsp;<\/p>\n<div class=\"pvc_clear\"><\/div>\n","protected":false},"author":2,"featured_media":23399,"comment_status":"closed","ping_status":"closed","sticky":false,"template":"","format":"standard","meta":{"footnotes":""},"categories":[22],"tags":[],"class_list":["post-23393","post","type-post","status-publish","format-standard","has-post-thumbnail","hentry","category-articulos"],"yoast_head":"<!-- This site is optimized with the Yoast SEO plugin v25.2 - https:\/\/yoast.com\/wordpress\/plugins\/seo\/ -->\n<title>La reforma tributaria debe ser integral, no por partes | CREES<\/title>\n<meta name=\"robots\" content=\"index, follow, max-snippet:-1, max-image-preview:large, max-video-preview:-1\" \/>\n<link rel=\"canonical\" href=\"https:\/\/crees.org.do\/?p=23393\" \/>\n<meta property=\"og:locale\" content=\"es_ES\" \/>\n<meta property=\"og:type\" content=\"article\" \/>\n<meta property=\"og:title\" content=\"La reforma tributaria debe ser integral, no por partes | CREES\" \/>\n<meta property=\"og:description\" content=\"Autor: Miguel Collado Di Franco Fecha: 8 de junio del 2022 A finales de octubre de 2021 el gobierno dominicano anunci\u00f3 que no realizar\u00eda una modificaci\u00f3n al sistema tributario del pa\u00eds. Fue anunciado que no se crear\u00edan nuevos tributos, ni se incrementar\u00edan las tasas de los existentes; no habr\u00eda una &#8220;reforma tributaria&#8221;. Es decir, no...\" \/>\n<meta property=\"og:url\" content=\"https:\/\/crees.org.do\/?p=23393\" \/>\n<meta property=\"og:site_name\" content=\"CREES\" \/>\n<meta property=\"article:publisher\" content=\"https:\/\/www.facebook.com\/CREESRD\/\" \/>\n<meta property=\"article:published_time\" content=\"2022-06-08T12:38:57+00:00\" \/>\n<meta property=\"article:modified_time\" content=\"2022-06-08T15:48:10+00:00\" \/>\n<meta property=\"og:image\" content=\"https:\/\/crees.org.do\/wp-content\/uploads\/2022\/06\/2-Untitled.png\" \/>\n\t<meta property=\"og:image:width\" content=\"1266\" \/>\n\t<meta property=\"og:image:height\" content=\"866\" \/>\n\t<meta property=\"og:image:type\" content=\"image\/png\" \/>\n<meta name=\"author\" content=\"Crees\" \/>\n<meta name=\"twitter:card\" content=\"summary_large_image\" \/>\n<meta name=\"twitter:creator\" content=\"@CREESRD\" \/>\n<meta name=\"twitter:site\" content=\"@CREESRD\" \/>\n<meta name=\"twitter:label1\" content=\"Escrito por\" \/>\n\t<meta name=\"twitter:data1\" content=\"Crees\" \/>\n\t<meta name=\"twitter:label2\" content=\"Tiempo de lectura\" \/>\n\t<meta name=\"twitter:data2\" content=\"1 minuto\" \/>\n<script type=\"application\/ld+json\" class=\"yoast-schema-graph\">{\"@context\":\"https:\/\/schema.org\",\"@graph\":[{\"@type\":\"Article\",\"@id\":\"https:\/\/crees.org.do\/?p=23393#article\",\"isPartOf\":{\"@id\":\"https:\/\/crees.org.do\/?p=23393\"},\"author\":{\"name\":\"Crees\",\"@id\":\"https:\/\/crees.org.do\/#\/schema\/person\/e7f97cd94d7bf9cd0e0ce30acb7d56b8\"},\"headline\":\"La reforma tributaria debe ser integral, no por partes\",\"datePublished\":\"2022-06-08T12:38:57+00:00\",\"dateModified\":\"2022-06-08T15:48:10+00:00\",\"mainEntityOfPage\":{\"@id\":\"https:\/\/crees.org.do\/?p=23393\"},\"wordCount\":1461,\"publisher\":{\"@id\":\"https:\/\/crees.org.do\/#organization\"},\"image\":{\"@id\":\"https:\/\/crees.org.do\/?p=23393#primaryimage\"},\"thumbnailUrl\":\"https:\/\/crees.org.do\/wp-content\/uploads\/2022\/06\/2-Untitled.png\",\"articleSection\":[\"Art\u00edculos\"],\"inLanguage\":\"es\"},{\"@type\":\"WebPage\",\"@id\":\"https:\/\/crees.org.do\/?p=23393\",\"url\":\"https:\/\/crees.org.do\/?p=23393\",\"name\":\"La reforma tributaria debe ser integral, no por partes | CREES\",\"isPartOf\":{\"@id\":\"https:\/\/crees.org.do\/#website\"},\"primaryImageOfPage\":{\"@id\":\"https:\/\/crees.org.do\/?p=23393#primaryimage\"},\"image\":{\"@id\":\"https:\/\/crees.org.do\/?p=23393#primaryimage\"},\"thumbnailUrl\":\"https:\/\/crees.org.do\/wp-content\/uploads\/2022\/06\/2-Untitled.png\",\"datePublished\":\"2022-06-08T12:38:57+00:00\",\"dateModified\":\"2022-06-08T15:48:10+00:00\",\"breadcrumb\":{\"@id\":\"https:\/\/crees.org.do\/?p=23393#breadcrumb\"},\"inLanguage\":\"es\",\"potentialAction\":[{\"@type\":\"ReadAction\",\"target\":[\"https:\/\/crees.org.do\/?p=23393\"]}]},{\"@type\":\"ImageObject\",\"inLanguage\":\"es\",\"@id\":\"https:\/\/crees.org.do\/?p=23393#primaryimage\",\"url\":\"https:\/\/crees.org.do\/wp-content\/uploads\/2022\/06\/2-Untitled.png\",\"contentUrl\":\"https:\/\/crees.org.do\/wp-content\/uploads\/2022\/06\/2-Untitled.png\",\"width\":1266,\"height\":866},{\"@type\":\"BreadcrumbList\",\"@id\":\"https:\/\/crees.org.do\/?p=23393#breadcrumb\",\"itemListElement\":[{\"@type\":\"ListItem\",\"position\":1,\"name\":\"Portada\",\"item\":\"https:\/\/crees.org.do\/\"},{\"@type\":\"ListItem\",\"position\":2,\"name\":\"La reforma tributaria debe ser integral, no por partes\"}]},{\"@type\":\"WebSite\",\"@id\":\"https:\/\/crees.org.do\/#website\",\"url\":\"https:\/\/crees.org.do\/\",\"name\":\"CREES\",\"description\":\"Centro Regional de Estrategias Econ\u00f3micas Sostenibles\",\"publisher\":{\"@id\":\"https:\/\/crees.org.do\/#organization\"},\"potentialAction\":[{\"@type\":\"SearchAction\",\"target\":{\"@type\":\"EntryPoint\",\"urlTemplate\":\"https:\/\/crees.org.do\/?s={search_term_string}\"},\"query-input\":{\"@type\":\"PropertyValueSpecification\",\"valueRequired\":true,\"valueName\":\"search_term_string\"}}],\"inLanguage\":\"es\"},{\"@type\":\"Organization\",\"@id\":\"https:\/\/crees.org.do\/#organization\",\"name\":\"CREES | Centro Regional de Estrategias Econ\u00f3micas Sostenibles\",\"url\":\"https:\/\/crees.org.do\/\",\"logo\":{\"@type\":\"ImageObject\",\"inLanguage\":\"es\",\"@id\":\"https:\/\/crees.org.do\/#\/schema\/logo\/image\/\",\"url\":\"https:\/\/crees.org.do\/wp-content\/uploads\/2022\/03\/crees-logo-1.jpg\",\"contentUrl\":\"https:\/\/crees.org.do\/wp-content\/uploads\/2022\/03\/crees-logo-1.jpg\",\"width\":244,\"height\":71,\"caption\":\"CREES | Centro Regional de Estrategias Econ\u00f3micas Sostenibles\"},\"image\":{\"@id\":\"https:\/\/crees.org.do\/#\/schema\/logo\/image\/\"},\"sameAs\":[\"https:\/\/www.facebook.com\/CREESRD\/\",\"https:\/\/x.com\/CREESRD\"]},{\"@type\":\"Person\",\"@id\":\"https:\/\/crees.org.do\/#\/schema\/person\/e7f97cd94d7bf9cd0e0ce30acb7d56b8\",\"name\":\"Crees\",\"image\":{\"@type\":\"ImageObject\",\"inLanguage\":\"es\",\"@id\":\"https:\/\/crees.org.do\/#\/schema\/person\/image\/\",\"url\":\"https:\/\/secure.gravatar.com\/avatar\/390ac8f0be5d9aa046152553e2dd7011b59a512d89c150f5e5f28bb8d9a0b165?s=96&d=mm&r=g\",\"contentUrl\":\"https:\/\/secure.gravatar.com\/avatar\/390ac8f0be5d9aa046152553e2dd7011b59a512d89c150f5e5f28bb8d9a0b165?s=96&d=mm&r=g\",\"caption\":\"Crees\"},\"url\":\"https:\/\/crees.org.do\/?author=2\"}]}<\/script>\n<!-- \/ Yoast SEO plugin. -->","yoast_head_json":{"title":"La reforma tributaria debe ser integral, no por partes | CREES","robots":{"index":"index","follow":"follow","max-snippet":"max-snippet:-1","max-image-preview":"max-image-preview:large","max-video-preview":"max-video-preview:-1"},"canonical":"https:\/\/crees.org.do\/?p=23393","og_locale":"es_ES","og_type":"article","og_title":"La reforma tributaria debe ser integral, no por partes | CREES","og_description":"Autor: Miguel Collado Di Franco Fecha: 8 de junio del 2022 A finales de octubre de 2021 el gobierno dominicano anunci\u00f3 que no realizar\u00eda una modificaci\u00f3n al sistema tributario del pa\u00eds. Fue anunciado que no se crear\u00edan nuevos tributos, ni se incrementar\u00edan las tasas de los existentes; no habr\u00eda una &#8220;reforma tributaria&#8221;. Es decir, no...","og_url":"https:\/\/crees.org.do\/?p=23393","og_site_name":"CREES","article_publisher":"https:\/\/www.facebook.com\/CREESRD\/","article_published_time":"2022-06-08T12:38:57+00:00","article_modified_time":"2022-06-08T15:48:10+00:00","og_image":[{"width":1266,"height":866,"url":"https:\/\/crees.org.do\/wp-content\/uploads\/2022\/06\/2-Untitled.png","type":"image\/png"}],"author":"Crees","twitter_card":"summary_large_image","twitter_creator":"@CREESRD","twitter_site":"@CREESRD","twitter_misc":{"Escrito por":"Crees","Tiempo de lectura":"1 minuto"},"schema":{"@context":"https:\/\/schema.org","@graph":[{"@type":"Article","@id":"https:\/\/crees.org.do\/?p=23393#article","isPartOf":{"@id":"https:\/\/crees.org.do\/?p=23393"},"author":{"name":"Crees","@id":"https:\/\/crees.org.do\/#\/schema\/person\/e7f97cd94d7bf9cd0e0ce30acb7d56b8"},"headline":"La reforma tributaria debe ser integral, no por partes","datePublished":"2022-06-08T12:38:57+00:00","dateModified":"2022-06-08T15:48:10+00:00","mainEntityOfPage":{"@id":"https:\/\/crees.org.do\/?p=23393"},"wordCount":1461,"publisher":{"@id":"https:\/\/crees.org.do\/#organization"},"image":{"@id":"https:\/\/crees.org.do\/?p=23393#primaryimage"},"thumbnailUrl":"https:\/\/crees.org.do\/wp-content\/uploads\/2022\/06\/2-Untitled.png","articleSection":["Art\u00edculos"],"inLanguage":"es"},{"@type":"WebPage","@id":"https:\/\/crees.org.do\/?p=23393","url":"https:\/\/crees.org.do\/?p=23393","name":"La reforma tributaria debe ser integral, no por partes | CREES","isPartOf":{"@id":"https:\/\/crees.org.do\/#website"},"primaryImageOfPage":{"@id":"https:\/\/crees.org.do\/?p=23393#primaryimage"},"image":{"@id":"https:\/\/crees.org.do\/?p=23393#primaryimage"},"thumbnailUrl":"https:\/\/crees.org.do\/wp-content\/uploads\/2022\/06\/2-Untitled.png","datePublished":"2022-06-08T12:38:57+00:00","dateModified":"2022-06-08T15:48:10+00:00","breadcrumb":{"@id":"https:\/\/crees.org.do\/?p=23393#breadcrumb"},"inLanguage":"es","potentialAction":[{"@type":"ReadAction","target":["https:\/\/crees.org.do\/?p=23393"]}]},{"@type":"ImageObject","inLanguage":"es","@id":"https:\/\/crees.org.do\/?p=23393#primaryimage","url":"https:\/\/crees.org.do\/wp-content\/uploads\/2022\/06\/2-Untitled.png","contentUrl":"https:\/\/crees.org.do\/wp-content\/uploads\/2022\/06\/2-Untitled.png","width":1266,"height":866},{"@type":"BreadcrumbList","@id":"https:\/\/crees.org.do\/?p=23393#breadcrumb","itemListElement":[{"@type":"ListItem","position":1,"name":"Portada","item":"https:\/\/crees.org.do\/"},{"@type":"ListItem","position":2,"name":"La reforma tributaria debe ser integral, no por partes"}]},{"@type":"WebSite","@id":"https:\/\/crees.org.do\/#website","url":"https:\/\/crees.org.do\/","name":"CREES","description":"Centro Regional de Estrategias Econ\u00f3micas Sostenibles","publisher":{"@id":"https:\/\/crees.org.do\/#organization"},"potentialAction":[{"@type":"SearchAction","target":{"@type":"EntryPoint","urlTemplate":"https:\/\/crees.org.do\/?s={search_term_string}"},"query-input":{"@type":"PropertyValueSpecification","valueRequired":true,"valueName":"search_term_string"}}],"inLanguage":"es"},{"@type":"Organization","@id":"https:\/\/crees.org.do\/#organization","name":"CREES | Centro Regional de Estrategias Econ\u00f3micas Sostenibles","url":"https:\/\/crees.org.do\/","logo":{"@type":"ImageObject","inLanguage":"es","@id":"https:\/\/crees.org.do\/#\/schema\/logo\/image\/","url":"https:\/\/crees.org.do\/wp-content\/uploads\/2022\/03\/crees-logo-1.jpg","contentUrl":"https:\/\/crees.org.do\/wp-content\/uploads\/2022\/03\/crees-logo-1.jpg","width":244,"height":71,"caption":"CREES | Centro Regional de Estrategias Econ\u00f3micas Sostenibles"},"image":{"@id":"https:\/\/crees.org.do\/#\/schema\/logo\/image\/"},"sameAs":["https:\/\/www.facebook.com\/CREESRD\/","https:\/\/x.com\/CREESRD"]},{"@type":"Person","@id":"https:\/\/crees.org.do\/#\/schema\/person\/e7f97cd94d7bf9cd0e0ce30acb7d56b8","name":"Crees","image":{"@type":"ImageObject","inLanguage":"es","@id":"https:\/\/crees.org.do\/#\/schema\/person\/image\/","url":"https:\/\/secure.gravatar.com\/avatar\/390ac8f0be5d9aa046152553e2dd7011b59a512d89c150f5e5f28bb8d9a0b165?s=96&d=mm&r=g","contentUrl":"https:\/\/secure.gravatar.com\/avatar\/390ac8f0be5d9aa046152553e2dd7011b59a512d89c150f5e5f28bb8d9a0b165?s=96&d=mm&r=g","caption":"Crees"},"url":"https:\/\/crees.org.do\/?author=2"}]}},"_links":{"self":[{"href":"https:\/\/crees.org.do\/index.php?rest_route=\/wp\/v2\/posts\/23393","targetHints":{"allow":["GET"]}}],"collection":[{"href":"https:\/\/crees.org.do\/index.php?rest_route=\/wp\/v2\/posts"}],"about":[{"href":"https:\/\/crees.org.do\/index.php?rest_route=\/wp\/v2\/types\/post"}],"author":[{"embeddable":true,"href":"https:\/\/crees.org.do\/index.php?rest_route=\/wp\/v2\/users\/2"}],"replies":[{"embeddable":true,"href":"https:\/\/crees.org.do\/index.php?rest_route=%2Fwp%2Fv2%2Fcomments&post=23393"}],"version-history":[{"count":3,"href":"https:\/\/crees.org.do\/index.php?rest_route=\/wp\/v2\/posts\/23393\/revisions"}],"predecessor-version":[{"id":23396,"href":"https:\/\/crees.org.do\/index.php?rest_route=\/wp\/v2\/posts\/23393\/revisions\/23396"}],"wp:featuredmedia":[{"embeddable":true,"href":"https:\/\/crees.org.do\/index.php?rest_route=\/wp\/v2\/media\/23399"}],"wp:attachment":[{"href":"https:\/\/crees.org.do\/index.php?rest_route=%2Fwp%2Fv2%2Fmedia&parent=23393"}],"wp:term":[{"taxonomy":"category","embeddable":true,"href":"https:\/\/crees.org.do\/index.php?rest_route=%2Fwp%2Fv2%2Fcategories&post=23393"},{"taxonomy":"post_tag","embeddable":true,"href":"https:\/\/crees.org.do\/index.php?rest_route=%2Fwp%2Fv2%2Ftags&post=23393"}],"curies":[{"name":"wp","href":"https:\/\/api.w.org\/{rel}","templated":true}]}}