{"id":23454,"date":"2022-06-09T13:42:08","date_gmt":"2022-06-09T13:42:08","guid":{"rendered":"https:\/\/crees.org.do\/?p=23454"},"modified":"2022-06-14T13:42:24","modified_gmt":"2022-06-14T13:42:24","slug":"que-es-la-estanflacion-y-por-que-es-motivo-de-preocupacion","status":"publish","type":"post","link":"https:\/\/crees.org.do\/?p=23454","title":{"rendered":"\u00bfQu\u00e9 es la estanflaci\u00f3n y por qu\u00e9 es motivo de preocupaci\u00f3n?"},"content":{"rendered":"<p style=\"text-align: justify;\">Autor: Yadimir Crespo<\/p>\n<p style=\"text-align: justify;\">Fecha: 9 de junio del 2022<\/p>\n<p style=\"text-align: justify;\">Extra\u00eddo de: List\u00edn Diario<\/p>\n<p style=\"text-align: justify;\">Sin dudas, la guerra entre Ucrania y Rusia tra\u00eda consigo demoledores efectos a la econom\u00eda mundial: alzas prolongadas de los precios del petr\u00f3leo y sus derivados, as\u00ed como tambi\u00e9n la subida de los costos de materias primas y metales; adem\u00e1s, amenazas a la seguridad alimentaria, pues\u00a0 ambos son pa\u00edses agr\u00edcolas, entre otras consecuencias.<\/p>\n<p style=\"text-align: justify;\">Cada una de ellas se est\u00e1n viviendo en el pa\u00eds y se podr\u00eda agregar una m\u00e1s. Recientemente el Banco Mundial inform\u00f3 que, como consecuencia de este conflicto entre ambos pa\u00edses europeos, existe una\u00a0<strong><a href=\"https:\/\/listindiario.com\/economia\/2022\/06\/07\/724714\/en-medio-de-una-abrupta-desaceleracion-del-crecimiento-aumenta-el-riesgo-de-estanflacion\" target=\"_blank\" rel=\"noopener\">alerta de riesgo de \u201cestanflaci\u00f3n\u201d<\/a><\/strong>.<\/p>\n<p style=\"text-align: justify;\">Este fen\u00f3meno, cuyo t\u00e9rmino original proviene del ingl\u00e9s y es \u201c<strong><a href=\"https:\/\/listindiario.com\/economia\/2022\/03\/04\/711570\/que-es-una-estanflacion\" target=\"_blank\" rel=\"noopener\">stagflation<\/a><\/strong>\u201d, se da cuando una econom\u00eda\u00a0<strong>tiene decrecimiento o crecimiento muy bajo<\/strong>\u00a0de la actividad econ\u00f3mica, acompa\u00f1ado de un incremento prolongado de los precios de los bienes y servicios.<\/p>\n<p style=\"text-align: justify;\">\u201cEn general se puede decir que se refiere a una econom\u00eda que est\u00e1 en estancamiento, pero persiste el aumento de precios de bienes y servicios\u201d, explica Arturo Mart\u00ednez Moya, miembro de la Junta Monetaria del Banco Central sobre este t\u00e9rmino originado en 1965, cuando el ministro de Finanzas brit\u00e1nico asegur\u00f3 que Reino Unido se encontraba viviendo este fen\u00f3meno.<\/p>\n<p style=\"text-align: justify;\">De suceder hoy en d\u00eda en el pa\u00eds, esto<strong>\u00a0afectar\u00eda la recuperaci\u00f3n de la econom\u00eda\u00a0<\/strong>tras la pandemia por Covid-19 iniciada a principios de 2020, seg\u00fan el economista Miguel Collado Di Franco.<\/p>\n<p style=\"text-align: justify;\">\u201cSi tienes estanflaci\u00f3n en Estados Unidos que es nuestro principal socio comercial, de donde vienen las remesas y la mayor\u00eda de turistas, pues podr\u00eda afectarnos obviamente ya que no tendr\u00edan igual capacidad de compra y si los ingresos de los habitantes de este pa\u00eds en particular disminuyen, pues eso tendr\u00eda su efecto\u201d, ejemplifica Collado Di Franco haciendo la salvedad de que su ilustraci\u00f3n se puede extender a otras naciones.<\/p>\n<p style=\"text-align: justify;\">Como resultado de ese estancamiento del desarrollo econ\u00f3mico, Rep\u00fablica Dominicana pudiera sufrir adem\u00e1s un\u00a0<strong>aumento constante de desempleo<\/strong>, ya que las empresas dejan de vender ante la disminuci\u00f3n de la compra por parte de la ciudadan\u00eda que prefiere no adquirir ciertos productos por los altos precios.<\/p>\n<p style=\"text-align: justify;\">Ambos entrevistados coinciden en que el mayor riesgo que tiene el pa\u00eds es la\u00a0<strong>inflaci\u00f3n importada<\/strong>, lo que no depende de las autoridades dominicanas.<\/p>\n<h3 style=\"text-align: justify;\"><strong>\u00bfC\u00f3mo contrarrestarla?<\/strong><\/h3>\n<p style=\"text-align: justify;\">Ese fen\u00f3meno se ve provocado por diversos factores, entre los que Mart\u00ednez Moya menciona el aumento del precio del barril de petr\u00f3leo, los precios de la materia prima muy altos, la pausa de la producci\u00f3n de granos, el atasco de las exportaciones y el encarecimiento de los alimentos, la permanente incidencia del Covid-19 en China, entre otros.<\/p>\n<p style=\"text-align: justify;\">\u201cEso est\u00e1 provocando una inflaci\u00f3n importada que no depende del gobierno dominicano, que no depende del Banco Central y a eso se le suma entonces la inflaci\u00f3n generada aqu\u00ed; por esa raz\u00f3n,\u00a0<strong>el papel del Banco Central es minimizar la inflaci\u00f3n local<\/strong>\u201d, dice el economista.<\/p>\n<p style=\"text-align: justify;\">Mart\u00ednez Moya aplaude que el gobierno adoptara medidas como la eliminaci\u00f3n por seis meses del arancel a ciertos productos de la canasta b\u00e1sica familiar y los subsidios que est\u00e1n destinando a los combustibles.<\/p>\n<p style=\"text-align: justify;\">Asimismo, cree que el Banco Central deber\u00eda continuar limitando el exceso de liquidez que pueda haber en la calle y en bancos comerciales, y sacarlo de circulaci\u00f3n como lo ha estado haciendo ya que \u201celimina la posibilidad de crear inflaci\u00f3n adicional internamente\u201d.<\/p>\n<p style=\"text-align: justify;\">No obstante, Miguel Collado Di Franco, quien adem\u00e1s es vicepresidente ejecutivo del Centro Regional de Estrategias Econ\u00f3micas Sostenibles (CREES RD), considera que\u00a0<strong>se pueden aplicar otras medidas<\/strong>, a pesar de que no se ha evidenciado en los \u00faltimos meses que el pa\u00eds est\u00e9 viviendo estanflaci\u00f3n o est\u00e9 cerca de hacerlo, esto visto desde principales indicadores de la econom\u00eda.<\/p>\n<p style=\"text-align: justify;\">Entre las ideas que propone el CREES para contrarrestar este fen\u00f3meno menciona \u201cromper la complacencia del status quo y\u00a0<strong>hacer reformas estructurales<\/strong>\u00a0que reduzcan los costos de vivir y hacer negocios en Rep\u00fablica Dominicana\u201d.<\/p>\n<p style=\"text-align: justify;\">Con ello, Collado Di Franco se refiere a realizar cambios en el transporte, por ejemplo, ya que el pa\u00eds cuenta con\u00a0<strong>uno de los sistemas de trasporte m\u00e1s caros<\/strong>\u00a0de la regi\u00f3n por la existencia de estructuras monop\u00f3licas. Asimismo, considera que se debe reformar el sistema energ\u00e9tico, para que haya menos costos de autogeneraci\u00f3n.<\/p>\n<p style=\"text-align: justify;\">Adem\u00e1s, se\u00f1ala que una de las razones por la que los combustibles son caros en Rep\u00fablica Dominicana se debe a que son altamente gravados. Por ello, sugiere tambi\u00e9n que se reduzcan los impuestos en hidrocarburos y abrir el mercado a la competencia.<\/p>\n<p style=\"text-align: justify;\">Reformas laborales que flexibilicen el mercado laboral, as\u00ed como tambi\u00e9n la simplificaci\u00f3n del sistema tributario, son otras de las propuestas del CREES que incluso posicionar\u00edan a Rep\u00fablica Dominicana en lugares m\u00e1s competitivos, especialmente para inversionistas.<\/p>\n<h3 style=\"text-align: justify;\"><strong>+ Sepa m\u00e1s<\/strong><\/h3>\n<p style=\"text-align: justify;\">Como resultado de los da\u00f1os derivados de la pandemia y la guerra, este a\u00f1o, el nivel de ingreso per c\u00e1pita de las econom\u00edas en desarrollo se ubicar\u00e1 casi un 5 % por debajo de su tendencia previa a la pandemia, seg\u00fan el informe publicado por el Banco Mundial.<\/p>\n<p style=\"text-align: justify;\">En el informe Perspectivas econ\u00f3micas mundiales del mes de junio se presenta la primera evaluaci\u00f3n sistem\u00e1tica de la forma en que las actuales circunstancias econ\u00f3micas mundiales se comparan con la estanflaci\u00f3n de la d\u00e9cada de 1970, con especial \u00e9nfasis en la forma en que la estanflaci\u00f3n podr\u00eda afectar los mercados emergentes y las econom\u00edas en desarrollo.<\/p>\n<p style=\"text-align: justify;\">La recuperaci\u00f3n de la estanflaci\u00f3n que se registr\u00f3 en los a\u00f1os setenta exigi\u00f3 fuertes aumentos en las tasas de inter\u00e9s en las principales econom\u00edas avanzadas, lo que contribuy\u00f3 en gran medida a desencadenar una serie de crisis financieras en los mercados emergentes y las econom\u00edas en desarrollo.<\/p>\n<div class=\"pvc_clear\"><\/div>\n<p class=\"pvc_stats all \" data-element-id=\"23454\" style=\"\"><i class=\"pvc-stats-icon medium\" aria-hidden=\"true\"><svg aria-hidden=\"true\" focusable=\"false\" data-prefix=\"far\" data-icon=\"chart-bar\" role=\"img\" xmlns=\"http:\/\/www.w3.org\/2000\/svg\" viewBox=\"0 0 512 512\" class=\"svg-inline--fa fa-chart-bar fa-w-16 fa-2x\"><path fill=\"currentColor\" d=\"M396.8 352h22.4c6.4 0 12.8-6.4 12.8-12.8V108.8c0-6.4-6.4-12.8-12.8-12.8h-22.4c-6.4 0-12.8 6.4-12.8 12.8v230.4c0 6.4 6.4 12.8 12.8 12.8zm-192 0h22.4c6.4 0 12.8-6.4 12.8-12.8V140.8c0-6.4-6.4-12.8-12.8-12.8h-22.4c-6.4 0-12.8 6.4-12.8 12.8v198.4c0 6.4 6.4 12.8 12.8 12.8zm96 0h22.4c6.4 0 12.8-6.4 12.8-12.8V204.8c0-6.4-6.4-12.8-12.8-12.8h-22.4c-6.4 0-12.8 6.4-12.8 12.8v134.4c0 6.4 6.4 12.8 12.8 12.8zM496 400H48V80c0-8.84-7.16-16-16-16H16C7.16 64 0 71.16 0 80v336c0 17.67 14.33 32 32 32h464c8.84 0 16-7.16 16-16v-16c0-8.84-7.16-16-16-16zm-387.2-48h22.4c6.4 0 12.8-6.4 12.8-12.8v-70.4c0-6.4-6.4-12.8-12.8-12.8h-22.4c-6.4 0-12.8 6.4-12.8 12.8v70.4c0 6.4 6.4 12.8 12.8 12.8z\" class=\"\"><\/path><\/svg><\/i> Vistas Totales&nbsp;1,482&nbsp;, Vistas Hoy&nbsp;4&nbsp;<\/p>\n<div class=\"pvc_clear\"><\/div>\n","protected":false},"excerpt":{"rendered":"<p>Autor: Yadimir Crespo Fecha: 9 de junio del 2022 Extra\u00eddo de: List\u00edn Diario Sin dudas, la guerra entre Ucrania y Rusia tra\u00eda consigo demoledores efectos a la econom\u00eda mundial: alzas prolongadas de los precios del petr\u00f3leo y sus derivados, as\u00ed como tambi\u00e9n la subida de los costos de materias primas y metales; adem\u00e1s, amenazas a&#8230;<\/p>\n<div class=\"pvc_clear\"><\/div>\n<p class=\"pvc_stats all \" data-element-id=\"23454\" style=\"\"><i class=\"pvc-stats-icon medium\" aria-hidden=\"true\"><svg aria-hidden=\"true\" focusable=\"false\" data-prefix=\"far\" data-icon=\"chart-bar\" role=\"img\" xmlns=\"http:\/\/www.w3.org\/2000\/svg\" viewBox=\"0 0 512 512\" class=\"svg-inline--fa fa-chart-bar fa-w-16 fa-2x\"><path fill=\"currentColor\" d=\"M396.8 352h22.4c6.4 0 12.8-6.4 12.8-12.8V108.8c0-6.4-6.4-12.8-12.8-12.8h-22.4c-6.4 0-12.8 6.4-12.8 12.8v230.4c0 6.4 6.4 12.8 12.8 12.8zm-192 0h22.4c6.4 0 12.8-6.4 12.8-12.8V140.8c0-6.4-6.4-12.8-12.8-12.8h-22.4c-6.4 0-12.8 6.4-12.8 12.8v198.4c0 6.4 6.4 12.8 12.8 12.8zm96 0h22.4c6.4 0 12.8-6.4 12.8-12.8V204.8c0-6.4-6.4-12.8-12.8-12.8h-22.4c-6.4 0-12.8 6.4-12.8 12.8v134.4c0 6.4 6.4 12.8 12.8 12.8zM496 400H48V80c0-8.84-7.16-16-16-16H16C7.16 64 0 71.16 0 80v336c0 17.67 14.33 32 32 32h464c8.84 0 16-7.16 16-16v-16c0-8.84-7.16-16-16-16zm-387.2-48h22.4c6.4 0 12.8-6.4 12.8-12.8v-70.4c0-6.4-6.4-12.8-12.8-12.8h-22.4c-6.4 0-12.8 6.4-12.8 12.8v70.4c0 6.4 6.4 12.8 12.8 12.8z\" class=\"\"><\/path><\/svg><\/i> Vistas Totales&nbsp;1,482&nbsp;, Vistas Hoy&nbsp;4&nbsp;<\/p>\n<div class=\"pvc_clear\"><\/div>\n","protected":false},"author":2,"featured_media":23455,"comment_status":"closed","ping_status":"closed","sticky":false,"template":"","format":"standard","meta":{"footnotes":""},"categories":[19],"tags":[],"class_list":["post-23454","post","type-post","status-publish","format-standard","has-post-thumbnail","hentry","category-actualidad"],"yoast_head":"<!-- This site is optimized with the Yoast SEO plugin v25.2 - https:\/\/yoast.com\/wordpress\/plugins\/seo\/ -->\n<title>\u00bfQu\u00e9 es la estanflaci\u00f3n y por qu\u00e9 es motivo de preocupaci\u00f3n? | CREES<\/title>\n<meta name=\"robots\" content=\"index, follow, max-snippet:-1, max-image-preview:large, max-video-preview:-1\" \/>\n<link rel=\"canonical\" href=\"https:\/\/crees.org.do\/?p=23454\" \/>\n<meta property=\"og:locale\" content=\"es_ES\" \/>\n<meta property=\"og:type\" content=\"article\" \/>\n<meta property=\"og:title\" content=\"\u00bfQu\u00e9 es la estanflaci\u00f3n y por qu\u00e9 es motivo de preocupaci\u00f3n? | CREES\" \/>\n<meta property=\"og:description\" content=\"Autor: Yadimir Crespo Fecha: 9 de junio del 2022 Extra\u00eddo de: List\u00edn Diario Sin dudas, la guerra entre Ucrania y Rusia tra\u00eda consigo demoledores efectos a la econom\u00eda mundial: alzas prolongadas de los precios del petr\u00f3leo y sus derivados, as\u00ed como tambi\u00e9n la subida de los costos de materias primas y metales; adem\u00e1s, amenazas a...\" \/>\n<meta property=\"og:url\" content=\"https:\/\/crees.org.do\/?p=23454\" \/>\n<meta property=\"og:site_name\" content=\"CREES\" \/>\n<meta property=\"article:publisher\" content=\"https:\/\/www.facebook.com\/CREESRD\/\" \/>\n<meta property=\"article:published_time\" content=\"2022-06-09T13:42:08+00:00\" \/>\n<meta property=\"article:modified_time\" content=\"2022-06-14T13:42:24+00:00\" \/>\n<meta property=\"og:image\" content=\"https:\/\/crees.org.do\/wp-content\/uploads\/2022\/06\/202206081808361.jpeg\" \/>\n\t<meta property=\"og:image:width\" content=\"680\" \/>\n\t<meta property=\"og:image:height\" content=\"452\" \/>\n\t<meta property=\"og:image:type\" content=\"image\/jpeg\" \/>\n<meta name=\"author\" content=\"Crees\" \/>\n<meta name=\"twitter:card\" content=\"summary_large_image\" \/>\n<meta name=\"twitter:creator\" content=\"@CREESRD\" \/>\n<meta name=\"twitter:site\" content=\"@CREESRD\" \/>\n<meta name=\"twitter:label1\" content=\"Escrito por\" \/>\n\t<meta name=\"twitter:data1\" content=\"Crees\" \/>\n\t<meta name=\"twitter:label2\" content=\"Tiempo de lectura\" \/>\n\t<meta name=\"twitter:data2\" content=\"5 minutos\" \/>\n<script type=\"application\/ld+json\" class=\"yoast-schema-graph\">{\"@context\":\"https:\/\/schema.org\",\"@graph\":[{\"@type\":\"Article\",\"@id\":\"https:\/\/crees.org.do\/?p=23454#article\",\"isPartOf\":{\"@id\":\"https:\/\/crees.org.do\/?p=23454\"},\"author\":{\"name\":\"Crees\",\"@id\":\"https:\/\/crees.org.do\/#\/schema\/person\/e7f97cd94d7bf9cd0e0ce30acb7d56b8\"},\"headline\":\"\u00bfQu\u00e9 es la estanflaci\u00f3n y por qu\u00e9 es motivo de preocupaci\u00f3n?\",\"datePublished\":\"2022-06-09T13:42:08+00:00\",\"dateModified\":\"2022-06-14T13:42:24+00:00\",\"mainEntityOfPage\":{\"@id\":\"https:\/\/crees.org.do\/?p=23454\"},\"wordCount\":1038,\"publisher\":{\"@id\":\"https:\/\/crees.org.do\/#organization\"},\"image\":{\"@id\":\"https:\/\/crees.org.do\/?p=23454#primaryimage\"},\"thumbnailUrl\":\"https:\/\/crees.org.do\/wp-content\/uploads\/2022\/06\/202206081808361.jpeg\",\"articleSection\":[\"Actualidad\"],\"inLanguage\":\"es\"},{\"@type\":\"WebPage\",\"@id\":\"https:\/\/crees.org.do\/?p=23454\",\"url\":\"https:\/\/crees.org.do\/?p=23454\",\"name\":\"\u00bfQu\u00e9 es la estanflaci\u00f3n y por qu\u00e9 es motivo de preocupaci\u00f3n? | CREES\",\"isPartOf\":{\"@id\":\"https:\/\/crees.org.do\/#website\"},\"primaryImageOfPage\":{\"@id\":\"https:\/\/crees.org.do\/?p=23454#primaryimage\"},\"image\":{\"@id\":\"https:\/\/crees.org.do\/?p=23454#primaryimage\"},\"thumbnailUrl\":\"https:\/\/crees.org.do\/wp-content\/uploads\/2022\/06\/202206081808361.jpeg\",\"datePublished\":\"2022-06-09T13:42:08+00:00\",\"dateModified\":\"2022-06-14T13:42:24+00:00\",\"breadcrumb\":{\"@id\":\"https:\/\/crees.org.do\/?p=23454#breadcrumb\"},\"inLanguage\":\"es\",\"potentialAction\":[{\"@type\":\"ReadAction\",\"target\":[\"https:\/\/crees.org.do\/?p=23454\"]}]},{\"@type\":\"ImageObject\",\"inLanguage\":\"es\",\"@id\":\"https:\/\/crees.org.do\/?p=23454#primaryimage\",\"url\":\"https:\/\/crees.org.do\/wp-content\/uploads\/2022\/06\/202206081808361.jpeg\",\"contentUrl\":\"https:\/\/crees.org.do\/wp-content\/uploads\/2022\/06\/202206081808361.jpeg\",\"width\":680,\"height\":452},{\"@type\":\"BreadcrumbList\",\"@id\":\"https:\/\/crees.org.do\/?p=23454#breadcrumb\",\"itemListElement\":[{\"@type\":\"ListItem\",\"position\":1,\"name\":\"Portada\",\"item\":\"https:\/\/crees.org.do\/\"},{\"@type\":\"ListItem\",\"position\":2,\"name\":\"\u00bfQu\u00e9 es la estanflaci\u00f3n y por qu\u00e9 es motivo de preocupaci\u00f3n?\"}]},{\"@type\":\"WebSite\",\"@id\":\"https:\/\/crees.org.do\/#website\",\"url\":\"https:\/\/crees.org.do\/\",\"name\":\"CREES\",\"description\":\"Centro Regional de Estrategias Econ\u00f3micas Sostenibles\",\"publisher\":{\"@id\":\"https:\/\/crees.org.do\/#organization\"},\"potentialAction\":[{\"@type\":\"SearchAction\",\"target\":{\"@type\":\"EntryPoint\",\"urlTemplate\":\"https:\/\/crees.org.do\/?s={search_term_string}\"},\"query-input\":{\"@type\":\"PropertyValueSpecification\",\"valueRequired\":true,\"valueName\":\"search_term_string\"}}],\"inLanguage\":\"es\"},{\"@type\":\"Organization\",\"@id\":\"https:\/\/crees.org.do\/#organization\",\"name\":\"CREES | Centro Regional de Estrategias Econ\u00f3micas Sostenibles\",\"url\":\"https:\/\/crees.org.do\/\",\"logo\":{\"@type\":\"ImageObject\",\"inLanguage\":\"es\",\"@id\":\"https:\/\/crees.org.do\/#\/schema\/logo\/image\/\",\"url\":\"https:\/\/crees.org.do\/wp-content\/uploads\/2022\/03\/crees-logo-1.jpg\",\"contentUrl\":\"https:\/\/crees.org.do\/wp-content\/uploads\/2022\/03\/crees-logo-1.jpg\",\"width\":244,\"height\":71,\"caption\":\"CREES | Centro Regional de Estrategias Econ\u00f3micas Sostenibles\"},\"image\":{\"@id\":\"https:\/\/crees.org.do\/#\/schema\/logo\/image\/\"},\"sameAs\":[\"https:\/\/www.facebook.com\/CREESRD\/\",\"https:\/\/x.com\/CREESRD\"]},{\"@type\":\"Person\",\"@id\":\"https:\/\/crees.org.do\/#\/schema\/person\/e7f97cd94d7bf9cd0e0ce30acb7d56b8\",\"name\":\"Crees\",\"image\":{\"@type\":\"ImageObject\",\"inLanguage\":\"es\",\"@id\":\"https:\/\/crees.org.do\/#\/schema\/person\/image\/\",\"url\":\"https:\/\/secure.gravatar.com\/avatar\/390ac8f0be5d9aa046152553e2dd7011b59a512d89c150f5e5f28bb8d9a0b165?s=96&d=mm&r=g\",\"contentUrl\":\"https:\/\/secure.gravatar.com\/avatar\/390ac8f0be5d9aa046152553e2dd7011b59a512d89c150f5e5f28bb8d9a0b165?s=96&d=mm&r=g\",\"caption\":\"Crees\"},\"url\":\"https:\/\/crees.org.do\/?author=2\"}]}<\/script>\n<!-- \/ Yoast SEO plugin. -->","yoast_head_json":{"title":"\u00bfQu\u00e9 es la estanflaci\u00f3n y por qu\u00e9 es motivo de preocupaci\u00f3n? | CREES","robots":{"index":"index","follow":"follow","max-snippet":"max-snippet:-1","max-image-preview":"max-image-preview:large","max-video-preview":"max-video-preview:-1"},"canonical":"https:\/\/crees.org.do\/?p=23454","og_locale":"es_ES","og_type":"article","og_title":"\u00bfQu\u00e9 es la estanflaci\u00f3n y por qu\u00e9 es motivo de preocupaci\u00f3n? | CREES","og_description":"Autor: Yadimir Crespo Fecha: 9 de junio del 2022 Extra\u00eddo de: List\u00edn Diario Sin dudas, la guerra entre Ucrania y Rusia tra\u00eda consigo demoledores efectos a la econom\u00eda mundial: alzas prolongadas de los precios del petr\u00f3leo y sus derivados, as\u00ed como tambi\u00e9n la subida de los costos de materias primas y metales; adem\u00e1s, amenazas a...","og_url":"https:\/\/crees.org.do\/?p=23454","og_site_name":"CREES","article_publisher":"https:\/\/www.facebook.com\/CREESRD\/","article_published_time":"2022-06-09T13:42:08+00:00","article_modified_time":"2022-06-14T13:42:24+00:00","og_image":[{"width":680,"height":452,"url":"https:\/\/crees.org.do\/wp-content\/uploads\/2022\/06\/202206081808361.jpeg","type":"image\/jpeg"}],"author":"Crees","twitter_card":"summary_large_image","twitter_creator":"@CREESRD","twitter_site":"@CREESRD","twitter_misc":{"Escrito por":"Crees","Tiempo de lectura":"5 minutos"},"schema":{"@context":"https:\/\/schema.org","@graph":[{"@type":"Article","@id":"https:\/\/crees.org.do\/?p=23454#article","isPartOf":{"@id":"https:\/\/crees.org.do\/?p=23454"},"author":{"name":"Crees","@id":"https:\/\/crees.org.do\/#\/schema\/person\/e7f97cd94d7bf9cd0e0ce30acb7d56b8"},"headline":"\u00bfQu\u00e9 es la estanflaci\u00f3n y por qu\u00e9 es motivo de preocupaci\u00f3n?","datePublished":"2022-06-09T13:42:08+00:00","dateModified":"2022-06-14T13:42:24+00:00","mainEntityOfPage":{"@id":"https:\/\/crees.org.do\/?p=23454"},"wordCount":1038,"publisher":{"@id":"https:\/\/crees.org.do\/#organization"},"image":{"@id":"https:\/\/crees.org.do\/?p=23454#primaryimage"},"thumbnailUrl":"https:\/\/crees.org.do\/wp-content\/uploads\/2022\/06\/202206081808361.jpeg","articleSection":["Actualidad"],"inLanguage":"es"},{"@type":"WebPage","@id":"https:\/\/crees.org.do\/?p=23454","url":"https:\/\/crees.org.do\/?p=23454","name":"\u00bfQu\u00e9 es la estanflaci\u00f3n y por qu\u00e9 es motivo de preocupaci\u00f3n? | CREES","isPartOf":{"@id":"https:\/\/crees.org.do\/#website"},"primaryImageOfPage":{"@id":"https:\/\/crees.org.do\/?p=23454#primaryimage"},"image":{"@id":"https:\/\/crees.org.do\/?p=23454#primaryimage"},"thumbnailUrl":"https:\/\/crees.org.do\/wp-content\/uploads\/2022\/06\/202206081808361.jpeg","datePublished":"2022-06-09T13:42:08+00:00","dateModified":"2022-06-14T13:42:24+00:00","breadcrumb":{"@id":"https:\/\/crees.org.do\/?p=23454#breadcrumb"},"inLanguage":"es","potentialAction":[{"@type":"ReadAction","target":["https:\/\/crees.org.do\/?p=23454"]}]},{"@type":"ImageObject","inLanguage":"es","@id":"https:\/\/crees.org.do\/?p=23454#primaryimage","url":"https:\/\/crees.org.do\/wp-content\/uploads\/2022\/06\/202206081808361.jpeg","contentUrl":"https:\/\/crees.org.do\/wp-content\/uploads\/2022\/06\/202206081808361.jpeg","width":680,"height":452},{"@type":"BreadcrumbList","@id":"https:\/\/crees.org.do\/?p=23454#breadcrumb","itemListElement":[{"@type":"ListItem","position":1,"name":"Portada","item":"https:\/\/crees.org.do\/"},{"@type":"ListItem","position":2,"name":"\u00bfQu\u00e9 es la estanflaci\u00f3n y por qu\u00e9 es motivo de preocupaci\u00f3n?"}]},{"@type":"WebSite","@id":"https:\/\/crees.org.do\/#website","url":"https:\/\/crees.org.do\/","name":"CREES","description":"Centro Regional de Estrategias Econ\u00f3micas Sostenibles","publisher":{"@id":"https:\/\/crees.org.do\/#organization"},"potentialAction":[{"@type":"SearchAction","target":{"@type":"EntryPoint","urlTemplate":"https:\/\/crees.org.do\/?s={search_term_string}"},"query-input":{"@type":"PropertyValueSpecification","valueRequired":true,"valueName":"search_term_string"}}],"inLanguage":"es"},{"@type":"Organization","@id":"https:\/\/crees.org.do\/#organization","name":"CREES | Centro Regional de Estrategias Econ\u00f3micas Sostenibles","url":"https:\/\/crees.org.do\/","logo":{"@type":"ImageObject","inLanguage":"es","@id":"https:\/\/crees.org.do\/#\/schema\/logo\/image\/","url":"https:\/\/crees.org.do\/wp-content\/uploads\/2022\/03\/crees-logo-1.jpg","contentUrl":"https:\/\/crees.org.do\/wp-content\/uploads\/2022\/03\/crees-logo-1.jpg","width":244,"height":71,"caption":"CREES | Centro Regional de Estrategias Econ\u00f3micas Sostenibles"},"image":{"@id":"https:\/\/crees.org.do\/#\/schema\/logo\/image\/"},"sameAs":["https:\/\/www.facebook.com\/CREESRD\/","https:\/\/x.com\/CREESRD"]},{"@type":"Person","@id":"https:\/\/crees.org.do\/#\/schema\/person\/e7f97cd94d7bf9cd0e0ce30acb7d56b8","name":"Crees","image":{"@type":"ImageObject","inLanguage":"es","@id":"https:\/\/crees.org.do\/#\/schema\/person\/image\/","url":"https:\/\/secure.gravatar.com\/avatar\/390ac8f0be5d9aa046152553e2dd7011b59a512d89c150f5e5f28bb8d9a0b165?s=96&d=mm&r=g","contentUrl":"https:\/\/secure.gravatar.com\/avatar\/390ac8f0be5d9aa046152553e2dd7011b59a512d89c150f5e5f28bb8d9a0b165?s=96&d=mm&r=g","caption":"Crees"},"url":"https:\/\/crees.org.do\/?author=2"}]}},"_links":{"self":[{"href":"https:\/\/crees.org.do\/index.php?rest_route=\/wp\/v2\/posts\/23454","targetHints":{"allow":["GET"]}}],"collection":[{"href":"https:\/\/crees.org.do\/index.php?rest_route=\/wp\/v2\/posts"}],"about":[{"href":"https:\/\/crees.org.do\/index.php?rest_route=\/wp\/v2\/types\/post"}],"author":[{"embeddable":true,"href":"https:\/\/crees.org.do\/index.php?rest_route=\/wp\/v2\/users\/2"}],"replies":[{"embeddable":true,"href":"https:\/\/crees.org.do\/index.php?rest_route=%2Fwp%2Fv2%2Fcomments&post=23454"}],"version-history":[{"count":1,"href":"https:\/\/crees.org.do\/index.php?rest_route=\/wp\/v2\/posts\/23454\/revisions"}],"predecessor-version":[{"id":23456,"href":"https:\/\/crees.org.do\/index.php?rest_route=\/wp\/v2\/posts\/23454\/revisions\/23456"}],"wp:featuredmedia":[{"embeddable":true,"href":"https:\/\/crees.org.do\/index.php?rest_route=\/wp\/v2\/media\/23455"}],"wp:attachment":[{"href":"https:\/\/crees.org.do\/index.php?rest_route=%2Fwp%2Fv2%2Fmedia&parent=23454"}],"wp:term":[{"taxonomy":"category","embeddable":true,"href":"https:\/\/crees.org.do\/index.php?rest_route=%2Fwp%2Fv2%2Fcategories&post=23454"},{"taxonomy":"post_tag","embeddable":true,"href":"https:\/\/crees.org.do\/index.php?rest_route=%2Fwp%2Fv2%2Ftags&post=23454"}],"curies":[{"name":"wp","href":"https:\/\/api.w.org\/{rel}","templated":true}]}}