{"id":23460,"date":"2022-06-14T21:26:44","date_gmt":"2022-06-14T21:26:44","guid":{"rendered":"https:\/\/crees.org.do\/?p=23460"},"modified":"2022-06-14T21:26:44","modified_gmt":"2022-06-14T21:26:44","slug":"es-bajo-el-peso-de-los-ingresos-tributarios-en-la-economia-dominicana","status":"publish","type":"post","link":"https:\/\/crees.org.do\/?p=23460","title":{"rendered":"\u00bfEs bajo el peso de los ingresos tributarios en la econom\u00eda dominicana?"},"content":{"rendered":"<p><img fetchpriority=\"high\" decoding=\"async\" class=\"aligncenter  wp-image-23461\" src=\"https:\/\/crees.org.do\/wp-content\/uploads\/2022\/06\/Ingresos_Post1-100.jpg\" alt=\"\" width=\"986\" height=\"986\" srcset=\"https:\/\/crees.org.do\/wp-content\/uploads\/2022\/06\/Ingresos_Post1-100.jpg 1080w, https:\/\/crees.org.do\/wp-content\/uploads\/2022\/06\/Ingresos_Post1-100-450x450.jpg 450w, https:\/\/crees.org.do\/wp-content\/uploads\/2022\/06\/Ingresos_Post1-100-150x150.jpg 150w, https:\/\/crees.org.do\/wp-content\/uploads\/2022\/06\/Ingresos_Post1-100-768x768.jpg 768w, https:\/\/crees.org.do\/wp-content\/uploads\/2022\/06\/Ingresos_Post1-100-500x500.jpg 500w, https:\/\/crees.org.do\/wp-content\/uploads\/2022\/06\/Ingresos_Post1-100-300x300.jpg 300w, https:\/\/crees.org.do\/wp-content\/uploads\/2022\/06\/Ingresos_Post1-100-600x600.jpg 600w, https:\/\/crees.org.do\/wp-content\/uploads\/2022\/06\/Ingresos_Post1-100-100x100.jpg 100w\" sizes=\"(max-width: 986px) 100vw, 986px\" \/> <img decoding=\"async\" class=\"aligncenter  wp-image-23462\" src=\"https:\/\/crees.org.do\/wp-content\/uploads\/2022\/06\/Ingresos_Post2-100.jpg\" alt=\"\" width=\"986\" height=\"986\" srcset=\"https:\/\/crees.org.do\/wp-content\/uploads\/2022\/06\/Ingresos_Post2-100.jpg 1080w, https:\/\/crees.org.do\/wp-content\/uploads\/2022\/06\/Ingresos_Post2-100-450x450.jpg 450w, https:\/\/crees.org.do\/wp-content\/uploads\/2022\/06\/Ingresos_Post2-100-150x150.jpg 150w, https:\/\/crees.org.do\/wp-content\/uploads\/2022\/06\/Ingresos_Post2-100-768x768.jpg 768w, https:\/\/crees.org.do\/wp-content\/uploads\/2022\/06\/Ingresos_Post2-100-500x500.jpg 500w, https:\/\/crees.org.do\/wp-content\/uploads\/2022\/06\/Ingresos_Post2-100-300x300.jpg 300w, https:\/\/crees.org.do\/wp-content\/uploads\/2022\/06\/Ingresos_Post2-100-600x600.jpg 600w, https:\/\/crees.org.do\/wp-content\/uploads\/2022\/06\/Ingresos_Post2-100-100x100.jpg 100w\" sizes=\"(max-width: 986px) 100vw, 986px\" \/> <img decoding=\"async\" class=\"aligncenter wp-image-23463\" src=\"https:\/\/crees.org.do\/wp-content\/uploads\/2022\/06\/Ingresos_Post3_-100.jpg\" alt=\"\" width=\"986\" height=\"986\" srcset=\"https:\/\/crees.org.do\/wp-content\/uploads\/2022\/06\/Ingresos_Post3_-100.jpg 1080w, https:\/\/crees.org.do\/wp-content\/uploads\/2022\/06\/Ingresos_Post3_-100-450x450.jpg 450w, https:\/\/crees.org.do\/wp-content\/uploads\/2022\/06\/Ingresos_Post3_-100-150x150.jpg 150w, https:\/\/crees.org.do\/wp-content\/uploads\/2022\/06\/Ingresos_Post3_-100-768x768.jpg 768w, https:\/\/crees.org.do\/wp-content\/uploads\/2022\/06\/Ingresos_Post3_-100-500x500.jpg 500w, https:\/\/crees.org.do\/wp-content\/uploads\/2022\/06\/Ingresos_Post3_-100-300x300.jpg 300w, https:\/\/crees.org.do\/wp-content\/uploads\/2022\/06\/Ingresos_Post3_-100-600x600.jpg 600w, https:\/\/crees.org.do\/wp-content\/uploads\/2022\/06\/Ingresos_Post3_-100-100x100.jpg 100w\" sizes=\"(max-width: 986px) 100vw, 986px\" \/> <img loading=\"lazy\" decoding=\"async\" class=\"aligncenter wp-image-23464\" src=\"https:\/\/crees.org.do\/wp-content\/uploads\/2022\/06\/Ingresos_Post4-100.jpg\" alt=\"\" width=\"986\" height=\"986\" srcset=\"https:\/\/crees.org.do\/wp-content\/uploads\/2022\/06\/Ingresos_Post4-100.jpg 1080w, https:\/\/crees.org.do\/wp-content\/uploads\/2022\/06\/Ingresos_Post4-100-450x450.jpg 450w, https:\/\/crees.org.do\/wp-content\/uploads\/2022\/06\/Ingresos_Post4-100-150x150.jpg 150w, https:\/\/crees.org.do\/wp-content\/uploads\/2022\/06\/Ingresos_Post4-100-768x768.jpg 768w, https:\/\/crees.org.do\/wp-content\/uploads\/2022\/06\/Ingresos_Post4-100-500x500.jpg 500w, https:\/\/crees.org.do\/wp-content\/uploads\/2022\/06\/Ingresos_Post4-100-300x300.jpg 300w, https:\/\/crees.org.do\/wp-content\/uploads\/2022\/06\/Ingresos_Post4-100-600x600.jpg 600w, https:\/\/crees.org.do\/wp-content\/uploads\/2022\/06\/Ingresos_Post4-100-100x100.jpg 100w\" sizes=\"(max-width: 986px) 100vw, 986px\" \/> <img loading=\"lazy\" decoding=\"async\" class=\"aligncenter wp-image-23465\" src=\"https:\/\/crees.org.do\/wp-content\/uploads\/2022\/06\/Ingresos_Post5-100.jpg\" alt=\"\" width=\"986\" height=\"986\" srcset=\"https:\/\/crees.org.do\/wp-content\/uploads\/2022\/06\/Ingresos_Post5-100.jpg 1080w, https:\/\/crees.org.do\/wp-content\/uploads\/2022\/06\/Ingresos_Post5-100-450x450.jpg 450w, https:\/\/crees.org.do\/wp-content\/uploads\/2022\/06\/Ingresos_Post5-100-150x150.jpg 150w, https:\/\/crees.org.do\/wp-content\/uploads\/2022\/06\/Ingresos_Post5-100-768x768.jpg 768w, https:\/\/crees.org.do\/wp-content\/uploads\/2022\/06\/Ingresos_Post5-100-500x500.jpg 500w, https:\/\/crees.org.do\/wp-content\/uploads\/2022\/06\/Ingresos_Post5-100-300x300.jpg 300w, https:\/\/crees.org.do\/wp-content\/uploads\/2022\/06\/Ingresos_Post5-100-600x600.jpg 600w, https:\/\/crees.org.do\/wp-content\/uploads\/2022\/06\/Ingresos_Post5-100-100x100.jpg 100w\" sizes=\"(max-width: 986px) 100vw, 986px\" \/><\/p>\n<h3 style=\"text-align: justify;\">Excluyendo los aportes a la seguridad social e ingresos provenientes de recursos naturales no renovables, el peso de la recaudaci\u00f3n por impuesto en la presi\u00f3n fiscal en Rep\u00fablica Dominicana es el mayor en comparaci\u00f3n con otros pa\u00edses de Am\u00e9rica Latina.<\/h3>\n<p style=\"text-align: justify;\">Ampl\u00eda esta y otras informaciones <a href=\"https:\/\/crees.org.do\/?p=13175\">aqu\u00ed<\/a><\/p>\n<div class=\"pvc_clear\"><\/div>\n<p class=\"pvc_stats all \" data-element-id=\"23460\" style=\"\"><i class=\"pvc-stats-icon medium\" aria-hidden=\"true\"><svg aria-hidden=\"true\" focusable=\"false\" data-prefix=\"far\" data-icon=\"chart-bar\" role=\"img\" xmlns=\"http:\/\/www.w3.org\/2000\/svg\" viewBox=\"0 0 512 512\" class=\"svg-inline--fa fa-chart-bar fa-w-16 fa-2x\"><path fill=\"currentColor\" d=\"M396.8 352h22.4c6.4 0 12.8-6.4 12.8-12.8V108.8c0-6.4-6.4-12.8-12.8-12.8h-22.4c-6.4 0-12.8 6.4-12.8 12.8v230.4c0 6.4 6.4 12.8 12.8 12.8zm-192 0h22.4c6.4 0 12.8-6.4 12.8-12.8V140.8c0-6.4-6.4-12.8-12.8-12.8h-22.4c-6.4 0-12.8 6.4-12.8 12.8v198.4c0 6.4 6.4 12.8 12.8 12.8zm96 0h22.4c6.4 0 12.8-6.4 12.8-12.8V204.8c0-6.4-6.4-12.8-12.8-12.8h-22.4c-6.4 0-12.8 6.4-12.8 12.8v134.4c0 6.4 6.4 12.8 12.8 12.8zM496 400H48V80c0-8.84-7.16-16-16-16H16C7.16 64 0 71.16 0 80v336c0 17.67 14.33 32 32 32h464c8.84 0 16-7.16 16-16v-16c0-8.84-7.16-16-16-16zm-387.2-48h22.4c6.4 0 12.8-6.4 12.8-12.8v-70.4c0-6.4-6.4-12.8-12.8-12.8h-22.4c-6.4 0-12.8 6.4-12.8 12.8v70.4c0 6.4 6.4 12.8 12.8 12.8z\" class=\"\"><\/path><\/svg><\/i> Vistas Totales&nbsp;1,129&nbsp;<\/p>\n<div class=\"pvc_clear\"><\/div>\n","protected":false},"excerpt":{"rendered":"<p>Excluyendo los aportes a la seguridad social e ingresos provenientes de recursos naturales no renovables, el peso de la recaudaci\u00f3n por impuesto en la presi\u00f3n fiscal en Rep\u00fablica Dominicana es el mayor en comparaci\u00f3n con otros pa\u00edses de Am\u00e9rica Latina. Ampl\u00eda esta y otras informaciones aqu\u00ed Vistas Totales&nbsp;1,129&nbsp;<\/p>\n<div class=\"pvc_clear\"><\/div>\n<p class=\"pvc_stats all \" data-element-id=\"23460\" style=\"\"><i class=\"pvc-stats-icon medium\" aria-hidden=\"true\"><svg aria-hidden=\"true\" focusable=\"false\" data-prefix=\"far\" data-icon=\"chart-bar\" role=\"img\" xmlns=\"http:\/\/www.w3.org\/2000\/svg\" viewBox=\"0 0 512 512\" class=\"svg-inline--fa fa-chart-bar fa-w-16 fa-2x\"><path fill=\"currentColor\" d=\"M396.8 352h22.4c6.4 0 12.8-6.4 12.8-12.8V108.8c0-6.4-6.4-12.8-12.8-12.8h-22.4c-6.4 0-12.8 6.4-12.8 12.8v230.4c0 6.4 6.4 12.8 12.8 12.8zm-192 0h22.4c6.4 0 12.8-6.4 12.8-12.8V140.8c0-6.4-6.4-12.8-12.8-12.8h-22.4c-6.4 0-12.8 6.4-12.8 12.8v198.4c0 6.4 6.4 12.8 12.8 12.8zm96 0h22.4c6.4 0 12.8-6.4 12.8-12.8V204.8c0-6.4-6.4-12.8-12.8-12.8h-22.4c-6.4 0-12.8 6.4-12.8 12.8v134.4c0 6.4 6.4 12.8 12.8 12.8zM496 400H48V80c0-8.84-7.16-16-16-16H16C7.16 64 0 71.16 0 80v336c0 17.67 14.33 32 32 32h464c8.84 0 16-7.16 16-16v-16c0-8.84-7.16-16-16-16zm-387.2-48h22.4c6.4 0 12.8-6.4 12.8-12.8v-70.4c0-6.4-6.4-12.8-12.8-12.8h-22.4c-6.4 0-12.8 6.4-12.8 12.8v70.4c0 6.4 6.4 12.8 12.8 12.8z\" class=\"\"><\/path><\/svg><\/i> Vistas Totales&nbsp;1,129&nbsp;<\/p>\n<div class=\"pvc_clear\"><\/div>\n","protected":false},"author":2,"featured_media":23461,"comment_status":"closed","ping_status":"closed","sticky":false,"template":"","format":"standard","meta":{"footnotes":""},"categories":[21],"tags":[],"class_list":["post-23460","post","type-post","status-publish","format-standard","has-post-thumbnail","hentry","category-blog"],"yoast_head":"<!-- This site is optimized with the Yoast SEO plugin v25.2 - https:\/\/yoast.com\/wordpress\/plugins\/seo\/ -->\n<title>\u00bfEs bajo el peso de los ingresos tributarios en la econom\u00eda dominicana? | CREES<\/title>\n<meta name=\"robots\" content=\"index, follow, max-snippet:-1, max-image-preview:large, max-video-preview:-1\" \/>\n<link rel=\"canonical\" href=\"https:\/\/crees.org.do\/?p=23460\" \/>\n<meta property=\"og:locale\" content=\"es_ES\" \/>\n<meta property=\"og:type\" content=\"article\" \/>\n<meta property=\"og:title\" content=\"\u00bfEs bajo el peso de los ingresos tributarios en la econom\u00eda dominicana? | CREES\" \/>\n<meta property=\"og:description\" content=\"Excluyendo los aportes a la seguridad social e ingresos provenientes de recursos naturales no renovables, el peso de la recaudaci\u00f3n por impuesto en la presi\u00f3n fiscal en Rep\u00fablica Dominicana es el mayor en comparaci\u00f3n con otros pa\u00edses de Am\u00e9rica Latina. Ampl\u00eda esta y otras informaciones aqu\u00ed Vistas Totales&nbsp;1,129&nbsp;\" \/>\n<meta property=\"og:url\" content=\"https:\/\/crees.org.do\/?p=23460\" \/>\n<meta property=\"og:site_name\" content=\"CREES\" \/>\n<meta property=\"article:publisher\" content=\"https:\/\/www.facebook.com\/CREESRD\/\" \/>\n<meta property=\"article:published_time\" content=\"2022-06-14T21:26:44+00:00\" \/>\n<meta property=\"og:image\" content=\"https:\/\/crees.org.do\/wp-content\/uploads\/2022\/06\/Ingresos_Post1-100.jpg\" \/>\n\t<meta property=\"og:image:width\" content=\"1080\" \/>\n\t<meta property=\"og:image:height\" content=\"1080\" \/>\n\t<meta property=\"og:image:type\" content=\"image\/jpeg\" \/>\n<meta name=\"author\" content=\"Crees\" \/>\n<meta name=\"twitter:card\" content=\"summary_large_image\" \/>\n<meta name=\"twitter:creator\" content=\"@CREESRD\" \/>\n<meta name=\"twitter:site\" content=\"@CREESRD\" \/>\n<meta name=\"twitter:label1\" content=\"Escrito por\" \/>\n\t<meta name=\"twitter:data1\" content=\"Crees\" \/>\n\t<meta name=\"twitter:label2\" content=\"Tiempo de lectura\" \/>\n\t<meta name=\"twitter:data2\" content=\"2 minutos\" \/>\n<script type=\"application\/ld+json\" class=\"yoast-schema-graph\">{\"@context\":\"https:\/\/schema.org\",\"@graph\":[{\"@type\":\"Article\",\"@id\":\"https:\/\/crees.org.do\/?p=23460#article\",\"isPartOf\":{\"@id\":\"https:\/\/crees.org.do\/?p=23460\"},\"author\":{\"name\":\"Crees\",\"@id\":\"https:\/\/crees.org.do\/#\/schema\/person\/e7f97cd94d7bf9cd0e0ce30acb7d56b8\"},\"headline\":\"\u00bfEs bajo el peso de los ingresos tributarios en la econom\u00eda dominicana?\",\"datePublished\":\"2022-06-14T21:26:44+00:00\",\"mainEntityOfPage\":{\"@id\":\"https:\/\/crees.org.do\/?p=23460\"},\"wordCount\":66,\"publisher\":{\"@id\":\"https:\/\/crees.org.do\/#organization\"},\"image\":{\"@id\":\"https:\/\/crees.org.do\/?p=23460#primaryimage\"},\"thumbnailUrl\":\"https:\/\/crees.org.do\/wp-content\/uploads\/2022\/06\/Ingresos_Post1-100.jpg\",\"articleSection\":[\"Blog\"],\"inLanguage\":\"es\"},{\"@type\":\"WebPage\",\"@id\":\"https:\/\/crees.org.do\/?p=23460\",\"url\":\"https:\/\/crees.org.do\/?p=23460\",\"name\":\"\u00bfEs bajo el peso de los ingresos tributarios en la econom\u00eda dominicana? | CREES\",\"isPartOf\":{\"@id\":\"https:\/\/crees.org.do\/#website\"},\"primaryImageOfPage\":{\"@id\":\"https:\/\/crees.org.do\/?p=23460#primaryimage\"},\"image\":{\"@id\":\"https:\/\/crees.org.do\/?p=23460#primaryimage\"},\"thumbnailUrl\":\"https:\/\/crees.org.do\/wp-content\/uploads\/2022\/06\/Ingresos_Post1-100.jpg\",\"datePublished\":\"2022-06-14T21:26:44+00:00\",\"breadcrumb\":{\"@id\":\"https:\/\/crees.org.do\/?p=23460#breadcrumb\"},\"inLanguage\":\"es\",\"potentialAction\":[{\"@type\":\"ReadAction\",\"target\":[\"https:\/\/crees.org.do\/?p=23460\"]}]},{\"@type\":\"ImageObject\",\"inLanguage\":\"es\",\"@id\":\"https:\/\/crees.org.do\/?p=23460#primaryimage\",\"url\":\"https:\/\/crees.org.do\/wp-content\/uploads\/2022\/06\/Ingresos_Post1-100.jpg\",\"contentUrl\":\"https:\/\/crees.org.do\/wp-content\/uploads\/2022\/06\/Ingresos_Post1-100.jpg\",\"width\":1080,\"height\":1080},{\"@type\":\"BreadcrumbList\",\"@id\":\"https:\/\/crees.org.do\/?p=23460#breadcrumb\",\"itemListElement\":[{\"@type\":\"ListItem\",\"position\":1,\"name\":\"Portada\",\"item\":\"https:\/\/crees.org.do\/\"},{\"@type\":\"ListItem\",\"position\":2,\"name\":\"\u00bfEs bajo el peso de los ingresos tributarios en la econom\u00eda dominicana?\"}]},{\"@type\":\"WebSite\",\"@id\":\"https:\/\/crees.org.do\/#website\",\"url\":\"https:\/\/crees.org.do\/\",\"name\":\"CREES\",\"description\":\"Centro Regional de Estrategias Econ\u00f3micas Sostenibles\",\"publisher\":{\"@id\":\"https:\/\/crees.org.do\/#organization\"},\"potentialAction\":[{\"@type\":\"SearchAction\",\"target\":{\"@type\":\"EntryPoint\",\"urlTemplate\":\"https:\/\/crees.org.do\/?s={search_term_string}\"},\"query-input\":{\"@type\":\"PropertyValueSpecification\",\"valueRequired\":true,\"valueName\":\"search_term_string\"}}],\"inLanguage\":\"es\"},{\"@type\":\"Organization\",\"@id\":\"https:\/\/crees.org.do\/#organization\",\"name\":\"CREES | Centro Regional de Estrategias Econ\u00f3micas Sostenibles\",\"url\":\"https:\/\/crees.org.do\/\",\"logo\":{\"@type\":\"ImageObject\",\"inLanguage\":\"es\",\"@id\":\"https:\/\/crees.org.do\/#\/schema\/logo\/image\/\",\"url\":\"https:\/\/crees.org.do\/wp-content\/uploads\/2022\/03\/crees-logo-1.jpg\",\"contentUrl\":\"https:\/\/crees.org.do\/wp-content\/uploads\/2022\/03\/crees-logo-1.jpg\",\"width\":244,\"height\":71,\"caption\":\"CREES | Centro Regional de Estrategias Econ\u00f3micas Sostenibles\"},\"image\":{\"@id\":\"https:\/\/crees.org.do\/#\/schema\/logo\/image\/\"},\"sameAs\":[\"https:\/\/www.facebook.com\/CREESRD\/\",\"https:\/\/x.com\/CREESRD\"]},{\"@type\":\"Person\",\"@id\":\"https:\/\/crees.org.do\/#\/schema\/person\/e7f97cd94d7bf9cd0e0ce30acb7d56b8\",\"name\":\"Crees\",\"image\":{\"@type\":\"ImageObject\",\"inLanguage\":\"es\",\"@id\":\"https:\/\/crees.org.do\/#\/schema\/person\/image\/\",\"url\":\"https:\/\/secure.gravatar.com\/avatar\/390ac8f0be5d9aa046152553e2dd7011b59a512d89c150f5e5f28bb8d9a0b165?s=96&d=mm&r=g\",\"contentUrl\":\"https:\/\/secure.gravatar.com\/avatar\/390ac8f0be5d9aa046152553e2dd7011b59a512d89c150f5e5f28bb8d9a0b165?s=96&d=mm&r=g\",\"caption\":\"Crees\"},\"url\":\"https:\/\/crees.org.do\/?author=2\"}]}<\/script>\n<!-- \/ Yoast SEO plugin. -->","yoast_head_json":{"title":"\u00bfEs bajo el peso de los ingresos tributarios en la econom\u00eda dominicana? | CREES","robots":{"index":"index","follow":"follow","max-snippet":"max-snippet:-1","max-image-preview":"max-image-preview:large","max-video-preview":"max-video-preview:-1"},"canonical":"https:\/\/crees.org.do\/?p=23460","og_locale":"es_ES","og_type":"article","og_title":"\u00bfEs bajo el peso de los ingresos tributarios en la econom\u00eda dominicana? | CREES","og_description":"Excluyendo los aportes a la seguridad social e ingresos provenientes de recursos naturales no renovables, el peso de la recaudaci\u00f3n por impuesto en la presi\u00f3n fiscal en Rep\u00fablica Dominicana es el mayor en comparaci\u00f3n con otros pa\u00edses de Am\u00e9rica Latina. Ampl\u00eda esta y otras informaciones aqu\u00ed Vistas Totales&nbsp;1,129&nbsp;","og_url":"https:\/\/crees.org.do\/?p=23460","og_site_name":"CREES","article_publisher":"https:\/\/www.facebook.com\/CREESRD\/","article_published_time":"2022-06-14T21:26:44+00:00","og_image":[{"width":1080,"height":1080,"url":"https:\/\/crees.org.do\/wp-content\/uploads\/2022\/06\/Ingresos_Post1-100.jpg","type":"image\/jpeg"}],"author":"Crees","twitter_card":"summary_large_image","twitter_creator":"@CREESRD","twitter_site":"@CREESRD","twitter_misc":{"Escrito por":"Crees","Tiempo de lectura":"2 minutos"},"schema":{"@context":"https:\/\/schema.org","@graph":[{"@type":"Article","@id":"https:\/\/crees.org.do\/?p=23460#article","isPartOf":{"@id":"https:\/\/crees.org.do\/?p=23460"},"author":{"name":"Crees","@id":"https:\/\/crees.org.do\/#\/schema\/person\/e7f97cd94d7bf9cd0e0ce30acb7d56b8"},"headline":"\u00bfEs bajo el peso de los ingresos tributarios en la econom\u00eda dominicana?","datePublished":"2022-06-14T21:26:44+00:00","mainEntityOfPage":{"@id":"https:\/\/crees.org.do\/?p=23460"},"wordCount":66,"publisher":{"@id":"https:\/\/crees.org.do\/#organization"},"image":{"@id":"https:\/\/crees.org.do\/?p=23460#primaryimage"},"thumbnailUrl":"https:\/\/crees.org.do\/wp-content\/uploads\/2022\/06\/Ingresos_Post1-100.jpg","articleSection":["Blog"],"inLanguage":"es"},{"@type":"WebPage","@id":"https:\/\/crees.org.do\/?p=23460","url":"https:\/\/crees.org.do\/?p=23460","name":"\u00bfEs bajo el peso de los ingresos tributarios en la econom\u00eda dominicana? | CREES","isPartOf":{"@id":"https:\/\/crees.org.do\/#website"},"primaryImageOfPage":{"@id":"https:\/\/crees.org.do\/?p=23460#primaryimage"},"image":{"@id":"https:\/\/crees.org.do\/?p=23460#primaryimage"},"thumbnailUrl":"https:\/\/crees.org.do\/wp-content\/uploads\/2022\/06\/Ingresos_Post1-100.jpg","datePublished":"2022-06-14T21:26:44+00:00","breadcrumb":{"@id":"https:\/\/crees.org.do\/?p=23460#breadcrumb"},"inLanguage":"es","potentialAction":[{"@type":"ReadAction","target":["https:\/\/crees.org.do\/?p=23460"]}]},{"@type":"ImageObject","inLanguage":"es","@id":"https:\/\/crees.org.do\/?p=23460#primaryimage","url":"https:\/\/crees.org.do\/wp-content\/uploads\/2022\/06\/Ingresos_Post1-100.jpg","contentUrl":"https:\/\/crees.org.do\/wp-content\/uploads\/2022\/06\/Ingresos_Post1-100.jpg","width":1080,"height":1080},{"@type":"BreadcrumbList","@id":"https:\/\/crees.org.do\/?p=23460#breadcrumb","itemListElement":[{"@type":"ListItem","position":1,"name":"Portada","item":"https:\/\/crees.org.do\/"},{"@type":"ListItem","position":2,"name":"\u00bfEs bajo el peso de los ingresos tributarios en la econom\u00eda dominicana?"}]},{"@type":"WebSite","@id":"https:\/\/crees.org.do\/#website","url":"https:\/\/crees.org.do\/","name":"CREES","description":"Centro Regional de Estrategias Econ\u00f3micas Sostenibles","publisher":{"@id":"https:\/\/crees.org.do\/#organization"},"potentialAction":[{"@type":"SearchAction","target":{"@type":"EntryPoint","urlTemplate":"https:\/\/crees.org.do\/?s={search_term_string}"},"query-input":{"@type":"PropertyValueSpecification","valueRequired":true,"valueName":"search_term_string"}}],"inLanguage":"es"},{"@type":"Organization","@id":"https:\/\/crees.org.do\/#organization","name":"CREES | Centro Regional de Estrategias Econ\u00f3micas Sostenibles","url":"https:\/\/crees.org.do\/","logo":{"@type":"ImageObject","inLanguage":"es","@id":"https:\/\/crees.org.do\/#\/schema\/logo\/image\/","url":"https:\/\/crees.org.do\/wp-content\/uploads\/2022\/03\/crees-logo-1.jpg","contentUrl":"https:\/\/crees.org.do\/wp-content\/uploads\/2022\/03\/crees-logo-1.jpg","width":244,"height":71,"caption":"CREES | Centro Regional de Estrategias Econ\u00f3micas Sostenibles"},"image":{"@id":"https:\/\/crees.org.do\/#\/schema\/logo\/image\/"},"sameAs":["https:\/\/www.facebook.com\/CREESRD\/","https:\/\/x.com\/CREESRD"]},{"@type":"Person","@id":"https:\/\/crees.org.do\/#\/schema\/person\/e7f97cd94d7bf9cd0e0ce30acb7d56b8","name":"Crees","image":{"@type":"ImageObject","inLanguage":"es","@id":"https:\/\/crees.org.do\/#\/schema\/person\/image\/","url":"https:\/\/secure.gravatar.com\/avatar\/390ac8f0be5d9aa046152553e2dd7011b59a512d89c150f5e5f28bb8d9a0b165?s=96&d=mm&r=g","contentUrl":"https:\/\/secure.gravatar.com\/avatar\/390ac8f0be5d9aa046152553e2dd7011b59a512d89c150f5e5f28bb8d9a0b165?s=96&d=mm&r=g","caption":"Crees"},"url":"https:\/\/crees.org.do\/?author=2"}]}},"_links":{"self":[{"href":"https:\/\/crees.org.do\/index.php?rest_route=\/wp\/v2\/posts\/23460","targetHints":{"allow":["GET"]}}],"collection":[{"href":"https:\/\/crees.org.do\/index.php?rest_route=\/wp\/v2\/posts"}],"about":[{"href":"https:\/\/crees.org.do\/index.php?rest_route=\/wp\/v2\/types\/post"}],"author":[{"embeddable":true,"href":"https:\/\/crees.org.do\/index.php?rest_route=\/wp\/v2\/users\/2"}],"replies":[{"embeddable":true,"href":"https:\/\/crees.org.do\/index.php?rest_route=%2Fwp%2Fv2%2Fcomments&post=23460"}],"version-history":[{"count":1,"href":"https:\/\/crees.org.do\/index.php?rest_route=\/wp\/v2\/posts\/23460\/revisions"}],"predecessor-version":[{"id":23466,"href":"https:\/\/crees.org.do\/index.php?rest_route=\/wp\/v2\/posts\/23460\/revisions\/23466"}],"wp:featuredmedia":[{"embeddable":true,"href":"https:\/\/crees.org.do\/index.php?rest_route=\/wp\/v2\/media\/23461"}],"wp:attachment":[{"href":"https:\/\/crees.org.do\/index.php?rest_route=%2Fwp%2Fv2%2Fmedia&parent=23460"}],"wp:term":[{"taxonomy":"category","embeddable":true,"href":"https:\/\/crees.org.do\/index.php?rest_route=%2Fwp%2Fv2%2Fcategories&post=23460"},{"taxonomy":"post_tag","embeddable":true,"href":"https:\/\/crees.org.do\/index.php?rest_route=%2Fwp%2Fv2%2Ftags&post=23460"}],"curies":[{"name":"wp","href":"https:\/\/api.w.org\/{rel}","templated":true}]}}