{"id":23467,"date":"2022-06-15T15:37:32","date_gmt":"2022-06-15T15:37:32","guid":{"rendered":"https:\/\/crees.org.do\/?p=23467"},"modified":"2022-06-15T15:37:32","modified_gmt":"2022-06-15T15:37:32","slug":"indicadores-del-mercado-laboral-dominicano-al-primer-trimestre-de-2022","status":"publish","type":"post","link":"https:\/\/crees.org.do\/?p=23467","title":{"rendered":"Indicadores del mercado laboral dominicano al primer trimestre de 2022"},"content":{"rendered":"<p><img fetchpriority=\"high\" decoding=\"async\" class=\"aligncenter wp-image-23468\" src=\"https:\/\/crees.org.do\/wp-content\/uploads\/2022\/06\/Slide-1-10.png\" alt=\"\" width=\"896\" height=\"896\" srcset=\"https:\/\/crees.org.do\/wp-content\/uploads\/2022\/06\/Slide-1-10.png 1200w, https:\/\/crees.org.do\/wp-content\/uploads\/2022\/06\/Slide-1-10-450x450.png 450w, https:\/\/crees.org.do\/wp-content\/uploads\/2022\/06\/Slide-1-10-2000x2000.png 2000w, https:\/\/crees.org.do\/wp-content\/uploads\/2022\/06\/Slide-1-10-150x150.png 150w, https:\/\/crees.org.do\/wp-content\/uploads\/2022\/06\/Slide-1-10-768x768.png 768w, https:\/\/crees.org.do\/wp-content\/uploads\/2022\/06\/Slide-1-10-500x500.png 500w, https:\/\/crees.org.do\/wp-content\/uploads\/2022\/06\/Slide-1-10-1536x1536.png 1536w, https:\/\/crees.org.do\/wp-content\/uploads\/2022\/06\/Slide-1-10-2048x2048.png 2048w, https:\/\/crees.org.do\/wp-content\/uploads\/2022\/06\/Slide-1-10-300x300.png 300w, https:\/\/crees.org.do\/wp-content\/uploads\/2022\/06\/Slide-1-10-600x600.png 600w, https:\/\/crees.org.do\/wp-content\/uploads\/2022\/06\/Slide-1-10-100x100.png 100w\" sizes=\"(max-width: 896px) 100vw, 896px\" \/><img decoding=\"async\" class=\"aligncenter wp-image-23469\" src=\"https:\/\/crees.org.do\/wp-content\/uploads\/2022\/06\/2-Untitled-4.png\" alt=\"\" width=\"896\" height=\"896\" srcset=\"https:\/\/crees.org.do\/wp-content\/uploads\/2022\/06\/2-Untitled-4.png 1200w, https:\/\/crees.org.do\/wp-content\/uploads\/2022\/06\/2-Untitled-4-450x450.png 450w, https:\/\/crees.org.do\/wp-content\/uploads\/2022\/06\/2-Untitled-4-2000x2000.png 2000w, https:\/\/crees.org.do\/wp-content\/uploads\/2022\/06\/2-Untitled-4-150x150.png 150w, https:\/\/crees.org.do\/wp-content\/uploads\/2022\/06\/2-Untitled-4-768x768.png 768w, https:\/\/crees.org.do\/wp-content\/uploads\/2022\/06\/2-Untitled-4-500x500.png 500w, https:\/\/crees.org.do\/wp-content\/uploads\/2022\/06\/2-Untitled-4-1536x1536.png 1536w, https:\/\/crees.org.do\/wp-content\/uploads\/2022\/06\/2-Untitled-4-2048x2048.png 2048w, https:\/\/crees.org.do\/wp-content\/uploads\/2022\/06\/2-Untitled-4-300x300.png 300w, https:\/\/crees.org.do\/wp-content\/uploads\/2022\/06\/2-Untitled-4-600x600.png 600w, https:\/\/crees.org.do\/wp-content\/uploads\/2022\/06\/2-Untitled-4-100x100.png 100w\" sizes=\"(max-width: 896px) 100vw, 896px\" \/> <img decoding=\"async\" class=\"aligncenter wp-image-23470\" src=\"https:\/\/crees.org.do\/wp-content\/uploads\/2022\/06\/3-Untitled-copy-1.png\" alt=\"\" width=\"896\" height=\"896\" srcset=\"https:\/\/crees.org.do\/wp-content\/uploads\/2022\/06\/3-Untitled-copy-1.png 1200w, https:\/\/crees.org.do\/wp-content\/uploads\/2022\/06\/3-Untitled-copy-1-450x450.png 450w, https:\/\/crees.org.do\/wp-content\/uploads\/2022\/06\/3-Untitled-copy-1-2000x2000.png 2000w, https:\/\/crees.org.do\/wp-content\/uploads\/2022\/06\/3-Untitled-copy-1-150x150.png 150w, https:\/\/crees.org.do\/wp-content\/uploads\/2022\/06\/3-Untitled-copy-1-768x768.png 768w, https:\/\/crees.org.do\/wp-content\/uploads\/2022\/06\/3-Untitled-copy-1-500x500.png 500w, https:\/\/crees.org.do\/wp-content\/uploads\/2022\/06\/3-Untitled-copy-1-1536x1536.png 1536w, https:\/\/crees.org.do\/wp-content\/uploads\/2022\/06\/3-Untitled-copy-1-2048x2048.png 2048w, https:\/\/crees.org.do\/wp-content\/uploads\/2022\/06\/3-Untitled-copy-1-300x300.png 300w, https:\/\/crees.org.do\/wp-content\/uploads\/2022\/06\/3-Untitled-copy-1-600x600.png 600w, https:\/\/crees.org.do\/wp-content\/uploads\/2022\/06\/3-Untitled-copy-1-100x100.png 100w\" sizes=\"(max-width: 896px) 100vw, 896px\" \/> <img loading=\"lazy\" decoding=\"async\" class=\"aligncenter wp-image-23471\" src=\"https:\/\/crees.org.do\/wp-content\/uploads\/2022\/06\/4-Untitled-copy-3.png\" alt=\"\" width=\"896\" height=\"896\" srcset=\"https:\/\/crees.org.do\/wp-content\/uploads\/2022\/06\/4-Untitled-copy-3.png 1200w, https:\/\/crees.org.do\/wp-content\/uploads\/2022\/06\/4-Untitled-copy-3-450x450.png 450w, https:\/\/crees.org.do\/wp-content\/uploads\/2022\/06\/4-Untitled-copy-3-2000x2000.png 2000w, https:\/\/crees.org.do\/wp-content\/uploads\/2022\/06\/4-Untitled-copy-3-150x150.png 150w, https:\/\/crees.org.do\/wp-content\/uploads\/2022\/06\/4-Untitled-copy-3-768x768.png 768w, https:\/\/crees.org.do\/wp-content\/uploads\/2022\/06\/4-Untitled-copy-3-500x500.png 500w, https:\/\/crees.org.do\/wp-content\/uploads\/2022\/06\/4-Untitled-copy-3-1536x1536.png 1536w, https:\/\/crees.org.do\/wp-content\/uploads\/2022\/06\/4-Untitled-copy-3-2048x2048.png 2048w, https:\/\/crees.org.do\/wp-content\/uploads\/2022\/06\/4-Untitled-copy-3-300x300.png 300w, https:\/\/crees.org.do\/wp-content\/uploads\/2022\/06\/4-Untitled-copy-3-600x600.png 600w, https:\/\/crees.org.do\/wp-content\/uploads\/2022\/06\/4-Untitled-copy-3-100x100.png 100w\" sizes=\"(max-width: 896px) 100vw, 896px\" \/><\/p>\n<p style=\"text-align: justify;\">De acuerdo con los datos de la Encuesta Nacional Continua de Fuerza de Trabajo (ENCFT) del Banco Central de la Rep\u00fablica Dominicana, desde el inicio de la pandemia en el primer trimestre de 2020 al primer trimestre de 2022 la cantidad de ocupados \u2013tanto en el sector formal como informal\u2013 se ha incrementado en 34,238 trabajadores. Sin embargo, a\u00fan se encuentra 76,077 trabajadores por debajo del nivel previo a la pandemia, en el \u00faltimo trimestre de 2019.<\/p>\n<p style=\"text-align: justify;\">De igual forma, en el periodo enero-marzo de 2022 la tasa de desempleo ampliada disminuy\u00f3 2.1 puntos porcentuales en comparaci\u00f3n con el primer trimestre de 2020; sin embargo, se encuentra 0.6 puntos porcentuales por encima de la tasa previa al inicio de la pandemia.<\/p>\n<p style=\"text-align: justify;\">Seg\u00fan los datos, 2.7 millones de personas se encontraban trabajando en condiciones de informalidad en el primer trimestre del a\u00f1o. Esto represent\u00f3 un 58.1% de la fuerza laboral en este periodo; una cifra que super\u00f3 el 54.8% del \u00faltimo trimestre de 2019 en 3.3 puntos porcentuales.<\/p>\n<p style=\"text-align: justify;\">El futuro del mercado laboral dominicano depender\u00e1 bastante de la aplicaci\u00f3n de reformas estructurales econ\u00f3micas e institucionales que incentiven la creaci\u00f3n de empleo formal, propicien incrementos en la productividad y, en consecuencia, mayores ingresos para los trabajadores. Ser\u00edan reformas como una simplificaci\u00f3n del sistema tributario y una flexibilizaci\u00f3n del C\u00f3digo de Trabajo las que no solo acelerar\u00edan el ritmo de recuperaci\u00f3n del mercado laboral, sino que tambi\u00e9n crear\u00edan uno mejor que el de a\u00f1os anteriores.<\/p>\n<div class=\"pvc_clear\"><\/div>\n<p class=\"pvc_stats all \" data-element-id=\"23467\" style=\"\"><i class=\"pvc-stats-icon medium\" aria-hidden=\"true\"><svg aria-hidden=\"true\" focusable=\"false\" data-prefix=\"far\" data-icon=\"chart-bar\" role=\"img\" xmlns=\"http:\/\/www.w3.org\/2000\/svg\" viewBox=\"0 0 512 512\" class=\"svg-inline--fa fa-chart-bar fa-w-16 fa-2x\"><path fill=\"currentColor\" d=\"M396.8 352h22.4c6.4 0 12.8-6.4 12.8-12.8V108.8c0-6.4-6.4-12.8-12.8-12.8h-22.4c-6.4 0-12.8 6.4-12.8 12.8v230.4c0 6.4 6.4 12.8 12.8 12.8zm-192 0h22.4c6.4 0 12.8-6.4 12.8-12.8V140.8c0-6.4-6.4-12.8-12.8-12.8h-22.4c-6.4 0-12.8 6.4-12.8 12.8v198.4c0 6.4 6.4 12.8 12.8 12.8zm96 0h22.4c6.4 0 12.8-6.4 12.8-12.8V204.8c0-6.4-6.4-12.8-12.8-12.8h-22.4c-6.4 0-12.8 6.4-12.8 12.8v134.4c0 6.4 6.4 12.8 12.8 12.8zM496 400H48V80c0-8.84-7.16-16-16-16H16C7.16 64 0 71.16 0 80v336c0 17.67 14.33 32 32 32h464c8.84 0 16-7.16 16-16v-16c0-8.84-7.16-16-16-16zm-387.2-48h22.4c6.4 0 12.8-6.4 12.8-12.8v-70.4c0-6.4-6.4-12.8-12.8-12.8h-22.4c-6.4 0-12.8 6.4-12.8 12.8v70.4c0 6.4 6.4 12.8 12.8 12.8z\" class=\"\"><\/path><\/svg><\/i> Vistas Totales&nbsp;1,407&nbsp;<\/p>\n<div class=\"pvc_clear\"><\/div>\n","protected":false},"excerpt":{"rendered":"<p>De acuerdo con los datos de la Encuesta Nacional Continua de Fuerza de Trabajo (ENCFT) del Banco Central de la Rep\u00fablica Dominicana, desde el inicio de la pandemia en el primer trimestre de 2020 al primer trimestre de 2022 la cantidad de ocupados \u2013tanto en el sector formal como informal\u2013 se ha incrementado en 34,238&#8230;<\/p>\n<div class=\"pvc_clear\"><\/div>\n<p class=\"pvc_stats all \" data-element-id=\"23467\" style=\"\"><i class=\"pvc-stats-icon medium\" aria-hidden=\"true\"><svg aria-hidden=\"true\" focusable=\"false\" data-prefix=\"far\" data-icon=\"chart-bar\" role=\"img\" xmlns=\"http:\/\/www.w3.org\/2000\/svg\" viewBox=\"0 0 512 512\" class=\"svg-inline--fa fa-chart-bar fa-w-16 fa-2x\"><path fill=\"currentColor\" d=\"M396.8 352h22.4c6.4 0 12.8-6.4 12.8-12.8V108.8c0-6.4-6.4-12.8-12.8-12.8h-22.4c-6.4 0-12.8 6.4-12.8 12.8v230.4c0 6.4 6.4 12.8 12.8 12.8zm-192 0h22.4c6.4 0 12.8-6.4 12.8-12.8V140.8c0-6.4-6.4-12.8-12.8-12.8h-22.4c-6.4 0-12.8 6.4-12.8 12.8v198.4c0 6.4 6.4 12.8 12.8 12.8zm96 0h22.4c6.4 0 12.8-6.4 12.8-12.8V204.8c0-6.4-6.4-12.8-12.8-12.8h-22.4c-6.4 0-12.8 6.4-12.8 12.8v134.4c0 6.4 6.4 12.8 12.8 12.8zM496 400H48V80c0-8.84-7.16-16-16-16H16C7.16 64 0 71.16 0 80v336c0 17.67 14.33 32 32 32h464c8.84 0 16-7.16 16-16v-16c0-8.84-7.16-16-16-16zm-387.2-48h22.4c6.4 0 12.8-6.4 12.8-12.8v-70.4c0-6.4-6.4-12.8-12.8-12.8h-22.4c-6.4 0-12.8 6.4-12.8 12.8v70.4c0 6.4 6.4 12.8 12.8 12.8z\" class=\"\"><\/path><\/svg><\/i> Vistas Totales&nbsp;1,407&nbsp;<\/p>\n<div class=\"pvc_clear\"><\/div>\n","protected":false},"author":2,"featured_media":23468,"comment_status":"closed","ping_status":"closed","sticky":false,"template":"","format":"standard","meta":{"footnotes":""},"categories":[21],"tags":[],"class_list":["post-23467","post","type-post","status-publish","format-standard","has-post-thumbnail","hentry","category-blog"],"yoast_head":"<!-- This site is optimized with the Yoast SEO plugin v25.2 - https:\/\/yoast.com\/wordpress\/plugins\/seo\/ -->\n<title>Indicadores del mercado laboral dominicano al primer trimestre de 2022 | CREES<\/title>\n<meta name=\"robots\" content=\"index, follow, max-snippet:-1, max-image-preview:large, max-video-preview:-1\" \/>\n<link rel=\"canonical\" href=\"https:\/\/crees.org.do\/?p=23467\" \/>\n<meta property=\"og:locale\" content=\"es_ES\" \/>\n<meta property=\"og:type\" content=\"article\" \/>\n<meta property=\"og:title\" content=\"Indicadores del mercado laboral dominicano al primer trimestre de 2022 | CREES\" \/>\n<meta property=\"og:description\" content=\"De acuerdo con los datos de la Encuesta Nacional Continua de Fuerza de Trabajo (ENCFT) del Banco Central de la Rep\u00fablica Dominicana, desde el inicio de la pandemia en el primer trimestre de 2020 al primer trimestre de 2022 la cantidad de ocupados \u2013tanto en el sector formal como informal\u2013 se ha incrementado en 34,238...\" \/>\n<meta property=\"og:url\" content=\"https:\/\/crees.org.do\/?p=23467\" \/>\n<meta property=\"og:site_name\" content=\"CREES\" \/>\n<meta property=\"article:publisher\" content=\"https:\/\/www.facebook.com\/CREESRD\/\" \/>\n<meta property=\"article:published_time\" content=\"2022-06-15T15:37:32+00:00\" \/>\n<meta property=\"og:image\" content=\"https:\/\/crees.org.do\/wp-content\/uploads\/2022\/06\/Slide-1-10.png\" \/>\n\t<meta property=\"og:image:width\" content=\"1200\" \/>\n\t<meta property=\"og:image:height\" content=\"1200\" \/>\n\t<meta property=\"og:image:type\" content=\"image\/png\" \/>\n<meta name=\"author\" content=\"Crees\" \/>\n<meta name=\"twitter:card\" content=\"summary_large_image\" \/>\n<meta name=\"twitter:creator\" content=\"@CREESRD\" \/>\n<meta name=\"twitter:site\" content=\"@CREESRD\" \/>\n<meta name=\"twitter:label1\" content=\"Escrito por\" \/>\n\t<meta name=\"twitter:data1\" content=\"Crees\" \/>\n\t<meta name=\"twitter:label2\" content=\"Tiempo de lectura\" \/>\n\t<meta name=\"twitter:data2\" content=\"2 minutos\" \/>\n<script type=\"application\/ld+json\" class=\"yoast-schema-graph\">{\"@context\":\"https:\/\/schema.org\",\"@graph\":[{\"@type\":\"Article\",\"@id\":\"https:\/\/crees.org.do\/?p=23467#article\",\"isPartOf\":{\"@id\":\"https:\/\/crees.org.do\/?p=23467\"},\"author\":{\"name\":\"Crees\",\"@id\":\"https:\/\/crees.org.do\/#\/schema\/person\/e7f97cd94d7bf9cd0e0ce30acb7d56b8\"},\"headline\":\"Indicadores del mercado laboral dominicano al primer trimestre de 2022\",\"datePublished\":\"2022-06-15T15:37:32+00:00\",\"mainEntityOfPage\":{\"@id\":\"https:\/\/crees.org.do\/?p=23467\"},\"wordCount\":254,\"publisher\":{\"@id\":\"https:\/\/crees.org.do\/#organization\"},\"image\":{\"@id\":\"https:\/\/crees.org.do\/?p=23467#primaryimage\"},\"thumbnailUrl\":\"https:\/\/crees.org.do\/wp-content\/uploads\/2022\/06\/Slide-1-10.png\",\"articleSection\":[\"Blog\"],\"inLanguage\":\"es\"},{\"@type\":\"WebPage\",\"@id\":\"https:\/\/crees.org.do\/?p=23467\",\"url\":\"https:\/\/crees.org.do\/?p=23467\",\"name\":\"Indicadores del mercado laboral dominicano al primer trimestre de 2022 | CREES\",\"isPartOf\":{\"@id\":\"https:\/\/crees.org.do\/#website\"},\"primaryImageOfPage\":{\"@id\":\"https:\/\/crees.org.do\/?p=23467#primaryimage\"},\"image\":{\"@id\":\"https:\/\/crees.org.do\/?p=23467#primaryimage\"},\"thumbnailUrl\":\"https:\/\/crees.org.do\/wp-content\/uploads\/2022\/06\/Slide-1-10.png\",\"datePublished\":\"2022-06-15T15:37:32+00:00\",\"breadcrumb\":{\"@id\":\"https:\/\/crees.org.do\/?p=23467#breadcrumb\"},\"inLanguage\":\"es\",\"potentialAction\":[{\"@type\":\"ReadAction\",\"target\":[\"https:\/\/crees.org.do\/?p=23467\"]}]},{\"@type\":\"ImageObject\",\"inLanguage\":\"es\",\"@id\":\"https:\/\/crees.org.do\/?p=23467#primaryimage\",\"url\":\"https:\/\/crees.org.do\/wp-content\/uploads\/2022\/06\/Slide-1-10.png\",\"contentUrl\":\"https:\/\/crees.org.do\/wp-content\/uploads\/2022\/06\/Slide-1-10.png\",\"width\":1200,\"height\":1200},{\"@type\":\"BreadcrumbList\",\"@id\":\"https:\/\/crees.org.do\/?p=23467#breadcrumb\",\"itemListElement\":[{\"@type\":\"ListItem\",\"position\":1,\"name\":\"Portada\",\"item\":\"https:\/\/crees.org.do\/\"},{\"@type\":\"ListItem\",\"position\":2,\"name\":\"Indicadores del mercado laboral dominicano al primer trimestre de 2022\"}]},{\"@type\":\"WebSite\",\"@id\":\"https:\/\/crees.org.do\/#website\",\"url\":\"https:\/\/crees.org.do\/\",\"name\":\"CREES\",\"description\":\"Centro Regional de Estrategias Econ\u00f3micas Sostenibles\",\"publisher\":{\"@id\":\"https:\/\/crees.org.do\/#organization\"},\"potentialAction\":[{\"@type\":\"SearchAction\",\"target\":{\"@type\":\"EntryPoint\",\"urlTemplate\":\"https:\/\/crees.org.do\/?s={search_term_string}\"},\"query-input\":{\"@type\":\"PropertyValueSpecification\",\"valueRequired\":true,\"valueName\":\"search_term_string\"}}],\"inLanguage\":\"es\"},{\"@type\":\"Organization\",\"@id\":\"https:\/\/crees.org.do\/#organization\",\"name\":\"CREES | Centro Regional de Estrategias Econ\u00f3micas Sostenibles\",\"url\":\"https:\/\/crees.org.do\/\",\"logo\":{\"@type\":\"ImageObject\",\"inLanguage\":\"es\",\"@id\":\"https:\/\/crees.org.do\/#\/schema\/logo\/image\/\",\"url\":\"https:\/\/crees.org.do\/wp-content\/uploads\/2022\/03\/crees-logo-1.jpg\",\"contentUrl\":\"https:\/\/crees.org.do\/wp-content\/uploads\/2022\/03\/crees-logo-1.jpg\",\"width\":244,\"height\":71,\"caption\":\"CREES | Centro Regional de Estrategias Econ\u00f3micas Sostenibles\"},\"image\":{\"@id\":\"https:\/\/crees.org.do\/#\/schema\/logo\/image\/\"},\"sameAs\":[\"https:\/\/www.facebook.com\/CREESRD\/\",\"https:\/\/x.com\/CREESRD\"]},{\"@type\":\"Person\",\"@id\":\"https:\/\/crees.org.do\/#\/schema\/person\/e7f97cd94d7bf9cd0e0ce30acb7d56b8\",\"name\":\"Crees\",\"image\":{\"@type\":\"ImageObject\",\"inLanguage\":\"es\",\"@id\":\"https:\/\/crees.org.do\/#\/schema\/person\/image\/\",\"url\":\"https:\/\/secure.gravatar.com\/avatar\/390ac8f0be5d9aa046152553e2dd7011b59a512d89c150f5e5f28bb8d9a0b165?s=96&d=mm&r=g\",\"contentUrl\":\"https:\/\/secure.gravatar.com\/avatar\/390ac8f0be5d9aa046152553e2dd7011b59a512d89c150f5e5f28bb8d9a0b165?s=96&d=mm&r=g\",\"caption\":\"Crees\"},\"url\":\"https:\/\/crees.org.do\/?author=2\"}]}<\/script>\n<!-- \/ Yoast SEO plugin. -->","yoast_head_json":{"title":"Indicadores del mercado laboral dominicano al primer trimestre de 2022 | CREES","robots":{"index":"index","follow":"follow","max-snippet":"max-snippet:-1","max-image-preview":"max-image-preview:large","max-video-preview":"max-video-preview:-1"},"canonical":"https:\/\/crees.org.do\/?p=23467","og_locale":"es_ES","og_type":"article","og_title":"Indicadores del mercado laboral dominicano al primer trimestre de 2022 | CREES","og_description":"De acuerdo con los datos de la Encuesta Nacional Continua de Fuerza de Trabajo (ENCFT) del Banco Central de la Rep\u00fablica Dominicana, desde el inicio de la pandemia en el primer trimestre de 2020 al primer trimestre de 2022 la cantidad de ocupados \u2013tanto en el sector formal como informal\u2013 se ha incrementado en 34,238...","og_url":"https:\/\/crees.org.do\/?p=23467","og_site_name":"CREES","article_publisher":"https:\/\/www.facebook.com\/CREESRD\/","article_published_time":"2022-06-15T15:37:32+00:00","og_image":[{"width":1200,"height":1200,"url":"https:\/\/crees.org.do\/wp-content\/uploads\/2022\/06\/Slide-1-10.png","type":"image\/png"}],"author":"Crees","twitter_card":"summary_large_image","twitter_creator":"@CREESRD","twitter_site":"@CREESRD","twitter_misc":{"Escrito por":"Crees","Tiempo de lectura":"2 minutos"},"schema":{"@context":"https:\/\/schema.org","@graph":[{"@type":"Article","@id":"https:\/\/crees.org.do\/?p=23467#article","isPartOf":{"@id":"https:\/\/crees.org.do\/?p=23467"},"author":{"name":"Crees","@id":"https:\/\/crees.org.do\/#\/schema\/person\/e7f97cd94d7bf9cd0e0ce30acb7d56b8"},"headline":"Indicadores del mercado laboral dominicano al primer trimestre de 2022","datePublished":"2022-06-15T15:37:32+00:00","mainEntityOfPage":{"@id":"https:\/\/crees.org.do\/?p=23467"},"wordCount":254,"publisher":{"@id":"https:\/\/crees.org.do\/#organization"},"image":{"@id":"https:\/\/crees.org.do\/?p=23467#primaryimage"},"thumbnailUrl":"https:\/\/crees.org.do\/wp-content\/uploads\/2022\/06\/Slide-1-10.png","articleSection":["Blog"],"inLanguage":"es"},{"@type":"WebPage","@id":"https:\/\/crees.org.do\/?p=23467","url":"https:\/\/crees.org.do\/?p=23467","name":"Indicadores del mercado laboral dominicano al primer trimestre de 2022 | CREES","isPartOf":{"@id":"https:\/\/crees.org.do\/#website"},"primaryImageOfPage":{"@id":"https:\/\/crees.org.do\/?p=23467#primaryimage"},"image":{"@id":"https:\/\/crees.org.do\/?p=23467#primaryimage"},"thumbnailUrl":"https:\/\/crees.org.do\/wp-content\/uploads\/2022\/06\/Slide-1-10.png","datePublished":"2022-06-15T15:37:32+00:00","breadcrumb":{"@id":"https:\/\/crees.org.do\/?p=23467#breadcrumb"},"inLanguage":"es","potentialAction":[{"@type":"ReadAction","target":["https:\/\/crees.org.do\/?p=23467"]}]},{"@type":"ImageObject","inLanguage":"es","@id":"https:\/\/crees.org.do\/?p=23467#primaryimage","url":"https:\/\/crees.org.do\/wp-content\/uploads\/2022\/06\/Slide-1-10.png","contentUrl":"https:\/\/crees.org.do\/wp-content\/uploads\/2022\/06\/Slide-1-10.png","width":1200,"height":1200},{"@type":"BreadcrumbList","@id":"https:\/\/crees.org.do\/?p=23467#breadcrumb","itemListElement":[{"@type":"ListItem","position":1,"name":"Portada","item":"https:\/\/crees.org.do\/"},{"@type":"ListItem","position":2,"name":"Indicadores del mercado laboral dominicano al primer trimestre de 2022"}]},{"@type":"WebSite","@id":"https:\/\/crees.org.do\/#website","url":"https:\/\/crees.org.do\/","name":"CREES","description":"Centro Regional de Estrategias Econ\u00f3micas Sostenibles","publisher":{"@id":"https:\/\/crees.org.do\/#organization"},"potentialAction":[{"@type":"SearchAction","target":{"@type":"EntryPoint","urlTemplate":"https:\/\/crees.org.do\/?s={search_term_string}"},"query-input":{"@type":"PropertyValueSpecification","valueRequired":true,"valueName":"search_term_string"}}],"inLanguage":"es"},{"@type":"Organization","@id":"https:\/\/crees.org.do\/#organization","name":"CREES | Centro Regional de Estrategias Econ\u00f3micas Sostenibles","url":"https:\/\/crees.org.do\/","logo":{"@type":"ImageObject","inLanguage":"es","@id":"https:\/\/crees.org.do\/#\/schema\/logo\/image\/","url":"https:\/\/crees.org.do\/wp-content\/uploads\/2022\/03\/crees-logo-1.jpg","contentUrl":"https:\/\/crees.org.do\/wp-content\/uploads\/2022\/03\/crees-logo-1.jpg","width":244,"height":71,"caption":"CREES | Centro Regional de Estrategias Econ\u00f3micas Sostenibles"},"image":{"@id":"https:\/\/crees.org.do\/#\/schema\/logo\/image\/"},"sameAs":["https:\/\/www.facebook.com\/CREESRD\/","https:\/\/x.com\/CREESRD"]},{"@type":"Person","@id":"https:\/\/crees.org.do\/#\/schema\/person\/e7f97cd94d7bf9cd0e0ce30acb7d56b8","name":"Crees","image":{"@type":"ImageObject","inLanguage":"es","@id":"https:\/\/crees.org.do\/#\/schema\/person\/image\/","url":"https:\/\/secure.gravatar.com\/avatar\/390ac8f0be5d9aa046152553e2dd7011b59a512d89c150f5e5f28bb8d9a0b165?s=96&d=mm&r=g","contentUrl":"https:\/\/secure.gravatar.com\/avatar\/390ac8f0be5d9aa046152553e2dd7011b59a512d89c150f5e5f28bb8d9a0b165?s=96&d=mm&r=g","caption":"Crees"},"url":"https:\/\/crees.org.do\/?author=2"}]}},"_links":{"self":[{"href":"https:\/\/crees.org.do\/index.php?rest_route=\/wp\/v2\/posts\/23467","targetHints":{"allow":["GET"]}}],"collection":[{"href":"https:\/\/crees.org.do\/index.php?rest_route=\/wp\/v2\/posts"}],"about":[{"href":"https:\/\/crees.org.do\/index.php?rest_route=\/wp\/v2\/types\/post"}],"author":[{"embeddable":true,"href":"https:\/\/crees.org.do\/index.php?rest_route=\/wp\/v2\/users\/2"}],"replies":[{"embeddable":true,"href":"https:\/\/crees.org.do\/index.php?rest_route=%2Fwp%2Fv2%2Fcomments&post=23467"}],"version-history":[{"count":1,"href":"https:\/\/crees.org.do\/index.php?rest_route=\/wp\/v2\/posts\/23467\/revisions"}],"predecessor-version":[{"id":23472,"href":"https:\/\/crees.org.do\/index.php?rest_route=\/wp\/v2\/posts\/23467\/revisions\/23472"}],"wp:featuredmedia":[{"embeddable":true,"href":"https:\/\/crees.org.do\/index.php?rest_route=\/wp\/v2\/media\/23468"}],"wp:attachment":[{"href":"https:\/\/crees.org.do\/index.php?rest_route=%2Fwp%2Fv2%2Fmedia&parent=23467"}],"wp:term":[{"taxonomy":"category","embeddable":true,"href":"https:\/\/crees.org.do\/index.php?rest_route=%2Fwp%2Fv2%2Fcategories&post=23467"},{"taxonomy":"post_tag","embeddable":true,"href":"https:\/\/crees.org.do\/index.php?rest_route=%2Fwp%2Fv2%2Ftags&post=23467"}],"curies":[{"name":"wp","href":"https:\/\/api.w.org\/{rel}","templated":true}]}}