{"id":23482,"date":"2022-06-22T16:49:24","date_gmt":"2022-06-22T16:49:24","guid":{"rendered":"https:\/\/crees.org.do\/?p=23482"},"modified":"2022-06-27T13:12:25","modified_gmt":"2022-06-27T13:12:25","slug":"evolucion-de-la-deuda-publica-consolidada-de-republica-dominicana-a-mayo-de-2022","status":"publish","type":"post","link":"https:\/\/crees.org.do\/?p=23482","title":{"rendered":"Evoluci\u00f3n de la deuda p\u00fablica consolidada de Rep\u00fablica Dominicana a mayo de 2022"},"content":{"rendered":"<p><img fetchpriority=\"high\" decoding=\"async\" class=\"aligncenter wp-image-23483\" src=\"https:\/\/crees.org.do\/wp-content\/uploads\/2022\/06\/Slide-1-copy-1-15.png\" alt=\"\" width=\"896\" height=\"896\" srcset=\"https:\/\/crees.org.do\/wp-content\/uploads\/2022\/06\/Slide-1-copy-1-15.png 1080w, https:\/\/crees.org.do\/wp-content\/uploads\/2022\/06\/Slide-1-copy-1-15-450x450.png 450w, https:\/\/crees.org.do\/wp-content\/uploads\/2022\/06\/Slide-1-copy-1-15-150x150.png 150w, https:\/\/crees.org.do\/wp-content\/uploads\/2022\/06\/Slide-1-copy-1-15-768x768.png 768w, https:\/\/crees.org.do\/wp-content\/uploads\/2022\/06\/Slide-1-copy-1-15-500x500.png 500w, https:\/\/crees.org.do\/wp-content\/uploads\/2022\/06\/Slide-1-copy-1-15-300x300.png 300w, https:\/\/crees.org.do\/wp-content\/uploads\/2022\/06\/Slide-1-copy-1-15-600x600.png 600w, https:\/\/crees.org.do\/wp-content\/uploads\/2022\/06\/Slide-1-copy-1-15-100x100.png 100w\" sizes=\"(max-width: 896px) 100vw, 896px\" \/><\/p>\n<h3><strong>Evoluci\u00f3n de la deuda p\u00fablica consolidada de Rep\u00fablica Dominicana, a mayo de 2022<\/strong><\/h3>\n<p style=\"text-align: justify;\">De acuerdo con los datos de la Direcci\u00f3n General de Cr\u00e9dito P\u00fablico y el Banco Central de la Rep\u00fablica Dominicana (BCRD), en mayo de 2022 la deuda p\u00fablica consolidada de Rep\u00fablica Dominicana (incluyendo deuda intergubernamental) ascendi\u00f3 a US$67,632.8 millones, de los cuales, US$50,309.9 millones correspond\u00edan a la deuda del sector p\u00fablico no financiero (SPNF) y los restantes US$17,322.9 millones proven\u00edan de los pasivos del BCRD.<\/p>\n<p style=\"text-align: justify;\">En los \u00faltimos meses los rendimientos de los bonos del Departamento del Tesoro de Estados Unidos han aumentado. Esto ha sido resultado del cambio de pol\u00edtica monetaria de este pa\u00eds (reducci\u00f3n de la compra de t\u00edtulos de la Fed y aumentando la tasa de inter\u00e9s de los fondos federales) y de las expectativas de inflaci\u00f3n. Como consecuencia del aumento de los rendimientos, la prima de riesgo que demandan los inversionistas para comprar bonos soberanos en los mercados emergentes (riesgo pa\u00eds) est\u00e1 aumentando. Esto significa que la deuda de econom\u00edas como Rep\u00fablica Dominicana se est\u00e1 volviendo m\u00e1s costosa. Desde mediados de marzo a junio de 2022 la Fed ha aumentado la tasa de fondos federales en 1.5 puntos porcentuales. En este mismo periodo, el riesgo pa\u00eds de Rep\u00fablica Dominicana ha pasado de 413 a 485 puntos b\u00e1sicos. Esto significa que el costo de la deuda del pa\u00eds se ha vuelto 17.6% m\u00e1s caro en comparaci\u00f3n con un t\u00edtulo libre de riesgo de igual duraci\u00f3n.<\/p>\n<p style=\"text-align: justify;\">El impacto que est\u00e1 teniendo el entorno internacional en las finanzas p\u00fablicas del pa\u00eds pone en evidencia la necesidad de mejorar las condiciones fiscales. Una forma de lograr esto ser\u00eda estableciendo reglas fiscales que ordenen y fortalezcan las finanzas p\u00fablicas y una reforma tributaria sana que simplifique el sistema tributario.<\/p>\n<div class=\"pvc_clear\"><\/div>\n<p class=\"pvc_stats all \" data-element-id=\"23482\" style=\"\"><i class=\"pvc-stats-icon medium\" aria-hidden=\"true\"><svg aria-hidden=\"true\" focusable=\"false\" data-prefix=\"far\" data-icon=\"chart-bar\" role=\"img\" xmlns=\"http:\/\/www.w3.org\/2000\/svg\" viewBox=\"0 0 512 512\" class=\"svg-inline--fa fa-chart-bar fa-w-16 fa-2x\"><path fill=\"currentColor\" d=\"M396.8 352h22.4c6.4 0 12.8-6.4 12.8-12.8V108.8c0-6.4-6.4-12.8-12.8-12.8h-22.4c-6.4 0-12.8 6.4-12.8 12.8v230.4c0 6.4 6.4 12.8 12.8 12.8zm-192 0h22.4c6.4 0 12.8-6.4 12.8-12.8V140.8c0-6.4-6.4-12.8-12.8-12.8h-22.4c-6.4 0-12.8 6.4-12.8 12.8v198.4c0 6.4 6.4 12.8 12.8 12.8zm96 0h22.4c6.4 0 12.8-6.4 12.8-12.8V204.8c0-6.4-6.4-12.8-12.8-12.8h-22.4c-6.4 0-12.8 6.4-12.8 12.8v134.4c0 6.4 6.4 12.8 12.8 12.8zM496 400H48V80c0-8.84-7.16-16-16-16H16C7.16 64 0 71.16 0 80v336c0 17.67 14.33 32 32 32h464c8.84 0 16-7.16 16-16v-16c0-8.84-7.16-16-16-16zm-387.2-48h22.4c6.4 0 12.8-6.4 12.8-12.8v-70.4c0-6.4-6.4-12.8-12.8-12.8h-22.4c-6.4 0-12.8 6.4-12.8 12.8v70.4c0 6.4 6.4 12.8 12.8 12.8z\" class=\"\"><\/path><\/svg><\/i> Vistas Totales&nbsp;1,490&nbsp;, Vistas Hoy&nbsp;2&nbsp;<\/p>\n<div class=\"pvc_clear\"><\/div>\n","protected":false},"excerpt":{"rendered":"<p>Evoluci\u00f3n de la deuda p\u00fablica consolidada de Rep\u00fablica Dominicana, a mayo de 2022 De acuerdo con los datos de la Direcci\u00f3n General de Cr\u00e9dito P\u00fablico y el Banco Central de la Rep\u00fablica Dominicana (BCRD), en mayo de 2022 la deuda p\u00fablica consolidada de Rep\u00fablica Dominicana (incluyendo deuda intergubernamental) ascendi\u00f3 a US$67,632.8 millones, de los cuales,&#8230;<\/p>\n<div class=\"pvc_clear\"><\/div>\n<p class=\"pvc_stats all \" data-element-id=\"23482\" style=\"\"><i class=\"pvc-stats-icon medium\" aria-hidden=\"true\"><svg aria-hidden=\"true\" focusable=\"false\" data-prefix=\"far\" data-icon=\"chart-bar\" role=\"img\" xmlns=\"http:\/\/www.w3.org\/2000\/svg\" viewBox=\"0 0 512 512\" class=\"svg-inline--fa fa-chart-bar fa-w-16 fa-2x\"><path fill=\"currentColor\" d=\"M396.8 352h22.4c6.4 0 12.8-6.4 12.8-12.8V108.8c0-6.4-6.4-12.8-12.8-12.8h-22.4c-6.4 0-12.8 6.4-12.8 12.8v230.4c0 6.4 6.4 12.8 12.8 12.8zm-192 0h22.4c6.4 0 12.8-6.4 12.8-12.8V140.8c0-6.4-6.4-12.8-12.8-12.8h-22.4c-6.4 0-12.8 6.4-12.8 12.8v198.4c0 6.4 6.4 12.8 12.8 12.8zm96 0h22.4c6.4 0 12.8-6.4 12.8-12.8V204.8c0-6.4-6.4-12.8-12.8-12.8h-22.4c-6.4 0-12.8 6.4-12.8 12.8v134.4c0 6.4 6.4 12.8 12.8 12.8zM496 400H48V80c0-8.84-7.16-16-16-16H16C7.16 64 0 71.16 0 80v336c0 17.67 14.33 32 32 32h464c8.84 0 16-7.16 16-16v-16c0-8.84-7.16-16-16-16zm-387.2-48h22.4c6.4 0 12.8-6.4 12.8-12.8v-70.4c0-6.4-6.4-12.8-12.8-12.8h-22.4c-6.4 0-12.8 6.4-12.8 12.8v70.4c0 6.4 6.4 12.8 12.8 12.8z\" class=\"\"><\/path><\/svg><\/i> Vistas Totales&nbsp;1,490&nbsp;, Vistas Hoy&nbsp;2&nbsp;<\/p>\n<div class=\"pvc_clear\"><\/div>\n","protected":false},"author":2,"featured_media":23483,"comment_status":"closed","ping_status":"closed","sticky":false,"template":"","format":"standard","meta":{"footnotes":""},"categories":[21],"tags":[],"class_list":["post-23482","post","type-post","status-publish","format-standard","has-post-thumbnail","hentry","category-blog"],"yoast_head":"<!-- This site is optimized with the Yoast SEO plugin v25.2 - https:\/\/yoast.com\/wordpress\/plugins\/seo\/ -->\n<title>Evoluci\u00f3n de la deuda p\u00fablica consolidada de Rep\u00fablica Dominicana a mayo de 2022 | CREES<\/title>\n<meta name=\"robots\" content=\"index, follow, max-snippet:-1, max-image-preview:large, max-video-preview:-1\" \/>\n<link rel=\"canonical\" href=\"https:\/\/crees.org.do\/?p=23482\" \/>\n<meta property=\"og:locale\" content=\"es_ES\" \/>\n<meta property=\"og:type\" content=\"article\" \/>\n<meta property=\"og:title\" content=\"Evoluci\u00f3n de la deuda p\u00fablica consolidada de Rep\u00fablica Dominicana a mayo de 2022 | CREES\" \/>\n<meta property=\"og:description\" content=\"Evoluci\u00f3n de la deuda p\u00fablica consolidada de Rep\u00fablica Dominicana, a mayo de 2022 De acuerdo con los datos de la Direcci\u00f3n General de Cr\u00e9dito P\u00fablico y el Banco Central de la Rep\u00fablica Dominicana (BCRD), en mayo de 2022 la deuda p\u00fablica consolidada de Rep\u00fablica Dominicana (incluyendo deuda intergubernamental) ascendi\u00f3 a US$67,632.8 millones, de los cuales,...\" \/>\n<meta property=\"og:url\" content=\"https:\/\/crees.org.do\/?p=23482\" \/>\n<meta property=\"og:site_name\" content=\"CREES\" \/>\n<meta property=\"article:publisher\" content=\"https:\/\/www.facebook.com\/CREESRD\/\" \/>\n<meta property=\"article:published_time\" content=\"2022-06-22T16:49:24+00:00\" \/>\n<meta property=\"article:modified_time\" content=\"2022-06-27T13:12:25+00:00\" \/>\n<meta property=\"og:image\" content=\"https:\/\/crees.org.do\/wp-content\/uploads\/2022\/06\/Slide-1-copy-1-15.png\" \/>\n\t<meta property=\"og:image:width\" content=\"1080\" \/>\n\t<meta property=\"og:image:height\" content=\"1080\" \/>\n\t<meta property=\"og:image:type\" content=\"image\/png\" \/>\n<meta name=\"author\" content=\"Crees\" \/>\n<meta name=\"twitter:card\" content=\"summary_large_image\" \/>\n<meta name=\"twitter:creator\" content=\"@CREESRD\" \/>\n<meta name=\"twitter:site\" content=\"@CREESRD\" \/>\n<meta name=\"twitter:label1\" content=\"Escrito por\" \/>\n\t<meta name=\"twitter:data1\" content=\"Crees\" \/>\n\t<meta name=\"twitter:label2\" content=\"Tiempo de lectura\" \/>\n\t<meta name=\"twitter:data2\" content=\"2 minutos\" \/>\n<script type=\"application\/ld+json\" class=\"yoast-schema-graph\">{\"@context\":\"https:\/\/schema.org\",\"@graph\":[{\"@type\":\"Article\",\"@id\":\"https:\/\/crees.org.do\/?p=23482#article\",\"isPartOf\":{\"@id\":\"https:\/\/crees.org.do\/?p=23482\"},\"author\":{\"name\":\"Crees\",\"@id\":\"https:\/\/crees.org.do\/#\/schema\/person\/e7f97cd94d7bf9cd0e0ce30acb7d56b8\"},\"headline\":\"Evoluci\u00f3n de la deuda p\u00fablica consolidada de Rep\u00fablica Dominicana a mayo de 2022\",\"datePublished\":\"2022-06-22T16:49:24+00:00\",\"dateModified\":\"2022-06-27T13:12:25+00:00\",\"mainEntityOfPage\":{\"@id\":\"https:\/\/crees.org.do\/?p=23482\"},\"wordCount\":333,\"publisher\":{\"@id\":\"https:\/\/crees.org.do\/#organization\"},\"image\":{\"@id\":\"https:\/\/crees.org.do\/?p=23482#primaryimage\"},\"thumbnailUrl\":\"https:\/\/crees.org.do\/wp-content\/uploads\/2022\/06\/Slide-1-copy-1-15.png\",\"articleSection\":[\"Blog\"],\"inLanguage\":\"es\"},{\"@type\":\"WebPage\",\"@id\":\"https:\/\/crees.org.do\/?p=23482\",\"url\":\"https:\/\/crees.org.do\/?p=23482\",\"name\":\"Evoluci\u00f3n de la deuda p\u00fablica consolidada de Rep\u00fablica Dominicana a mayo de 2022 | CREES\",\"isPartOf\":{\"@id\":\"https:\/\/crees.org.do\/#website\"},\"primaryImageOfPage\":{\"@id\":\"https:\/\/crees.org.do\/?p=23482#primaryimage\"},\"image\":{\"@id\":\"https:\/\/crees.org.do\/?p=23482#primaryimage\"},\"thumbnailUrl\":\"https:\/\/crees.org.do\/wp-content\/uploads\/2022\/06\/Slide-1-copy-1-15.png\",\"datePublished\":\"2022-06-22T16:49:24+00:00\",\"dateModified\":\"2022-06-27T13:12:25+00:00\",\"breadcrumb\":{\"@id\":\"https:\/\/crees.org.do\/?p=23482#breadcrumb\"},\"inLanguage\":\"es\",\"potentialAction\":[{\"@type\":\"ReadAction\",\"target\":[\"https:\/\/crees.org.do\/?p=23482\"]}]},{\"@type\":\"ImageObject\",\"inLanguage\":\"es\",\"@id\":\"https:\/\/crees.org.do\/?p=23482#primaryimage\",\"url\":\"https:\/\/crees.org.do\/wp-content\/uploads\/2022\/06\/Slide-1-copy-1-15.png\",\"contentUrl\":\"https:\/\/crees.org.do\/wp-content\/uploads\/2022\/06\/Slide-1-copy-1-15.png\",\"width\":1080,\"height\":1080},{\"@type\":\"BreadcrumbList\",\"@id\":\"https:\/\/crees.org.do\/?p=23482#breadcrumb\",\"itemListElement\":[{\"@type\":\"ListItem\",\"position\":1,\"name\":\"Portada\",\"item\":\"https:\/\/crees.org.do\/\"},{\"@type\":\"ListItem\",\"position\":2,\"name\":\"Evoluci\u00f3n de la deuda p\u00fablica consolidada de Rep\u00fablica Dominicana a mayo de 2022\"}]},{\"@type\":\"WebSite\",\"@id\":\"https:\/\/crees.org.do\/#website\",\"url\":\"https:\/\/crees.org.do\/\",\"name\":\"CREES\",\"description\":\"Centro Regional de Estrategias Econ\u00f3micas Sostenibles\",\"publisher\":{\"@id\":\"https:\/\/crees.org.do\/#organization\"},\"potentialAction\":[{\"@type\":\"SearchAction\",\"target\":{\"@type\":\"EntryPoint\",\"urlTemplate\":\"https:\/\/crees.org.do\/?s={search_term_string}\"},\"query-input\":{\"@type\":\"PropertyValueSpecification\",\"valueRequired\":true,\"valueName\":\"search_term_string\"}}],\"inLanguage\":\"es\"},{\"@type\":\"Organization\",\"@id\":\"https:\/\/crees.org.do\/#organization\",\"name\":\"CREES | Centro Regional de Estrategias Econ\u00f3micas Sostenibles\",\"url\":\"https:\/\/crees.org.do\/\",\"logo\":{\"@type\":\"ImageObject\",\"inLanguage\":\"es\",\"@id\":\"https:\/\/crees.org.do\/#\/schema\/logo\/image\/\",\"url\":\"https:\/\/crees.org.do\/wp-content\/uploads\/2022\/03\/crees-logo-1.jpg\",\"contentUrl\":\"https:\/\/crees.org.do\/wp-content\/uploads\/2022\/03\/crees-logo-1.jpg\",\"width\":244,\"height\":71,\"caption\":\"CREES | Centro Regional de Estrategias Econ\u00f3micas Sostenibles\"},\"image\":{\"@id\":\"https:\/\/crees.org.do\/#\/schema\/logo\/image\/\"},\"sameAs\":[\"https:\/\/www.facebook.com\/CREESRD\/\",\"https:\/\/x.com\/CREESRD\"]},{\"@type\":\"Person\",\"@id\":\"https:\/\/crees.org.do\/#\/schema\/person\/e7f97cd94d7bf9cd0e0ce30acb7d56b8\",\"name\":\"Crees\",\"image\":{\"@type\":\"ImageObject\",\"inLanguage\":\"es\",\"@id\":\"https:\/\/crees.org.do\/#\/schema\/person\/image\/\",\"url\":\"https:\/\/secure.gravatar.com\/avatar\/390ac8f0be5d9aa046152553e2dd7011b59a512d89c150f5e5f28bb8d9a0b165?s=96&d=mm&r=g\",\"contentUrl\":\"https:\/\/secure.gravatar.com\/avatar\/390ac8f0be5d9aa046152553e2dd7011b59a512d89c150f5e5f28bb8d9a0b165?s=96&d=mm&r=g\",\"caption\":\"Crees\"},\"url\":\"https:\/\/crees.org.do\/?author=2\"}]}<\/script>\n<!-- \/ Yoast SEO plugin. -->","yoast_head_json":{"title":"Evoluci\u00f3n de la deuda p\u00fablica consolidada de Rep\u00fablica Dominicana a mayo de 2022 | CREES","robots":{"index":"index","follow":"follow","max-snippet":"max-snippet:-1","max-image-preview":"max-image-preview:large","max-video-preview":"max-video-preview:-1"},"canonical":"https:\/\/crees.org.do\/?p=23482","og_locale":"es_ES","og_type":"article","og_title":"Evoluci\u00f3n de la deuda p\u00fablica consolidada de Rep\u00fablica Dominicana a mayo de 2022 | CREES","og_description":"Evoluci\u00f3n de la deuda p\u00fablica consolidada de Rep\u00fablica Dominicana, a mayo de 2022 De acuerdo con los datos de la Direcci\u00f3n General de Cr\u00e9dito P\u00fablico y el Banco Central de la Rep\u00fablica Dominicana (BCRD), en mayo de 2022 la deuda p\u00fablica consolidada de Rep\u00fablica Dominicana (incluyendo deuda intergubernamental) ascendi\u00f3 a US$67,632.8 millones, de los cuales,...","og_url":"https:\/\/crees.org.do\/?p=23482","og_site_name":"CREES","article_publisher":"https:\/\/www.facebook.com\/CREESRD\/","article_published_time":"2022-06-22T16:49:24+00:00","article_modified_time":"2022-06-27T13:12:25+00:00","og_image":[{"width":1080,"height":1080,"url":"https:\/\/crees.org.do\/wp-content\/uploads\/2022\/06\/Slide-1-copy-1-15.png","type":"image\/png"}],"author":"Crees","twitter_card":"summary_large_image","twitter_creator":"@CREESRD","twitter_site":"@CREESRD","twitter_misc":{"Escrito por":"Crees","Tiempo de lectura":"2 minutos"},"schema":{"@context":"https:\/\/schema.org","@graph":[{"@type":"Article","@id":"https:\/\/crees.org.do\/?p=23482#article","isPartOf":{"@id":"https:\/\/crees.org.do\/?p=23482"},"author":{"name":"Crees","@id":"https:\/\/crees.org.do\/#\/schema\/person\/e7f97cd94d7bf9cd0e0ce30acb7d56b8"},"headline":"Evoluci\u00f3n de la deuda p\u00fablica consolidada de Rep\u00fablica Dominicana a mayo de 2022","datePublished":"2022-06-22T16:49:24+00:00","dateModified":"2022-06-27T13:12:25+00:00","mainEntityOfPage":{"@id":"https:\/\/crees.org.do\/?p=23482"},"wordCount":333,"publisher":{"@id":"https:\/\/crees.org.do\/#organization"},"image":{"@id":"https:\/\/crees.org.do\/?p=23482#primaryimage"},"thumbnailUrl":"https:\/\/crees.org.do\/wp-content\/uploads\/2022\/06\/Slide-1-copy-1-15.png","articleSection":["Blog"],"inLanguage":"es"},{"@type":"WebPage","@id":"https:\/\/crees.org.do\/?p=23482","url":"https:\/\/crees.org.do\/?p=23482","name":"Evoluci\u00f3n de la deuda p\u00fablica consolidada de Rep\u00fablica Dominicana a mayo de 2022 | CREES","isPartOf":{"@id":"https:\/\/crees.org.do\/#website"},"primaryImageOfPage":{"@id":"https:\/\/crees.org.do\/?p=23482#primaryimage"},"image":{"@id":"https:\/\/crees.org.do\/?p=23482#primaryimage"},"thumbnailUrl":"https:\/\/crees.org.do\/wp-content\/uploads\/2022\/06\/Slide-1-copy-1-15.png","datePublished":"2022-06-22T16:49:24+00:00","dateModified":"2022-06-27T13:12:25+00:00","breadcrumb":{"@id":"https:\/\/crees.org.do\/?p=23482#breadcrumb"},"inLanguage":"es","potentialAction":[{"@type":"ReadAction","target":["https:\/\/crees.org.do\/?p=23482"]}]},{"@type":"ImageObject","inLanguage":"es","@id":"https:\/\/crees.org.do\/?p=23482#primaryimage","url":"https:\/\/crees.org.do\/wp-content\/uploads\/2022\/06\/Slide-1-copy-1-15.png","contentUrl":"https:\/\/crees.org.do\/wp-content\/uploads\/2022\/06\/Slide-1-copy-1-15.png","width":1080,"height":1080},{"@type":"BreadcrumbList","@id":"https:\/\/crees.org.do\/?p=23482#breadcrumb","itemListElement":[{"@type":"ListItem","position":1,"name":"Portada","item":"https:\/\/crees.org.do\/"},{"@type":"ListItem","position":2,"name":"Evoluci\u00f3n de la deuda p\u00fablica consolidada de Rep\u00fablica Dominicana a mayo de 2022"}]},{"@type":"WebSite","@id":"https:\/\/crees.org.do\/#website","url":"https:\/\/crees.org.do\/","name":"CREES","description":"Centro Regional de Estrategias Econ\u00f3micas Sostenibles","publisher":{"@id":"https:\/\/crees.org.do\/#organization"},"potentialAction":[{"@type":"SearchAction","target":{"@type":"EntryPoint","urlTemplate":"https:\/\/crees.org.do\/?s={search_term_string}"},"query-input":{"@type":"PropertyValueSpecification","valueRequired":true,"valueName":"search_term_string"}}],"inLanguage":"es"},{"@type":"Organization","@id":"https:\/\/crees.org.do\/#organization","name":"CREES | Centro Regional de Estrategias Econ\u00f3micas Sostenibles","url":"https:\/\/crees.org.do\/","logo":{"@type":"ImageObject","inLanguage":"es","@id":"https:\/\/crees.org.do\/#\/schema\/logo\/image\/","url":"https:\/\/crees.org.do\/wp-content\/uploads\/2022\/03\/crees-logo-1.jpg","contentUrl":"https:\/\/crees.org.do\/wp-content\/uploads\/2022\/03\/crees-logo-1.jpg","width":244,"height":71,"caption":"CREES | Centro Regional de Estrategias Econ\u00f3micas Sostenibles"},"image":{"@id":"https:\/\/crees.org.do\/#\/schema\/logo\/image\/"},"sameAs":["https:\/\/www.facebook.com\/CREESRD\/","https:\/\/x.com\/CREESRD"]},{"@type":"Person","@id":"https:\/\/crees.org.do\/#\/schema\/person\/e7f97cd94d7bf9cd0e0ce30acb7d56b8","name":"Crees","image":{"@type":"ImageObject","inLanguage":"es","@id":"https:\/\/crees.org.do\/#\/schema\/person\/image\/","url":"https:\/\/secure.gravatar.com\/avatar\/390ac8f0be5d9aa046152553e2dd7011b59a512d89c150f5e5f28bb8d9a0b165?s=96&d=mm&r=g","contentUrl":"https:\/\/secure.gravatar.com\/avatar\/390ac8f0be5d9aa046152553e2dd7011b59a512d89c150f5e5f28bb8d9a0b165?s=96&d=mm&r=g","caption":"Crees"},"url":"https:\/\/crees.org.do\/?author=2"}]}},"_links":{"self":[{"href":"https:\/\/crees.org.do\/index.php?rest_route=\/wp\/v2\/posts\/23482","targetHints":{"allow":["GET"]}}],"collection":[{"href":"https:\/\/crees.org.do\/index.php?rest_route=\/wp\/v2\/posts"}],"about":[{"href":"https:\/\/crees.org.do\/index.php?rest_route=\/wp\/v2\/types\/post"}],"author":[{"embeddable":true,"href":"https:\/\/crees.org.do\/index.php?rest_route=\/wp\/v2\/users\/2"}],"replies":[{"embeddable":true,"href":"https:\/\/crees.org.do\/index.php?rest_route=%2Fwp%2Fv2%2Fcomments&post=23482"}],"version-history":[{"count":2,"href":"https:\/\/crees.org.do\/index.php?rest_route=\/wp\/v2\/posts\/23482\/revisions"}],"predecessor-version":[{"id":23485,"href":"https:\/\/crees.org.do\/index.php?rest_route=\/wp\/v2\/posts\/23482\/revisions\/23485"}],"wp:featuredmedia":[{"embeddable":true,"href":"https:\/\/crees.org.do\/index.php?rest_route=\/wp\/v2\/media\/23483"}],"wp:attachment":[{"href":"https:\/\/crees.org.do\/index.php?rest_route=%2Fwp%2Fv2%2Fmedia&parent=23482"}],"wp:term":[{"taxonomy":"category","embeddable":true,"href":"https:\/\/crees.org.do\/index.php?rest_route=%2Fwp%2Fv2%2Fcategories&post=23482"},{"taxonomy":"post_tag","embeddable":true,"href":"https:\/\/crees.org.do\/index.php?rest_route=%2Fwp%2Fv2%2Ftags&post=23482"}],"curies":[{"name":"wp","href":"https:\/\/api.w.org\/{rel}","templated":true}]}}